{"id":214535,"date":"2018-12-21T18:17:01","date_gmt":"2018-12-21T17:17:01","guid":{"rendered":"https:\/\/sandzakpress.net\/arhiva\/?p=214535"},"modified":"2018-12-21T18:17:01","modified_gmt":"2018-12-21T17:17:01","slug":"novopazarski-privrednici-na-zemljistu-koje-su-kupili-od-grada-ne-mogu-graditi-objekte","status":"publish","type":"post","link":"https:\/\/sandzakpress.net\/arhiva\/novopazarski-privrednici-na-zemljistu-koje-su-kupili-od-grada-ne-mogu-graditi-objekte\/","title":{"rendered":"Novopazarski privrednici na zemlji\u0161tu koje su kupili od Grada ne mogu graditi objekte"},"content":{"rendered":"<p><img decoding=\"async\" src=\"http:\/\/sanapress.info\/wp-content\/uploads\/2018\/12\/sead.jpg\" \/><\/p>\n<p><strong>Na poslednjem skup\u0161tinskom zasijedanju diskutiraju\u0107i o rebalansu bud\u017eeta 2018. godine odbornici Stranke pravde i pomirenja su na poziv privrednika da im se pomogne obavijestili nadle\u017ene organe na problem zemlji\u0161ta kod tekstilog kombinata Ra\u0161ka u ulici Save Kova\u010devi\u0107a<\/strong><\/p>\n<p>Odbornik SPP-a Sead Red\u017eovi\u0107 podsjetio javnost da je taj dio zemlji\u0161ta, odnosno oko 44 parcele 2012. godine poklonjen od strane TK Ra\u0161ka gradu Novom Pazaru, te da je grad te parcele prodao privrednicima a da im nije re\u010deno da tim dijelom prolazi glavni dovod elektri\u010dne struje za Industrijsku zonu.<\/p>\n<div class=\"youtube-embed\" data-video_id=\"RnCOpkzhC38\"><iframe loading=\"lazy\" title=\"Novopazarski privrednici na zemlji\u0161tu koje su kupili od Grada ne mogu graditi objekte\" width=\"696\" height=\"522\" src=\"https:\/\/www.youtube.com\/embed\/RnCOpkzhC38?feature=oembed&#038;enablejsapi=1\" frameborder=\"0\" allow=\"accelerometer; autoplay; encrypted-media; gyroscope; picture-in-picture\" allowfullscreen><\/iframe><\/div>\n<p>\u201cNajmanje \u0161to smo mogli o\u010dekivati jeste da dio novca koji je prihodovan od te prodaje bude ulo\u017een u rje\u0161avanje infrastrukturnih problema u Industrijskoj zoni, dakle izgradnja kolektora, izgradnja komunalne infrastrukture i kao \u0161to maloprije rekoh izme\u0161tanje postoje\u0107e infrastrukture u tom dijelu odnosno glavnog dovoda elektri\u010dne struje prema Indrustrijskoj zoni. Privrednici su se obratili nama, zatra\u017eili pomo\u0107 da aktueliziramo ovo pitanje, da predo\u010dimo javnosti i nadle\u017enim organima da im iza\u0111u u susret. Ne razumijemo zaista politiku grada i Gradske uprave ni one tada\u0161nje, ni ove dana\u0161nje da je zaboravila jedan ogromni problem s kojim se susre\u0107u privrednici u Novom Pazaru, kojima ste na taj na\u010din, dakle prodajom zemlji\u0161ta zarobili novac koji su tada morali dati, pogotovo oni koji imaju svoje objekte u tom dijelu Industrijske zone, zarobili ste im negdje od 50 do 100 hiljada eura po jednom vlasniku a da im niste pomogli da se ta postoje\u0107a infrastruktura izmjesti kako bi oni mogli ulo\u017eiti jo\u0161 novca, finansirati odnosno inkasirati u gradsku kasu za gra\u0111evinske dozvole, za komunalije itd., i na taj na\u010din pove\u0107ati prihode gradske kase.\u201d istakao Red\u017eovi\u0107.<\/p>\n<p>Vlast kao argumenat odbrane navodi \u010dinjenicu da je obaveza Elektrodistribucije da izmjesti kablove.<\/p>\n<p>\u201cDakle radi se o visokonaponskom energetskom kablu koje je u vlasni\u0161tvu Republike Srbije odnosno Elektroprivrede i mi znamo da to kablo postoji tu i da zbog toga ljudi ne mogu da grade, ali smo smatrali i dalje smo tog mi\u0161ljenja da neko ko prodaje ovom gradu struju kroz to isto kablo treba da izvr\u0161i izmje\u0161tanje tog kabla, dakle Elektroprivreda a ne mi.\u201d kazao Jusufovi\u0107.<\/p>\n<p>Odbornik Red\u017eovi\u0107 prokomentarisao da zbog lo\u0161e kumunikacije Gradske uprave sa Elektrodistribucijom kao i vatrogasnom slu\u017ebom najvi\u0161e ispa\u0161taju gra\u0111ani.<\/p>\n<p>Privrednici nagla\u0161avaju da nisu kupili zemljiste kod Elektrodistribucije i zale se da im nije ma vrijeme receno da u tom dijelu postoji strujni podzemni vodovi.<\/p>\n<p><em>SANA \u2013 Adaleta Sejdovi\u0107-Hamzi\u0107<\/em><\/p>\n","protected":false},"excerpt":{"rendered":"<p>Na poslednjem skup\u0161tinskom zasijedanju diskutiraju\u0107i o rebalansu bud\u017eeta 2018. godine odbornici Stranke pravde i pomirenja su na poziv privrednika da im se pomogne obavijestili nadle\u017ene organe na problem zemlji\u0161ta kod tekstilog kombinata Ra\u0161ka u ulici Save Kova\u010devi\u0107a Odbornik SPP-a Sead Red\u017eovi\u0107 podsjetio javnost da je taj dio zemlji\u0161ta, odnosno oko 44 parcele 2012. godine poklonjen [&hellip;]<\/p>\n","protected":false},"author":509,"featured_media":214539,"comment_status":"open","ping_status":"open","sticky":false,"template":"","format":"standard","meta":{"footnotes":""},"categories":[72,1,8957],"tags":[],"class_list":{"0":"post-214535","1":"post","2":"type-post","3":"status-publish","4":"format-standard","5":"has-post-thumbnail","7":"category-novi-pazar","8":"category-politika","9":"category-vijesti-dana"},"yoast_head":"<!-- This site is optimized with the Yoast SEO Premium plugin v23.1 (Yoast SEO v24.9) - https:\/\/yoast.com\/wordpress\/plugins\/seo\/ -->\n<title>Novopazarski privrednici na zemlji\u0161tu koje su kupili od Grada ne mogu graditi objekte<\/title>\n<meta name=\"robots\" content=\"index, follow, max-snippet:-1, max-image-preview:large, max-video-preview:-1\" \/>\n<link rel=\"canonical\" href=\"https:\/\/sandzakpress.net\/arhiva\/novopazarski-privrednici-na-zemljistu-koje-su-kupili-od-grada-ne-mogu-graditi-objekte\/\" \/>\n<meta property=\"og:locale\" content=\"bs_BA\" \/>\n<meta property=\"og:type\" content=\"article\" \/>\n<meta property=\"og:title\" content=\"Novopazarski privrednici na zemlji\u0161tu koje su kupili od Grada ne mogu graditi objekte\" \/>\n<meta property=\"og:description\" content=\"Na poslednjem skup\u0161tinskom zasijedanju diskutiraju\u0107i o rebalansu bud\u017eeta 2018. godine odbornici Stranke pravde i pomirenja su na poziv privrednika da im se pomogne obavijestili nadle\u017ene organe na problem zemlji\u0161ta kod tekstilog kombinata Ra\u0161ka u ulici Save Kova\u010devi\u0107a Odbornik SPP-a Sead Red\u017eovi\u0107 podsjetio javnost da je taj dio zemlji\u0161ta, odnosno oko 44 parcele 2012. godine poklonjen [&hellip;]\" \/>\n<meta property=\"og:url\" content=\"https:\/\/sandzakpress.net\/arhiva\/novopazarski-privrednici-na-zemljistu-koje-su-kupili-od-grada-ne-mogu-graditi-objekte\/\" \/>\n<meta property=\"og:site_name\" content=\"Sand\u017eak PRESS\" \/>\n<meta property=\"article:published_time\" content=\"2018-12-21T17:17:01+00:00\" \/>\n<meta property=\"og:image\" content=\"https:\/\/sandzakpress.net\/arhiva\/wp-content\/uploads\/2018\/12\/sead.jpg\" \/>\n\t<meta property=\"og:image:width\" content=\"1280\" \/>\n\t<meta property=\"og:image:height\" content=\"852\" \/>\n\t<meta property=\"og:image:type\" content=\"image\/jpeg\" \/>\n<meta name=\"author\" content=\"Agencija\" \/>\n<meta name=\"twitter:card\" content=\"summary_large_image\" \/>\n<meta name=\"twitter:label1\" content=\"Written by\" \/>\n\t<meta name=\"twitter:data1\" content=\"Agencija\" \/>\n\t<meta name=\"twitter:label2\" content=\"Est. reading time\" \/>\n\t<meta name=\"twitter:data2\" content=\"2 minute\" \/>\n<script type=\"application\/ld+json\" class=\"yoast-schema-graph\">{\"@context\":\"https:\/\/schema.org\",\"@graph\":[{\"@type\":\"Article\",\"@id\":\"https:\/\/sandzakpress.net\/arhiva\/novopazarski-privrednici-na-zemljistu-koje-su-kupili-od-grada-ne-mogu-graditi-objekte\/#article\",\"isPartOf\":{\"@id\":\"https:\/\/sandzakpress.net\/arhiva\/novopazarski-privrednici-na-zemljistu-koje-su-kupili-od-grada-ne-mogu-graditi-objekte\/\"},\"author\":{\"name\":\"Agencija\",\"@id\":\"https:\/\/sandzakpress.net\/arhiva\/#\/schema\/person\/cb59d7e3ab91ab90dd680ad0305a6185\"},\"headline\":\"Novopazarski privrednici na zemlji\u0161tu koje su kupili od Grada ne mogu graditi objekte\",\"datePublished\":\"2018-12-21T17:17:01+00:00\",\"mainEntityOfPage\":{\"@id\":\"https:\/\/sandzakpress.net\/arhiva\/novopazarski-privrednici-na-zemljistu-koje-su-kupili-od-grada-ne-mogu-graditi-objekte\/\"},\"wordCount\":453,\"commentCount\":1,\"publisher\":{\"@id\":\"https:\/\/sandzakpress.net\/arhiva\/#\/schema\/person\/6e72b67d6e51910a1117b3b483ba20bd\"},\"image\":{\"@id\":\"https:\/\/sandzakpress.net\/arhiva\/novopazarski-privrednici-na-zemljistu-koje-su-kupili-od-grada-ne-mogu-graditi-objekte\/#primaryimage\"},\"thumbnailUrl\":\"https:\/\/sandzakpress.net\/arhiva\/wp-content\/uploads\/2018\/12\/sead.jpg\",\"articleSection\":[\"Novi Pazar\",\"Politika\",\"VIJESTI DANA\"],\"inLanguage\":\"bs-BA\",\"potentialAction\":[{\"@type\":\"CommentAction\",\"name\":\"Comment\",\"target\":[\"https:\/\/sandzakpress.net\/arhiva\/novopazarski-privrednici-na-zemljistu-koje-su-kupili-od-grada-ne-mogu-graditi-objekte\/#respond\"]}]},{\"@type\":\"WebPage\",\"@id\":\"https:\/\/sandzakpress.net\/arhiva\/novopazarski-privrednici-na-zemljistu-koje-su-kupili-od-grada-ne-mogu-graditi-objekte\/\",\"url\":\"https:\/\/sandzakpress.net\/arhiva\/novopazarski-privrednici-na-zemljistu-koje-su-kupili-od-grada-ne-mogu-graditi-objekte\/\",\"name\":\"Novopazarski privrednici na zemlji\u0161tu koje su kupili od Grada ne mogu graditi objekte\",\"isPartOf\":{\"@id\":\"https:\/\/sandzakpress.net\/arhiva\/#website\"},\"primaryImageOfPage\":{\"@id\":\"https:\/\/sandzakpress.net\/arhiva\/novopazarski-privrednici-na-zemljistu-koje-su-kupili-od-grada-ne-mogu-graditi-objekte\/#primaryimage\"},\"image\":{\"@id\":\"https:\/\/sandzakpress.net\/arhiva\/novopazarski-privrednici-na-zemljistu-koje-su-kupili-od-grada-ne-mogu-graditi-objekte\/#primaryimage\"},\"thumbnailUrl\":\"https:\/\/sandzakpress.net\/arhiva\/wp-content\/uploads\/2018\/12\/sead.jpg\",\"datePublished\":\"2018-12-21T17:17:01+00:00\",\"breadcrumb\":{\"@id\":\"https:\/\/sandzakpress.net\/arhiva\/novopazarski-privrednici-na-zemljistu-koje-su-kupili-od-grada-ne-mogu-graditi-objekte\/#breadcrumb\"},\"inLanguage\":\"bs-BA\",\"potentialAction\":[{\"@type\":\"ReadAction\",\"target\":[\"https:\/\/sandzakpress.net\/arhiva\/novopazarski-privrednici-na-zemljistu-koje-su-kupili-od-grada-ne-mogu-graditi-objekte\/\"]}]},{\"@type\":\"ImageObject\",\"inLanguage\":\"bs-BA\",\"@id\":\"https:\/\/sandzakpress.net\/arhiva\/novopazarski-privrednici-na-zemljistu-koje-su-kupili-od-grada-ne-mogu-graditi-objekte\/#primaryimage\",\"url\":\"https:\/\/sandzakpress.net\/arhiva\/wp-content\/uploads\/2018\/12\/sead.jpg\",\"contentUrl\":\"https:\/\/sandzakpress.net\/arhiva\/wp-content\/uploads\/2018\/12\/sead.jpg\",\"width\":1280,\"height\":852},{\"@type\":\"BreadcrumbList\",\"@id\":\"https:\/\/sandzakpress.net\/arhiva\/novopazarski-privrednici-na-zemljistu-koje-su-kupili-od-grada-ne-mogu-graditi-objekte\/#breadcrumb\",\"itemListElement\":[{\"@type\":\"ListItem\",\"position\":1,\"name\":\"Home\",\"item\":\"https:\/\/sandzakpress.net\/arhiva\/\"},{\"@type\":\"ListItem\",\"position\":2,\"name\":\"Novopazarski privrednici na zemlji\u0161tu koje su kupili od Grada ne mogu graditi objekte\"}]},{\"@type\":\"WebSite\",\"@id\":\"https:\/\/sandzakpress.net\/arhiva\/#website\",\"url\":\"https:\/\/sandzakpress.net\/arhiva\/\",\"name\":\"Sand\u017eak PRESS\",\"description\":\"Prve elektronske novine u Sand\u017eaku\",\"publisher\":{\"@id\":\"https:\/\/sandzakpress.net\/arhiva\/#\/schema\/person\/6e72b67d6e51910a1117b3b483ba20bd\"},\"potentialAction\":[{\"@type\":\"SearchAction\",\"target\":{\"@type\":\"EntryPoint\",\"urlTemplate\":\"https:\/\/sandzakpress.net\/arhiva\/?s={search_term_string}\"},\"query-input\":{\"@type\":\"PropertyValueSpecification\",\"valueRequired\":true,\"valueName\":\"search_term_string\"}}],\"inLanguage\":\"bs-BA\"},{\"@type\":[\"Person\",\"Organization\"],\"@id\":\"https:\/\/sandzakpress.net\/arhiva\/#\/schema\/person\/6e72b67d6e51910a1117b3b483ba20bd\",\"name\":\"Kul\",\"image\":{\"@type\":\"ImageObject\",\"inLanguage\":\"bs-BA\",\"@id\":\"https:\/\/sandzakpress.net\/arhiva\/#\/schema\/person\/image\/\",\"url\":\"https:\/\/secure.gravatar.com\/avatar\/42263f39aa27ac04c43cab85c280eb2e?s=96&d=mm&r=pg\",\"contentUrl\":\"https:\/\/secure.gravatar.com\/avatar\/42263f39aa27ac04c43cab85c280eb2e?s=96&d=mm&r=pg\",\"caption\":\"Kul\"},\"logo\":{\"@id\":\"https:\/\/sandzakpress.net\/arhiva\/#\/schema\/person\/image\/\"}},{\"@type\":\"Person\",\"@id\":\"https:\/\/sandzakpress.net\/arhiva\/#\/schema\/person\/cb59d7e3ab91ab90dd680ad0305a6185\",\"name\":\"Agencija\",\"image\":{\"@type\":\"ImageObject\",\"inLanguage\":\"bs-BA\",\"@id\":\"https:\/\/sandzakpress.net\/arhiva\/#\/schema\/person\/image\/\",\"url\":\"https:\/\/secure.gravatar.com\/avatar\/4b7fafa80a22f0c2afe23966b3961fe0?s=96&d=mm&r=pg\",\"contentUrl\":\"https:\/\/secure.gravatar.com\/avatar\/4b7fafa80a22f0c2afe23966b3961fe0?s=96&d=mm&r=pg\",\"caption\":\"Agencija\"},\"url\":\"https:\/\/sandzakpress.net\/arhiva\/author\/agencija\/\"}]}<\/script>\n<!-- \/ Yoast SEO Premium plugin. -->","yoast_head_json":{"title":"Novopazarski privrednici na zemlji\u0161tu koje su kupili od Grada ne mogu graditi objekte","robots":{"index":"index","follow":"follow","max-snippet":"max-snippet:-1","max-image-preview":"max-image-preview:large","max-video-preview":"max-video-preview:-1"},"canonical":"https:\/\/sandzakpress.net\/arhiva\/novopazarski-privrednici-na-zemljistu-koje-su-kupili-od-grada-ne-mogu-graditi-objekte\/","og_locale":"bs_BA","og_type":"article","og_title":"Novopazarski privrednici na zemlji\u0161tu koje su kupili od Grada ne mogu graditi objekte","og_description":"Na poslednjem skup\u0161tinskom zasijedanju diskutiraju\u0107i o rebalansu bud\u017eeta 2018. godine odbornici Stranke pravde i pomirenja su na poziv privrednika da im se pomogne obavijestili nadle\u017ene organe na problem zemlji\u0161ta kod tekstilog kombinata Ra\u0161ka u ulici Save Kova\u010devi\u0107a Odbornik SPP-a Sead Red\u017eovi\u0107 podsjetio javnost da je taj dio zemlji\u0161ta, odnosno oko 44 parcele 2012. godine poklonjen [&hellip;]","og_url":"https:\/\/sandzakpress.net\/arhiva\/novopazarski-privrednici-na-zemljistu-koje-su-kupili-od-grada-ne-mogu-graditi-objekte\/","og_site_name":"Sand\u017eak PRESS","article_published_time":"2018-12-21T17:17:01+00:00","og_image":[{"width":1280,"height":852,"url":"https:\/\/sandzakpress.net\/arhiva\/wp-content\/uploads\/2018\/12\/sead.jpg","type":"image\/jpeg"}],"author":"Agencija","twitter_card":"summary_large_image","twitter_misc":{"Written by":"Agencija","Est. reading time":"2 minute"},"schema":{"@context":"https:\/\/schema.org","@graph":[{"@type":"Article","@id":"https:\/\/sandzakpress.net\/arhiva\/novopazarski-privrednici-na-zemljistu-koje-su-kupili-od-grada-ne-mogu-graditi-objekte\/#article","isPartOf":{"@id":"https:\/\/sandzakpress.net\/arhiva\/novopazarski-privrednici-na-zemljistu-koje-su-kupili-od-grada-ne-mogu-graditi-objekte\/"},"author":{"name":"Agencija","@id":"https:\/\/sandzakpress.net\/arhiva\/#\/schema\/person\/cb59d7e3ab91ab90dd680ad0305a6185"},"headline":"Novopazarski privrednici na zemlji\u0161tu koje su kupili od Grada ne mogu graditi objekte","datePublished":"2018-12-21T17:17:01+00:00","mainEntityOfPage":{"@id":"https:\/\/sandzakpress.net\/arhiva\/novopazarski-privrednici-na-zemljistu-koje-su-kupili-od-grada-ne-mogu-graditi-objekte\/"},"wordCount":453,"commentCount":1,"publisher":{"@id":"https:\/\/sandzakpress.net\/arhiva\/#\/schema\/person\/6e72b67d6e51910a1117b3b483ba20bd"},"image":{"@id":"https:\/\/sandzakpress.net\/arhiva\/novopazarski-privrednici-na-zemljistu-koje-su-kupili-od-grada-ne-mogu-graditi-objekte\/#primaryimage"},"thumbnailUrl":"https:\/\/sandzakpress.net\/arhiva\/wp-content\/uploads\/2018\/12\/sead.jpg","articleSection":["Novi Pazar","Politika","VIJESTI DANA"],"inLanguage":"bs-BA","potentialAction":[{"@type":"CommentAction","name":"Comment","target":["https:\/\/sandzakpress.net\/arhiva\/novopazarski-privrednici-na-zemljistu-koje-su-kupili-od-grada-ne-mogu-graditi-objekte\/#respond"]}]},{"@type":"WebPage","@id":"https:\/\/sandzakpress.net\/arhiva\/novopazarski-privrednici-na-zemljistu-koje-su-kupili-od-grada-ne-mogu-graditi-objekte\/","url":"https:\/\/sandzakpress.net\/arhiva\/novopazarski-privrednici-na-zemljistu-koje-su-kupili-od-grada-ne-mogu-graditi-objekte\/","name":"Novopazarski privrednici na zemlji\u0161tu koje su kupili od Grada ne mogu graditi objekte","isPartOf":{"@id":"https:\/\/sandzakpress.net\/arhiva\/#website"},"primaryImageOfPage":{"@id":"https:\/\/sandzakpress.net\/arhiva\/novopazarski-privrednici-na-zemljistu-koje-su-kupili-od-grada-ne-mogu-graditi-objekte\/#primaryimage"},"image":{"@id":"https:\/\/sandzakpress.net\/arhiva\/novopazarski-privrednici-na-zemljistu-koje-su-kupili-od-grada-ne-mogu-graditi-objekte\/#primaryimage"},"thumbnailUrl":"https:\/\/sandzakpress.net\/arhiva\/wp-content\/uploads\/2018\/12\/sead.jpg","datePublished":"2018-12-21T17:17:01+00:00","breadcrumb":{"@id":"https:\/\/sandzakpress.net\/arhiva\/novopazarski-privrednici-na-zemljistu-koje-su-kupili-od-grada-ne-mogu-graditi-objekte\/#breadcrumb"},"inLanguage":"bs-BA","potentialAction":[{"@type":"ReadAction","target":["https:\/\/sandzakpress.net\/arhiva\/novopazarski-privrednici-na-zemljistu-koje-su-kupili-od-grada-ne-mogu-graditi-objekte\/"]}]},{"@type":"ImageObject","inLanguage":"bs-BA","@id":"https:\/\/sandzakpress.net\/arhiva\/novopazarski-privrednici-na-zemljistu-koje-su-kupili-od-grada-ne-mogu-graditi-objekte\/#primaryimage","url":"https:\/\/sandzakpress.net\/arhiva\/wp-content\/uploads\/2018\/12\/sead.jpg","contentUrl":"https:\/\/sandzakpress.net\/arhiva\/wp-content\/uploads\/2018\/12\/sead.jpg","width":1280,"height":852},{"@type":"BreadcrumbList","@id":"https:\/\/sandzakpress.net\/arhiva\/novopazarski-privrednici-na-zemljistu-koje-su-kupili-od-grada-ne-mogu-graditi-objekte\/#breadcrumb","itemListElement":[{"@type":"ListItem","position":1,"name":"Home","item":"https:\/\/sandzakpress.net\/arhiva\/"},{"@type":"ListItem","position":2,"name":"Novopazarski privrednici na zemlji\u0161tu koje su kupili od Grada ne mogu graditi objekte"}]},{"@type":"WebSite","@id":"https:\/\/sandzakpress.net\/arhiva\/#website","url":"https:\/\/sandzakpress.net\/arhiva\/","name":"Sand\u017eak PRESS","description":"Prve elektronske novine u Sand\u017eaku","publisher":{"@id":"https:\/\/sandzakpress.net\/arhiva\/#\/schema\/person\/6e72b67d6e51910a1117b3b483ba20bd"},"potentialAction":[{"@type":"SearchAction","target":{"@type":"EntryPoint","urlTemplate":"https:\/\/sandzakpress.net\/arhiva\/?s={search_term_string}"},"query-input":{"@type":"PropertyValueSpecification","valueRequired":true,"valueName":"search_term_string"}}],"inLanguage":"bs-BA"},{"@type":["Person","Organization"],"@id":"https:\/\/sandzakpress.net\/arhiva\/#\/schema\/person\/6e72b67d6e51910a1117b3b483ba20bd","name":"Kul","image":{"@type":"ImageObject","inLanguage":"bs-BA","@id":"https:\/\/sandzakpress.net\/arhiva\/#\/schema\/person\/image\/","url":"https:\/\/secure.gravatar.com\/avatar\/42263f39aa27ac04c43cab85c280eb2e?s=96&d=mm&r=pg","contentUrl":"https:\/\/secure.gravatar.com\/avatar\/42263f39aa27ac04c43cab85c280eb2e?s=96&d=mm&r=pg","caption":"Kul"},"logo":{"@id":"https:\/\/sandzakpress.net\/arhiva\/#\/schema\/person\/image\/"}},{"@type":"Person","@id":"https:\/\/sandzakpress.net\/arhiva\/#\/schema\/person\/cb59d7e3ab91ab90dd680ad0305a6185","name":"Agencija","image":{"@type":"ImageObject","inLanguage":"bs-BA","@id":"https:\/\/sandzakpress.net\/arhiva\/#\/schema\/person\/image\/","url":"https:\/\/secure.gravatar.com\/avatar\/4b7fafa80a22f0c2afe23966b3961fe0?s=96&d=mm&r=pg","contentUrl":"https:\/\/secure.gravatar.com\/avatar\/4b7fafa80a22f0c2afe23966b3961fe0?s=96&d=mm&r=pg","caption":"Agencija"},"url":"https:\/\/sandzakpress.net\/arhiva\/author\/agencija\/"}]}},"_links":{"self":[{"href":"https:\/\/sandzakpress.net\/arhiva\/wp-json\/wp\/v2\/posts\/214535"}],"collection":[{"href":"https:\/\/sandzakpress.net\/arhiva\/wp-json\/wp\/v2\/posts"}],"about":[{"href":"https:\/\/sandzakpress.net\/arhiva\/wp-json\/wp\/v2\/types\/post"}],"author":[{"embeddable":true,"href":"https:\/\/sandzakpress.net\/arhiva\/wp-json\/wp\/v2\/users\/509"}],"replies":[{"embeddable":true,"href":"https:\/\/sandzakpress.net\/arhiva\/wp-json\/wp\/v2\/comments?post=214535"}],"version-history":[{"count":0,"href":"https:\/\/sandzakpress.net\/arhiva\/wp-json\/wp\/v2\/posts\/214535\/revisions"}],"wp:featuredmedia":[{"embeddable":true,"href":"https:\/\/sandzakpress.net\/arhiva\/wp-json\/wp\/v2\/media\/214539"}],"wp:attachment":[{"href":"https:\/\/sandzakpress.net\/arhiva\/wp-json\/wp\/v2\/media?parent=214535"}],"wp:term":[{"taxonomy":"category","embeddable":true,"href":"https:\/\/sandzakpress.net\/arhiva\/wp-json\/wp\/v2\/categories?post=214535"},{"taxonomy":"post_tag","embeddable":true,"href":"https:\/\/sandzakpress.net\/arhiva\/wp-json\/wp\/v2\/tags?post=214535"}],"curies":[{"name":"wp","href":"https:\/\/api.w.org\/{rel}","templated":true}]}}