{"id":214379,"date":"2018-12-15T20:03:41","date_gmt":"2018-12-15T19:03:41","guid":{"rendered":"https:\/\/sandzakpress.net\/arhiva\/?p=214379"},"modified":"2018-12-15T20:03:41","modified_gmt":"2018-12-15T19:03:41","slug":"tri-osobe-iz-novog-pazara-poginule-u-bombardovanju-u-siriji","status":"publish","type":"post","link":"https:\/\/sandzakpress.net\/arhiva\/tri-osobe-iz-novog-pazara-poginule-u-bombardovanju-u-siriji\/","title":{"rendered":"Tri osobe iz Novog Pazara poginule u bombardovanju u Siriji"},"content":{"rendered":"<div id=\"newsLead\" class=\"b\">\n<p><img decoding=\"async\" src=\"http:\/\/www.rtv.rs\/sr_lat\/hronika\/slike\/2017\/05\/24\/sirija-bombardovanje-jpg_660x330.jpg\" alt=\"sirija bombardovanje jpg\" \/><\/p>\n<p class=\"selectionShareable\"><strong>Tri osobe iz Novog Pazara stradale su u bombardovanju savezni\u010dkih snaga predvo\u0111enih SAD-om u Siriji, objavio je portal indeksonline.rs.<\/strong><\/p>\n<\/div>\n<div id=\"newsContent\">\n<p class=\"selectionShareable\">Kako se navodi, od projektila ispaljenog iz aviona stradala je supruga Novopazarca Rejhana Plojovi\u0107a, poznatog pod nadimkom Bato, Emina Plojovi\u0107, kao i njihovo \u010detvoro dece.<\/p>\n<p class=\"selectionShareable\">Dvoje dece starosti \u010detiri i devet godina je iz braka Emine i Rejhana Plojovi\u0107a, a drugo dvoje djece su oni usvojili u Siriji.<\/p>\n<p class=\"selectionShareable\">Usvojena djeca su bila ostala bez roditelja, koji su ranije poginuli u ratu.<\/p>\n<p class=\"selectionShareable\">Dodaje se da je Rejhan Plojovi\u0107 uspio da pre\u017eivi.<\/p>\n<p>(indeksonline.rs)<\/p>\n<\/div>\n","protected":false},"excerpt":{"rendered":"<p>Tri osobe iz Novog Pazara stradale su u bombardovanju savezni\u010dkih snaga predvo\u0111enih SAD-om u Siriji, objavio je portal indeksonline.rs. Kako se navodi, od projektila ispaljenog iz aviona stradala je supruga Novopazarca Rejhana Plojovi\u0107a, poznatog pod nadimkom Bato, Emina Plojovi\u0107, kao i njihovo \u010detvoro dece. Dvoje dece starosti \u010detiri i devet godina je iz braka Emine [&hellip;]<\/p>\n","protected":false},"author":83,"featured_media":214380,"comment_status":"open","ping_status":"open","sticky":false,"template":"","format":"standard","meta":{"footnotes":""},"categories":[72,9,8957,798],"tags":[],"class_list":{"0":"post-214379","1":"post","2":"type-post","3":"status-publish","4":"format-standard","5":"has-post-thumbnail","7":"category-novi-pazar","8":"category-svijet","9":"category-vijesti-dana","10":"category-teme"},"yoast_head":"<!-- This site is optimized with the Yoast SEO Premium plugin v23.1 (Yoast SEO v24.9) - https:\/\/yoast.com\/wordpress\/plugins\/seo\/ -->\n<title>Tri osobe iz Novog Pazara poginule u bombardovanju u Siriji<\/title>\n<meta name=\"robots\" content=\"index, follow, max-snippet:-1, max-image-preview:large, max-video-preview:-1\" \/>\n<link rel=\"canonical\" href=\"https:\/\/sandzakpress.net\/arhiva\/tri-osobe-iz-novog-pazara-poginule-u-bombardovanju-u-siriji\/\" \/>\n<meta property=\"og:locale\" content=\"bs_BA\" \/>\n<meta property=\"og:type\" content=\"article\" \/>\n<meta property=\"og:title\" content=\"Tri osobe iz Novog Pazara poginule u bombardovanju u Siriji\" \/>\n<meta property=\"og:description\" content=\"Tri osobe iz Novog Pazara stradale su u bombardovanju savezni\u010dkih snaga predvo\u0111enih SAD-om u Siriji, objavio je portal indeksonline.rs. Kako se navodi, od projektila ispaljenog iz aviona stradala je supruga Novopazarca Rejhana Plojovi\u0107a, poznatog pod nadimkom Bato, Emina Plojovi\u0107, kao i njihovo \u010detvoro dece. Dvoje dece starosti \u010detiri i devet godina je iz braka Emine [&hellip;]\" \/>\n<meta property=\"og:url\" content=\"https:\/\/sandzakpress.net\/arhiva\/tri-osobe-iz-novog-pazara-poginule-u-bombardovanju-u-siriji\/\" \/>\n<meta property=\"og:site_name\" content=\"Sand\u017eak PRESS\" \/>\n<meta property=\"article:published_time\" content=\"2018-12-15T19:03:41+00:00\" \/>\n<meta property=\"og:image\" content=\"https:\/\/sandzakpress.net\/arhiva\/wp-content\/uploads\/2018\/12\/sirija-bombardovanje-jpg_660x330.jpg\" \/>\n\t<meta property=\"og:image:width\" content=\"660\" \/>\n\t<meta property=\"og:image:height\" content=\"330\" \/>\n\t<meta property=\"og:image:type\" content=\"image\/jpeg\" \/>\n<meta name=\"author\" content=\"bosniak\" \/>\n<meta name=\"twitter:card\" content=\"summary_large_image\" \/>\n<meta name=\"twitter:label1\" content=\"Written by\" \/>\n\t<meta name=\"twitter:data1\" content=\"bosniak\" \/>\n<script type=\"application\/ld+json\" class=\"yoast-schema-graph\">{\"@context\":\"https:\/\/schema.org\",\"@graph\":[{\"@type\":\"Article\",\"@id\":\"https:\/\/sandzakpress.net\/arhiva\/tri-osobe-iz-novog-pazara-poginule-u-bombardovanju-u-siriji\/#article\",\"isPartOf\":{\"@id\":\"https:\/\/sandzakpress.net\/arhiva\/tri-osobe-iz-novog-pazara-poginule-u-bombardovanju-u-siriji\/\"},\"author\":{\"name\":\"bosniak\",\"@id\":\"https:\/\/sandzakpress.net\/arhiva\/#\/schema\/person\/c8baee722073534b583ea7bdb2e36c02\"},\"headline\":\"Tri osobe iz Novog Pazara poginule u bombardovanju u Siriji\",\"datePublished\":\"2018-12-15T19:03:41+00:00\",\"mainEntityOfPage\":{\"@id\":\"https:\/\/sandzakpress.net\/arhiva\/tri-osobe-iz-novog-pazara-poginule-u-bombardovanju-u-siriji\/\"},\"wordCount\":107,\"commentCount\":16,\"publisher\":{\"@id\":\"https:\/\/sandzakpress.net\/arhiva\/#\/schema\/person\/6e72b67d6e51910a1117b3b483ba20bd\"},\"image\":{\"@id\":\"https:\/\/sandzakpress.net\/arhiva\/tri-osobe-iz-novog-pazara-poginule-u-bombardovanju-u-siriji\/#primaryimage\"},\"thumbnailUrl\":\"https:\/\/sandzakpress.net\/arhiva\/wp-content\/uploads\/2018\/12\/sirija-bombardovanje-jpg_660x330.jpg\",\"articleSection\":[\"Novi Pazar\",\"Svijet\",\"VIJESTI DANA\",\"NAJNOVIJE\"],\"inLanguage\":\"bs-BA\",\"potentialAction\":[{\"@type\":\"CommentAction\",\"name\":\"Comment\",\"target\":[\"https:\/\/sandzakpress.net\/arhiva\/tri-osobe-iz-novog-pazara-poginule-u-bombardovanju-u-siriji\/#respond\"]}]},{\"@type\":\"WebPage\",\"@id\":\"https:\/\/sandzakpress.net\/arhiva\/tri-osobe-iz-novog-pazara-poginule-u-bombardovanju-u-siriji\/\",\"url\":\"https:\/\/sandzakpress.net\/arhiva\/tri-osobe-iz-novog-pazara-poginule-u-bombardovanju-u-siriji\/\",\"name\":\"Tri osobe iz Novog Pazara poginule u bombardovanju u Siriji\",\"isPartOf\":{\"@id\":\"https:\/\/sandzakpress.net\/arhiva\/#website\"},\"primaryImageOfPage\":{\"@id\":\"https:\/\/sandzakpress.net\/arhiva\/tri-osobe-iz-novog-pazara-poginule-u-bombardovanju-u-siriji\/#primaryimage\"},\"image\":{\"@id\":\"https:\/\/sandzakpress.net\/arhiva\/tri-osobe-iz-novog-pazara-poginule-u-bombardovanju-u-siriji\/#primaryimage\"},\"thumbnailUrl\":\"https:\/\/sandzakpress.net\/arhiva\/wp-content\/uploads\/2018\/12\/sirija-bombardovanje-jpg_660x330.jpg\",\"datePublished\":\"2018-12-15T19:03:41+00:00\",\"breadcrumb\":{\"@id\":\"https:\/\/sandzakpress.net\/arhiva\/tri-osobe-iz-novog-pazara-poginule-u-bombardovanju-u-siriji\/#breadcrumb\"},\"inLanguage\":\"bs-BA\",\"potentialAction\":[{\"@type\":\"ReadAction\",\"target\":[\"https:\/\/sandzakpress.net\/arhiva\/tri-osobe-iz-novog-pazara-poginule-u-bombardovanju-u-siriji\/\"]}]},{\"@type\":\"ImageObject\",\"inLanguage\":\"bs-BA\",\"@id\":\"https:\/\/sandzakpress.net\/arhiva\/tri-osobe-iz-novog-pazara-poginule-u-bombardovanju-u-siriji\/#primaryimage\",\"url\":\"https:\/\/sandzakpress.net\/arhiva\/wp-content\/uploads\/2018\/12\/sirija-bombardovanje-jpg_660x330.jpg\",\"contentUrl\":\"https:\/\/sandzakpress.net\/arhiva\/wp-content\/uploads\/2018\/12\/sirija-bombardovanje-jpg_660x330.jpg\",\"width\":660,\"height\":330},{\"@type\":\"BreadcrumbList\",\"@id\":\"https:\/\/sandzakpress.net\/arhiva\/tri-osobe-iz-novog-pazara-poginule-u-bombardovanju-u-siriji\/#breadcrumb\",\"itemListElement\":[{\"@type\":\"ListItem\",\"position\":1,\"name\":\"Home\",\"item\":\"https:\/\/sandzakpress.net\/arhiva\/\"},{\"@type\":\"ListItem\",\"position\":2,\"name\":\"Tri osobe iz Novog Pazara poginule u bombardovanju u Siriji\"}]},{\"@type\":\"WebSite\",\"@id\":\"https:\/\/sandzakpress.net\/arhiva\/#website\",\"url\":\"https:\/\/sandzakpress.net\/arhiva\/\",\"name\":\"Sand\u017eak PRESS\",\"description\":\"Prve elektronske novine u Sand\u017eaku\",\"publisher\":{\"@id\":\"https:\/\/sandzakpress.net\/arhiva\/#\/schema\/person\/6e72b67d6e51910a1117b3b483ba20bd\"},\"potentialAction\":[{\"@type\":\"SearchAction\",\"target\":{\"@type\":\"EntryPoint\",\"urlTemplate\":\"https:\/\/sandzakpress.net\/arhiva\/?s={search_term_string}\"},\"query-input\":{\"@type\":\"PropertyValueSpecification\",\"valueRequired\":true,\"valueName\":\"search_term_string\"}}],\"inLanguage\":\"bs-BA\"},{\"@type\":[\"Person\",\"Organization\"],\"@id\":\"https:\/\/sandzakpress.net\/arhiva\/#\/schema\/person\/6e72b67d6e51910a1117b3b483ba20bd\",\"name\":\"Kul\",\"image\":{\"@type\":\"ImageObject\",\"inLanguage\":\"bs-BA\",\"@id\":\"https:\/\/sandzakpress.net\/arhiva\/#\/schema\/person\/image\/\",\"url\":\"https:\/\/secure.gravatar.com\/avatar\/42263f39aa27ac04c43cab85c280eb2e?s=96&d=mm&r=pg\",\"contentUrl\":\"https:\/\/secure.gravatar.com\/avatar\/42263f39aa27ac04c43cab85c280eb2e?s=96&d=mm&r=pg\",\"caption\":\"Kul\"},\"logo\":{\"@id\":\"https:\/\/sandzakpress.net\/arhiva\/#\/schema\/person\/image\/\"}},{\"@type\":\"Person\",\"@id\":\"https:\/\/sandzakpress.net\/arhiva\/#\/schema\/person\/c8baee722073534b583ea7bdb2e36c02\",\"name\":\"bosniak\",\"image\":{\"@type\":\"ImageObject\",\"inLanguage\":\"bs-BA\",\"@id\":\"https:\/\/sandzakpress.net\/arhiva\/#\/schema\/person\/image\/\",\"url\":\"https:\/\/secure.gravatar.com\/avatar\/a04fd330bfe3a36a72a0ad4a6d89fca7?s=96&d=mm&r=pg\",\"contentUrl\":\"https:\/\/secure.gravatar.com\/avatar\/a04fd330bfe3a36a72a0ad4a6d89fca7?s=96&d=mm&r=pg\",\"caption\":\"bosniak\"},\"url\":\"https:\/\/sandzakpress.net\/arhiva\/author\/bosniak\/\"}]}<\/script>\n<!-- \/ Yoast SEO Premium plugin. -->","yoast_head_json":{"title":"Tri osobe iz Novog Pazara poginule u bombardovanju u Siriji","robots":{"index":"index","follow":"follow","max-snippet":"max-snippet:-1","max-image-preview":"max-image-preview:large","max-video-preview":"max-video-preview:-1"},"canonical":"https:\/\/sandzakpress.net\/arhiva\/tri-osobe-iz-novog-pazara-poginule-u-bombardovanju-u-siriji\/","og_locale":"bs_BA","og_type":"article","og_title":"Tri osobe iz Novog Pazara poginule u bombardovanju u Siriji","og_description":"Tri osobe iz Novog Pazara stradale su u bombardovanju savezni\u010dkih snaga predvo\u0111enih SAD-om u Siriji, objavio je portal indeksonline.rs. Kako se navodi, od projektila ispaljenog iz aviona stradala je supruga Novopazarca Rejhana Plojovi\u0107a, poznatog pod nadimkom Bato, Emina Plojovi\u0107, kao i njihovo \u010detvoro dece. Dvoje dece starosti \u010detiri i devet godina je iz braka Emine [&hellip;]","og_url":"https:\/\/sandzakpress.net\/arhiva\/tri-osobe-iz-novog-pazara-poginule-u-bombardovanju-u-siriji\/","og_site_name":"Sand\u017eak PRESS","article_published_time":"2018-12-15T19:03:41+00:00","og_image":[{"width":660,"height":330,"url":"https:\/\/sandzakpress.net\/arhiva\/wp-content\/uploads\/2018\/12\/sirija-bombardovanje-jpg_660x330.jpg","type":"image\/jpeg"}],"author":"bosniak","twitter_card":"summary_large_image","twitter_misc":{"Written by":"bosniak"},"schema":{"@context":"https:\/\/schema.org","@graph":[{"@type":"Article","@id":"https:\/\/sandzakpress.net\/arhiva\/tri-osobe-iz-novog-pazara-poginule-u-bombardovanju-u-siriji\/#article","isPartOf":{"@id":"https:\/\/sandzakpress.net\/arhiva\/tri-osobe-iz-novog-pazara-poginule-u-bombardovanju-u-siriji\/"},"author":{"name":"bosniak","@id":"https:\/\/sandzakpress.net\/arhiva\/#\/schema\/person\/c8baee722073534b583ea7bdb2e36c02"},"headline":"Tri osobe iz Novog Pazara poginule u bombardovanju u Siriji","datePublished":"2018-12-15T19:03:41+00:00","mainEntityOfPage":{"@id":"https:\/\/sandzakpress.net\/arhiva\/tri-osobe-iz-novog-pazara-poginule-u-bombardovanju-u-siriji\/"},"wordCount":107,"commentCount":16,"publisher":{"@id":"https:\/\/sandzakpress.net\/arhiva\/#\/schema\/person\/6e72b67d6e51910a1117b3b483ba20bd"},"image":{"@id":"https:\/\/sandzakpress.net\/arhiva\/tri-osobe-iz-novog-pazara-poginule-u-bombardovanju-u-siriji\/#primaryimage"},"thumbnailUrl":"https:\/\/sandzakpress.net\/arhiva\/wp-content\/uploads\/2018\/12\/sirija-bombardovanje-jpg_660x330.jpg","articleSection":["Novi Pazar","Svijet","VIJESTI DANA","NAJNOVIJE"],"inLanguage":"bs-BA","potentialAction":[{"@type":"CommentAction","name":"Comment","target":["https:\/\/sandzakpress.net\/arhiva\/tri-osobe-iz-novog-pazara-poginule-u-bombardovanju-u-siriji\/#respond"]}]},{"@type":"WebPage","@id":"https:\/\/sandzakpress.net\/arhiva\/tri-osobe-iz-novog-pazara-poginule-u-bombardovanju-u-siriji\/","url":"https:\/\/sandzakpress.net\/arhiva\/tri-osobe-iz-novog-pazara-poginule-u-bombardovanju-u-siriji\/","name":"Tri osobe iz Novog Pazara poginule u bombardovanju u Siriji","isPartOf":{"@id":"https:\/\/sandzakpress.net\/arhiva\/#website"},"primaryImageOfPage":{"@id":"https:\/\/sandzakpress.net\/arhiva\/tri-osobe-iz-novog-pazara-poginule-u-bombardovanju-u-siriji\/#primaryimage"},"image":{"@id":"https:\/\/sandzakpress.net\/arhiva\/tri-osobe-iz-novog-pazara-poginule-u-bombardovanju-u-siriji\/#primaryimage"},"thumbnailUrl":"https:\/\/sandzakpress.net\/arhiva\/wp-content\/uploads\/2018\/12\/sirija-bombardovanje-jpg_660x330.jpg","datePublished":"2018-12-15T19:03:41+00:00","breadcrumb":{"@id":"https:\/\/sandzakpress.net\/arhiva\/tri-osobe-iz-novog-pazara-poginule-u-bombardovanju-u-siriji\/#breadcrumb"},"inLanguage":"bs-BA","potentialAction":[{"@type":"ReadAction","target":["https:\/\/sandzakpress.net\/arhiva\/tri-osobe-iz-novog-pazara-poginule-u-bombardovanju-u-siriji\/"]}]},{"@type":"ImageObject","inLanguage":"bs-BA","@id":"https:\/\/sandzakpress.net\/arhiva\/tri-osobe-iz-novog-pazara-poginule-u-bombardovanju-u-siriji\/#primaryimage","url":"https:\/\/sandzakpress.net\/arhiva\/wp-content\/uploads\/2018\/12\/sirija-bombardovanje-jpg_660x330.jpg","contentUrl":"https:\/\/sandzakpress.net\/arhiva\/wp-content\/uploads\/2018\/12\/sirija-bombardovanje-jpg_660x330.jpg","width":660,"height":330},{"@type":"BreadcrumbList","@id":"https:\/\/sandzakpress.net\/arhiva\/tri-osobe-iz-novog-pazara-poginule-u-bombardovanju-u-siriji\/#breadcrumb","itemListElement":[{"@type":"ListItem","position":1,"name":"Home","item":"https:\/\/sandzakpress.net\/arhiva\/"},{"@type":"ListItem","position":2,"name":"Tri osobe iz Novog Pazara poginule u bombardovanju u Siriji"}]},{"@type":"WebSite","@id":"https:\/\/sandzakpress.net\/arhiva\/#website","url":"https:\/\/sandzakpress.net\/arhiva\/","name":"Sand\u017eak PRESS","description":"Prve elektronske novine u Sand\u017eaku","publisher":{"@id":"https:\/\/sandzakpress.net\/arhiva\/#\/schema\/person\/6e72b67d6e51910a1117b3b483ba20bd"},"potentialAction":[{"@type":"SearchAction","target":{"@type":"EntryPoint","urlTemplate":"https:\/\/sandzakpress.net\/arhiva\/?s={search_term_string}"},"query-input":{"@type":"PropertyValueSpecification","valueRequired":true,"valueName":"search_term_string"}}],"inLanguage":"bs-BA"},{"@type":["Person","Organization"],"@id":"https:\/\/sandzakpress.net\/arhiva\/#\/schema\/person\/6e72b67d6e51910a1117b3b483ba20bd","name":"Kul","image":{"@type":"ImageObject","inLanguage":"bs-BA","@id":"https:\/\/sandzakpress.net\/arhiva\/#\/schema\/person\/image\/","url":"https:\/\/secure.gravatar.com\/avatar\/42263f39aa27ac04c43cab85c280eb2e?s=96&d=mm&r=pg","contentUrl":"https:\/\/secure.gravatar.com\/avatar\/42263f39aa27ac04c43cab85c280eb2e?s=96&d=mm&r=pg","caption":"Kul"},"logo":{"@id":"https:\/\/sandzakpress.net\/arhiva\/#\/schema\/person\/image\/"}},{"@type":"Person","@id":"https:\/\/sandzakpress.net\/arhiva\/#\/schema\/person\/c8baee722073534b583ea7bdb2e36c02","name":"bosniak","image":{"@type":"ImageObject","inLanguage":"bs-BA","@id":"https:\/\/sandzakpress.net\/arhiva\/#\/schema\/person\/image\/","url":"https:\/\/secure.gravatar.com\/avatar\/a04fd330bfe3a36a72a0ad4a6d89fca7?s=96&d=mm&r=pg","contentUrl":"https:\/\/secure.gravatar.com\/avatar\/a04fd330bfe3a36a72a0ad4a6d89fca7?s=96&d=mm&r=pg","caption":"bosniak"},"url":"https:\/\/sandzakpress.net\/arhiva\/author\/bosniak\/"}]}},"_links":{"self":[{"href":"https:\/\/sandzakpress.net\/arhiva\/wp-json\/wp\/v2\/posts\/214379"}],"collection":[{"href":"https:\/\/sandzakpress.net\/arhiva\/wp-json\/wp\/v2\/posts"}],"about":[{"href":"https:\/\/sandzakpress.net\/arhiva\/wp-json\/wp\/v2\/types\/post"}],"author":[{"embeddable":true,"href":"https:\/\/sandzakpress.net\/arhiva\/wp-json\/wp\/v2\/users\/83"}],"replies":[{"embeddable":true,"href":"https:\/\/sandzakpress.net\/arhiva\/wp-json\/wp\/v2\/comments?post=214379"}],"version-history":[{"count":0,"href":"https:\/\/sandzakpress.net\/arhiva\/wp-json\/wp\/v2\/posts\/214379\/revisions"}],"wp:featuredmedia":[{"embeddable":true,"href":"https:\/\/sandzakpress.net\/arhiva\/wp-json\/wp\/v2\/media\/214380"}],"wp:attachment":[{"href":"https:\/\/sandzakpress.net\/arhiva\/wp-json\/wp\/v2\/media?parent=214379"}],"wp:term":[{"taxonomy":"category","embeddable":true,"href":"https:\/\/sandzakpress.net\/arhiva\/wp-json\/wp\/v2\/categories?post=214379"},{"taxonomy":"post_tag","embeddable":true,"href":"https:\/\/sandzakpress.net\/arhiva\/wp-json\/wp\/v2\/tags?post=214379"}],"curies":[{"name":"wp","href":"https:\/\/api.w.org\/{rel}","templated":true}]}}