{"id":214339,"date":"2018-12-14T18:30:45","date_gmt":"2018-12-14T17:30:45","guid":{"rendered":"https:\/\/sandzakpress.net\/arhiva\/?p=214339"},"modified":"2018-12-14T17:22:45","modified_gmt":"2018-12-14T16:22:45","slug":"sudjenje-alihodzicu-za-napad-na-bivsu-suprugu-nije-htio-da-je-ubije-vec-da-je-vaspitno-urazumi","status":"publish","type":"post","link":"https:\/\/sandzakpress.net\/arhiva\/sudjenje-alihodzicu-za-napad-na-bivsu-suprugu-nije-htio-da-je-ubije-vec-da-je-vaspitno-urazumi\/","title":{"rendered":"Su\u0111enje Alihod\u017ei\u0107u za napad na biv\u0161u suprugu: Nije htio da je ubije, ve\u0107 da je \u201cvaspitno urazumi\u201d"},"content":{"rendered":"<p><img decoding=\"async\" class=\"aligncenter\" src=\"http:\/\/www.sandzacke.rs\/wp-content\/uploads\/2018\/12\/porodicno-nasilje-1-696x469.jpg\" \/><\/p>\n<p><strong>Pred sudijom Draganom Mrdakom u Osnovnom sudu u Bijelom Polju po\u010delo je sudjenje D\u017eenelu Alihod\u017ei\u0107u (32) iz Novog Pazara, koji se tereti za \u201dnasilje u porodici\u201d. Alihod\u017ei\u0107 je, pred sudijom izme\u0111u ostalog, ispri\u010dao kako kriti\u010dnog dana nije htio da ubije biv\u0161u suprugu, ve\u0107 da je \u201cvaspitno urazumi\u201d. Sa druge strane, o\u0161te\u0107ena E.Z. ispri\u010dala je kakve je da je okrivljeni permanento vr\u0161io nasilje nad njom i njenom porodicom.<\/strong><\/p>\n<p>Alihod\u017ei\u0107a je 29. oktobra uhapsila policija na granici Crne Gore i Srbije a potra\u017eivao se, jer je istog dana oko 7.20 \u010dasova na parkingu u blizini Osnovne \u0161kole \u201cRisto Ratkovi\u0107\u201c u bjelopoljskom naselju Nikoljac, pretukao biv\u0161u suprugu koja je nastavnica matematike u toj \u0161koli. E.Z. je zadobila te\u0161ke povrede po glavi i drugim djelovima tijela.<\/p>\n<p>Kriti\u010dnog dana, kako je ispri\u010dao Alihod\u017ei\u0107, po\u0161ao je prema Bijelom Polju u namjeri da se razjasni odnosno inicira razgovor sa biv\u0161om suprugom i da joj uzme telefon, jer je, kako je ispri\u010dao, sumnjao da je na Fejsbuku postavila njegov profil sa slikama i njegovim izjavama sa intimnim sadr\u017eajem. To ga je, kako je rekao diskreditovalo, s obzirom da su u Novom Pazaru bili izbori, a on se nalazio na izbornoj listi.<\/p>\n<p>Opisuju\u0107i kriti\u010dni dogadjaj ispri\u010dao je da je poku\u0161ao da razgovara sa biv\u0161om te da mu je ona rekla \u201cla\u017eove\u201d, a on je o\u0161amario. Poku\u0161ala je da pobjegne i u tom momentu su se, prema njegovom kazivanju, na licu mjesta obrela dvojica mu\u0161karaca i poku\u0161ali da ga odvrate od svadje.<\/p>\n<p>Tada je prona\u0161ao drvenu motku u blizini zahtijevaju\u0107i da mu preda telefon, pa kako ona nije htjela to da uradi, udario je preko ledja. Nije htio da je ubije, ve\u0107 da je \u201evaspitno urazumi\u201c.<\/p>\n<p>O\u0161te\u0107ena E.Z. je ispri\u010dala kakve je sve torture do\u017eivljavala od okrivljenog. Kazala je da je permanento vr\u0161io nasilje nad njom i njenom porodicom te da je jedini na\u010din bio da se razvede od njega. No ni to nije pomoglo da se otrgne od njegovog nasilja.<\/p>\n<p>Su\u0111enje se nastavlja 18. decembra.<\/p>\n<p>(Standard)<\/p>\n","protected":false},"excerpt":{"rendered":"<p>Pred sudijom Draganom Mrdakom u Osnovnom sudu u Bijelom Polju po\u010delo je sudjenje D\u017eenelu Alihod\u017ei\u0107u (32) iz Novog Pazara, koji se tereti za \u201dnasilje u porodici\u201d. Alihod\u017ei\u0107 je, pred sudijom izme\u0111u ostalog, ispri\u010dao kako kriti\u010dnog dana nije htio da ubije biv\u0161u suprugu, ve\u0107 da je \u201cvaspitno urazumi\u201d. Sa druge strane, o\u0161te\u0107ena E.Z. ispri\u010dala je kakve [&hellip;]<\/p>\n","protected":false},"author":509,"featured_media":214351,"comment_status":"open","ping_status":"open","sticky":false,"template":"","format":"standard","meta":{"footnotes":""},"categories":[72,396,801,10429],"tags":[],"class_list":{"0":"post-214339","1":"post","2":"type-post","3":"status-publish","4":"format-standard","5":"has-post-thumbnail","7":"category-novi-pazar","8":"category-bijelo_polje","9":"category-crna_hronika","10":"category-vazno"},"yoast_head":"<!-- This site is optimized with the Yoast SEO Premium plugin v23.1 (Yoast SEO v24.9) - https:\/\/yoast.com\/wordpress\/plugins\/seo\/ -->\n<title>Su\u0111enje Alihod\u017ei\u0107u za napad na biv\u0161u suprugu: Nije htio da je ubije, ve\u0107 da je \u201cvaspitno urazumi\u201d<\/title>\n<meta name=\"robots\" content=\"index, follow, max-snippet:-1, max-image-preview:large, max-video-preview:-1\" \/>\n<link rel=\"canonical\" href=\"https:\/\/sandzakpress.net\/arhiva\/sudjenje-alihodzicu-za-napad-na-bivsu-suprugu-nije-htio-da-je-ubije-vec-da-je-vaspitno-urazumi\/\" \/>\n<meta property=\"og:locale\" content=\"bs_BA\" \/>\n<meta property=\"og:type\" content=\"article\" \/>\n<meta property=\"og:title\" content=\"Su\u0111enje Alihod\u017ei\u0107u za napad na biv\u0161u suprugu: Nije htio da je ubije, ve\u0107 da je \u201cvaspitno urazumi\u201d\" \/>\n<meta property=\"og:description\" content=\"Pred sudijom Draganom Mrdakom u Osnovnom sudu u Bijelom Polju po\u010delo je sudjenje D\u017eenelu Alihod\u017ei\u0107u (32) iz Novog Pazara, koji se tereti za \u201dnasilje u porodici\u201d. Alihod\u017ei\u0107 je, pred sudijom izme\u0111u ostalog, ispri\u010dao kako kriti\u010dnog dana nije htio da ubije biv\u0161u suprugu, ve\u0107 da je \u201cvaspitno urazumi\u201d. Sa druge strane, o\u0161te\u0107ena E.Z. ispri\u010dala je kakve [&hellip;]\" \/>\n<meta property=\"og:url\" content=\"https:\/\/sandzakpress.net\/arhiva\/sudjenje-alihodzicu-za-napad-na-bivsu-suprugu-nije-htio-da-je-ubije-vec-da-je-vaspitno-urazumi\/\" \/>\n<meta property=\"og:site_name\" content=\"Sand\u017eak PRESS\" \/>\n<meta property=\"article:published_time\" content=\"2018-12-14T17:30:45+00:00\" \/>\n<meta property=\"og:image\" content=\"https:\/\/sandzakpress.net\/arhiva\/wp-content\/uploads\/2018\/12\/porodicno-nasilje-1-696x469.jpg\" \/>\n\t<meta property=\"og:image:width\" content=\"696\" \/>\n\t<meta property=\"og:image:height\" content=\"469\" \/>\n\t<meta property=\"og:image:type\" content=\"image\/jpeg\" \/>\n<meta name=\"author\" content=\"Agencija\" \/>\n<meta name=\"twitter:card\" content=\"summary_large_image\" \/>\n<meta name=\"twitter:label1\" content=\"Written by\" \/>\n\t<meta name=\"twitter:data1\" content=\"Agencija\" \/>\n\t<meta name=\"twitter:label2\" content=\"Est. reading time\" \/>\n\t<meta name=\"twitter:data2\" content=\"2 minute\" \/>\n<script type=\"application\/ld+json\" class=\"yoast-schema-graph\">{\"@context\":\"https:\/\/schema.org\",\"@graph\":[{\"@type\":\"Article\",\"@id\":\"https:\/\/sandzakpress.net\/arhiva\/sudjenje-alihodzicu-za-napad-na-bivsu-suprugu-nije-htio-da-je-ubije-vec-da-je-vaspitno-urazumi\/#article\",\"isPartOf\":{\"@id\":\"https:\/\/sandzakpress.net\/arhiva\/sudjenje-alihodzicu-za-napad-na-bivsu-suprugu-nije-htio-da-je-ubije-vec-da-je-vaspitno-urazumi\/\"},\"author\":{\"name\":\"Agencija\",\"@id\":\"https:\/\/sandzakpress.net\/arhiva\/#\/schema\/person\/cb59d7e3ab91ab90dd680ad0305a6185\"},\"headline\":\"Su\u0111enje Alihod\u017ei\u0107u za napad na biv\u0161u suprugu: Nije htio da je ubije, ve\u0107 da je \u201cvaspitno urazumi\u201d\",\"datePublished\":\"2018-12-14T17:30:45+00:00\",\"mainEntityOfPage\":{\"@id\":\"https:\/\/sandzakpress.net\/arhiva\/sudjenje-alihodzicu-za-napad-na-bivsu-suprugu-nije-htio-da-je-ubije-vec-da-je-vaspitno-urazumi\/\"},\"wordCount\":391,\"commentCount\":0,\"publisher\":{\"@id\":\"https:\/\/sandzakpress.net\/arhiva\/#\/schema\/person\/6e72b67d6e51910a1117b3b483ba20bd\"},\"image\":{\"@id\":\"https:\/\/sandzakpress.net\/arhiva\/sudjenje-alihodzicu-za-napad-na-bivsu-suprugu-nije-htio-da-je-ubije-vec-da-je-vaspitno-urazumi\/#primaryimage\"},\"thumbnailUrl\":\"https:\/\/sandzakpress.net\/arhiva\/wp-content\/uploads\/2018\/12\/porodicno-nasilje-1-696x469.jpg\",\"articleSection\":[\"Novi Pazar\",\"Bijelo Polje\",\"Hronika\",\"VA\u017dNO!\"],\"inLanguage\":\"bs-BA\",\"potentialAction\":[{\"@type\":\"CommentAction\",\"name\":\"Comment\",\"target\":[\"https:\/\/sandzakpress.net\/arhiva\/sudjenje-alihodzicu-za-napad-na-bivsu-suprugu-nije-htio-da-je-ubije-vec-da-je-vaspitno-urazumi\/#respond\"]}]},{\"@type\":\"WebPage\",\"@id\":\"https:\/\/sandzakpress.net\/arhiva\/sudjenje-alihodzicu-za-napad-na-bivsu-suprugu-nije-htio-da-je-ubije-vec-da-je-vaspitno-urazumi\/\",\"url\":\"https:\/\/sandzakpress.net\/arhiva\/sudjenje-alihodzicu-za-napad-na-bivsu-suprugu-nije-htio-da-je-ubije-vec-da-je-vaspitno-urazumi\/\",\"name\":\"Su\u0111enje Alihod\u017ei\u0107u za napad na biv\u0161u suprugu: Nije htio da je ubije, ve\u0107 da je \u201cvaspitno urazumi\u201d\",\"isPartOf\":{\"@id\":\"https:\/\/sandzakpress.net\/arhiva\/#website\"},\"primaryImageOfPage\":{\"@id\":\"https:\/\/sandzakpress.net\/arhiva\/sudjenje-alihodzicu-za-napad-na-bivsu-suprugu-nije-htio-da-je-ubije-vec-da-je-vaspitno-urazumi\/#primaryimage\"},\"image\":{\"@id\":\"https:\/\/sandzakpress.net\/arhiva\/sudjenje-alihodzicu-za-napad-na-bivsu-suprugu-nije-htio-da-je-ubije-vec-da-je-vaspitno-urazumi\/#primaryimage\"},\"thumbnailUrl\":\"https:\/\/sandzakpress.net\/arhiva\/wp-content\/uploads\/2018\/12\/porodicno-nasilje-1-696x469.jpg\",\"datePublished\":\"2018-12-14T17:30:45+00:00\",\"breadcrumb\":{\"@id\":\"https:\/\/sandzakpress.net\/arhiva\/sudjenje-alihodzicu-za-napad-na-bivsu-suprugu-nije-htio-da-je-ubije-vec-da-je-vaspitno-urazumi\/#breadcrumb\"},\"inLanguage\":\"bs-BA\",\"potentialAction\":[{\"@type\":\"ReadAction\",\"target\":[\"https:\/\/sandzakpress.net\/arhiva\/sudjenje-alihodzicu-za-napad-na-bivsu-suprugu-nije-htio-da-je-ubije-vec-da-je-vaspitno-urazumi\/\"]}]},{\"@type\":\"ImageObject\",\"inLanguage\":\"bs-BA\",\"@id\":\"https:\/\/sandzakpress.net\/arhiva\/sudjenje-alihodzicu-za-napad-na-bivsu-suprugu-nije-htio-da-je-ubije-vec-da-je-vaspitno-urazumi\/#primaryimage\",\"url\":\"https:\/\/sandzakpress.net\/arhiva\/wp-content\/uploads\/2018\/12\/porodicno-nasilje-1-696x469.jpg\",\"contentUrl\":\"https:\/\/sandzakpress.net\/arhiva\/wp-content\/uploads\/2018\/12\/porodicno-nasilje-1-696x469.jpg\",\"width\":696,\"height\":469},{\"@type\":\"BreadcrumbList\",\"@id\":\"https:\/\/sandzakpress.net\/arhiva\/sudjenje-alihodzicu-za-napad-na-bivsu-suprugu-nije-htio-da-je-ubije-vec-da-je-vaspitno-urazumi\/#breadcrumb\",\"itemListElement\":[{\"@type\":\"ListItem\",\"position\":1,\"name\":\"Home\",\"item\":\"https:\/\/sandzakpress.net\/arhiva\/\"},{\"@type\":\"ListItem\",\"position\":2,\"name\":\"Su\u0111enje Alihod\u017ei\u0107u za napad na biv\u0161u suprugu: Nije htio da je ubije, ve\u0107 da je \u201cvaspitno urazumi\u201d\"}]},{\"@type\":\"WebSite\",\"@id\":\"https:\/\/sandzakpress.net\/arhiva\/#website\",\"url\":\"https:\/\/sandzakpress.net\/arhiva\/\",\"name\":\"Sand\u017eak PRESS\",\"description\":\"Prve elektronske novine u Sand\u017eaku\",\"publisher\":{\"@id\":\"https:\/\/sandzakpress.net\/arhiva\/#\/schema\/person\/6e72b67d6e51910a1117b3b483ba20bd\"},\"potentialAction\":[{\"@type\":\"SearchAction\",\"target\":{\"@type\":\"EntryPoint\",\"urlTemplate\":\"https:\/\/sandzakpress.net\/arhiva\/?s={search_term_string}\"},\"query-input\":{\"@type\":\"PropertyValueSpecification\",\"valueRequired\":true,\"valueName\":\"search_term_string\"}}],\"inLanguage\":\"bs-BA\"},{\"@type\":[\"Person\",\"Organization\"],\"@id\":\"https:\/\/sandzakpress.net\/arhiva\/#\/schema\/person\/6e72b67d6e51910a1117b3b483ba20bd\",\"name\":\"Kul\",\"image\":{\"@type\":\"ImageObject\",\"inLanguage\":\"bs-BA\",\"@id\":\"https:\/\/sandzakpress.net\/arhiva\/#\/schema\/person\/image\/\",\"url\":\"https:\/\/secure.gravatar.com\/avatar\/42263f39aa27ac04c43cab85c280eb2e?s=96&d=mm&r=pg\",\"contentUrl\":\"https:\/\/secure.gravatar.com\/avatar\/42263f39aa27ac04c43cab85c280eb2e?s=96&d=mm&r=pg\",\"caption\":\"Kul\"},\"logo\":{\"@id\":\"https:\/\/sandzakpress.net\/arhiva\/#\/schema\/person\/image\/\"}},{\"@type\":\"Person\",\"@id\":\"https:\/\/sandzakpress.net\/arhiva\/#\/schema\/person\/cb59d7e3ab91ab90dd680ad0305a6185\",\"name\":\"Agencija\",\"image\":{\"@type\":\"ImageObject\",\"inLanguage\":\"bs-BA\",\"@id\":\"https:\/\/sandzakpress.net\/arhiva\/#\/schema\/person\/image\/\",\"url\":\"https:\/\/secure.gravatar.com\/avatar\/4b7fafa80a22f0c2afe23966b3961fe0?s=96&d=mm&r=pg\",\"contentUrl\":\"https:\/\/secure.gravatar.com\/avatar\/4b7fafa80a22f0c2afe23966b3961fe0?s=96&d=mm&r=pg\",\"caption\":\"Agencija\"},\"url\":\"https:\/\/sandzakpress.net\/arhiva\/author\/agencija\/\"}]}<\/script>\n<!-- \/ Yoast SEO Premium plugin. -->","yoast_head_json":{"title":"Su\u0111enje Alihod\u017ei\u0107u za napad na biv\u0161u suprugu: Nije htio da je ubije, ve\u0107 da je \u201cvaspitno urazumi\u201d","robots":{"index":"index","follow":"follow","max-snippet":"max-snippet:-1","max-image-preview":"max-image-preview:large","max-video-preview":"max-video-preview:-1"},"canonical":"https:\/\/sandzakpress.net\/arhiva\/sudjenje-alihodzicu-za-napad-na-bivsu-suprugu-nije-htio-da-je-ubije-vec-da-je-vaspitno-urazumi\/","og_locale":"bs_BA","og_type":"article","og_title":"Su\u0111enje Alihod\u017ei\u0107u za napad na biv\u0161u suprugu: Nije htio da je ubije, ve\u0107 da je \u201cvaspitno urazumi\u201d","og_description":"Pred sudijom Draganom Mrdakom u Osnovnom sudu u Bijelom Polju po\u010delo je sudjenje D\u017eenelu Alihod\u017ei\u0107u (32) iz Novog Pazara, koji se tereti za \u201dnasilje u porodici\u201d. Alihod\u017ei\u0107 je, pred sudijom izme\u0111u ostalog, ispri\u010dao kako kriti\u010dnog dana nije htio da ubije biv\u0161u suprugu, ve\u0107 da je \u201cvaspitno urazumi\u201d. Sa druge strane, o\u0161te\u0107ena E.Z. ispri\u010dala je kakve [&hellip;]","og_url":"https:\/\/sandzakpress.net\/arhiva\/sudjenje-alihodzicu-za-napad-na-bivsu-suprugu-nije-htio-da-je-ubije-vec-da-je-vaspitno-urazumi\/","og_site_name":"Sand\u017eak PRESS","article_published_time":"2018-12-14T17:30:45+00:00","og_image":[{"width":696,"height":469,"url":"https:\/\/sandzakpress.net\/arhiva\/wp-content\/uploads\/2018\/12\/porodicno-nasilje-1-696x469.jpg","type":"image\/jpeg"}],"author":"Agencija","twitter_card":"summary_large_image","twitter_misc":{"Written by":"Agencija","Est. reading time":"2 minute"},"schema":{"@context":"https:\/\/schema.org","@graph":[{"@type":"Article","@id":"https:\/\/sandzakpress.net\/arhiva\/sudjenje-alihodzicu-za-napad-na-bivsu-suprugu-nije-htio-da-je-ubije-vec-da-je-vaspitno-urazumi\/#article","isPartOf":{"@id":"https:\/\/sandzakpress.net\/arhiva\/sudjenje-alihodzicu-za-napad-na-bivsu-suprugu-nije-htio-da-je-ubije-vec-da-je-vaspitno-urazumi\/"},"author":{"name":"Agencija","@id":"https:\/\/sandzakpress.net\/arhiva\/#\/schema\/person\/cb59d7e3ab91ab90dd680ad0305a6185"},"headline":"Su\u0111enje Alihod\u017ei\u0107u za napad na biv\u0161u suprugu: Nije htio da je ubije, ve\u0107 da je \u201cvaspitno urazumi\u201d","datePublished":"2018-12-14T17:30:45+00:00","mainEntityOfPage":{"@id":"https:\/\/sandzakpress.net\/arhiva\/sudjenje-alihodzicu-za-napad-na-bivsu-suprugu-nije-htio-da-je-ubije-vec-da-je-vaspitno-urazumi\/"},"wordCount":391,"commentCount":0,"publisher":{"@id":"https:\/\/sandzakpress.net\/arhiva\/#\/schema\/person\/6e72b67d6e51910a1117b3b483ba20bd"},"image":{"@id":"https:\/\/sandzakpress.net\/arhiva\/sudjenje-alihodzicu-za-napad-na-bivsu-suprugu-nije-htio-da-je-ubije-vec-da-je-vaspitno-urazumi\/#primaryimage"},"thumbnailUrl":"https:\/\/sandzakpress.net\/arhiva\/wp-content\/uploads\/2018\/12\/porodicno-nasilje-1-696x469.jpg","articleSection":["Novi Pazar","Bijelo Polje","Hronika","VA\u017dNO!"],"inLanguage":"bs-BA","potentialAction":[{"@type":"CommentAction","name":"Comment","target":["https:\/\/sandzakpress.net\/arhiva\/sudjenje-alihodzicu-za-napad-na-bivsu-suprugu-nije-htio-da-je-ubije-vec-da-je-vaspitno-urazumi\/#respond"]}]},{"@type":"WebPage","@id":"https:\/\/sandzakpress.net\/arhiva\/sudjenje-alihodzicu-za-napad-na-bivsu-suprugu-nije-htio-da-je-ubije-vec-da-je-vaspitno-urazumi\/","url":"https:\/\/sandzakpress.net\/arhiva\/sudjenje-alihodzicu-za-napad-na-bivsu-suprugu-nije-htio-da-je-ubije-vec-da-je-vaspitno-urazumi\/","name":"Su\u0111enje Alihod\u017ei\u0107u za napad na biv\u0161u suprugu: Nije htio da je ubije, ve\u0107 da je \u201cvaspitno urazumi\u201d","isPartOf":{"@id":"https:\/\/sandzakpress.net\/arhiva\/#website"},"primaryImageOfPage":{"@id":"https:\/\/sandzakpress.net\/arhiva\/sudjenje-alihodzicu-za-napad-na-bivsu-suprugu-nije-htio-da-je-ubije-vec-da-je-vaspitno-urazumi\/#primaryimage"},"image":{"@id":"https:\/\/sandzakpress.net\/arhiva\/sudjenje-alihodzicu-za-napad-na-bivsu-suprugu-nije-htio-da-je-ubije-vec-da-je-vaspitno-urazumi\/#primaryimage"},"thumbnailUrl":"https:\/\/sandzakpress.net\/arhiva\/wp-content\/uploads\/2018\/12\/porodicno-nasilje-1-696x469.jpg","datePublished":"2018-12-14T17:30:45+00:00","breadcrumb":{"@id":"https:\/\/sandzakpress.net\/arhiva\/sudjenje-alihodzicu-za-napad-na-bivsu-suprugu-nije-htio-da-je-ubije-vec-da-je-vaspitno-urazumi\/#breadcrumb"},"inLanguage":"bs-BA","potentialAction":[{"@type":"ReadAction","target":["https:\/\/sandzakpress.net\/arhiva\/sudjenje-alihodzicu-za-napad-na-bivsu-suprugu-nije-htio-da-je-ubije-vec-da-je-vaspitno-urazumi\/"]}]},{"@type":"ImageObject","inLanguage":"bs-BA","@id":"https:\/\/sandzakpress.net\/arhiva\/sudjenje-alihodzicu-za-napad-na-bivsu-suprugu-nije-htio-da-je-ubije-vec-da-je-vaspitno-urazumi\/#primaryimage","url":"https:\/\/sandzakpress.net\/arhiva\/wp-content\/uploads\/2018\/12\/porodicno-nasilje-1-696x469.jpg","contentUrl":"https:\/\/sandzakpress.net\/arhiva\/wp-content\/uploads\/2018\/12\/porodicno-nasilje-1-696x469.jpg","width":696,"height":469},{"@type":"BreadcrumbList","@id":"https:\/\/sandzakpress.net\/arhiva\/sudjenje-alihodzicu-za-napad-na-bivsu-suprugu-nije-htio-da-je-ubije-vec-da-je-vaspitno-urazumi\/#breadcrumb","itemListElement":[{"@type":"ListItem","position":1,"name":"Home","item":"https:\/\/sandzakpress.net\/arhiva\/"},{"@type":"ListItem","position":2,"name":"Su\u0111enje Alihod\u017ei\u0107u za napad na biv\u0161u suprugu: Nije htio da je ubije, ve\u0107 da je \u201cvaspitno urazumi\u201d"}]},{"@type":"WebSite","@id":"https:\/\/sandzakpress.net\/arhiva\/#website","url":"https:\/\/sandzakpress.net\/arhiva\/","name":"Sand\u017eak PRESS","description":"Prve elektronske novine u Sand\u017eaku","publisher":{"@id":"https:\/\/sandzakpress.net\/arhiva\/#\/schema\/person\/6e72b67d6e51910a1117b3b483ba20bd"},"potentialAction":[{"@type":"SearchAction","target":{"@type":"EntryPoint","urlTemplate":"https:\/\/sandzakpress.net\/arhiva\/?s={search_term_string}"},"query-input":{"@type":"PropertyValueSpecification","valueRequired":true,"valueName":"search_term_string"}}],"inLanguage":"bs-BA"},{"@type":["Person","Organization"],"@id":"https:\/\/sandzakpress.net\/arhiva\/#\/schema\/person\/6e72b67d6e51910a1117b3b483ba20bd","name":"Kul","image":{"@type":"ImageObject","inLanguage":"bs-BA","@id":"https:\/\/sandzakpress.net\/arhiva\/#\/schema\/person\/image\/","url":"https:\/\/secure.gravatar.com\/avatar\/42263f39aa27ac04c43cab85c280eb2e?s=96&d=mm&r=pg","contentUrl":"https:\/\/secure.gravatar.com\/avatar\/42263f39aa27ac04c43cab85c280eb2e?s=96&d=mm&r=pg","caption":"Kul"},"logo":{"@id":"https:\/\/sandzakpress.net\/arhiva\/#\/schema\/person\/image\/"}},{"@type":"Person","@id":"https:\/\/sandzakpress.net\/arhiva\/#\/schema\/person\/cb59d7e3ab91ab90dd680ad0305a6185","name":"Agencija","image":{"@type":"ImageObject","inLanguage":"bs-BA","@id":"https:\/\/sandzakpress.net\/arhiva\/#\/schema\/person\/image\/","url":"https:\/\/secure.gravatar.com\/avatar\/4b7fafa80a22f0c2afe23966b3961fe0?s=96&d=mm&r=pg","contentUrl":"https:\/\/secure.gravatar.com\/avatar\/4b7fafa80a22f0c2afe23966b3961fe0?s=96&d=mm&r=pg","caption":"Agencija"},"url":"https:\/\/sandzakpress.net\/arhiva\/author\/agencija\/"}]}},"_links":{"self":[{"href":"https:\/\/sandzakpress.net\/arhiva\/wp-json\/wp\/v2\/posts\/214339"}],"collection":[{"href":"https:\/\/sandzakpress.net\/arhiva\/wp-json\/wp\/v2\/posts"}],"about":[{"href":"https:\/\/sandzakpress.net\/arhiva\/wp-json\/wp\/v2\/types\/post"}],"author":[{"embeddable":true,"href":"https:\/\/sandzakpress.net\/arhiva\/wp-json\/wp\/v2\/users\/509"}],"replies":[{"embeddable":true,"href":"https:\/\/sandzakpress.net\/arhiva\/wp-json\/wp\/v2\/comments?post=214339"}],"version-history":[{"count":0,"href":"https:\/\/sandzakpress.net\/arhiva\/wp-json\/wp\/v2\/posts\/214339\/revisions"}],"wp:featuredmedia":[{"embeddable":true,"href":"https:\/\/sandzakpress.net\/arhiva\/wp-json\/wp\/v2\/media\/214351"}],"wp:attachment":[{"href":"https:\/\/sandzakpress.net\/arhiva\/wp-json\/wp\/v2\/media?parent=214339"}],"wp:term":[{"taxonomy":"category","embeddable":true,"href":"https:\/\/sandzakpress.net\/arhiva\/wp-json\/wp\/v2\/categories?post=214339"},{"taxonomy":"post_tag","embeddable":true,"href":"https:\/\/sandzakpress.net\/arhiva\/wp-json\/wp\/v2\/tags?post=214339"}],"curies":[{"name":"wp","href":"https:\/\/api.w.org\/{rel}","templated":true}]}}