{"id":214226,"date":"2018-12-10T09:26:43","date_gmt":"2018-12-10T08:26:43","guid":{"rendered":"https:\/\/sandzakpress.net\/arhiva\/?p=214226"},"modified":"2018-12-10T14:10:04","modified_gmt":"2018-12-10T13:10:04","slug":"program-unapredjenja-rada-bnv-a-u-naredne-cetiri-godine","status":"publish","type":"post","link":"https:\/\/sandzakpress.net\/arhiva\/program-unapredjenja-rada-bnv-a-u-naredne-cetiri-godine\/","title":{"rendered":"Program unapre\u0111enja rada BNV-a u naredne \u010detiri godine"},"content":{"rendered":"<p><img loading=\"lazy\" decoding=\"async\" class=\"alignnone size-full wp-image-214227\" src=\"https:\/\/sandzakpress.net\/arhiva\/wp-content\/uploads\/2018\/12\/BNV-sjednica.jpeg\" alt=\"\" width=\"1280\" height=\"788\" srcset=\"https:\/\/sandzakpress.net\/arhiva\/wp-content\/uploads\/2018\/12\/BNV-sjednica.jpeg 1280w, https:\/\/sandzakpress.net\/arhiva\/wp-content\/uploads\/2018\/12\/BNV-sjednica-768x473.jpeg 768w, https:\/\/sandzakpress.net\/arhiva\/wp-content\/uploads\/2018\/12\/BNV-sjednica-616x379.jpeg 616w\" sizes=\"(max-width: 1280px) 100vw, 1280px\" \/><\/p>\n<p>S obzirom na zna\u010djanost Bo\u0161nja\u010dkog nacionalnog vije\u0107a i njegovu ulogu u ostvarenju, unapre\u0111enju i za\u0161titi individualnih i kolektivnih prava Bo\u0161njaka u Republici Srbiji, a kako se nalazimo na po\u010detku novog \u010detverogodi\u0161njeg mandata, posebno u momentu otvaranja pregovara\u010dkih poglavlja sa Evropskom Unijom koja tretiraju oblast za\u0161tite prava nacionalnih zajednica, te neophodnosti podno\u0161enja izvje\u0161taja istoj o napretku u ovoj oblasti, \u017eele\u0107i da dam doprinos svim ovim procesima, a cijene\u0107i da mi je to i moralna i zastupni\u010dka obaveza, uz iskustvo koje sam imao kao \u010dlan prethodnog saziva ovog organa i \u010dast da iznova budem izabran od strane bo\u0161nja\u010dkog naroda za vije\u0107nika, u svoje li\u010dno ime i ime opozicionih vije\u0107nika grupe \u201eMatice bo\u0161nja\u010dke\u201c predla\u017eem sljede\u0107i:<\/p>\n<p>&nbsp;<\/p>\n<p style=\"text-align: center;\"><strong>P R O G R A M\u00a0\u00a0 U N A P R E \u0110 E NJ A\u00a0\u00a0 R A D A<\/strong><\/p>\n<p style=\"text-align: center;\"><strong>B O \u0160 NJ A \u010c K O G\u00a0\u00a0 N A C I O N A L N O G\u00a0\u00a0 V I J E \u0106 A<\/strong><\/p>\n<p style=\"text-align: center;\"><strong>U\u00a0\u00a0 N A R E D N E\u00a0\u00a0 \u010c E T I R I\u00a0\u00a0 G O D I N\u00a0 E<\/strong><\/p>\n<p><strong>\u00a0<\/strong><\/p>\n<p style=\"text-align: center;\"><strong>I<\/strong><\/p>\n<p>&nbsp;<\/p>\n<p>Vije\u0107e mora imati humaniji odnos prema tehni\u010dkom osoblju i protokolu, usljed \u010dega treba pod hitno poduzeti konkretne korake za\u0161tite njihovih ljudskih i radni\u010dkih prava.<\/p>\n<p>Tehni\u010dke slu\u017ebe u hladnim, ki\u0161nim, vjetrovitim i snije\u017enim zimskim danima, prilikom zasijedanja Vije\u0107a, na plo\u010dniku ispred Glavnog ureda stoje za stolom \u010dekaju\u0107i vije\u0107nike i ostale zvanice da preuzmu svoje akreditacije vi\u0161e od sahat vremena. Slu\u017ebenicama kojima je povjeren ovaj jako odgovorni posao, na ovaj na\u010din ugro\u017eena su radni\u010dka prava, jer su izlo\u017eene raznim atmosferskim pojavama bez ikakve za\u0161tite, \u0161to je u suprotnosti sa Zakon o za\u0161titi na radu. Kako bi se to izbjeglo, predla\u017eem da se u \u0161to hitnijem roku zaka\u017ee sjednica Vije\u0107a na kojoj \u0107e se u skladu sa Statutom Bo\u0161nja\u010dkog nacionalnog vije\u0107a donijeti odluka o raspisivanu u \u0161to hitnijem roku tendera za kupovinu ki\u0161obrana koji bi slu\u017eio za te svrhe. U odluci se treba precizirati da je zato neophodno da se nabavi veliki ki\u0161obran koji bi mogao da obuvati cijeli sto i bar pola metra ako ba\u0161 ne mo\u017ee cijeli metar sa prednje i zadnje strane kako bi se za\u0161titile i radnice tehni\u010dke slu\u017ebe i akreditacije od atmosferskih padavina.<\/p>\n<p>Ako nema ponu\u0111iva\u010da koji bi mogao obezbijediti takav ki\u0161obran, mo\u017eda bi mogao poslu\u017eiti i suncobran, to bi se nazna\u010dilo zvjezdicom u konkursnoj dokumentaciji. I bolje da bude multifunkcionalan, jer Vije\u0107e radi tokom sva \u010detiri godi\u0161nja doba. Zimi da \u0161titi od ki\u0161e, susnje\u017eice i snijega, a ljeti od sunca. A mo\u017eemo ga nazvati i ki\u0161o-suncobran. Bitno je da poslu\u017ei svrsi i bude u\u010dinkovit.<\/p>\n<p>&nbsp;<\/p>\n<p style=\"text-align: center;\"><strong>II<\/strong><\/p>\n<p>&nbsp;<\/p>\n<p>Kako bi se postavljenjem tog ki\u0161o-sucobrana dodatno uzurpirala javna svojina na gradskom \u0161etali\u0161tu, ova odluka uzro\u010dno-posljedi\u010dno iziskuje da Vije\u0107e donese na istoj sjednici jo\u0161 jednu hitnu Odluku o upu\u0107ivanju zahtjeva Gradu Novom Pazaru da za potrebe rada Bo\u0161nja\u010dkog nacionalnog vije\u0107a ustupi ovom organu na kori\u0161\u0107enje bar 20 kvadrata \u0161etali\u0161ta ispred samog ulaza u Glavni ured. Dono\u0161enjem ove odluke bi se unaprijed onemogu\u0107ilo da se stanovnici okolnih zgrada i zlonamjerni gra\u0111ani slu\u010dajno ne dosjete i prijave komunalnoj inspekciji Vije\u0107e zbog zolupotrebe javne povr\u0161ine. Isto tako, u odluci se mora precizirati da grad tih 20 kvadrata ustupi Vije\u0107u besplatno na kori\u0161tenje, jer se radi o op\u0107em dobru, tu ne smiju va\u017eiti takse kao za zakupce tersa na \u0161etlai\u0161tu. Ovo iz razloga da od zakupaca koji gradu redovno pla\u0107aju za svaki kvadrat koji koriste ne protestira i time nanese \u0161tetu ugledu i Gradu i Vije\u0107u.<\/p>\n<p>&nbsp;<\/p>\n<p style=\"text-align: center;\"><strong>III<\/strong><\/p>\n<p>&nbsp;<\/p>\n<p>Zbog imid\u017ea ovog najva\u017enijeg predstavni\u010dkog organa Bo\u0161njaka u Republici Srbiji, neophodno je u izvjesnoj mjeri izvr\u0161iti i promjene u slu\u017ebi Protokola. To podrazumijeva recipro\u010dno smanjenje kriminalaca u ovoj slu\u017ebi. Svjesni da je svaka nagla promjena opasna, ne insistiramo da se svi oni odjednom uklone, ve\u0107 da taj proces ide korak po korak. Zato smatramo da bi u ovom \u010detverogodi\u0161njem mandatu trebalo umanjiti njihov procenat bar za trideset procenata. Time bismo i simboli\u010dno pokazali da smo u prethodne tri decenije napravili ozbiljan napredak u uspostavi vladavine prava u na\u0161im institucijama i dali svijetao primjer drugima. Ne treba i\u0107i vi\u0161e od trideset procenata, sasvim je dovoljno toliko, ostalo \u0107emo regulisati u narednim dekandama.<\/p>\n<p>&nbsp;<\/p>\n<p style=\"text-align: center;\"><strong>IV<\/strong><\/p>\n<p>&nbsp;<\/p>\n<p>Po\u0161tuju\u0107i tradiciju, vjerska i nacionalna prava vije\u0107nika, neophodno je donijeti i odluku o kontrolisanoj upotrebi alkohola slu\u017ebenika Protokola. Vije\u0107nici Matice bo\u0161nja\u010dke ne konzumiraju alkohol, nikada se nisu nalazili u ambijentu potpune dominacije alkoholnih izduvnih supstanci. A kako prilikom ulaska na zasijedanje Vije\u0107a moraju pro\u0107i kroz \u0161palir slu\u017ebenika protokola koji svi odreda izbacuju neograni\u010dene koli\u010dine takvih supstanci, dok do\u0111u do svojih mjesta, naprosto se osje\u0107aju o\u0161amu\u0107eno.<\/p>\n<p>Mi nismo neralni u zahtjevima. Znaju\u0107i da je nemogu\u0107e skroz zabraniti slu\u017ebenicima protkola da budu trezveni dok traje sjednica Vije\u0107a, jer bi to vjerovatno ugrozilo njihovo zdravstveno stanje i moglo dovesti do psiholo\u0161kih kriza, zato smatramo da u ovom \u010detverogodi\u0161njem mandatu treba bar za trideset procenata smanjiti prisustvo izduvnih alkoholnih supstanci u zraku, a u narednom mandatu nastaviti sa postepenim smanjenjem.<\/p>\n<p>Ova odluka mora imati i klauzu da je neophodno posredstvom dopisa od Doma zdravlja ili Op\u0107e bolnice tra\u017eiti de\u017eurstvo jedne bolni\u010darske ekipe sastavljenje od minimum jednog ljekara specijaliste i jednog tehni\u010dara tokom trajanja sjednice Vije\u0107a, jer bi nekom od slu\u017ebenika protokola moglo pozliti zbog manjka alkoholni supstanci u krvotoku.<\/p>\n<p>&nbsp;<\/p>\n<p style=\"text-align: center;\"><strong>V<\/strong><\/p>\n<p>Kao legalisti i odgovorni izabrani predstavnici gra\u0111ana, moramo po\u0161tivati zakonske odredbe. A Zakon o nacionalnim savjetima nacionalnih manjina propisuje da rad ovih organa mora biti javan. Zato smatramo da je jako nepravedno prema javnosti da mediji mogu snimati samo dvije minute zasijedanja Bo\u0161nja\u010dke skup\u0161tine. Predla\u017eemo da se koliko-toliko uskladimo sa zakonom, pa da u ovom \u010detverogodi\u0161njem mandatu dozvolimo medijima da snimaju trideset minuta. To je sasvim dovoljno, ni premalo ni premnogo. Nije u redu ni da snimaju cijelu sjednicu, makar ne u ovom mandatu, jer bi to bio \u0161ok za gra\u0111ane. Prosto, nismo ih navikli na tu privilegiju da budu upoznati sa svim de\u0161avanjima na ovom organu gdje se borimo za njihova individualna i kolektivna prava. Postoji bojazan da bi oni od tolike energije i pameti mogli ste\u0107i iskrivljenu sliku o nama, mo\u017eda bi im o\u010dekivanja postala ve\u0107a. A i ne moraju da znaju ba\u0161 svaku pojedinost. Sasvim je dovoljno pola sahata u ove \u010detiri godine, da ih pripremimo za sljede\u0107i period.<\/p>\n<p>&nbsp;<\/p>\n<p style=\"text-align: center;\"><strong>VI<\/strong><\/p>\n<p>&nbsp;<\/p>\n<p>Trideset pet vije\u0107nika, gosti, tehni\u010dka slu\u017eba i protokol \u2013 svi zajedno crpimo ograni\u010denu koli\u010dinu kiseonika u prostorijama u kojim zasijedamo, minimum nas sedamdeset, a nerijetko i preko stotinu. Obzirom da se vrata po ulasku vije\u0107nika revnosno zaklju\u010davaju, da nema prozora i da ne postoji protok i strujanje vazduha, ograni\u010dena je koli\u010dina kiseonika po glavi osobe koja je prusutna u Sali. I tu smo neravnopravni, jer neko je krupniji, a neko sitniji. Neko ima ve\u0107a plu\u0107a, pa grabi ve\u0107u koli\u010dinu kiseonika i vra\u0107a ugljendioksid. To je nedopustivo. Zato treba donijetu hitnu Odluku na prvom sljede\u0107em zasijedanju o raspisivanju tendera o izvo\u0111enju gra\u0111evinskih radova na zidu zgrade vije\u0107a s ciljem otvaranja jednog prozora dimenzija 10&#215;10 centimetara. Taj prozor ne smije biti ve\u0107i u ovom \u010detverogodi\u0161njem mandatu, jer bi to zna\u010dilo i ve\u0107u koli\u010dinu kiseonika koja bi naglo uletjela u taj prostor i udarila nas nenaviknute na svje\u017einu. Vjerovtno bismo se svi onesvijestili od tolike koli\u010dine zraka, zato je zbog porcesa adaptacije va\u017eno da to budu ba\u0161 te dimenzije.<\/p>\n<p>Druga korist tog prozora jeste i \u010dinjenica da bismo time mogli da dobijemo dodir i sa prirodnom svjetlo\u0161\u0107u. \u0160ta da nas sa prozora, recimo, 100&#215;100 centimetara odjednom ubije dnevna svjetlost u o\u010di, pa zaslijepili bismo.<\/p>\n<p>Zato sada treba donijeti odluku da taj prozor bude 10&#215;10 centimetara u ovom \u010detverogodi\u0161njem mandatu, a u narednom, kada se kako-tako priviknemo, mo\u017eemo donijeti novu odluku o por\u0161irenju istog.<\/p>\n<p>&nbsp;<\/p>\n<p style=\"text-align: center;\"><strong>VII<\/strong><\/p>\n<p>&nbsp;<\/p>\n<p>Kako su gra\u0111ani mogli da vide u toku ove prve dvije sjednice koje su mediji, uprkos zabrani, u cijelosti prenosili, \u0161to nije u redu, zasijedanja traju prili\u010dno dugo. Razlog zato je najvjerovatnije u komforu stolica na kojima sjede vije\u0107nici; toliko su udobne da ve\u0107ina vije\u0107nika, prosto, ne mo\u017ee da ustane sa svog mjesta. Zaborave i da u rukama dr\u017ee radni materijal, jednostavno se zavale u tom komoditetu. To se mora hitno mijenjati. A s obzirom da svakako taj invetar nije u vlasni\u0161tvu Vije\u0107a, ve\u0107 Centra za bo\u0161nja\u010dke studije iz Tutina koji ga samo uznajmljuje ili daje na kori\u0161\u0107enje Vije\u0107u, a kako je sada ve\u0107 dvostruko birani predsjednik ujedno i vlasnik tog Centra nalazi se u sukobu interesa. Dakle, moramo ga za\u0161titi od Agencije za borbu protiv korupcije.<\/p>\n<p>Zato je neopodno na prvoj narednoj sjednici donijeti dvije odluke. Jednu kojom \u0107emo se mi Vije\u0107nici zahvaliti Centru za bo\u0161nja\u010dke studije na dosada\u0161njem ustupanju inventara i nemjerljivog doprinosa koji je vlasnik tog centra dao unapre\u0111enju kolektivnih i individulanih prava Bo\u0161njaka, jer je omogu\u0107io da sjedimo u takvim stolicama dok raspravljamo najva\u017enije stvari od nacionalnog interesa. Tu odluku da potip\u0161e sekretar Vije\u0107a, jer nije u redu da predsjednik sam sebi zahvaljuje. A druga odluka\u00a0 treba da bude Raspisivanje tendera o kupovini novih stolica za Vije\u0107nike. U odluci da se precizno napi\u0161e da te stolice moraju biti malo tvr\u0111e, po mogu\u0107osti drvene, \u0111a\u010dke, kako bi vije\u0107nici \u0161to prije utrnuli i time izgubili snagu da se javljaju po svakoj ta\u010dki dnvenog reda, \u010dime bi se rad Vije\u0107a znatno urbzao; a to dovodi ne samo do u\u0161teda vremena ve\u0107 i struje, grijanja, vode i svega ostalog.<\/p>\n<p>Ne insistiramo, ali bi bilo dobro da se u tenderu precizira da te stolice ili klupe imaju neke minijaturne naslonja\u010de na kojima bi vije\u0107nici mogli da stave bar pola materijala, a drugu polovinu nek i dalje dr\u017ee u rukama. Tako \u0107e im obje ruke biti zauzete i te\u017ee \u0107e mo\u0107i da se javljaju za rije\u010d. To bi bio veliki doprinos u ovom \u010detverogodi\u0161njem mandatu.<\/p>\n<p>&nbsp;<\/p>\n<p style=\"text-align: center;\"><strong>VIII<\/strong><\/p>\n<p>Predla\u017eem i novu izmjenu Poslovnika o radu Bo\u0161nja\u010dkog nacionalnog vije\u0107a. Bili smo svjedoci da su se na ovoj Drugoj sjednici Vije\u0107a vije\u0107nici liste Matice bo\u0161nja\u010dke javljali za rije\u010d po svakoj ta\u010dki dnevnog reda. To je izazvalo nelagodu vije\u0107nika Sasmoopredjeljenja, koji su za govornicom kazali da na taj na\u010din mi kao manjina teroriziramo ve\u0107inu. Kako bi se to sprije\u010dilo u budu\u0107nosti, predla\u017eem da se u Poslovniku ugradi novi \u010dlan, po kome \u0107e se svaki vije\u0107nik mo\u0107i javiti za rije\u010d tek za svaku tre\u0107u ta\u010dku dnevnog reda. \u0160to mora ba\u0161 po svakoj ta\u010dki da se diskutira. To nije u redu. To se mora ograni\u010diti. I to neka bude u ovom mandatu tako.<\/p>\n<p>&nbsp;<\/p>\n<p style=\"text-align: center;\"><strong>IX<\/strong><\/p>\n<p><strong>\u00a0<\/strong><\/p>\n<p>Kao najzna\u010dajniji predstavni\u010dki organ Bo\u0161njaka u Republici Srbiji, Bo\u0161nja\u010dka skupo\u0161tina Bo\u0161nja\u010dko nacionalno vije\u0107e ima veliku odgovornost i ne smije sebi dozvoliti bilo kakvu nepravilnost. Zato predla\u017eem da nastavimo praksu koju smo zapo\u010deli, to jeste da s eubud\u0107e svaka odluka izglasava po dva puta, da ne bi bilo dileme i nedoumice. A i kad smo dva puta izabrali predsjednika, s kojim pravom da ne potvrdimo dodatnim glasanjem i svaku drugu odluku. Bolje je podebljati. Vjerujem da bi ta praksa mogla postati dobar primjer i za sve ostale parlamente, mo\u017eda time doprinesemo da se jednog dana na isti na\u010din odlu\u010dije i u Evropskome parlamentu. Na kraju, \u0161to je sigurno, sigurno je.<\/p>\n<p>&nbsp;<\/p>\n<p style=\"text-align: center;\">***<\/p>\n<p>Ovo bi bio moj Program unapre\u0111enja rada Bo\u0161nja\u010dkog nacionalnog vije\u0107a u naredne \u010detiri godine u devet ta\u010daka. Isti danas, 10. 12. 2018. godine, na Me\u0111unarodni dan ljudskih prava, javno obznanjujem i stavljam bo\u0161nja\u010dkome narodu na javni uvid. Tako\u0111er i dvosturkoizabranom rukovodstvu Bo\u0161nja\u010dkoga nacionalnoga vije\u0107a.<\/p>\n<p>\u010cvrsto sam ubije\u0111en da bismo njegovom primjenom postigli najve\u0107e rezultate u ovom mandatu. Kako bi bio u \u0161to ve\u0107oj mjeri prihvatljiv i na kraju postao i obavezuju\u0107i za sve nas, predla\u017eem i da raspi\u0161emo referendum o njegovom prihvatanju, a sve u duhu demokratije i unapre\u0111enja na\u0161ih individulanih i kolektivnih prava.<\/p>\n<p>&nbsp;<\/p>\n<p>Vije\u0107nik Bo\u0161nja\u010dkog nacionalnog vije\u0107a<\/p>\n<p>dr. Jahja Fehratovi\u0107<\/p>\n<p>Novi Pazar, 10. 12. 2018. godine<\/p>\n","protected":false},"excerpt":{"rendered":"<p>S obzirom na zna\u010djanost Bo\u0161nja\u010dkog nacionalnog vije\u0107a i njegovu ulogu u ostvarenju, unapre\u0111enju i za\u0161titi individualnih i kolektivnih prava Bo\u0161njaka u Republici Srbiji, a kako se nalazimo na po\u010detku novog \u010detverogodi\u0161njeg mandata, posebno u momentu otvaranja pregovara\u010dkih poglavlja sa Evropskom Unijom koja tretiraju oblast za\u0161tite prava nacionalnih zajednica, te neophodnosti podno\u0161enja izvje\u0161taja istoj o napretku [&hellip;]<\/p>\n","protected":false},"author":509,"featured_media":214227,"comment_status":"open","ping_status":"open","sticky":false,"template":"","format":"standard","meta":{"footnotes":""},"categories":[72,10196,8957],"tags":[],"class_list":{"0":"post-214226","1":"post","2":"type-post","3":"status-publish","4":"format-standard","5":"has-post-thumbnail","7":"category-novi-pazar","8":"category-iz-pera-nasih-autora","9":"category-vijesti-dana"},"yoast_head":"<!-- This site is optimized with the Yoast SEO Premium plugin v23.1 (Yoast SEO v24.9) - https:\/\/yoast.com\/wordpress\/plugins\/seo\/ -->\n<title>Program unapre\u0111enja rada BNV-a u naredne \u010detiri godine<\/title>\n<meta name=\"robots\" content=\"index, follow, max-snippet:-1, max-image-preview:large, max-video-preview:-1\" \/>\n<link rel=\"canonical\" href=\"https:\/\/sandzakpress.net\/arhiva\/program-unapredjenja-rada-bnv-a-u-naredne-cetiri-godine\/\" \/>\n<meta property=\"og:locale\" content=\"bs_BA\" \/>\n<meta property=\"og:type\" content=\"article\" \/>\n<meta property=\"og:title\" content=\"Program unapre\u0111enja rada BNV-a u naredne \u010detiri godine\" \/>\n<meta property=\"og:description\" content=\"S obzirom na zna\u010djanost Bo\u0161nja\u010dkog nacionalnog vije\u0107a i njegovu ulogu u ostvarenju, unapre\u0111enju i za\u0161titi individualnih i kolektivnih prava Bo\u0161njaka u Republici Srbiji, a kako se nalazimo na po\u010detku novog \u010detverogodi\u0161njeg mandata, posebno u momentu otvaranja pregovara\u010dkih poglavlja sa Evropskom Unijom koja tretiraju oblast za\u0161tite prava nacionalnih zajednica, te neophodnosti podno\u0161enja izvje\u0161taja istoj o napretku [&hellip;]\" \/>\n<meta property=\"og:url\" content=\"https:\/\/sandzakpress.net\/arhiva\/program-unapredjenja-rada-bnv-a-u-naredne-cetiri-godine\/\" \/>\n<meta property=\"og:site_name\" content=\"Sand\u017eak PRESS\" \/>\n<meta property=\"article:published_time\" content=\"2018-12-10T08:26:43+00:00\" \/>\n<meta property=\"article:modified_time\" content=\"2018-12-10T13:10:04+00:00\" \/>\n<meta property=\"og:image\" content=\"https:\/\/sandzakpress.net\/arhiva\/wp-content\/uploads\/2018\/12\/BNV-sjednica.jpeg\" \/>\n\t<meta property=\"og:image:width\" content=\"1280\" \/>\n\t<meta property=\"og:image:height\" content=\"788\" \/>\n\t<meta property=\"og:image:type\" content=\"image\/jpeg\" \/>\n<meta name=\"author\" content=\"Agencija\" \/>\n<meta name=\"twitter:card\" content=\"summary_large_image\" \/>\n<meta name=\"twitter:label1\" content=\"Written by\" \/>\n\t<meta name=\"twitter:data1\" content=\"Agencija\" \/>\n\t<meta name=\"twitter:label2\" content=\"Est. reading time\" \/>\n\t<meta name=\"twitter:data2\" content=\"11 minuta\" \/>\n<script type=\"application\/ld+json\" class=\"yoast-schema-graph\">{\"@context\":\"https:\/\/schema.org\",\"@graph\":[{\"@type\":\"Article\",\"@id\":\"https:\/\/sandzakpress.net\/arhiva\/program-unapredjenja-rada-bnv-a-u-naredne-cetiri-godine\/#article\",\"isPartOf\":{\"@id\":\"https:\/\/sandzakpress.net\/arhiva\/program-unapredjenja-rada-bnv-a-u-naredne-cetiri-godine\/\"},\"author\":{\"name\":\"Agencija\",\"@id\":\"https:\/\/sandzakpress.net\/arhiva\/#\/schema\/person\/cb59d7e3ab91ab90dd680ad0305a6185\"},\"headline\":\"Program unapre\u0111enja rada BNV-a u naredne \u010detiri godine\",\"datePublished\":\"2018-12-10T08:26:43+00:00\",\"dateModified\":\"2018-12-10T13:10:04+00:00\",\"mainEntityOfPage\":{\"@id\":\"https:\/\/sandzakpress.net\/arhiva\/program-unapredjenja-rada-bnv-a-u-naredne-cetiri-godine\/\"},\"wordCount\":2208,\"commentCount\":0,\"publisher\":{\"@id\":\"https:\/\/sandzakpress.net\/arhiva\/#\/schema\/person\/6e72b67d6e51910a1117b3b483ba20bd\"},\"image\":{\"@id\":\"https:\/\/sandzakpress.net\/arhiva\/program-unapredjenja-rada-bnv-a-u-naredne-cetiri-godine\/#primaryimage\"},\"thumbnailUrl\":\"https:\/\/sandzakpress.net\/arhiva\/wp-content\/uploads\/2018\/12\/BNV-sjednica.jpeg\",\"articleSection\":[\"Novi Pazar\",\"Iz pera na\u0161ih autora\",\"VIJESTI DANA\"],\"inLanguage\":\"bs-BA\",\"potentialAction\":[{\"@type\":\"CommentAction\",\"name\":\"Comment\",\"target\":[\"https:\/\/sandzakpress.net\/arhiva\/program-unapredjenja-rada-bnv-a-u-naredne-cetiri-godine\/#respond\"]}]},{\"@type\":\"WebPage\",\"@id\":\"https:\/\/sandzakpress.net\/arhiva\/program-unapredjenja-rada-bnv-a-u-naredne-cetiri-godine\/\",\"url\":\"https:\/\/sandzakpress.net\/arhiva\/program-unapredjenja-rada-bnv-a-u-naredne-cetiri-godine\/\",\"name\":\"Program unapre\u0111enja rada BNV-a u naredne \u010detiri godine\",\"isPartOf\":{\"@id\":\"https:\/\/sandzakpress.net\/arhiva\/#website\"},\"primaryImageOfPage\":{\"@id\":\"https:\/\/sandzakpress.net\/arhiva\/program-unapredjenja-rada-bnv-a-u-naredne-cetiri-godine\/#primaryimage\"},\"image\":{\"@id\":\"https:\/\/sandzakpress.net\/arhiva\/program-unapredjenja-rada-bnv-a-u-naredne-cetiri-godine\/#primaryimage\"},\"thumbnailUrl\":\"https:\/\/sandzakpress.net\/arhiva\/wp-content\/uploads\/2018\/12\/BNV-sjednica.jpeg\",\"datePublished\":\"2018-12-10T08:26:43+00:00\",\"dateModified\":\"2018-12-10T13:10:04+00:00\",\"breadcrumb\":{\"@id\":\"https:\/\/sandzakpress.net\/arhiva\/program-unapredjenja-rada-bnv-a-u-naredne-cetiri-godine\/#breadcrumb\"},\"inLanguage\":\"bs-BA\",\"potentialAction\":[{\"@type\":\"ReadAction\",\"target\":[\"https:\/\/sandzakpress.net\/arhiva\/program-unapredjenja-rada-bnv-a-u-naredne-cetiri-godine\/\"]}]},{\"@type\":\"ImageObject\",\"inLanguage\":\"bs-BA\",\"@id\":\"https:\/\/sandzakpress.net\/arhiva\/program-unapredjenja-rada-bnv-a-u-naredne-cetiri-godine\/#primaryimage\",\"url\":\"https:\/\/sandzakpress.net\/arhiva\/wp-content\/uploads\/2018\/12\/BNV-sjednica.jpeg\",\"contentUrl\":\"https:\/\/sandzakpress.net\/arhiva\/wp-content\/uploads\/2018\/12\/BNV-sjednica.jpeg\",\"width\":1280,\"height\":788},{\"@type\":\"BreadcrumbList\",\"@id\":\"https:\/\/sandzakpress.net\/arhiva\/program-unapredjenja-rada-bnv-a-u-naredne-cetiri-godine\/#breadcrumb\",\"itemListElement\":[{\"@type\":\"ListItem\",\"position\":1,\"name\":\"Home\",\"item\":\"https:\/\/sandzakpress.net\/arhiva\/\"},{\"@type\":\"ListItem\",\"position\":2,\"name\":\"Program unapre\u0111enja rada BNV-a u naredne \u010detiri godine\"}]},{\"@type\":\"WebSite\",\"@id\":\"https:\/\/sandzakpress.net\/arhiva\/#website\",\"url\":\"https:\/\/sandzakpress.net\/arhiva\/\",\"name\":\"Sand\u017eak PRESS\",\"description\":\"Prve elektronske novine u Sand\u017eaku\",\"publisher\":{\"@id\":\"https:\/\/sandzakpress.net\/arhiva\/#\/schema\/person\/6e72b67d6e51910a1117b3b483ba20bd\"},\"potentialAction\":[{\"@type\":\"SearchAction\",\"target\":{\"@type\":\"EntryPoint\",\"urlTemplate\":\"https:\/\/sandzakpress.net\/arhiva\/?s={search_term_string}\"},\"query-input\":{\"@type\":\"PropertyValueSpecification\",\"valueRequired\":true,\"valueName\":\"search_term_string\"}}],\"inLanguage\":\"bs-BA\"},{\"@type\":[\"Person\",\"Organization\"],\"@id\":\"https:\/\/sandzakpress.net\/arhiva\/#\/schema\/person\/6e72b67d6e51910a1117b3b483ba20bd\",\"name\":\"Kul\",\"image\":{\"@type\":\"ImageObject\",\"inLanguage\":\"bs-BA\",\"@id\":\"https:\/\/sandzakpress.net\/arhiva\/#\/schema\/person\/image\/\",\"url\":\"https:\/\/secure.gravatar.com\/avatar\/42263f39aa27ac04c43cab85c280eb2e?s=96&d=mm&r=pg\",\"contentUrl\":\"https:\/\/secure.gravatar.com\/avatar\/42263f39aa27ac04c43cab85c280eb2e?s=96&d=mm&r=pg\",\"caption\":\"Kul\"},\"logo\":{\"@id\":\"https:\/\/sandzakpress.net\/arhiva\/#\/schema\/person\/image\/\"}},{\"@type\":\"Person\",\"@id\":\"https:\/\/sandzakpress.net\/arhiva\/#\/schema\/person\/cb59d7e3ab91ab90dd680ad0305a6185\",\"name\":\"Agencija\",\"image\":{\"@type\":\"ImageObject\",\"inLanguage\":\"bs-BA\",\"@id\":\"https:\/\/sandzakpress.net\/arhiva\/#\/schema\/person\/image\/\",\"url\":\"https:\/\/secure.gravatar.com\/avatar\/4b7fafa80a22f0c2afe23966b3961fe0?s=96&d=mm&r=pg\",\"contentUrl\":\"https:\/\/secure.gravatar.com\/avatar\/4b7fafa80a22f0c2afe23966b3961fe0?s=96&d=mm&r=pg\",\"caption\":\"Agencija\"},\"url\":\"https:\/\/sandzakpress.net\/arhiva\/author\/agencija\/\"}]}<\/script>\n<!-- \/ Yoast SEO Premium plugin. -->","yoast_head_json":{"title":"Program unapre\u0111enja rada BNV-a u naredne \u010detiri godine","robots":{"index":"index","follow":"follow","max-snippet":"max-snippet:-1","max-image-preview":"max-image-preview:large","max-video-preview":"max-video-preview:-1"},"canonical":"https:\/\/sandzakpress.net\/arhiva\/program-unapredjenja-rada-bnv-a-u-naredne-cetiri-godine\/","og_locale":"bs_BA","og_type":"article","og_title":"Program unapre\u0111enja rada BNV-a u naredne \u010detiri godine","og_description":"S obzirom na zna\u010djanost Bo\u0161nja\u010dkog nacionalnog vije\u0107a i njegovu ulogu u ostvarenju, unapre\u0111enju i za\u0161titi individualnih i kolektivnih prava Bo\u0161njaka u Republici Srbiji, a kako se nalazimo na po\u010detku novog \u010detverogodi\u0161njeg mandata, posebno u momentu otvaranja pregovara\u010dkih poglavlja sa Evropskom Unijom koja tretiraju oblast za\u0161tite prava nacionalnih zajednica, te neophodnosti podno\u0161enja izvje\u0161taja istoj o napretku [&hellip;]","og_url":"https:\/\/sandzakpress.net\/arhiva\/program-unapredjenja-rada-bnv-a-u-naredne-cetiri-godine\/","og_site_name":"Sand\u017eak PRESS","article_published_time":"2018-12-10T08:26:43+00:00","article_modified_time":"2018-12-10T13:10:04+00:00","og_image":[{"width":1280,"height":788,"url":"https:\/\/sandzakpress.net\/arhiva\/wp-content\/uploads\/2018\/12\/BNV-sjednica.jpeg","type":"image\/jpeg"}],"author":"Agencija","twitter_card":"summary_large_image","twitter_misc":{"Written by":"Agencija","Est. reading time":"11 minuta"},"schema":{"@context":"https:\/\/schema.org","@graph":[{"@type":"Article","@id":"https:\/\/sandzakpress.net\/arhiva\/program-unapredjenja-rada-bnv-a-u-naredne-cetiri-godine\/#article","isPartOf":{"@id":"https:\/\/sandzakpress.net\/arhiva\/program-unapredjenja-rada-bnv-a-u-naredne-cetiri-godine\/"},"author":{"name":"Agencija","@id":"https:\/\/sandzakpress.net\/arhiva\/#\/schema\/person\/cb59d7e3ab91ab90dd680ad0305a6185"},"headline":"Program unapre\u0111enja rada BNV-a u naredne \u010detiri godine","datePublished":"2018-12-10T08:26:43+00:00","dateModified":"2018-12-10T13:10:04+00:00","mainEntityOfPage":{"@id":"https:\/\/sandzakpress.net\/arhiva\/program-unapredjenja-rada-bnv-a-u-naredne-cetiri-godine\/"},"wordCount":2208,"commentCount":0,"publisher":{"@id":"https:\/\/sandzakpress.net\/arhiva\/#\/schema\/person\/6e72b67d6e51910a1117b3b483ba20bd"},"image":{"@id":"https:\/\/sandzakpress.net\/arhiva\/program-unapredjenja-rada-bnv-a-u-naredne-cetiri-godine\/#primaryimage"},"thumbnailUrl":"https:\/\/sandzakpress.net\/arhiva\/wp-content\/uploads\/2018\/12\/BNV-sjednica.jpeg","articleSection":["Novi Pazar","Iz pera na\u0161ih autora","VIJESTI DANA"],"inLanguage":"bs-BA","potentialAction":[{"@type":"CommentAction","name":"Comment","target":["https:\/\/sandzakpress.net\/arhiva\/program-unapredjenja-rada-bnv-a-u-naredne-cetiri-godine\/#respond"]}]},{"@type":"WebPage","@id":"https:\/\/sandzakpress.net\/arhiva\/program-unapredjenja-rada-bnv-a-u-naredne-cetiri-godine\/","url":"https:\/\/sandzakpress.net\/arhiva\/program-unapredjenja-rada-bnv-a-u-naredne-cetiri-godine\/","name":"Program unapre\u0111enja rada BNV-a u naredne \u010detiri godine","isPartOf":{"@id":"https:\/\/sandzakpress.net\/arhiva\/#website"},"primaryImageOfPage":{"@id":"https:\/\/sandzakpress.net\/arhiva\/program-unapredjenja-rada-bnv-a-u-naredne-cetiri-godine\/#primaryimage"},"image":{"@id":"https:\/\/sandzakpress.net\/arhiva\/program-unapredjenja-rada-bnv-a-u-naredne-cetiri-godine\/#primaryimage"},"thumbnailUrl":"https:\/\/sandzakpress.net\/arhiva\/wp-content\/uploads\/2018\/12\/BNV-sjednica.jpeg","datePublished":"2018-12-10T08:26:43+00:00","dateModified":"2018-12-10T13:10:04+00:00","breadcrumb":{"@id":"https:\/\/sandzakpress.net\/arhiva\/program-unapredjenja-rada-bnv-a-u-naredne-cetiri-godine\/#breadcrumb"},"inLanguage":"bs-BA","potentialAction":[{"@type":"ReadAction","target":["https:\/\/sandzakpress.net\/arhiva\/program-unapredjenja-rada-bnv-a-u-naredne-cetiri-godine\/"]}]},{"@type":"ImageObject","inLanguage":"bs-BA","@id":"https:\/\/sandzakpress.net\/arhiva\/program-unapredjenja-rada-bnv-a-u-naredne-cetiri-godine\/#primaryimage","url":"https:\/\/sandzakpress.net\/arhiva\/wp-content\/uploads\/2018\/12\/BNV-sjednica.jpeg","contentUrl":"https:\/\/sandzakpress.net\/arhiva\/wp-content\/uploads\/2018\/12\/BNV-sjednica.jpeg","width":1280,"height":788},{"@type":"BreadcrumbList","@id":"https:\/\/sandzakpress.net\/arhiva\/program-unapredjenja-rada-bnv-a-u-naredne-cetiri-godine\/#breadcrumb","itemListElement":[{"@type":"ListItem","position":1,"name":"Home","item":"https:\/\/sandzakpress.net\/arhiva\/"},{"@type":"ListItem","position":2,"name":"Program unapre\u0111enja rada BNV-a u naredne \u010detiri godine"}]},{"@type":"WebSite","@id":"https:\/\/sandzakpress.net\/arhiva\/#website","url":"https:\/\/sandzakpress.net\/arhiva\/","name":"Sand\u017eak PRESS","description":"Prve elektronske novine u Sand\u017eaku","publisher":{"@id":"https:\/\/sandzakpress.net\/arhiva\/#\/schema\/person\/6e72b67d6e51910a1117b3b483ba20bd"},"potentialAction":[{"@type":"SearchAction","target":{"@type":"EntryPoint","urlTemplate":"https:\/\/sandzakpress.net\/arhiva\/?s={search_term_string}"},"query-input":{"@type":"PropertyValueSpecification","valueRequired":true,"valueName":"search_term_string"}}],"inLanguage":"bs-BA"},{"@type":["Person","Organization"],"@id":"https:\/\/sandzakpress.net\/arhiva\/#\/schema\/person\/6e72b67d6e51910a1117b3b483ba20bd","name":"Kul","image":{"@type":"ImageObject","inLanguage":"bs-BA","@id":"https:\/\/sandzakpress.net\/arhiva\/#\/schema\/person\/image\/","url":"https:\/\/secure.gravatar.com\/avatar\/42263f39aa27ac04c43cab85c280eb2e?s=96&d=mm&r=pg","contentUrl":"https:\/\/secure.gravatar.com\/avatar\/42263f39aa27ac04c43cab85c280eb2e?s=96&d=mm&r=pg","caption":"Kul"},"logo":{"@id":"https:\/\/sandzakpress.net\/arhiva\/#\/schema\/person\/image\/"}},{"@type":"Person","@id":"https:\/\/sandzakpress.net\/arhiva\/#\/schema\/person\/cb59d7e3ab91ab90dd680ad0305a6185","name":"Agencija","image":{"@type":"ImageObject","inLanguage":"bs-BA","@id":"https:\/\/sandzakpress.net\/arhiva\/#\/schema\/person\/image\/","url":"https:\/\/secure.gravatar.com\/avatar\/4b7fafa80a22f0c2afe23966b3961fe0?s=96&d=mm&r=pg","contentUrl":"https:\/\/secure.gravatar.com\/avatar\/4b7fafa80a22f0c2afe23966b3961fe0?s=96&d=mm&r=pg","caption":"Agencija"},"url":"https:\/\/sandzakpress.net\/arhiva\/author\/agencija\/"}]}},"_links":{"self":[{"href":"https:\/\/sandzakpress.net\/arhiva\/wp-json\/wp\/v2\/posts\/214226"}],"collection":[{"href":"https:\/\/sandzakpress.net\/arhiva\/wp-json\/wp\/v2\/posts"}],"about":[{"href":"https:\/\/sandzakpress.net\/arhiva\/wp-json\/wp\/v2\/types\/post"}],"author":[{"embeddable":true,"href":"https:\/\/sandzakpress.net\/arhiva\/wp-json\/wp\/v2\/users\/509"}],"replies":[{"embeddable":true,"href":"https:\/\/sandzakpress.net\/arhiva\/wp-json\/wp\/v2\/comments?post=214226"}],"version-history":[{"count":0,"href":"https:\/\/sandzakpress.net\/arhiva\/wp-json\/wp\/v2\/posts\/214226\/revisions"}],"wp:featuredmedia":[{"embeddable":true,"href":"https:\/\/sandzakpress.net\/arhiva\/wp-json\/wp\/v2\/media\/214227"}],"wp:attachment":[{"href":"https:\/\/sandzakpress.net\/arhiva\/wp-json\/wp\/v2\/media?parent=214226"}],"wp:term":[{"taxonomy":"category","embeddable":true,"href":"https:\/\/sandzakpress.net\/arhiva\/wp-json\/wp\/v2\/categories?post=214226"},{"taxonomy":"post_tag","embeddable":true,"href":"https:\/\/sandzakpress.net\/arhiva\/wp-json\/wp\/v2\/tags?post=214226"}],"curies":[{"name":"wp","href":"https:\/\/api.w.org\/{rel}","templated":true}]}}