{"id":214072,"date":"2018-12-05T13:45:36","date_gmt":"2018-12-05T12:45:36","guid":{"rendered":"https:\/\/sandzakpress.net\/arhiva\/?p=214072"},"modified":"2018-12-05T13:10:00","modified_gmt":"2018-12-05T12:10:00","slug":"maloljetna-elma-calakovic-17-iz-spiljani-ubijena-u-njemackoj","status":"publish","type":"post","link":"https:\/\/sandzakpress.net\/arhiva\/maloljetna-elma-calakovic-17-iz-spiljani-ubijena-u-njemackoj\/","title":{"rendered":"Maloljetna Elma \u010calakovi\u0107 (17) iz \u0160piljani ubijena u Njema\u010dkoj"},"content":{"rendered":"<p><img decoding=\"async\" class=\"aligncenter\" src=\"http:\/\/www.sandzacke.rs\/wp-content\/uploads\/2018\/12\/elma-calakovic-696x469.jpg\" \/><\/p>\n<p><strong>Elma \u010calakovi\u0107, 17-godi\u0161njakinja iz njema\u010dkog grada Unkela porijeklom iz \u0160piljani kod Tutina, za kojom je tragala policija, prona\u0111ena je mrtva u izbjegli\u010dkom smje\u0161taju u kojem se nalaze tra\u017eitelji azila i besku\u0107nici u Sankt Augustinu, u blizini Bona.<\/strong><\/p>\n<p>Ubica je devetnaestogodi\u0161nji Brajan S. porijeklom iz Kenije, koji je uhap\u0161en. Tokom potrage su kori\u0161\u0107eni psi, ronioci i helikopteri, prenijeli su njema\u010dki mediji, a navodno je tijelo ubijene dva dana bilo u jednoj sobi u okviru izbjegli\u010dkog smje\u0161taja. Ubica je tijelo predao policiji.<\/p>\n<figure class=\"wp-caption alignnone\"><img loading=\"lazy\" decoding=\"async\" class=\"td-animation-stack-type0-2\" src=\"https:\/\/bilder.bild.de\/fotos-skaliert\/bestatter-nahmen-am-sonntagabend-den-leichnam-mit-200991579-58817838\/3,w=1489,q=low,c=0.bild.jpg\" alt=\"\" width=\"1280\" height=\"720\" \/><figcaption class=\"wp-caption-text\">Foto: bild.de<\/figcaption><\/figure>\n<p>Roditelji djevojke prijavili su njen nestanak u petak. Lokalni mediji su prenijeli da je ona porodici rekla da \u0107e se sresti sa prijateljicom u Bonu. Me\u0111utim, prema policijskim saznanjima ona je, umjesto toga, oti\u0161la da vidi osumnji\u010denog u skloni\u0161tu.<\/p>\n<p>Uhap\u0161eni 19-godi\u0161njak je kenijskog porijekla, a pored paso\u0161a Njema\u010dke posjeduje i dokumenta svoje zemlje, saop\u0161tila je policija. On je tokom ispitivanja priznao da je Elmu ubio poslije rasprave.<\/p>\n<figure class=\"wp-caption alignnone\"><img loading=\"lazy\" decoding=\"async\" class=\"td-animation-stack-type0-2\" src=\"https:\/\/bilder.bild.de\/fotos-skaliert\/elma-c-hatte-sich-von-ihren-eltern-verabschiedet-sie-sagte-sie-wolle-eine-freundin-in-bonn-treffen-200991671-58813630\/10,w=894,q=low,c=0.bild.jpg\" alt=\"\" width=\"864\" height=\"1026\" \/><figcaption class=\"wp-caption-text\">Foto: bild.de<\/figcaption><\/figure>\n<p>\u201cOptu\u017eeni priznaje da je izvr\u0161io nasilje nad njom. Zbog toga pretpostavljamo da se radi o ubistvu sa predumi\u0161ljajem\u201d, izjavio je javni tu\u017eilac iz Bona Robin Fasbender.<\/p>\n<p>Prema nezvani\u010dnim informacijama, osumnji\u010deni je od 14-te godine imao sukoba sa zakonom i poznat je policiji koja ga je privodila zbog sumnje je \u0161irio pornografiju, seksualno zlostavljao dijete, ali i zbog kra\u0111a.<\/p>\n<figure class=\"wp-caption alignnone\"><img loading=\"lazy\" decoding=\"async\" class=\"td-animation-stack-type0-2\" src=\"https:\/\/bilder.bild.de\/fotos-skaliert\/die-unterkunft-liegt-am-stadtrand-200991591-58817674\/4,w=1489,q=low,c=0.bild.jpg\" alt=\"\" width=\"1280\" height=\"720\" \/><figcaption class=\"wp-caption-text\">Foto: bild.de<\/figcaption><\/figure>\n<p>Kako se navodi na dru\u0161tvenim mre\u017eama, uhap\u0161eni navodno nije \u017eivio u izbjegli\u010dkom smje\u0161taju, ve\u0107 je navodno i\u0161ao tamo na proslavu.<\/p>\n<p>Kako nezvani\u010dno saznajemo, d\u017eenaza-namaz i ukop ubijene Elme obavi\u0107e se u \u010detvrtak, 6. decembra.<\/p>\n<p>(Bild)<\/p>\n","protected":false},"excerpt":{"rendered":"<p>Elma \u010calakovi\u0107, 17-godi\u0161njakinja iz njema\u010dkog grada Unkela porijeklom iz \u0160piljani kod Tutina, za kojom je tragala policija, prona\u0111ena je mrtva u izbjegli\u010dkom smje\u0161taju u kojem se nalaze tra\u017eitelji azila i besku\u0107nici u Sankt Augustinu, u blizini Bona. Ubica je devetnaestogodi\u0161nji Brajan S. porijeklom iz Kenije, koji je uhap\u0161en. Tokom potrage su kori\u0161\u0107eni psi, ronioci i [&hellip;]<\/p>\n","protected":false},"author":509,"featured_media":214078,"comment_status":"open","ping_status":"open","sticky":false,"template":"","format":"standard","meta":{"footnotes":""},"categories":[9538,327,801,10429],"tags":[],"class_list":{"0":"post-214072","1":"post","2":"type-post","3":"status-publish","4":"format-standard","5":"has-post-thumbnail","7":"category-njemacka-dijaspora-gradovi-vase-vijesti","8":"category-tutin","9":"category-crna_hronika","10":"category-vazno"},"yoast_head":"<!-- This site is optimized with the Yoast SEO Premium plugin v23.1 (Yoast SEO v24.9) - https:\/\/yoast.com\/wordpress\/plugins\/seo\/ -->\n<title>Maloljetna Elma \u010calakovi\u0107 (17) iz \u0160piljani ubijena u Njema\u010dkoj<\/title>\n<meta name=\"robots\" content=\"index, follow, max-snippet:-1, max-image-preview:large, max-video-preview:-1\" \/>\n<link rel=\"canonical\" href=\"https:\/\/sandzakpress.net\/arhiva\/maloljetna-elma-calakovic-17-iz-spiljani-ubijena-u-njemackoj\/\" \/>\n<meta property=\"og:locale\" content=\"bs_BA\" \/>\n<meta property=\"og:type\" content=\"article\" \/>\n<meta property=\"og:title\" content=\"Maloljetna Elma \u010calakovi\u0107 (17) iz \u0160piljani ubijena u Njema\u010dkoj\" \/>\n<meta property=\"og:description\" content=\"Elma \u010calakovi\u0107, 17-godi\u0161njakinja iz njema\u010dkog grada Unkela porijeklom iz \u0160piljani kod Tutina, za kojom je tragala policija, prona\u0111ena je mrtva u izbjegli\u010dkom smje\u0161taju u kojem se nalaze tra\u017eitelji azila i besku\u0107nici u Sankt Augustinu, u blizini Bona. Ubica je devetnaestogodi\u0161nji Brajan S. porijeklom iz Kenije, koji je uhap\u0161en. Tokom potrage su kori\u0161\u0107eni psi, ronioci i [&hellip;]\" \/>\n<meta property=\"og:url\" content=\"https:\/\/sandzakpress.net\/arhiva\/maloljetna-elma-calakovic-17-iz-spiljani-ubijena-u-njemackoj\/\" \/>\n<meta property=\"og:site_name\" content=\"Sand\u017eak PRESS\" \/>\n<meta property=\"article:published_time\" content=\"2018-12-05T12:45:36+00:00\" \/>\n<meta property=\"og:image\" content=\"https:\/\/sandzakpress.net\/arhiva\/wp-content\/uploads\/2018\/12\/elma-calakovic-696x469.jpg\" \/>\n\t<meta property=\"og:image:width\" content=\"696\" \/>\n\t<meta property=\"og:image:height\" content=\"469\" \/>\n\t<meta property=\"og:image:type\" content=\"image\/jpeg\" \/>\n<meta name=\"author\" content=\"Agencija\" \/>\n<meta name=\"twitter:card\" content=\"summary_large_image\" \/>\n<meta name=\"twitter:label1\" content=\"Written by\" \/>\n\t<meta name=\"twitter:data1\" content=\"Agencija\" \/>\n\t<meta name=\"twitter:label2\" content=\"Est. reading time\" \/>\n\t<meta name=\"twitter:data2\" content=\"1 minuta\" \/>\n<script type=\"application\/ld+json\" class=\"yoast-schema-graph\">{\"@context\":\"https:\/\/schema.org\",\"@graph\":[{\"@type\":\"Article\",\"@id\":\"https:\/\/sandzakpress.net\/arhiva\/maloljetna-elma-calakovic-17-iz-spiljani-ubijena-u-njemackoj\/#article\",\"isPartOf\":{\"@id\":\"https:\/\/sandzakpress.net\/arhiva\/maloljetna-elma-calakovic-17-iz-spiljani-ubijena-u-njemackoj\/\"},\"author\":{\"name\":\"Agencija\",\"@id\":\"https:\/\/sandzakpress.net\/arhiva\/#\/schema\/person\/cb59d7e3ab91ab90dd680ad0305a6185\"},\"headline\":\"Maloljetna Elma \u010calakovi\u0107 (17) iz \u0160piljani ubijena u Njema\u010dkoj\",\"datePublished\":\"2018-12-05T12:45:36+00:00\",\"mainEntityOfPage\":{\"@id\":\"https:\/\/sandzakpress.net\/arhiva\/maloljetna-elma-calakovic-17-iz-spiljani-ubijena-u-njemackoj\/\"},\"wordCount\":295,\"commentCount\":0,\"publisher\":{\"@id\":\"https:\/\/sandzakpress.net\/arhiva\/#\/schema\/person\/6e72b67d6e51910a1117b3b483ba20bd\"},\"image\":{\"@id\":\"https:\/\/sandzakpress.net\/arhiva\/maloljetna-elma-calakovic-17-iz-spiljani-ubijena-u-njemackoj\/#primaryimage\"},\"thumbnailUrl\":\"https:\/\/sandzakpress.net\/arhiva\/wp-content\/uploads\/2018\/12\/elma-calakovic-696x469.jpg\",\"articleSection\":[\"Njema\u010dka\",\"Tutin\",\"Hronika\",\"VA\u017dNO!\"],\"inLanguage\":\"bs-BA\",\"potentialAction\":[{\"@type\":\"CommentAction\",\"name\":\"Comment\",\"target\":[\"https:\/\/sandzakpress.net\/arhiva\/maloljetna-elma-calakovic-17-iz-spiljani-ubijena-u-njemackoj\/#respond\"]}]},{\"@type\":\"WebPage\",\"@id\":\"https:\/\/sandzakpress.net\/arhiva\/maloljetna-elma-calakovic-17-iz-spiljani-ubijena-u-njemackoj\/\",\"url\":\"https:\/\/sandzakpress.net\/arhiva\/maloljetna-elma-calakovic-17-iz-spiljani-ubijena-u-njemackoj\/\",\"name\":\"Maloljetna Elma \u010calakovi\u0107 (17) iz \u0160piljani ubijena u Njema\u010dkoj\",\"isPartOf\":{\"@id\":\"https:\/\/sandzakpress.net\/arhiva\/#website\"},\"primaryImageOfPage\":{\"@id\":\"https:\/\/sandzakpress.net\/arhiva\/maloljetna-elma-calakovic-17-iz-spiljani-ubijena-u-njemackoj\/#primaryimage\"},\"image\":{\"@id\":\"https:\/\/sandzakpress.net\/arhiva\/maloljetna-elma-calakovic-17-iz-spiljani-ubijena-u-njemackoj\/#primaryimage\"},\"thumbnailUrl\":\"https:\/\/sandzakpress.net\/arhiva\/wp-content\/uploads\/2018\/12\/elma-calakovic-696x469.jpg\",\"datePublished\":\"2018-12-05T12:45:36+00:00\",\"breadcrumb\":{\"@id\":\"https:\/\/sandzakpress.net\/arhiva\/maloljetna-elma-calakovic-17-iz-spiljani-ubijena-u-njemackoj\/#breadcrumb\"},\"inLanguage\":\"bs-BA\",\"potentialAction\":[{\"@type\":\"ReadAction\",\"target\":[\"https:\/\/sandzakpress.net\/arhiva\/maloljetna-elma-calakovic-17-iz-spiljani-ubijena-u-njemackoj\/\"]}]},{\"@type\":\"ImageObject\",\"inLanguage\":\"bs-BA\",\"@id\":\"https:\/\/sandzakpress.net\/arhiva\/maloljetna-elma-calakovic-17-iz-spiljani-ubijena-u-njemackoj\/#primaryimage\",\"url\":\"https:\/\/sandzakpress.net\/arhiva\/wp-content\/uploads\/2018\/12\/elma-calakovic-696x469.jpg\",\"contentUrl\":\"https:\/\/sandzakpress.net\/arhiva\/wp-content\/uploads\/2018\/12\/elma-calakovic-696x469.jpg\",\"width\":696,\"height\":469},{\"@type\":\"BreadcrumbList\",\"@id\":\"https:\/\/sandzakpress.net\/arhiva\/maloljetna-elma-calakovic-17-iz-spiljani-ubijena-u-njemackoj\/#breadcrumb\",\"itemListElement\":[{\"@type\":\"ListItem\",\"position\":1,\"name\":\"Home\",\"item\":\"https:\/\/sandzakpress.net\/arhiva\/\"},{\"@type\":\"ListItem\",\"position\":2,\"name\":\"Maloljetna Elma \u010calakovi\u0107 (17) iz \u0160piljani ubijena u Njema\u010dkoj\"}]},{\"@type\":\"WebSite\",\"@id\":\"https:\/\/sandzakpress.net\/arhiva\/#website\",\"url\":\"https:\/\/sandzakpress.net\/arhiva\/\",\"name\":\"Sand\u017eak PRESS\",\"description\":\"Prve elektronske novine u Sand\u017eaku\",\"publisher\":{\"@id\":\"https:\/\/sandzakpress.net\/arhiva\/#\/schema\/person\/6e72b67d6e51910a1117b3b483ba20bd\"},\"potentialAction\":[{\"@type\":\"SearchAction\",\"target\":{\"@type\":\"EntryPoint\",\"urlTemplate\":\"https:\/\/sandzakpress.net\/arhiva\/?s={search_term_string}\"},\"query-input\":{\"@type\":\"PropertyValueSpecification\",\"valueRequired\":true,\"valueName\":\"search_term_string\"}}],\"inLanguage\":\"bs-BA\"},{\"@type\":[\"Person\",\"Organization\"],\"@id\":\"https:\/\/sandzakpress.net\/arhiva\/#\/schema\/person\/6e72b67d6e51910a1117b3b483ba20bd\",\"name\":\"Kul\",\"image\":{\"@type\":\"ImageObject\",\"inLanguage\":\"bs-BA\",\"@id\":\"https:\/\/sandzakpress.net\/arhiva\/#\/schema\/person\/image\/\",\"url\":\"https:\/\/secure.gravatar.com\/avatar\/42263f39aa27ac04c43cab85c280eb2e?s=96&d=mm&r=pg\",\"contentUrl\":\"https:\/\/secure.gravatar.com\/avatar\/42263f39aa27ac04c43cab85c280eb2e?s=96&d=mm&r=pg\",\"caption\":\"Kul\"},\"logo\":{\"@id\":\"https:\/\/sandzakpress.net\/arhiva\/#\/schema\/person\/image\/\"}},{\"@type\":\"Person\",\"@id\":\"https:\/\/sandzakpress.net\/arhiva\/#\/schema\/person\/cb59d7e3ab91ab90dd680ad0305a6185\",\"name\":\"Agencija\",\"image\":{\"@type\":\"ImageObject\",\"inLanguage\":\"bs-BA\",\"@id\":\"https:\/\/sandzakpress.net\/arhiva\/#\/schema\/person\/image\/\",\"url\":\"https:\/\/secure.gravatar.com\/avatar\/4b7fafa80a22f0c2afe23966b3961fe0?s=96&d=mm&r=pg\",\"contentUrl\":\"https:\/\/secure.gravatar.com\/avatar\/4b7fafa80a22f0c2afe23966b3961fe0?s=96&d=mm&r=pg\",\"caption\":\"Agencija\"},\"url\":\"https:\/\/sandzakpress.net\/arhiva\/author\/agencija\/\"}]}<\/script>\n<!-- \/ Yoast SEO Premium plugin. -->","yoast_head_json":{"title":"Maloljetna Elma \u010calakovi\u0107 (17) iz \u0160piljani ubijena u Njema\u010dkoj","robots":{"index":"index","follow":"follow","max-snippet":"max-snippet:-1","max-image-preview":"max-image-preview:large","max-video-preview":"max-video-preview:-1"},"canonical":"https:\/\/sandzakpress.net\/arhiva\/maloljetna-elma-calakovic-17-iz-spiljani-ubijena-u-njemackoj\/","og_locale":"bs_BA","og_type":"article","og_title":"Maloljetna Elma \u010calakovi\u0107 (17) iz \u0160piljani ubijena u Njema\u010dkoj","og_description":"Elma \u010calakovi\u0107, 17-godi\u0161njakinja iz njema\u010dkog grada Unkela porijeklom iz \u0160piljani kod Tutina, za kojom je tragala policija, prona\u0111ena je mrtva u izbjegli\u010dkom smje\u0161taju u kojem se nalaze tra\u017eitelji azila i besku\u0107nici u Sankt Augustinu, u blizini Bona. Ubica je devetnaestogodi\u0161nji Brajan S. porijeklom iz Kenije, koji je uhap\u0161en. Tokom potrage su kori\u0161\u0107eni psi, ronioci i [&hellip;]","og_url":"https:\/\/sandzakpress.net\/arhiva\/maloljetna-elma-calakovic-17-iz-spiljani-ubijena-u-njemackoj\/","og_site_name":"Sand\u017eak PRESS","article_published_time":"2018-12-05T12:45:36+00:00","og_image":[{"width":696,"height":469,"url":"https:\/\/sandzakpress.net\/arhiva\/wp-content\/uploads\/2018\/12\/elma-calakovic-696x469.jpg","type":"image\/jpeg"}],"author":"Agencija","twitter_card":"summary_large_image","twitter_misc":{"Written by":"Agencija","Est. reading time":"1 minuta"},"schema":{"@context":"https:\/\/schema.org","@graph":[{"@type":"Article","@id":"https:\/\/sandzakpress.net\/arhiva\/maloljetna-elma-calakovic-17-iz-spiljani-ubijena-u-njemackoj\/#article","isPartOf":{"@id":"https:\/\/sandzakpress.net\/arhiva\/maloljetna-elma-calakovic-17-iz-spiljani-ubijena-u-njemackoj\/"},"author":{"name":"Agencija","@id":"https:\/\/sandzakpress.net\/arhiva\/#\/schema\/person\/cb59d7e3ab91ab90dd680ad0305a6185"},"headline":"Maloljetna Elma \u010calakovi\u0107 (17) iz \u0160piljani ubijena u Njema\u010dkoj","datePublished":"2018-12-05T12:45:36+00:00","mainEntityOfPage":{"@id":"https:\/\/sandzakpress.net\/arhiva\/maloljetna-elma-calakovic-17-iz-spiljani-ubijena-u-njemackoj\/"},"wordCount":295,"commentCount":0,"publisher":{"@id":"https:\/\/sandzakpress.net\/arhiva\/#\/schema\/person\/6e72b67d6e51910a1117b3b483ba20bd"},"image":{"@id":"https:\/\/sandzakpress.net\/arhiva\/maloljetna-elma-calakovic-17-iz-spiljani-ubijena-u-njemackoj\/#primaryimage"},"thumbnailUrl":"https:\/\/sandzakpress.net\/arhiva\/wp-content\/uploads\/2018\/12\/elma-calakovic-696x469.jpg","articleSection":["Njema\u010dka","Tutin","Hronika","VA\u017dNO!"],"inLanguage":"bs-BA","potentialAction":[{"@type":"CommentAction","name":"Comment","target":["https:\/\/sandzakpress.net\/arhiva\/maloljetna-elma-calakovic-17-iz-spiljani-ubijena-u-njemackoj\/#respond"]}]},{"@type":"WebPage","@id":"https:\/\/sandzakpress.net\/arhiva\/maloljetna-elma-calakovic-17-iz-spiljani-ubijena-u-njemackoj\/","url":"https:\/\/sandzakpress.net\/arhiva\/maloljetna-elma-calakovic-17-iz-spiljani-ubijena-u-njemackoj\/","name":"Maloljetna Elma \u010calakovi\u0107 (17) iz \u0160piljani ubijena u Njema\u010dkoj","isPartOf":{"@id":"https:\/\/sandzakpress.net\/arhiva\/#website"},"primaryImageOfPage":{"@id":"https:\/\/sandzakpress.net\/arhiva\/maloljetna-elma-calakovic-17-iz-spiljani-ubijena-u-njemackoj\/#primaryimage"},"image":{"@id":"https:\/\/sandzakpress.net\/arhiva\/maloljetna-elma-calakovic-17-iz-spiljani-ubijena-u-njemackoj\/#primaryimage"},"thumbnailUrl":"https:\/\/sandzakpress.net\/arhiva\/wp-content\/uploads\/2018\/12\/elma-calakovic-696x469.jpg","datePublished":"2018-12-05T12:45:36+00:00","breadcrumb":{"@id":"https:\/\/sandzakpress.net\/arhiva\/maloljetna-elma-calakovic-17-iz-spiljani-ubijena-u-njemackoj\/#breadcrumb"},"inLanguage":"bs-BA","potentialAction":[{"@type":"ReadAction","target":["https:\/\/sandzakpress.net\/arhiva\/maloljetna-elma-calakovic-17-iz-spiljani-ubijena-u-njemackoj\/"]}]},{"@type":"ImageObject","inLanguage":"bs-BA","@id":"https:\/\/sandzakpress.net\/arhiva\/maloljetna-elma-calakovic-17-iz-spiljani-ubijena-u-njemackoj\/#primaryimage","url":"https:\/\/sandzakpress.net\/arhiva\/wp-content\/uploads\/2018\/12\/elma-calakovic-696x469.jpg","contentUrl":"https:\/\/sandzakpress.net\/arhiva\/wp-content\/uploads\/2018\/12\/elma-calakovic-696x469.jpg","width":696,"height":469},{"@type":"BreadcrumbList","@id":"https:\/\/sandzakpress.net\/arhiva\/maloljetna-elma-calakovic-17-iz-spiljani-ubijena-u-njemackoj\/#breadcrumb","itemListElement":[{"@type":"ListItem","position":1,"name":"Home","item":"https:\/\/sandzakpress.net\/arhiva\/"},{"@type":"ListItem","position":2,"name":"Maloljetna Elma \u010calakovi\u0107 (17) iz \u0160piljani ubijena u Njema\u010dkoj"}]},{"@type":"WebSite","@id":"https:\/\/sandzakpress.net\/arhiva\/#website","url":"https:\/\/sandzakpress.net\/arhiva\/","name":"Sand\u017eak PRESS","description":"Prve elektronske novine u Sand\u017eaku","publisher":{"@id":"https:\/\/sandzakpress.net\/arhiva\/#\/schema\/person\/6e72b67d6e51910a1117b3b483ba20bd"},"potentialAction":[{"@type":"SearchAction","target":{"@type":"EntryPoint","urlTemplate":"https:\/\/sandzakpress.net\/arhiva\/?s={search_term_string}"},"query-input":{"@type":"PropertyValueSpecification","valueRequired":true,"valueName":"search_term_string"}}],"inLanguage":"bs-BA"},{"@type":["Person","Organization"],"@id":"https:\/\/sandzakpress.net\/arhiva\/#\/schema\/person\/6e72b67d6e51910a1117b3b483ba20bd","name":"Kul","image":{"@type":"ImageObject","inLanguage":"bs-BA","@id":"https:\/\/sandzakpress.net\/arhiva\/#\/schema\/person\/image\/","url":"https:\/\/secure.gravatar.com\/avatar\/42263f39aa27ac04c43cab85c280eb2e?s=96&d=mm&r=pg","contentUrl":"https:\/\/secure.gravatar.com\/avatar\/42263f39aa27ac04c43cab85c280eb2e?s=96&d=mm&r=pg","caption":"Kul"},"logo":{"@id":"https:\/\/sandzakpress.net\/arhiva\/#\/schema\/person\/image\/"}},{"@type":"Person","@id":"https:\/\/sandzakpress.net\/arhiva\/#\/schema\/person\/cb59d7e3ab91ab90dd680ad0305a6185","name":"Agencija","image":{"@type":"ImageObject","inLanguage":"bs-BA","@id":"https:\/\/sandzakpress.net\/arhiva\/#\/schema\/person\/image\/","url":"https:\/\/secure.gravatar.com\/avatar\/4b7fafa80a22f0c2afe23966b3961fe0?s=96&d=mm&r=pg","contentUrl":"https:\/\/secure.gravatar.com\/avatar\/4b7fafa80a22f0c2afe23966b3961fe0?s=96&d=mm&r=pg","caption":"Agencija"},"url":"https:\/\/sandzakpress.net\/arhiva\/author\/agencija\/"}]}},"_links":{"self":[{"href":"https:\/\/sandzakpress.net\/arhiva\/wp-json\/wp\/v2\/posts\/214072"}],"collection":[{"href":"https:\/\/sandzakpress.net\/arhiva\/wp-json\/wp\/v2\/posts"}],"about":[{"href":"https:\/\/sandzakpress.net\/arhiva\/wp-json\/wp\/v2\/types\/post"}],"author":[{"embeddable":true,"href":"https:\/\/sandzakpress.net\/arhiva\/wp-json\/wp\/v2\/users\/509"}],"replies":[{"embeddable":true,"href":"https:\/\/sandzakpress.net\/arhiva\/wp-json\/wp\/v2\/comments?post=214072"}],"version-history":[{"count":0,"href":"https:\/\/sandzakpress.net\/arhiva\/wp-json\/wp\/v2\/posts\/214072\/revisions"}],"wp:featuredmedia":[{"embeddable":true,"href":"https:\/\/sandzakpress.net\/arhiva\/wp-json\/wp\/v2\/media\/214078"}],"wp:attachment":[{"href":"https:\/\/sandzakpress.net\/arhiva\/wp-json\/wp\/v2\/media?parent=214072"}],"wp:term":[{"taxonomy":"category","embeddable":true,"href":"https:\/\/sandzakpress.net\/arhiva\/wp-json\/wp\/v2\/categories?post=214072"},{"taxonomy":"post_tag","embeddable":true,"href":"https:\/\/sandzakpress.net\/arhiva\/wp-json\/wp\/v2\/tags?post=214072"}],"curies":[{"name":"wp","href":"https:\/\/api.w.org\/{rel}","templated":true}]}}