{"id":213760,"date":"2018-11-26T13:06:07","date_gmt":"2018-11-26T12:06:07","guid":{"rendered":"https:\/\/sandzakpress.net\/arhiva\/?p=213760"},"modified":"2018-11-26T13:06:07","modified_gmt":"2018-11-26T12:06:07","slug":"mrak-nad-bosnjacima","status":"publish","type":"post","link":"https:\/\/sandzakpress.net\/arhiva\/mrak-nad-bosnjacima\/","title":{"rendered":"Mrak nad Bo\u0161njacima"},"content":{"rendered":"<p><img loading=\"lazy\" decoding=\"async\" class=\"alignnone size-full wp-image-213761\" src=\"https:\/\/sandzakpress.net\/arhiva\/wp-content\/uploads\/2018\/11\/Semir-Eminovic.jpg\" alt=\"\" width=\"711\" height=\"665\" srcset=\"https:\/\/sandzakpress.net\/arhiva\/wp-content\/uploads\/2018\/11\/Semir-Eminovic.jpg 711w, https:\/\/sandzakpress.net\/arhiva\/wp-content\/uploads\/2018\/11\/Semir-Eminovic-616x576.jpg 616w\" sizes=\"(max-width: 711px) 100vw, 711px\" \/><\/p>\n<p>Da bi objasnio stanje Bo\u0161njaka, posebno onih \u0161to su glasali SDA Sulejmana Ugljanina na izborima za BNV a i onih \u0161to podr\u017ea\u0161e kriminal Rasima Ljaji\u0107a morao bih biti jak na peru i rije\u010dima poput Me\u0161e Selimovi\u0107a ili brilijantnog Tolstoja. Te\u0161ko je objasniti u par rije\u010di mozak, stanje i razmi\u0161ljanje glasa\u010da koji podr\u017ei jadnog Ugljanina. Zaista je to neshvatljivo i vjerovatno \u0107e historija dati adekvatan odgovor uz svesrdnu pomo\u0107 medicinskih stru\u010dnjaka, posebno psihijatrijske oblasti. Glasati za \u010dovjeka koji prije svega ne zna da govori, ne poznaje pade\u017ee, nema elitno dr\u017eanje i pona\u0161anje, bez adekvatnog obrazovanja pravi je skok u mrak i totalnu neizvjesnost. No, neka se ljekari bave sa stanjem psihi\u010dkim stanjem takvoga glasa\u010da a ja \u0107u probati da ka\u017eem koju rije\u010d o \u010dovjeku za koga su glasali. \u010covjek koji je cijeli svoj \u017eivot u politici a\u00a0 da jednog valjanog projekta nije odradio za Bo\u0161njake ipak uspijeva da od tih \u010dudnih Bo\u0161njak dobije podr\u0161ku. Za\u0161ta podr\u0161ku? Za neispunjena obe\u0107anja, za prodate pu\u0161ke i predate spiskove sa imenima udba\u0161kim strukturama. Za dobijene batine, prebijene bubrege, izgubljeno zdravlje, za kabur pojedinih \u0161to podlego\u0161e torturi. Za lo\u0161 \u017eivot bez fabrika, puteva, vode, bez dobre infrasteukture. Za napad na Islamsku zajednicu, na vakuf, na d\u017eamije u koje je uveo policiju u \u010dizmama. Za nebuloze koje je izgovorio, poput one \u201cposadim dugme nikne kaput,\u201d ili one \u201csre\u0107an vam osmi mart, dan rada.\u201d Posebno te\u0161kih rij\u010di upu\u0107enih na ra\u010dun Me\u0161ihata, njegovih funkcionera i svih onih koji podr\u017eavaju IZ-u. Glasati za pucanje na ljude, ubistva i ranjavanja. Za \u010dovjeka koji jedno pri\u010da, drugo radi a tre\u0107e misli. Za \u010dovjeka koji se 96\u2019 godine vratio iz inostranstva po naloga Slobodana Milo\u0161evi\u0107a kako bi se kandidovao za predsjednika tada\u0161nje krnje Jugoslavije i kako bi nakon \u0161to je uzeo solidan broj glasova, u drugom krugu pozvao Bo\u0161njake da ne glasaju nikoga i tako direktno produ\u017eio politi\u010dki \u017eivot Milo\u0161evi\u0107u, bo\u0161nja\u010dkom d\u017eelatu, koji je bio na pragu poraza od pripitomljenog Vuka Dra\u0161kovi\u0107a koji je imao i podr\u0161ku me\u0111unarodne zajednice, i koji je Bo\u0161njacima nudio autonomiju u svojoj ku\u0107i u Beogradu (Ugljanin je na te pregovore poslao delagaciju od nekoliko ljudi predvo\u0111enu D\u017eemailom Suljevi\u0107em)\u00a0 ukoliko ga podr\u017ee. No, Ugljanin, Slobov poslu\u0161nik, ni\u0161ta to nije prihvatio ve\u0107 je podvijena repa bezpogovorno slu\u0161ao svoga \u0161efa Milo\u0161evi\u0107a. I danas Ugljanin slu\u0161a male Milo\u0161evi\u0107e omogu\u0107avaju\u0107i srpskoj vlasti da po modelu Suljovog \u0161ovinizma pravi isti takav odnos prema Bo\u0161njacima regrutuju\u0107i one negativne snage koje Sand\u017eak dr\u017ee u kand\u017eama kiminala, nerazvijen, zaostao u svakom pogledu i naravno raseljen, jer omladina bje\u017ei glavom bez obzira iz ovoga mraka za koji je najodgovorniji Sulejman Ugljanin, glavom i bradom li\u010dno.\u00a0<\/p>\n<p>\u010cudno je to da mnogo ovih \u0161to bje\u017ee iz Sand\u017eaka trbuhom za kruhom slijepo podr\u017eavaju Ugljanina potpuno nesvjesni da tako ste\u017eu ve\u0107 zategnutiu om\u010du oko svoga vrata i samo ubrzavaju svoju propast i propast svojih porodica. Zaslijepljena gomila polupismena svijeta iz palanki Sand\u017eaka slijepo i tvrdoglavo \u010duva svoju nepismenost glasaju\u0107i za sve dublji mrak i jad u koji sami sebe dovode davaju\u0107i dizgine u ruke lo\u0161em binad\u017eiji koji je dobar samo za li\u010dni interes i interes nekolicine satelita koji svjesno koriste njegovu opsesivnu \u017eelju za diktatorskom vla\u0161\u0107u. Bogate na ra\u010dun napa\u0107ena naroda. Ovakvima ne smeta potpuno odsustvo ljudskog odnosa od strane Ugljanina prema svojim saradnicima, omalova\u017eavanje i diktatorski odnos do te mjere da ga saradnici znaju \u010dekati satima dok on do\u0111e na sastanak kojeg je prethodno zakazao u odre\u0111enom terminu. Njegovo dranje i podvikivanje, omalava\u017eavanje i silom nametanje svoje volje i odluka, bez prethodnog dogovora i bilo kakvog prava na izni\u0161enje mi\u0161ljenja ili stava od strne bilo koga drugoga osim nepismenog vode. Odsustvo parlamentarizma, slobode govora i uva\u017eavanja tu\u0111eg mi\u0161ljenja kod ovoga polu pismena insana potpuno je evidentno. No, to ne smeta D\u017eud\u017eu i njemu sli\u010dnim jer takvi su to lovci u mutnome da im zapravo godi mrak u kome se nalaze. Kada se uzme u obzir i zbli\u017eavanje sa Rasimom Ljaji\u0107em onda imamo potupunu saradnju \u201ceksploziva i inicijalne kapisle\u201dkoja prijeti da Sand\u017eak potpuno zavije u mrak. Ova dva kriminalaca ne biraju sredstva kako da ostanu na vlasti. To najbolje pokazuje i njihovo ubijanje me\u0111u sobom, bacanje bombi, ranjavanje ljudi i me\u0111usobne optu\u017ebe za poku\u0161aj ubistva. (Ugljanin do skora optu\u017eivao Ljaji\u0107a da ga je poku\u0161ao ubiti). Sve ove optu\u017ebe oni brzo zaborave kao \u0161to su zaboravili Durovi\u0107a, Jukovi\u0107a, bombe na ku\u0107e i op\u0161tinu, ali nikako ne zaboravljaju da napadaju svjetlo koje poku\u0161ava da osvijetli sand\u017ea\u010dke horizonte i za svagda rasturi njihov mrak. Ono \u0161to se danas de\u0161avalo na konstituiranju BNV-a i odvratno neciviliziran odnos prema vije\u0107nicima liste Matice bo\u0161nja\u010dke najbolje odslikava sav jad i bijedu tandema kriminalaca Ugljanina i Ljaji\u0107a. Njima ni\u0161ta nije sveto, ni \u010dast, ni obraz ni dostojanstvo ljudi.\u00a0<\/p>\n<p>Oni \u0107e svoj pohod bez\u010da\u0161\u0107a i neljudskosti nastaviti i to je sigurno njihov cilj da od Sand\u017eaka naprave mra\u010dnu rupu koju \u0107e svi civilizirani pojedinci, udru\u017eenja, investitori i ljudi dobre volje i namjera izbjegavati. Ne \u010dudi da \u0107e tako biti obzirom da je dobar dio Bo\u0161njaka taoci sopstvene\u00a0 trdoglavosti i neznanja, te potpunog odsustva \u017eelje za bilo kakvim promjenama. . A kada se spoje neznanje, tvrdoglavost i nepismenost onda dobijamo duboki mrak u kojem se na\u0161ao na\u0161 Sand\u017eak.\u00a0<\/p>\n<p>U ovome mraku dobra strana je \u0161to postoji sunce okupljeno oko Akademika Muamera Zukorli\u0107a muftije. Ova snaga osvjetljava sand\u017ea\u010dke horizonte i osvjetljava puteve nade za bolje sjutra sand\u017ea\u010dkog Bo\u0161njaka.\u00a0<\/p>\n<p>Ovo \u0161to rade Ljaji\u0107 i Ugljanin zadnji su trzaji mra\u010dnih sila i skoro \u0107e insaAllah do\u0107i vrijeme njihovog poraza i totalne propasti. \u0160to bi stari rekli samo bez na\u0161ega \u0161era!<\/p>\n<p>&nbsp;<\/p>\n<p>autor:\u00a0Semir Eminovic\u00a0<\/p>\n","protected":false},"excerpt":{"rendered":"<p>Da bi objasnio stanje Bo\u0161njaka, posebno onih \u0161to su glasali SDA Sulejmana Ugljanina na izborima za BNV a i onih \u0161to podr\u017ea\u0161e kriminal Rasima Ljaji\u0107a morao bih biti jak na peru i rije\u010dima poput Me\u0161e Selimovi\u0107a ili brilijantnog Tolstoja. Te\u0161ko je objasniti u par rije\u010di mozak, stanje i razmi\u0161ljanje glasa\u010da koji podr\u017ei jadnog Ugljanina. Zaista [&hellip;]<\/p>\n","protected":false},"author":509,"featured_media":213761,"comment_status":"closed","ping_status":"open","sticky":false,"template":"","format":"standard","meta":{"footnotes":""},"categories":[72,10196],"tags":[],"class_list":{"0":"post-213760","1":"post","2":"type-post","3":"status-publish","4":"format-standard","5":"has-post-thumbnail","7":"category-novi-pazar","8":"category-iz-pera-nasih-autora"},"yoast_head":"<!-- This site is optimized with the Yoast SEO Premium plugin v23.1 (Yoast SEO v24.9) - https:\/\/yoast.com\/wordpress\/plugins\/seo\/ -->\n<title>Mrak nad Bo\u0161njacima<\/title>\n<meta name=\"robots\" content=\"index, follow, max-snippet:-1, max-image-preview:large, max-video-preview:-1\" \/>\n<link rel=\"canonical\" href=\"https:\/\/sandzakpress.net\/arhiva\/mrak-nad-bosnjacima\/\" \/>\n<meta property=\"og:locale\" content=\"bs_BA\" \/>\n<meta property=\"og:type\" content=\"article\" \/>\n<meta property=\"og:title\" content=\"Mrak nad Bo\u0161njacima\" \/>\n<meta property=\"og:description\" content=\"Da bi objasnio stanje Bo\u0161njaka, posebno onih \u0161to su glasali SDA Sulejmana Ugljanina na izborima za BNV a i onih \u0161to podr\u017ea\u0161e kriminal Rasima Ljaji\u0107a morao bih biti jak na peru i rije\u010dima poput Me\u0161e Selimovi\u0107a ili brilijantnog Tolstoja. Te\u0161ko je objasniti u par rije\u010di mozak, stanje i razmi\u0161ljanje glasa\u010da koji podr\u017ei jadnog Ugljanina. Zaista [&hellip;]\" \/>\n<meta property=\"og:url\" content=\"https:\/\/sandzakpress.net\/arhiva\/mrak-nad-bosnjacima\/\" \/>\n<meta property=\"og:site_name\" content=\"Sand\u017eak PRESS\" \/>\n<meta property=\"article:published_time\" content=\"2018-11-26T12:06:07+00:00\" \/>\n<meta property=\"og:image\" content=\"https:\/\/sandzakpress.net\/arhiva\/wp-content\/uploads\/2018\/11\/Semir-Eminovic.jpg\" \/>\n\t<meta property=\"og:image:width\" content=\"711\" \/>\n\t<meta property=\"og:image:height\" content=\"665\" \/>\n\t<meta property=\"og:image:type\" content=\"image\/jpeg\" \/>\n<meta name=\"author\" content=\"Agencija\" \/>\n<meta name=\"twitter:card\" content=\"summary_large_image\" \/>\n<meta name=\"twitter:label1\" content=\"Written by\" \/>\n\t<meta name=\"twitter:data1\" content=\"Agencija\" \/>\n\t<meta name=\"twitter:label2\" content=\"Est. reading time\" \/>\n\t<meta name=\"twitter:data2\" content=\"5 minuta\" \/>\n<script type=\"application\/ld+json\" class=\"yoast-schema-graph\">{\"@context\":\"https:\/\/schema.org\",\"@graph\":[{\"@type\":\"Article\",\"@id\":\"https:\/\/sandzakpress.net\/arhiva\/mrak-nad-bosnjacima\/#article\",\"isPartOf\":{\"@id\":\"https:\/\/sandzakpress.net\/arhiva\/mrak-nad-bosnjacima\/\"},\"author\":{\"name\":\"Agencija\",\"@id\":\"https:\/\/sandzakpress.net\/arhiva\/#\/schema\/person\/cb59d7e3ab91ab90dd680ad0305a6185\"},\"headline\":\"Mrak nad Bo\u0161njacima\",\"datePublished\":\"2018-11-26T12:06:07+00:00\",\"mainEntityOfPage\":{\"@id\":\"https:\/\/sandzakpress.net\/arhiva\/mrak-nad-bosnjacima\/\"},\"wordCount\":1055,\"publisher\":{\"@id\":\"https:\/\/sandzakpress.net\/arhiva\/#\/schema\/person\/6e72b67d6e51910a1117b3b483ba20bd\"},\"image\":{\"@id\":\"https:\/\/sandzakpress.net\/arhiva\/mrak-nad-bosnjacima\/#primaryimage\"},\"thumbnailUrl\":\"https:\/\/sandzakpress.net\/arhiva\/wp-content\/uploads\/2018\/11\/Semir-Eminovic.jpg\",\"articleSection\":[\"Novi Pazar\",\"Iz pera na\u0161ih autora\"],\"inLanguage\":\"bs-BA\"},{\"@type\":\"WebPage\",\"@id\":\"https:\/\/sandzakpress.net\/arhiva\/mrak-nad-bosnjacima\/\",\"url\":\"https:\/\/sandzakpress.net\/arhiva\/mrak-nad-bosnjacima\/\",\"name\":\"Mrak nad Bo\u0161njacima\",\"isPartOf\":{\"@id\":\"https:\/\/sandzakpress.net\/arhiva\/#website\"},\"primaryImageOfPage\":{\"@id\":\"https:\/\/sandzakpress.net\/arhiva\/mrak-nad-bosnjacima\/#primaryimage\"},\"image\":{\"@id\":\"https:\/\/sandzakpress.net\/arhiva\/mrak-nad-bosnjacima\/#primaryimage\"},\"thumbnailUrl\":\"https:\/\/sandzakpress.net\/arhiva\/wp-content\/uploads\/2018\/11\/Semir-Eminovic.jpg\",\"datePublished\":\"2018-11-26T12:06:07+00:00\",\"breadcrumb\":{\"@id\":\"https:\/\/sandzakpress.net\/arhiva\/mrak-nad-bosnjacima\/#breadcrumb\"},\"inLanguage\":\"bs-BA\",\"potentialAction\":[{\"@type\":\"ReadAction\",\"target\":[\"https:\/\/sandzakpress.net\/arhiva\/mrak-nad-bosnjacima\/\"]}]},{\"@type\":\"ImageObject\",\"inLanguage\":\"bs-BA\",\"@id\":\"https:\/\/sandzakpress.net\/arhiva\/mrak-nad-bosnjacima\/#primaryimage\",\"url\":\"https:\/\/sandzakpress.net\/arhiva\/wp-content\/uploads\/2018\/11\/Semir-Eminovic.jpg\",\"contentUrl\":\"https:\/\/sandzakpress.net\/arhiva\/wp-content\/uploads\/2018\/11\/Semir-Eminovic.jpg\",\"width\":711,\"height\":665},{\"@type\":\"BreadcrumbList\",\"@id\":\"https:\/\/sandzakpress.net\/arhiva\/mrak-nad-bosnjacima\/#breadcrumb\",\"itemListElement\":[{\"@type\":\"ListItem\",\"position\":1,\"name\":\"Home\",\"item\":\"https:\/\/sandzakpress.net\/arhiva\/\"},{\"@type\":\"ListItem\",\"position\":2,\"name\":\"Mrak nad Bo\u0161njacima\"}]},{\"@type\":\"WebSite\",\"@id\":\"https:\/\/sandzakpress.net\/arhiva\/#website\",\"url\":\"https:\/\/sandzakpress.net\/arhiva\/\",\"name\":\"Sand\u017eak PRESS\",\"description\":\"Prve elektronske novine u Sand\u017eaku\",\"publisher\":{\"@id\":\"https:\/\/sandzakpress.net\/arhiva\/#\/schema\/person\/6e72b67d6e51910a1117b3b483ba20bd\"},\"potentialAction\":[{\"@type\":\"SearchAction\",\"target\":{\"@type\":\"EntryPoint\",\"urlTemplate\":\"https:\/\/sandzakpress.net\/arhiva\/?s={search_term_string}\"},\"query-input\":{\"@type\":\"PropertyValueSpecification\",\"valueRequired\":true,\"valueName\":\"search_term_string\"}}],\"inLanguage\":\"bs-BA\"},{\"@type\":[\"Person\",\"Organization\"],\"@id\":\"https:\/\/sandzakpress.net\/arhiva\/#\/schema\/person\/6e72b67d6e51910a1117b3b483ba20bd\",\"name\":\"Kul\",\"image\":{\"@type\":\"ImageObject\",\"inLanguage\":\"bs-BA\",\"@id\":\"https:\/\/sandzakpress.net\/arhiva\/#\/schema\/person\/image\/\",\"url\":\"https:\/\/secure.gravatar.com\/avatar\/42263f39aa27ac04c43cab85c280eb2e?s=96&d=mm&r=pg\",\"contentUrl\":\"https:\/\/secure.gravatar.com\/avatar\/42263f39aa27ac04c43cab85c280eb2e?s=96&d=mm&r=pg\",\"caption\":\"Kul\"},\"logo\":{\"@id\":\"https:\/\/sandzakpress.net\/arhiva\/#\/schema\/person\/image\/\"}},{\"@type\":\"Person\",\"@id\":\"https:\/\/sandzakpress.net\/arhiva\/#\/schema\/person\/cb59d7e3ab91ab90dd680ad0305a6185\",\"name\":\"Agencija\",\"image\":{\"@type\":\"ImageObject\",\"inLanguage\":\"bs-BA\",\"@id\":\"https:\/\/sandzakpress.net\/arhiva\/#\/schema\/person\/image\/\",\"url\":\"https:\/\/secure.gravatar.com\/avatar\/4b7fafa80a22f0c2afe23966b3961fe0?s=96&d=mm&r=pg\",\"contentUrl\":\"https:\/\/secure.gravatar.com\/avatar\/4b7fafa80a22f0c2afe23966b3961fe0?s=96&d=mm&r=pg\",\"caption\":\"Agencija\"},\"url\":\"https:\/\/sandzakpress.net\/arhiva\/author\/agencija\/\"}]}<\/script>\n<!-- \/ Yoast SEO Premium plugin. -->","yoast_head_json":{"title":"Mrak nad Bo\u0161njacima","robots":{"index":"index","follow":"follow","max-snippet":"max-snippet:-1","max-image-preview":"max-image-preview:large","max-video-preview":"max-video-preview:-1"},"canonical":"https:\/\/sandzakpress.net\/arhiva\/mrak-nad-bosnjacima\/","og_locale":"bs_BA","og_type":"article","og_title":"Mrak nad Bo\u0161njacima","og_description":"Da bi objasnio stanje Bo\u0161njaka, posebno onih \u0161to su glasali SDA Sulejmana Ugljanina na izborima za BNV a i onih \u0161to podr\u017ea\u0161e kriminal Rasima Ljaji\u0107a morao bih biti jak na peru i rije\u010dima poput Me\u0161e Selimovi\u0107a ili brilijantnog Tolstoja. Te\u0161ko je objasniti u par rije\u010di mozak, stanje i razmi\u0161ljanje glasa\u010da koji podr\u017ei jadnog Ugljanina. Zaista [&hellip;]","og_url":"https:\/\/sandzakpress.net\/arhiva\/mrak-nad-bosnjacima\/","og_site_name":"Sand\u017eak PRESS","article_published_time":"2018-11-26T12:06:07+00:00","og_image":[{"width":711,"height":665,"url":"https:\/\/sandzakpress.net\/arhiva\/wp-content\/uploads\/2018\/11\/Semir-Eminovic.jpg","type":"image\/jpeg"}],"author":"Agencija","twitter_card":"summary_large_image","twitter_misc":{"Written by":"Agencija","Est. reading time":"5 minuta"},"schema":{"@context":"https:\/\/schema.org","@graph":[{"@type":"Article","@id":"https:\/\/sandzakpress.net\/arhiva\/mrak-nad-bosnjacima\/#article","isPartOf":{"@id":"https:\/\/sandzakpress.net\/arhiva\/mrak-nad-bosnjacima\/"},"author":{"name":"Agencija","@id":"https:\/\/sandzakpress.net\/arhiva\/#\/schema\/person\/cb59d7e3ab91ab90dd680ad0305a6185"},"headline":"Mrak nad Bo\u0161njacima","datePublished":"2018-11-26T12:06:07+00:00","mainEntityOfPage":{"@id":"https:\/\/sandzakpress.net\/arhiva\/mrak-nad-bosnjacima\/"},"wordCount":1055,"publisher":{"@id":"https:\/\/sandzakpress.net\/arhiva\/#\/schema\/person\/6e72b67d6e51910a1117b3b483ba20bd"},"image":{"@id":"https:\/\/sandzakpress.net\/arhiva\/mrak-nad-bosnjacima\/#primaryimage"},"thumbnailUrl":"https:\/\/sandzakpress.net\/arhiva\/wp-content\/uploads\/2018\/11\/Semir-Eminovic.jpg","articleSection":["Novi Pazar","Iz pera na\u0161ih autora"],"inLanguage":"bs-BA"},{"@type":"WebPage","@id":"https:\/\/sandzakpress.net\/arhiva\/mrak-nad-bosnjacima\/","url":"https:\/\/sandzakpress.net\/arhiva\/mrak-nad-bosnjacima\/","name":"Mrak nad Bo\u0161njacima","isPartOf":{"@id":"https:\/\/sandzakpress.net\/arhiva\/#website"},"primaryImageOfPage":{"@id":"https:\/\/sandzakpress.net\/arhiva\/mrak-nad-bosnjacima\/#primaryimage"},"image":{"@id":"https:\/\/sandzakpress.net\/arhiva\/mrak-nad-bosnjacima\/#primaryimage"},"thumbnailUrl":"https:\/\/sandzakpress.net\/arhiva\/wp-content\/uploads\/2018\/11\/Semir-Eminovic.jpg","datePublished":"2018-11-26T12:06:07+00:00","breadcrumb":{"@id":"https:\/\/sandzakpress.net\/arhiva\/mrak-nad-bosnjacima\/#breadcrumb"},"inLanguage":"bs-BA","potentialAction":[{"@type":"ReadAction","target":["https:\/\/sandzakpress.net\/arhiva\/mrak-nad-bosnjacima\/"]}]},{"@type":"ImageObject","inLanguage":"bs-BA","@id":"https:\/\/sandzakpress.net\/arhiva\/mrak-nad-bosnjacima\/#primaryimage","url":"https:\/\/sandzakpress.net\/arhiva\/wp-content\/uploads\/2018\/11\/Semir-Eminovic.jpg","contentUrl":"https:\/\/sandzakpress.net\/arhiva\/wp-content\/uploads\/2018\/11\/Semir-Eminovic.jpg","width":711,"height":665},{"@type":"BreadcrumbList","@id":"https:\/\/sandzakpress.net\/arhiva\/mrak-nad-bosnjacima\/#breadcrumb","itemListElement":[{"@type":"ListItem","position":1,"name":"Home","item":"https:\/\/sandzakpress.net\/arhiva\/"},{"@type":"ListItem","position":2,"name":"Mrak nad Bo\u0161njacima"}]},{"@type":"WebSite","@id":"https:\/\/sandzakpress.net\/arhiva\/#website","url":"https:\/\/sandzakpress.net\/arhiva\/","name":"Sand\u017eak PRESS","description":"Prve elektronske novine u Sand\u017eaku","publisher":{"@id":"https:\/\/sandzakpress.net\/arhiva\/#\/schema\/person\/6e72b67d6e51910a1117b3b483ba20bd"},"potentialAction":[{"@type":"SearchAction","target":{"@type":"EntryPoint","urlTemplate":"https:\/\/sandzakpress.net\/arhiva\/?s={search_term_string}"},"query-input":{"@type":"PropertyValueSpecification","valueRequired":true,"valueName":"search_term_string"}}],"inLanguage":"bs-BA"},{"@type":["Person","Organization"],"@id":"https:\/\/sandzakpress.net\/arhiva\/#\/schema\/person\/6e72b67d6e51910a1117b3b483ba20bd","name":"Kul","image":{"@type":"ImageObject","inLanguage":"bs-BA","@id":"https:\/\/sandzakpress.net\/arhiva\/#\/schema\/person\/image\/","url":"https:\/\/secure.gravatar.com\/avatar\/42263f39aa27ac04c43cab85c280eb2e?s=96&d=mm&r=pg","contentUrl":"https:\/\/secure.gravatar.com\/avatar\/42263f39aa27ac04c43cab85c280eb2e?s=96&d=mm&r=pg","caption":"Kul"},"logo":{"@id":"https:\/\/sandzakpress.net\/arhiva\/#\/schema\/person\/image\/"}},{"@type":"Person","@id":"https:\/\/sandzakpress.net\/arhiva\/#\/schema\/person\/cb59d7e3ab91ab90dd680ad0305a6185","name":"Agencija","image":{"@type":"ImageObject","inLanguage":"bs-BA","@id":"https:\/\/sandzakpress.net\/arhiva\/#\/schema\/person\/image\/","url":"https:\/\/secure.gravatar.com\/avatar\/4b7fafa80a22f0c2afe23966b3961fe0?s=96&d=mm&r=pg","contentUrl":"https:\/\/secure.gravatar.com\/avatar\/4b7fafa80a22f0c2afe23966b3961fe0?s=96&d=mm&r=pg","caption":"Agencija"},"url":"https:\/\/sandzakpress.net\/arhiva\/author\/agencija\/"}]}},"_links":{"self":[{"href":"https:\/\/sandzakpress.net\/arhiva\/wp-json\/wp\/v2\/posts\/213760"}],"collection":[{"href":"https:\/\/sandzakpress.net\/arhiva\/wp-json\/wp\/v2\/posts"}],"about":[{"href":"https:\/\/sandzakpress.net\/arhiva\/wp-json\/wp\/v2\/types\/post"}],"author":[{"embeddable":true,"href":"https:\/\/sandzakpress.net\/arhiva\/wp-json\/wp\/v2\/users\/509"}],"replies":[{"embeddable":true,"href":"https:\/\/sandzakpress.net\/arhiva\/wp-json\/wp\/v2\/comments?post=213760"}],"version-history":[{"count":0,"href":"https:\/\/sandzakpress.net\/arhiva\/wp-json\/wp\/v2\/posts\/213760\/revisions"}],"wp:featuredmedia":[{"embeddable":true,"href":"https:\/\/sandzakpress.net\/arhiva\/wp-json\/wp\/v2\/media\/213761"}],"wp:attachment":[{"href":"https:\/\/sandzakpress.net\/arhiva\/wp-json\/wp\/v2\/media?parent=213760"}],"wp:term":[{"taxonomy":"category","embeddable":true,"href":"https:\/\/sandzakpress.net\/arhiva\/wp-json\/wp\/v2\/categories?post=213760"},{"taxonomy":"post_tag","embeddable":true,"href":"https:\/\/sandzakpress.net\/arhiva\/wp-json\/wp\/v2\/tags?post=213760"}],"curies":[{"name":"wp","href":"https:\/\/api.w.org\/{rel}","templated":true}]}}