{"id":213668,"date":"2018-11-22T15:15:16","date_gmt":"2018-11-22T14:15:16","guid":{"rendered":"https:\/\/sandzakpress.net\/arhiva\/?p=213668"},"modified":"2018-11-22T14:46:50","modified_gmt":"2018-11-22T13:46:50","slug":"uhapseni-radnici-rezervata-uvac-sklopili-nagodbu-sa-tuzilastvom-i-ostali-bez-posla","status":"publish","type":"post","link":"https:\/\/sandzakpress.net\/arhiva\/uhapseni-radnici-rezervata-uvac-sklopili-nagodbu-sa-tuzilastvom-i-ostali-bez-posla\/","title":{"rendered":"Uhap\u0161eni radnici rezervata \u201eUvac\u201c sklopili nagodbu sa tu\u017eila\u0161tvom i ostali bez posla"},"content":{"rendered":"<p><img decoding=\"async\" src=\"http:\/\/media.ppmedia.rs\/2018\/11\/rezervat.jpg\" \/><\/p>\n<p><strong>Sud u Kraljevu prihvatio je sporazum o priznanju krivice izme\u0111u Posebnog odeljenja za suzbijanje korupcije Vi\u0161eg javnog tu\u017eila\u0161tva u tom gradu i tri radnika Specijalnog rezervata prirode \u201cUvac\u201d M. O. (1984), G. B. (1969) i N. R. (1965) prema kojem su oni priznali da su izvr\u0161ili krivi\u010dna dela falsifikovanje slu\u017ebene isprave i zloupotreba slu\u017ebenog polo\u017eaja u zamenu za pet meseci ku\u0107nog zatvora, saznaju \u201cVe\u010dernje novosti\u201d. Direktorka rezervata Miljka Du\u010di\u0107 ka\u017ee da je odmah po\u0161to je u firmu stigla presuda raskinut i ugovor o radu sa trojicom zaposlenih.<\/strong><\/p>\n<p>Tri radnika Specijalnog rezervata prirode \u201cUvac\u201d M. O., G. B. i N. R., po\u010detkom novembra uhapsila je novovaro\u0161ka policija zbog postojanja osnova sumnje da su izvr\u0161ili krivi\u010dna dela falsifikovanje slu\u017ebene isprave i zloupotreba slu\u017ebenog polo\u017eaja, tako \u0161to su kao radnici rezervata prirode, ukrali 60 godi\u0161njih ribolova\u010dkih dozvola i overili ih faksimilom direktora i pe\u010datima rezervata. Takve dozvole su, kako se sumnjalo, prodavali ribolovcima, a novac zadr\u017eavali za sebe.<\/p>\n<p>Tom prilikom je policija u pretresu stana i drugih prostorija osumnji\u010denih prona\u0161la deo ribolova\u010dkih dozvola koji nije prodat, kao i internu evidenciju prodatih dozvola.<\/p>\n<p>Miljka Du\u010di\u0107 direktorka rezervata kazala je \u201cNovostima\u201d da su trojica radnika bila suspendovana odmah po\u0161to ih je policija uhapsila, a da je sada sa njima trajno raskinut radni odnos.<\/p>\n<p>\u2013 Pravosna\u017ena presuda iz Kraljeva u petak je stigla u firmu a ja sam u sredu donela re\u0161enje o raskidu ugovora o radu sa trojicom radnika. Oni su osu\u0111eni zbog zloupotrebe slu\u017ebenog polo\u017eaja i mora\u0107e da nadoknade nastalu \u0161tetu rezervatu \u2013 istakla je direktorka.<\/p>\n<p>U rezervatu sada su ostala zaposlena svega dva \u010duvara pa su kao ispomo\u0107 stigle kolege iz Sjenice koji obilaze Uva\u010dko i Zlatarsko jezero. Poslat je i zahtev kadrovskoj komisiji Ministarstva za\u0161tite \u017eivotne sredine od koje se tra\u017ei saglasnost za anga\u017eovanje novih radnika.<\/p>\n<p>Izvor: Novosti<\/p>\n<div class=\"social-sharing \">\u00a0<\/div>\n","protected":false},"excerpt":{"rendered":"<p>Sud u Kraljevu prihvatio je sporazum o priznanju krivice izme\u0111u Posebnog odeljenja za suzbijanje korupcije Vi\u0161eg javnog tu\u017eila\u0161tva u tom gradu i tri radnika Specijalnog rezervata prirode \u201cUvac\u201d M. O. (1984), G. B. (1969) i N. R. (1965) prema kojem su oni priznali da su izvr\u0161ili krivi\u010dna dela falsifikovanje slu\u017ebene isprave i zloupotreba slu\u017ebenog polo\u017eaja [&hellip;]<\/p>\n","protected":false},"author":509,"featured_media":213670,"comment_status":"closed","ping_status":"open","sticky":false,"template":"","format":"standard","meta":{"footnotes":""},"categories":[52,394,801],"tags":[],"class_list":{"0":"post-213668","1":"post","2":"type-post","3":"status-publish","4":"format-standard","5":"has-post-thumbnail","7":"category-sjenica","8":"category-nova-varos","9":"category-crna_hronika"},"yoast_head":"<!-- This site is optimized with the Yoast SEO Premium plugin v23.1 (Yoast SEO v24.9) - https:\/\/yoast.com\/wordpress\/plugins\/seo\/ -->\n<title>Uhap\u0161eni radnici rezervata \u201eUvac\u201c sklopili nagodbu sa tu\u017eila\u0161tvom i ostali bez posla<\/title>\n<meta name=\"robots\" content=\"index, follow, max-snippet:-1, max-image-preview:large, max-video-preview:-1\" \/>\n<link rel=\"canonical\" href=\"https:\/\/sandzakpress.net\/arhiva\/uhapseni-radnici-rezervata-uvac-sklopili-nagodbu-sa-tuzilastvom-i-ostali-bez-posla\/\" \/>\n<meta property=\"og:locale\" content=\"bs_BA\" \/>\n<meta property=\"og:type\" content=\"article\" \/>\n<meta property=\"og:title\" content=\"Uhap\u0161eni radnici rezervata \u201eUvac\u201c sklopili nagodbu sa tu\u017eila\u0161tvom i ostali bez posla\" \/>\n<meta property=\"og:description\" content=\"Sud u Kraljevu prihvatio je sporazum o priznanju krivice izme\u0111u Posebnog odeljenja za suzbijanje korupcije Vi\u0161eg javnog tu\u017eila\u0161tva u tom gradu i tri radnika Specijalnog rezervata prirode \u201cUvac\u201d M. O. (1984), G. B. (1969) i N. R. (1965) prema kojem su oni priznali da su izvr\u0161ili krivi\u010dna dela falsifikovanje slu\u017ebene isprave i zloupotreba slu\u017ebenog polo\u017eaja [&hellip;]\" \/>\n<meta property=\"og:url\" content=\"https:\/\/sandzakpress.net\/arhiva\/uhapseni-radnici-rezervata-uvac-sklopili-nagodbu-sa-tuzilastvom-i-ostali-bez-posla\/\" \/>\n<meta property=\"og:site_name\" content=\"Sand\u017eak PRESS\" \/>\n<meta property=\"article:published_time\" content=\"2018-11-22T14:15:16+00:00\" \/>\n<meta property=\"og:image\" content=\"https:\/\/sandzakpress.net\/arhiva\/wp-content\/uploads\/2018\/11\/rezervat-616x347.jpg\" \/>\n\t<meta property=\"og:image:width\" content=\"616\" \/>\n\t<meta property=\"og:image:height\" content=\"347\" \/>\n\t<meta property=\"og:image:type\" content=\"image\/jpeg\" \/>\n<meta name=\"author\" content=\"Agencija\" \/>\n<meta name=\"twitter:card\" content=\"summary_large_image\" \/>\n<meta name=\"twitter:label1\" content=\"Written by\" \/>\n\t<meta name=\"twitter:data1\" content=\"Agencija\" \/>\n\t<meta name=\"twitter:label2\" content=\"Est. reading time\" \/>\n\t<meta name=\"twitter:data2\" content=\"2 minute\" \/>\n<script type=\"application\/ld+json\" class=\"yoast-schema-graph\">{\"@context\":\"https:\/\/schema.org\",\"@graph\":[{\"@type\":\"Article\",\"@id\":\"https:\/\/sandzakpress.net\/arhiva\/uhapseni-radnici-rezervata-uvac-sklopili-nagodbu-sa-tuzilastvom-i-ostali-bez-posla\/#article\",\"isPartOf\":{\"@id\":\"https:\/\/sandzakpress.net\/arhiva\/uhapseni-radnici-rezervata-uvac-sklopili-nagodbu-sa-tuzilastvom-i-ostali-bez-posla\/\"},\"author\":{\"name\":\"Agencija\",\"@id\":\"https:\/\/sandzakpress.net\/arhiva\/#\/schema\/person\/cb59d7e3ab91ab90dd680ad0305a6185\"},\"headline\":\"Uhap\u0161eni radnici rezervata \u201eUvac\u201c sklopili nagodbu sa tu\u017eila\u0161tvom i ostali bez posla\",\"datePublished\":\"2018-11-22T14:15:16+00:00\",\"mainEntityOfPage\":{\"@id\":\"https:\/\/sandzakpress.net\/arhiva\/uhapseni-radnici-rezervata-uvac-sklopili-nagodbu-sa-tuzilastvom-i-ostali-bez-posla\/\"},\"wordCount\":345,\"publisher\":{\"@id\":\"https:\/\/sandzakpress.net\/arhiva\/#\/schema\/person\/6e72b67d6e51910a1117b3b483ba20bd\"},\"image\":{\"@id\":\"https:\/\/sandzakpress.net\/arhiva\/uhapseni-radnici-rezervata-uvac-sklopili-nagodbu-sa-tuzilastvom-i-ostali-bez-posla\/#primaryimage\"},\"thumbnailUrl\":\"https:\/\/sandzakpress.net\/arhiva\/wp-content\/uploads\/2018\/11\/rezervat.jpg\",\"articleSection\":[\"Sjenica\",\"Nova Varo\u0161\",\"Hronika\"],\"inLanguage\":\"bs-BA\"},{\"@type\":\"WebPage\",\"@id\":\"https:\/\/sandzakpress.net\/arhiva\/uhapseni-radnici-rezervata-uvac-sklopili-nagodbu-sa-tuzilastvom-i-ostali-bez-posla\/\",\"url\":\"https:\/\/sandzakpress.net\/arhiva\/uhapseni-radnici-rezervata-uvac-sklopili-nagodbu-sa-tuzilastvom-i-ostali-bez-posla\/\",\"name\":\"Uhap\u0161eni radnici rezervata \u201eUvac\u201c sklopili nagodbu sa tu\u017eila\u0161tvom i ostali bez posla\",\"isPartOf\":{\"@id\":\"https:\/\/sandzakpress.net\/arhiva\/#website\"},\"primaryImageOfPage\":{\"@id\":\"https:\/\/sandzakpress.net\/arhiva\/uhapseni-radnici-rezervata-uvac-sklopili-nagodbu-sa-tuzilastvom-i-ostali-bez-posla\/#primaryimage\"},\"image\":{\"@id\":\"https:\/\/sandzakpress.net\/arhiva\/uhapseni-radnici-rezervata-uvac-sklopili-nagodbu-sa-tuzilastvom-i-ostali-bez-posla\/#primaryimage\"},\"thumbnailUrl\":\"https:\/\/sandzakpress.net\/arhiva\/wp-content\/uploads\/2018\/11\/rezervat.jpg\",\"datePublished\":\"2018-11-22T14:15:16+00:00\",\"breadcrumb\":{\"@id\":\"https:\/\/sandzakpress.net\/arhiva\/uhapseni-radnici-rezervata-uvac-sklopili-nagodbu-sa-tuzilastvom-i-ostali-bez-posla\/#breadcrumb\"},\"inLanguage\":\"bs-BA\",\"potentialAction\":[{\"@type\":\"ReadAction\",\"target\":[\"https:\/\/sandzakpress.net\/arhiva\/uhapseni-radnici-rezervata-uvac-sklopili-nagodbu-sa-tuzilastvom-i-ostali-bez-posla\/\"]}]},{\"@type\":\"ImageObject\",\"inLanguage\":\"bs-BA\",\"@id\":\"https:\/\/sandzakpress.net\/arhiva\/uhapseni-radnici-rezervata-uvac-sklopili-nagodbu-sa-tuzilastvom-i-ostali-bez-posla\/#primaryimage\",\"url\":\"https:\/\/sandzakpress.net\/arhiva\/wp-content\/uploads\/2018\/11\/rezervat.jpg\",\"contentUrl\":\"https:\/\/sandzakpress.net\/arhiva\/wp-content\/uploads\/2018\/11\/rezervat.jpg\",\"width\":4032,\"height\":2268},{\"@type\":\"BreadcrumbList\",\"@id\":\"https:\/\/sandzakpress.net\/arhiva\/uhapseni-radnici-rezervata-uvac-sklopili-nagodbu-sa-tuzilastvom-i-ostali-bez-posla\/#breadcrumb\",\"itemListElement\":[{\"@type\":\"ListItem\",\"position\":1,\"name\":\"Home\",\"item\":\"https:\/\/sandzakpress.net\/arhiva\/\"},{\"@type\":\"ListItem\",\"position\":2,\"name\":\"Uhap\u0161eni radnici rezervata \u201eUvac\u201c sklopili nagodbu sa tu\u017eila\u0161tvom i ostali bez posla\"}]},{\"@type\":\"WebSite\",\"@id\":\"https:\/\/sandzakpress.net\/arhiva\/#website\",\"url\":\"https:\/\/sandzakpress.net\/arhiva\/\",\"name\":\"Sand\u017eak PRESS\",\"description\":\"Prve elektronske novine u Sand\u017eaku\",\"publisher\":{\"@id\":\"https:\/\/sandzakpress.net\/arhiva\/#\/schema\/person\/6e72b67d6e51910a1117b3b483ba20bd\"},\"potentialAction\":[{\"@type\":\"SearchAction\",\"target\":{\"@type\":\"EntryPoint\",\"urlTemplate\":\"https:\/\/sandzakpress.net\/arhiva\/?s={search_term_string}\"},\"query-input\":{\"@type\":\"PropertyValueSpecification\",\"valueRequired\":true,\"valueName\":\"search_term_string\"}}],\"inLanguage\":\"bs-BA\"},{\"@type\":[\"Person\",\"Organization\"],\"@id\":\"https:\/\/sandzakpress.net\/arhiva\/#\/schema\/person\/6e72b67d6e51910a1117b3b483ba20bd\",\"name\":\"Kul\",\"image\":{\"@type\":\"ImageObject\",\"inLanguage\":\"bs-BA\",\"@id\":\"https:\/\/sandzakpress.net\/arhiva\/#\/schema\/person\/image\/\",\"url\":\"https:\/\/secure.gravatar.com\/avatar\/42263f39aa27ac04c43cab85c280eb2e?s=96&d=mm&r=pg\",\"contentUrl\":\"https:\/\/secure.gravatar.com\/avatar\/42263f39aa27ac04c43cab85c280eb2e?s=96&d=mm&r=pg\",\"caption\":\"Kul\"},\"logo\":{\"@id\":\"https:\/\/sandzakpress.net\/arhiva\/#\/schema\/person\/image\/\"}},{\"@type\":\"Person\",\"@id\":\"https:\/\/sandzakpress.net\/arhiva\/#\/schema\/person\/cb59d7e3ab91ab90dd680ad0305a6185\",\"name\":\"Agencija\",\"image\":{\"@type\":\"ImageObject\",\"inLanguage\":\"bs-BA\",\"@id\":\"https:\/\/sandzakpress.net\/arhiva\/#\/schema\/person\/image\/\",\"url\":\"https:\/\/secure.gravatar.com\/avatar\/4b7fafa80a22f0c2afe23966b3961fe0?s=96&d=mm&r=pg\",\"contentUrl\":\"https:\/\/secure.gravatar.com\/avatar\/4b7fafa80a22f0c2afe23966b3961fe0?s=96&d=mm&r=pg\",\"caption\":\"Agencija\"},\"url\":\"https:\/\/sandzakpress.net\/arhiva\/author\/agencija\/\"}]}<\/script>\n<!-- \/ Yoast SEO Premium plugin. -->","yoast_head_json":{"title":"Uhap\u0161eni radnici rezervata \u201eUvac\u201c sklopili nagodbu sa tu\u017eila\u0161tvom i ostali bez posla","robots":{"index":"index","follow":"follow","max-snippet":"max-snippet:-1","max-image-preview":"max-image-preview:large","max-video-preview":"max-video-preview:-1"},"canonical":"https:\/\/sandzakpress.net\/arhiva\/uhapseni-radnici-rezervata-uvac-sklopili-nagodbu-sa-tuzilastvom-i-ostali-bez-posla\/","og_locale":"bs_BA","og_type":"article","og_title":"Uhap\u0161eni radnici rezervata \u201eUvac\u201c sklopili nagodbu sa tu\u017eila\u0161tvom i ostali bez posla","og_description":"Sud u Kraljevu prihvatio je sporazum o priznanju krivice izme\u0111u Posebnog odeljenja za suzbijanje korupcije Vi\u0161eg javnog tu\u017eila\u0161tva u tom gradu i tri radnika Specijalnog rezervata prirode \u201cUvac\u201d M. O. (1984), G. B. (1969) i N. R. (1965) prema kojem su oni priznali da su izvr\u0161ili krivi\u010dna dela falsifikovanje slu\u017ebene isprave i zloupotreba slu\u017ebenog polo\u017eaja [&hellip;]","og_url":"https:\/\/sandzakpress.net\/arhiva\/uhapseni-radnici-rezervata-uvac-sklopili-nagodbu-sa-tuzilastvom-i-ostali-bez-posla\/","og_site_name":"Sand\u017eak PRESS","article_published_time":"2018-11-22T14:15:16+00:00","og_image":[{"width":616,"height":347,"url":"https:\/\/sandzakpress.net\/arhiva\/wp-content\/uploads\/2018\/11\/rezervat-616x347.jpg","type":"image\/jpeg"}],"author":"Agencija","twitter_card":"summary_large_image","twitter_misc":{"Written by":"Agencija","Est. reading time":"2 minute"},"schema":{"@context":"https:\/\/schema.org","@graph":[{"@type":"Article","@id":"https:\/\/sandzakpress.net\/arhiva\/uhapseni-radnici-rezervata-uvac-sklopili-nagodbu-sa-tuzilastvom-i-ostali-bez-posla\/#article","isPartOf":{"@id":"https:\/\/sandzakpress.net\/arhiva\/uhapseni-radnici-rezervata-uvac-sklopili-nagodbu-sa-tuzilastvom-i-ostali-bez-posla\/"},"author":{"name":"Agencija","@id":"https:\/\/sandzakpress.net\/arhiva\/#\/schema\/person\/cb59d7e3ab91ab90dd680ad0305a6185"},"headline":"Uhap\u0161eni radnici rezervata \u201eUvac\u201c sklopili nagodbu sa tu\u017eila\u0161tvom i ostali bez posla","datePublished":"2018-11-22T14:15:16+00:00","mainEntityOfPage":{"@id":"https:\/\/sandzakpress.net\/arhiva\/uhapseni-radnici-rezervata-uvac-sklopili-nagodbu-sa-tuzilastvom-i-ostali-bez-posla\/"},"wordCount":345,"publisher":{"@id":"https:\/\/sandzakpress.net\/arhiva\/#\/schema\/person\/6e72b67d6e51910a1117b3b483ba20bd"},"image":{"@id":"https:\/\/sandzakpress.net\/arhiva\/uhapseni-radnici-rezervata-uvac-sklopili-nagodbu-sa-tuzilastvom-i-ostali-bez-posla\/#primaryimage"},"thumbnailUrl":"https:\/\/sandzakpress.net\/arhiva\/wp-content\/uploads\/2018\/11\/rezervat.jpg","articleSection":["Sjenica","Nova Varo\u0161","Hronika"],"inLanguage":"bs-BA"},{"@type":"WebPage","@id":"https:\/\/sandzakpress.net\/arhiva\/uhapseni-radnici-rezervata-uvac-sklopili-nagodbu-sa-tuzilastvom-i-ostali-bez-posla\/","url":"https:\/\/sandzakpress.net\/arhiva\/uhapseni-radnici-rezervata-uvac-sklopili-nagodbu-sa-tuzilastvom-i-ostali-bez-posla\/","name":"Uhap\u0161eni radnici rezervata \u201eUvac\u201c sklopili nagodbu sa tu\u017eila\u0161tvom i ostali bez posla","isPartOf":{"@id":"https:\/\/sandzakpress.net\/arhiva\/#website"},"primaryImageOfPage":{"@id":"https:\/\/sandzakpress.net\/arhiva\/uhapseni-radnici-rezervata-uvac-sklopili-nagodbu-sa-tuzilastvom-i-ostali-bez-posla\/#primaryimage"},"image":{"@id":"https:\/\/sandzakpress.net\/arhiva\/uhapseni-radnici-rezervata-uvac-sklopili-nagodbu-sa-tuzilastvom-i-ostali-bez-posla\/#primaryimage"},"thumbnailUrl":"https:\/\/sandzakpress.net\/arhiva\/wp-content\/uploads\/2018\/11\/rezervat.jpg","datePublished":"2018-11-22T14:15:16+00:00","breadcrumb":{"@id":"https:\/\/sandzakpress.net\/arhiva\/uhapseni-radnici-rezervata-uvac-sklopili-nagodbu-sa-tuzilastvom-i-ostali-bez-posla\/#breadcrumb"},"inLanguage":"bs-BA","potentialAction":[{"@type":"ReadAction","target":["https:\/\/sandzakpress.net\/arhiva\/uhapseni-radnici-rezervata-uvac-sklopili-nagodbu-sa-tuzilastvom-i-ostali-bez-posla\/"]}]},{"@type":"ImageObject","inLanguage":"bs-BA","@id":"https:\/\/sandzakpress.net\/arhiva\/uhapseni-radnici-rezervata-uvac-sklopili-nagodbu-sa-tuzilastvom-i-ostali-bez-posla\/#primaryimage","url":"https:\/\/sandzakpress.net\/arhiva\/wp-content\/uploads\/2018\/11\/rezervat.jpg","contentUrl":"https:\/\/sandzakpress.net\/arhiva\/wp-content\/uploads\/2018\/11\/rezervat.jpg","width":4032,"height":2268},{"@type":"BreadcrumbList","@id":"https:\/\/sandzakpress.net\/arhiva\/uhapseni-radnici-rezervata-uvac-sklopili-nagodbu-sa-tuzilastvom-i-ostali-bez-posla\/#breadcrumb","itemListElement":[{"@type":"ListItem","position":1,"name":"Home","item":"https:\/\/sandzakpress.net\/arhiva\/"},{"@type":"ListItem","position":2,"name":"Uhap\u0161eni radnici rezervata \u201eUvac\u201c sklopili nagodbu sa tu\u017eila\u0161tvom i ostali bez posla"}]},{"@type":"WebSite","@id":"https:\/\/sandzakpress.net\/arhiva\/#website","url":"https:\/\/sandzakpress.net\/arhiva\/","name":"Sand\u017eak PRESS","description":"Prve elektronske novine u Sand\u017eaku","publisher":{"@id":"https:\/\/sandzakpress.net\/arhiva\/#\/schema\/person\/6e72b67d6e51910a1117b3b483ba20bd"},"potentialAction":[{"@type":"SearchAction","target":{"@type":"EntryPoint","urlTemplate":"https:\/\/sandzakpress.net\/arhiva\/?s={search_term_string}"},"query-input":{"@type":"PropertyValueSpecification","valueRequired":true,"valueName":"search_term_string"}}],"inLanguage":"bs-BA"},{"@type":["Person","Organization"],"@id":"https:\/\/sandzakpress.net\/arhiva\/#\/schema\/person\/6e72b67d6e51910a1117b3b483ba20bd","name":"Kul","image":{"@type":"ImageObject","inLanguage":"bs-BA","@id":"https:\/\/sandzakpress.net\/arhiva\/#\/schema\/person\/image\/","url":"https:\/\/secure.gravatar.com\/avatar\/42263f39aa27ac04c43cab85c280eb2e?s=96&d=mm&r=pg","contentUrl":"https:\/\/secure.gravatar.com\/avatar\/42263f39aa27ac04c43cab85c280eb2e?s=96&d=mm&r=pg","caption":"Kul"},"logo":{"@id":"https:\/\/sandzakpress.net\/arhiva\/#\/schema\/person\/image\/"}},{"@type":"Person","@id":"https:\/\/sandzakpress.net\/arhiva\/#\/schema\/person\/cb59d7e3ab91ab90dd680ad0305a6185","name":"Agencija","image":{"@type":"ImageObject","inLanguage":"bs-BA","@id":"https:\/\/sandzakpress.net\/arhiva\/#\/schema\/person\/image\/","url":"https:\/\/secure.gravatar.com\/avatar\/4b7fafa80a22f0c2afe23966b3961fe0?s=96&d=mm&r=pg","contentUrl":"https:\/\/secure.gravatar.com\/avatar\/4b7fafa80a22f0c2afe23966b3961fe0?s=96&d=mm&r=pg","caption":"Agencija"},"url":"https:\/\/sandzakpress.net\/arhiva\/author\/agencija\/"}]}},"_links":{"self":[{"href":"https:\/\/sandzakpress.net\/arhiva\/wp-json\/wp\/v2\/posts\/213668"}],"collection":[{"href":"https:\/\/sandzakpress.net\/arhiva\/wp-json\/wp\/v2\/posts"}],"about":[{"href":"https:\/\/sandzakpress.net\/arhiva\/wp-json\/wp\/v2\/types\/post"}],"author":[{"embeddable":true,"href":"https:\/\/sandzakpress.net\/arhiva\/wp-json\/wp\/v2\/users\/509"}],"replies":[{"embeddable":true,"href":"https:\/\/sandzakpress.net\/arhiva\/wp-json\/wp\/v2\/comments?post=213668"}],"version-history":[{"count":0,"href":"https:\/\/sandzakpress.net\/arhiva\/wp-json\/wp\/v2\/posts\/213668\/revisions"}],"wp:featuredmedia":[{"embeddable":true,"href":"https:\/\/sandzakpress.net\/arhiva\/wp-json\/wp\/v2\/media\/213670"}],"wp:attachment":[{"href":"https:\/\/sandzakpress.net\/arhiva\/wp-json\/wp\/v2\/media?parent=213668"}],"wp:term":[{"taxonomy":"category","embeddable":true,"href":"https:\/\/sandzakpress.net\/arhiva\/wp-json\/wp\/v2\/categories?post=213668"},{"taxonomy":"post_tag","embeddable":true,"href":"https:\/\/sandzakpress.net\/arhiva\/wp-json\/wp\/v2\/tags?post=213668"}],"curies":[{"name":"wp","href":"https:\/\/api.w.org\/{rel}","templated":true}]}}