{"id":213631,"date":"2018-11-21T15:50:10","date_gmt":"2018-11-21T14:50:10","guid":{"rendered":"https:\/\/sandzakpress.net\/arhiva\/?p=213631"},"modified":"2018-11-21T15:45:36","modified_gmt":"2018-11-21T14:45:36","slug":"u-bijelom-polju-fizicki-napadnut-komunalni-inspektor-faik-sadikovic","status":"publish","type":"post","link":"https:\/\/sandzakpress.net\/arhiva\/u-bijelom-polju-fizicki-napadnut-komunalni-inspektor-faik-sadikovic\/","title":{"rendered":"U Bijelom Polju fizi\u010dki napadnut komunalni inspektor Faik Sadikovi\u0107"},"content":{"rendered":"<p><img decoding=\"async\" src=\"https:\/\/www.sandzaklive.rs\/images\/000\/cb26f0ab0d1b2655fae64dc2b825ab4d.jpg\" alt=\"cb26f0ab0d1b2655fae64dc2b825ab4d\" \/><\/p>\n<p style=\"text-align: left;\"><strong>Danas je u Bijelom Polju fizi\u010dki napadnut komunalni inspektor Faik Sadikovi\u0107. Na\u010delnik komunalne policije u Bijelom Polju, Muzafer Bad\u017ei\u0107, za portal sjevercg je potvrdio, da je napadnut i da su mu nanijete te\u0161ke povrede.<\/strong><\/p>\n<p>Badzi\u0107 je kazao, da je Sadikovi\u0107 preba\u010den u hitnu pomo\u0107 i da je slu\u010daj odmah prijavljen centru bezbjednosti u Bijelom Polju.<\/p>\n<p>Ovo je drugi slu\u010daj u Bijelom Polju, da je napadnut slu\u017ebenik komunalne policije.<\/p>\n<p>Pro\u0161le godine je tokom vr\u0161enja slu\u017ebene radnje, pretu\u010den i Inspektor bjelopoljske komunalne policije, Svetislav Peri\u0161i\u0107.<\/p>\n<p>U op\u0161tinama na sjeveru Crne Gore je sve vi\u0161e slu\u010dajeva napada na komunalne inspektore tokom vr\u0161enja slu\u017ebene radnje, jedan od takvih slu\u010dajeva se desio u septembru i u Beranama.<\/p>\n<p>Ono \u0161to zabrinjava je da su blage kazne, kada se ti\u010de napada na ova slu\u017ebena lica, \u0161to daje i povod da se nastavljaju fizi\u010dki napadi tokom njihovog rada.<\/p>\n<p>(dan)<\/p>\n<p>&nbsp;<\/p>\n","protected":false},"excerpt":{"rendered":"<p>Danas je u Bijelom Polju fizi\u010dki napadnut komunalni inspektor Faik Sadikovi\u0107. Na\u010delnik komunalne policije u Bijelom Polju, Muzafer Bad\u017ei\u0107, za portal sjevercg je potvrdio, da je napadnut i da su mu nanijete te\u0161ke povrede. Badzi\u0107 je kazao, da je Sadikovi\u0107 preba\u010den u hitnu pomo\u0107 i da je slu\u010daj odmah prijavljen centru bezbjednosti u Bijelom Polju. [&hellip;]<\/p>\n","protected":false},"author":509,"featured_media":213638,"comment_status":"closed","ping_status":"open","sticky":false,"template":"","format":"standard","meta":{"footnotes":""},"categories":[396,801,10429],"tags":[],"class_list":{"0":"post-213631","1":"post","2":"type-post","3":"status-publish","4":"format-standard","5":"has-post-thumbnail","7":"category-bijelo_polje","8":"category-crna_hronika","9":"category-vazno"},"yoast_head":"<!-- This site is optimized with the Yoast SEO Premium plugin v23.1 (Yoast SEO v24.9) - https:\/\/yoast.com\/wordpress\/plugins\/seo\/ -->\n<title>U Bijelom Polju fizi\u010dki napadnut komunalni inspektor Faik Sadikovi\u0107<\/title>\n<meta name=\"robots\" content=\"index, follow, max-snippet:-1, max-image-preview:large, max-video-preview:-1\" \/>\n<link rel=\"canonical\" href=\"https:\/\/sandzakpress.net\/arhiva\/u-bijelom-polju-fizicki-napadnut-komunalni-inspektor-faik-sadikovic\/\" \/>\n<meta property=\"og:locale\" content=\"bs_BA\" \/>\n<meta property=\"og:type\" content=\"article\" \/>\n<meta property=\"og:title\" content=\"U Bijelom Polju fizi\u010dki napadnut komunalni inspektor Faik Sadikovi\u0107\" \/>\n<meta property=\"og:description\" content=\"Danas je u Bijelom Polju fizi\u010dki napadnut komunalni inspektor Faik Sadikovi\u0107. Na\u010delnik komunalne policije u Bijelom Polju, Muzafer Bad\u017ei\u0107, za portal sjevercg je potvrdio, da je napadnut i da su mu nanijete te\u0161ke povrede. Badzi\u0107 je kazao, da je Sadikovi\u0107 preba\u010den u hitnu pomo\u0107 i da je slu\u010daj odmah prijavljen centru bezbjednosti u Bijelom Polju. [&hellip;]\" \/>\n<meta property=\"og:url\" content=\"https:\/\/sandzakpress.net\/arhiva\/u-bijelom-polju-fizicki-napadnut-komunalni-inspektor-faik-sadikovic\/\" \/>\n<meta property=\"og:site_name\" content=\"Sand\u017eak PRESS\" \/>\n<meta property=\"article:published_time\" content=\"2018-11-21T14:50:10+00:00\" \/>\n<meta property=\"og:image\" content=\"https:\/\/sandzakpress.net\/arhiva\/wp-content\/uploads\/2018\/11\/cb26f0ab0d1b2655fae64dc2b825ab4d.jpg\" \/>\n\t<meta property=\"og:image:width\" content=\"1068\" \/>\n\t<meta property=\"og:image:height\" content=\"711\" \/>\n\t<meta property=\"og:image:type\" content=\"image\/jpeg\" \/>\n<meta name=\"author\" content=\"Agencija\" \/>\n<meta name=\"twitter:card\" content=\"summary_large_image\" \/>\n<meta name=\"twitter:label1\" content=\"Written by\" \/>\n\t<meta name=\"twitter:data1\" content=\"Agencija\" \/>\n\t<meta name=\"twitter:label2\" content=\"Est. reading time\" \/>\n\t<meta name=\"twitter:data2\" content=\"1 minuta\" \/>\n<script type=\"application\/ld+json\" class=\"yoast-schema-graph\">{\"@context\":\"https:\/\/schema.org\",\"@graph\":[{\"@type\":\"Article\",\"@id\":\"https:\/\/sandzakpress.net\/arhiva\/u-bijelom-polju-fizicki-napadnut-komunalni-inspektor-faik-sadikovic\/#article\",\"isPartOf\":{\"@id\":\"https:\/\/sandzakpress.net\/arhiva\/u-bijelom-polju-fizicki-napadnut-komunalni-inspektor-faik-sadikovic\/\"},\"author\":{\"name\":\"Agencija\",\"@id\":\"https:\/\/sandzakpress.net\/arhiva\/#\/schema\/person\/cb59d7e3ab91ab90dd680ad0305a6185\"},\"headline\":\"U Bijelom Polju fizi\u010dki napadnut komunalni inspektor Faik Sadikovi\u0107\",\"datePublished\":\"2018-11-21T14:50:10+00:00\",\"mainEntityOfPage\":{\"@id\":\"https:\/\/sandzakpress.net\/arhiva\/u-bijelom-polju-fizicki-napadnut-komunalni-inspektor-faik-sadikovic\/\"},\"wordCount\":174,\"publisher\":{\"@id\":\"https:\/\/sandzakpress.net\/arhiva\/#\/schema\/person\/6e72b67d6e51910a1117b3b483ba20bd\"},\"image\":{\"@id\":\"https:\/\/sandzakpress.net\/arhiva\/u-bijelom-polju-fizicki-napadnut-komunalni-inspektor-faik-sadikovic\/#primaryimage\"},\"thumbnailUrl\":\"https:\/\/sandzakpress.net\/arhiva\/wp-content\/uploads\/2018\/11\/cb26f0ab0d1b2655fae64dc2b825ab4d.jpg\",\"articleSection\":[\"Bijelo Polje\",\"Hronika\",\"VA\u017dNO!\"],\"inLanguage\":\"bs-BA\"},{\"@type\":\"WebPage\",\"@id\":\"https:\/\/sandzakpress.net\/arhiva\/u-bijelom-polju-fizicki-napadnut-komunalni-inspektor-faik-sadikovic\/\",\"url\":\"https:\/\/sandzakpress.net\/arhiva\/u-bijelom-polju-fizicki-napadnut-komunalni-inspektor-faik-sadikovic\/\",\"name\":\"U Bijelom Polju fizi\u010dki napadnut komunalni inspektor Faik Sadikovi\u0107\",\"isPartOf\":{\"@id\":\"https:\/\/sandzakpress.net\/arhiva\/#website\"},\"primaryImageOfPage\":{\"@id\":\"https:\/\/sandzakpress.net\/arhiva\/u-bijelom-polju-fizicki-napadnut-komunalni-inspektor-faik-sadikovic\/#primaryimage\"},\"image\":{\"@id\":\"https:\/\/sandzakpress.net\/arhiva\/u-bijelom-polju-fizicki-napadnut-komunalni-inspektor-faik-sadikovic\/#primaryimage\"},\"thumbnailUrl\":\"https:\/\/sandzakpress.net\/arhiva\/wp-content\/uploads\/2018\/11\/cb26f0ab0d1b2655fae64dc2b825ab4d.jpg\",\"datePublished\":\"2018-11-21T14:50:10+00:00\",\"breadcrumb\":{\"@id\":\"https:\/\/sandzakpress.net\/arhiva\/u-bijelom-polju-fizicki-napadnut-komunalni-inspektor-faik-sadikovic\/#breadcrumb\"},\"inLanguage\":\"bs-BA\",\"potentialAction\":[{\"@type\":\"ReadAction\",\"target\":[\"https:\/\/sandzakpress.net\/arhiva\/u-bijelom-polju-fizicki-napadnut-komunalni-inspektor-faik-sadikovic\/\"]}]},{\"@type\":\"ImageObject\",\"inLanguage\":\"bs-BA\",\"@id\":\"https:\/\/sandzakpress.net\/arhiva\/u-bijelom-polju-fizicki-napadnut-komunalni-inspektor-faik-sadikovic\/#primaryimage\",\"url\":\"https:\/\/sandzakpress.net\/arhiva\/wp-content\/uploads\/2018\/11\/cb26f0ab0d1b2655fae64dc2b825ab4d.jpg\",\"contentUrl\":\"https:\/\/sandzakpress.net\/arhiva\/wp-content\/uploads\/2018\/11\/cb26f0ab0d1b2655fae64dc2b825ab4d.jpg\",\"width\":1068,\"height\":711},{\"@type\":\"BreadcrumbList\",\"@id\":\"https:\/\/sandzakpress.net\/arhiva\/u-bijelom-polju-fizicki-napadnut-komunalni-inspektor-faik-sadikovic\/#breadcrumb\",\"itemListElement\":[{\"@type\":\"ListItem\",\"position\":1,\"name\":\"Home\",\"item\":\"https:\/\/sandzakpress.net\/arhiva\/\"},{\"@type\":\"ListItem\",\"position\":2,\"name\":\"U Bijelom Polju fizi\u010dki napadnut komunalni inspektor Faik Sadikovi\u0107\"}]},{\"@type\":\"WebSite\",\"@id\":\"https:\/\/sandzakpress.net\/arhiva\/#website\",\"url\":\"https:\/\/sandzakpress.net\/arhiva\/\",\"name\":\"Sand\u017eak PRESS\",\"description\":\"Prve elektronske novine u Sand\u017eaku\",\"publisher\":{\"@id\":\"https:\/\/sandzakpress.net\/arhiva\/#\/schema\/person\/6e72b67d6e51910a1117b3b483ba20bd\"},\"potentialAction\":[{\"@type\":\"SearchAction\",\"target\":{\"@type\":\"EntryPoint\",\"urlTemplate\":\"https:\/\/sandzakpress.net\/arhiva\/?s={search_term_string}\"},\"query-input\":{\"@type\":\"PropertyValueSpecification\",\"valueRequired\":true,\"valueName\":\"search_term_string\"}}],\"inLanguage\":\"bs-BA\"},{\"@type\":[\"Person\",\"Organization\"],\"@id\":\"https:\/\/sandzakpress.net\/arhiva\/#\/schema\/person\/6e72b67d6e51910a1117b3b483ba20bd\",\"name\":\"Kul\",\"image\":{\"@type\":\"ImageObject\",\"inLanguage\":\"bs-BA\",\"@id\":\"https:\/\/sandzakpress.net\/arhiva\/#\/schema\/person\/image\/\",\"url\":\"https:\/\/secure.gravatar.com\/avatar\/42263f39aa27ac04c43cab85c280eb2e?s=96&d=mm&r=pg\",\"contentUrl\":\"https:\/\/secure.gravatar.com\/avatar\/42263f39aa27ac04c43cab85c280eb2e?s=96&d=mm&r=pg\",\"caption\":\"Kul\"},\"logo\":{\"@id\":\"https:\/\/sandzakpress.net\/arhiva\/#\/schema\/person\/image\/\"}},{\"@type\":\"Person\",\"@id\":\"https:\/\/sandzakpress.net\/arhiva\/#\/schema\/person\/cb59d7e3ab91ab90dd680ad0305a6185\",\"name\":\"Agencija\",\"image\":{\"@type\":\"ImageObject\",\"inLanguage\":\"bs-BA\",\"@id\":\"https:\/\/sandzakpress.net\/arhiva\/#\/schema\/person\/image\/\",\"url\":\"https:\/\/secure.gravatar.com\/avatar\/4b7fafa80a22f0c2afe23966b3961fe0?s=96&d=mm&r=pg\",\"contentUrl\":\"https:\/\/secure.gravatar.com\/avatar\/4b7fafa80a22f0c2afe23966b3961fe0?s=96&d=mm&r=pg\",\"caption\":\"Agencija\"},\"url\":\"https:\/\/sandzakpress.net\/arhiva\/author\/agencija\/\"}]}<\/script>\n<!-- \/ Yoast SEO Premium plugin. -->","yoast_head_json":{"title":"U Bijelom Polju fizi\u010dki napadnut komunalni inspektor Faik Sadikovi\u0107","robots":{"index":"index","follow":"follow","max-snippet":"max-snippet:-1","max-image-preview":"max-image-preview:large","max-video-preview":"max-video-preview:-1"},"canonical":"https:\/\/sandzakpress.net\/arhiva\/u-bijelom-polju-fizicki-napadnut-komunalni-inspektor-faik-sadikovic\/","og_locale":"bs_BA","og_type":"article","og_title":"U Bijelom Polju fizi\u010dki napadnut komunalni inspektor Faik Sadikovi\u0107","og_description":"Danas je u Bijelom Polju fizi\u010dki napadnut komunalni inspektor Faik Sadikovi\u0107. Na\u010delnik komunalne policije u Bijelom Polju, Muzafer Bad\u017ei\u0107, za portal sjevercg je potvrdio, da je napadnut i da su mu nanijete te\u0161ke povrede. Badzi\u0107 je kazao, da je Sadikovi\u0107 preba\u010den u hitnu pomo\u0107 i da je slu\u010daj odmah prijavljen centru bezbjednosti u Bijelom Polju. [&hellip;]","og_url":"https:\/\/sandzakpress.net\/arhiva\/u-bijelom-polju-fizicki-napadnut-komunalni-inspektor-faik-sadikovic\/","og_site_name":"Sand\u017eak PRESS","article_published_time":"2018-11-21T14:50:10+00:00","og_image":[{"width":1068,"height":711,"url":"https:\/\/sandzakpress.net\/arhiva\/wp-content\/uploads\/2018\/11\/cb26f0ab0d1b2655fae64dc2b825ab4d.jpg","type":"image\/jpeg"}],"author":"Agencija","twitter_card":"summary_large_image","twitter_misc":{"Written by":"Agencija","Est. reading time":"1 minuta"},"schema":{"@context":"https:\/\/schema.org","@graph":[{"@type":"Article","@id":"https:\/\/sandzakpress.net\/arhiva\/u-bijelom-polju-fizicki-napadnut-komunalni-inspektor-faik-sadikovic\/#article","isPartOf":{"@id":"https:\/\/sandzakpress.net\/arhiva\/u-bijelom-polju-fizicki-napadnut-komunalni-inspektor-faik-sadikovic\/"},"author":{"name":"Agencija","@id":"https:\/\/sandzakpress.net\/arhiva\/#\/schema\/person\/cb59d7e3ab91ab90dd680ad0305a6185"},"headline":"U Bijelom Polju fizi\u010dki napadnut komunalni inspektor Faik Sadikovi\u0107","datePublished":"2018-11-21T14:50:10+00:00","mainEntityOfPage":{"@id":"https:\/\/sandzakpress.net\/arhiva\/u-bijelom-polju-fizicki-napadnut-komunalni-inspektor-faik-sadikovic\/"},"wordCount":174,"publisher":{"@id":"https:\/\/sandzakpress.net\/arhiva\/#\/schema\/person\/6e72b67d6e51910a1117b3b483ba20bd"},"image":{"@id":"https:\/\/sandzakpress.net\/arhiva\/u-bijelom-polju-fizicki-napadnut-komunalni-inspektor-faik-sadikovic\/#primaryimage"},"thumbnailUrl":"https:\/\/sandzakpress.net\/arhiva\/wp-content\/uploads\/2018\/11\/cb26f0ab0d1b2655fae64dc2b825ab4d.jpg","articleSection":["Bijelo Polje","Hronika","VA\u017dNO!"],"inLanguage":"bs-BA"},{"@type":"WebPage","@id":"https:\/\/sandzakpress.net\/arhiva\/u-bijelom-polju-fizicki-napadnut-komunalni-inspektor-faik-sadikovic\/","url":"https:\/\/sandzakpress.net\/arhiva\/u-bijelom-polju-fizicki-napadnut-komunalni-inspektor-faik-sadikovic\/","name":"U Bijelom Polju fizi\u010dki napadnut komunalni inspektor Faik Sadikovi\u0107","isPartOf":{"@id":"https:\/\/sandzakpress.net\/arhiva\/#website"},"primaryImageOfPage":{"@id":"https:\/\/sandzakpress.net\/arhiva\/u-bijelom-polju-fizicki-napadnut-komunalni-inspektor-faik-sadikovic\/#primaryimage"},"image":{"@id":"https:\/\/sandzakpress.net\/arhiva\/u-bijelom-polju-fizicki-napadnut-komunalni-inspektor-faik-sadikovic\/#primaryimage"},"thumbnailUrl":"https:\/\/sandzakpress.net\/arhiva\/wp-content\/uploads\/2018\/11\/cb26f0ab0d1b2655fae64dc2b825ab4d.jpg","datePublished":"2018-11-21T14:50:10+00:00","breadcrumb":{"@id":"https:\/\/sandzakpress.net\/arhiva\/u-bijelom-polju-fizicki-napadnut-komunalni-inspektor-faik-sadikovic\/#breadcrumb"},"inLanguage":"bs-BA","potentialAction":[{"@type":"ReadAction","target":["https:\/\/sandzakpress.net\/arhiva\/u-bijelom-polju-fizicki-napadnut-komunalni-inspektor-faik-sadikovic\/"]}]},{"@type":"ImageObject","inLanguage":"bs-BA","@id":"https:\/\/sandzakpress.net\/arhiva\/u-bijelom-polju-fizicki-napadnut-komunalni-inspektor-faik-sadikovic\/#primaryimage","url":"https:\/\/sandzakpress.net\/arhiva\/wp-content\/uploads\/2018\/11\/cb26f0ab0d1b2655fae64dc2b825ab4d.jpg","contentUrl":"https:\/\/sandzakpress.net\/arhiva\/wp-content\/uploads\/2018\/11\/cb26f0ab0d1b2655fae64dc2b825ab4d.jpg","width":1068,"height":711},{"@type":"BreadcrumbList","@id":"https:\/\/sandzakpress.net\/arhiva\/u-bijelom-polju-fizicki-napadnut-komunalni-inspektor-faik-sadikovic\/#breadcrumb","itemListElement":[{"@type":"ListItem","position":1,"name":"Home","item":"https:\/\/sandzakpress.net\/arhiva\/"},{"@type":"ListItem","position":2,"name":"U Bijelom Polju fizi\u010dki napadnut komunalni inspektor Faik Sadikovi\u0107"}]},{"@type":"WebSite","@id":"https:\/\/sandzakpress.net\/arhiva\/#website","url":"https:\/\/sandzakpress.net\/arhiva\/","name":"Sand\u017eak PRESS","description":"Prve elektronske novine u Sand\u017eaku","publisher":{"@id":"https:\/\/sandzakpress.net\/arhiva\/#\/schema\/person\/6e72b67d6e51910a1117b3b483ba20bd"},"potentialAction":[{"@type":"SearchAction","target":{"@type":"EntryPoint","urlTemplate":"https:\/\/sandzakpress.net\/arhiva\/?s={search_term_string}"},"query-input":{"@type":"PropertyValueSpecification","valueRequired":true,"valueName":"search_term_string"}}],"inLanguage":"bs-BA"},{"@type":["Person","Organization"],"@id":"https:\/\/sandzakpress.net\/arhiva\/#\/schema\/person\/6e72b67d6e51910a1117b3b483ba20bd","name":"Kul","image":{"@type":"ImageObject","inLanguage":"bs-BA","@id":"https:\/\/sandzakpress.net\/arhiva\/#\/schema\/person\/image\/","url":"https:\/\/secure.gravatar.com\/avatar\/42263f39aa27ac04c43cab85c280eb2e?s=96&d=mm&r=pg","contentUrl":"https:\/\/secure.gravatar.com\/avatar\/42263f39aa27ac04c43cab85c280eb2e?s=96&d=mm&r=pg","caption":"Kul"},"logo":{"@id":"https:\/\/sandzakpress.net\/arhiva\/#\/schema\/person\/image\/"}},{"@type":"Person","@id":"https:\/\/sandzakpress.net\/arhiva\/#\/schema\/person\/cb59d7e3ab91ab90dd680ad0305a6185","name":"Agencija","image":{"@type":"ImageObject","inLanguage":"bs-BA","@id":"https:\/\/sandzakpress.net\/arhiva\/#\/schema\/person\/image\/","url":"https:\/\/secure.gravatar.com\/avatar\/4b7fafa80a22f0c2afe23966b3961fe0?s=96&d=mm&r=pg","contentUrl":"https:\/\/secure.gravatar.com\/avatar\/4b7fafa80a22f0c2afe23966b3961fe0?s=96&d=mm&r=pg","caption":"Agencija"},"url":"https:\/\/sandzakpress.net\/arhiva\/author\/agencija\/"}]}},"_links":{"self":[{"href":"https:\/\/sandzakpress.net\/arhiva\/wp-json\/wp\/v2\/posts\/213631"}],"collection":[{"href":"https:\/\/sandzakpress.net\/arhiva\/wp-json\/wp\/v2\/posts"}],"about":[{"href":"https:\/\/sandzakpress.net\/arhiva\/wp-json\/wp\/v2\/types\/post"}],"author":[{"embeddable":true,"href":"https:\/\/sandzakpress.net\/arhiva\/wp-json\/wp\/v2\/users\/509"}],"replies":[{"embeddable":true,"href":"https:\/\/sandzakpress.net\/arhiva\/wp-json\/wp\/v2\/comments?post=213631"}],"version-history":[{"count":0,"href":"https:\/\/sandzakpress.net\/arhiva\/wp-json\/wp\/v2\/posts\/213631\/revisions"}],"wp:featuredmedia":[{"embeddable":true,"href":"https:\/\/sandzakpress.net\/arhiva\/wp-json\/wp\/v2\/media\/213638"}],"wp:attachment":[{"href":"https:\/\/sandzakpress.net\/arhiva\/wp-json\/wp\/v2\/media?parent=213631"}],"wp:term":[{"taxonomy":"category","embeddable":true,"href":"https:\/\/sandzakpress.net\/arhiva\/wp-json\/wp\/v2\/categories?post=213631"},{"taxonomy":"post_tag","embeddable":true,"href":"https:\/\/sandzakpress.net\/arhiva\/wp-json\/wp\/v2\/tags?post=213631"}],"curies":[{"name":"wp","href":"https:\/\/api.w.org\/{rel}","templated":true}]}}