{"id":213577,"date":"2018-11-20T11:21:30","date_gmt":"2018-11-20T10:21:30","guid":{"rendered":"https:\/\/sandzakpress.net\/arhiva\/?p=213577"},"modified":"2018-11-20T11:24:47","modified_gmt":"2018-11-20T10:24:47","slug":"danas-je-20-novembar-dan-sandzaka-2","status":"publish","type":"post","link":"https:\/\/sandzakpress.net\/arhiva\/danas-je-20-novembar-dan-sandzaka-2\/","title":{"rendered":"Danas je 20. novembar \u2013 Dan Sand\u017eaka"},"content":{"rendered":"<p><img loading=\"lazy\" decoding=\"async\" class=\"size-full wp-image-213578 aligncenter\" src=\"https:\/\/sandzakpress.net\/arhiva\/wp-content\/uploads\/2018\/11\/3507ea518bf6fc3ab9009b2510d25d67_XL.jpg\" alt=\"\" width=\"847\" height=\"545\" srcset=\"https:\/\/sandzakpress.net\/arhiva\/wp-content\/uploads\/2018\/11\/3507ea518bf6fc3ab9009b2510d25d67_XL.jpg 847w, https:\/\/sandzakpress.net\/arhiva\/wp-content\/uploads\/2018\/11\/3507ea518bf6fc3ab9009b2510d25d67_XL-768x494.jpg 768w, https:\/\/sandzakpress.net\/arhiva\/wp-content\/uploads\/2018\/11\/3507ea518bf6fc3ab9009b2510d25d67_XL-616x396.jpg 616w, https:\/\/sandzakpress.net\/arhiva\/wp-content\/uploads\/2018\/11\/3507ea518bf6fc3ab9009b2510d25d67_XL-100x65.jpg 100w\" sizes=\"(max-width: 847px) 100vw, 847px\" \/><\/p>\n<p>Svim Bo\u0161njacima i ostalim narodima \u017eelimo sretan DAN SAND\u017dAKA<\/p>\n<p>Sand\u017eak danas obilje\u017eava 20. novembar \u2013 Dan Sand\u017eaka.<\/p>\n<p>U Pljevljima je prije 75 godine 20. Novembra 1943. godine osnovano Zemaljsko antifa\u0161isti\u010dko vije\u0107e narodnog oslobo\u0111enja Sand\u017eaka (Zavnos) \u010dime je Sand\u017eak dobio svoju autonomiju u okviru koje je imao zagarantirano pravo na unutarnje samoorganiziranje i upravljanje vlastitim granicama.<\/p>\n<div class=\"text_exposed_show\">\n<p>Vo\u0111eni slobodarskom svijesti, idejom su\u017eivota i pro\u017eimanju tolerancije i univerzalnih ljudskih vrijednosti i tradicije antifa\u0161izma, narodi Sand\u017eaka su se opredijelili za jedinstvenu, teritorijalnu, multietni\u010dku, i autonomnu regiju.<\/p>\n<p>Dan Sand\u017eaka \u0107e biti obilje\u017een nizom aktivnosti i ustaljenim manifestacijama u Novom Pazaru i ostalim op\u0161tinama Sand\u017eaka. Matica Bo\u0161nja\u010dka obilje\u017eit \u0107e ovaj blagdan sve\u010danom akademijom od 18 \u010dasova na Fakultetu za islamske studije.<\/p>\n<div class=\"td-post-content\">\n<p>U op\u0161tinama Sand\u017eaka se 20. novembar proslavlja kao neradni dan.\u00a0<\/p>\n<\/div>\n<footer>\n<div class=\"td-post-source-tags\">\n<div class=\"td-post-source-via \">\n<div class=\"td-post-small-box\">\u00a0<\/div>\n<\/div>\n<\/div>\n<\/footer>\n<\/div>\n","protected":false},"excerpt":{"rendered":"<p>Svim Bo\u0161njacima i ostalim narodima \u017eelimo sretan DAN SAND\u017dAKA Sand\u017eak danas obilje\u017eava 20. novembar \u2013 Dan Sand\u017eaka. U Pljevljima je prije 75 godine 20. Novembra 1943. godine osnovano Zemaljsko antifa\u0161isti\u010dko vije\u0107e narodnog oslobo\u0111enja Sand\u017eaka (Zavnos) \u010dime je Sand\u017eak dobio svoju autonomiju u okviru koje je imao zagarantirano pravo na unutarnje samoorganiziranje i upravljanje vlastitim granicama. [&hellip;]<\/p>\n","protected":false},"author":509,"featured_media":213578,"comment_status":"closed","ping_status":"open","sticky":false,"template":"","format":"standard","meta":{"footnotes":""},"categories":[398,800,72,52,397,327,10174,392,396,393,395,394,399,10173,8957],"tags":[],"class_list":{"0":"post-213577","1":"post","2":"type-post","3":"status-publish","4":"format-standard","5":"has-post-thumbnail","7":"category-rozaje","8":"category-nacija","9":"category-novi-pazar","10":"category-sjenica","11":"category-berane","12":"category-tutin","13":"category-petnjica-vase-vijesti","14":"category-prijepolje_","15":"category-bijelo_polje","16":"category-priboj","17":"category-pljevlja_","18":"category-nova-varos","19":"category-plav_","20":"category-gusinje-vase-vijesti","21":"category-vijesti-dana"},"yoast_head":"<!-- This site is optimized with the Yoast SEO Premium plugin v23.1 (Yoast SEO v24.9) - https:\/\/yoast.com\/wordpress\/plugins\/seo\/ -->\n<title>Danas je 20. novembar \u2013 Dan Sand\u017eaka<\/title>\n<meta name=\"robots\" content=\"index, follow, max-snippet:-1, max-image-preview:large, max-video-preview:-1\" \/>\n<link rel=\"canonical\" href=\"https:\/\/sandzakpress.net\/arhiva\/danas-je-20-novembar-dan-sandzaka-2\/\" \/>\n<meta property=\"og:locale\" content=\"bs_BA\" \/>\n<meta property=\"og:type\" content=\"article\" \/>\n<meta property=\"og:title\" content=\"Danas je 20. novembar \u2013 Dan Sand\u017eaka\" \/>\n<meta property=\"og:description\" content=\"Svim Bo\u0161njacima i ostalim narodima \u017eelimo sretan DAN SAND\u017dAKA Sand\u017eak danas obilje\u017eava 20. novembar \u2013 Dan Sand\u017eaka. U Pljevljima je prije 75 godine 20. Novembra 1943. godine osnovano Zemaljsko antifa\u0161isti\u010dko vije\u0107e narodnog oslobo\u0111enja Sand\u017eaka (Zavnos) \u010dime je Sand\u017eak dobio svoju autonomiju u okviru koje je imao zagarantirano pravo na unutarnje samoorganiziranje i upravljanje vlastitim granicama. [&hellip;]\" \/>\n<meta property=\"og:url\" content=\"https:\/\/sandzakpress.net\/arhiva\/danas-je-20-novembar-dan-sandzaka-2\/\" \/>\n<meta property=\"og:site_name\" content=\"Sand\u017eak PRESS\" \/>\n<meta property=\"article:published_time\" content=\"2018-11-20T10:21:30+00:00\" \/>\n<meta property=\"article:modified_time\" content=\"2018-11-20T10:24:47+00:00\" \/>\n<meta property=\"og:image\" content=\"https:\/\/sandzakpress.net\/arhiva\/wp-content\/uploads\/2018\/11\/3507ea518bf6fc3ab9009b2510d25d67_XL.jpg\" \/>\n\t<meta property=\"og:image:width\" content=\"847\" \/>\n\t<meta property=\"og:image:height\" content=\"545\" \/>\n\t<meta property=\"og:image:type\" content=\"image\/jpeg\" \/>\n<meta name=\"author\" content=\"Agencija\" \/>\n<meta name=\"twitter:card\" content=\"summary_large_image\" \/>\n<meta name=\"twitter:label1\" content=\"Written by\" \/>\n\t<meta name=\"twitter:data1\" content=\"Agencija\" \/>\n\t<meta name=\"twitter:label2\" content=\"Est. reading time\" \/>\n\t<meta name=\"twitter:data2\" content=\"1 minuta\" \/>\n<script type=\"application\/ld+json\" class=\"yoast-schema-graph\">{\"@context\":\"https:\/\/schema.org\",\"@graph\":[{\"@type\":\"Article\",\"@id\":\"https:\/\/sandzakpress.net\/arhiva\/danas-je-20-novembar-dan-sandzaka-2\/#article\",\"isPartOf\":{\"@id\":\"https:\/\/sandzakpress.net\/arhiva\/danas-je-20-novembar-dan-sandzaka-2\/\"},\"author\":{\"name\":\"Agencija\",\"@id\":\"https:\/\/sandzakpress.net\/arhiva\/#\/schema\/person\/cb59d7e3ab91ab90dd680ad0305a6185\"},\"headline\":\"Danas je 20. novembar \u2013 Dan Sand\u017eaka\",\"datePublished\":\"2018-11-20T10:21:30+00:00\",\"dateModified\":\"2018-11-20T10:24:47+00:00\",\"mainEntityOfPage\":{\"@id\":\"https:\/\/sandzakpress.net\/arhiva\/danas-je-20-novembar-dan-sandzaka-2\/\"},\"wordCount\":151,\"publisher\":{\"@id\":\"https:\/\/sandzakpress.net\/arhiva\/#\/schema\/person\/6e72b67d6e51910a1117b3b483ba20bd\"},\"image\":{\"@id\":\"https:\/\/sandzakpress.net\/arhiva\/danas-je-20-novembar-dan-sandzaka-2\/#primaryimage\"},\"thumbnailUrl\":\"https:\/\/sandzakpress.net\/arhiva\/wp-content\/uploads\/2018\/11\/3507ea518bf6fc3ab9009b2510d25d67_XL.jpg\",\"articleSection\":[\"Ro\u017eaje\",\"Nacija\",\"Novi Pazar\",\"Sjenica\",\"Berane\",\"Tutin\",\"Petnjica\",\"Prijepolje\",\"Bijelo Polje\",\"Priboj\",\"Pljevlja\",\"Nova Varo\u0161\",\"Plav\",\"Gusinje\",\"VIJESTI DANA\"],\"inLanguage\":\"bs-BA\"},{\"@type\":\"WebPage\",\"@id\":\"https:\/\/sandzakpress.net\/arhiva\/danas-je-20-novembar-dan-sandzaka-2\/\",\"url\":\"https:\/\/sandzakpress.net\/arhiva\/danas-je-20-novembar-dan-sandzaka-2\/\",\"name\":\"Danas je 20. novembar \u2013 Dan Sand\u017eaka\",\"isPartOf\":{\"@id\":\"https:\/\/sandzakpress.net\/arhiva\/#website\"},\"primaryImageOfPage\":{\"@id\":\"https:\/\/sandzakpress.net\/arhiva\/danas-je-20-novembar-dan-sandzaka-2\/#primaryimage\"},\"image\":{\"@id\":\"https:\/\/sandzakpress.net\/arhiva\/danas-je-20-novembar-dan-sandzaka-2\/#primaryimage\"},\"thumbnailUrl\":\"https:\/\/sandzakpress.net\/arhiva\/wp-content\/uploads\/2018\/11\/3507ea518bf6fc3ab9009b2510d25d67_XL.jpg\",\"datePublished\":\"2018-11-20T10:21:30+00:00\",\"dateModified\":\"2018-11-20T10:24:47+00:00\",\"breadcrumb\":{\"@id\":\"https:\/\/sandzakpress.net\/arhiva\/danas-je-20-novembar-dan-sandzaka-2\/#breadcrumb\"},\"inLanguage\":\"bs-BA\",\"potentialAction\":[{\"@type\":\"ReadAction\",\"target\":[\"https:\/\/sandzakpress.net\/arhiva\/danas-je-20-novembar-dan-sandzaka-2\/\"]}]},{\"@type\":\"ImageObject\",\"inLanguage\":\"bs-BA\",\"@id\":\"https:\/\/sandzakpress.net\/arhiva\/danas-je-20-novembar-dan-sandzaka-2\/#primaryimage\",\"url\":\"https:\/\/sandzakpress.net\/arhiva\/wp-content\/uploads\/2018\/11\/3507ea518bf6fc3ab9009b2510d25d67_XL.jpg\",\"contentUrl\":\"https:\/\/sandzakpress.net\/arhiva\/wp-content\/uploads\/2018\/11\/3507ea518bf6fc3ab9009b2510d25d67_XL.jpg\",\"width\":847,\"height\":545},{\"@type\":\"BreadcrumbList\",\"@id\":\"https:\/\/sandzakpress.net\/arhiva\/danas-je-20-novembar-dan-sandzaka-2\/#breadcrumb\",\"itemListElement\":[{\"@type\":\"ListItem\",\"position\":1,\"name\":\"Home\",\"item\":\"https:\/\/sandzakpress.net\/arhiva\/\"},{\"@type\":\"ListItem\",\"position\":2,\"name\":\"Danas je 20. novembar \u2013 Dan Sand\u017eaka\"}]},{\"@type\":\"WebSite\",\"@id\":\"https:\/\/sandzakpress.net\/arhiva\/#website\",\"url\":\"https:\/\/sandzakpress.net\/arhiva\/\",\"name\":\"Sand\u017eak PRESS\",\"description\":\"Prve elektronske novine u Sand\u017eaku\",\"publisher\":{\"@id\":\"https:\/\/sandzakpress.net\/arhiva\/#\/schema\/person\/6e72b67d6e51910a1117b3b483ba20bd\"},\"potentialAction\":[{\"@type\":\"SearchAction\",\"target\":{\"@type\":\"EntryPoint\",\"urlTemplate\":\"https:\/\/sandzakpress.net\/arhiva\/?s={search_term_string}\"},\"query-input\":{\"@type\":\"PropertyValueSpecification\",\"valueRequired\":true,\"valueName\":\"search_term_string\"}}],\"inLanguage\":\"bs-BA\"},{\"@type\":[\"Person\",\"Organization\"],\"@id\":\"https:\/\/sandzakpress.net\/arhiva\/#\/schema\/person\/6e72b67d6e51910a1117b3b483ba20bd\",\"name\":\"Kul\",\"image\":{\"@type\":\"ImageObject\",\"inLanguage\":\"bs-BA\",\"@id\":\"https:\/\/sandzakpress.net\/arhiva\/#\/schema\/person\/image\/\",\"url\":\"https:\/\/secure.gravatar.com\/avatar\/42263f39aa27ac04c43cab85c280eb2e?s=96&d=mm&r=pg\",\"contentUrl\":\"https:\/\/secure.gravatar.com\/avatar\/42263f39aa27ac04c43cab85c280eb2e?s=96&d=mm&r=pg\",\"caption\":\"Kul\"},\"logo\":{\"@id\":\"https:\/\/sandzakpress.net\/arhiva\/#\/schema\/person\/image\/\"}},{\"@type\":\"Person\",\"@id\":\"https:\/\/sandzakpress.net\/arhiva\/#\/schema\/person\/cb59d7e3ab91ab90dd680ad0305a6185\",\"name\":\"Agencija\",\"image\":{\"@type\":\"ImageObject\",\"inLanguage\":\"bs-BA\",\"@id\":\"https:\/\/sandzakpress.net\/arhiva\/#\/schema\/person\/image\/\",\"url\":\"https:\/\/secure.gravatar.com\/avatar\/4b7fafa80a22f0c2afe23966b3961fe0?s=96&d=mm&r=pg\",\"contentUrl\":\"https:\/\/secure.gravatar.com\/avatar\/4b7fafa80a22f0c2afe23966b3961fe0?s=96&d=mm&r=pg\",\"caption\":\"Agencija\"},\"url\":\"https:\/\/sandzakpress.net\/arhiva\/author\/agencija\/\"}]}<\/script>\n<!-- \/ Yoast SEO Premium plugin. -->","yoast_head_json":{"title":"Danas je 20. novembar \u2013 Dan Sand\u017eaka","robots":{"index":"index","follow":"follow","max-snippet":"max-snippet:-1","max-image-preview":"max-image-preview:large","max-video-preview":"max-video-preview:-1"},"canonical":"https:\/\/sandzakpress.net\/arhiva\/danas-je-20-novembar-dan-sandzaka-2\/","og_locale":"bs_BA","og_type":"article","og_title":"Danas je 20. novembar \u2013 Dan Sand\u017eaka","og_description":"Svim Bo\u0161njacima i ostalim narodima \u017eelimo sretan DAN SAND\u017dAKA Sand\u017eak danas obilje\u017eava 20. novembar \u2013 Dan Sand\u017eaka. U Pljevljima je prije 75 godine 20. Novembra 1943. godine osnovano Zemaljsko antifa\u0161isti\u010dko vije\u0107e narodnog oslobo\u0111enja Sand\u017eaka (Zavnos) \u010dime je Sand\u017eak dobio svoju autonomiju u okviru koje je imao zagarantirano pravo na unutarnje samoorganiziranje i upravljanje vlastitim granicama. [&hellip;]","og_url":"https:\/\/sandzakpress.net\/arhiva\/danas-je-20-novembar-dan-sandzaka-2\/","og_site_name":"Sand\u017eak PRESS","article_published_time":"2018-11-20T10:21:30+00:00","article_modified_time":"2018-11-20T10:24:47+00:00","og_image":[{"width":847,"height":545,"url":"https:\/\/sandzakpress.net\/arhiva\/wp-content\/uploads\/2018\/11\/3507ea518bf6fc3ab9009b2510d25d67_XL.jpg","type":"image\/jpeg"}],"author":"Agencija","twitter_card":"summary_large_image","twitter_misc":{"Written by":"Agencija","Est. reading time":"1 minuta"},"schema":{"@context":"https:\/\/schema.org","@graph":[{"@type":"Article","@id":"https:\/\/sandzakpress.net\/arhiva\/danas-je-20-novembar-dan-sandzaka-2\/#article","isPartOf":{"@id":"https:\/\/sandzakpress.net\/arhiva\/danas-je-20-novembar-dan-sandzaka-2\/"},"author":{"name":"Agencija","@id":"https:\/\/sandzakpress.net\/arhiva\/#\/schema\/person\/cb59d7e3ab91ab90dd680ad0305a6185"},"headline":"Danas je 20. novembar \u2013 Dan Sand\u017eaka","datePublished":"2018-11-20T10:21:30+00:00","dateModified":"2018-11-20T10:24:47+00:00","mainEntityOfPage":{"@id":"https:\/\/sandzakpress.net\/arhiva\/danas-je-20-novembar-dan-sandzaka-2\/"},"wordCount":151,"publisher":{"@id":"https:\/\/sandzakpress.net\/arhiva\/#\/schema\/person\/6e72b67d6e51910a1117b3b483ba20bd"},"image":{"@id":"https:\/\/sandzakpress.net\/arhiva\/danas-je-20-novembar-dan-sandzaka-2\/#primaryimage"},"thumbnailUrl":"https:\/\/sandzakpress.net\/arhiva\/wp-content\/uploads\/2018\/11\/3507ea518bf6fc3ab9009b2510d25d67_XL.jpg","articleSection":["Ro\u017eaje","Nacija","Novi Pazar","Sjenica","Berane","Tutin","Petnjica","Prijepolje","Bijelo Polje","Priboj","Pljevlja","Nova Varo\u0161","Plav","Gusinje","VIJESTI DANA"],"inLanguage":"bs-BA"},{"@type":"WebPage","@id":"https:\/\/sandzakpress.net\/arhiva\/danas-je-20-novembar-dan-sandzaka-2\/","url":"https:\/\/sandzakpress.net\/arhiva\/danas-je-20-novembar-dan-sandzaka-2\/","name":"Danas je 20. novembar \u2013 Dan Sand\u017eaka","isPartOf":{"@id":"https:\/\/sandzakpress.net\/arhiva\/#website"},"primaryImageOfPage":{"@id":"https:\/\/sandzakpress.net\/arhiva\/danas-je-20-novembar-dan-sandzaka-2\/#primaryimage"},"image":{"@id":"https:\/\/sandzakpress.net\/arhiva\/danas-je-20-novembar-dan-sandzaka-2\/#primaryimage"},"thumbnailUrl":"https:\/\/sandzakpress.net\/arhiva\/wp-content\/uploads\/2018\/11\/3507ea518bf6fc3ab9009b2510d25d67_XL.jpg","datePublished":"2018-11-20T10:21:30+00:00","dateModified":"2018-11-20T10:24:47+00:00","breadcrumb":{"@id":"https:\/\/sandzakpress.net\/arhiva\/danas-je-20-novembar-dan-sandzaka-2\/#breadcrumb"},"inLanguage":"bs-BA","potentialAction":[{"@type":"ReadAction","target":["https:\/\/sandzakpress.net\/arhiva\/danas-je-20-novembar-dan-sandzaka-2\/"]}]},{"@type":"ImageObject","inLanguage":"bs-BA","@id":"https:\/\/sandzakpress.net\/arhiva\/danas-je-20-novembar-dan-sandzaka-2\/#primaryimage","url":"https:\/\/sandzakpress.net\/arhiva\/wp-content\/uploads\/2018\/11\/3507ea518bf6fc3ab9009b2510d25d67_XL.jpg","contentUrl":"https:\/\/sandzakpress.net\/arhiva\/wp-content\/uploads\/2018\/11\/3507ea518bf6fc3ab9009b2510d25d67_XL.jpg","width":847,"height":545},{"@type":"BreadcrumbList","@id":"https:\/\/sandzakpress.net\/arhiva\/danas-je-20-novembar-dan-sandzaka-2\/#breadcrumb","itemListElement":[{"@type":"ListItem","position":1,"name":"Home","item":"https:\/\/sandzakpress.net\/arhiva\/"},{"@type":"ListItem","position":2,"name":"Danas je 20. novembar \u2013 Dan Sand\u017eaka"}]},{"@type":"WebSite","@id":"https:\/\/sandzakpress.net\/arhiva\/#website","url":"https:\/\/sandzakpress.net\/arhiva\/","name":"Sand\u017eak PRESS","description":"Prve elektronske novine u Sand\u017eaku","publisher":{"@id":"https:\/\/sandzakpress.net\/arhiva\/#\/schema\/person\/6e72b67d6e51910a1117b3b483ba20bd"},"potentialAction":[{"@type":"SearchAction","target":{"@type":"EntryPoint","urlTemplate":"https:\/\/sandzakpress.net\/arhiva\/?s={search_term_string}"},"query-input":{"@type":"PropertyValueSpecification","valueRequired":true,"valueName":"search_term_string"}}],"inLanguage":"bs-BA"},{"@type":["Person","Organization"],"@id":"https:\/\/sandzakpress.net\/arhiva\/#\/schema\/person\/6e72b67d6e51910a1117b3b483ba20bd","name":"Kul","image":{"@type":"ImageObject","inLanguage":"bs-BA","@id":"https:\/\/sandzakpress.net\/arhiva\/#\/schema\/person\/image\/","url":"https:\/\/secure.gravatar.com\/avatar\/42263f39aa27ac04c43cab85c280eb2e?s=96&d=mm&r=pg","contentUrl":"https:\/\/secure.gravatar.com\/avatar\/42263f39aa27ac04c43cab85c280eb2e?s=96&d=mm&r=pg","caption":"Kul"},"logo":{"@id":"https:\/\/sandzakpress.net\/arhiva\/#\/schema\/person\/image\/"}},{"@type":"Person","@id":"https:\/\/sandzakpress.net\/arhiva\/#\/schema\/person\/cb59d7e3ab91ab90dd680ad0305a6185","name":"Agencija","image":{"@type":"ImageObject","inLanguage":"bs-BA","@id":"https:\/\/sandzakpress.net\/arhiva\/#\/schema\/person\/image\/","url":"https:\/\/secure.gravatar.com\/avatar\/4b7fafa80a22f0c2afe23966b3961fe0?s=96&d=mm&r=pg","contentUrl":"https:\/\/secure.gravatar.com\/avatar\/4b7fafa80a22f0c2afe23966b3961fe0?s=96&d=mm&r=pg","caption":"Agencija"},"url":"https:\/\/sandzakpress.net\/arhiva\/author\/agencija\/"}]}},"_links":{"self":[{"href":"https:\/\/sandzakpress.net\/arhiva\/wp-json\/wp\/v2\/posts\/213577"}],"collection":[{"href":"https:\/\/sandzakpress.net\/arhiva\/wp-json\/wp\/v2\/posts"}],"about":[{"href":"https:\/\/sandzakpress.net\/arhiva\/wp-json\/wp\/v2\/types\/post"}],"author":[{"embeddable":true,"href":"https:\/\/sandzakpress.net\/arhiva\/wp-json\/wp\/v2\/users\/509"}],"replies":[{"embeddable":true,"href":"https:\/\/sandzakpress.net\/arhiva\/wp-json\/wp\/v2\/comments?post=213577"}],"version-history":[{"count":0,"href":"https:\/\/sandzakpress.net\/arhiva\/wp-json\/wp\/v2\/posts\/213577\/revisions"}],"wp:featuredmedia":[{"embeddable":true,"href":"https:\/\/sandzakpress.net\/arhiva\/wp-json\/wp\/v2\/media\/213578"}],"wp:attachment":[{"href":"https:\/\/sandzakpress.net\/arhiva\/wp-json\/wp\/v2\/media?parent=213577"}],"wp:term":[{"taxonomy":"category","embeddable":true,"href":"https:\/\/sandzakpress.net\/arhiva\/wp-json\/wp\/v2\/categories?post=213577"},{"taxonomy":"post_tag","embeddable":true,"href":"https:\/\/sandzakpress.net\/arhiva\/wp-json\/wp\/v2\/tags?post=213577"}],"curies":[{"name":"wp","href":"https:\/\/api.w.org\/{rel}","templated":true}]}}