{"id":21345,"date":"2011-10-08T22:32:09","date_gmt":"2011-10-08T20:32:09","guid":{"rendered":"https:\/\/sandzakpress.net\/arhiva\/?p=21345"},"modified":"2011-10-08T22:32:09","modified_gmt":"2011-10-08T20:32:09","slug":"reisu-l-ulema-i-muftija-na-dzenazi-tenzili-erdogan","status":"publish","type":"post","link":"https:\/\/sandzakpress.net\/arhiva\/reisu-l-ulema-i-muftija-na-dzenazi-tenzili-erdogan\/","title":{"rendered":"Reisu-l-ulema i Muftija na d\u017eenazi Tenzili Erdogan"},"content":{"rendered":"<p><strong><a href=\"https:\/\/sandzakpress.net\/arhiva\/wp-content\/uploads\/2011\/10\/reis-dzenaza-tenzila-erdogan-2011-2.jpg\"><img loading=\"lazy\" decoding=\"async\" class=\"alignleft size-medium wp-image-21346\" title=\"reis-dzenaza-tenzila-erdogan-2011-2\" src=\"https:\/\/sandzakpress.net\/arhiva\/wp-content\/uploads\/2011\/10\/reis-dzenaza-tenzila-erdogan-2011-2-300x190.jpg\" alt=\"\" width=\"300\" height=\"190\" \/><\/a>Turska &#8211; Pred Fatihovom d\u017eamijom u Istanbulu, nakon podne namaza, obavljena je d\u017eenaza-namaz Tenzili Erdogan, majci turskog premijera Red\u017eepa Tajipa Erdogana. Nakon kra\u0107e bolesti i operacije \u017eu\u010di, Tenzila Erdogan je preselila u petak, 07. oktobra u 9.15 sati po turskom vremenu u 88. godini \u017eivota.<\/strong><\/p>\n<p>D\u017eenazu-namaz predvodio je predsjednik Predsjedni\u0161tva vjerskih poslova Republike Turske prof. dr. Mehmet Gormez, a prisustvovali su joj predsjednik Turske Abdullah Gul, svi \u010dlanovi vlade, brojni parlamentarci, javni, kulturni i sportski radnici. Tako\u0111er, d\u017eenazi-namazi prisustvovale su i brojne delegacije iz svijeta, me\u0111u kojima i reisu-l-ulema Islamske zajednice u Bosni i Hercegovini prof. dr. Mustafa Ceri\u0107. Iako je dan ranije stigao iz zvani\u010dne posjete Turskoj, reisu-l-ulema je isti dan otputovao za Istanbul kako bi mogao prisustvovati d\u017eenazi premijerove majke. Tako\u0111er, d\u017eenazi u Istanbulu je prisustvovao i glavni muftija Islamske zajednice u Srbiji Muamer ef. Zukorli\u0107.<\/p>\n<p>Premijer Erdogan nije mogao suzdr\u017eati suze nakon \u0161to je od velikog broja d\u017eematlija zatra\u017een halal za njegovu majku. Njen tabut bio je prekriven jednim dijelom prekriva\u010dem Ka'be.<\/p>\n<p>U Sarajevu u Gazi Husrev-begovoj d\u017eamiji je, tako\u0111er, nakon podne namaza klanja d\u017eenaza namaz u odsutnosti (salatu d\u017eenazetil-gaib) Tenzili Erdogan.<\/p>\n<p>Izvor: <strong>Rijaset.ba<\/strong><\/p>\n","protected":false},"excerpt":{"rendered":"<p>Turska &#8211; Pred Fatihovom d\u017eamijom u Istanbulu, nakon podne namaza, obavljena je d\u017eenaza-namaz Tenzili Erdogan, majci turskog premijera Red\u017eepa Tajipa Erdogana. Nakon kra\u0107e bolesti i operacije \u017eu\u010di, Tenzila Erdogan je preselila u petak, 07. oktobra u 9.15 sati po turskom vremenu u 88. godini \u017eivota. D\u017eenazu-namaz predvodio je predsjednik Predsjedni\u0161tva vjerskih poslova Republike Turske prof. [&hellip;]<\/p>\n","protected":false},"author":83,"featured_media":21346,"comment_status":"open","ping_status":"open","sticky":false,"template":"","format":"standard","meta":{"footnotes":""},"categories":[800,2692],"tags":[],"class_list":{"0":"post-21345","1":"post","2":"type-post","3":"status-publish","4":"format-standard","5":"has-post-thumbnail","7":"category-nacija","8":"category-turska-gradovi"},"yoast_head":"<!-- This site is optimized with the Yoast SEO Premium plugin v23.1 (Yoast SEO v24.9) - https:\/\/yoast.com\/wordpress\/plugins\/seo\/ -->\n<title>Reisu-l-ulema i Muftija na d\u017eenazi Tenzili Erdogan<\/title>\n<meta name=\"robots\" content=\"index, follow, max-snippet:-1, max-image-preview:large, max-video-preview:-1\" \/>\n<link rel=\"canonical\" href=\"https:\/\/sandzakpress.net\/arhiva\/reisu-l-ulema-i-muftija-na-dzenazi-tenzili-erdogan\/\" \/>\n<meta property=\"og:locale\" content=\"bs_BA\" \/>\n<meta property=\"og:type\" content=\"article\" \/>\n<meta property=\"og:title\" content=\"Reisu-l-ulema i Muftija na d\u017eenazi Tenzili Erdogan\" \/>\n<meta property=\"og:description\" content=\"Turska &#8211; Pred Fatihovom d\u017eamijom u Istanbulu, nakon podne namaza, obavljena je d\u017eenaza-namaz Tenzili Erdogan, majci turskog premijera Red\u017eepa Tajipa Erdogana. Nakon kra\u0107e bolesti i operacije \u017eu\u010di, Tenzila Erdogan je preselila u petak, 07. oktobra u 9.15 sati po turskom vremenu u 88. godini \u017eivota. D\u017eenazu-namaz predvodio je predsjednik Predsjedni\u0161tva vjerskih poslova Republike Turske prof. [&hellip;]\" \/>\n<meta property=\"og:url\" content=\"https:\/\/sandzakpress.net\/arhiva\/reisu-l-ulema-i-muftija-na-dzenazi-tenzili-erdogan\/\" \/>\n<meta property=\"og:site_name\" content=\"Sand\u017eak PRESS\" \/>\n<meta property=\"article:published_time\" content=\"2011-10-08T20:32:09+00:00\" \/>\n<meta property=\"og:image\" content=\"https:\/\/sandzakpress.net\/arhiva\/wp-content\/uploads\/2011\/10\/reis-dzenaza-tenzila-erdogan-2011-2.jpg\" \/>\n\t<meta property=\"og:image:width\" content=\"550\" \/>\n\t<meta property=\"og:image:height\" content=\"349\" \/>\n\t<meta property=\"og:image:type\" content=\"image\/jpeg\" \/>\n<meta name=\"author\" content=\"bosniak\" \/>\n<meta name=\"twitter:card\" content=\"summary_large_image\" \/>\n<meta name=\"twitter:label1\" content=\"Written by\" \/>\n\t<meta name=\"twitter:data1\" content=\"bosniak\" \/>\n\t<meta name=\"twitter:label2\" content=\"Est. reading time\" \/>\n\t<meta name=\"twitter:data2\" content=\"1 minuta\" \/>\n<script type=\"application\/ld+json\" class=\"yoast-schema-graph\">{\"@context\":\"https:\/\/schema.org\",\"@graph\":[{\"@type\":\"Article\",\"@id\":\"https:\/\/sandzakpress.net\/arhiva\/reisu-l-ulema-i-muftija-na-dzenazi-tenzili-erdogan\/#article\",\"isPartOf\":{\"@id\":\"https:\/\/sandzakpress.net\/arhiva\/reisu-l-ulema-i-muftija-na-dzenazi-tenzili-erdogan\/\"},\"author\":{\"name\":\"bosniak\",\"@id\":\"https:\/\/sandzakpress.net\/arhiva\/#\/schema\/person\/c8baee722073534b583ea7bdb2e36c02\"},\"headline\":\"Reisu-l-ulema i Muftija na d\u017eenazi Tenzili Erdogan\",\"datePublished\":\"2011-10-08T20:32:09+00:00\",\"mainEntityOfPage\":{\"@id\":\"https:\/\/sandzakpress.net\/arhiva\/reisu-l-ulema-i-muftija-na-dzenazi-tenzili-erdogan\/\"},\"wordCount\":216,\"commentCount\":3,\"publisher\":{\"@id\":\"https:\/\/sandzakpress.net\/arhiva\/#\/schema\/person\/6e72b67d6e51910a1117b3b483ba20bd\"},\"image\":{\"@id\":\"https:\/\/sandzakpress.net\/arhiva\/reisu-l-ulema-i-muftija-na-dzenazi-tenzili-erdogan\/#primaryimage\"},\"thumbnailUrl\":\"https:\/\/sandzakpress.net\/arhiva\/wp-content\/uploads\/2011\/10\/reis-dzenaza-tenzila-erdogan-2011-2.jpg\",\"articleSection\":[\"Nacija\",\"Turska\"],\"inLanguage\":\"bs-BA\",\"potentialAction\":[{\"@type\":\"CommentAction\",\"name\":\"Comment\",\"target\":[\"https:\/\/sandzakpress.net\/arhiva\/reisu-l-ulema-i-muftija-na-dzenazi-tenzili-erdogan\/#respond\"]}]},{\"@type\":\"WebPage\",\"@id\":\"https:\/\/sandzakpress.net\/arhiva\/reisu-l-ulema-i-muftija-na-dzenazi-tenzili-erdogan\/\",\"url\":\"https:\/\/sandzakpress.net\/arhiva\/reisu-l-ulema-i-muftija-na-dzenazi-tenzili-erdogan\/\",\"name\":\"Reisu-l-ulema i Muftija na d\u017eenazi Tenzili Erdogan\",\"isPartOf\":{\"@id\":\"https:\/\/sandzakpress.net\/arhiva\/#website\"},\"primaryImageOfPage\":{\"@id\":\"https:\/\/sandzakpress.net\/arhiva\/reisu-l-ulema-i-muftija-na-dzenazi-tenzili-erdogan\/#primaryimage\"},\"image\":{\"@id\":\"https:\/\/sandzakpress.net\/arhiva\/reisu-l-ulema-i-muftija-na-dzenazi-tenzili-erdogan\/#primaryimage\"},\"thumbnailUrl\":\"https:\/\/sandzakpress.net\/arhiva\/wp-content\/uploads\/2011\/10\/reis-dzenaza-tenzila-erdogan-2011-2.jpg\",\"datePublished\":\"2011-10-08T20:32:09+00:00\",\"breadcrumb\":{\"@id\":\"https:\/\/sandzakpress.net\/arhiva\/reisu-l-ulema-i-muftija-na-dzenazi-tenzili-erdogan\/#breadcrumb\"},\"inLanguage\":\"bs-BA\",\"potentialAction\":[{\"@type\":\"ReadAction\",\"target\":[\"https:\/\/sandzakpress.net\/arhiva\/reisu-l-ulema-i-muftija-na-dzenazi-tenzili-erdogan\/\"]}]},{\"@type\":\"ImageObject\",\"inLanguage\":\"bs-BA\",\"@id\":\"https:\/\/sandzakpress.net\/arhiva\/reisu-l-ulema-i-muftija-na-dzenazi-tenzili-erdogan\/#primaryimage\",\"url\":\"https:\/\/sandzakpress.net\/arhiva\/wp-content\/uploads\/2011\/10\/reis-dzenaza-tenzila-erdogan-2011-2.jpg\",\"contentUrl\":\"https:\/\/sandzakpress.net\/arhiva\/wp-content\/uploads\/2011\/10\/reis-dzenaza-tenzila-erdogan-2011-2.jpg\",\"width\":550,\"height\":349},{\"@type\":\"BreadcrumbList\",\"@id\":\"https:\/\/sandzakpress.net\/arhiva\/reisu-l-ulema-i-muftija-na-dzenazi-tenzili-erdogan\/#breadcrumb\",\"itemListElement\":[{\"@type\":\"ListItem\",\"position\":1,\"name\":\"Home\",\"item\":\"https:\/\/sandzakpress.net\/arhiva\/\"},{\"@type\":\"ListItem\",\"position\":2,\"name\":\"Reisu-l-ulema i Muftija na d\u017eenazi Tenzili Erdogan\"}]},{\"@type\":\"WebSite\",\"@id\":\"https:\/\/sandzakpress.net\/arhiva\/#website\",\"url\":\"https:\/\/sandzakpress.net\/arhiva\/\",\"name\":\"Sand\u017eak PRESS\",\"description\":\"Prve elektronske novine u Sand\u017eaku\",\"publisher\":{\"@id\":\"https:\/\/sandzakpress.net\/arhiva\/#\/schema\/person\/6e72b67d6e51910a1117b3b483ba20bd\"},\"potentialAction\":[{\"@type\":\"SearchAction\",\"target\":{\"@type\":\"EntryPoint\",\"urlTemplate\":\"https:\/\/sandzakpress.net\/arhiva\/?s={search_term_string}\"},\"query-input\":{\"@type\":\"PropertyValueSpecification\",\"valueRequired\":true,\"valueName\":\"search_term_string\"}}],\"inLanguage\":\"bs-BA\"},{\"@type\":[\"Person\",\"Organization\"],\"@id\":\"https:\/\/sandzakpress.net\/arhiva\/#\/schema\/person\/6e72b67d6e51910a1117b3b483ba20bd\",\"name\":\"Kul\",\"image\":{\"@type\":\"ImageObject\",\"inLanguage\":\"bs-BA\",\"@id\":\"https:\/\/sandzakpress.net\/arhiva\/#\/schema\/person\/image\/\",\"url\":\"https:\/\/secure.gravatar.com\/avatar\/42263f39aa27ac04c43cab85c280eb2e?s=96&d=mm&r=pg\",\"contentUrl\":\"https:\/\/secure.gravatar.com\/avatar\/42263f39aa27ac04c43cab85c280eb2e?s=96&d=mm&r=pg\",\"caption\":\"Kul\"},\"logo\":{\"@id\":\"https:\/\/sandzakpress.net\/arhiva\/#\/schema\/person\/image\/\"}},{\"@type\":\"Person\",\"@id\":\"https:\/\/sandzakpress.net\/arhiva\/#\/schema\/person\/c8baee722073534b583ea7bdb2e36c02\",\"name\":\"bosniak\",\"image\":{\"@type\":\"ImageObject\",\"inLanguage\":\"bs-BA\",\"@id\":\"https:\/\/sandzakpress.net\/arhiva\/#\/schema\/person\/image\/\",\"url\":\"https:\/\/secure.gravatar.com\/avatar\/a04fd330bfe3a36a72a0ad4a6d89fca7?s=96&d=mm&r=pg\",\"contentUrl\":\"https:\/\/secure.gravatar.com\/avatar\/a04fd330bfe3a36a72a0ad4a6d89fca7?s=96&d=mm&r=pg\",\"caption\":\"bosniak\"},\"url\":\"https:\/\/sandzakpress.net\/arhiva\/author\/bosniak\/\"}]}<\/script>\n<!-- \/ Yoast SEO Premium plugin. -->","yoast_head_json":{"title":"Reisu-l-ulema i Muftija na d\u017eenazi Tenzili Erdogan","robots":{"index":"index","follow":"follow","max-snippet":"max-snippet:-1","max-image-preview":"max-image-preview:large","max-video-preview":"max-video-preview:-1"},"canonical":"https:\/\/sandzakpress.net\/arhiva\/reisu-l-ulema-i-muftija-na-dzenazi-tenzili-erdogan\/","og_locale":"bs_BA","og_type":"article","og_title":"Reisu-l-ulema i Muftija na d\u017eenazi Tenzili Erdogan","og_description":"Turska &#8211; Pred Fatihovom d\u017eamijom u Istanbulu, nakon podne namaza, obavljena je d\u017eenaza-namaz Tenzili Erdogan, majci turskog premijera Red\u017eepa Tajipa Erdogana. Nakon kra\u0107e bolesti i operacije \u017eu\u010di, Tenzila Erdogan je preselila u petak, 07. oktobra u 9.15 sati po turskom vremenu u 88. godini \u017eivota. D\u017eenazu-namaz predvodio je predsjednik Predsjedni\u0161tva vjerskih poslova Republike Turske prof. [&hellip;]","og_url":"https:\/\/sandzakpress.net\/arhiva\/reisu-l-ulema-i-muftija-na-dzenazi-tenzili-erdogan\/","og_site_name":"Sand\u017eak PRESS","article_published_time":"2011-10-08T20:32:09+00:00","og_image":[{"width":550,"height":349,"url":"https:\/\/sandzakpress.net\/arhiva\/wp-content\/uploads\/2011\/10\/reis-dzenaza-tenzila-erdogan-2011-2.jpg","type":"image\/jpeg"}],"author":"bosniak","twitter_card":"summary_large_image","twitter_misc":{"Written by":"bosniak","Est. reading time":"1 minuta"},"schema":{"@context":"https:\/\/schema.org","@graph":[{"@type":"Article","@id":"https:\/\/sandzakpress.net\/arhiva\/reisu-l-ulema-i-muftija-na-dzenazi-tenzili-erdogan\/#article","isPartOf":{"@id":"https:\/\/sandzakpress.net\/arhiva\/reisu-l-ulema-i-muftija-na-dzenazi-tenzili-erdogan\/"},"author":{"name":"bosniak","@id":"https:\/\/sandzakpress.net\/arhiva\/#\/schema\/person\/c8baee722073534b583ea7bdb2e36c02"},"headline":"Reisu-l-ulema i Muftija na d\u017eenazi Tenzili Erdogan","datePublished":"2011-10-08T20:32:09+00:00","mainEntityOfPage":{"@id":"https:\/\/sandzakpress.net\/arhiva\/reisu-l-ulema-i-muftija-na-dzenazi-tenzili-erdogan\/"},"wordCount":216,"commentCount":3,"publisher":{"@id":"https:\/\/sandzakpress.net\/arhiva\/#\/schema\/person\/6e72b67d6e51910a1117b3b483ba20bd"},"image":{"@id":"https:\/\/sandzakpress.net\/arhiva\/reisu-l-ulema-i-muftija-na-dzenazi-tenzili-erdogan\/#primaryimage"},"thumbnailUrl":"https:\/\/sandzakpress.net\/arhiva\/wp-content\/uploads\/2011\/10\/reis-dzenaza-tenzila-erdogan-2011-2.jpg","articleSection":["Nacija","Turska"],"inLanguage":"bs-BA","potentialAction":[{"@type":"CommentAction","name":"Comment","target":["https:\/\/sandzakpress.net\/arhiva\/reisu-l-ulema-i-muftija-na-dzenazi-tenzili-erdogan\/#respond"]}]},{"@type":"WebPage","@id":"https:\/\/sandzakpress.net\/arhiva\/reisu-l-ulema-i-muftija-na-dzenazi-tenzili-erdogan\/","url":"https:\/\/sandzakpress.net\/arhiva\/reisu-l-ulema-i-muftija-na-dzenazi-tenzili-erdogan\/","name":"Reisu-l-ulema i Muftija na d\u017eenazi Tenzili Erdogan","isPartOf":{"@id":"https:\/\/sandzakpress.net\/arhiva\/#website"},"primaryImageOfPage":{"@id":"https:\/\/sandzakpress.net\/arhiva\/reisu-l-ulema-i-muftija-na-dzenazi-tenzili-erdogan\/#primaryimage"},"image":{"@id":"https:\/\/sandzakpress.net\/arhiva\/reisu-l-ulema-i-muftija-na-dzenazi-tenzili-erdogan\/#primaryimage"},"thumbnailUrl":"https:\/\/sandzakpress.net\/arhiva\/wp-content\/uploads\/2011\/10\/reis-dzenaza-tenzila-erdogan-2011-2.jpg","datePublished":"2011-10-08T20:32:09+00:00","breadcrumb":{"@id":"https:\/\/sandzakpress.net\/arhiva\/reisu-l-ulema-i-muftija-na-dzenazi-tenzili-erdogan\/#breadcrumb"},"inLanguage":"bs-BA","potentialAction":[{"@type":"ReadAction","target":["https:\/\/sandzakpress.net\/arhiva\/reisu-l-ulema-i-muftija-na-dzenazi-tenzili-erdogan\/"]}]},{"@type":"ImageObject","inLanguage":"bs-BA","@id":"https:\/\/sandzakpress.net\/arhiva\/reisu-l-ulema-i-muftija-na-dzenazi-tenzili-erdogan\/#primaryimage","url":"https:\/\/sandzakpress.net\/arhiva\/wp-content\/uploads\/2011\/10\/reis-dzenaza-tenzila-erdogan-2011-2.jpg","contentUrl":"https:\/\/sandzakpress.net\/arhiva\/wp-content\/uploads\/2011\/10\/reis-dzenaza-tenzila-erdogan-2011-2.jpg","width":550,"height":349},{"@type":"BreadcrumbList","@id":"https:\/\/sandzakpress.net\/arhiva\/reisu-l-ulema-i-muftija-na-dzenazi-tenzili-erdogan\/#breadcrumb","itemListElement":[{"@type":"ListItem","position":1,"name":"Home","item":"https:\/\/sandzakpress.net\/arhiva\/"},{"@type":"ListItem","position":2,"name":"Reisu-l-ulema i Muftija na d\u017eenazi Tenzili Erdogan"}]},{"@type":"WebSite","@id":"https:\/\/sandzakpress.net\/arhiva\/#website","url":"https:\/\/sandzakpress.net\/arhiva\/","name":"Sand\u017eak PRESS","description":"Prve elektronske novine u Sand\u017eaku","publisher":{"@id":"https:\/\/sandzakpress.net\/arhiva\/#\/schema\/person\/6e72b67d6e51910a1117b3b483ba20bd"},"potentialAction":[{"@type":"SearchAction","target":{"@type":"EntryPoint","urlTemplate":"https:\/\/sandzakpress.net\/arhiva\/?s={search_term_string}"},"query-input":{"@type":"PropertyValueSpecification","valueRequired":true,"valueName":"search_term_string"}}],"inLanguage":"bs-BA"},{"@type":["Person","Organization"],"@id":"https:\/\/sandzakpress.net\/arhiva\/#\/schema\/person\/6e72b67d6e51910a1117b3b483ba20bd","name":"Kul","image":{"@type":"ImageObject","inLanguage":"bs-BA","@id":"https:\/\/sandzakpress.net\/arhiva\/#\/schema\/person\/image\/","url":"https:\/\/secure.gravatar.com\/avatar\/42263f39aa27ac04c43cab85c280eb2e?s=96&d=mm&r=pg","contentUrl":"https:\/\/secure.gravatar.com\/avatar\/42263f39aa27ac04c43cab85c280eb2e?s=96&d=mm&r=pg","caption":"Kul"},"logo":{"@id":"https:\/\/sandzakpress.net\/arhiva\/#\/schema\/person\/image\/"}},{"@type":"Person","@id":"https:\/\/sandzakpress.net\/arhiva\/#\/schema\/person\/c8baee722073534b583ea7bdb2e36c02","name":"bosniak","image":{"@type":"ImageObject","inLanguage":"bs-BA","@id":"https:\/\/sandzakpress.net\/arhiva\/#\/schema\/person\/image\/","url":"https:\/\/secure.gravatar.com\/avatar\/a04fd330bfe3a36a72a0ad4a6d89fca7?s=96&d=mm&r=pg","contentUrl":"https:\/\/secure.gravatar.com\/avatar\/a04fd330bfe3a36a72a0ad4a6d89fca7?s=96&d=mm&r=pg","caption":"bosniak"},"url":"https:\/\/sandzakpress.net\/arhiva\/author\/bosniak\/"}]}},"_links":{"self":[{"href":"https:\/\/sandzakpress.net\/arhiva\/wp-json\/wp\/v2\/posts\/21345"}],"collection":[{"href":"https:\/\/sandzakpress.net\/arhiva\/wp-json\/wp\/v2\/posts"}],"about":[{"href":"https:\/\/sandzakpress.net\/arhiva\/wp-json\/wp\/v2\/types\/post"}],"author":[{"embeddable":true,"href":"https:\/\/sandzakpress.net\/arhiva\/wp-json\/wp\/v2\/users\/83"}],"replies":[{"embeddable":true,"href":"https:\/\/sandzakpress.net\/arhiva\/wp-json\/wp\/v2\/comments?post=21345"}],"version-history":[{"count":0,"href":"https:\/\/sandzakpress.net\/arhiva\/wp-json\/wp\/v2\/posts\/21345\/revisions"}],"wp:featuredmedia":[{"embeddable":true,"href":"https:\/\/sandzakpress.net\/arhiva\/wp-json\/wp\/v2\/media\/21346"}],"wp:attachment":[{"href":"https:\/\/sandzakpress.net\/arhiva\/wp-json\/wp\/v2\/media?parent=21345"}],"wp:term":[{"taxonomy":"category","embeddable":true,"href":"https:\/\/sandzakpress.net\/arhiva\/wp-json\/wp\/v2\/categories?post=21345"},{"taxonomy":"post_tag","embeddable":true,"href":"https:\/\/sandzakpress.net\/arhiva\/wp-json\/wp\/v2\/tags?post=21345"}],"curies":[{"name":"wp","href":"https:\/\/api.w.org\/{rel}","templated":true}]}}