{"id":213373,"date":"2018-11-10T22:19:49","date_gmt":"2018-11-10T21:19:49","guid":{"rendered":"https:\/\/sandzakpress.net\/arhiva\/?p=213373"},"modified":"2018-11-10T22:19:49","modified_gmt":"2018-11-10T21:19:49","slug":"da-li-ga-prepoznajete-ovog-muskarca-policija-trazi-zbog-pljacke-u-novom-pazaru-video","status":"publish","type":"post","link":"https:\/\/sandzakpress.net\/arhiva\/da-li-ga-prepoznajete-ovog-muskarca-policija-trazi-zbog-pljacke-u-novom-pazaru-video\/","title":{"rendered":"DA LI GA PREPOZNAJETE: Ovog mu\u0161karca policija tra\u017ei zbog plja\u010dke u Novom Pazaru (VIDEO)"},"content":{"rendered":"<p><img decoding=\"async\" src=\"https:\/\/www.sandzaklive.rs\/images\/000\/oruzana-pljacka-np-696x469.jpg\" alt=\"oruzana pljacka np 696x469\" \/><\/p>\n<p><strong>Pripadnici novopazarske policije intenzivno tragaju za\u00a0nepoznatim mu\u0161karcem zbog postojanja osnova sumnje da je uz prijetnju no\u017eem\u00a0oplja\u010dkao market \u201cPazar\u201c u strogom centru Novog Pazara, odnijev\u0161i tom prilikom cjelokupan dnevni pazar.<\/strong><\/p>\n<p>Plja\u010dka se dogodila rano ju\u010der u ulici Stefana Nemanje u Novom Pazaru.<\/p>\n<p>Ukoliko prepoznajete mu\u0161ku osobu sa snimka video nadzora u trgovinskom objektu koji je oplja\u010dkan, prijavite najbli\u017eoj policijskoj stanici.<\/p>\n<p><div id=\"fb-root\"><\/div>\n<p><script async=\"1\" defer=\"1\" crossorigin=\"anonymous\" src=\"https:\/\/connect.facebook.net\/de_DE\/sdk.js#xfbml=1&amp;version=v6.0\"><\/script><\/p>\n<div class=\"fb-video\" data-href=\"https:\/\/www.facebook.com\/SandzakHaber.net\/videos\/189679918607278\/\" data-width=\"696\">\n<blockquote cite=\"https:\/\/www.facebook.com\/SandzakHaber.net\/videos\/189679918607278\/\" class=\"fb-xfbml-parse-ignore\"><p><a href=\"https:\/\/www.facebook.com\/SandzakHaber.net\/videos\/189679918607278\/\"><\/a><\/p>\n<p>\ud83d\ude31\ud83d\ude31\ud83d\ude31Video: \u0160OKANTNO !!!!ORU\u017dANA PLJA\u010cKA U CENTRU NOVOG PAZARA!!!!Ukoliko neko prepoznaje ovog plja\u010dka\u0161a neka hitno javi najbli\u017eoj policijskoj stanici!!<\/p>\n<p>Gepostet von <a href=\"https:\/\/www.facebook.com\/SandzakHaber.net\/\">Sandzak haber<\/a> am Samstag, 10. November 2018<\/p><\/blockquote>\n<\/div>\n","protected":false},"excerpt":{"rendered":"<p>Pripadnici novopazarske policije intenzivno tragaju za\u00a0nepoznatim mu\u0161karcem zbog postojanja osnova sumnje da je uz prijetnju no\u017eem\u00a0oplja\u010dkao market \u201cPazar\u201c u strogom centru Novog Pazara, odnijev\u0161i tom prilikom cjelokupan dnevni pazar. Plja\u010dka se dogodila rano ju\u010der u ulici Stefana Nemanje u Novom Pazaru. Ukoliko prepoznajete mu\u0161ku osobu sa snimka video nadzora u trgovinskom objektu koji je oplja\u010dkan, [&hellip;]<\/p>\n","protected":false},"author":509,"featured_media":213374,"comment_status":"closed","ping_status":"open","sticky":false,"template":"","format":"standard","meta":{"footnotes":""},"categories":[72,801,8957],"tags":[],"class_list":{"0":"post-213373","1":"post","2":"type-post","3":"status-publish","4":"format-standard","5":"has-post-thumbnail","7":"category-novi-pazar","8":"category-crna_hronika","9":"category-vijesti-dana"},"yoast_head":"<!-- This site is optimized with the Yoast SEO Premium plugin v23.1 (Yoast SEO v24.9) - https:\/\/yoast.com\/wordpress\/plugins\/seo\/ -->\n<title>DA LI GA PREPOZNAJETE: Ovog mu\u0161karca policija tra\u017ei zbog plja\u010dke u Novom Pazaru (VIDEO)<\/title>\n<meta name=\"robots\" content=\"index, follow, max-snippet:-1, max-image-preview:large, max-video-preview:-1\" \/>\n<link rel=\"canonical\" href=\"https:\/\/sandzakpress.net\/arhiva\/da-li-ga-prepoznajete-ovog-muskarca-policija-trazi-zbog-pljacke-u-novom-pazaru-video\/\" \/>\n<meta property=\"og:locale\" content=\"bs_BA\" \/>\n<meta property=\"og:type\" content=\"article\" \/>\n<meta property=\"og:title\" content=\"DA LI GA PREPOZNAJETE: Ovog mu\u0161karca policija tra\u017ei zbog plja\u010dke u Novom Pazaru (VIDEO)\" \/>\n<meta property=\"og:description\" content=\"Pripadnici novopazarske policije intenzivno tragaju za\u00a0nepoznatim mu\u0161karcem zbog postojanja osnova sumnje da je uz prijetnju no\u017eem\u00a0oplja\u010dkao market \u201cPazar\u201c u strogom centru Novog Pazara, odnijev\u0161i tom prilikom cjelokupan dnevni pazar. Plja\u010dka se dogodila rano ju\u010der u ulici Stefana Nemanje u Novom Pazaru. Ukoliko prepoznajete mu\u0161ku osobu sa snimka video nadzora u trgovinskom objektu koji je oplja\u010dkan, [&hellip;]\" \/>\n<meta property=\"og:url\" content=\"https:\/\/sandzakpress.net\/arhiva\/da-li-ga-prepoznajete-ovog-muskarca-policija-trazi-zbog-pljacke-u-novom-pazaru-video\/\" \/>\n<meta property=\"og:site_name\" content=\"Sand\u017eak PRESS\" \/>\n<meta property=\"article:published_time\" content=\"2018-11-10T21:19:49+00:00\" \/>\n<meta property=\"og:image\" content=\"https:\/\/sandzakpress.net\/arhiva\/wp-content\/uploads\/2018\/11\/oruzana-pljacka-np-696x469.jpg\" \/>\n\t<meta property=\"og:image:width\" content=\"696\" \/>\n\t<meta property=\"og:image:height\" content=\"469\" \/>\n\t<meta property=\"og:image:type\" content=\"image\/jpeg\" \/>\n<meta name=\"author\" content=\"Agencija\" \/>\n<meta name=\"twitter:card\" content=\"summary_large_image\" \/>\n<meta name=\"twitter:label1\" content=\"Written by\" \/>\n\t<meta name=\"twitter:data1\" content=\"Agencija\" \/>\n<script type=\"application\/ld+json\" class=\"yoast-schema-graph\">{\"@context\":\"https:\/\/schema.org\",\"@graph\":[{\"@type\":\"Article\",\"@id\":\"https:\/\/sandzakpress.net\/arhiva\/da-li-ga-prepoznajete-ovog-muskarca-policija-trazi-zbog-pljacke-u-novom-pazaru-video\/#article\",\"isPartOf\":{\"@id\":\"https:\/\/sandzakpress.net\/arhiva\/da-li-ga-prepoznajete-ovog-muskarca-policija-trazi-zbog-pljacke-u-novom-pazaru-video\/\"},\"author\":{\"name\":\"Agencija\",\"@id\":\"https:\/\/sandzakpress.net\/arhiva\/#\/schema\/person\/cb59d7e3ab91ab90dd680ad0305a6185\"},\"headline\":\"DA LI GA PREPOZNAJETE: Ovog mu\u0161karca policija tra\u017ei zbog plja\u010dke u Novom Pazaru (VIDEO)\",\"datePublished\":\"2018-11-10T21:19:49+00:00\",\"mainEntityOfPage\":{\"@id\":\"https:\/\/sandzakpress.net\/arhiva\/da-li-ga-prepoznajete-ovog-muskarca-policija-trazi-zbog-pljacke-u-novom-pazaru-video\/\"},\"wordCount\":94,\"publisher\":{\"@id\":\"https:\/\/sandzakpress.net\/arhiva\/#\/schema\/person\/6e72b67d6e51910a1117b3b483ba20bd\"},\"image\":{\"@id\":\"https:\/\/sandzakpress.net\/arhiva\/da-li-ga-prepoznajete-ovog-muskarca-policija-trazi-zbog-pljacke-u-novom-pazaru-video\/#primaryimage\"},\"thumbnailUrl\":\"https:\/\/sandzakpress.net\/arhiva\/wp-content\/uploads\/2018\/11\/oruzana-pljacka-np-696x469.jpg\",\"articleSection\":[\"Novi Pazar\",\"Hronika\",\"VIJESTI DANA\"],\"inLanguage\":\"bs-BA\"},{\"@type\":\"WebPage\",\"@id\":\"https:\/\/sandzakpress.net\/arhiva\/da-li-ga-prepoznajete-ovog-muskarca-policija-trazi-zbog-pljacke-u-novom-pazaru-video\/\",\"url\":\"https:\/\/sandzakpress.net\/arhiva\/da-li-ga-prepoznajete-ovog-muskarca-policija-trazi-zbog-pljacke-u-novom-pazaru-video\/\",\"name\":\"DA LI GA PREPOZNAJETE: Ovog mu\u0161karca policija tra\u017ei zbog plja\u010dke u Novom Pazaru (VIDEO)\",\"isPartOf\":{\"@id\":\"https:\/\/sandzakpress.net\/arhiva\/#website\"},\"primaryImageOfPage\":{\"@id\":\"https:\/\/sandzakpress.net\/arhiva\/da-li-ga-prepoznajete-ovog-muskarca-policija-trazi-zbog-pljacke-u-novom-pazaru-video\/#primaryimage\"},\"image\":{\"@id\":\"https:\/\/sandzakpress.net\/arhiva\/da-li-ga-prepoznajete-ovog-muskarca-policija-trazi-zbog-pljacke-u-novom-pazaru-video\/#primaryimage\"},\"thumbnailUrl\":\"https:\/\/sandzakpress.net\/arhiva\/wp-content\/uploads\/2018\/11\/oruzana-pljacka-np-696x469.jpg\",\"datePublished\":\"2018-11-10T21:19:49+00:00\",\"breadcrumb\":{\"@id\":\"https:\/\/sandzakpress.net\/arhiva\/da-li-ga-prepoznajete-ovog-muskarca-policija-trazi-zbog-pljacke-u-novom-pazaru-video\/#breadcrumb\"},\"inLanguage\":\"bs-BA\",\"potentialAction\":[{\"@type\":\"ReadAction\",\"target\":[\"https:\/\/sandzakpress.net\/arhiva\/da-li-ga-prepoznajete-ovog-muskarca-policija-trazi-zbog-pljacke-u-novom-pazaru-video\/\"]}]},{\"@type\":\"ImageObject\",\"inLanguage\":\"bs-BA\",\"@id\":\"https:\/\/sandzakpress.net\/arhiva\/da-li-ga-prepoznajete-ovog-muskarca-policija-trazi-zbog-pljacke-u-novom-pazaru-video\/#primaryimage\",\"url\":\"https:\/\/sandzakpress.net\/arhiva\/wp-content\/uploads\/2018\/11\/oruzana-pljacka-np-696x469.jpg\",\"contentUrl\":\"https:\/\/sandzakpress.net\/arhiva\/wp-content\/uploads\/2018\/11\/oruzana-pljacka-np-696x469.jpg\",\"width\":696,\"height\":469},{\"@type\":\"BreadcrumbList\",\"@id\":\"https:\/\/sandzakpress.net\/arhiva\/da-li-ga-prepoznajete-ovog-muskarca-policija-trazi-zbog-pljacke-u-novom-pazaru-video\/#breadcrumb\",\"itemListElement\":[{\"@type\":\"ListItem\",\"position\":1,\"name\":\"Home\",\"item\":\"https:\/\/sandzakpress.net\/arhiva\/\"},{\"@type\":\"ListItem\",\"position\":2,\"name\":\"DA LI GA PREPOZNAJETE: Ovog mu\u0161karca policija tra\u017ei zbog plja\u010dke u Novom Pazaru (VIDEO)\"}]},{\"@type\":\"WebSite\",\"@id\":\"https:\/\/sandzakpress.net\/arhiva\/#website\",\"url\":\"https:\/\/sandzakpress.net\/arhiva\/\",\"name\":\"Sand\u017eak PRESS\",\"description\":\"Prve elektronske novine u Sand\u017eaku\",\"publisher\":{\"@id\":\"https:\/\/sandzakpress.net\/arhiva\/#\/schema\/person\/6e72b67d6e51910a1117b3b483ba20bd\"},\"potentialAction\":[{\"@type\":\"SearchAction\",\"target\":{\"@type\":\"EntryPoint\",\"urlTemplate\":\"https:\/\/sandzakpress.net\/arhiva\/?s={search_term_string}\"},\"query-input\":{\"@type\":\"PropertyValueSpecification\",\"valueRequired\":true,\"valueName\":\"search_term_string\"}}],\"inLanguage\":\"bs-BA\"},{\"@type\":[\"Person\",\"Organization\"],\"@id\":\"https:\/\/sandzakpress.net\/arhiva\/#\/schema\/person\/6e72b67d6e51910a1117b3b483ba20bd\",\"name\":\"Kul\",\"image\":{\"@type\":\"ImageObject\",\"inLanguage\":\"bs-BA\",\"@id\":\"https:\/\/sandzakpress.net\/arhiva\/#\/schema\/person\/image\/\",\"url\":\"https:\/\/secure.gravatar.com\/avatar\/42263f39aa27ac04c43cab85c280eb2e?s=96&d=mm&r=pg\",\"contentUrl\":\"https:\/\/secure.gravatar.com\/avatar\/42263f39aa27ac04c43cab85c280eb2e?s=96&d=mm&r=pg\",\"caption\":\"Kul\"},\"logo\":{\"@id\":\"https:\/\/sandzakpress.net\/arhiva\/#\/schema\/person\/image\/\"}},{\"@type\":\"Person\",\"@id\":\"https:\/\/sandzakpress.net\/arhiva\/#\/schema\/person\/cb59d7e3ab91ab90dd680ad0305a6185\",\"name\":\"Agencija\",\"image\":{\"@type\":\"ImageObject\",\"inLanguage\":\"bs-BA\",\"@id\":\"https:\/\/sandzakpress.net\/arhiva\/#\/schema\/person\/image\/\",\"url\":\"https:\/\/secure.gravatar.com\/avatar\/4b7fafa80a22f0c2afe23966b3961fe0?s=96&d=mm&r=pg\",\"contentUrl\":\"https:\/\/secure.gravatar.com\/avatar\/4b7fafa80a22f0c2afe23966b3961fe0?s=96&d=mm&r=pg\",\"caption\":\"Agencija\"},\"url\":\"https:\/\/sandzakpress.net\/arhiva\/author\/agencija\/\"}]}<\/script>\n<!-- \/ Yoast SEO Premium plugin. -->","yoast_head_json":{"title":"DA LI GA PREPOZNAJETE: Ovog mu\u0161karca policija tra\u017ei zbog plja\u010dke u Novom Pazaru (VIDEO)","robots":{"index":"index","follow":"follow","max-snippet":"max-snippet:-1","max-image-preview":"max-image-preview:large","max-video-preview":"max-video-preview:-1"},"canonical":"https:\/\/sandzakpress.net\/arhiva\/da-li-ga-prepoznajete-ovog-muskarca-policija-trazi-zbog-pljacke-u-novom-pazaru-video\/","og_locale":"bs_BA","og_type":"article","og_title":"DA LI GA PREPOZNAJETE: Ovog mu\u0161karca policija tra\u017ei zbog plja\u010dke u Novom Pazaru (VIDEO)","og_description":"Pripadnici novopazarske policije intenzivno tragaju za\u00a0nepoznatim mu\u0161karcem zbog postojanja osnova sumnje da je uz prijetnju no\u017eem\u00a0oplja\u010dkao market \u201cPazar\u201c u strogom centru Novog Pazara, odnijev\u0161i tom prilikom cjelokupan dnevni pazar. Plja\u010dka se dogodila rano ju\u010der u ulici Stefana Nemanje u Novom Pazaru. Ukoliko prepoznajete mu\u0161ku osobu sa snimka video nadzora u trgovinskom objektu koji je oplja\u010dkan, [&hellip;]","og_url":"https:\/\/sandzakpress.net\/arhiva\/da-li-ga-prepoznajete-ovog-muskarca-policija-trazi-zbog-pljacke-u-novom-pazaru-video\/","og_site_name":"Sand\u017eak PRESS","article_published_time":"2018-11-10T21:19:49+00:00","og_image":[{"width":696,"height":469,"url":"https:\/\/sandzakpress.net\/arhiva\/wp-content\/uploads\/2018\/11\/oruzana-pljacka-np-696x469.jpg","type":"image\/jpeg"}],"author":"Agencija","twitter_card":"summary_large_image","twitter_misc":{"Written by":"Agencija"},"schema":{"@context":"https:\/\/schema.org","@graph":[{"@type":"Article","@id":"https:\/\/sandzakpress.net\/arhiva\/da-li-ga-prepoznajete-ovog-muskarca-policija-trazi-zbog-pljacke-u-novom-pazaru-video\/#article","isPartOf":{"@id":"https:\/\/sandzakpress.net\/arhiva\/da-li-ga-prepoznajete-ovog-muskarca-policija-trazi-zbog-pljacke-u-novom-pazaru-video\/"},"author":{"name":"Agencija","@id":"https:\/\/sandzakpress.net\/arhiva\/#\/schema\/person\/cb59d7e3ab91ab90dd680ad0305a6185"},"headline":"DA LI GA PREPOZNAJETE: Ovog mu\u0161karca policija tra\u017ei zbog plja\u010dke u Novom Pazaru (VIDEO)","datePublished":"2018-11-10T21:19:49+00:00","mainEntityOfPage":{"@id":"https:\/\/sandzakpress.net\/arhiva\/da-li-ga-prepoznajete-ovog-muskarca-policija-trazi-zbog-pljacke-u-novom-pazaru-video\/"},"wordCount":94,"publisher":{"@id":"https:\/\/sandzakpress.net\/arhiva\/#\/schema\/person\/6e72b67d6e51910a1117b3b483ba20bd"},"image":{"@id":"https:\/\/sandzakpress.net\/arhiva\/da-li-ga-prepoznajete-ovog-muskarca-policija-trazi-zbog-pljacke-u-novom-pazaru-video\/#primaryimage"},"thumbnailUrl":"https:\/\/sandzakpress.net\/arhiva\/wp-content\/uploads\/2018\/11\/oruzana-pljacka-np-696x469.jpg","articleSection":["Novi Pazar","Hronika","VIJESTI DANA"],"inLanguage":"bs-BA"},{"@type":"WebPage","@id":"https:\/\/sandzakpress.net\/arhiva\/da-li-ga-prepoznajete-ovog-muskarca-policija-trazi-zbog-pljacke-u-novom-pazaru-video\/","url":"https:\/\/sandzakpress.net\/arhiva\/da-li-ga-prepoznajete-ovog-muskarca-policija-trazi-zbog-pljacke-u-novom-pazaru-video\/","name":"DA LI GA PREPOZNAJETE: Ovog mu\u0161karca policija tra\u017ei zbog plja\u010dke u Novom Pazaru (VIDEO)","isPartOf":{"@id":"https:\/\/sandzakpress.net\/arhiva\/#website"},"primaryImageOfPage":{"@id":"https:\/\/sandzakpress.net\/arhiva\/da-li-ga-prepoznajete-ovog-muskarca-policija-trazi-zbog-pljacke-u-novom-pazaru-video\/#primaryimage"},"image":{"@id":"https:\/\/sandzakpress.net\/arhiva\/da-li-ga-prepoznajete-ovog-muskarca-policija-trazi-zbog-pljacke-u-novom-pazaru-video\/#primaryimage"},"thumbnailUrl":"https:\/\/sandzakpress.net\/arhiva\/wp-content\/uploads\/2018\/11\/oruzana-pljacka-np-696x469.jpg","datePublished":"2018-11-10T21:19:49+00:00","breadcrumb":{"@id":"https:\/\/sandzakpress.net\/arhiva\/da-li-ga-prepoznajete-ovog-muskarca-policija-trazi-zbog-pljacke-u-novom-pazaru-video\/#breadcrumb"},"inLanguage":"bs-BA","potentialAction":[{"@type":"ReadAction","target":["https:\/\/sandzakpress.net\/arhiva\/da-li-ga-prepoznajete-ovog-muskarca-policija-trazi-zbog-pljacke-u-novom-pazaru-video\/"]}]},{"@type":"ImageObject","inLanguage":"bs-BA","@id":"https:\/\/sandzakpress.net\/arhiva\/da-li-ga-prepoznajete-ovog-muskarca-policija-trazi-zbog-pljacke-u-novom-pazaru-video\/#primaryimage","url":"https:\/\/sandzakpress.net\/arhiva\/wp-content\/uploads\/2018\/11\/oruzana-pljacka-np-696x469.jpg","contentUrl":"https:\/\/sandzakpress.net\/arhiva\/wp-content\/uploads\/2018\/11\/oruzana-pljacka-np-696x469.jpg","width":696,"height":469},{"@type":"BreadcrumbList","@id":"https:\/\/sandzakpress.net\/arhiva\/da-li-ga-prepoznajete-ovog-muskarca-policija-trazi-zbog-pljacke-u-novom-pazaru-video\/#breadcrumb","itemListElement":[{"@type":"ListItem","position":1,"name":"Home","item":"https:\/\/sandzakpress.net\/arhiva\/"},{"@type":"ListItem","position":2,"name":"DA LI GA PREPOZNAJETE: Ovog mu\u0161karca policija tra\u017ei zbog plja\u010dke u Novom Pazaru (VIDEO)"}]},{"@type":"WebSite","@id":"https:\/\/sandzakpress.net\/arhiva\/#website","url":"https:\/\/sandzakpress.net\/arhiva\/","name":"Sand\u017eak PRESS","description":"Prve elektronske novine u Sand\u017eaku","publisher":{"@id":"https:\/\/sandzakpress.net\/arhiva\/#\/schema\/person\/6e72b67d6e51910a1117b3b483ba20bd"},"potentialAction":[{"@type":"SearchAction","target":{"@type":"EntryPoint","urlTemplate":"https:\/\/sandzakpress.net\/arhiva\/?s={search_term_string}"},"query-input":{"@type":"PropertyValueSpecification","valueRequired":true,"valueName":"search_term_string"}}],"inLanguage":"bs-BA"},{"@type":["Person","Organization"],"@id":"https:\/\/sandzakpress.net\/arhiva\/#\/schema\/person\/6e72b67d6e51910a1117b3b483ba20bd","name":"Kul","image":{"@type":"ImageObject","inLanguage":"bs-BA","@id":"https:\/\/sandzakpress.net\/arhiva\/#\/schema\/person\/image\/","url":"https:\/\/secure.gravatar.com\/avatar\/42263f39aa27ac04c43cab85c280eb2e?s=96&d=mm&r=pg","contentUrl":"https:\/\/secure.gravatar.com\/avatar\/42263f39aa27ac04c43cab85c280eb2e?s=96&d=mm&r=pg","caption":"Kul"},"logo":{"@id":"https:\/\/sandzakpress.net\/arhiva\/#\/schema\/person\/image\/"}},{"@type":"Person","@id":"https:\/\/sandzakpress.net\/arhiva\/#\/schema\/person\/cb59d7e3ab91ab90dd680ad0305a6185","name":"Agencija","image":{"@type":"ImageObject","inLanguage":"bs-BA","@id":"https:\/\/sandzakpress.net\/arhiva\/#\/schema\/person\/image\/","url":"https:\/\/secure.gravatar.com\/avatar\/4b7fafa80a22f0c2afe23966b3961fe0?s=96&d=mm&r=pg","contentUrl":"https:\/\/secure.gravatar.com\/avatar\/4b7fafa80a22f0c2afe23966b3961fe0?s=96&d=mm&r=pg","caption":"Agencija"},"url":"https:\/\/sandzakpress.net\/arhiva\/author\/agencija\/"}]}},"_links":{"self":[{"href":"https:\/\/sandzakpress.net\/arhiva\/wp-json\/wp\/v2\/posts\/213373"}],"collection":[{"href":"https:\/\/sandzakpress.net\/arhiva\/wp-json\/wp\/v2\/posts"}],"about":[{"href":"https:\/\/sandzakpress.net\/arhiva\/wp-json\/wp\/v2\/types\/post"}],"author":[{"embeddable":true,"href":"https:\/\/sandzakpress.net\/arhiva\/wp-json\/wp\/v2\/users\/509"}],"replies":[{"embeddable":true,"href":"https:\/\/sandzakpress.net\/arhiva\/wp-json\/wp\/v2\/comments?post=213373"}],"version-history":[{"count":0,"href":"https:\/\/sandzakpress.net\/arhiva\/wp-json\/wp\/v2\/posts\/213373\/revisions"}],"wp:featuredmedia":[{"embeddable":true,"href":"https:\/\/sandzakpress.net\/arhiva\/wp-json\/wp\/v2\/media\/213374"}],"wp:attachment":[{"href":"https:\/\/sandzakpress.net\/arhiva\/wp-json\/wp\/v2\/media?parent=213373"}],"wp:term":[{"taxonomy":"category","embeddable":true,"href":"https:\/\/sandzakpress.net\/arhiva\/wp-json\/wp\/v2\/categories?post=213373"},{"taxonomy":"post_tag","embeddable":true,"href":"https:\/\/sandzakpress.net\/arhiva\/wp-json\/wp\/v2\/tags?post=213373"}],"curies":[{"name":"wp","href":"https:\/\/api.w.org\/{rel}","templated":true}]}}