{"id":213346,"date":"2018-11-10T13:15:55","date_gmt":"2018-11-10T12:15:55","guid":{"rendered":"https:\/\/sandzakpress.net\/arhiva\/?p=213346"},"modified":"2018-11-10T12:54:10","modified_gmt":"2018-11-10T11:54:10","slug":"u-rozajama-svecano-otvoren-dnevni-boravak-za-stara-lica","status":"publish","type":"post","link":"https:\/\/sandzakpress.net\/arhiva\/u-rozajama-svecano-otvoren-dnevni-boravak-za-stara-lica\/","title":{"rendered":"U Ro\u017eajama sve\u010dano otvoren Dnevni boravak za stara lica"},"content":{"rendered":"<p><img decoding=\"async\" src=\"http:\/\/www.sandzacke.rs\/wp-content\/uploads\/2018\/11\/otvaranje-doma-u-rozajama-696x469.jpg\" \/><\/p>\n<p><strong>Ministar rada i socijalnog staranja Kemal Puri\u0161i\u0107 i predsjednik op\u0161tine Ro\u017eaje Ejup Nurkovi\u0107 sve\u010dano su otvorili Dnevni boravak za stara lica u Ro\u017eajama.<\/strong><\/p>\n<p>Uspostavljanje i funkcionisanje ovog objekta podr\u017eano je kroz projekat \u201cNastavak reforme sistema socijalne zastite\u201d i \u201cRazvoj kapaciteta za pru\u017eanje usluga socijalne za\u0161tite\u201d, koje Ministarstvo rada i socijalnog staranja sprovodi u saradnji sa kancelarijom Programa Ujedinjenih Nacija za razvoj u Podgorici.<\/p>\n<p>Prisutnima se prvi obratio direktor Centra za socijalni rad u Ro\u017eajama Kadrija Agovi\u0107. On je kazao da \u0107e Dnevni boravak pripadnicima starije populacije u Ro\u017eajama, u toku svakog radnog dana, pru\u017eati usluge od 08 do 16 \u010dasova koje obuhvataju razgovore i dru\u017eenja radi prevladavanja usamljenosti i socijalne izolovanosti, organizovanje dru\u0161tvenih igara, kori\u0161\u0107enje biblioteke i \u010ditanje dnevne \u0161tampe, jedan besplatan obrok i dnevno poslu\u017eenje (\u010daj, sok, kafa), zatim, psihosocijalnu podr\u0161ku i pru\u017eanje manjih medicinski usluga i savjetodavno-edukativne radionice. Agovi\u0107 je napomenuo da usluge ove ustanove mogu koristiti osobe starije od 65 godina.<\/p>\n<p>Predsjednik Ejup Nurkovi\u0107 istakao je da je otvaranje Dnevnog boravka za stare jo\u0161 jedan plod dobre saradnje Ministarstva rada i socijalnog staranja sa lokalnom samoupravom i budu\u0107im korisnicima njegovih usluga po\u017eelio ugodan boravak. Prvi \u010dovjek op\u0161tine je rekao da su razgovori koji vode u pravcu sprovo\u0111enja novih projekta u Ro\u017eajama koji pripadaju oblasti socijalne i dje\u010dje za\u0161tite.<\/p>\n<p>Ministar Puri\u0161i\u0107 je ovim povodom izjavio da je glavni cilj osposobljavanja objekta ove vrste pobolj\u0161anje kvaliteta \u017eivota pripadnika tre\u0107e dobi u Ro\u017eajama krozintegraciju u dru\u0161tvenu zajednicu i kori\u0161\u0107enje njihovih potencijala.<\/p>\n<p>Ministar je iznio zapa\u017eanje da kao dru\u0161tvo moramo biti svjesni da je ulazak u tre\u0107e doba pra\u0107en suo\u010davanjem sa brojnim izazovima i iskustvima koja nose razli\u010dite rizike.<br \/>Ministar Puri\u0161i\u0107 je napomenuo i da ukupna vrijednost investicije iznosi oko 11 000 eura a da objekat ima povr\u0161inu od 80 kvadrata.<\/p>\n<p>Dnevni boravak za stara lica u Ro\u017eajama je osmi objekat ove vrste u Crnoj Gori. \u0160irenje mre\u017ee dnevnih boravaka planira se i u op\u0161tinama Bijelo Polje i Petnjica, poru\u010deno je sa sve\u010danosti.<\/p>\n<p>Tokom ove posjete ministar Puri\u0161i\u0107 sastao se sa predsjednikom Op\u0161tine Ejupom Nurkovi\u0107em gdje je zaklju\u010deno da saradnja sa lokalnim samoupravama rezultira pove\u0107anim brojem otvorenih objekata, servisa i usluga koje se pru\u017eaju u oblasti socijalne i dje\u010dje za\u0161tite.<\/p>\n<p>Ministar Puri\u0161i\u0107 je ovim povodom izjavio da je glavni cilj osposobljavanja objekta ove vrste pobolj\u0161anje kvaliteta \u017eivota pripadnika tre\u0107e dobi u Ro\u017eajama kroz integraciju u dru\u0161tvenu zajednicu i kori\u0161\u0107enje njihovih potencijala.<\/p>\n<p>Ministar je iznio zapa\u017eanje, da kao dru\u0161tvo moramo biti svjesni da je ulazak u tre\u0107e doba pra\u0107en suo\u010davanjem sa brojnim izazovima i iskustvima koja nose razli\u010dite rizike.<br \/>Ministar Puri\u0161i\u0107 je napomenuo i da ukupna vrijednost investicije iznosi oko 11 000 eura a da objekat ima povr\u0161inu od 80 kvadrata.<\/p>\n<p>Dnevni boravak za stara lica u Ro\u017eajama je osmi objekat ove vrste u Crnoj Gori. \u0160irenje mre\u017ee dnevnih boravaka planira se i u op\u0161tinama Bijelo Polje i Petnjica, poru\u010deno je sa sve\u010danosti.<\/p>\n<p>Tokom ove posjete ministar Puri\u0161i\u0107 sastao se sa predsjednikom Op\u0161tine Ejupom Nurkovi\u0107em gdje je zaklju\u010deno da saradnja sa lokalnim samoupravama rezultira pove\u0107anim brojem otvorenih objekata, servisa i usluga koje se pru\u017eaju u oblasti socijalne i dje\u010dje za\u0161tite.<\/p>\n<p>(RTR)<\/p>\n","protected":false},"excerpt":{"rendered":"<p>Ministar rada i socijalnog staranja Kemal Puri\u0161i\u0107 i predsjednik op\u0161tine Ro\u017eaje Ejup Nurkovi\u0107 sve\u010dano su otvorili Dnevni boravak za stara lica u Ro\u017eajama. Uspostavljanje i funkcionisanje ovog objekta podr\u017eano je kroz projekat \u201cNastavak reforme sistema socijalne zastite\u201d i \u201cRazvoj kapaciteta za pru\u017eanje usluga socijalne za\u0161tite\u201d, koje Ministarstvo rada i socijalnog staranja sprovodi u saradnji sa [&hellip;]<\/p>\n","protected":false},"author":509,"featured_media":213353,"comment_status":"closed","ping_status":"open","sticky":false,"template":"","format":"standard","meta":{"footnotes":""},"categories":[398,5,10429],"tags":[],"class_list":{"0":"post-213346","1":"post","2":"type-post","3":"status-publish","4":"format-standard","5":"has-post-thumbnail","7":"category-rozaje","8":"category-drustvo","9":"category-vazno"},"yoast_head":"<!-- This site is optimized with the Yoast SEO Premium plugin v23.1 (Yoast SEO v24.9) - https:\/\/yoast.com\/wordpress\/plugins\/seo\/ -->\n<title>U Ro\u017eajama sve\u010dano otvoren Dnevni boravak za stara lica<\/title>\n<meta name=\"robots\" content=\"index, follow, max-snippet:-1, max-image-preview:large, max-video-preview:-1\" \/>\n<link rel=\"canonical\" href=\"https:\/\/sandzakpress.net\/arhiva\/u-rozajama-svecano-otvoren-dnevni-boravak-za-stara-lica\/\" \/>\n<meta property=\"og:locale\" content=\"bs_BA\" \/>\n<meta property=\"og:type\" content=\"article\" \/>\n<meta property=\"og:title\" content=\"U Ro\u017eajama sve\u010dano otvoren Dnevni boravak za stara lica\" \/>\n<meta property=\"og:description\" content=\"Ministar rada i socijalnog staranja Kemal Puri\u0161i\u0107 i predsjednik op\u0161tine Ro\u017eaje Ejup Nurkovi\u0107 sve\u010dano su otvorili Dnevni boravak za stara lica u Ro\u017eajama. Uspostavljanje i funkcionisanje ovog objekta podr\u017eano je kroz projekat \u201cNastavak reforme sistema socijalne zastite\u201d i \u201cRazvoj kapaciteta za pru\u017eanje usluga socijalne za\u0161tite\u201d, koje Ministarstvo rada i socijalnog staranja sprovodi u saradnji sa [&hellip;]\" \/>\n<meta property=\"og:url\" content=\"https:\/\/sandzakpress.net\/arhiva\/u-rozajama-svecano-otvoren-dnevni-boravak-za-stara-lica\/\" \/>\n<meta property=\"og:site_name\" content=\"Sand\u017eak PRESS\" \/>\n<meta property=\"article:published_time\" content=\"2018-11-10T12:15:55+00:00\" \/>\n<meta property=\"og:image\" content=\"https:\/\/sandzakpress.net\/arhiva\/wp-content\/uploads\/2018\/11\/otvaranje-doma-u-rozajama-696x469.jpg\" \/>\n\t<meta property=\"og:image:width\" content=\"696\" \/>\n\t<meta property=\"og:image:height\" content=\"469\" \/>\n\t<meta property=\"og:image:type\" content=\"image\/jpeg\" \/>\n<meta name=\"author\" content=\"Agencija\" \/>\n<meta name=\"twitter:card\" content=\"summary_large_image\" \/>\n<meta name=\"twitter:label1\" content=\"Written by\" \/>\n\t<meta name=\"twitter:data1\" content=\"Agencija\" \/>\n\t<meta name=\"twitter:label2\" content=\"Est. reading time\" \/>\n\t<meta name=\"twitter:data2\" content=\"3 minute\" \/>\n<script type=\"application\/ld+json\" class=\"yoast-schema-graph\">{\"@context\":\"https:\/\/schema.org\",\"@graph\":[{\"@type\":\"Article\",\"@id\":\"https:\/\/sandzakpress.net\/arhiva\/u-rozajama-svecano-otvoren-dnevni-boravak-za-stara-lica\/#article\",\"isPartOf\":{\"@id\":\"https:\/\/sandzakpress.net\/arhiva\/u-rozajama-svecano-otvoren-dnevni-boravak-za-stara-lica\/\"},\"author\":{\"name\":\"Agencija\",\"@id\":\"https:\/\/sandzakpress.net\/arhiva\/#\/schema\/person\/cb59d7e3ab91ab90dd680ad0305a6185\"},\"headline\":\"U Ro\u017eajama sve\u010dano otvoren Dnevni boravak za stara lica\",\"datePublished\":\"2018-11-10T12:15:55+00:00\",\"mainEntityOfPage\":{\"@id\":\"https:\/\/sandzakpress.net\/arhiva\/u-rozajama-svecano-otvoren-dnevni-boravak-za-stara-lica\/\"},\"wordCount\":589,\"publisher\":{\"@id\":\"https:\/\/sandzakpress.net\/arhiva\/#\/schema\/person\/6e72b67d6e51910a1117b3b483ba20bd\"},\"image\":{\"@id\":\"https:\/\/sandzakpress.net\/arhiva\/u-rozajama-svecano-otvoren-dnevni-boravak-za-stara-lica\/#primaryimage\"},\"thumbnailUrl\":\"https:\/\/sandzakpress.net\/arhiva\/wp-content\/uploads\/2018\/11\/otvaranje-doma-u-rozajama-696x469.jpg\",\"articleSection\":[\"Ro\u017eaje\",\"Dru\u0161tvo\",\"VA\u017dNO!\"],\"inLanguage\":\"bs-BA\"},{\"@type\":\"WebPage\",\"@id\":\"https:\/\/sandzakpress.net\/arhiva\/u-rozajama-svecano-otvoren-dnevni-boravak-za-stara-lica\/\",\"url\":\"https:\/\/sandzakpress.net\/arhiva\/u-rozajama-svecano-otvoren-dnevni-boravak-za-stara-lica\/\",\"name\":\"U Ro\u017eajama sve\u010dano otvoren Dnevni boravak za stara lica\",\"isPartOf\":{\"@id\":\"https:\/\/sandzakpress.net\/arhiva\/#website\"},\"primaryImageOfPage\":{\"@id\":\"https:\/\/sandzakpress.net\/arhiva\/u-rozajama-svecano-otvoren-dnevni-boravak-za-stara-lica\/#primaryimage\"},\"image\":{\"@id\":\"https:\/\/sandzakpress.net\/arhiva\/u-rozajama-svecano-otvoren-dnevni-boravak-za-stara-lica\/#primaryimage\"},\"thumbnailUrl\":\"https:\/\/sandzakpress.net\/arhiva\/wp-content\/uploads\/2018\/11\/otvaranje-doma-u-rozajama-696x469.jpg\",\"datePublished\":\"2018-11-10T12:15:55+00:00\",\"breadcrumb\":{\"@id\":\"https:\/\/sandzakpress.net\/arhiva\/u-rozajama-svecano-otvoren-dnevni-boravak-za-stara-lica\/#breadcrumb\"},\"inLanguage\":\"bs-BA\",\"potentialAction\":[{\"@type\":\"ReadAction\",\"target\":[\"https:\/\/sandzakpress.net\/arhiva\/u-rozajama-svecano-otvoren-dnevni-boravak-za-stara-lica\/\"]}]},{\"@type\":\"ImageObject\",\"inLanguage\":\"bs-BA\",\"@id\":\"https:\/\/sandzakpress.net\/arhiva\/u-rozajama-svecano-otvoren-dnevni-boravak-za-stara-lica\/#primaryimage\",\"url\":\"https:\/\/sandzakpress.net\/arhiva\/wp-content\/uploads\/2018\/11\/otvaranje-doma-u-rozajama-696x469.jpg\",\"contentUrl\":\"https:\/\/sandzakpress.net\/arhiva\/wp-content\/uploads\/2018\/11\/otvaranje-doma-u-rozajama-696x469.jpg\",\"width\":696,\"height\":469},{\"@type\":\"BreadcrumbList\",\"@id\":\"https:\/\/sandzakpress.net\/arhiva\/u-rozajama-svecano-otvoren-dnevni-boravak-za-stara-lica\/#breadcrumb\",\"itemListElement\":[{\"@type\":\"ListItem\",\"position\":1,\"name\":\"Home\",\"item\":\"https:\/\/sandzakpress.net\/arhiva\/\"},{\"@type\":\"ListItem\",\"position\":2,\"name\":\"U Ro\u017eajama sve\u010dano otvoren Dnevni boravak za stara lica\"}]},{\"@type\":\"WebSite\",\"@id\":\"https:\/\/sandzakpress.net\/arhiva\/#website\",\"url\":\"https:\/\/sandzakpress.net\/arhiva\/\",\"name\":\"Sand\u017eak PRESS\",\"description\":\"Prve elektronske novine u Sand\u017eaku\",\"publisher\":{\"@id\":\"https:\/\/sandzakpress.net\/arhiva\/#\/schema\/person\/6e72b67d6e51910a1117b3b483ba20bd\"},\"potentialAction\":[{\"@type\":\"SearchAction\",\"target\":{\"@type\":\"EntryPoint\",\"urlTemplate\":\"https:\/\/sandzakpress.net\/arhiva\/?s={search_term_string}\"},\"query-input\":{\"@type\":\"PropertyValueSpecification\",\"valueRequired\":true,\"valueName\":\"search_term_string\"}}],\"inLanguage\":\"bs-BA\"},{\"@type\":[\"Person\",\"Organization\"],\"@id\":\"https:\/\/sandzakpress.net\/arhiva\/#\/schema\/person\/6e72b67d6e51910a1117b3b483ba20bd\",\"name\":\"Kul\",\"image\":{\"@type\":\"ImageObject\",\"inLanguage\":\"bs-BA\",\"@id\":\"https:\/\/sandzakpress.net\/arhiva\/#\/schema\/person\/image\/\",\"url\":\"https:\/\/secure.gravatar.com\/avatar\/42263f39aa27ac04c43cab85c280eb2e?s=96&d=mm&r=pg\",\"contentUrl\":\"https:\/\/secure.gravatar.com\/avatar\/42263f39aa27ac04c43cab85c280eb2e?s=96&d=mm&r=pg\",\"caption\":\"Kul\"},\"logo\":{\"@id\":\"https:\/\/sandzakpress.net\/arhiva\/#\/schema\/person\/image\/\"}},{\"@type\":\"Person\",\"@id\":\"https:\/\/sandzakpress.net\/arhiva\/#\/schema\/person\/cb59d7e3ab91ab90dd680ad0305a6185\",\"name\":\"Agencija\",\"image\":{\"@type\":\"ImageObject\",\"inLanguage\":\"bs-BA\",\"@id\":\"https:\/\/sandzakpress.net\/arhiva\/#\/schema\/person\/image\/\",\"url\":\"https:\/\/secure.gravatar.com\/avatar\/4b7fafa80a22f0c2afe23966b3961fe0?s=96&d=mm&r=pg\",\"contentUrl\":\"https:\/\/secure.gravatar.com\/avatar\/4b7fafa80a22f0c2afe23966b3961fe0?s=96&d=mm&r=pg\",\"caption\":\"Agencija\"},\"url\":\"https:\/\/sandzakpress.net\/arhiva\/author\/agencija\/\"}]}<\/script>\n<!-- \/ Yoast SEO Premium plugin. -->","yoast_head_json":{"title":"U Ro\u017eajama sve\u010dano otvoren Dnevni boravak za stara lica","robots":{"index":"index","follow":"follow","max-snippet":"max-snippet:-1","max-image-preview":"max-image-preview:large","max-video-preview":"max-video-preview:-1"},"canonical":"https:\/\/sandzakpress.net\/arhiva\/u-rozajama-svecano-otvoren-dnevni-boravak-za-stara-lica\/","og_locale":"bs_BA","og_type":"article","og_title":"U Ro\u017eajama sve\u010dano otvoren Dnevni boravak za stara lica","og_description":"Ministar rada i socijalnog staranja Kemal Puri\u0161i\u0107 i predsjednik op\u0161tine Ro\u017eaje Ejup Nurkovi\u0107 sve\u010dano su otvorili Dnevni boravak za stara lica u Ro\u017eajama. Uspostavljanje i funkcionisanje ovog objekta podr\u017eano je kroz projekat \u201cNastavak reforme sistema socijalne zastite\u201d i \u201cRazvoj kapaciteta za pru\u017eanje usluga socijalne za\u0161tite\u201d, koje Ministarstvo rada i socijalnog staranja sprovodi u saradnji sa [&hellip;]","og_url":"https:\/\/sandzakpress.net\/arhiva\/u-rozajama-svecano-otvoren-dnevni-boravak-za-stara-lica\/","og_site_name":"Sand\u017eak PRESS","article_published_time":"2018-11-10T12:15:55+00:00","og_image":[{"width":696,"height":469,"url":"https:\/\/sandzakpress.net\/arhiva\/wp-content\/uploads\/2018\/11\/otvaranje-doma-u-rozajama-696x469.jpg","type":"image\/jpeg"}],"author":"Agencija","twitter_card":"summary_large_image","twitter_misc":{"Written by":"Agencija","Est. reading time":"3 minute"},"schema":{"@context":"https:\/\/schema.org","@graph":[{"@type":"Article","@id":"https:\/\/sandzakpress.net\/arhiva\/u-rozajama-svecano-otvoren-dnevni-boravak-za-stara-lica\/#article","isPartOf":{"@id":"https:\/\/sandzakpress.net\/arhiva\/u-rozajama-svecano-otvoren-dnevni-boravak-za-stara-lica\/"},"author":{"name":"Agencija","@id":"https:\/\/sandzakpress.net\/arhiva\/#\/schema\/person\/cb59d7e3ab91ab90dd680ad0305a6185"},"headline":"U Ro\u017eajama sve\u010dano otvoren Dnevni boravak za stara lica","datePublished":"2018-11-10T12:15:55+00:00","mainEntityOfPage":{"@id":"https:\/\/sandzakpress.net\/arhiva\/u-rozajama-svecano-otvoren-dnevni-boravak-za-stara-lica\/"},"wordCount":589,"publisher":{"@id":"https:\/\/sandzakpress.net\/arhiva\/#\/schema\/person\/6e72b67d6e51910a1117b3b483ba20bd"},"image":{"@id":"https:\/\/sandzakpress.net\/arhiva\/u-rozajama-svecano-otvoren-dnevni-boravak-za-stara-lica\/#primaryimage"},"thumbnailUrl":"https:\/\/sandzakpress.net\/arhiva\/wp-content\/uploads\/2018\/11\/otvaranje-doma-u-rozajama-696x469.jpg","articleSection":["Ro\u017eaje","Dru\u0161tvo","VA\u017dNO!"],"inLanguage":"bs-BA"},{"@type":"WebPage","@id":"https:\/\/sandzakpress.net\/arhiva\/u-rozajama-svecano-otvoren-dnevni-boravak-za-stara-lica\/","url":"https:\/\/sandzakpress.net\/arhiva\/u-rozajama-svecano-otvoren-dnevni-boravak-za-stara-lica\/","name":"U Ro\u017eajama sve\u010dano otvoren Dnevni boravak za stara lica","isPartOf":{"@id":"https:\/\/sandzakpress.net\/arhiva\/#website"},"primaryImageOfPage":{"@id":"https:\/\/sandzakpress.net\/arhiva\/u-rozajama-svecano-otvoren-dnevni-boravak-za-stara-lica\/#primaryimage"},"image":{"@id":"https:\/\/sandzakpress.net\/arhiva\/u-rozajama-svecano-otvoren-dnevni-boravak-za-stara-lica\/#primaryimage"},"thumbnailUrl":"https:\/\/sandzakpress.net\/arhiva\/wp-content\/uploads\/2018\/11\/otvaranje-doma-u-rozajama-696x469.jpg","datePublished":"2018-11-10T12:15:55+00:00","breadcrumb":{"@id":"https:\/\/sandzakpress.net\/arhiva\/u-rozajama-svecano-otvoren-dnevni-boravak-za-stara-lica\/#breadcrumb"},"inLanguage":"bs-BA","potentialAction":[{"@type":"ReadAction","target":["https:\/\/sandzakpress.net\/arhiva\/u-rozajama-svecano-otvoren-dnevni-boravak-za-stara-lica\/"]}]},{"@type":"ImageObject","inLanguage":"bs-BA","@id":"https:\/\/sandzakpress.net\/arhiva\/u-rozajama-svecano-otvoren-dnevni-boravak-za-stara-lica\/#primaryimage","url":"https:\/\/sandzakpress.net\/arhiva\/wp-content\/uploads\/2018\/11\/otvaranje-doma-u-rozajama-696x469.jpg","contentUrl":"https:\/\/sandzakpress.net\/arhiva\/wp-content\/uploads\/2018\/11\/otvaranje-doma-u-rozajama-696x469.jpg","width":696,"height":469},{"@type":"BreadcrumbList","@id":"https:\/\/sandzakpress.net\/arhiva\/u-rozajama-svecano-otvoren-dnevni-boravak-za-stara-lica\/#breadcrumb","itemListElement":[{"@type":"ListItem","position":1,"name":"Home","item":"https:\/\/sandzakpress.net\/arhiva\/"},{"@type":"ListItem","position":2,"name":"U Ro\u017eajama sve\u010dano otvoren Dnevni boravak za stara lica"}]},{"@type":"WebSite","@id":"https:\/\/sandzakpress.net\/arhiva\/#website","url":"https:\/\/sandzakpress.net\/arhiva\/","name":"Sand\u017eak PRESS","description":"Prve elektronske novine u Sand\u017eaku","publisher":{"@id":"https:\/\/sandzakpress.net\/arhiva\/#\/schema\/person\/6e72b67d6e51910a1117b3b483ba20bd"},"potentialAction":[{"@type":"SearchAction","target":{"@type":"EntryPoint","urlTemplate":"https:\/\/sandzakpress.net\/arhiva\/?s={search_term_string}"},"query-input":{"@type":"PropertyValueSpecification","valueRequired":true,"valueName":"search_term_string"}}],"inLanguage":"bs-BA"},{"@type":["Person","Organization"],"@id":"https:\/\/sandzakpress.net\/arhiva\/#\/schema\/person\/6e72b67d6e51910a1117b3b483ba20bd","name":"Kul","image":{"@type":"ImageObject","inLanguage":"bs-BA","@id":"https:\/\/sandzakpress.net\/arhiva\/#\/schema\/person\/image\/","url":"https:\/\/secure.gravatar.com\/avatar\/42263f39aa27ac04c43cab85c280eb2e?s=96&d=mm&r=pg","contentUrl":"https:\/\/secure.gravatar.com\/avatar\/42263f39aa27ac04c43cab85c280eb2e?s=96&d=mm&r=pg","caption":"Kul"},"logo":{"@id":"https:\/\/sandzakpress.net\/arhiva\/#\/schema\/person\/image\/"}},{"@type":"Person","@id":"https:\/\/sandzakpress.net\/arhiva\/#\/schema\/person\/cb59d7e3ab91ab90dd680ad0305a6185","name":"Agencija","image":{"@type":"ImageObject","inLanguage":"bs-BA","@id":"https:\/\/sandzakpress.net\/arhiva\/#\/schema\/person\/image\/","url":"https:\/\/secure.gravatar.com\/avatar\/4b7fafa80a22f0c2afe23966b3961fe0?s=96&d=mm&r=pg","contentUrl":"https:\/\/secure.gravatar.com\/avatar\/4b7fafa80a22f0c2afe23966b3961fe0?s=96&d=mm&r=pg","caption":"Agencija"},"url":"https:\/\/sandzakpress.net\/arhiva\/author\/agencija\/"}]}},"_links":{"self":[{"href":"https:\/\/sandzakpress.net\/arhiva\/wp-json\/wp\/v2\/posts\/213346"}],"collection":[{"href":"https:\/\/sandzakpress.net\/arhiva\/wp-json\/wp\/v2\/posts"}],"about":[{"href":"https:\/\/sandzakpress.net\/arhiva\/wp-json\/wp\/v2\/types\/post"}],"author":[{"embeddable":true,"href":"https:\/\/sandzakpress.net\/arhiva\/wp-json\/wp\/v2\/users\/509"}],"replies":[{"embeddable":true,"href":"https:\/\/sandzakpress.net\/arhiva\/wp-json\/wp\/v2\/comments?post=213346"}],"version-history":[{"count":0,"href":"https:\/\/sandzakpress.net\/arhiva\/wp-json\/wp\/v2\/posts\/213346\/revisions"}],"wp:featuredmedia":[{"embeddable":true,"href":"https:\/\/sandzakpress.net\/arhiva\/wp-json\/wp\/v2\/media\/213353"}],"wp:attachment":[{"href":"https:\/\/sandzakpress.net\/arhiva\/wp-json\/wp\/v2\/media?parent=213346"}],"wp:term":[{"taxonomy":"category","embeddable":true,"href":"https:\/\/sandzakpress.net\/arhiva\/wp-json\/wp\/v2\/categories?post=213346"},{"taxonomy":"post_tag","embeddable":true,"href":"https:\/\/sandzakpress.net\/arhiva\/wp-json\/wp\/v2\/tags?post=213346"}],"curies":[{"name":"wp","href":"https:\/\/api.w.org\/{rel}","templated":true}]}}