{"id":213085,"date":"2018-11-01T15:03:38","date_gmt":"2018-11-01T14:03:38","guid":{"rendered":"https:\/\/sandzakpress.net\/arhiva\/?p=213085"},"modified":"2018-11-01T20:28:42","modified_gmt":"2018-11-01T19:28:42","slug":"velicanstven-skup-pred-prepunim-trgom-uprilicena-zavrsna-konvencija-matice-bosnjacke","status":"publish","type":"post","link":"https:\/\/sandzakpress.net\/arhiva\/velicanstven-skup-pred-prepunim-trgom-uprilicena-zavrsna-konvencija-matice-bosnjacke\/","title":{"rendered":"VELI\u010cANSTVEN SKUP \u2013 Pred prepunim trgom uprili\u010dena zavr\u0161na konvencija \u201eMatice bo\u0161nja\u010dke\u201c"},"content":{"rendered":"<div class=\"article-post-content\">\n<p><img loading=\"lazy\" decoding=\"async\" class=\"aligncenter size-large wp-image-213086\" src=\"https:\/\/sandzakpress.net\/arhiva\/wp-content\/uploads\/2018\/11\/1-36-616x294.jpg\" alt=\"\" width=\"616\" height=\"294\" srcset=\"https:\/\/sandzakpress.net\/arhiva\/wp-content\/uploads\/2018\/11\/1-36-616x294.jpg 616w, https:\/\/sandzakpress.net\/arhiva\/wp-content\/uploads\/2018\/11\/1-36-768x366.jpg 768w, https:\/\/sandzakpress.net\/arhiva\/wp-content\/uploads\/2018\/11\/1-36.jpg 960w\" sizes=\"(max-width: 616px) 100vw, 616px\" \/><\/p>\n<p><strong>Pred prepunim trgom\u00a0Gazi Isa-bega Ishakovi\u0107a, odr\u017eana je zavr\u0161na konvencija liste \u201eMatica bo\u0161nja\u010dka akademik Muamer Zukorli\u0107 \u2013 MUFTIJA\u201c. Gra\u0111ani svih dijelova Sand\u017eaka, Srbije, BiH, Hrvatske, Crne Gore ali i dijaspore pa sve do Australije, Amerike i arapskih zemalja do\u0161li su u Novi Pazar, da bi, na ovaj dan svi zajedno svjedo\u010dili da je Sand\u017eak spreman za promjene i da pravda, pomirenje i Bo\u0161nja\u010dko jedinstvo je slika koja je ve\u010deras poslala poruku odlu\u010dnosti.<\/strong><\/p>\n<p>Na samom po\u010detku skupa, predstavljen program liste \u201eMatice bo\u0161nja\u010dke\u201c na izborima za Bo\u0161nja\u010dko nacionalno vije\u0107e, a koji je uokvirio vezu \u010dovjeka unutar Sand\u017eaka, te Islamsku zajednicu kao sto\u017eernu instituciju bo\u0161nja\u010dke duhovnosti, vakufe kao jedne od osnovnih stubova opstanka islama i samoodr\u017eivosti Islamske zajednice i na kraju obrazovanje, edukaciju, ta\u010dnije Univerzitet kao krovnu ustanovu nauke i obrazovanja.<\/p>\n<p>Kandidat za vije\u0107nika liste \u201eMatica bo\u0161nja\u010dka\u201c, generalni sekretar Stranke pravde i pomirenja, profesor\u00a0<strong>Edin \u0110erlek<\/strong>\u00a0u svom obra\u0107anju istakao<\/p>\n<p>\u201eNa\u0161 protivnik je jedan protivnik podijeljen u tri kolone, jedna kolona jeste kako se zovu \u201eSamoopredjeljenje\u201d. Oni pogotovo nisu jasni, 2006. godine samoopredijelili su se za ustav Republike Srbije u kome nema Bo\u0161njaka, samoopredijelili su se za status nacionalne manjine, i ako kojim slu\u010dajem budu u poziciji, nemogu\u0107em slu\u010dajem, da i dalje vode BNV bojim se da na osnovu nnjihovog rada, da \u0107e se narod samoopredijeliti ne za bosanski jezik nego za srpski. Mo\u017eemo li to dozvoliti bra\u0107o i sestre?! \u017delimo vije\u0107e \u010diji \u0107e rad biti transparentan u kome se ne\u0107e istjeravati novinari, kamermani, u kome se ne\u0107e oduzimati mobilni telefoni. \u017delimo Vije\u0107e koje \u0107e biti servis svim Bo\u0161njacima za ostvarivanje njihovih individualnih i kolektivnih prava.\u201c<\/p>\n<p>Generalni sekretar SPP-a ukazao i na rad i djelovanje liste \u201eVakat je\u201c istakav\u0161i da se oni uzdaju u ma\u0161ineriju vladaju\u0107e stranke a da svi Bo\u0161njaci znaju koja je to stranka. Ukazao na njihovu negativnu kampanju.<\/p>\n<p><iframe loading=\"lazy\" src=\"https:\/\/www.facebook.com\/plugins\/post.php?href=https%3A%2F%2Fwww.facebook.com%2Fmedia%2Fset%2F%3Fset%3Da.257323208318983%26type%3D3&amp;width=500\" width=\"500\" height=\"621\" frameborder=\"0\" scrolling=\"no\" data-mce-fragment=\"1\"><\/iframe><\/p>\n<p>\u201eVjerujte bra\u0107o i sestre, njihova kampanja je mu\u010dna i sumorna. Nema ih na trgovima, sakupljaju se u nekim malim salama i prostorijama, dodu\u0161e nema i ovih samoopredijeljenih na trgovima. Nema ih na debatama, kada ih pozovemo na debatu, kada \u010duju da na debati u\u010destvuje muftija Muamer Zukorli\u0107 bje\u017ee glavom bez obzira. Nema ih ju\u010der da do\u010dekaju reisu-l-ulemu, vrhovnog poglavara, a mo\u017ea ne znaju koji im je reis, ili pak znaju a prave se da ne znaju, ali vrlo dobro znaju da kukaju da se \u017eale, i jo\u0161 bolje znaju da iznose neistine, izmi\u0161ljaju, potvaraju, udaraju na \u010dast gra\u0111ana, to je sve \u0161to oni znaju.\u201c<\/p>\n<p>Kandidat za vije\u0107nika profesor Edin \u0110erlek u svom govoru se osvrnuo i na listu \u201eStari dedo\u201c za koju je, kako je kazao, besmisleno komentirati nekoga koga narod ne mo\u017ee ni \u010duti ni vidjeti, te dodao da je peti novembar dan pobjede \u201eMatice bo\u0161nja\u010dke\u201c.<\/p>\n<p>\u201e Petog novembra \u0107e biti novi dan, novo jutro u kome \u0107e se govoriti o pobjedi \u201eMatice bo\u0161nja\u010dke\u201c. Sve \u0161to su oni ponudili je prljava i negativna kampanja. U svim gradovima u Sand\u017eaku sijekli su na\u0161e transparente, uni\u0161tavali na\u0161e murale, ali mi ne\u0107emo biti takvog pona\u0161anja, jer u grudima nosimo sistem vrijednosti koji se temelji na vjeri koju ba\u0161tinimo, i nikad ne\u0107emo biti poput njih i uvijek \u0107emo se razlikovati od takvih. I zato, bra\u0107o i sestre, vidite da mi ne vodimo negativnu kampanju protiv njih, mi pri\u010damo o na\u0161em programu i na\u010delima.\u201c<\/p>\n<p>Kandidatkinja za vije\u0107nicu, predsjednica \u017denske mre\u017ee Stranke pravde i pomirenja, master pravnik\u00a0<strong>Jasmina Nik\u0161i\u0107<\/strong>\u00a0u obra\u0107anju je kazala da do ovih izbora gra\u0111ani nisu znali \u0161ta je BNV, \u010dime se bavi i kako djeluje.<\/p>\n<p>\u201eU proteklih nekoliko mjeseci razgovarale smo sa stotinama \u017eena iz Sand\u017eaka. Nastojale smo im objasniti zna\u010daj izbora i Bo\u0161nja\u010dkog nacionalnog vije\u0107a. Uspjele u tome u onolikoj mjeri koliko je njih ve\u010deras ovdje sa nama i u onoj mjeri koliko \u0107e \u017eena iza\u0107i na izbore, a vjerujem da su tu jer su \u017eene te koje su vladari iz sjenke, koje \u0161tite svoju djecu od svih, koje su odbrambeni mehanizam koji prima sve napade i preko \u010dijih le\u0111a se gradi uspjeh cjelokupne zajednice.\u201c<\/p>\n<p>Rad SPP-a zasniva se i na afirmaciji \u017eena, pru\u017eanje pune podr\u0161ke i za\u0161tite, te omogu\u0107ivanje \u017eenama finansijsku samostalnost, obrazovanje, ostvarivanje prava na planiranje porodice, na napredovanje u okviru svih aktivnosti bez sputavanjana stereotipa i predrasuda \u2013 kazala je mcs. Jasmina Nik\u0161i\u0107.<\/p>\n<p>\u201eJedan od izazova na kojem \u0107e i \u017eene pokazati svoju svjesnost i savjesnost jeste upravo pred nama. Izbori za BNV \u0107e se odr\u017eati 4. novembra. Na tim izborima pola\u017eemo test na\u0161e svijesti o identitetu, zna\u010daju o\u010duvanja jezika, na\u0161e bogate kulture i tradicije, ali i test razlikovanja opcija koje imaju iza sebe rezultate i onih koji ih nemaju. Imamo izbor, imamo opciju, na ovim izborima ne biramo manje zlo ve\u0107 izme\u0111u opcija koje imaju rezultate i onih koji ih nemaju. Jedna koja je osnovala institucije od dje\u010dijih vrti\u0107a do BANU-a bez podr\u0161ke i pomo\u0107i dr\u017eave, koja je uz sve napade i opstrukcije uspjela da u najte\u017eim vremenima za Bo\u0161njake Sand\u017eaka i Srbije probudi uspavanu klicu, sjeme koje je tajilo u svima nama, osje\u0107aj pripadnosti narodu Bo\u0161nja\u010dkome i svemu \u0161to ga \u010dini.\u201c<\/p>\n<p>Ona je dodala da je upravo ta klica ovdje u Sand\u017eaku i odavde raste i razvija se prema svim Bo\u0161njacima koji su potekli sa ovih prostora, ma gdje se oni danas nalazili. To sjeme, kazala je, sve ove godine \u010duvala i zalivala Islamska zajednica predvo\u0111ena muftijom Muamerom Zukorli\u0107em.<\/p>\n<p>\u201eDa bosanski jezik dostojanstveno ulazi u \u0161kole i izu\u010dava se na na\u010din dostojan najstarijeg jezika na Balkanu. Za Vije\u0107e koje kontinuirano radi na propagiranju identiteskih vrijednosti, za Vije\u0107e koje \u0161titi i zastupa interese svih Bo\u0161njaka, za Vije\u0107e koje povezuje, a ne razdvaja, za Vije\u0107e koje stru\u010dno i profesionalno obavlja poslove iz nadlje\u017enosti, za Vije\u0107e koje osniva bo\u0161nja\u010dke \u0161kole, za Vije\u0107e koje osniva glasila na bosanskom jeziku, za Bo\u0161nja\u010dko nacionalno Vije\u0107e svih Bo\u0161njaka.\u201c<\/p>\n<p>Lista \u201eMatica bo\u0161nja\u010dka akademik Muamer Zukorli\u0107 \u2013 MUFTIJA\u201c sastavljena je od uzoritih Bo\u0161njaka, spremnih da preuzmu emanet i odlu\u010dno krenu u beskompromisnu borbu za ostvarenja prava svog naroda.<\/p>\n<p>Lider Stranke pravde i pomirenja, nosilac liste \u201eMatica bo\u0161nja\u010dka\u201c akademik\u00a0<strong>Muamer Zukorli\u0107<\/strong>\u00a0je istakao va\u017enost \u010dovjekove slobode.<\/p>\n<p>\u201eOvdje su do\u0161li ljudi, slobodni ljudi, potpuno slobodni i dostojanstveni ali i svjesni da je do\u0161ao trenutak da ovaj narod otvori novu stranicu slobode, stranicu iskrenosti, iskrenosti prema sebi, porodici, prema zajednici, prema Uzvi\u0161enome Bogu, jer na nesikrenosti prevari, licemjerstvu \u0161to je do sada obilje\u017eavalo na\u0161u politi\u010dku scenu, nije mogu\u0107e \u010dekati nikakvo dobro, moramo istinu i sve one vrijednosti koje proizilaze iz te istine vratiti u na\u0161a srca, na na\u0161e jezike, u na\u0161e misli i na\u0161a djela, to je vrijednost i poruka SPP-a kao temelja i klju\u010dnog stuba \u201eMatice bo\u0161nja\u010dke\u201c u ovome pohodu slobode.\u201c<\/p>\n<p>Akademik Zukorli\u0107 je istakao da na ovim izborima postoje dvije strane, kako je rekao \u201eoni i mi\u201c. Oni sa sve onim \u0161to su pokazali za 28\u00a0 godina, a pokazali su da su predugo na svojim politi\u010dkim pozicijama, da nisu ispunili o\u010dekivanja, a pogotovo ne obe\u0107anja, dodao da su pokazali da su im li\u010dni interesi i njihove pozicije bile va\u017enije od ostalih ljudi, od dostojanstva ljudi, od zivota ljudi.<\/p>\n<p><iframe loading=\"lazy\" src=\"https:\/\/www.facebook.com\/plugins\/video.php?href=https%3A%2F%2Fwww.facebook.com%2Fsandzak.televizija%2Fvideos%2F713321562372107%2F&amp;show_text=0&amp;width=560\" width=\"560\" height=\"315\" frameborder=\"0\" scrolling=\"no\" allowfullscreen=\"allowfullscreen\" data-mce-fragment=\"1\"><\/iframe><\/p>\n<p>\u201eZnate da u njihovim obra\u010dunima imamo i mrtve, i ranjene, i invalide i one koji su u zatvorima, i one koji su pretrpjeli takve \u0161tete da se nikad ne mogu oporaviti. Oni i sve ono \u0161to su \u010dinili su dio pro\u0161losti, pro\u0161lost je ve\u0107 iza nas, ona se zavr\u0161ava u trenutku sada\u0161njosti, a kona\u010dno \u010detvrtoga novembra, kada \u0107ete vi ali i svi ostali Bo\u0161njaci ovaj put, odlu\u010dno, hrabro, uporno, na bira\u010dkim mjestima kulturno i civilizirano zaokru\u017eiti broj dva i kona\u010dno krenuti dalje, otvoriti veliku kapiju ovom narodu, koji zaslu\u017euje druga\u010dije predvodnike, one koji \u0107e biti iskreni i po\u0161teni prema ovome narodu.\u201c<\/p>\n<p>Dr. Zukorli\u0107 istakao da je centralna figura njihovog programa slobodan i dostojanstven \u010dovjek, koji ne\u0107e biti uvjetovan niti poni\u017eavan, ve\u0107 slobodan i sposoban da djeluje na poziciji koju iskreno i dostojanstveno obna\u0161ta.<\/p>\n<p>\u201eCentralna figura na\u0161eg programa je \u010dovjek, slobodan i dostojanstven, koga niko ne\u0107e ucjenjivati zato \u0161to pripada drugoj partiji, koga niko ne\u0107e ucjenjivati da bi dobio posao, koga niko ne\u0107e poniziti na bilo koji na\u010din, \u010dovjeka koji \u0107e biti ponosan zato \u0161to pripada bo\u0161nja\u010dkom narodu, i zato \u0161to \u017eivi u Sand\u017eaku ili drugom dijelu Srbije a koji u ovoj zemlji ima svoje nacionalno i institucionalno sredi\u0161te i sjedi\u0161te u Novome Pazaru, a svi zajedno imamo na\u0161e mati\u010dno nacionalno sjedi\u0161te u Sarajevu.\u201c<\/p>\n<p>Akademik Muamer Zukorli\u0107 naglasio da odustati ne\u0107e, i da u Sand\u017eaku nema mjesta nacionalizmu.<\/p>\n<p>\u201eNe\u0107emo odustati dok ponovo safovi ovoga naroda ne budu potpuno pravi i okrenuti prema pravoj kibli, pravom ciju koji nasvodi sre\u0107i , uspjehu i na ovome i na budu\u0107em svijetu. Mi Bo\u0161njaci, kroz cjelokupnu povjest bili smo faktor koji je uvijek stajao na strani dobra, uprkos svim na\u0161im stradanjima u brojnim ratovima i raznim drugim progonima, pritiscima koji su dovodili do masovnih iseljavanja, uvijek smo ostajali dosljedni dobru, i nismo se odricali dobra. I ovaj put ostvaruju\u0107i spostvenu slobodu kroz ove izbore, Bo\u0161njaci u Sand\u017eaku i u cijeloj Srbiji postat \u0107e veoma va\u017ean faktor stabilnosti u Sand\u017eaku, dr\u017eavi, ali isto i faktor koji uprkos zlo\u010dinima i genocidu koji nam se desio, da smognemo snage da budu\u0107nosti damo prednost u odnosu na pro\u0161lost, nikako da pro\u0161lost zaboravimo, ni zlo\u010dine\u00a0 ni zlo\u010dince, jer smo Stranka pravde, a pravda zna\u010di pravo zlo\u010dninca da se suo\u010di sa pravdom zbog svog zlo\u010dina.\u201c<\/p>\n<p>Naglasio je, da \u0107e ovim pobjedni\u010dkim pohodom dokazati da je mogu\u0107e biti faktor pomirenja, pomirenja unutar porodica, me\u0111u partijama, me\u0111u kom\u0161ijama, pojedna\u010dno ali i me\u0111u kolektivitetima, pomirenja me\u0111u Srbima i Bo\u0161njacima, me\u0111u dr\u017eavama ovoga regiona.<\/p>\n<p>\u201eMi \u0107emo ostati dosljedni putu Evropskih integracija zato \u0161to je to \u0161ansa da gubljenjem zna\u010daja granica, mi ponovo budemo zajedno i u prilici da se me\u0111u se, povezujemo i poma\u017eemo i da budemo nacionalno jedinstveni. Poseban zadatak imamo da poja\u010damo vezu sa maticom Bosnom, ali da bi imali sna\u017enu i operativnu vezu i plodotvornu izme\u0111u Bo\u0161njaka u Sand\u017eaku i Bo\u0161njaka u Bosni, jako je va\u017eno da uspje\u0161no te\u010de dijalog izme\u0111u Srbije i Bosne, izme\u0111u srpskog i bo\u0161nja\u010dkog naroda, i koliko god budemo radili na vezi sa Bosnom, radit \u0107emo isto i na vezi srpskog i bo\u0161nja\u010dkog naroda, i na zbli\u017eavanju Srbije i BiH, ma koliko to bilo te\u0161ko.\u201c<\/p>\n<p>On je dodao da ukoliko pobjede na izborima, BNV \u0107e uvijek biti na strani pravde i bo\u0161nja\u010dkog jedinstva, gdje \u0107e se kroz BNV zalagati za Sand\u017eak u komenema predrasuda.<\/p>\n<p>\u201eBudu\u0107e Vije\u0107e, ako Bog da, na \u010delu sa \u201eMaticom bo\u0161nja\u010dkom\u201c bit \u0107e uvijek na strani istine, pravde, pomirenja, na strani \u010dovjeka, kao \u0161to \u0107e, ako Bog da, po\u010detkom ovih politi\u010dkih promjena, SPP kada do\u0111e na vlast i u gradskoj upravi u Novom Pazaru, kao i drugim op\u0107inskim upravama \u0161irom Sand\u017eaka biti uvijek na strani naroda, na strani gra\u0111ana. Kada gra\u0111ani tra\u017ee afalt i \u017eele da i njihova djeca hodaju afaltom a ne blatom i pra\u0161inom, na\u0161a budu\u0107a vlast nikad ne\u0107e biti protiv svog naroda, ve\u0107 \u0107e biti na njegovoj strani.\u201c<\/p>\n<p>Nosilac liste \u201eMatica bo\u0161nja\u010dka\u201c poru\u010dio da \u0107e kroz Bo\u0161nja\u010dko nacionalno vije\u0107e unaprijediti sistem obrazovanja, kao i da \u0107e raditi na afirmaciji uspje\u0161ne, talentirane djece, tj. da \u0107e imati \u201ebrza traka za talente\u201c. U svom govoru otkrio i novi projekat Me\u0161ihata IZ-e u Srbiji koji je u procesu realizacije na Pojilima, a to je izgradnja prve bo\u0161nja\u010dke gimnazije koja \u0107e biti sveobuhvatna.<\/p>\n<p>\u201eTreba nam Sand\u017eak koji vi\u0161e ne\u0107e biti ambijent podjela, Sand\u017eak sa nacionalnim bo\u0161nja\u010dkim jedinstvom, gdje ne\u0107e postojati oni \u010dar\u0161ijski i seljaci, ve\u0107 bra\u0107a ro\u0111ena, mi smo jedno i oni koji nas dijele po bilo kojoj osnovi, oni su najlo\u0161iji dio na\u0161eg naroda, njihov glas ne smije da se \u010duje, oni koji gledaju \u010dovjeka po ljudskosti kvaliteta, po moralu, po onome \u0161to \u010dini i doprinosi, takve ho\u0107emo\u201c \u2013 poruka je narodnog poslanika, akademika Muamera Zukorli\u0107a.<\/p>\n<p>&nbsp;<\/p>\n<p>Listu \u201eMaticu bo\u0161nja\u010dku\u201c \u010dine:<\/p>\n<p><em>\u00a0<\/em><\/p>\n<table width=\"720\">\n<tbody>\n<tr>\n<td width=\"44\">1.<\/td>\n<td width=\"203\">Muamer Zukorli\u0107<\/td>\n<td width=\"96\">1970.<\/td>\n<td width=\"244\">akademik<\/td>\n<td width=\"132\">Novi Pazar<\/td>\n<\/tr>\n<tr>\n<td width=\"44\">2.<\/td>\n<td width=\"203\">Jahja Fehratovi\u0107<\/td>\n<td width=\"96\">1982.<\/td>\n<td width=\"244\">univerzitetski profesor<\/td>\n<td width=\"132\">Novi Pazar<\/td>\n<\/tr>\n<tr>\n<td width=\"44\">3.<\/td>\n<td width=\"203\">Misala Pramenkovi\u0107<\/td>\n<td width=\"96\">1980.<\/td>\n<td width=\"244\">univerzitetski profesor<\/td>\n<td width=\"132\">Novi Pazar<\/td>\n<\/tr>\n<tr>\n<td width=\"44\">4.<\/td>\n<td width=\"203\">Enver Gici\u0107<\/td>\n<td width=\"96\">1976.<\/td>\n<td width=\"244\">univerzitetski profesor<\/td>\n<td width=\"132\">Novi Pazar<\/td>\n<\/tr>\n<tr>\n<td width=\"44\">5.<\/td>\n<td width=\"203\">Admir Muratovi\u0107<\/td>\n<td width=\"96\">1977.<\/td>\n<td width=\"244\">univerzitetski profesor<\/td>\n<td width=\"132\">Novi Pazar<\/td>\n<\/tr>\n<tr>\n<td width=\"44\">6.<\/td>\n<td width=\"203\">Amela Zorani\u0107<\/td>\n<td width=\"96\">1979.<\/td>\n<td width=\"244\">univerzitetski profesor<\/td>\n<td width=\"132\">Novi Pazar<\/td>\n<\/tr>\n<tr>\n<td width=\"44\">7.<\/td>\n<td width=\"203\">Zaim Red\u017eepovi\u0107<\/td>\n<td width=\"96\">1980.<\/td>\n<td width=\"244\">diplomirani pravnik<\/td>\n<td width=\"132\">Tutin<\/td>\n<\/tr>\n<tr>\n<td width=\"44\">8.<\/td>\n<td width=\"203\">Sabahudin Hajdarevi\u0107<\/td>\n<td width=\"96\">1963.<\/td>\n<td width=\"244\">advokat<\/td>\n<td width=\"132\">Prijepolje<\/td>\n<\/tr>\n<tr>\n<td width=\"44\">9.<\/td>\n<td width=\"203\">Jasmina Nik\u0161i\u0107<\/td>\n<td width=\"96\">1984.<\/td>\n<td width=\"244\">master prava<\/td>\n<td width=\"132\">Novi Pazar<\/td>\n<\/tr>\n<tr>\n<td width=\"44\">10.<\/td>\n<td width=\"203\">Fadil Nik\u0161i\u0107<\/td>\n<td width=\"96\">1976.<\/td>\n<td width=\"244\">privrednik<\/td>\n<td width=\"132\">Sjenica<\/td>\n<\/tr>\n<tr>\n<td width=\"44\">11.<\/td>\n<td width=\"203\">Edin \u0110erlek<\/td>\n<td width=\"96\">1987.<\/td>\n<td width=\"244\">profesor<\/td>\n<td width=\"132\">Novi Pazar<\/td>\n<\/tr>\n<tr>\n<td width=\"44\">12.<\/td>\n<td width=\"203\">Atifa \u0160alji\u0107<\/td>\n<td width=\"96\">1963.<\/td>\n<td width=\"244\">prosvetna radnica<\/td>\n<td width=\"132\">Tutin<\/td>\n<\/tr>\n<tr>\n<td width=\"44\">13.<\/td>\n<td width=\"203\">Ismet Bihorac<\/td>\n<td width=\"96\">1970.<\/td>\n<td width=\"244\">imam<\/td>\n<td width=\"132\">Nova Varo\u0161<\/td>\n<\/tr>\n<tr>\n<td width=\"44\">14.<\/td>\n<td width=\"203\">Zehnija Buli\u0107<\/td>\n<td width=\"96\">1970.<\/td>\n<td width=\"244\">profesor<\/td>\n<td width=\"132\">Novi Pazar<\/td>\n<\/tr>\n<tr>\n<td width=\"44\">15.<\/td>\n<td width=\"203\">Alma \u010colovi\u0107-Me\u0111edovi\u0107<\/td>\n<td width=\"96\">1985.<\/td>\n<td width=\"244\">master psiholog<\/td>\n<td width=\"132\">Novi Pazar<\/td>\n<\/tr>\n<tr>\n<td width=\"44\">16.<\/td>\n<td width=\"203\">Ljutvija Balkan<\/td>\n<td width=\"96\">1956.<\/td>\n<td width=\"244\">preduzetnik<\/td>\n<td width=\"132\">Tutin<\/td>\n<\/tr>\n<tr>\n<td width=\"44\">17.<\/td>\n<td width=\"203\">Sead Li\u010dina<\/td>\n<td width=\"96\">1962.<\/td>\n<td width=\"244\">ortopedski hirurg \u2013 traumatolog<\/td>\n<td width=\"132\">Novi Pazar<\/td>\n<\/tr>\n<tr>\n<td width=\"44\">18.<\/td>\n<td width=\"203\">Sanela Halkovi\u0107<\/td>\n<td width=\"96\">1971.<\/td>\n<td width=\"244\">knji\u017eevnica<\/td>\n<td width=\"132\">Sjenica<\/td>\n<\/tr>\n<tr>\n<td width=\"44\">19.<\/td>\n<td width=\"203\">Muamer Sulji\u0107<\/td>\n<td width=\"96\">1965.<\/td>\n<td width=\"244\">univerzitetski profesor \u2013 ljekar<\/td>\n<td width=\"132\">Novi Pazar<\/td>\n<\/tr>\n<tr>\n<td width=\"44\">20.<\/td>\n<td width=\"203\">Abid \u0106elovi\u0107<\/td>\n<td width=\"96\">1953.<\/td>\n<td width=\"244\">profesor<\/td>\n<td width=\"132\">Priboj<\/td>\n<\/tr>\n<tr>\n<td width=\"44\">21.<\/td>\n<td width=\"203\">Binasa Sokolovi\u0107<\/td>\n<td width=\"96\">1974.<\/td>\n<td width=\"244\">dr. \u043cedicine \u2013 specijalista<\/td>\n<td width=\"132\">Kovin<\/td>\n<\/tr>\n<tr>\n<td width=\"44\">22.<\/td>\n<td width=\"203\">Safet Smailovi\u0107<\/td>\n<td width=\"96\">1960.<\/td>\n<td width=\"244\">profesor<\/td>\n<td width=\"132\">Novi Pazar<\/td>\n<\/tr>\n<tr>\n<td width=\"44\">23.<\/td>\n<td width=\"203\">Kemal Sadovi\u0107<\/td>\n<td width=\"96\">1958.<\/td>\n<td width=\"244\">profesor<\/td>\n<td width=\"132\">Tutin<\/td>\n<\/tr>\n<tr>\n<td width=\"44\">24.<\/td>\n<td width=\"203\">Semrija Smailovi\u0107<\/td>\n<td width=\"96\">1974.<\/td>\n<td width=\"244\">master psiholog<\/td>\n<td width=\"132\">Novi Pazar<\/td>\n<\/tr>\n<tr>\n<td width=\"44\">25.<\/td>\n<td width=\"203\">Muzafer \u017dupljanin<\/td>\n<td width=\"96\">1962.<\/td>\n<td width=\"244\">master \u017eurnalistike<\/td>\n<td width=\"132\">Novi Pazar<\/td>\n<\/tr>\n<tr>\n<td width=\"44\">26.<\/td>\n<td width=\"203\">Smail Ali\u0107<\/td>\n<td width=\"96\">1962.<\/td>\n<td width=\"244\">diplomirani in\u017eenjer \u0161umarstva<\/td>\n<td width=\"132\">Tutin<\/td>\n<\/tr>\n<tr>\n<td width=\"44\">27.<\/td>\n<td width=\"203\">Larisa Karaosmanovi\u0107<\/td>\n<td width=\"96\">1990.<\/td>\n<td width=\"244\">master prava<\/td>\n<td width=\"132\">Priboj<\/td>\n<\/tr>\n<tr>\n<td width=\"44\">28.<\/td>\n<td width=\"203\">Ferid Buli\u0107<\/td>\n<td width=\"96\">1984.<\/td>\n<td width=\"244\">univerzitetski profesor<\/td>\n<td width=\"132\">Novi Pazar<\/td>\n<\/tr>\n<tr>\n<td width=\"44\">29.<\/td>\n<td width=\"203\">D\u017eenis \u0160a\u0107irovi\u0107<\/td>\n<td width=\"96\">1989.<\/td>\n<td width=\"244\">master prava<\/td>\n<td width=\"132\">Novi Pazar<\/td>\n<\/tr>\n<tr>\n<td width=\"44\">30.<\/td>\n<td width=\"203\">D\u017eemila Dudi\u0107<\/td>\n<td width=\"96\">1996.<\/td>\n<td width=\"244\">student<\/td>\n<td width=\"132\">Novi Pazar<\/td>\n<\/tr>\n<tr>\n<td width=\"44\">31.<\/td>\n<td width=\"203\">Zihret Abazi<\/td>\n<td width=\"96\">1976.<\/td>\n<td width=\"244\">oftalmolog<\/td>\n<td width=\"132\">Beograd<\/td>\n<\/tr>\n<tr>\n<td width=\"44\">32.<\/td>\n<td width=\"203\">Safet Hajradinovi\u0107<\/td>\n<td width=\"96\">1972.<\/td>\n<td width=\"244\">medicinski tehni\u010dar<\/td>\n<td width=\"132\">Sjenica<\/td>\n<\/tr>\n<tr>\n<td width=\"44\">33.<\/td>\n<td width=\"203\">Kanita Vi\u0161nji\u0107<\/td>\n<td width=\"96\">1992.<\/td>\n<td width=\"244\">diplomirani filolog \u2013 anglista<\/td>\n<td width=\"132\">Sjenica<\/td>\n<\/tr>\n<tr>\n<td width=\"44\">34.<\/td>\n<td width=\"203\">Belmir Mujezinovi\u0107<\/td>\n<td width=\"96\">1989.<\/td>\n<td width=\"244\">diplomirani pravnik<\/td>\n<td width=\"132\">Prijepolje<\/td>\n<\/tr>\n<tr>\n<td width=\"44\">35.<\/td>\n<td width=\"203\">Semir Mad\u017egalj<\/td>\n<td width=\"96\">1989.<\/td>\n<td width=\"244\">diplomirani filolog \u2013 anglista<\/td>\n<td width=\"132\">Novi Pazar<\/td>\n<\/tr>\n<\/tbody>\n<\/table>\n<p><em>Sana \/ Tekst: D\u017eana D\u017eankovi\u0107 \/ Foto: Edin Ba\u010devac<\/em>Kulturno-umjetni\u010dki program pra\u0107en je recitalom, novinarke D\u017eane D\u017eankovi\u0107 pod nazivom \u201eHej Bo\u0161njaci\u201c. Almedina \u0110eki\u0107, mlada umjetnica, uz instrumental Hajrana \u0110eki\u0107a predstavila se kroz dvije sevdalnike \u201eOj Sand\u017eaku\u201c i \u201eTebi majko misli lete\u201c.<\/p>\n<p><img loading=\"lazy\" decoding=\"async\" class=\"alignnone size-full wp-image-42132\" src=\"http:\/\/sanapress.info\/wp-content\/uploads\/2018\/10\/2-32.jpg\" sizes=\"(max-width: 1408px) 100vw, 1408px\" srcset=\"http:\/\/sanapress.info\/wp-content\/uploads\/2018\/10\/2-32.jpg 1408w, http:\/\/sanapress.info\/wp-content\/uploads\/2018\/10\/2-32-300x136.jpg 300w, http:\/\/sanapress.info\/wp-content\/uploads\/2018\/10\/2-32-768x349.jpg 768w, http:\/\/sanapress.info\/wp-content\/uploads\/2018\/10\/2-32-1024x465.jpg 1024w\" alt=\"\" width=\"1408\" height=\"640\" \/><\/p>\n<p><img loading=\"lazy\" decoding=\"async\" class=\"alignnone size-full wp-image-42148\" src=\"http:\/\/sanapress.info\/wp-content\/uploads\/2018\/10\/viber-image3-2.jpg\" sizes=\"(max-width: 1280px) 100vw, 1280px\" srcset=\"http:\/\/sanapress.info\/wp-content\/uploads\/2018\/10\/viber-image3-2.jpg 1280w, http:\/\/sanapress.info\/wp-content\/uploads\/2018\/10\/viber-image3-2-300x200.jpg 300w, http:\/\/sanapress.info\/wp-content\/uploads\/2018\/10\/viber-image3-2-768x512.jpg 768w, http:\/\/sanapress.info\/wp-content\/uploads\/2018\/10\/viber-image3-2-1024x682.jpg 1024w\" alt=\"\" width=\"1280\" height=\"853\" \/><img loading=\"lazy\" decoding=\"async\" class=\"alignnone size-full wp-image-42133\" src=\"http:\/\/sanapress.info\/wp-content\/uploads\/2018\/10\/2a-6.jpg\" sizes=\"(max-width: 2048px) 100vw, 2048px\" srcset=\"http:\/\/sanapress.info\/wp-content\/uploads\/2018\/10\/2a-6.jpg 2048w, http:\/\/sanapress.info\/wp-content\/uploads\/2018\/10\/2a-6-300x200.jpg 300w, http:\/\/sanapress.info\/wp-content\/uploads\/2018\/10\/2a-6-768x512.jpg 768w, http:\/\/sanapress.info\/wp-content\/uploads\/2018\/10\/2a-6-1024x683.jpg 1024w\" alt=\"\" width=\"2048\" height=\"1365\" \/>\u00a0<img loading=\"lazy\" decoding=\"async\" class=\"alignnone size-full wp-image-42135\" src=\"http:\/\/sanapress.info\/wp-content\/uploads\/2018\/10\/3-27.jpg\" sizes=\"(max-width: 2048px) 100vw, 2048px\" srcset=\"http:\/\/sanapress.info\/wp-content\/uploads\/2018\/10\/3-27.jpg 2048w, http:\/\/sanapress.info\/wp-content\/uploads\/2018\/10\/3-27-300x200.jpg 300w, http:\/\/sanapress.info\/wp-content\/uploads\/2018\/10\/3-27-768x512.jpg 768w, http:\/\/sanapress.info\/wp-content\/uploads\/2018\/10\/3-27-1024x683.jpg 1024w\" alt=\"\" width=\"2048\" height=\"1365\" \/><img loading=\"lazy\" decoding=\"async\" class=\"alignnone size-full wp-image-42136\" src=\"http:\/\/sanapress.info\/wp-content\/uploads\/2018\/10\/4-22.jpg\" sizes=\"(max-width: 2048px) 100vw, 2048px\" srcset=\"http:\/\/sanapress.info\/wp-content\/uploads\/2018\/10\/4-22.jpg 2048w, http:\/\/sanapress.info\/wp-content\/uploads\/2018\/10\/4-22-300x200.jpg 300w, http:\/\/sanapress.info\/wp-content\/uploads\/2018\/10\/4-22-768x512.jpg 768w, http:\/\/sanapress.info\/wp-content\/uploads\/2018\/10\/4-22-1024x683.jpg 1024w\" alt=\"\" width=\"2048\" height=\"1365\" \/><\/p>\n<p><img loading=\"lazy\" decoding=\"async\" class=\"size-full wp-image-42145 aligncenter\" src=\"http:\/\/sanapress.info\/wp-content\/uploads\/2018\/10\/viber-image-8.jpg\" sizes=\"(max-width: 840px) 100vw, 840px\" srcset=\"http:\/\/sanapress.info\/wp-content\/uploads\/2018\/10\/viber-image-8.jpg 840w, http:\/\/sanapress.info\/wp-content\/uploads\/2018\/10\/viber-image-8-300x210.jpg 300w, http:\/\/sanapress.info\/wp-content\/uploads\/2018\/10\/viber-image-8-768x539.jpg 768w\" alt=\"\" width=\"840\" height=\"589\" \/><img loading=\"lazy\" decoding=\"async\" class=\"alignnone size-full wp-image-42137\" src=\"http:\/\/sanapress.info\/wp-content\/uploads\/2018\/10\/5-20.jpg\" sizes=\"(max-width: 2048px) 100vw, 2048px\" srcset=\"http:\/\/sanapress.info\/wp-content\/uploads\/2018\/10\/5-20.jpg 2048w, http:\/\/sanapress.info\/wp-content\/uploads\/2018\/10\/5-20-300x200.jpg 300w, http:\/\/sanapress.info\/wp-content\/uploads\/2018\/10\/5-20-768x512.jpg 768w, http:\/\/sanapress.info\/wp-content\/uploads\/2018\/10\/5-20-1024x683.jpg 1024w\" alt=\"\" width=\"2048\" height=\"1365\" \/><img loading=\"lazy\" decoding=\"async\" class=\"alignnone size-full wp-image-42138\" src=\"http:\/\/sanapress.info\/wp-content\/uploads\/2018\/10\/6-17.jpg\" sizes=\"(max-width: 2048px) 100vw, 2048px\" srcset=\"http:\/\/sanapress.info\/wp-content\/uploads\/2018\/10\/6-17.jpg 2048w, http:\/\/sanapress.info\/wp-content\/uploads\/2018\/10\/6-17-300x200.jpg 300w, http:\/\/sanapress.info\/wp-content\/uploads\/2018\/10\/6-17-768x512.jpg 768w, http:\/\/sanapress.info\/wp-content\/uploads\/2018\/10\/6-17-1024x683.jpg 1024w\" alt=\"\" width=\"2048\" height=\"1365\" \/><img loading=\"lazy\" decoding=\"async\" class=\"alignnone size-full wp-image-42139\" src=\"http:\/\/sanapress.info\/wp-content\/uploads\/2018\/10\/6a-2.jpg\" sizes=\"(max-width: 2048px) 100vw, 2048px\" srcset=\"http:\/\/sanapress.info\/wp-content\/uploads\/2018\/10\/6a-2.jpg 2048w, http:\/\/sanapress.info\/wp-content\/uploads\/2018\/10\/6a-2-300x200.jpg 300w, http:\/\/sanapress.info\/wp-content\/uploads\/2018\/10\/6a-2-768x512.jpg 768w, http:\/\/sanapress.info\/wp-content\/uploads\/2018\/10\/6a-2-1024x683.jpg 1024w\" alt=\"\" width=\"2048\" height=\"1365\" \/><img loading=\"lazy\" decoding=\"async\" class=\"alignnone size-full wp-image-42140\" src=\"http:\/\/sanapress.info\/wp-content\/uploads\/2018\/10\/7-13.jpg\" sizes=\"(max-width: 2048px) 100vw, 2048px\" srcset=\"http:\/\/sanapress.info\/wp-content\/uploads\/2018\/10\/7-13.jpg 2048w, http:\/\/sanapress.info\/wp-content\/uploads\/2018\/10\/7-13-300x200.jpg 300w, http:\/\/sanapress.info\/wp-content\/uploads\/2018\/10\/7-13-768x512.jpg 768w, http:\/\/sanapress.info\/wp-content\/uploads\/2018\/10\/7-13-1024x683.jpg 1024w\" alt=\"\" width=\"2048\" height=\"1365\" \/><\/p>\n<p><img loading=\"lazy\" decoding=\"async\" class=\"alignnone size-full wp-image-42149\" src=\"http:\/\/sanapress.info\/wp-content\/uploads\/2018\/10\/viber-image-9.jpg\" sizes=\"(max-width: 1280px) 100vw, 1280px\" srcset=\"http:\/\/sanapress.info\/wp-content\/uploads\/2018\/10\/viber-image-9.jpg 1280w, http:\/\/sanapress.info\/wp-content\/uploads\/2018\/10\/viber-image-9-300x200.jpg 300w, http:\/\/sanapress.info\/wp-content\/uploads\/2018\/10\/viber-image-9-768x512.jpg 768w, http:\/\/sanapress.info\/wp-content\/uploads\/2018\/10\/viber-image-9-1024x682.jpg 1024w\" alt=\"\" width=\"1280\" height=\"853\" \/><img loading=\"lazy\" decoding=\"async\" class=\"alignnone size-full wp-image-42141\" src=\"http:\/\/sanapress.info\/wp-content\/uploads\/2018\/10\/8-11.jpg\" sizes=\"(max-width: 960px) 100vw, 960px\" srcset=\"http:\/\/sanapress.info\/wp-content\/uploads\/2018\/10\/8-11.jpg 960w, http:\/\/sanapress.info\/wp-content\/uploads\/2018\/10\/8-11-300x147.jpg 300w, http:\/\/sanapress.info\/wp-content\/uploads\/2018\/10\/8-11-768x376.jpg 768w\" alt=\"\" width=\"960\" height=\"470\" \/><img loading=\"lazy\" decoding=\"async\" class=\"alignnone size-full wp-image-42142\" src=\"http:\/\/sanapress.info\/wp-content\/uploads\/2018\/10\/9-8.jpg\" sizes=\"(max-width: 2048px) 100vw, 2048px\" srcset=\"http:\/\/sanapress.info\/wp-content\/uploads\/2018\/10\/9-8.jpg 2048w, http:\/\/sanapress.info\/wp-content\/uploads\/2018\/10\/9-8-300x200.jpg 300w, http:\/\/sanapress.info\/wp-content\/uploads\/2018\/10\/9-8-768x512.jpg 768w, http:\/\/sanapress.info\/wp-content\/uploads\/2018\/10\/9-8-1024x683.jpg 1024w\" alt=\"\" width=\"2048\" height=\"1365\" \/><\/p>\n<p><img loading=\"lazy\" decoding=\"async\" class=\"alignnone size-full wp-image-42143\" src=\"http:\/\/sanapress.info\/wp-content\/uploads\/2018\/10\/11-7.jpg\" sizes=\"(max-width: 2048px) 100vw, 2048px\" srcset=\"http:\/\/sanapress.info\/wp-content\/uploads\/2018\/10\/11-7.jpg 2048w, http:\/\/sanapress.info\/wp-content\/uploads\/2018\/10\/11-7-300x200.jpg 300w, http:\/\/sanapress.info\/wp-content\/uploads\/2018\/10\/11-7-768x512.jpg 768w, http:\/\/sanapress.info\/wp-content\/uploads\/2018\/10\/11-7-1024x683.jpg 1024w\" alt=\"\" width=\"2048\" height=\"1365\" \/><\/p>\n<\/div>\n<footer>\n<div class=\"soc-media-sharing default\">\u00a0<\/div>\n<\/footer>\n","protected":false},"excerpt":{"rendered":"<p>Pred prepunim trgom\u00a0Gazi Isa-bega Ishakovi\u0107a, odr\u017eana je zavr\u0161na konvencija liste \u201eMatica bo\u0161nja\u010dka akademik Muamer Zukorli\u0107 \u2013 MUFTIJA\u201c. Gra\u0111ani svih dijelova Sand\u017eaka, Srbije, BiH, Hrvatske, Crne Gore ali i dijaspore pa sve do Australije, Amerike i arapskih zemalja do\u0161li su u Novi Pazar, da bi, na ovaj dan svi zajedno svjedo\u010dili da je Sand\u017eak spreman za [&hellip;]<\/p>\n","protected":false},"author":83,"featured_media":213087,"comment_status":"open","ping_status":"open","sticky":false,"template":"","format":"standard","meta":{"footnotes":""},"categories":[72,800,9538,52,327,392,393,394,8957],"tags":[],"class_list":{"0":"post-213085","1":"post","2":"type-post","3":"status-publish","4":"format-standard","5":"has-post-thumbnail","7":"category-novi-pazar","8":"category-nacija","9":"category-njemacka-dijaspora-gradovi-vase-vijesti","10":"category-sjenica","11":"category-tutin","12":"category-prijepolje_","13":"category-priboj","14":"category-nova-varos","15":"category-vijesti-dana"},"yoast_head":"<!-- This site is optimized with the Yoast SEO Premium plugin v23.1 (Yoast SEO v24.9) - https:\/\/yoast.com\/wordpress\/plugins\/seo\/ -->\n<title>VELI\u010cANSTVEN SKUP \u2013 Pred prepunim trgom uprili\u010dena zavr\u0161na konvencija \u201eMatice bo\u0161nja\u010dke\u201c<\/title>\n<meta name=\"robots\" content=\"index, follow, max-snippet:-1, max-image-preview:large, max-video-preview:-1\" \/>\n<link rel=\"canonical\" href=\"https:\/\/sandzakpress.net\/arhiva\/velicanstven-skup-pred-prepunim-trgom-uprilicena-zavrsna-konvencija-matice-bosnjacke\/\" \/>\n<meta property=\"og:locale\" content=\"bs_BA\" \/>\n<meta property=\"og:type\" content=\"article\" \/>\n<meta property=\"og:title\" content=\"VELI\u010cANSTVEN SKUP \u2013 Pred prepunim trgom uprili\u010dena zavr\u0161na konvencija \u201eMatice bo\u0161nja\u010dke\u201c\" \/>\n<meta property=\"og:description\" content=\"Pred prepunim trgom\u00a0Gazi Isa-bega Ishakovi\u0107a, odr\u017eana je zavr\u0161na konvencija liste \u201eMatica bo\u0161nja\u010dka akademik Muamer Zukorli\u0107 \u2013 MUFTIJA\u201c. Gra\u0111ani svih dijelova Sand\u017eaka, Srbije, BiH, Hrvatske, Crne Gore ali i dijaspore pa sve do Australije, Amerike i arapskih zemalja do\u0161li su u Novi Pazar, da bi, na ovaj dan svi zajedno svjedo\u010dili da je Sand\u017eak spreman za [&hellip;]\" \/>\n<meta property=\"og:url\" content=\"https:\/\/sandzakpress.net\/arhiva\/velicanstven-skup-pred-prepunim-trgom-uprilicena-zavrsna-konvencija-matice-bosnjacke\/\" \/>\n<meta property=\"og:site_name\" content=\"Sand\u017eak PRESS\" \/>\n<meta property=\"article:published_time\" content=\"2018-11-01T14:03:38+00:00\" \/>\n<meta property=\"article:modified_time\" content=\"2018-11-01T19:28:42+00:00\" \/>\n<meta property=\"og:image\" content=\"https:\/\/sandzakpress.net\/arhiva\/wp-content\/uploads\/2018\/11\/1-36-616x294-1.jpg\" \/>\n\t<meta property=\"og:image:width\" content=\"616\" \/>\n\t<meta property=\"og:image:height\" content=\"294\" \/>\n\t<meta property=\"og:image:type\" content=\"image\/jpeg\" \/>\n<meta name=\"author\" content=\"bosniak\" \/>\n<meta name=\"twitter:card\" content=\"summary_large_image\" \/>\n<meta name=\"twitter:label1\" content=\"Written by\" \/>\n\t<meta name=\"twitter:data1\" content=\"bosniak\" \/>\n\t<meta name=\"twitter:label2\" content=\"Est. reading time\" \/>\n\t<meta name=\"twitter:data2\" content=\"12 minuta\" \/>\n<script type=\"application\/ld+json\" class=\"yoast-schema-graph\">{\"@context\":\"https:\/\/schema.org\",\"@graph\":[{\"@type\":\"Article\",\"@id\":\"https:\/\/sandzakpress.net\/arhiva\/velicanstven-skup-pred-prepunim-trgom-uprilicena-zavrsna-konvencija-matice-bosnjacke\/#article\",\"isPartOf\":{\"@id\":\"https:\/\/sandzakpress.net\/arhiva\/velicanstven-skup-pred-prepunim-trgom-uprilicena-zavrsna-konvencija-matice-bosnjacke\/\"},\"author\":{\"name\":\"bosniak\",\"@id\":\"https:\/\/sandzakpress.net\/arhiva\/#\/schema\/person\/c8baee722073534b583ea7bdb2e36c02\"},\"headline\":\"VELI\u010cANSTVEN SKUP \u2013 Pred prepunim trgom uprili\u010dena zavr\u0161na konvencija \u201eMatice bo\u0161nja\u010dke\u201c\",\"datePublished\":\"2018-11-01T14:03:38+00:00\",\"dateModified\":\"2018-11-01T19:28:42+00:00\",\"mainEntityOfPage\":{\"@id\":\"https:\/\/sandzakpress.net\/arhiva\/velicanstven-skup-pred-prepunim-trgom-uprilicena-zavrsna-konvencija-matice-bosnjacke\/\"},\"wordCount\":2513,\"commentCount\":0,\"publisher\":{\"@id\":\"https:\/\/sandzakpress.net\/arhiva\/#\/schema\/person\/6e72b67d6e51910a1117b3b483ba20bd\"},\"image\":{\"@id\":\"https:\/\/sandzakpress.net\/arhiva\/velicanstven-skup-pred-prepunim-trgom-uprilicena-zavrsna-konvencija-matice-bosnjacke\/#primaryimage\"},\"thumbnailUrl\":\"https:\/\/sandzakpress.net\/arhiva\/wp-content\/uploads\/2018\/11\/1-36-616x294-1.jpg\",\"articleSection\":[\"Novi Pazar\",\"Nacija\",\"Njema\u010dka\",\"Sjenica\",\"Tutin\",\"Prijepolje\",\"Priboj\",\"Nova Varo\u0161\",\"VIJESTI DANA\"],\"inLanguage\":\"bs-BA\",\"potentialAction\":[{\"@type\":\"CommentAction\",\"name\":\"Comment\",\"target\":[\"https:\/\/sandzakpress.net\/arhiva\/velicanstven-skup-pred-prepunim-trgom-uprilicena-zavrsna-konvencija-matice-bosnjacke\/#respond\"]}]},{\"@type\":\"WebPage\",\"@id\":\"https:\/\/sandzakpress.net\/arhiva\/velicanstven-skup-pred-prepunim-trgom-uprilicena-zavrsna-konvencija-matice-bosnjacke\/\",\"url\":\"https:\/\/sandzakpress.net\/arhiva\/velicanstven-skup-pred-prepunim-trgom-uprilicena-zavrsna-konvencija-matice-bosnjacke\/\",\"name\":\"VELI\u010cANSTVEN SKUP \u2013 Pred prepunim trgom uprili\u010dena zavr\u0161na konvencija \u201eMatice bo\u0161nja\u010dke\u201c\",\"isPartOf\":{\"@id\":\"https:\/\/sandzakpress.net\/arhiva\/#website\"},\"primaryImageOfPage\":{\"@id\":\"https:\/\/sandzakpress.net\/arhiva\/velicanstven-skup-pred-prepunim-trgom-uprilicena-zavrsna-konvencija-matice-bosnjacke\/#primaryimage\"},\"image\":{\"@id\":\"https:\/\/sandzakpress.net\/arhiva\/velicanstven-skup-pred-prepunim-trgom-uprilicena-zavrsna-konvencija-matice-bosnjacke\/#primaryimage\"},\"thumbnailUrl\":\"https:\/\/sandzakpress.net\/arhiva\/wp-content\/uploads\/2018\/11\/1-36-616x294-1.jpg\",\"datePublished\":\"2018-11-01T14:03:38+00:00\",\"dateModified\":\"2018-11-01T19:28:42+00:00\",\"breadcrumb\":{\"@id\":\"https:\/\/sandzakpress.net\/arhiva\/velicanstven-skup-pred-prepunim-trgom-uprilicena-zavrsna-konvencija-matice-bosnjacke\/#breadcrumb\"},\"inLanguage\":\"bs-BA\",\"potentialAction\":[{\"@type\":\"ReadAction\",\"target\":[\"https:\/\/sandzakpress.net\/arhiva\/velicanstven-skup-pred-prepunim-trgom-uprilicena-zavrsna-konvencija-matice-bosnjacke\/\"]}]},{\"@type\":\"ImageObject\",\"inLanguage\":\"bs-BA\",\"@id\":\"https:\/\/sandzakpress.net\/arhiva\/velicanstven-skup-pred-prepunim-trgom-uprilicena-zavrsna-konvencija-matice-bosnjacke\/#primaryimage\",\"url\":\"https:\/\/sandzakpress.net\/arhiva\/wp-content\/uploads\/2018\/11\/1-36-616x294-1.jpg\",\"contentUrl\":\"https:\/\/sandzakpress.net\/arhiva\/wp-content\/uploads\/2018\/11\/1-36-616x294-1.jpg\",\"width\":616,\"height\":294},{\"@type\":\"BreadcrumbList\",\"@id\":\"https:\/\/sandzakpress.net\/arhiva\/velicanstven-skup-pred-prepunim-trgom-uprilicena-zavrsna-konvencija-matice-bosnjacke\/#breadcrumb\",\"itemListElement\":[{\"@type\":\"ListItem\",\"position\":1,\"name\":\"Home\",\"item\":\"https:\/\/sandzakpress.net\/arhiva\/\"},{\"@type\":\"ListItem\",\"position\":2,\"name\":\"VELI\u010cANSTVEN SKUP \u2013 Pred prepunim trgom uprili\u010dena zavr\u0161na konvencija \u201eMatice bo\u0161nja\u010dke\u201c\"}]},{\"@type\":\"WebSite\",\"@id\":\"https:\/\/sandzakpress.net\/arhiva\/#website\",\"url\":\"https:\/\/sandzakpress.net\/arhiva\/\",\"name\":\"Sand\u017eak PRESS\",\"description\":\"Prve elektronske novine u Sand\u017eaku\",\"publisher\":{\"@id\":\"https:\/\/sandzakpress.net\/arhiva\/#\/schema\/person\/6e72b67d6e51910a1117b3b483ba20bd\"},\"potentialAction\":[{\"@type\":\"SearchAction\",\"target\":{\"@type\":\"EntryPoint\",\"urlTemplate\":\"https:\/\/sandzakpress.net\/arhiva\/?s={search_term_string}\"},\"query-input\":{\"@type\":\"PropertyValueSpecification\",\"valueRequired\":true,\"valueName\":\"search_term_string\"}}],\"inLanguage\":\"bs-BA\"},{\"@type\":[\"Person\",\"Organization\"],\"@id\":\"https:\/\/sandzakpress.net\/arhiva\/#\/schema\/person\/6e72b67d6e51910a1117b3b483ba20bd\",\"name\":\"Kul\",\"image\":{\"@type\":\"ImageObject\",\"inLanguage\":\"bs-BA\",\"@id\":\"https:\/\/sandzakpress.net\/arhiva\/#\/schema\/person\/image\/\",\"url\":\"https:\/\/secure.gravatar.com\/avatar\/42263f39aa27ac04c43cab85c280eb2e?s=96&d=mm&r=pg\",\"contentUrl\":\"https:\/\/secure.gravatar.com\/avatar\/42263f39aa27ac04c43cab85c280eb2e?s=96&d=mm&r=pg\",\"caption\":\"Kul\"},\"logo\":{\"@id\":\"https:\/\/sandzakpress.net\/arhiva\/#\/schema\/person\/image\/\"}},{\"@type\":\"Person\",\"@id\":\"https:\/\/sandzakpress.net\/arhiva\/#\/schema\/person\/c8baee722073534b583ea7bdb2e36c02\",\"name\":\"bosniak\",\"image\":{\"@type\":\"ImageObject\",\"inLanguage\":\"bs-BA\",\"@id\":\"https:\/\/sandzakpress.net\/arhiva\/#\/schema\/person\/image\/\",\"url\":\"https:\/\/secure.gravatar.com\/avatar\/a04fd330bfe3a36a72a0ad4a6d89fca7?s=96&d=mm&r=pg\",\"contentUrl\":\"https:\/\/secure.gravatar.com\/avatar\/a04fd330bfe3a36a72a0ad4a6d89fca7?s=96&d=mm&r=pg\",\"caption\":\"bosniak\"},\"url\":\"https:\/\/sandzakpress.net\/arhiva\/author\/bosniak\/\"}]}<\/script>\n<!-- \/ Yoast SEO Premium plugin. -->","yoast_head_json":{"title":"VELI\u010cANSTVEN SKUP \u2013 Pred prepunim trgom uprili\u010dena zavr\u0161na konvencija \u201eMatice bo\u0161nja\u010dke\u201c","robots":{"index":"index","follow":"follow","max-snippet":"max-snippet:-1","max-image-preview":"max-image-preview:large","max-video-preview":"max-video-preview:-1"},"canonical":"https:\/\/sandzakpress.net\/arhiva\/velicanstven-skup-pred-prepunim-trgom-uprilicena-zavrsna-konvencija-matice-bosnjacke\/","og_locale":"bs_BA","og_type":"article","og_title":"VELI\u010cANSTVEN SKUP \u2013 Pred prepunim trgom uprili\u010dena zavr\u0161na konvencija \u201eMatice bo\u0161nja\u010dke\u201c","og_description":"Pred prepunim trgom\u00a0Gazi Isa-bega Ishakovi\u0107a, odr\u017eana je zavr\u0161na konvencija liste \u201eMatica bo\u0161nja\u010dka akademik Muamer Zukorli\u0107 \u2013 MUFTIJA\u201c. Gra\u0111ani svih dijelova Sand\u017eaka, Srbije, BiH, Hrvatske, Crne Gore ali i dijaspore pa sve do Australije, Amerike i arapskih zemalja do\u0161li su u Novi Pazar, da bi, na ovaj dan svi zajedno svjedo\u010dili da je Sand\u017eak spreman za [&hellip;]","og_url":"https:\/\/sandzakpress.net\/arhiva\/velicanstven-skup-pred-prepunim-trgom-uprilicena-zavrsna-konvencija-matice-bosnjacke\/","og_site_name":"Sand\u017eak PRESS","article_published_time":"2018-11-01T14:03:38+00:00","article_modified_time":"2018-11-01T19:28:42+00:00","og_image":[{"width":616,"height":294,"url":"https:\/\/sandzakpress.net\/arhiva\/wp-content\/uploads\/2018\/11\/1-36-616x294-1.jpg","type":"image\/jpeg"}],"author":"bosniak","twitter_card":"summary_large_image","twitter_misc":{"Written by":"bosniak","Est. reading time":"12 minuta"},"schema":{"@context":"https:\/\/schema.org","@graph":[{"@type":"Article","@id":"https:\/\/sandzakpress.net\/arhiva\/velicanstven-skup-pred-prepunim-trgom-uprilicena-zavrsna-konvencija-matice-bosnjacke\/#article","isPartOf":{"@id":"https:\/\/sandzakpress.net\/arhiva\/velicanstven-skup-pred-prepunim-trgom-uprilicena-zavrsna-konvencija-matice-bosnjacke\/"},"author":{"name":"bosniak","@id":"https:\/\/sandzakpress.net\/arhiva\/#\/schema\/person\/c8baee722073534b583ea7bdb2e36c02"},"headline":"VELI\u010cANSTVEN SKUP \u2013 Pred prepunim trgom uprili\u010dena zavr\u0161na konvencija \u201eMatice bo\u0161nja\u010dke\u201c","datePublished":"2018-11-01T14:03:38+00:00","dateModified":"2018-11-01T19:28:42+00:00","mainEntityOfPage":{"@id":"https:\/\/sandzakpress.net\/arhiva\/velicanstven-skup-pred-prepunim-trgom-uprilicena-zavrsna-konvencija-matice-bosnjacke\/"},"wordCount":2513,"commentCount":0,"publisher":{"@id":"https:\/\/sandzakpress.net\/arhiva\/#\/schema\/person\/6e72b67d6e51910a1117b3b483ba20bd"},"image":{"@id":"https:\/\/sandzakpress.net\/arhiva\/velicanstven-skup-pred-prepunim-trgom-uprilicena-zavrsna-konvencija-matice-bosnjacke\/#primaryimage"},"thumbnailUrl":"https:\/\/sandzakpress.net\/arhiva\/wp-content\/uploads\/2018\/11\/1-36-616x294-1.jpg","articleSection":["Novi Pazar","Nacija","Njema\u010dka","Sjenica","Tutin","Prijepolje","Priboj","Nova Varo\u0161","VIJESTI DANA"],"inLanguage":"bs-BA","potentialAction":[{"@type":"CommentAction","name":"Comment","target":["https:\/\/sandzakpress.net\/arhiva\/velicanstven-skup-pred-prepunim-trgom-uprilicena-zavrsna-konvencija-matice-bosnjacke\/#respond"]}]},{"@type":"WebPage","@id":"https:\/\/sandzakpress.net\/arhiva\/velicanstven-skup-pred-prepunim-trgom-uprilicena-zavrsna-konvencija-matice-bosnjacke\/","url":"https:\/\/sandzakpress.net\/arhiva\/velicanstven-skup-pred-prepunim-trgom-uprilicena-zavrsna-konvencija-matice-bosnjacke\/","name":"VELI\u010cANSTVEN SKUP \u2013 Pred prepunim trgom uprili\u010dena zavr\u0161na konvencija \u201eMatice bo\u0161nja\u010dke\u201c","isPartOf":{"@id":"https:\/\/sandzakpress.net\/arhiva\/#website"},"primaryImageOfPage":{"@id":"https:\/\/sandzakpress.net\/arhiva\/velicanstven-skup-pred-prepunim-trgom-uprilicena-zavrsna-konvencija-matice-bosnjacke\/#primaryimage"},"image":{"@id":"https:\/\/sandzakpress.net\/arhiva\/velicanstven-skup-pred-prepunim-trgom-uprilicena-zavrsna-konvencija-matice-bosnjacke\/#primaryimage"},"thumbnailUrl":"https:\/\/sandzakpress.net\/arhiva\/wp-content\/uploads\/2018\/11\/1-36-616x294-1.jpg","datePublished":"2018-11-01T14:03:38+00:00","dateModified":"2018-11-01T19:28:42+00:00","breadcrumb":{"@id":"https:\/\/sandzakpress.net\/arhiva\/velicanstven-skup-pred-prepunim-trgom-uprilicena-zavrsna-konvencija-matice-bosnjacke\/#breadcrumb"},"inLanguage":"bs-BA","potentialAction":[{"@type":"ReadAction","target":["https:\/\/sandzakpress.net\/arhiva\/velicanstven-skup-pred-prepunim-trgom-uprilicena-zavrsna-konvencija-matice-bosnjacke\/"]}]},{"@type":"ImageObject","inLanguage":"bs-BA","@id":"https:\/\/sandzakpress.net\/arhiva\/velicanstven-skup-pred-prepunim-trgom-uprilicena-zavrsna-konvencija-matice-bosnjacke\/#primaryimage","url":"https:\/\/sandzakpress.net\/arhiva\/wp-content\/uploads\/2018\/11\/1-36-616x294-1.jpg","contentUrl":"https:\/\/sandzakpress.net\/arhiva\/wp-content\/uploads\/2018\/11\/1-36-616x294-1.jpg","width":616,"height":294},{"@type":"BreadcrumbList","@id":"https:\/\/sandzakpress.net\/arhiva\/velicanstven-skup-pred-prepunim-trgom-uprilicena-zavrsna-konvencija-matice-bosnjacke\/#breadcrumb","itemListElement":[{"@type":"ListItem","position":1,"name":"Home","item":"https:\/\/sandzakpress.net\/arhiva\/"},{"@type":"ListItem","position":2,"name":"VELI\u010cANSTVEN SKUP \u2013 Pred prepunim trgom uprili\u010dena zavr\u0161na konvencija \u201eMatice bo\u0161nja\u010dke\u201c"}]},{"@type":"WebSite","@id":"https:\/\/sandzakpress.net\/arhiva\/#website","url":"https:\/\/sandzakpress.net\/arhiva\/","name":"Sand\u017eak PRESS","description":"Prve elektronske novine u Sand\u017eaku","publisher":{"@id":"https:\/\/sandzakpress.net\/arhiva\/#\/schema\/person\/6e72b67d6e51910a1117b3b483ba20bd"},"potentialAction":[{"@type":"SearchAction","target":{"@type":"EntryPoint","urlTemplate":"https:\/\/sandzakpress.net\/arhiva\/?s={search_term_string}"},"query-input":{"@type":"PropertyValueSpecification","valueRequired":true,"valueName":"search_term_string"}}],"inLanguage":"bs-BA"},{"@type":["Person","Organization"],"@id":"https:\/\/sandzakpress.net\/arhiva\/#\/schema\/person\/6e72b67d6e51910a1117b3b483ba20bd","name":"Kul","image":{"@type":"ImageObject","inLanguage":"bs-BA","@id":"https:\/\/sandzakpress.net\/arhiva\/#\/schema\/person\/image\/","url":"https:\/\/secure.gravatar.com\/avatar\/42263f39aa27ac04c43cab85c280eb2e?s=96&d=mm&r=pg","contentUrl":"https:\/\/secure.gravatar.com\/avatar\/42263f39aa27ac04c43cab85c280eb2e?s=96&d=mm&r=pg","caption":"Kul"},"logo":{"@id":"https:\/\/sandzakpress.net\/arhiva\/#\/schema\/person\/image\/"}},{"@type":"Person","@id":"https:\/\/sandzakpress.net\/arhiva\/#\/schema\/person\/c8baee722073534b583ea7bdb2e36c02","name":"bosniak","image":{"@type":"ImageObject","inLanguage":"bs-BA","@id":"https:\/\/sandzakpress.net\/arhiva\/#\/schema\/person\/image\/","url":"https:\/\/secure.gravatar.com\/avatar\/a04fd330bfe3a36a72a0ad4a6d89fca7?s=96&d=mm&r=pg","contentUrl":"https:\/\/secure.gravatar.com\/avatar\/a04fd330bfe3a36a72a0ad4a6d89fca7?s=96&d=mm&r=pg","caption":"bosniak"},"url":"https:\/\/sandzakpress.net\/arhiva\/author\/bosniak\/"}]}},"_links":{"self":[{"href":"https:\/\/sandzakpress.net\/arhiva\/wp-json\/wp\/v2\/posts\/213085"}],"collection":[{"href":"https:\/\/sandzakpress.net\/arhiva\/wp-json\/wp\/v2\/posts"}],"about":[{"href":"https:\/\/sandzakpress.net\/arhiva\/wp-json\/wp\/v2\/types\/post"}],"author":[{"embeddable":true,"href":"https:\/\/sandzakpress.net\/arhiva\/wp-json\/wp\/v2\/users\/83"}],"replies":[{"embeddable":true,"href":"https:\/\/sandzakpress.net\/arhiva\/wp-json\/wp\/v2\/comments?post=213085"}],"version-history":[{"count":0,"href":"https:\/\/sandzakpress.net\/arhiva\/wp-json\/wp\/v2\/posts\/213085\/revisions"}],"wp:featuredmedia":[{"embeddable":true,"href":"https:\/\/sandzakpress.net\/arhiva\/wp-json\/wp\/v2\/media\/213087"}],"wp:attachment":[{"href":"https:\/\/sandzakpress.net\/arhiva\/wp-json\/wp\/v2\/media?parent=213085"}],"wp:term":[{"taxonomy":"category","embeddable":true,"href":"https:\/\/sandzakpress.net\/arhiva\/wp-json\/wp\/v2\/categories?post=213085"},{"taxonomy":"post_tag","embeddable":true,"href":"https:\/\/sandzakpress.net\/arhiva\/wp-json\/wp\/v2\/tags?post=213085"}],"curies":[{"name":"wp","href":"https:\/\/api.w.org\/{rel}","templated":true}]}}