{"id":213055,"date":"2018-10-29T16:04:09","date_gmt":"2018-10-29T15:04:09","guid":{"rendered":"https:\/\/sandzakpress.net\/arhiva\/?p=213055"},"modified":"2018-10-29T16:14:47","modified_gmt":"2018-10-29T15:14:47","slug":"konvencija-matice-bosnjacke-u-tutinu-mjesto-gdje-pocinje-vracanje-dostojanstva","status":"publish","type":"post","link":"https:\/\/sandzakpress.net\/arhiva\/konvencija-matice-bosnjacke-u-tutinu-mjesto-gdje-pocinje-vracanje-dostojanstva\/","title":{"rendered":"Konvencija &#8220;Matice bo\u0161nja\u010dke&#8221; u Tutinu &#8211; Mjesto gdje po\u010dinje vra\u0107anje dostojanstva"},"content":{"rendered":"<p><img loading=\"lazy\" decoding=\"async\" class=\"alignnone size-full wp-image-213057\" src=\"https:\/\/sandzakpress.net\/arhiva\/wp-content\/uploads\/2018\/10\/viber-image-23.jpg\" alt=\"\" width=\"1280\" height=\"730\" srcset=\"https:\/\/sandzakpress.net\/arhiva\/wp-content\/uploads\/2018\/10\/viber-image-23.jpg 1280w, https:\/\/sandzakpress.net\/arhiva\/wp-content\/uploads\/2018\/10\/viber-image-23-768x438.jpg 768w, https:\/\/sandzakpress.net\/arhiva\/wp-content\/uploads\/2018\/10\/viber-image-23-616x351.jpg 616w\" sizes=\"(max-width: 1280px) 100vw, 1280px\" \/><\/p>\n<p><strong>Na gradskom trgu u Tutinu odr\u017eana je zavr\u0161na konvencija liste \u201cMatica bo\u0161nja\u010dka \u2013 akademik Muamer Zukorli\u0107 Muftija\u201d.\u00a0\u00a0Na samom po\u010detku prisutnima su predstavljena na\u010dela sa kojima \u0107e lista \u201cMatica bo\u0161nja\u010dka\u201d istupiti na predstoje\u0107e izbore za BNV.<\/strong><\/p>\n<p>Prisutnima se obratio predsjednik Op\u0161tinskog odbora SPP-a u Tutinu i kandidat za vije\u0107nika Zaim Red\u017eepovi\u0107 istakav\u0161i da broj prisutnih na trgu svjedo\u010di da u Tutinu ipak ve\u0107inu \u010dine slobodni ljudi.<\/p>\n<p>&#8220;Meni se \u010dini da nikad lak\u0161e nije bilo. Za svoja prava borimo se olovkom. Predstavnici drugih lista pokazali su koliko i kako se brinu za prava Bo\u0161njaka. Preko na\u0161ih le\u0111a prodavali su pu\u0161ke. Od obrazovanja u Tutinu osim osmoljetke koju imamo sve drugo je fal\u0161.\u00a0 Djeca sama ka\u017eu za\u0161to vi\u0161e da u\u010dim kad nastavnici nemaju dnevnike. Znam za \u0161ta se tro\u0161i novac od pe\u0161terskog vodovoda , ko prodaje sopstveni namje\u0161taj, sebi naravno od va\u0161ih para. Vode nigdje nema a raspitajte se gdje su im vikendice po moru, stanovi po Istanbulu i Sarajevu. Ovu pobjedu moramo napraviti zajedno. Muftija je jedan al mi ga trebamo da podr\u017eimo. Svjedok sam \u0161ta rade muftija i Jahja. To oni \u0161to rade niko nije dosad radio. Ova vlast ne mo\u017ee ni \u0111aka generacije proglasiti ako nije iz SDA. Poru\u010dujem im dolazite dok imate vremena. Samo ovdje mo\u017eete biti slobodni ljudi. Mi \u0107emo se brinuti o tradiciji, vjeri, obrazovanju pismu. Postoji jedna ustanova gdje je direktor na\u0161 kadar, Omer \u0110ondi\u0107. Nek odu i posavjetuju se kako se vra\u0107a sto hiljada duga, kako Dom sad ima vi\u0161ka para. Neka pitaju Smaila Ali\u0107a \u0161ta je rad, red i disciplina. Nemojte da oklijevate, nemamo drugi na\u010din da opstanemo na ovim prostorima osim da glasamo dvojku.&#8221; kazao je Red\u017eepovi\u0107.<\/p>\n<p>Kandidatica za Vije\u0107nicu Atifa \u0160alji\u0107 poru\u010dila da se promjene osje\u0107aju u vazduhu.<br \/><iframe loading=\"lazy\" src=\"https:\/\/www.facebook.com\/plugins\/post.php?href=https%3A%2F%2Fwww.facebook.com%2Fmedia%2Fset%2F%3Fset%3Da.256643401720297%26type%3D3&amp;width=500\" width=\"500\" height=\"621\" frameborder=\"0\" scrolling=\"no\" data-mce-fragment=\"1\"><\/iframe><\/p>\n<p>&#8220;Osje\u0107am miris slobode koji nas je izveo iz svojih domova. Ovaj miris zaslu\u017euju svi ljudi iz Sand\u017eaka. Ono \u0161to bih voljela da postane praksa je da ljudi slobodno iza\u0111u kad god imamo skup i odlu\u010de kome \u0107e dati glas. Ho\u0107e li \u010dovjeku koji misli ne samo na Bo\u0161njake, ve\u0107 za sve kako bi im bilo dobro. One koji bi rekli najbolje o Univerzitetu njih truju pa ne smiju. O\u010duvali smo tradiciju, poku\u0161avamo koliko mo\u017eemo u \u0161kolama doprinijeti u realizaciji nastave na bosanskom jeziku ali situacija je alarmantna. Djeca u \u0161kolama nemaju ud\u017ebenike, nemaju bukvar, \u010ditanku, nemamo seharu za prvi razred. Prvi i peti razred nisu dobili besplatne ud\u017ebenike iako je rukovodstvo BNV-a to obe\u0107alo. Ne\u0107emo gledati gdje je ko bio ve\u0107 ko zna da radi. Cijenit \u0107emo znanje i po\u0161tenje. Moramo hitno reagovati pa 4.novembra razmislite kome \u0107ete dati mandat. Da li \u0107e to biti ljudi koji znaju umiju i imaju ideje ili onima zbog kojih \u0107e kasnije crvenjeti. Nek po\u010dne pisanje historije slobode, pravde i pomirenja.&#8221; poru\u010dila je Atifa \u0160alji\u0107.<\/p>\n<p>Kandidat Ljutvija Balkan kazao da \u0107e dijaspora na ovim izborima pru\u017eiti zna\u010dajnu podr\u0161ku.<\/p>\n<p>&#8220;Kijamet koalicija mislila je u\u0107i na mala vrata al zaboravili su da i ja tamo \u017eivim. Oni znaju da ja o njima, njihovom kriminalu i korupciji sve znam i imam dokaze. Ovo je po\u010detak borbe za BNV. Tamo sve ima samo nema ni\u0161ta bo\u0161nja\u010dko. Moramo kom\u0161iju, brata, prijatelje organizovati da iza\u0111u da glasaju kako bi BNV vratili narodu. Veliki je kriminal u na\u0161oj op\u0161tini. Slu\u017ebeno smo tra\u017eili da dostave koliko je ko\u0161talo postrojenje u Dubovu ali ne smiju jer ja znam. Znam i koliko su placeva prodali ali ne smiju da ka\u017eu, mada morat \u0107e jer nemaju kud. Ho\u0107u na\u0161u dijasporu da pozovem da odradimo \u0161to je na\u0161a du\u017enost.&#8221;<\/p>\n<p>Nosilac liste &#8220;Matice Bo\u0161nja\u010dke&#8221; akademik muftija Muamer Zukorli\u0107 poru\u010dio da Bo\u0161njaci imaju \u0161ansu za druga\u010diju budu\u0107nost ali kada na \u010delu BNV-a op\u0161tine Tutin budu najbolji.<\/p>\n<p><iframe loading=\"lazy\" src=\"https:\/\/www.facebook.com\/plugins\/video.php?href=https%3A%2F%2Fwww.facebook.com%2Fmaticabosnjacka%2Fvideos%2F1623261657973128%2F&amp;show_text=0&amp;width=560\" width=\"560\" height=\"314\" frameborder=\"0\" scrolling=\"no\" allowfullscreen=\"allowfullscreen\" data-mce-fragment=\"1\"><\/iframe><\/p>\n<p>&#8220;Bra\u0107o i sestre Tutina od gornje i donje Pe\u0161teri uvijek se radujem dolasku ovdje ali ima ne\u0161to \u0161to me pe\u010de za ovo stanje u Tutinu. Ne mogu odustati od borbe od ovih na\u0161ih koji nas tri decenije porobljavaju.\u00a0Zbog velikog broja Bo\u0161njaka koji \u017eive ovdje, u tutinskoj op\u0161tini se lome mnogi politi\u010dki procesi od izuzetne va\u017enosti za budu\u0107nost Sand\u017eaka. Agresiju i podjele koje smo do\u017eivjeli krenuli su iz BNV-a i sa ma\u0161inerijom iz Tutina. I danas svjedo\u010dim zajedno s vama da je to nekoliko ljudi koji su zloupotrijebi vlast i oflekali Tutin. Zato smo tu da Tutin predstavimo u pravom ruhu. Ovdje \u017eive Bo\u0161njaci koji su znali i u selu i gradovima da su dobri ljudi, oni koji mire. Naravno, da ti ljudi tada nisu dobili podr\u0161ku gra\u0111ana ne bi to mogli \u010diniti. Bili su kao i ja \u010dlanovi stranke devedesetih ali u toj organizaciji vi\u0161e nema ni Sand\u017eaka ni Bo\u0161njaka su\u0161tinski. Kako je mogu\u0107e da se nakon tri decenije otvara pitanje samoopredjeljena, zato jer je njihov lider jedno u Ankari a drugo u Beogradu. Nisam prihvatio da vodim njihove politike nit pristao da slu\u017eim tu\u0111im ciljevima. Ostao sam dosljedan politici Bo\u0161njaka i Sand\u017eaka i zato nisam podoban. Mi smo u Sand\u017eaku sa Bo\u0161njacima, me\u0111u njima i za njih. Nakon agresije bili smo u te\u0161kom belaju pa smo podr\u017eali onog drugog. Zato sada i oni nam olak\u0161avaju, pomirili su se od straha. Igraju na istoj strani jedan beogradski miljenik a drugi neiskren i evo \u010ditave skupine prelaze u SPP. Svo zlo je iz nepravdi a na to se odgovara pravdom i to je na\u0161 program \u0161to svjedo\u010di i ovaj skup ovdje. Iako ne mogu da shvatim da neko tri decenije bije rije\u0161io problem vode a dobija glasove. Mislim da je do torture i prijetnji, pritiska, ucjena. Ne bojte se ovo njihovo se raspada. Kada dodjemo na vlast ne\u0107e biti ucjena , selektivnog \u010di\u0161\u0107enja snijega i asfaltiranja ulica. Pitanje i koji placevi i koliko puta su bili prodati. Milione eura su uzeli od naroda za asfalt a taj novac nije utro\u0161en za asfalt ve\u0107 je oti\u0161ao u njihove d\u017eepove i d\u017eepove partnera u Beogradu. Najbolnije je \u0161to grad s toliko mladosti vi\u0161e s tim ne mo\u017ee da se di\u010di. O\u010devi i majke u djecu ula\u017eete emociju, zajmite se da zavr\u0161i \u0161kolu i onda ide za Njema\u010dku. Ako na hiljade mladih \u017eitelja mo\u017ee zamijeniti nekoliko zgrada onda te\u0161ko nama. Ako \u017eelimo da zaustavimo rijeke mladosti koja odlaze onda moramo da mijenjamo. Ovdje se ne mo\u017ee na\u0107i posao ni sa svim desetkama ako se ne pokori vladaju\u0107oj garnituri. Zato \u0161to prije oslobodimo ovaj grad. Imamo \u0161ansu za druga\u010diju budu\u0107nost ali na \u010delu Op\u0161tine moraju biti najbolji. Odavde treba da po\u0111e vra\u0107anje dostojanstva \u0161irom Sand\u017eaka.&#8221; kazao muftija Zukorli\u0107.<\/p>\n<p>Na kraju prisutni su imali prilike u\u017eivati u kulturno \u2013 umjetni\u010dkom programu za koji su se pobrinuli mladi SPP-a.<img loading=\"lazy\" decoding=\"async\" class=\"alignnone size-full wp-image-213056\" src=\"https:\/\/sandzakpress.net\/arhiva\/wp-content\/uploads\/2018\/10\/viber-image-22.jpg\" alt=\"\" width=\"1080\" height=\"945\" srcset=\"https:\/\/sandzakpress.net\/arhiva\/wp-content\/uploads\/2018\/10\/viber-image-22.jpg 1080w, https:\/\/sandzakpress.net\/arhiva\/wp-content\/uploads\/2018\/10\/viber-image-22-768x672.jpg 768w, https:\/\/sandzakpress.net\/arhiva\/wp-content\/uploads\/2018\/10\/viber-image-22-616x539.jpg 616w\" sizes=\"(max-width: 1080px) 100vw, 1080px\" \/><img loading=\"lazy\" decoding=\"async\" class=\"alignnone size-full wp-image-42086\" src=\"http:\/\/sanapress.info\/wp-content\/uploads\/2018\/10\/0-18.jpg\" alt=\"\" width=\"2048\" height=\"1365\" \/> <img loading=\"lazy\" decoding=\"async\" class=\"alignnone size-full wp-image-42087\" src=\"http:\/\/sanapress.info\/wp-content\/uploads\/2018\/10\/1-34.jpg\" alt=\"\" width=\"1952\" height=\"577\" \/> <img loading=\"lazy\" decoding=\"async\" class=\"alignnone size-full wp-image-42088\" src=\"http:\/\/sanapress.info\/wp-content\/uploads\/2018\/10\/1-13-1.jpg\" alt=\"\" width=\"2048\" height=\"1365\" \/> <img loading=\"lazy\" decoding=\"async\" class=\"alignnone size-full wp-image-42091\" src=\"http:\/\/sanapress.info\/wp-content\/uploads\/2018\/10\/2a-5.jpg\" alt=\"\" width=\"2048\" height=\"1365\" \/>\u00a0<img loading=\"lazy\" decoding=\"async\" class=\"alignnone size-full wp-image-42090\" src=\"http:\/\/sanapress.info\/wp-content\/uploads\/2018\/10\/2-29-1.jpg\" alt=\"\" width=\"2048\" height=\"1365\" \/> \u00a0<img loading=\"lazy\" decoding=\"async\" class=\"alignnone size-full wp-image-42092\" src=\"http:\/\/sanapress.info\/wp-content\/uploads\/2018\/10\/3-25.jpg\" alt=\"\" width=\"2048\" height=\"1365\" \/> \u00a0<img loading=\"lazy\" decoding=\"async\" class=\"alignnone size-full wp-image-42094\" src=\"http:\/\/sanapress.info\/wp-content\/uploads\/2018\/10\/4-20.jpg\" alt=\"\" width=\"2048\" height=\"1365\" \/> <img loading=\"lazy\" decoding=\"async\" class=\"alignnone size-full wp-image-42095\" src=\"http:\/\/sanapress.info\/wp-content\/uploads\/2018\/10\/5-18.jpg\" alt=\"\" width=\"2048\" height=\"1365\" \/> <img loading=\"lazy\" decoding=\"async\" class=\"alignnone size-full wp-image-42093\" src=\"http:\/\/sanapress.info\/wp-content\/uploads\/2018\/10\/3a-2.jpg\" alt=\"\" width=\"2048\" height=\"1365\" \/><img loading=\"lazy\" decoding=\"async\" class=\"alignnone size-full wp-image-42089\" src=\"http:\/\/sanapress.info\/wp-content\/uploads\/2018\/10\/2-30.jpg\" alt=\"\" width=\"2048\" height=\"1365\" \/><\/p>\n<p><img loading=\"lazy\" decoding=\"async\" class=\"alignnone size-full wp-image-42098\" src=\"http:\/\/sanapress.info\/wp-content\/uploads\/2018\/10\/7-11.jpg\" alt=\"\" width=\"2048\" height=\"1365\" \/><img loading=\"lazy\" decoding=\"async\" class=\"alignnone size-full wp-image-42099\" src=\"http:\/\/sanapress.info\/wp-content\/uploads\/2018\/10\/8-9.jpg\" alt=\"\" width=\"2048\" height=\"1365\" \/>\u00a0<\/p>\n<p>&nbsp;<\/p>\n<p>&nbsp;<\/p>\n<p>&nbsp;<\/p>\n","protected":false},"excerpt":{"rendered":"<p>Na gradskom trgu u Tutinu odr\u017eana je zavr\u0161na konvencija liste \u201cMatica bo\u0161nja\u010dka \u2013 akademik Muamer Zukorli\u0107 Muftija\u201d.\u00a0\u00a0Na samom po\u010detku prisutnima su predstavljena na\u010dela sa kojima \u0107e lista \u201cMatica bo\u0161nja\u010dka\u201d istupiti na predstoje\u0107e izbore za BNV. Prisutnima se obratio predsjednik Op\u0161tinskog odbora SPP-a u Tutinu i kandidat za vije\u0107nika Zaim Red\u017eepovi\u0107 istakav\u0161i da broj prisutnih na [&hellip;]<\/p>\n","protected":false},"author":509,"featured_media":213057,"comment_status":"open","ping_status":"open","sticky":false,"template":"","format":"standard","meta":{"footnotes":""},"categories":[1,327,8957],"tags":[10204,10223,10541],"class_list":{"0":"post-213055","1":"post","2":"type-post","3":"status-publish","4":"format-standard","5":"has-post-thumbnail","7":"category-politika","8":"category-tutin","9":"category-vijesti-dana","10":"tag-muftija-muamer-zukorlic","11":"tag-bdz","12":"tag-spp"},"yoast_head":"<!-- This site is optimized with the Yoast SEO Premium plugin v23.1 (Yoast SEO v24.9) - https:\/\/yoast.com\/wordpress\/plugins\/seo\/ -->\n<title>Konvencija &quot;Matice bo\u0161nja\u010dke&quot; u Tutinu - Mjesto gdje po\u010dinje vra\u0107anje dostojanstva<\/title>\n<meta name=\"robots\" content=\"index, follow, max-snippet:-1, max-image-preview:large, max-video-preview:-1\" \/>\n<link rel=\"canonical\" href=\"https:\/\/sandzakpress.net\/arhiva\/konvencija-matice-bosnjacke-u-tutinu-mjesto-gdje-pocinje-vracanje-dostojanstva\/\" \/>\n<meta property=\"og:locale\" content=\"bs_BA\" \/>\n<meta property=\"og:type\" content=\"article\" \/>\n<meta property=\"og:title\" content=\"Konvencija &quot;Matice bo\u0161nja\u010dke&quot; u Tutinu - Mjesto gdje po\u010dinje vra\u0107anje dostojanstva\" \/>\n<meta property=\"og:description\" content=\"Na gradskom trgu u Tutinu odr\u017eana je zavr\u0161na konvencija liste \u201cMatica bo\u0161nja\u010dka \u2013 akademik Muamer Zukorli\u0107 Muftija\u201d.\u00a0\u00a0Na samom po\u010detku prisutnima su predstavljena na\u010dela sa kojima \u0107e lista \u201cMatica bo\u0161nja\u010dka\u201d istupiti na predstoje\u0107e izbore za BNV. Prisutnima se obratio predsjednik Op\u0161tinskog odbora SPP-a u Tutinu i kandidat za vije\u0107nika Zaim Red\u017eepovi\u0107 istakav\u0161i da broj prisutnih na [&hellip;]\" \/>\n<meta property=\"og:url\" content=\"https:\/\/sandzakpress.net\/arhiva\/konvencija-matice-bosnjacke-u-tutinu-mjesto-gdje-pocinje-vracanje-dostojanstva\/\" \/>\n<meta property=\"og:site_name\" content=\"Sand\u017eak PRESS\" \/>\n<meta property=\"article:published_time\" content=\"2018-10-29T15:04:09+00:00\" \/>\n<meta property=\"article:modified_time\" content=\"2018-10-29T15:14:47+00:00\" \/>\n<meta property=\"og:image\" content=\"https:\/\/sandzakpress.net\/arhiva\/wp-content\/uploads\/2018\/10\/viber-image-23.jpg\" \/>\n\t<meta property=\"og:image:width\" content=\"1280\" \/>\n\t<meta property=\"og:image:height\" content=\"730\" \/>\n\t<meta property=\"og:image:type\" content=\"image\/jpeg\" \/>\n<meta name=\"author\" content=\"Agencija\" \/>\n<meta name=\"twitter:card\" content=\"summary_large_image\" \/>\n<meta name=\"twitter:label1\" content=\"Written by\" \/>\n\t<meta name=\"twitter:data1\" content=\"Agencija\" \/>\n\t<meta name=\"twitter:label2\" content=\"Est. reading time\" \/>\n\t<meta name=\"twitter:data2\" content=\"6 minuta\" \/>\n<script type=\"application\/ld+json\" class=\"yoast-schema-graph\">{\"@context\":\"https:\/\/schema.org\",\"@graph\":[{\"@type\":\"Article\",\"@id\":\"https:\/\/sandzakpress.net\/arhiva\/konvencija-matice-bosnjacke-u-tutinu-mjesto-gdje-pocinje-vracanje-dostojanstva\/#article\",\"isPartOf\":{\"@id\":\"https:\/\/sandzakpress.net\/arhiva\/konvencija-matice-bosnjacke-u-tutinu-mjesto-gdje-pocinje-vracanje-dostojanstva\/\"},\"author\":{\"name\":\"Agencija\",\"@id\":\"https:\/\/sandzakpress.net\/arhiva\/#\/schema\/person\/cb59d7e3ab91ab90dd680ad0305a6185\"},\"headline\":\"Konvencija &#8220;Matice bo\u0161nja\u010dke&#8221; u Tutinu &#8211; Mjesto gdje po\u010dinje vra\u0107anje dostojanstva\",\"datePublished\":\"2018-10-29T15:04:09+00:00\",\"dateModified\":\"2018-10-29T15:14:47+00:00\",\"mainEntityOfPage\":{\"@id\":\"https:\/\/sandzakpress.net\/arhiva\/konvencija-matice-bosnjacke-u-tutinu-mjesto-gdje-pocinje-vracanje-dostojanstva\/\"},\"wordCount\":1236,\"commentCount\":7,\"publisher\":{\"@id\":\"https:\/\/sandzakpress.net\/arhiva\/#\/schema\/person\/6e72b67d6e51910a1117b3b483ba20bd\"},\"image\":{\"@id\":\"https:\/\/sandzakpress.net\/arhiva\/konvencija-matice-bosnjacke-u-tutinu-mjesto-gdje-pocinje-vracanje-dostojanstva\/#primaryimage\"},\"thumbnailUrl\":\"https:\/\/sandzakpress.net\/arhiva\/wp-content\/uploads\/2018\/10\/viber-image-23.jpg\",\"keywords\":[\"muftija Muamer Zukorli\u0107\",\"BDZ\",\"SPP\"],\"articleSection\":[\"Politika\",\"Tutin\",\"VIJESTI DANA\"],\"inLanguage\":\"bs-BA\",\"potentialAction\":[{\"@type\":\"CommentAction\",\"name\":\"Comment\",\"target\":[\"https:\/\/sandzakpress.net\/arhiva\/konvencija-matice-bosnjacke-u-tutinu-mjesto-gdje-pocinje-vracanje-dostojanstva\/#respond\"]}]},{\"@type\":\"WebPage\",\"@id\":\"https:\/\/sandzakpress.net\/arhiva\/konvencija-matice-bosnjacke-u-tutinu-mjesto-gdje-pocinje-vracanje-dostojanstva\/\",\"url\":\"https:\/\/sandzakpress.net\/arhiva\/konvencija-matice-bosnjacke-u-tutinu-mjesto-gdje-pocinje-vracanje-dostojanstva\/\",\"name\":\"Konvencija \\\"Matice bo\u0161nja\u010dke\\\" u Tutinu - Mjesto gdje po\u010dinje vra\u0107anje dostojanstva\",\"isPartOf\":{\"@id\":\"https:\/\/sandzakpress.net\/arhiva\/#website\"},\"primaryImageOfPage\":{\"@id\":\"https:\/\/sandzakpress.net\/arhiva\/konvencija-matice-bosnjacke-u-tutinu-mjesto-gdje-pocinje-vracanje-dostojanstva\/#primaryimage\"},\"image\":{\"@id\":\"https:\/\/sandzakpress.net\/arhiva\/konvencija-matice-bosnjacke-u-tutinu-mjesto-gdje-pocinje-vracanje-dostojanstva\/#primaryimage\"},\"thumbnailUrl\":\"https:\/\/sandzakpress.net\/arhiva\/wp-content\/uploads\/2018\/10\/viber-image-23.jpg\",\"datePublished\":\"2018-10-29T15:04:09+00:00\",\"dateModified\":\"2018-10-29T15:14:47+00:00\",\"breadcrumb\":{\"@id\":\"https:\/\/sandzakpress.net\/arhiva\/konvencija-matice-bosnjacke-u-tutinu-mjesto-gdje-pocinje-vracanje-dostojanstva\/#breadcrumb\"},\"inLanguage\":\"bs-BA\",\"potentialAction\":[{\"@type\":\"ReadAction\",\"target\":[\"https:\/\/sandzakpress.net\/arhiva\/konvencija-matice-bosnjacke-u-tutinu-mjesto-gdje-pocinje-vracanje-dostojanstva\/\"]}]},{\"@type\":\"ImageObject\",\"inLanguage\":\"bs-BA\",\"@id\":\"https:\/\/sandzakpress.net\/arhiva\/konvencija-matice-bosnjacke-u-tutinu-mjesto-gdje-pocinje-vracanje-dostojanstva\/#primaryimage\",\"url\":\"https:\/\/sandzakpress.net\/arhiva\/wp-content\/uploads\/2018\/10\/viber-image-23.jpg\",\"contentUrl\":\"https:\/\/sandzakpress.net\/arhiva\/wp-content\/uploads\/2018\/10\/viber-image-23.jpg\",\"width\":1280,\"height\":730},{\"@type\":\"BreadcrumbList\",\"@id\":\"https:\/\/sandzakpress.net\/arhiva\/konvencija-matice-bosnjacke-u-tutinu-mjesto-gdje-pocinje-vracanje-dostojanstva\/#breadcrumb\",\"itemListElement\":[{\"@type\":\"ListItem\",\"position\":1,\"name\":\"Home\",\"item\":\"https:\/\/sandzakpress.net\/arhiva\/\"},{\"@type\":\"ListItem\",\"position\":2,\"name\":\"Konvencija &#8220;Matice bo\u0161nja\u010dke&#8221; u Tutinu &#8211; Mjesto gdje po\u010dinje vra\u0107anje dostojanstva\"}]},{\"@type\":\"WebSite\",\"@id\":\"https:\/\/sandzakpress.net\/arhiva\/#website\",\"url\":\"https:\/\/sandzakpress.net\/arhiva\/\",\"name\":\"Sand\u017eak PRESS\",\"description\":\"Prve elektronske novine u Sand\u017eaku\",\"publisher\":{\"@id\":\"https:\/\/sandzakpress.net\/arhiva\/#\/schema\/person\/6e72b67d6e51910a1117b3b483ba20bd\"},\"potentialAction\":[{\"@type\":\"SearchAction\",\"target\":{\"@type\":\"EntryPoint\",\"urlTemplate\":\"https:\/\/sandzakpress.net\/arhiva\/?s={search_term_string}\"},\"query-input\":{\"@type\":\"PropertyValueSpecification\",\"valueRequired\":true,\"valueName\":\"search_term_string\"}}],\"inLanguage\":\"bs-BA\"},{\"@type\":[\"Person\",\"Organization\"],\"@id\":\"https:\/\/sandzakpress.net\/arhiva\/#\/schema\/person\/6e72b67d6e51910a1117b3b483ba20bd\",\"name\":\"Kul\",\"image\":{\"@type\":\"ImageObject\",\"inLanguage\":\"bs-BA\",\"@id\":\"https:\/\/sandzakpress.net\/arhiva\/#\/schema\/person\/image\/\",\"url\":\"https:\/\/secure.gravatar.com\/avatar\/42263f39aa27ac04c43cab85c280eb2e?s=96&d=mm&r=pg\",\"contentUrl\":\"https:\/\/secure.gravatar.com\/avatar\/42263f39aa27ac04c43cab85c280eb2e?s=96&d=mm&r=pg\",\"caption\":\"Kul\"},\"logo\":{\"@id\":\"https:\/\/sandzakpress.net\/arhiva\/#\/schema\/person\/image\/\"}},{\"@type\":\"Person\",\"@id\":\"https:\/\/sandzakpress.net\/arhiva\/#\/schema\/person\/cb59d7e3ab91ab90dd680ad0305a6185\",\"name\":\"Agencija\",\"image\":{\"@type\":\"ImageObject\",\"inLanguage\":\"bs-BA\",\"@id\":\"https:\/\/sandzakpress.net\/arhiva\/#\/schema\/person\/image\/\",\"url\":\"https:\/\/secure.gravatar.com\/avatar\/4b7fafa80a22f0c2afe23966b3961fe0?s=96&d=mm&r=pg\",\"contentUrl\":\"https:\/\/secure.gravatar.com\/avatar\/4b7fafa80a22f0c2afe23966b3961fe0?s=96&d=mm&r=pg\",\"caption\":\"Agencija\"},\"url\":\"https:\/\/sandzakpress.net\/arhiva\/author\/agencija\/\"}]}<\/script>\n<!-- \/ Yoast SEO Premium plugin. -->","yoast_head_json":{"title":"Konvencija \"Matice bo\u0161nja\u010dke\" u Tutinu - Mjesto gdje po\u010dinje vra\u0107anje dostojanstva","robots":{"index":"index","follow":"follow","max-snippet":"max-snippet:-1","max-image-preview":"max-image-preview:large","max-video-preview":"max-video-preview:-1"},"canonical":"https:\/\/sandzakpress.net\/arhiva\/konvencija-matice-bosnjacke-u-tutinu-mjesto-gdje-pocinje-vracanje-dostojanstva\/","og_locale":"bs_BA","og_type":"article","og_title":"Konvencija \"Matice bo\u0161nja\u010dke\" u Tutinu - Mjesto gdje po\u010dinje vra\u0107anje dostojanstva","og_description":"Na gradskom trgu u Tutinu odr\u017eana je zavr\u0161na konvencija liste \u201cMatica bo\u0161nja\u010dka \u2013 akademik Muamer Zukorli\u0107 Muftija\u201d.\u00a0\u00a0Na samom po\u010detku prisutnima su predstavljena na\u010dela sa kojima \u0107e lista \u201cMatica bo\u0161nja\u010dka\u201d istupiti na predstoje\u0107e izbore za BNV. Prisutnima se obratio predsjednik Op\u0161tinskog odbora SPP-a u Tutinu i kandidat za vije\u0107nika Zaim Red\u017eepovi\u0107 istakav\u0161i da broj prisutnih na [&hellip;]","og_url":"https:\/\/sandzakpress.net\/arhiva\/konvencija-matice-bosnjacke-u-tutinu-mjesto-gdje-pocinje-vracanje-dostojanstva\/","og_site_name":"Sand\u017eak PRESS","article_published_time":"2018-10-29T15:04:09+00:00","article_modified_time":"2018-10-29T15:14:47+00:00","og_image":[{"width":1280,"height":730,"url":"https:\/\/sandzakpress.net\/arhiva\/wp-content\/uploads\/2018\/10\/viber-image-23.jpg","type":"image\/jpeg"}],"author":"Agencija","twitter_card":"summary_large_image","twitter_misc":{"Written by":"Agencija","Est. reading time":"6 minuta"},"schema":{"@context":"https:\/\/schema.org","@graph":[{"@type":"Article","@id":"https:\/\/sandzakpress.net\/arhiva\/konvencija-matice-bosnjacke-u-tutinu-mjesto-gdje-pocinje-vracanje-dostojanstva\/#article","isPartOf":{"@id":"https:\/\/sandzakpress.net\/arhiva\/konvencija-matice-bosnjacke-u-tutinu-mjesto-gdje-pocinje-vracanje-dostojanstva\/"},"author":{"name":"Agencija","@id":"https:\/\/sandzakpress.net\/arhiva\/#\/schema\/person\/cb59d7e3ab91ab90dd680ad0305a6185"},"headline":"Konvencija &#8220;Matice bo\u0161nja\u010dke&#8221; u Tutinu &#8211; Mjesto gdje po\u010dinje vra\u0107anje dostojanstva","datePublished":"2018-10-29T15:04:09+00:00","dateModified":"2018-10-29T15:14:47+00:00","mainEntityOfPage":{"@id":"https:\/\/sandzakpress.net\/arhiva\/konvencija-matice-bosnjacke-u-tutinu-mjesto-gdje-pocinje-vracanje-dostojanstva\/"},"wordCount":1236,"commentCount":7,"publisher":{"@id":"https:\/\/sandzakpress.net\/arhiva\/#\/schema\/person\/6e72b67d6e51910a1117b3b483ba20bd"},"image":{"@id":"https:\/\/sandzakpress.net\/arhiva\/konvencija-matice-bosnjacke-u-tutinu-mjesto-gdje-pocinje-vracanje-dostojanstva\/#primaryimage"},"thumbnailUrl":"https:\/\/sandzakpress.net\/arhiva\/wp-content\/uploads\/2018\/10\/viber-image-23.jpg","keywords":["muftija Muamer Zukorli\u0107","BDZ","SPP"],"articleSection":["Politika","Tutin","VIJESTI DANA"],"inLanguage":"bs-BA","potentialAction":[{"@type":"CommentAction","name":"Comment","target":["https:\/\/sandzakpress.net\/arhiva\/konvencija-matice-bosnjacke-u-tutinu-mjesto-gdje-pocinje-vracanje-dostojanstva\/#respond"]}]},{"@type":"WebPage","@id":"https:\/\/sandzakpress.net\/arhiva\/konvencija-matice-bosnjacke-u-tutinu-mjesto-gdje-pocinje-vracanje-dostojanstva\/","url":"https:\/\/sandzakpress.net\/arhiva\/konvencija-matice-bosnjacke-u-tutinu-mjesto-gdje-pocinje-vracanje-dostojanstva\/","name":"Konvencija \"Matice bo\u0161nja\u010dke\" u Tutinu - Mjesto gdje po\u010dinje vra\u0107anje dostojanstva","isPartOf":{"@id":"https:\/\/sandzakpress.net\/arhiva\/#website"},"primaryImageOfPage":{"@id":"https:\/\/sandzakpress.net\/arhiva\/konvencija-matice-bosnjacke-u-tutinu-mjesto-gdje-pocinje-vracanje-dostojanstva\/#primaryimage"},"image":{"@id":"https:\/\/sandzakpress.net\/arhiva\/konvencija-matice-bosnjacke-u-tutinu-mjesto-gdje-pocinje-vracanje-dostojanstva\/#primaryimage"},"thumbnailUrl":"https:\/\/sandzakpress.net\/arhiva\/wp-content\/uploads\/2018\/10\/viber-image-23.jpg","datePublished":"2018-10-29T15:04:09+00:00","dateModified":"2018-10-29T15:14:47+00:00","breadcrumb":{"@id":"https:\/\/sandzakpress.net\/arhiva\/konvencija-matice-bosnjacke-u-tutinu-mjesto-gdje-pocinje-vracanje-dostojanstva\/#breadcrumb"},"inLanguage":"bs-BA","potentialAction":[{"@type":"ReadAction","target":["https:\/\/sandzakpress.net\/arhiva\/konvencija-matice-bosnjacke-u-tutinu-mjesto-gdje-pocinje-vracanje-dostojanstva\/"]}]},{"@type":"ImageObject","inLanguage":"bs-BA","@id":"https:\/\/sandzakpress.net\/arhiva\/konvencija-matice-bosnjacke-u-tutinu-mjesto-gdje-pocinje-vracanje-dostojanstva\/#primaryimage","url":"https:\/\/sandzakpress.net\/arhiva\/wp-content\/uploads\/2018\/10\/viber-image-23.jpg","contentUrl":"https:\/\/sandzakpress.net\/arhiva\/wp-content\/uploads\/2018\/10\/viber-image-23.jpg","width":1280,"height":730},{"@type":"BreadcrumbList","@id":"https:\/\/sandzakpress.net\/arhiva\/konvencija-matice-bosnjacke-u-tutinu-mjesto-gdje-pocinje-vracanje-dostojanstva\/#breadcrumb","itemListElement":[{"@type":"ListItem","position":1,"name":"Home","item":"https:\/\/sandzakpress.net\/arhiva\/"},{"@type":"ListItem","position":2,"name":"Konvencija &#8220;Matice bo\u0161nja\u010dke&#8221; u Tutinu &#8211; Mjesto gdje po\u010dinje vra\u0107anje dostojanstva"}]},{"@type":"WebSite","@id":"https:\/\/sandzakpress.net\/arhiva\/#website","url":"https:\/\/sandzakpress.net\/arhiva\/","name":"Sand\u017eak PRESS","description":"Prve elektronske novine u Sand\u017eaku","publisher":{"@id":"https:\/\/sandzakpress.net\/arhiva\/#\/schema\/person\/6e72b67d6e51910a1117b3b483ba20bd"},"potentialAction":[{"@type":"SearchAction","target":{"@type":"EntryPoint","urlTemplate":"https:\/\/sandzakpress.net\/arhiva\/?s={search_term_string}"},"query-input":{"@type":"PropertyValueSpecification","valueRequired":true,"valueName":"search_term_string"}}],"inLanguage":"bs-BA"},{"@type":["Person","Organization"],"@id":"https:\/\/sandzakpress.net\/arhiva\/#\/schema\/person\/6e72b67d6e51910a1117b3b483ba20bd","name":"Kul","image":{"@type":"ImageObject","inLanguage":"bs-BA","@id":"https:\/\/sandzakpress.net\/arhiva\/#\/schema\/person\/image\/","url":"https:\/\/secure.gravatar.com\/avatar\/42263f39aa27ac04c43cab85c280eb2e?s=96&d=mm&r=pg","contentUrl":"https:\/\/secure.gravatar.com\/avatar\/42263f39aa27ac04c43cab85c280eb2e?s=96&d=mm&r=pg","caption":"Kul"},"logo":{"@id":"https:\/\/sandzakpress.net\/arhiva\/#\/schema\/person\/image\/"}},{"@type":"Person","@id":"https:\/\/sandzakpress.net\/arhiva\/#\/schema\/person\/cb59d7e3ab91ab90dd680ad0305a6185","name":"Agencija","image":{"@type":"ImageObject","inLanguage":"bs-BA","@id":"https:\/\/sandzakpress.net\/arhiva\/#\/schema\/person\/image\/","url":"https:\/\/secure.gravatar.com\/avatar\/4b7fafa80a22f0c2afe23966b3961fe0?s=96&d=mm&r=pg","contentUrl":"https:\/\/secure.gravatar.com\/avatar\/4b7fafa80a22f0c2afe23966b3961fe0?s=96&d=mm&r=pg","caption":"Agencija"},"url":"https:\/\/sandzakpress.net\/arhiva\/author\/agencija\/"}]}},"_links":{"self":[{"href":"https:\/\/sandzakpress.net\/arhiva\/wp-json\/wp\/v2\/posts\/213055"}],"collection":[{"href":"https:\/\/sandzakpress.net\/arhiva\/wp-json\/wp\/v2\/posts"}],"about":[{"href":"https:\/\/sandzakpress.net\/arhiva\/wp-json\/wp\/v2\/types\/post"}],"author":[{"embeddable":true,"href":"https:\/\/sandzakpress.net\/arhiva\/wp-json\/wp\/v2\/users\/509"}],"replies":[{"embeddable":true,"href":"https:\/\/sandzakpress.net\/arhiva\/wp-json\/wp\/v2\/comments?post=213055"}],"version-history":[{"count":0,"href":"https:\/\/sandzakpress.net\/arhiva\/wp-json\/wp\/v2\/posts\/213055\/revisions"}],"wp:featuredmedia":[{"embeddable":true,"href":"https:\/\/sandzakpress.net\/arhiva\/wp-json\/wp\/v2\/media\/213057"}],"wp:attachment":[{"href":"https:\/\/sandzakpress.net\/arhiva\/wp-json\/wp\/v2\/media?parent=213055"}],"wp:term":[{"taxonomy":"category","embeddable":true,"href":"https:\/\/sandzakpress.net\/arhiva\/wp-json\/wp\/v2\/categories?post=213055"},{"taxonomy":"post_tag","embeddable":true,"href":"https:\/\/sandzakpress.net\/arhiva\/wp-json\/wp\/v2\/tags?post=213055"}],"curies":[{"name":"wp","href":"https:\/\/api.w.org\/{rel}","templated":true}]}}