{"id":212655,"date":"2018-10-19T12:45:49","date_gmt":"2018-10-19T10:45:49","guid":{"rendered":"https:\/\/sandzakpress.net\/arhiva\/?p=212655"},"modified":"2018-10-19T12:24:18","modified_gmt":"2018-10-19T10:24:18","slug":"u-bijelom-polju-osumnjiceni-za-ubistvo-djecaka-u-beranama-priznao-krivicu","status":"publish","type":"post","link":"https:\/\/sandzakpress.net\/arhiva\/u-bijelom-polju-osumnjiceni-za-ubistvo-djecaka-u-beranama-priznao-krivicu\/","title":{"rendered":"U Bijelom Polju: Osumnji\u010deni za ubistvo dje\u010daka u Beranama priznao krivicu"},"content":{"rendered":"<p><img decoding=\"async\" src=\"http:\/\/www.sandzacke.rs\/wp-content\/uploads\/2018\/10\/sinan-imeri-696x469.jpg\" \/><\/p>\n<p><strong>Devetnaestogodi\u0161nji Sinan Imeri, koji se sumnji\u010di za ubistvo dje\u010daka M.B. (13) u Beranama, priznao je krivicu tokom saslu\u0161anja kod tu\u017eiteljke Nade Bugarin u Bijelom Polju, saznaje nezvani\u010dno TVCG.<\/strong><\/p>\n<p>Podsjetimo, be\u017eivotno tijelo trinaestogodi\u0161njeg dje\u010daka prona\u0111eno je ju\u010de oko 11 sati, a Sinan Imeri je uhap\u0161en nedugo nakon toga.<\/p>\n<p>Osumnji\u010denom Imeriju odre\u0111eno je tu\u017eila\u010dko zadr\u017eavanje do 72 sata, a na teret mu se stavlja krivi\u010dno djelo te\u0161ko ubistvo djeteta.<\/p>\n<p>\u201cImaju\u0107i u vidu da se radi o mla\u0111em punoljetnom licu, njemu mo\u017ee biti izre\u010dena samo maksimalna kazna zatvora do 20 godina\u201d, kazao je tu\u017eilac Hasan Luka\u010d.<\/p>\n<p>Tijelo dje\u010daka upu\u0107eno je na Odjeljenje sudske patologije radi vr\u0161enja obdukcije.<\/p>\n<p>Nestanak dje\u010daka, \u010diji su roditelji izbjeglice sa Kosova, prijavljen je prekju\u010de, a njegovo be\u017eivotno tijelo prona\u0111eno ju\u010de oko 11 \u010dasova u Limu.<\/p>\n<p>\u201cSlu\u017ebenici Uprave policije Centra bezbjednosti Berane identifikovali su i li\u0161ili slobode S.I. (19) iz Berana, zbog sumnje da je li\u0161io \u017eivota maloljetno lice mu\u0161kog pola starosti 13 godina. Ovo krivi\u010dno djelo rasvijetljeno je u kratkom roku. O svemu je obavije\u0161ten dr\u017eavni tu\u017eilac u Vi\u0161em dr\u017eavnom tu\u017eila\u0161tvu u Bijelom Polju koji \u0107e se izjasniti o kvalifikaciji po\u010dinjenog krivi\u010dnog djela iz oblasti krvnih delikata. Tijelo dje\u010daka bi\u0107e upu\u0107eno na Odjeljenje sudske patologije radi vr\u0161enja obdukcije\u201d, saop\u0161tila je ju\u010de Uprava policije.<\/p>\n<p>(Vijesti)<\/p>\n","protected":false},"excerpt":{"rendered":"<p>Devetnaestogodi\u0161nji Sinan Imeri, koji se sumnji\u010di za ubistvo dje\u010daka M.B. (13) u Beranama, priznao je krivicu tokom saslu\u0161anja kod tu\u017eiteljke Nade Bugarin u Bijelom Polju, saznaje nezvani\u010dno TVCG. Podsjetimo, be\u017eivotno tijelo trinaestogodi\u0161njeg dje\u010daka prona\u0111eno je ju\u010de oko 11 sati, a Sinan Imeri je uhap\u0161en nedugo nakon toga. Osumnji\u010denom Imeriju odre\u0111eno je tu\u017eila\u010dko zadr\u017eavanje do 72 [&hellip;]<\/p>\n","protected":false},"author":509,"featured_media":212669,"comment_status":"open","ping_status":"open","sticky":false,"template":"","format":"standard","meta":{"footnotes":""},"categories":[396,801,10429],"tags":[],"class_list":{"0":"post-212655","1":"post","2":"type-post","3":"status-publish","4":"format-standard","5":"has-post-thumbnail","7":"category-bijelo_polje","8":"category-crna_hronika","9":"category-vazno"},"yoast_head":"<!-- This site is optimized with the Yoast SEO Premium plugin v23.1 (Yoast SEO v24.9) - https:\/\/yoast.com\/wordpress\/plugins\/seo\/ -->\n<title>U Bijelom Polju: Osumnji\u010deni za ubistvo dje\u010daka u Beranama priznao krivicu<\/title>\n<meta name=\"robots\" content=\"index, follow, max-snippet:-1, max-image-preview:large, max-video-preview:-1\" \/>\n<link rel=\"canonical\" href=\"https:\/\/sandzakpress.net\/arhiva\/u-bijelom-polju-osumnjiceni-za-ubistvo-djecaka-u-beranama-priznao-krivicu\/\" \/>\n<meta property=\"og:locale\" content=\"bs_BA\" \/>\n<meta property=\"og:type\" content=\"article\" \/>\n<meta property=\"og:title\" content=\"U Bijelom Polju: Osumnji\u010deni za ubistvo dje\u010daka u Beranama priznao krivicu\" \/>\n<meta property=\"og:description\" content=\"Devetnaestogodi\u0161nji Sinan Imeri, koji se sumnji\u010di za ubistvo dje\u010daka M.B. (13) u Beranama, priznao je krivicu tokom saslu\u0161anja kod tu\u017eiteljke Nade Bugarin u Bijelom Polju, saznaje nezvani\u010dno TVCG. Podsjetimo, be\u017eivotno tijelo trinaestogodi\u0161njeg dje\u010daka prona\u0111eno je ju\u010de oko 11 sati, a Sinan Imeri je uhap\u0161en nedugo nakon toga. Osumnji\u010denom Imeriju odre\u0111eno je tu\u017eila\u010dko zadr\u017eavanje do 72 [&hellip;]\" \/>\n<meta property=\"og:url\" content=\"https:\/\/sandzakpress.net\/arhiva\/u-bijelom-polju-osumnjiceni-za-ubistvo-djecaka-u-beranama-priznao-krivicu\/\" \/>\n<meta property=\"og:site_name\" content=\"Sand\u017eak PRESS\" \/>\n<meta property=\"article:published_time\" content=\"2018-10-19T10:45:49+00:00\" \/>\n<meta property=\"og:image\" content=\"https:\/\/sandzakpress.net\/arhiva\/wp-content\/uploads\/2018\/10\/sinan-imeri-696x469.jpg\" \/>\n\t<meta property=\"og:image:width\" content=\"696\" \/>\n\t<meta property=\"og:image:height\" content=\"469\" \/>\n\t<meta property=\"og:image:type\" content=\"image\/jpeg\" \/>\n<meta name=\"author\" content=\"Agencija\" \/>\n<meta name=\"twitter:card\" content=\"summary_large_image\" \/>\n<meta name=\"twitter:label1\" content=\"Written by\" \/>\n\t<meta name=\"twitter:data1\" content=\"Agencija\" \/>\n\t<meta name=\"twitter:label2\" content=\"Est. reading time\" \/>\n\t<meta name=\"twitter:data2\" content=\"1 minuta\" \/>\n<script type=\"application\/ld+json\" class=\"yoast-schema-graph\">{\"@context\":\"https:\/\/schema.org\",\"@graph\":[{\"@type\":\"Article\",\"@id\":\"https:\/\/sandzakpress.net\/arhiva\/u-bijelom-polju-osumnjiceni-za-ubistvo-djecaka-u-beranama-priznao-krivicu\/#article\",\"isPartOf\":{\"@id\":\"https:\/\/sandzakpress.net\/arhiva\/u-bijelom-polju-osumnjiceni-za-ubistvo-djecaka-u-beranama-priznao-krivicu\/\"},\"author\":{\"name\":\"Agencija\",\"@id\":\"https:\/\/sandzakpress.net\/arhiva\/#\/schema\/person\/cb59d7e3ab91ab90dd680ad0305a6185\"},\"headline\":\"U Bijelom Polju: Osumnji\u010deni za ubistvo dje\u010daka u Beranama priznao krivicu\",\"datePublished\":\"2018-10-19T10:45:49+00:00\",\"mainEntityOfPage\":{\"@id\":\"https:\/\/sandzakpress.net\/arhiva\/u-bijelom-polju-osumnjiceni-za-ubistvo-djecaka-u-beranama-priznao-krivicu\/\"},\"wordCount\":265,\"commentCount\":1,\"publisher\":{\"@id\":\"https:\/\/sandzakpress.net\/arhiva\/#\/schema\/person\/6e72b67d6e51910a1117b3b483ba20bd\"},\"image\":{\"@id\":\"https:\/\/sandzakpress.net\/arhiva\/u-bijelom-polju-osumnjiceni-za-ubistvo-djecaka-u-beranama-priznao-krivicu\/#primaryimage\"},\"thumbnailUrl\":\"https:\/\/sandzakpress.net\/arhiva\/wp-content\/uploads\/2018\/10\/sinan-imeri-696x469.jpg\",\"articleSection\":[\"Bijelo Polje\",\"Hronika\",\"VA\u017dNO!\"],\"inLanguage\":\"bs-BA\",\"potentialAction\":[{\"@type\":\"CommentAction\",\"name\":\"Comment\",\"target\":[\"https:\/\/sandzakpress.net\/arhiva\/u-bijelom-polju-osumnjiceni-za-ubistvo-djecaka-u-beranama-priznao-krivicu\/#respond\"]}]},{\"@type\":\"WebPage\",\"@id\":\"https:\/\/sandzakpress.net\/arhiva\/u-bijelom-polju-osumnjiceni-za-ubistvo-djecaka-u-beranama-priznao-krivicu\/\",\"url\":\"https:\/\/sandzakpress.net\/arhiva\/u-bijelom-polju-osumnjiceni-za-ubistvo-djecaka-u-beranama-priznao-krivicu\/\",\"name\":\"U Bijelom Polju: Osumnji\u010deni za ubistvo dje\u010daka u Beranama priznao krivicu\",\"isPartOf\":{\"@id\":\"https:\/\/sandzakpress.net\/arhiva\/#website\"},\"primaryImageOfPage\":{\"@id\":\"https:\/\/sandzakpress.net\/arhiva\/u-bijelom-polju-osumnjiceni-za-ubistvo-djecaka-u-beranama-priznao-krivicu\/#primaryimage\"},\"image\":{\"@id\":\"https:\/\/sandzakpress.net\/arhiva\/u-bijelom-polju-osumnjiceni-za-ubistvo-djecaka-u-beranama-priznao-krivicu\/#primaryimage\"},\"thumbnailUrl\":\"https:\/\/sandzakpress.net\/arhiva\/wp-content\/uploads\/2018\/10\/sinan-imeri-696x469.jpg\",\"datePublished\":\"2018-10-19T10:45:49+00:00\",\"breadcrumb\":{\"@id\":\"https:\/\/sandzakpress.net\/arhiva\/u-bijelom-polju-osumnjiceni-za-ubistvo-djecaka-u-beranama-priznao-krivicu\/#breadcrumb\"},\"inLanguage\":\"bs-BA\",\"potentialAction\":[{\"@type\":\"ReadAction\",\"target\":[\"https:\/\/sandzakpress.net\/arhiva\/u-bijelom-polju-osumnjiceni-za-ubistvo-djecaka-u-beranama-priznao-krivicu\/\"]}]},{\"@type\":\"ImageObject\",\"inLanguage\":\"bs-BA\",\"@id\":\"https:\/\/sandzakpress.net\/arhiva\/u-bijelom-polju-osumnjiceni-za-ubistvo-djecaka-u-beranama-priznao-krivicu\/#primaryimage\",\"url\":\"https:\/\/sandzakpress.net\/arhiva\/wp-content\/uploads\/2018\/10\/sinan-imeri-696x469.jpg\",\"contentUrl\":\"https:\/\/sandzakpress.net\/arhiva\/wp-content\/uploads\/2018\/10\/sinan-imeri-696x469.jpg\",\"width\":696,\"height\":469},{\"@type\":\"BreadcrumbList\",\"@id\":\"https:\/\/sandzakpress.net\/arhiva\/u-bijelom-polju-osumnjiceni-za-ubistvo-djecaka-u-beranama-priznao-krivicu\/#breadcrumb\",\"itemListElement\":[{\"@type\":\"ListItem\",\"position\":1,\"name\":\"Home\",\"item\":\"https:\/\/sandzakpress.net\/arhiva\/\"},{\"@type\":\"ListItem\",\"position\":2,\"name\":\"U Bijelom Polju: Osumnji\u010deni za ubistvo dje\u010daka u Beranama priznao krivicu\"}]},{\"@type\":\"WebSite\",\"@id\":\"https:\/\/sandzakpress.net\/arhiva\/#website\",\"url\":\"https:\/\/sandzakpress.net\/arhiva\/\",\"name\":\"Sand\u017eak PRESS\",\"description\":\"Prve elektronske novine u Sand\u017eaku\",\"publisher\":{\"@id\":\"https:\/\/sandzakpress.net\/arhiva\/#\/schema\/person\/6e72b67d6e51910a1117b3b483ba20bd\"},\"potentialAction\":[{\"@type\":\"SearchAction\",\"target\":{\"@type\":\"EntryPoint\",\"urlTemplate\":\"https:\/\/sandzakpress.net\/arhiva\/?s={search_term_string}\"},\"query-input\":{\"@type\":\"PropertyValueSpecification\",\"valueRequired\":true,\"valueName\":\"search_term_string\"}}],\"inLanguage\":\"bs-BA\"},{\"@type\":[\"Person\",\"Organization\"],\"@id\":\"https:\/\/sandzakpress.net\/arhiva\/#\/schema\/person\/6e72b67d6e51910a1117b3b483ba20bd\",\"name\":\"Kul\",\"image\":{\"@type\":\"ImageObject\",\"inLanguage\":\"bs-BA\",\"@id\":\"https:\/\/sandzakpress.net\/arhiva\/#\/schema\/person\/image\/\",\"url\":\"https:\/\/secure.gravatar.com\/avatar\/42263f39aa27ac04c43cab85c280eb2e?s=96&d=mm&r=pg\",\"contentUrl\":\"https:\/\/secure.gravatar.com\/avatar\/42263f39aa27ac04c43cab85c280eb2e?s=96&d=mm&r=pg\",\"caption\":\"Kul\"},\"logo\":{\"@id\":\"https:\/\/sandzakpress.net\/arhiva\/#\/schema\/person\/image\/\"}},{\"@type\":\"Person\",\"@id\":\"https:\/\/sandzakpress.net\/arhiva\/#\/schema\/person\/cb59d7e3ab91ab90dd680ad0305a6185\",\"name\":\"Agencija\",\"image\":{\"@type\":\"ImageObject\",\"inLanguage\":\"bs-BA\",\"@id\":\"https:\/\/sandzakpress.net\/arhiva\/#\/schema\/person\/image\/\",\"url\":\"https:\/\/secure.gravatar.com\/avatar\/4b7fafa80a22f0c2afe23966b3961fe0?s=96&d=mm&r=pg\",\"contentUrl\":\"https:\/\/secure.gravatar.com\/avatar\/4b7fafa80a22f0c2afe23966b3961fe0?s=96&d=mm&r=pg\",\"caption\":\"Agencija\"},\"url\":\"https:\/\/sandzakpress.net\/arhiva\/author\/agencija\/\"}]}<\/script>\n<!-- \/ Yoast SEO Premium plugin. -->","yoast_head_json":{"title":"U Bijelom Polju: Osumnji\u010deni za ubistvo dje\u010daka u Beranama priznao krivicu","robots":{"index":"index","follow":"follow","max-snippet":"max-snippet:-1","max-image-preview":"max-image-preview:large","max-video-preview":"max-video-preview:-1"},"canonical":"https:\/\/sandzakpress.net\/arhiva\/u-bijelom-polju-osumnjiceni-za-ubistvo-djecaka-u-beranama-priznao-krivicu\/","og_locale":"bs_BA","og_type":"article","og_title":"U Bijelom Polju: Osumnji\u010deni za ubistvo dje\u010daka u Beranama priznao krivicu","og_description":"Devetnaestogodi\u0161nji Sinan Imeri, koji se sumnji\u010di za ubistvo dje\u010daka M.B. (13) u Beranama, priznao je krivicu tokom saslu\u0161anja kod tu\u017eiteljke Nade Bugarin u Bijelom Polju, saznaje nezvani\u010dno TVCG. Podsjetimo, be\u017eivotno tijelo trinaestogodi\u0161njeg dje\u010daka prona\u0111eno je ju\u010de oko 11 sati, a Sinan Imeri je uhap\u0161en nedugo nakon toga. Osumnji\u010denom Imeriju odre\u0111eno je tu\u017eila\u010dko zadr\u017eavanje do 72 [&hellip;]","og_url":"https:\/\/sandzakpress.net\/arhiva\/u-bijelom-polju-osumnjiceni-za-ubistvo-djecaka-u-beranama-priznao-krivicu\/","og_site_name":"Sand\u017eak PRESS","article_published_time":"2018-10-19T10:45:49+00:00","og_image":[{"width":696,"height":469,"url":"https:\/\/sandzakpress.net\/arhiva\/wp-content\/uploads\/2018\/10\/sinan-imeri-696x469.jpg","type":"image\/jpeg"}],"author":"Agencija","twitter_card":"summary_large_image","twitter_misc":{"Written by":"Agencija","Est. reading time":"1 minuta"},"schema":{"@context":"https:\/\/schema.org","@graph":[{"@type":"Article","@id":"https:\/\/sandzakpress.net\/arhiva\/u-bijelom-polju-osumnjiceni-za-ubistvo-djecaka-u-beranama-priznao-krivicu\/#article","isPartOf":{"@id":"https:\/\/sandzakpress.net\/arhiva\/u-bijelom-polju-osumnjiceni-za-ubistvo-djecaka-u-beranama-priznao-krivicu\/"},"author":{"name":"Agencija","@id":"https:\/\/sandzakpress.net\/arhiva\/#\/schema\/person\/cb59d7e3ab91ab90dd680ad0305a6185"},"headline":"U Bijelom Polju: Osumnji\u010deni za ubistvo dje\u010daka u Beranama priznao krivicu","datePublished":"2018-10-19T10:45:49+00:00","mainEntityOfPage":{"@id":"https:\/\/sandzakpress.net\/arhiva\/u-bijelom-polju-osumnjiceni-za-ubistvo-djecaka-u-beranama-priznao-krivicu\/"},"wordCount":265,"commentCount":1,"publisher":{"@id":"https:\/\/sandzakpress.net\/arhiva\/#\/schema\/person\/6e72b67d6e51910a1117b3b483ba20bd"},"image":{"@id":"https:\/\/sandzakpress.net\/arhiva\/u-bijelom-polju-osumnjiceni-za-ubistvo-djecaka-u-beranama-priznao-krivicu\/#primaryimage"},"thumbnailUrl":"https:\/\/sandzakpress.net\/arhiva\/wp-content\/uploads\/2018\/10\/sinan-imeri-696x469.jpg","articleSection":["Bijelo Polje","Hronika","VA\u017dNO!"],"inLanguage":"bs-BA","potentialAction":[{"@type":"CommentAction","name":"Comment","target":["https:\/\/sandzakpress.net\/arhiva\/u-bijelom-polju-osumnjiceni-za-ubistvo-djecaka-u-beranama-priznao-krivicu\/#respond"]}]},{"@type":"WebPage","@id":"https:\/\/sandzakpress.net\/arhiva\/u-bijelom-polju-osumnjiceni-za-ubistvo-djecaka-u-beranama-priznao-krivicu\/","url":"https:\/\/sandzakpress.net\/arhiva\/u-bijelom-polju-osumnjiceni-za-ubistvo-djecaka-u-beranama-priznao-krivicu\/","name":"U Bijelom Polju: Osumnji\u010deni za ubistvo dje\u010daka u Beranama priznao krivicu","isPartOf":{"@id":"https:\/\/sandzakpress.net\/arhiva\/#website"},"primaryImageOfPage":{"@id":"https:\/\/sandzakpress.net\/arhiva\/u-bijelom-polju-osumnjiceni-za-ubistvo-djecaka-u-beranama-priznao-krivicu\/#primaryimage"},"image":{"@id":"https:\/\/sandzakpress.net\/arhiva\/u-bijelom-polju-osumnjiceni-za-ubistvo-djecaka-u-beranama-priznao-krivicu\/#primaryimage"},"thumbnailUrl":"https:\/\/sandzakpress.net\/arhiva\/wp-content\/uploads\/2018\/10\/sinan-imeri-696x469.jpg","datePublished":"2018-10-19T10:45:49+00:00","breadcrumb":{"@id":"https:\/\/sandzakpress.net\/arhiva\/u-bijelom-polju-osumnjiceni-za-ubistvo-djecaka-u-beranama-priznao-krivicu\/#breadcrumb"},"inLanguage":"bs-BA","potentialAction":[{"@type":"ReadAction","target":["https:\/\/sandzakpress.net\/arhiva\/u-bijelom-polju-osumnjiceni-za-ubistvo-djecaka-u-beranama-priznao-krivicu\/"]}]},{"@type":"ImageObject","inLanguage":"bs-BA","@id":"https:\/\/sandzakpress.net\/arhiva\/u-bijelom-polju-osumnjiceni-za-ubistvo-djecaka-u-beranama-priznao-krivicu\/#primaryimage","url":"https:\/\/sandzakpress.net\/arhiva\/wp-content\/uploads\/2018\/10\/sinan-imeri-696x469.jpg","contentUrl":"https:\/\/sandzakpress.net\/arhiva\/wp-content\/uploads\/2018\/10\/sinan-imeri-696x469.jpg","width":696,"height":469},{"@type":"BreadcrumbList","@id":"https:\/\/sandzakpress.net\/arhiva\/u-bijelom-polju-osumnjiceni-za-ubistvo-djecaka-u-beranama-priznao-krivicu\/#breadcrumb","itemListElement":[{"@type":"ListItem","position":1,"name":"Home","item":"https:\/\/sandzakpress.net\/arhiva\/"},{"@type":"ListItem","position":2,"name":"U Bijelom Polju: Osumnji\u010deni za ubistvo dje\u010daka u Beranama priznao krivicu"}]},{"@type":"WebSite","@id":"https:\/\/sandzakpress.net\/arhiva\/#website","url":"https:\/\/sandzakpress.net\/arhiva\/","name":"Sand\u017eak PRESS","description":"Prve elektronske novine u Sand\u017eaku","publisher":{"@id":"https:\/\/sandzakpress.net\/arhiva\/#\/schema\/person\/6e72b67d6e51910a1117b3b483ba20bd"},"potentialAction":[{"@type":"SearchAction","target":{"@type":"EntryPoint","urlTemplate":"https:\/\/sandzakpress.net\/arhiva\/?s={search_term_string}"},"query-input":{"@type":"PropertyValueSpecification","valueRequired":true,"valueName":"search_term_string"}}],"inLanguage":"bs-BA"},{"@type":["Person","Organization"],"@id":"https:\/\/sandzakpress.net\/arhiva\/#\/schema\/person\/6e72b67d6e51910a1117b3b483ba20bd","name":"Kul","image":{"@type":"ImageObject","inLanguage":"bs-BA","@id":"https:\/\/sandzakpress.net\/arhiva\/#\/schema\/person\/image\/","url":"https:\/\/secure.gravatar.com\/avatar\/42263f39aa27ac04c43cab85c280eb2e?s=96&d=mm&r=pg","contentUrl":"https:\/\/secure.gravatar.com\/avatar\/42263f39aa27ac04c43cab85c280eb2e?s=96&d=mm&r=pg","caption":"Kul"},"logo":{"@id":"https:\/\/sandzakpress.net\/arhiva\/#\/schema\/person\/image\/"}},{"@type":"Person","@id":"https:\/\/sandzakpress.net\/arhiva\/#\/schema\/person\/cb59d7e3ab91ab90dd680ad0305a6185","name":"Agencija","image":{"@type":"ImageObject","inLanguage":"bs-BA","@id":"https:\/\/sandzakpress.net\/arhiva\/#\/schema\/person\/image\/","url":"https:\/\/secure.gravatar.com\/avatar\/4b7fafa80a22f0c2afe23966b3961fe0?s=96&d=mm&r=pg","contentUrl":"https:\/\/secure.gravatar.com\/avatar\/4b7fafa80a22f0c2afe23966b3961fe0?s=96&d=mm&r=pg","caption":"Agencija"},"url":"https:\/\/sandzakpress.net\/arhiva\/author\/agencija\/"}]}},"_links":{"self":[{"href":"https:\/\/sandzakpress.net\/arhiva\/wp-json\/wp\/v2\/posts\/212655"}],"collection":[{"href":"https:\/\/sandzakpress.net\/arhiva\/wp-json\/wp\/v2\/posts"}],"about":[{"href":"https:\/\/sandzakpress.net\/arhiva\/wp-json\/wp\/v2\/types\/post"}],"author":[{"embeddable":true,"href":"https:\/\/sandzakpress.net\/arhiva\/wp-json\/wp\/v2\/users\/509"}],"replies":[{"embeddable":true,"href":"https:\/\/sandzakpress.net\/arhiva\/wp-json\/wp\/v2\/comments?post=212655"}],"version-history":[{"count":0,"href":"https:\/\/sandzakpress.net\/arhiva\/wp-json\/wp\/v2\/posts\/212655\/revisions"}],"wp:featuredmedia":[{"embeddable":true,"href":"https:\/\/sandzakpress.net\/arhiva\/wp-json\/wp\/v2\/media\/212669"}],"wp:attachment":[{"href":"https:\/\/sandzakpress.net\/arhiva\/wp-json\/wp\/v2\/media?parent=212655"}],"wp:term":[{"taxonomy":"category","embeddable":true,"href":"https:\/\/sandzakpress.net\/arhiva\/wp-json\/wp\/v2\/categories?post=212655"},{"taxonomy":"post_tag","embeddable":true,"href":"https:\/\/sandzakpress.net\/arhiva\/wp-json\/wp\/v2\/tags?post=212655"}],"curies":[{"name":"wp","href":"https:\/\/api.w.org\/{rel}","templated":true}]}}