{"id":212478,"date":"2018-10-14T11:10:53","date_gmt":"2018-10-14T09:10:53","guid":{"rendered":"https:\/\/sandzakpress.net\/arhiva\/?p=212478"},"modified":"2018-10-14T22:14:15","modified_gmt":"2018-10-14T20:14:15","slug":"kada-dovedemo-na-vlast-poverljive-mozemo-se-smatrati-zasticenim","status":"publish","type":"post","link":"https:\/\/sandzakpress.net\/arhiva\/kada-dovedemo-na-vlast-poverljive-mozemo-se-smatrati-zasticenim\/","title":{"rendered":"Kada dovedemo na vlast povjerljive mo\u017eemo se smatrati za\u0161ti\u0107enim"},"content":{"rendered":"<p><img loading=\"lazy\" decoding=\"async\" class=\"size-full wp-image-212479 aligncenter\" src=\"https:\/\/sandzakpress.net\/arhiva\/wp-content\/uploads\/2018\/10\/13509089_10209643672627623_4325365141865131972_n.jpg\" alt=\"\" width=\"949\" height=\"960\" srcset=\"https:\/\/sandzakpress.net\/arhiva\/wp-content\/uploads\/2018\/10\/13509089_10209643672627623_4325365141865131972_n.jpg 949w, https:\/\/sandzakpress.net\/arhiva\/wp-content\/uploads\/2018\/10\/13509089_10209643672627623_4325365141865131972_n-768x777.jpg 768w, https:\/\/sandzakpress.net\/arhiva\/wp-content\/uploads\/2018\/10\/13509089_10209643672627623_4325365141865131972_n-616x623.jpg 616w, https:\/\/sandzakpress.net\/arhiva\/wp-content\/uploads\/2018\/10\/13509089_10209643672627623_4325365141865131972_n-64x64.jpg 64w, https:\/\/sandzakpress.net\/arhiva\/wp-content\/uploads\/2018\/10\/13509089_10209643672627623_4325365141865131972_n-125x125.jpg 125w\" sizes=\"(max-width: 949px) 100vw, 949px\" \/><\/p>\n<p>Pre\u010desto smo svjedoci doga\u0111aja na koje ne mo\u017eemo uticati. Doga\u0111aja koji nas ostave bez rije\u010di, koji nas natjeraju da se povu\u010demo u nekakav svoj svijet, nebrojano puta bolji od onog u kom obitavamo, gdje nema nikakvog rizika ho\u0107emo li se kome zamjeriti i odakle mo\u017eemo svima biti &#8220;dobri&#8221;. No, je li ispravno to? Da li nam vjera nala\u017ee da tako postupamo pred problemima, il ne daj Bo\u017ee nepravdom?<\/p>\n<p>Naravno da NE.<\/p>\n<p>Insan nije stvoren za takav \u017eivot, nije mu to svrha. Ne smije od sebe praviti slabi\u0107a koji \u0107e na svaki problem bje\u017eati u neki svoj svijet, ne smije od sebe praviti nekog ko \u0107e biti mufta\u010d tu\u0111e pomo\u0107i, nekog ko \u0107e \u010dekati da se stvari same od sebe isprave. \u010covjek je stvoren, prije svega, da je pokoran samo jednom jedinom Bogu, Allahu d\u017e. \u0161. Stvoren je da se bori na na\u010din koji mu je propisao Onaj koji ga je stvorio, da se bori za sebe, svoju porodicu, kom\u0161ije i zajednicu.<\/p>\n<p>U toj borbi \u0107e nai\u0107i na one koji \u0107e mu zamjeriti, ometati ga u onome \u0161to mu je misija, neki \u0107e dobronamjerno govoriti &#8220;\u0161ta \u0107e ti to&#8221;, &#8220;ima ko \u0107e to rje\u0161avati&#8221; i tako u nedogled dok nama biva sve gore i gore. Bra\u0107o i sestre, kao \u0161to sebe sre\u0111ujemo pred polazak u d\u017eamiju, izlazak do grada, odlazak na neki bitan sastanak, kao \u0161to sre\u0111ujemo svoju sobu, ku\u0107u il avliju, jednako smo u obavezi da sre\u0111ujemo i svoju \u010dar\u0161iju il zajednicu kojoj pripadamo. Kao \u0161to nam je obaveza da sve ono \u0161to smatramo ne\u010disto\u0107om i korovom uklanjamo iz ambijenta u kom obitavamo, da sve \u0161to nije na svom mjestu pomi\u010demo tra\u017ee\u0107i mu adekvatno mjesto, jednako smo du\u017eni da to \u010dinimo i sa onima koji imaju vlast nad nama.<\/p>\n<p>Oni koji ne rade posao za koji su odgovorni valja zamijeniti onima koji \u0107e to \u010diniti kako valja. Svakog nesposobnog visokopozicioniranog trebamo mijenjati onim koji \u0107e biti svjestan preuzetog emaneta, koji \u0107e raditi za dobro zajednice, za dobro \u010dar\u0161ije i svakog pojedinca u njoj. Kada uspijemo dovesti na vlast one koji su povjerljivi, bogobojazni i svjesni odgovornosti koju nosi povjereni im emanet mo\u017eemo se smatrati za\u0161ti\u0107enim u svojim ku\u0107ama, na ulici, u \u010dar\u0161iji. Sve do tad uzima\u0107emo ibret zbog onog \u0161to nam se de\u0161ava, sebi\u010dno sretni \u0161to nije ba\u0161 nas zadesilo, zaboravljaju\u0107i da je umet kao tijelo i da koji god dio tijela zaboli patit \u0107e cijelo tijelo.<\/p>\n<p>Autor: Emir Hamidovi\u0107<\/p>\n","protected":false},"excerpt":{"rendered":"<p>Pre\u010desto smo svjedoci doga\u0111aja na koje ne mo\u017eemo uticati. Doga\u0111aja koji nas ostave bez rije\u010di, koji nas natjeraju da se povu\u010demo u nekakav svoj svijet, nebrojano puta bolji od onog u kom obitavamo, gdje nema nikakvog rizika ho\u0107emo li se kome zamjeriti i odakle mo\u017eemo svima biti &#8220;dobri&#8221;. No, je li ispravno to? Da li [&hellip;]<\/p>\n","protected":false},"author":509,"featured_media":212479,"comment_status":"open","ping_status":"open","sticky":false,"template":"","format":"standard","meta":{"footnotes":""},"categories":[10196],"tags":[],"class_list":{"0":"post-212478","1":"post","2":"type-post","3":"status-publish","4":"format-standard","5":"has-post-thumbnail","7":"category-iz-pera-nasih-autora"},"yoast_head":"<!-- This site is optimized with the Yoast SEO Premium plugin v23.1 (Yoast SEO v24.9) - https:\/\/yoast.com\/wordpress\/plugins\/seo\/ -->\n<title>Kada dovedemo na vlast povjerljive mo\u017eemo se smatrati za\u0161ti\u0107enim<\/title>\n<meta name=\"robots\" content=\"index, follow, max-snippet:-1, max-image-preview:large, max-video-preview:-1\" \/>\n<link rel=\"canonical\" href=\"https:\/\/sandzakpress.net\/arhiva\/kada-dovedemo-na-vlast-poverljive-mozemo-se-smatrati-zasticenim\/\" \/>\n<meta property=\"og:locale\" content=\"bs_BA\" \/>\n<meta property=\"og:type\" content=\"article\" \/>\n<meta property=\"og:title\" content=\"Kada dovedemo na vlast povjerljive mo\u017eemo se smatrati za\u0161ti\u0107enim\" \/>\n<meta property=\"og:description\" content=\"Pre\u010desto smo svjedoci doga\u0111aja na koje ne mo\u017eemo uticati. Doga\u0111aja koji nas ostave bez rije\u010di, koji nas natjeraju da se povu\u010demo u nekakav svoj svijet, nebrojano puta bolji od onog u kom obitavamo, gdje nema nikakvog rizika ho\u0107emo li se kome zamjeriti i odakle mo\u017eemo svima biti &#8220;dobri&#8221;. No, je li ispravno to? Da li [&hellip;]\" \/>\n<meta property=\"og:url\" content=\"https:\/\/sandzakpress.net\/arhiva\/kada-dovedemo-na-vlast-poverljive-mozemo-se-smatrati-zasticenim\/\" \/>\n<meta property=\"og:site_name\" content=\"Sand\u017eak PRESS\" \/>\n<meta property=\"article:published_time\" content=\"2018-10-14T09:10:53+00:00\" \/>\n<meta property=\"article:modified_time\" content=\"2018-10-14T20:14:15+00:00\" \/>\n<meta property=\"og:image\" content=\"https:\/\/sandzakpress.net\/arhiva\/wp-content\/uploads\/2018\/10\/13509089_10209643672627623_4325365141865131972_n.jpg\" \/>\n\t<meta property=\"og:image:width\" content=\"949\" \/>\n\t<meta property=\"og:image:height\" content=\"960\" \/>\n\t<meta property=\"og:image:type\" content=\"image\/jpeg\" \/>\n<meta name=\"author\" content=\"Agencija\" \/>\n<meta name=\"twitter:card\" content=\"summary_large_image\" \/>\n<meta name=\"twitter:label1\" content=\"Written by\" \/>\n\t<meta name=\"twitter:data1\" content=\"Agencija\" \/>\n\t<meta name=\"twitter:label2\" content=\"Est. reading time\" \/>\n\t<meta name=\"twitter:data2\" content=\"2 minute\" \/>\n<script type=\"application\/ld+json\" class=\"yoast-schema-graph\">{\"@context\":\"https:\/\/schema.org\",\"@graph\":[{\"@type\":\"Article\",\"@id\":\"https:\/\/sandzakpress.net\/arhiva\/kada-dovedemo-na-vlast-poverljive-mozemo-se-smatrati-zasticenim\/#article\",\"isPartOf\":{\"@id\":\"https:\/\/sandzakpress.net\/arhiva\/kada-dovedemo-na-vlast-poverljive-mozemo-se-smatrati-zasticenim\/\"},\"author\":{\"name\":\"Agencija\",\"@id\":\"https:\/\/sandzakpress.net\/arhiva\/#\/schema\/person\/cb59d7e3ab91ab90dd680ad0305a6185\"},\"headline\":\"Kada dovedemo na vlast povjerljive mo\u017eemo se smatrati za\u0161ti\u0107enim\",\"datePublished\":\"2018-10-14T09:10:53+00:00\",\"dateModified\":\"2018-10-14T20:14:15+00:00\",\"mainEntityOfPage\":{\"@id\":\"https:\/\/sandzakpress.net\/arhiva\/kada-dovedemo-na-vlast-poverljive-mozemo-se-smatrati-zasticenim\/\"},\"wordCount\":452,\"commentCount\":0,\"publisher\":{\"@id\":\"https:\/\/sandzakpress.net\/arhiva\/#\/schema\/person\/6e72b67d6e51910a1117b3b483ba20bd\"},\"image\":{\"@id\":\"https:\/\/sandzakpress.net\/arhiva\/kada-dovedemo-na-vlast-poverljive-mozemo-se-smatrati-zasticenim\/#primaryimage\"},\"thumbnailUrl\":\"https:\/\/sandzakpress.net\/arhiva\/wp-content\/uploads\/2018\/10\/13509089_10209643672627623_4325365141865131972_n.jpg\",\"articleSection\":[\"Iz pera na\u0161ih autora\"],\"inLanguage\":\"bs-BA\",\"potentialAction\":[{\"@type\":\"CommentAction\",\"name\":\"Comment\",\"target\":[\"https:\/\/sandzakpress.net\/arhiva\/kada-dovedemo-na-vlast-poverljive-mozemo-se-smatrati-zasticenim\/#respond\"]}]},{\"@type\":\"WebPage\",\"@id\":\"https:\/\/sandzakpress.net\/arhiva\/kada-dovedemo-na-vlast-poverljive-mozemo-se-smatrati-zasticenim\/\",\"url\":\"https:\/\/sandzakpress.net\/arhiva\/kada-dovedemo-na-vlast-poverljive-mozemo-se-smatrati-zasticenim\/\",\"name\":\"Kada dovedemo na vlast povjerljive mo\u017eemo se smatrati za\u0161ti\u0107enim\",\"isPartOf\":{\"@id\":\"https:\/\/sandzakpress.net\/arhiva\/#website\"},\"primaryImageOfPage\":{\"@id\":\"https:\/\/sandzakpress.net\/arhiva\/kada-dovedemo-na-vlast-poverljive-mozemo-se-smatrati-zasticenim\/#primaryimage\"},\"image\":{\"@id\":\"https:\/\/sandzakpress.net\/arhiva\/kada-dovedemo-na-vlast-poverljive-mozemo-se-smatrati-zasticenim\/#primaryimage\"},\"thumbnailUrl\":\"https:\/\/sandzakpress.net\/arhiva\/wp-content\/uploads\/2018\/10\/13509089_10209643672627623_4325365141865131972_n.jpg\",\"datePublished\":\"2018-10-14T09:10:53+00:00\",\"dateModified\":\"2018-10-14T20:14:15+00:00\",\"breadcrumb\":{\"@id\":\"https:\/\/sandzakpress.net\/arhiva\/kada-dovedemo-na-vlast-poverljive-mozemo-se-smatrati-zasticenim\/#breadcrumb\"},\"inLanguage\":\"bs-BA\",\"potentialAction\":[{\"@type\":\"ReadAction\",\"target\":[\"https:\/\/sandzakpress.net\/arhiva\/kada-dovedemo-na-vlast-poverljive-mozemo-se-smatrati-zasticenim\/\"]}]},{\"@type\":\"ImageObject\",\"inLanguage\":\"bs-BA\",\"@id\":\"https:\/\/sandzakpress.net\/arhiva\/kada-dovedemo-na-vlast-poverljive-mozemo-se-smatrati-zasticenim\/#primaryimage\",\"url\":\"https:\/\/sandzakpress.net\/arhiva\/wp-content\/uploads\/2018\/10\/13509089_10209643672627623_4325365141865131972_n.jpg\",\"contentUrl\":\"https:\/\/sandzakpress.net\/arhiva\/wp-content\/uploads\/2018\/10\/13509089_10209643672627623_4325365141865131972_n.jpg\",\"width\":949,\"height\":960},{\"@type\":\"BreadcrumbList\",\"@id\":\"https:\/\/sandzakpress.net\/arhiva\/kada-dovedemo-na-vlast-poverljive-mozemo-se-smatrati-zasticenim\/#breadcrumb\",\"itemListElement\":[{\"@type\":\"ListItem\",\"position\":1,\"name\":\"Home\",\"item\":\"https:\/\/sandzakpress.net\/arhiva\/\"},{\"@type\":\"ListItem\",\"position\":2,\"name\":\"Kada dovedemo na vlast povjerljive mo\u017eemo se smatrati za\u0161ti\u0107enim\"}]},{\"@type\":\"WebSite\",\"@id\":\"https:\/\/sandzakpress.net\/arhiva\/#website\",\"url\":\"https:\/\/sandzakpress.net\/arhiva\/\",\"name\":\"Sand\u017eak PRESS\",\"description\":\"Prve elektronske novine u Sand\u017eaku\",\"publisher\":{\"@id\":\"https:\/\/sandzakpress.net\/arhiva\/#\/schema\/person\/6e72b67d6e51910a1117b3b483ba20bd\"},\"potentialAction\":[{\"@type\":\"SearchAction\",\"target\":{\"@type\":\"EntryPoint\",\"urlTemplate\":\"https:\/\/sandzakpress.net\/arhiva\/?s={search_term_string}\"},\"query-input\":{\"@type\":\"PropertyValueSpecification\",\"valueRequired\":true,\"valueName\":\"search_term_string\"}}],\"inLanguage\":\"bs-BA\"},{\"@type\":[\"Person\",\"Organization\"],\"@id\":\"https:\/\/sandzakpress.net\/arhiva\/#\/schema\/person\/6e72b67d6e51910a1117b3b483ba20bd\",\"name\":\"Kul\",\"image\":{\"@type\":\"ImageObject\",\"inLanguage\":\"bs-BA\",\"@id\":\"https:\/\/sandzakpress.net\/arhiva\/#\/schema\/person\/image\/\",\"url\":\"https:\/\/secure.gravatar.com\/avatar\/42263f39aa27ac04c43cab85c280eb2e?s=96&d=mm&r=pg\",\"contentUrl\":\"https:\/\/secure.gravatar.com\/avatar\/42263f39aa27ac04c43cab85c280eb2e?s=96&d=mm&r=pg\",\"caption\":\"Kul\"},\"logo\":{\"@id\":\"https:\/\/sandzakpress.net\/arhiva\/#\/schema\/person\/image\/\"}},{\"@type\":\"Person\",\"@id\":\"https:\/\/sandzakpress.net\/arhiva\/#\/schema\/person\/cb59d7e3ab91ab90dd680ad0305a6185\",\"name\":\"Agencija\",\"image\":{\"@type\":\"ImageObject\",\"inLanguage\":\"bs-BA\",\"@id\":\"https:\/\/sandzakpress.net\/arhiva\/#\/schema\/person\/image\/\",\"url\":\"https:\/\/secure.gravatar.com\/avatar\/4b7fafa80a22f0c2afe23966b3961fe0?s=96&d=mm&r=pg\",\"contentUrl\":\"https:\/\/secure.gravatar.com\/avatar\/4b7fafa80a22f0c2afe23966b3961fe0?s=96&d=mm&r=pg\",\"caption\":\"Agencija\"},\"url\":\"https:\/\/sandzakpress.net\/arhiva\/author\/agencija\/\"}]}<\/script>\n<!-- \/ Yoast SEO Premium plugin. -->","yoast_head_json":{"title":"Kada dovedemo na vlast povjerljive mo\u017eemo se smatrati za\u0161ti\u0107enim","robots":{"index":"index","follow":"follow","max-snippet":"max-snippet:-1","max-image-preview":"max-image-preview:large","max-video-preview":"max-video-preview:-1"},"canonical":"https:\/\/sandzakpress.net\/arhiva\/kada-dovedemo-na-vlast-poverljive-mozemo-se-smatrati-zasticenim\/","og_locale":"bs_BA","og_type":"article","og_title":"Kada dovedemo na vlast povjerljive mo\u017eemo se smatrati za\u0161ti\u0107enim","og_description":"Pre\u010desto smo svjedoci doga\u0111aja na koje ne mo\u017eemo uticati. Doga\u0111aja koji nas ostave bez rije\u010di, koji nas natjeraju da se povu\u010demo u nekakav svoj svijet, nebrojano puta bolji od onog u kom obitavamo, gdje nema nikakvog rizika ho\u0107emo li se kome zamjeriti i odakle mo\u017eemo svima biti &#8220;dobri&#8221;. No, je li ispravno to? Da li [&hellip;]","og_url":"https:\/\/sandzakpress.net\/arhiva\/kada-dovedemo-na-vlast-poverljive-mozemo-se-smatrati-zasticenim\/","og_site_name":"Sand\u017eak PRESS","article_published_time":"2018-10-14T09:10:53+00:00","article_modified_time":"2018-10-14T20:14:15+00:00","og_image":[{"width":949,"height":960,"url":"https:\/\/sandzakpress.net\/arhiva\/wp-content\/uploads\/2018\/10\/13509089_10209643672627623_4325365141865131972_n.jpg","type":"image\/jpeg"}],"author":"Agencija","twitter_card":"summary_large_image","twitter_misc":{"Written by":"Agencija","Est. reading time":"2 minute"},"schema":{"@context":"https:\/\/schema.org","@graph":[{"@type":"Article","@id":"https:\/\/sandzakpress.net\/arhiva\/kada-dovedemo-na-vlast-poverljive-mozemo-se-smatrati-zasticenim\/#article","isPartOf":{"@id":"https:\/\/sandzakpress.net\/arhiva\/kada-dovedemo-na-vlast-poverljive-mozemo-se-smatrati-zasticenim\/"},"author":{"name":"Agencija","@id":"https:\/\/sandzakpress.net\/arhiva\/#\/schema\/person\/cb59d7e3ab91ab90dd680ad0305a6185"},"headline":"Kada dovedemo na vlast povjerljive mo\u017eemo se smatrati za\u0161ti\u0107enim","datePublished":"2018-10-14T09:10:53+00:00","dateModified":"2018-10-14T20:14:15+00:00","mainEntityOfPage":{"@id":"https:\/\/sandzakpress.net\/arhiva\/kada-dovedemo-na-vlast-poverljive-mozemo-se-smatrati-zasticenim\/"},"wordCount":452,"commentCount":0,"publisher":{"@id":"https:\/\/sandzakpress.net\/arhiva\/#\/schema\/person\/6e72b67d6e51910a1117b3b483ba20bd"},"image":{"@id":"https:\/\/sandzakpress.net\/arhiva\/kada-dovedemo-na-vlast-poverljive-mozemo-se-smatrati-zasticenim\/#primaryimage"},"thumbnailUrl":"https:\/\/sandzakpress.net\/arhiva\/wp-content\/uploads\/2018\/10\/13509089_10209643672627623_4325365141865131972_n.jpg","articleSection":["Iz pera na\u0161ih autora"],"inLanguage":"bs-BA","potentialAction":[{"@type":"CommentAction","name":"Comment","target":["https:\/\/sandzakpress.net\/arhiva\/kada-dovedemo-na-vlast-poverljive-mozemo-se-smatrati-zasticenim\/#respond"]}]},{"@type":"WebPage","@id":"https:\/\/sandzakpress.net\/arhiva\/kada-dovedemo-na-vlast-poverljive-mozemo-se-smatrati-zasticenim\/","url":"https:\/\/sandzakpress.net\/arhiva\/kada-dovedemo-na-vlast-poverljive-mozemo-se-smatrati-zasticenim\/","name":"Kada dovedemo na vlast povjerljive mo\u017eemo se smatrati za\u0161ti\u0107enim","isPartOf":{"@id":"https:\/\/sandzakpress.net\/arhiva\/#website"},"primaryImageOfPage":{"@id":"https:\/\/sandzakpress.net\/arhiva\/kada-dovedemo-na-vlast-poverljive-mozemo-se-smatrati-zasticenim\/#primaryimage"},"image":{"@id":"https:\/\/sandzakpress.net\/arhiva\/kada-dovedemo-na-vlast-poverljive-mozemo-se-smatrati-zasticenim\/#primaryimage"},"thumbnailUrl":"https:\/\/sandzakpress.net\/arhiva\/wp-content\/uploads\/2018\/10\/13509089_10209643672627623_4325365141865131972_n.jpg","datePublished":"2018-10-14T09:10:53+00:00","dateModified":"2018-10-14T20:14:15+00:00","breadcrumb":{"@id":"https:\/\/sandzakpress.net\/arhiva\/kada-dovedemo-na-vlast-poverljive-mozemo-se-smatrati-zasticenim\/#breadcrumb"},"inLanguage":"bs-BA","potentialAction":[{"@type":"ReadAction","target":["https:\/\/sandzakpress.net\/arhiva\/kada-dovedemo-na-vlast-poverljive-mozemo-se-smatrati-zasticenim\/"]}]},{"@type":"ImageObject","inLanguage":"bs-BA","@id":"https:\/\/sandzakpress.net\/arhiva\/kada-dovedemo-na-vlast-poverljive-mozemo-se-smatrati-zasticenim\/#primaryimage","url":"https:\/\/sandzakpress.net\/arhiva\/wp-content\/uploads\/2018\/10\/13509089_10209643672627623_4325365141865131972_n.jpg","contentUrl":"https:\/\/sandzakpress.net\/arhiva\/wp-content\/uploads\/2018\/10\/13509089_10209643672627623_4325365141865131972_n.jpg","width":949,"height":960},{"@type":"BreadcrumbList","@id":"https:\/\/sandzakpress.net\/arhiva\/kada-dovedemo-na-vlast-poverljive-mozemo-se-smatrati-zasticenim\/#breadcrumb","itemListElement":[{"@type":"ListItem","position":1,"name":"Home","item":"https:\/\/sandzakpress.net\/arhiva\/"},{"@type":"ListItem","position":2,"name":"Kada dovedemo na vlast povjerljive mo\u017eemo se smatrati za\u0161ti\u0107enim"}]},{"@type":"WebSite","@id":"https:\/\/sandzakpress.net\/arhiva\/#website","url":"https:\/\/sandzakpress.net\/arhiva\/","name":"Sand\u017eak PRESS","description":"Prve elektronske novine u Sand\u017eaku","publisher":{"@id":"https:\/\/sandzakpress.net\/arhiva\/#\/schema\/person\/6e72b67d6e51910a1117b3b483ba20bd"},"potentialAction":[{"@type":"SearchAction","target":{"@type":"EntryPoint","urlTemplate":"https:\/\/sandzakpress.net\/arhiva\/?s={search_term_string}"},"query-input":{"@type":"PropertyValueSpecification","valueRequired":true,"valueName":"search_term_string"}}],"inLanguage":"bs-BA"},{"@type":["Person","Organization"],"@id":"https:\/\/sandzakpress.net\/arhiva\/#\/schema\/person\/6e72b67d6e51910a1117b3b483ba20bd","name":"Kul","image":{"@type":"ImageObject","inLanguage":"bs-BA","@id":"https:\/\/sandzakpress.net\/arhiva\/#\/schema\/person\/image\/","url":"https:\/\/secure.gravatar.com\/avatar\/42263f39aa27ac04c43cab85c280eb2e?s=96&d=mm&r=pg","contentUrl":"https:\/\/secure.gravatar.com\/avatar\/42263f39aa27ac04c43cab85c280eb2e?s=96&d=mm&r=pg","caption":"Kul"},"logo":{"@id":"https:\/\/sandzakpress.net\/arhiva\/#\/schema\/person\/image\/"}},{"@type":"Person","@id":"https:\/\/sandzakpress.net\/arhiva\/#\/schema\/person\/cb59d7e3ab91ab90dd680ad0305a6185","name":"Agencija","image":{"@type":"ImageObject","inLanguage":"bs-BA","@id":"https:\/\/sandzakpress.net\/arhiva\/#\/schema\/person\/image\/","url":"https:\/\/secure.gravatar.com\/avatar\/4b7fafa80a22f0c2afe23966b3961fe0?s=96&d=mm&r=pg","contentUrl":"https:\/\/secure.gravatar.com\/avatar\/4b7fafa80a22f0c2afe23966b3961fe0?s=96&d=mm&r=pg","caption":"Agencija"},"url":"https:\/\/sandzakpress.net\/arhiva\/author\/agencija\/"}]}},"_links":{"self":[{"href":"https:\/\/sandzakpress.net\/arhiva\/wp-json\/wp\/v2\/posts\/212478"}],"collection":[{"href":"https:\/\/sandzakpress.net\/arhiva\/wp-json\/wp\/v2\/posts"}],"about":[{"href":"https:\/\/sandzakpress.net\/arhiva\/wp-json\/wp\/v2\/types\/post"}],"author":[{"embeddable":true,"href":"https:\/\/sandzakpress.net\/arhiva\/wp-json\/wp\/v2\/users\/509"}],"replies":[{"embeddable":true,"href":"https:\/\/sandzakpress.net\/arhiva\/wp-json\/wp\/v2\/comments?post=212478"}],"version-history":[{"count":0,"href":"https:\/\/sandzakpress.net\/arhiva\/wp-json\/wp\/v2\/posts\/212478\/revisions"}],"wp:featuredmedia":[{"embeddable":true,"href":"https:\/\/sandzakpress.net\/arhiva\/wp-json\/wp\/v2\/media\/212479"}],"wp:attachment":[{"href":"https:\/\/sandzakpress.net\/arhiva\/wp-json\/wp\/v2\/media?parent=212478"}],"wp:term":[{"taxonomy":"category","embeddable":true,"href":"https:\/\/sandzakpress.net\/arhiva\/wp-json\/wp\/v2\/categories?post=212478"},{"taxonomy":"post_tag","embeddable":true,"href":"https:\/\/sandzakpress.net\/arhiva\/wp-json\/wp\/v2\/tags?post=212478"}],"curies":[{"name":"wp","href":"https:\/\/api.w.org\/{rel}","templated":true}]}}