{"id":212313,"date":"2018-10-09T12:30:01","date_gmt":"2018-10-09T10:30:01","guid":{"rendered":"https:\/\/sandzakpress.net\/arhiva\/?p=212313"},"modified":"2018-10-09T12:15:39","modified_gmt":"2018-10-09T10:15:39","slug":"bugarski-ambasador-posjetio-iunp","status":"publish","type":"post","link":"https:\/\/sandzakpress.net\/arhiva\/bugarski-ambasador-posjetio-iunp\/","title":{"rendered":"Bugarski ambasador posjetio IUNP"},"content":{"rendered":"<p><img loading=\"lazy\" decoding=\"async\" class=\"alignnone size-full wp-image-41512\" src=\"http:\/\/sanapress.info\/wp-content\/uploads\/2018\/10\/IUNP.jpg\" sizes=\"(max-width: 1440px) 100vw, 1440px\" srcset=\"http:\/\/sanapress.info\/wp-content\/uploads\/2018\/10\/IUNP.jpg 1440w, http:\/\/sanapress.info\/wp-content\/uploads\/2018\/10\/IUNP-300x200.jpg 300w, http:\/\/sanapress.info\/wp-content\/uploads\/2018\/10\/IUNP-768x512.jpg 768w, http:\/\/sanapress.info\/wp-content\/uploads\/2018\/10\/IUNP-1024x683.jpg 1024w, http:\/\/sanapress.info\/wp-content\/uploads\/2018\/10\/IUNP-370x247.jpg 370w\" alt=\"\" width=\"1440\" height=\"960\" \/><\/p>\n<p><strong>Ambasador Republike Bugarske u posjeti Internacionalnom. Nakon susreta s rektorom i obilaska prostorija Univerziteta, odr\u017eao predavanje Evropska Unija, zapadni Balkan i Nova generacija. Saradnja s Internacionalnim jedan od pokazatelja da se ovdje stvaraju upravo nove generacije, kao spona zapadnog Balkana i Evropske Unije.<\/strong><\/p>\n<p>-Ono \u0161to iskreno vjerujem je \u010dinjenica da su mladi ljudi koje sam danas susreo na ovom Univerzitetu svjesni \u010dinjenice kako je va\u017eno da budu aktivni \u010dlanovi u ulasku svojih zemalja u Evropsku uniju, ka\u017ee, izme\u0111u ostalog,\u00a0NJ.E. Radko Vlajkov,\u00a0ambasador R Bugarske u Srbiji.<\/p>\n<p>Internacionalni nastoji biti most spajanja razli\u010ditih kultura i mi\u0161ljenja.<\/p>\n<div class=\"youtube-embed\" data-video_id=\"tLJ9i52wsI8\"><iframe loading=\"lazy\" title=\"Bugarski ambasador u posjeti IUNP\" width=\"696\" height=\"522\" src=\"https:\/\/www.youtube.com\/embed\/tLJ9i52wsI8?feature=oembed&#038;enablejsapi=1\" frameborder=\"0\" allow=\"accelerometer; autoplay; encrypted-media; gyroscope; picture-in-picture\" allowfullscreen><\/iframe><\/div>\n<p>-Glavna karika je mobilnost studenata i profesora prije svega, da u\u010dimo od drugih, ali i da drugi nau\u010de ne\u0161to od nas, poru\u010dio rektor\u00a0prof.dr.Suad Be\u0107irovi\u0107.<\/p>\n<p>Uru\u010deni i certifikati polaznicima projekta Mi i drugi: prevazila\u017eenje granica. Tokom ljetnje \u0161kole zajedni\u0161tva nau\u010deno kako da nas spajaju razli\u010ditosti.<\/p>\n<p>-IUNP nam je bio partner u izvo\u0111enju projekta, a sad \u0107e nam biti partner u projektovanju narednog koraka koji uklju\u010duje studente iz cijelog zapadnog Balkana, isti\u010de Du\u0161an Janji\u0107, direktor Foruma za etni\u010dke odnose.<\/p>\n<p>Kad se govori o na\u010dinima prevazila\u017eenja razlika, opet Internacionalni sa svojim stru\u010dnjacima.<\/p>\n<p>-U svojstvu predava\u010da i kao predstavnik Internacionalnog imala sam priliku govoriti sa studentima na temu Sloboda, religija, vjerovanje i globalizacija. Iskustva lijepa s obzirom na to da svi te\u017eimo evropskim integracijama, a Evropa je prepuna raznolikosti. Bitno je da se bolje upoznamo i shvatimo da mo\u017eemo \u017eivjeti u su\u017eivotu, naglasila prof.dr. Amela Luka\u010d Zorani\u0107, prorektorica IUNP.<\/p>\n<p>\u0160kola dijaloga s novim generacijama i sje\u0107anjima na rat, a ideja da se koliko god ta sje\u0107anja bila bolna, ne zaborave, kao ni posljedice mr\u017enje i odsustvo dijaloga.<\/p>\n<p>(SANA)<\/p>\n","protected":false},"excerpt":{"rendered":"<p>Ambasador Republike Bugarske u posjeti Internacionalnom. Nakon susreta s rektorom i obilaska prostorija Univerziteta, odr\u017eao predavanje Evropska Unija, zapadni Balkan i Nova generacija. Saradnja s Internacionalnim jedan od pokazatelja da se ovdje stvaraju upravo nove generacije, kao spona zapadnog Balkana i Evropske Unije. -Ono \u0161to iskreno vjerujem je \u010dinjenica da su mladi ljudi koje sam [&hellip;]<\/p>\n","protected":false},"author":509,"featured_media":212321,"comment_status":"open","ping_status":"open","sticky":false,"template":"","format":"standard","meta":{"footnotes":""},"categories":[72,4,10429],"tags":[10272],"class_list":{"0":"post-212313","1":"post","2":"type-post","3":"status-publish","4":"format-standard","5":"has-post-thumbnail","7":"category-novi-pazar","8":"category-obrazovanje","9":"category-vazno","10":"tag-internacionalni-univerzitet-u-novom-pazaru"},"yoast_head":"<!-- This site is optimized with the Yoast SEO Premium plugin v23.1 (Yoast SEO v24.9) - https:\/\/yoast.com\/wordpress\/plugins\/seo\/ -->\n<title>Bugarski ambasador posjetio IUNP<\/title>\n<meta name=\"robots\" content=\"index, follow, max-snippet:-1, max-image-preview:large, max-video-preview:-1\" \/>\n<link rel=\"canonical\" href=\"https:\/\/sandzakpress.net\/arhiva\/bugarski-ambasador-posjetio-iunp\/\" \/>\n<meta property=\"og:locale\" content=\"bs_BA\" \/>\n<meta property=\"og:type\" content=\"article\" \/>\n<meta property=\"og:title\" content=\"Bugarski ambasador posjetio IUNP\" \/>\n<meta property=\"og:description\" content=\"Ambasador Republike Bugarske u posjeti Internacionalnom. Nakon susreta s rektorom i obilaska prostorija Univerziteta, odr\u017eao predavanje Evropska Unija, zapadni Balkan i Nova generacija. Saradnja s Internacionalnim jedan od pokazatelja da se ovdje stvaraju upravo nove generacije, kao spona zapadnog Balkana i Evropske Unije. -Ono \u0161to iskreno vjerujem je \u010dinjenica da su mladi ljudi koje sam [&hellip;]\" \/>\n<meta property=\"og:url\" content=\"https:\/\/sandzakpress.net\/arhiva\/bugarski-ambasador-posjetio-iunp\/\" \/>\n<meta property=\"og:site_name\" content=\"Sand\u017eak PRESS\" \/>\n<meta property=\"article:published_time\" content=\"2018-10-09T10:30:01+00:00\" \/>\n<meta property=\"og:image\" content=\"https:\/\/sandzakpress.net\/arhiva\/wp-content\/uploads\/2018\/10\/IUNP.jpg\" \/>\n\t<meta property=\"og:image:width\" content=\"1440\" \/>\n\t<meta property=\"og:image:height\" content=\"960\" \/>\n\t<meta property=\"og:image:type\" content=\"image\/jpeg\" \/>\n<meta name=\"author\" content=\"Agencija\" \/>\n<meta name=\"twitter:card\" content=\"summary_large_image\" \/>\n<meta name=\"twitter:label1\" content=\"Written by\" \/>\n\t<meta name=\"twitter:data1\" content=\"Agencija\" \/>\n\t<meta name=\"twitter:label2\" content=\"Est. reading time\" \/>\n\t<meta name=\"twitter:data2\" content=\"2 minute\" \/>\n<script type=\"application\/ld+json\" class=\"yoast-schema-graph\">{\"@context\":\"https:\/\/schema.org\",\"@graph\":[{\"@type\":\"Article\",\"@id\":\"https:\/\/sandzakpress.net\/arhiva\/bugarski-ambasador-posjetio-iunp\/#article\",\"isPartOf\":{\"@id\":\"https:\/\/sandzakpress.net\/arhiva\/bugarski-ambasador-posjetio-iunp\/\"},\"author\":{\"name\":\"Agencija\",\"@id\":\"https:\/\/sandzakpress.net\/arhiva\/#\/schema\/person\/cb59d7e3ab91ab90dd680ad0305a6185\"},\"headline\":\"Bugarski ambasador posjetio IUNP\",\"datePublished\":\"2018-10-09T10:30:01+00:00\",\"mainEntityOfPage\":{\"@id\":\"https:\/\/sandzakpress.net\/arhiva\/bugarski-ambasador-posjetio-iunp\/\"},\"wordCount\":319,\"commentCount\":0,\"publisher\":{\"@id\":\"https:\/\/sandzakpress.net\/arhiva\/#\/schema\/person\/6e72b67d6e51910a1117b3b483ba20bd\"},\"image\":{\"@id\":\"https:\/\/sandzakpress.net\/arhiva\/bugarski-ambasador-posjetio-iunp\/#primaryimage\"},\"thumbnailUrl\":\"https:\/\/sandzakpress.net\/arhiva\/wp-content\/uploads\/2018\/10\/IUNP.jpg\",\"keywords\":[\"Internacionalni univerzitet u Novom Pazaru\"],\"articleSection\":[\"Novi Pazar\",\"Obrazovanje\",\"VA\u017dNO!\"],\"inLanguage\":\"bs-BA\",\"potentialAction\":[{\"@type\":\"CommentAction\",\"name\":\"Comment\",\"target\":[\"https:\/\/sandzakpress.net\/arhiva\/bugarski-ambasador-posjetio-iunp\/#respond\"]}]},{\"@type\":\"WebPage\",\"@id\":\"https:\/\/sandzakpress.net\/arhiva\/bugarski-ambasador-posjetio-iunp\/\",\"url\":\"https:\/\/sandzakpress.net\/arhiva\/bugarski-ambasador-posjetio-iunp\/\",\"name\":\"Bugarski ambasador posjetio IUNP\",\"isPartOf\":{\"@id\":\"https:\/\/sandzakpress.net\/arhiva\/#website\"},\"primaryImageOfPage\":{\"@id\":\"https:\/\/sandzakpress.net\/arhiva\/bugarski-ambasador-posjetio-iunp\/#primaryimage\"},\"image\":{\"@id\":\"https:\/\/sandzakpress.net\/arhiva\/bugarski-ambasador-posjetio-iunp\/#primaryimage\"},\"thumbnailUrl\":\"https:\/\/sandzakpress.net\/arhiva\/wp-content\/uploads\/2018\/10\/IUNP.jpg\",\"datePublished\":\"2018-10-09T10:30:01+00:00\",\"breadcrumb\":{\"@id\":\"https:\/\/sandzakpress.net\/arhiva\/bugarski-ambasador-posjetio-iunp\/#breadcrumb\"},\"inLanguage\":\"bs-BA\",\"potentialAction\":[{\"@type\":\"ReadAction\",\"target\":[\"https:\/\/sandzakpress.net\/arhiva\/bugarski-ambasador-posjetio-iunp\/\"]}]},{\"@type\":\"ImageObject\",\"inLanguage\":\"bs-BA\",\"@id\":\"https:\/\/sandzakpress.net\/arhiva\/bugarski-ambasador-posjetio-iunp\/#primaryimage\",\"url\":\"https:\/\/sandzakpress.net\/arhiva\/wp-content\/uploads\/2018\/10\/IUNP.jpg\",\"contentUrl\":\"https:\/\/sandzakpress.net\/arhiva\/wp-content\/uploads\/2018\/10\/IUNP.jpg\",\"width\":1440,\"height\":960},{\"@type\":\"BreadcrumbList\",\"@id\":\"https:\/\/sandzakpress.net\/arhiva\/bugarski-ambasador-posjetio-iunp\/#breadcrumb\",\"itemListElement\":[{\"@type\":\"ListItem\",\"position\":1,\"name\":\"Home\",\"item\":\"https:\/\/sandzakpress.net\/arhiva\/\"},{\"@type\":\"ListItem\",\"position\":2,\"name\":\"Bugarski ambasador posjetio IUNP\"}]},{\"@type\":\"WebSite\",\"@id\":\"https:\/\/sandzakpress.net\/arhiva\/#website\",\"url\":\"https:\/\/sandzakpress.net\/arhiva\/\",\"name\":\"Sand\u017eak PRESS\",\"description\":\"Prve elektronske novine u Sand\u017eaku\",\"publisher\":{\"@id\":\"https:\/\/sandzakpress.net\/arhiva\/#\/schema\/person\/6e72b67d6e51910a1117b3b483ba20bd\"},\"potentialAction\":[{\"@type\":\"SearchAction\",\"target\":{\"@type\":\"EntryPoint\",\"urlTemplate\":\"https:\/\/sandzakpress.net\/arhiva\/?s={search_term_string}\"},\"query-input\":{\"@type\":\"PropertyValueSpecification\",\"valueRequired\":true,\"valueName\":\"search_term_string\"}}],\"inLanguage\":\"bs-BA\"},{\"@type\":[\"Person\",\"Organization\"],\"@id\":\"https:\/\/sandzakpress.net\/arhiva\/#\/schema\/person\/6e72b67d6e51910a1117b3b483ba20bd\",\"name\":\"Kul\",\"image\":{\"@type\":\"ImageObject\",\"inLanguage\":\"bs-BA\",\"@id\":\"https:\/\/sandzakpress.net\/arhiva\/#\/schema\/person\/image\/\",\"url\":\"https:\/\/secure.gravatar.com\/avatar\/42263f39aa27ac04c43cab85c280eb2e?s=96&d=mm&r=pg\",\"contentUrl\":\"https:\/\/secure.gravatar.com\/avatar\/42263f39aa27ac04c43cab85c280eb2e?s=96&d=mm&r=pg\",\"caption\":\"Kul\"},\"logo\":{\"@id\":\"https:\/\/sandzakpress.net\/arhiva\/#\/schema\/person\/image\/\"}},{\"@type\":\"Person\",\"@id\":\"https:\/\/sandzakpress.net\/arhiva\/#\/schema\/person\/cb59d7e3ab91ab90dd680ad0305a6185\",\"name\":\"Agencija\",\"image\":{\"@type\":\"ImageObject\",\"inLanguage\":\"bs-BA\",\"@id\":\"https:\/\/sandzakpress.net\/arhiva\/#\/schema\/person\/image\/\",\"url\":\"https:\/\/secure.gravatar.com\/avatar\/4b7fafa80a22f0c2afe23966b3961fe0?s=96&d=mm&r=pg\",\"contentUrl\":\"https:\/\/secure.gravatar.com\/avatar\/4b7fafa80a22f0c2afe23966b3961fe0?s=96&d=mm&r=pg\",\"caption\":\"Agencija\"},\"url\":\"https:\/\/sandzakpress.net\/arhiva\/author\/agencija\/\"}]}<\/script>\n<!-- \/ Yoast SEO Premium plugin. -->","yoast_head_json":{"title":"Bugarski ambasador posjetio IUNP","robots":{"index":"index","follow":"follow","max-snippet":"max-snippet:-1","max-image-preview":"max-image-preview:large","max-video-preview":"max-video-preview:-1"},"canonical":"https:\/\/sandzakpress.net\/arhiva\/bugarski-ambasador-posjetio-iunp\/","og_locale":"bs_BA","og_type":"article","og_title":"Bugarski ambasador posjetio IUNP","og_description":"Ambasador Republike Bugarske u posjeti Internacionalnom. Nakon susreta s rektorom i obilaska prostorija Univerziteta, odr\u017eao predavanje Evropska Unija, zapadni Balkan i Nova generacija. Saradnja s Internacionalnim jedan od pokazatelja da se ovdje stvaraju upravo nove generacije, kao spona zapadnog Balkana i Evropske Unije. -Ono \u0161to iskreno vjerujem je \u010dinjenica da su mladi ljudi koje sam [&hellip;]","og_url":"https:\/\/sandzakpress.net\/arhiva\/bugarski-ambasador-posjetio-iunp\/","og_site_name":"Sand\u017eak PRESS","article_published_time":"2018-10-09T10:30:01+00:00","og_image":[{"width":1440,"height":960,"url":"https:\/\/sandzakpress.net\/arhiva\/wp-content\/uploads\/2018\/10\/IUNP.jpg","type":"image\/jpeg"}],"author":"Agencija","twitter_card":"summary_large_image","twitter_misc":{"Written by":"Agencija","Est. reading time":"2 minute"},"schema":{"@context":"https:\/\/schema.org","@graph":[{"@type":"Article","@id":"https:\/\/sandzakpress.net\/arhiva\/bugarski-ambasador-posjetio-iunp\/#article","isPartOf":{"@id":"https:\/\/sandzakpress.net\/arhiva\/bugarski-ambasador-posjetio-iunp\/"},"author":{"name":"Agencija","@id":"https:\/\/sandzakpress.net\/arhiva\/#\/schema\/person\/cb59d7e3ab91ab90dd680ad0305a6185"},"headline":"Bugarski ambasador posjetio IUNP","datePublished":"2018-10-09T10:30:01+00:00","mainEntityOfPage":{"@id":"https:\/\/sandzakpress.net\/arhiva\/bugarski-ambasador-posjetio-iunp\/"},"wordCount":319,"commentCount":0,"publisher":{"@id":"https:\/\/sandzakpress.net\/arhiva\/#\/schema\/person\/6e72b67d6e51910a1117b3b483ba20bd"},"image":{"@id":"https:\/\/sandzakpress.net\/arhiva\/bugarski-ambasador-posjetio-iunp\/#primaryimage"},"thumbnailUrl":"https:\/\/sandzakpress.net\/arhiva\/wp-content\/uploads\/2018\/10\/IUNP.jpg","keywords":["Internacionalni univerzitet u Novom Pazaru"],"articleSection":["Novi Pazar","Obrazovanje","VA\u017dNO!"],"inLanguage":"bs-BA","potentialAction":[{"@type":"CommentAction","name":"Comment","target":["https:\/\/sandzakpress.net\/arhiva\/bugarski-ambasador-posjetio-iunp\/#respond"]}]},{"@type":"WebPage","@id":"https:\/\/sandzakpress.net\/arhiva\/bugarski-ambasador-posjetio-iunp\/","url":"https:\/\/sandzakpress.net\/arhiva\/bugarski-ambasador-posjetio-iunp\/","name":"Bugarski ambasador posjetio IUNP","isPartOf":{"@id":"https:\/\/sandzakpress.net\/arhiva\/#website"},"primaryImageOfPage":{"@id":"https:\/\/sandzakpress.net\/arhiva\/bugarski-ambasador-posjetio-iunp\/#primaryimage"},"image":{"@id":"https:\/\/sandzakpress.net\/arhiva\/bugarski-ambasador-posjetio-iunp\/#primaryimage"},"thumbnailUrl":"https:\/\/sandzakpress.net\/arhiva\/wp-content\/uploads\/2018\/10\/IUNP.jpg","datePublished":"2018-10-09T10:30:01+00:00","breadcrumb":{"@id":"https:\/\/sandzakpress.net\/arhiva\/bugarski-ambasador-posjetio-iunp\/#breadcrumb"},"inLanguage":"bs-BA","potentialAction":[{"@type":"ReadAction","target":["https:\/\/sandzakpress.net\/arhiva\/bugarski-ambasador-posjetio-iunp\/"]}]},{"@type":"ImageObject","inLanguage":"bs-BA","@id":"https:\/\/sandzakpress.net\/arhiva\/bugarski-ambasador-posjetio-iunp\/#primaryimage","url":"https:\/\/sandzakpress.net\/arhiva\/wp-content\/uploads\/2018\/10\/IUNP.jpg","contentUrl":"https:\/\/sandzakpress.net\/arhiva\/wp-content\/uploads\/2018\/10\/IUNP.jpg","width":1440,"height":960},{"@type":"BreadcrumbList","@id":"https:\/\/sandzakpress.net\/arhiva\/bugarski-ambasador-posjetio-iunp\/#breadcrumb","itemListElement":[{"@type":"ListItem","position":1,"name":"Home","item":"https:\/\/sandzakpress.net\/arhiva\/"},{"@type":"ListItem","position":2,"name":"Bugarski ambasador posjetio IUNP"}]},{"@type":"WebSite","@id":"https:\/\/sandzakpress.net\/arhiva\/#website","url":"https:\/\/sandzakpress.net\/arhiva\/","name":"Sand\u017eak PRESS","description":"Prve elektronske novine u Sand\u017eaku","publisher":{"@id":"https:\/\/sandzakpress.net\/arhiva\/#\/schema\/person\/6e72b67d6e51910a1117b3b483ba20bd"},"potentialAction":[{"@type":"SearchAction","target":{"@type":"EntryPoint","urlTemplate":"https:\/\/sandzakpress.net\/arhiva\/?s={search_term_string}"},"query-input":{"@type":"PropertyValueSpecification","valueRequired":true,"valueName":"search_term_string"}}],"inLanguage":"bs-BA"},{"@type":["Person","Organization"],"@id":"https:\/\/sandzakpress.net\/arhiva\/#\/schema\/person\/6e72b67d6e51910a1117b3b483ba20bd","name":"Kul","image":{"@type":"ImageObject","inLanguage":"bs-BA","@id":"https:\/\/sandzakpress.net\/arhiva\/#\/schema\/person\/image\/","url":"https:\/\/secure.gravatar.com\/avatar\/42263f39aa27ac04c43cab85c280eb2e?s=96&d=mm&r=pg","contentUrl":"https:\/\/secure.gravatar.com\/avatar\/42263f39aa27ac04c43cab85c280eb2e?s=96&d=mm&r=pg","caption":"Kul"},"logo":{"@id":"https:\/\/sandzakpress.net\/arhiva\/#\/schema\/person\/image\/"}},{"@type":"Person","@id":"https:\/\/sandzakpress.net\/arhiva\/#\/schema\/person\/cb59d7e3ab91ab90dd680ad0305a6185","name":"Agencija","image":{"@type":"ImageObject","inLanguage":"bs-BA","@id":"https:\/\/sandzakpress.net\/arhiva\/#\/schema\/person\/image\/","url":"https:\/\/secure.gravatar.com\/avatar\/4b7fafa80a22f0c2afe23966b3961fe0?s=96&d=mm&r=pg","contentUrl":"https:\/\/secure.gravatar.com\/avatar\/4b7fafa80a22f0c2afe23966b3961fe0?s=96&d=mm&r=pg","caption":"Agencija"},"url":"https:\/\/sandzakpress.net\/arhiva\/author\/agencija\/"}]}},"_links":{"self":[{"href":"https:\/\/sandzakpress.net\/arhiva\/wp-json\/wp\/v2\/posts\/212313"}],"collection":[{"href":"https:\/\/sandzakpress.net\/arhiva\/wp-json\/wp\/v2\/posts"}],"about":[{"href":"https:\/\/sandzakpress.net\/arhiva\/wp-json\/wp\/v2\/types\/post"}],"author":[{"embeddable":true,"href":"https:\/\/sandzakpress.net\/arhiva\/wp-json\/wp\/v2\/users\/509"}],"replies":[{"embeddable":true,"href":"https:\/\/sandzakpress.net\/arhiva\/wp-json\/wp\/v2\/comments?post=212313"}],"version-history":[{"count":0,"href":"https:\/\/sandzakpress.net\/arhiva\/wp-json\/wp\/v2\/posts\/212313\/revisions"}],"wp:featuredmedia":[{"embeddable":true,"href":"https:\/\/sandzakpress.net\/arhiva\/wp-json\/wp\/v2\/media\/212321"}],"wp:attachment":[{"href":"https:\/\/sandzakpress.net\/arhiva\/wp-json\/wp\/v2\/media?parent=212313"}],"wp:term":[{"taxonomy":"category","embeddable":true,"href":"https:\/\/sandzakpress.net\/arhiva\/wp-json\/wp\/v2\/categories?post=212313"},{"taxonomy":"post_tag","embeddable":true,"href":"https:\/\/sandzakpress.net\/arhiva\/wp-json\/wp\/v2\/tags?post=212313"}],"curies":[{"name":"wp","href":"https:\/\/api.w.org\/{rel}","templated":true}]}}