{"id":212198,"date":"2018-10-06T13:40:44","date_gmt":"2018-10-06T11:40:44","guid":{"rendered":"https:\/\/sandzakpress.net\/arhiva\/ratko-mladic-pred-novim-zalbenim-vijecem-6-novembra"},"modified":"2018-10-06T13:40:44","modified_gmt":"2018-10-06T11:40:44","slug":"ratko-mladic-pred-novim-zalbenim-vijecem-6-novembra","status":"publish","type":"post","link":"https:\/\/sandzakpress.net\/arhiva\/ratko-mladic-pred-novim-zalbenim-vijecem-6-novembra\/","title":{"rendered":"Ratko Mladi\u0107 pred novim \u017dalbenim vije\u0107em 6. novembra"},"content":{"rendered":"<p><span class=\"cb-itemprop\"><\/p>\n<p><img decoding=\"async\" src=\"http:\/\/balkans.aljazeera.net\/sites\/default\/files\/styles\/d8\/public\/mladic_sudjenje_2_epa.jpg?itok=V1ne4_cO\" \/><\/p>\n<p>Sutkinja Prisca Matimba Nyambe prvi put \u0107e predsjedavati radom \u017dalbenog vije\u0107a na su\u0111enju biv\u0161em komandantu Vojske Republike Srpske, generalu\u00a0Ratku Mladi\u0107u, 6. novembra, za kada je planirano odr\u017eavanje statusne konferencije.<\/p>\n<p>Sutkinja Nyambe \u0107e predsjedavati peto\u010dlanim \u017dalbenim vije\u0107em koje \u0107e donijeti kona\u010dnu presudu Mladi\u0107u, nakon \u0161to je troje sudija isklju\u010deno zbog percepcije pristrasnosti, javlja BIRN.<\/p>\n<p>Sudija Jean-Claude Antonetti prethodno je prihvatio zahtjev Mladi\u0107eve odbrane da se iz \u017ealbenog postupka isklju\u010de sudije Theodor Meron te Carmel Agius i Daqun Liu.<\/p>\n<p>Kako je u svojoj odluci naveo Antonetti, sudije Meron, Agius i Liu \u201cdjeluju pristrasno\u201d,\u00a0s obzirom da su u ranijim predmetima pred Ha\u0161kim tribunalom\u00a0donosili odre\u0111ene zaklju\u010dke koji se ti\u010du Mladi\u0107a.<\/p>\n<h4>Kriv za genocid u Srebrenici<\/h4>\n<p>Umjesto Merona, Agiusa i Liua, u \u017dalbeno vije\u0107e su imenovane sudije Mparany Mamy Richard Rajohnson, Gberdao Gustave Kam i Elizabeth Ibanda-Nahamya.<\/p>\n<p>Ha\u0161ki tribunal je Mladi\u0107a u novembru pro\u0161le godine osudio na do\u017eivotni zatvor, proglasiv\u0161i ga krivim za genocid po\u010dinjen u Srebrenici, progon Bo\u0161njaka i Hrvata \u0161irom Bosne i Hercegovine, teroriziranje stanovni\u0161tva Sarajeva dugotrajnim granatiranjem i snajperiranjem te uzimanje pripadnika UNPROFOR-a za taoce.<\/p>\n<p>Mladi\u0107 je oslobo\u0111en optu\u017ebe za genocid u jo\u0161 \u0161est bosanskohercegova\u010dkih op\u0107ina.<\/p>\n<p>\u017dalbe na presudu podnijeli su i odbrana, i ha\u0161ki tu\u017eioci, a kona\u010dna presuda bi trebala biti izre\u010dena naredne godine.<\/p>\n<p><em>Izvor: Agencije<\/em><\/p>\n<p><\/span><br \/>\nPogledajte vijest na izvornom sajtu:<\/p>\n<p><a href=\"http:\/\/bosnapress.net\/ratko-mladic-pred-novim-zalbenim-vijecem-6-novembra\/\" target=\"_blank\">Ratko Mladi\u0107 pred novim \u017dalbenim vije\u0107em 6. novembra<\/a><\/p>\n","protected":false},"excerpt":{"rendered":"<p>Sutkinja Prisca Matimba Nyambe prvi put \u0107e predsjedavati radom \u017dalbenog vije\u0107a na su\u0111enju biv\u0161em komandantu Vojske Republike Srpske, generalu\u00a0Ratku Mladi\u0107u, 6. novembra, za kada je planirano odr\u017eavanje statusne konferencije. Sutkinja Nyambe \u0107e predsjedavati peto\u010dlanim \u017dalbenim vije\u0107em koje \u0107e donijeti kona\u010dnu presudu Mladi\u0107u, nakon \u0161to je troje sudija isklju\u010deno zbog percepcije pristrasnosti, javlja BIRN. Sudija Jean-Claude [&hellip;]<\/p>\n","protected":false},"author":83,"featured_media":212199,"comment_status":"open","ping_status":"open","sticky":false,"template":"","format":"standard","meta":{"footnotes":""},"categories":[10513],"tags":[10466],"class_list":{"0":"post-212198","1":"post","2":"type-post","3":"status-publish","4":"format-standard","5":"has-post-thumbnail","7":"category-bosna-press","8":"tag-bosna-i-hercegovina"},"yoast_head":"<!-- This site is optimized with the Yoast SEO Premium plugin v23.1 (Yoast SEO v24.9) - https:\/\/yoast.com\/wordpress\/plugins\/seo\/ -->\n<title>Ratko Mladi\u0107 pred novim \u017dalbenim vije\u0107em 6. novembra<\/title>\n<meta name=\"robots\" content=\"index, follow, max-snippet:-1, max-image-preview:large, max-video-preview:-1\" \/>\n<link rel=\"canonical\" href=\"https:\/\/sandzakpress.net\/arhiva\/ratko-mladic-pred-novim-zalbenim-vijecem-6-novembra\/\" \/>\n<meta property=\"og:locale\" content=\"bs_BA\" \/>\n<meta property=\"og:type\" content=\"article\" \/>\n<meta property=\"og:title\" content=\"Ratko Mladi\u0107 pred novim \u017dalbenim vije\u0107em 6. novembra\" \/>\n<meta property=\"og:description\" content=\"Sutkinja Prisca Matimba Nyambe prvi put \u0107e predsjedavati radom \u017dalbenog vije\u0107a na su\u0111enju biv\u0161em komandantu Vojske Republike Srpske, generalu\u00a0Ratku Mladi\u0107u, 6. novembra, za kada je planirano odr\u017eavanje statusne konferencije. Sutkinja Nyambe \u0107e predsjedavati peto\u010dlanim \u017dalbenim vije\u0107em koje \u0107e donijeti kona\u010dnu presudu Mladi\u0107u, nakon \u0161to je troje sudija isklju\u010deno zbog percepcije pristrasnosti, javlja BIRN. Sudija Jean-Claude [&hellip;]\" \/>\n<meta property=\"og:url\" content=\"https:\/\/sandzakpress.net\/arhiva\/ratko-mladic-pred-novim-zalbenim-vijecem-6-novembra\/\" \/>\n<meta property=\"og:site_name\" content=\"Sand\u017eak PRESS\" \/>\n<meta property=\"article:published_time\" content=\"2018-10-06T11:40:44+00:00\" \/>\n<meta property=\"og:image\" content=\"https:\/\/sandzakpress.net\/arhiva\/wp-content\/uploads\/2018\/10\/mladic_sudjenje_2_epa.jpg\" \/>\n\t<meta property=\"og:image:width\" content=\"770\" \/>\n\t<meta property=\"og:image:height\" content=\"433\" \/>\n\t<meta property=\"og:image:type\" content=\"image\/jpeg\" \/>\n<meta name=\"author\" content=\"bosniak\" \/>\n<meta name=\"twitter:card\" content=\"summary_large_image\" \/>\n<meta name=\"twitter:label1\" content=\"Written by\" \/>\n\t<meta name=\"twitter:data1\" content=\"bosniak\" \/>\n\t<meta name=\"twitter:label2\" content=\"Est. reading time\" \/>\n\t<meta name=\"twitter:data2\" content=\"1 minuta\" \/>\n<script type=\"application\/ld+json\" class=\"yoast-schema-graph\">{\"@context\":\"https:\/\/schema.org\",\"@graph\":[{\"@type\":\"Article\",\"@id\":\"https:\/\/sandzakpress.net\/arhiva\/ratko-mladic-pred-novim-zalbenim-vijecem-6-novembra\/#article\",\"isPartOf\":{\"@id\":\"https:\/\/sandzakpress.net\/arhiva\/ratko-mladic-pred-novim-zalbenim-vijecem-6-novembra\/\"},\"author\":{\"name\":\"bosniak\",\"@id\":\"https:\/\/sandzakpress.net\/arhiva\/#\/schema\/person\/c8baee722073534b583ea7bdb2e36c02\"},\"headline\":\"Ratko Mladi\u0107 pred novim \u017dalbenim vije\u0107em 6. novembra\",\"datePublished\":\"2018-10-06T11:40:44+00:00\",\"mainEntityOfPage\":{\"@id\":\"https:\/\/sandzakpress.net\/arhiva\/ratko-mladic-pred-novim-zalbenim-vijecem-6-novembra\/\"},\"wordCount\":262,\"commentCount\":0,\"publisher\":{\"@id\":\"https:\/\/sandzakpress.net\/arhiva\/#\/schema\/person\/6e72b67d6e51910a1117b3b483ba20bd\"},\"image\":{\"@id\":\"https:\/\/sandzakpress.net\/arhiva\/ratko-mladic-pred-novim-zalbenim-vijecem-6-novembra\/#primaryimage\"},\"thumbnailUrl\":\"https:\/\/sandzakpress.net\/arhiva\/wp-content\/uploads\/2018\/10\/mladic_sudjenje_2_epa.jpg\",\"keywords\":[\"Bosna i Hercegovina\"],\"articleSection\":[\"Bosna PRESS\"],\"inLanguage\":\"bs-BA\",\"potentialAction\":[{\"@type\":\"CommentAction\",\"name\":\"Comment\",\"target\":[\"https:\/\/sandzakpress.net\/arhiva\/ratko-mladic-pred-novim-zalbenim-vijecem-6-novembra\/#respond\"]}]},{\"@type\":\"WebPage\",\"@id\":\"https:\/\/sandzakpress.net\/arhiva\/ratko-mladic-pred-novim-zalbenim-vijecem-6-novembra\/\",\"url\":\"https:\/\/sandzakpress.net\/arhiva\/ratko-mladic-pred-novim-zalbenim-vijecem-6-novembra\/\",\"name\":\"Ratko Mladi\u0107 pred novim \u017dalbenim vije\u0107em 6. novembra\",\"isPartOf\":{\"@id\":\"https:\/\/sandzakpress.net\/arhiva\/#website\"},\"primaryImageOfPage\":{\"@id\":\"https:\/\/sandzakpress.net\/arhiva\/ratko-mladic-pred-novim-zalbenim-vijecem-6-novembra\/#primaryimage\"},\"image\":{\"@id\":\"https:\/\/sandzakpress.net\/arhiva\/ratko-mladic-pred-novim-zalbenim-vijecem-6-novembra\/#primaryimage\"},\"thumbnailUrl\":\"https:\/\/sandzakpress.net\/arhiva\/wp-content\/uploads\/2018\/10\/mladic_sudjenje_2_epa.jpg\",\"datePublished\":\"2018-10-06T11:40:44+00:00\",\"breadcrumb\":{\"@id\":\"https:\/\/sandzakpress.net\/arhiva\/ratko-mladic-pred-novim-zalbenim-vijecem-6-novembra\/#breadcrumb\"},\"inLanguage\":\"bs-BA\",\"potentialAction\":[{\"@type\":\"ReadAction\",\"target\":[\"https:\/\/sandzakpress.net\/arhiva\/ratko-mladic-pred-novim-zalbenim-vijecem-6-novembra\/\"]}]},{\"@type\":\"ImageObject\",\"inLanguage\":\"bs-BA\",\"@id\":\"https:\/\/sandzakpress.net\/arhiva\/ratko-mladic-pred-novim-zalbenim-vijecem-6-novembra\/#primaryimage\",\"url\":\"https:\/\/sandzakpress.net\/arhiva\/wp-content\/uploads\/2018\/10\/mladic_sudjenje_2_epa.jpg\",\"contentUrl\":\"https:\/\/sandzakpress.net\/arhiva\/wp-content\/uploads\/2018\/10\/mladic_sudjenje_2_epa.jpg\",\"width\":770,\"height\":433},{\"@type\":\"BreadcrumbList\",\"@id\":\"https:\/\/sandzakpress.net\/arhiva\/ratko-mladic-pred-novim-zalbenim-vijecem-6-novembra\/#breadcrumb\",\"itemListElement\":[{\"@type\":\"ListItem\",\"position\":1,\"name\":\"Home\",\"item\":\"https:\/\/sandzakpress.net\/arhiva\/\"},{\"@type\":\"ListItem\",\"position\":2,\"name\":\"Ratko Mladi\u0107 pred novim \u017dalbenim vije\u0107em 6. novembra\"}]},{\"@type\":\"WebSite\",\"@id\":\"https:\/\/sandzakpress.net\/arhiva\/#website\",\"url\":\"https:\/\/sandzakpress.net\/arhiva\/\",\"name\":\"Sand\u017eak PRESS\",\"description\":\"Prve elektronske novine u Sand\u017eaku\",\"publisher\":{\"@id\":\"https:\/\/sandzakpress.net\/arhiva\/#\/schema\/person\/6e72b67d6e51910a1117b3b483ba20bd\"},\"potentialAction\":[{\"@type\":\"SearchAction\",\"target\":{\"@type\":\"EntryPoint\",\"urlTemplate\":\"https:\/\/sandzakpress.net\/arhiva\/?s={search_term_string}\"},\"query-input\":{\"@type\":\"PropertyValueSpecification\",\"valueRequired\":true,\"valueName\":\"search_term_string\"}}],\"inLanguage\":\"bs-BA\"},{\"@type\":[\"Person\",\"Organization\"],\"@id\":\"https:\/\/sandzakpress.net\/arhiva\/#\/schema\/person\/6e72b67d6e51910a1117b3b483ba20bd\",\"name\":\"Kul\",\"image\":{\"@type\":\"ImageObject\",\"inLanguage\":\"bs-BA\",\"@id\":\"https:\/\/sandzakpress.net\/arhiva\/#\/schema\/person\/image\/\",\"url\":\"https:\/\/secure.gravatar.com\/avatar\/42263f39aa27ac04c43cab85c280eb2e?s=96&d=mm&r=pg\",\"contentUrl\":\"https:\/\/secure.gravatar.com\/avatar\/42263f39aa27ac04c43cab85c280eb2e?s=96&d=mm&r=pg\",\"caption\":\"Kul\"},\"logo\":{\"@id\":\"https:\/\/sandzakpress.net\/arhiva\/#\/schema\/person\/image\/\"}},{\"@type\":\"Person\",\"@id\":\"https:\/\/sandzakpress.net\/arhiva\/#\/schema\/person\/c8baee722073534b583ea7bdb2e36c02\",\"name\":\"bosniak\",\"image\":{\"@type\":\"ImageObject\",\"inLanguage\":\"bs-BA\",\"@id\":\"https:\/\/sandzakpress.net\/arhiva\/#\/schema\/person\/image\/\",\"url\":\"https:\/\/secure.gravatar.com\/avatar\/a04fd330bfe3a36a72a0ad4a6d89fca7?s=96&d=mm&r=pg\",\"contentUrl\":\"https:\/\/secure.gravatar.com\/avatar\/a04fd330bfe3a36a72a0ad4a6d89fca7?s=96&d=mm&r=pg\",\"caption\":\"bosniak\"},\"url\":\"https:\/\/sandzakpress.net\/arhiva\/author\/bosniak\/\"}]}<\/script>\n<!-- \/ Yoast SEO Premium plugin. -->","yoast_head_json":{"title":"Ratko Mladi\u0107 pred novim \u017dalbenim vije\u0107em 6. novembra","robots":{"index":"index","follow":"follow","max-snippet":"max-snippet:-1","max-image-preview":"max-image-preview:large","max-video-preview":"max-video-preview:-1"},"canonical":"https:\/\/sandzakpress.net\/arhiva\/ratko-mladic-pred-novim-zalbenim-vijecem-6-novembra\/","og_locale":"bs_BA","og_type":"article","og_title":"Ratko Mladi\u0107 pred novim \u017dalbenim vije\u0107em 6. novembra","og_description":"Sutkinja Prisca Matimba Nyambe prvi put \u0107e predsjedavati radom \u017dalbenog vije\u0107a na su\u0111enju biv\u0161em komandantu Vojske Republike Srpske, generalu\u00a0Ratku Mladi\u0107u, 6. novembra, za kada je planirano odr\u017eavanje statusne konferencije. Sutkinja Nyambe \u0107e predsjedavati peto\u010dlanim \u017dalbenim vije\u0107em koje \u0107e donijeti kona\u010dnu presudu Mladi\u0107u, nakon \u0161to je troje sudija isklju\u010deno zbog percepcije pristrasnosti, javlja BIRN. Sudija Jean-Claude [&hellip;]","og_url":"https:\/\/sandzakpress.net\/arhiva\/ratko-mladic-pred-novim-zalbenim-vijecem-6-novembra\/","og_site_name":"Sand\u017eak PRESS","article_published_time":"2018-10-06T11:40:44+00:00","og_image":[{"width":770,"height":433,"url":"https:\/\/sandzakpress.net\/arhiva\/wp-content\/uploads\/2018\/10\/mladic_sudjenje_2_epa.jpg","type":"image\/jpeg"}],"author":"bosniak","twitter_card":"summary_large_image","twitter_misc":{"Written by":"bosniak","Est. reading time":"1 minuta"},"schema":{"@context":"https:\/\/schema.org","@graph":[{"@type":"Article","@id":"https:\/\/sandzakpress.net\/arhiva\/ratko-mladic-pred-novim-zalbenim-vijecem-6-novembra\/#article","isPartOf":{"@id":"https:\/\/sandzakpress.net\/arhiva\/ratko-mladic-pred-novim-zalbenim-vijecem-6-novembra\/"},"author":{"name":"bosniak","@id":"https:\/\/sandzakpress.net\/arhiva\/#\/schema\/person\/c8baee722073534b583ea7bdb2e36c02"},"headline":"Ratko Mladi\u0107 pred novim \u017dalbenim vije\u0107em 6. novembra","datePublished":"2018-10-06T11:40:44+00:00","mainEntityOfPage":{"@id":"https:\/\/sandzakpress.net\/arhiva\/ratko-mladic-pred-novim-zalbenim-vijecem-6-novembra\/"},"wordCount":262,"commentCount":0,"publisher":{"@id":"https:\/\/sandzakpress.net\/arhiva\/#\/schema\/person\/6e72b67d6e51910a1117b3b483ba20bd"},"image":{"@id":"https:\/\/sandzakpress.net\/arhiva\/ratko-mladic-pred-novim-zalbenim-vijecem-6-novembra\/#primaryimage"},"thumbnailUrl":"https:\/\/sandzakpress.net\/arhiva\/wp-content\/uploads\/2018\/10\/mladic_sudjenje_2_epa.jpg","keywords":["Bosna i Hercegovina"],"articleSection":["Bosna PRESS"],"inLanguage":"bs-BA","potentialAction":[{"@type":"CommentAction","name":"Comment","target":["https:\/\/sandzakpress.net\/arhiva\/ratko-mladic-pred-novim-zalbenim-vijecem-6-novembra\/#respond"]}]},{"@type":"WebPage","@id":"https:\/\/sandzakpress.net\/arhiva\/ratko-mladic-pred-novim-zalbenim-vijecem-6-novembra\/","url":"https:\/\/sandzakpress.net\/arhiva\/ratko-mladic-pred-novim-zalbenim-vijecem-6-novembra\/","name":"Ratko Mladi\u0107 pred novim \u017dalbenim vije\u0107em 6. novembra","isPartOf":{"@id":"https:\/\/sandzakpress.net\/arhiva\/#website"},"primaryImageOfPage":{"@id":"https:\/\/sandzakpress.net\/arhiva\/ratko-mladic-pred-novim-zalbenim-vijecem-6-novembra\/#primaryimage"},"image":{"@id":"https:\/\/sandzakpress.net\/arhiva\/ratko-mladic-pred-novim-zalbenim-vijecem-6-novembra\/#primaryimage"},"thumbnailUrl":"https:\/\/sandzakpress.net\/arhiva\/wp-content\/uploads\/2018\/10\/mladic_sudjenje_2_epa.jpg","datePublished":"2018-10-06T11:40:44+00:00","breadcrumb":{"@id":"https:\/\/sandzakpress.net\/arhiva\/ratko-mladic-pred-novim-zalbenim-vijecem-6-novembra\/#breadcrumb"},"inLanguage":"bs-BA","potentialAction":[{"@type":"ReadAction","target":["https:\/\/sandzakpress.net\/arhiva\/ratko-mladic-pred-novim-zalbenim-vijecem-6-novembra\/"]}]},{"@type":"ImageObject","inLanguage":"bs-BA","@id":"https:\/\/sandzakpress.net\/arhiva\/ratko-mladic-pred-novim-zalbenim-vijecem-6-novembra\/#primaryimage","url":"https:\/\/sandzakpress.net\/arhiva\/wp-content\/uploads\/2018\/10\/mladic_sudjenje_2_epa.jpg","contentUrl":"https:\/\/sandzakpress.net\/arhiva\/wp-content\/uploads\/2018\/10\/mladic_sudjenje_2_epa.jpg","width":770,"height":433},{"@type":"BreadcrumbList","@id":"https:\/\/sandzakpress.net\/arhiva\/ratko-mladic-pred-novim-zalbenim-vijecem-6-novembra\/#breadcrumb","itemListElement":[{"@type":"ListItem","position":1,"name":"Home","item":"https:\/\/sandzakpress.net\/arhiva\/"},{"@type":"ListItem","position":2,"name":"Ratko Mladi\u0107 pred novim \u017dalbenim vije\u0107em 6. novembra"}]},{"@type":"WebSite","@id":"https:\/\/sandzakpress.net\/arhiva\/#website","url":"https:\/\/sandzakpress.net\/arhiva\/","name":"Sand\u017eak PRESS","description":"Prve elektronske novine u Sand\u017eaku","publisher":{"@id":"https:\/\/sandzakpress.net\/arhiva\/#\/schema\/person\/6e72b67d6e51910a1117b3b483ba20bd"},"potentialAction":[{"@type":"SearchAction","target":{"@type":"EntryPoint","urlTemplate":"https:\/\/sandzakpress.net\/arhiva\/?s={search_term_string}"},"query-input":{"@type":"PropertyValueSpecification","valueRequired":true,"valueName":"search_term_string"}}],"inLanguage":"bs-BA"},{"@type":["Person","Organization"],"@id":"https:\/\/sandzakpress.net\/arhiva\/#\/schema\/person\/6e72b67d6e51910a1117b3b483ba20bd","name":"Kul","image":{"@type":"ImageObject","inLanguage":"bs-BA","@id":"https:\/\/sandzakpress.net\/arhiva\/#\/schema\/person\/image\/","url":"https:\/\/secure.gravatar.com\/avatar\/42263f39aa27ac04c43cab85c280eb2e?s=96&d=mm&r=pg","contentUrl":"https:\/\/secure.gravatar.com\/avatar\/42263f39aa27ac04c43cab85c280eb2e?s=96&d=mm&r=pg","caption":"Kul"},"logo":{"@id":"https:\/\/sandzakpress.net\/arhiva\/#\/schema\/person\/image\/"}},{"@type":"Person","@id":"https:\/\/sandzakpress.net\/arhiva\/#\/schema\/person\/c8baee722073534b583ea7bdb2e36c02","name":"bosniak","image":{"@type":"ImageObject","inLanguage":"bs-BA","@id":"https:\/\/sandzakpress.net\/arhiva\/#\/schema\/person\/image\/","url":"https:\/\/secure.gravatar.com\/avatar\/a04fd330bfe3a36a72a0ad4a6d89fca7?s=96&d=mm&r=pg","contentUrl":"https:\/\/secure.gravatar.com\/avatar\/a04fd330bfe3a36a72a0ad4a6d89fca7?s=96&d=mm&r=pg","caption":"bosniak"},"url":"https:\/\/sandzakpress.net\/arhiva\/author\/bosniak\/"}]}},"_links":{"self":[{"href":"https:\/\/sandzakpress.net\/arhiva\/wp-json\/wp\/v2\/posts\/212198"}],"collection":[{"href":"https:\/\/sandzakpress.net\/arhiva\/wp-json\/wp\/v2\/posts"}],"about":[{"href":"https:\/\/sandzakpress.net\/arhiva\/wp-json\/wp\/v2\/types\/post"}],"author":[{"embeddable":true,"href":"https:\/\/sandzakpress.net\/arhiva\/wp-json\/wp\/v2\/users\/83"}],"replies":[{"embeddable":true,"href":"https:\/\/sandzakpress.net\/arhiva\/wp-json\/wp\/v2\/comments?post=212198"}],"version-history":[{"count":0,"href":"https:\/\/sandzakpress.net\/arhiva\/wp-json\/wp\/v2\/posts\/212198\/revisions"}],"wp:featuredmedia":[{"embeddable":true,"href":"https:\/\/sandzakpress.net\/arhiva\/wp-json\/wp\/v2\/media\/212199"}],"wp:attachment":[{"href":"https:\/\/sandzakpress.net\/arhiva\/wp-json\/wp\/v2\/media?parent=212198"}],"wp:term":[{"taxonomy":"category","embeddable":true,"href":"https:\/\/sandzakpress.net\/arhiva\/wp-json\/wp\/v2\/categories?post=212198"},{"taxonomy":"post_tag","embeddable":true,"href":"https:\/\/sandzakpress.net\/arhiva\/wp-json\/wp\/v2\/tags?post=212198"}],"curies":[{"name":"wp","href":"https:\/\/api.w.org\/{rel}","templated":true}]}}