{"id":212081,"date":"2018-10-03T12:50:37","date_gmt":"2018-10-03T10:50:37","guid":{"rendered":"https:\/\/sandzakpress.net\/arhiva\/?p=212081"},"modified":"2018-10-03T12:39:35","modified_gmt":"2018-10-03T10:39:35","slug":"bijelo-polje-masovna-tuca-u-skoli-povrijedeno-troje-daka-i-pomocnik-direktora","status":"publish","type":"post","link":"https:\/\/sandzakpress.net\/arhiva\/bijelo-polje-masovna-tuca-u-skoli-povrijedeno-troje-daka-i-pomocnik-direktora\/","title":{"rendered":"Bijelo Polje: Masovna tu\u010da u \u0161koli, povrije\u0111eno troje \u0111aka i pomo\u0107nik direktora"},"content":{"rendered":"<p><img decoding=\"async\" src=\"https:\/\/www.sandzaklive.rs\/images\/000\/Masovna-tuca-momaka-sa-Novog-Beograda-i-Zemuna-Incident-prekinula-policija.jpg\" alt=\"Masovna tuca momaka sa Novog Beograda i Zemuna Incident prekinula policija\" \/><\/p>\n<p><strong>Iz bjelopoljskog Centra bezbjednosti tokom dana i ve\u010deri pozivano je vi\u0161e od 20 u\u010denika na informativne razgovore.<\/strong><\/p>\n<p>Troje u\u010denika zadobilo je lak\u0161e tjelesne povrede u\u00a0masovnoj tu\u010di vi\u0161e od deset u\u010denika tre\u0107eg razreda Srednje elektro-ekonomske \u0161kole u Bijelom Polju, danas popodne oko 15.30 \u010dasova.<\/p>\n<p>Povrije\u0111eni su sedamnaestogodi\u0161njaci A.F,\u00a0U.J. i\u00a0A.B, kao i pomo\u0107nik direktora Miladin Pekovi\u0107 (53), koji je zadobio ogrebotine dok je poku\u0161avao da razdvoji zava\u0111ene u\u010denike.<\/p>\n<p>Iz bjelopoljske Bolnice je saop\u0161teno da u tu\u010di nisu kori\u0161\u0107eni nikakvi predmeti i da su u\u010denici uglavnom tukli rukama, te zadobili povrede u vidu ogrebotina. Nakon zbrinjavanja i snimanja u\u00a0Bolnici, u\u010denici su ubrzo otpu\u0161teni na ku\u0107no lije\u010denje.<\/p>\n<p>Pekovi\u0107 je za Vijesti kazao da ne zna \u0161ta je uzrok tu\u010de.<\/p>\n<p>\u201eTu\u010da je zapo\u010dela iznenada nakon velikog odmora. Za sada se samo naga\u0111a \u0161ta je uzrok. U\u010denici koji su prisustvovali tu\u010di su ispri\u010dali da je sve krenulo bezazlenom prepirkom oko guranja na ulasku u \u0161kolu\u201c, kazao je Pekovi\u0107.<\/p>\n<p>Iz bjelopoljskog Centra bezbjednosti tokom dana i ve\u010deri pozivano je vi\u0161e od 20 u\u010denika na informativne razgovore.<\/p>\n<p>(Vijesti)<\/p>\n","protected":false},"excerpt":{"rendered":"<p>Iz bjelopoljskog Centra bezbjednosti tokom dana i ve\u010deri pozivano je vi\u0161e od 20 u\u010denika na informativne razgovore. Troje u\u010denika zadobilo je lak\u0161e tjelesne povrede u\u00a0masovnoj tu\u010di vi\u0161e od deset u\u010denika tre\u0107eg razreda Srednje elektro-ekonomske \u0161kole u Bijelom Polju, danas popodne oko 15.30 \u010dasova. Povrije\u0111eni su sedamnaestogodi\u0161njaci A.F,\u00a0U.J. i\u00a0A.B, kao i pomo\u0107nik direktora Miladin Pekovi\u0107 (53), [&hellip;]<\/p>\n","protected":false},"author":509,"featured_media":212091,"comment_status":"open","ping_status":"open","sticky":false,"template":"","format":"standard","meta":{"footnotes":""},"categories":[396,801,10429],"tags":[],"class_list":{"0":"post-212081","1":"post","2":"type-post","3":"status-publish","4":"format-standard","5":"has-post-thumbnail","7":"category-bijelo_polje","8":"category-crna_hronika","9":"category-vazno"},"yoast_head":"<!-- This site is optimized with the Yoast SEO Premium plugin v23.1 (Yoast SEO v24.9) - https:\/\/yoast.com\/wordpress\/plugins\/seo\/ -->\n<title>Bijelo Polje: Masovna tu\u010da u \u0161koli, povrije\u0111eno troje \u0111aka i pomo\u0107nik direktora<\/title>\n<meta name=\"robots\" content=\"index, follow, max-snippet:-1, max-image-preview:large, max-video-preview:-1\" \/>\n<link rel=\"canonical\" href=\"https:\/\/sandzakpress.net\/arhiva\/bijelo-polje-masovna-tuca-u-skoli-povrijedeno-troje-daka-i-pomocnik-direktora\/\" \/>\n<meta property=\"og:locale\" content=\"bs_BA\" \/>\n<meta property=\"og:type\" content=\"article\" \/>\n<meta property=\"og:title\" content=\"Bijelo Polje: Masovna tu\u010da u \u0161koli, povrije\u0111eno troje \u0111aka i pomo\u0107nik direktora\" \/>\n<meta property=\"og:description\" content=\"Iz bjelopoljskog Centra bezbjednosti tokom dana i ve\u010deri pozivano je vi\u0161e od 20 u\u010denika na informativne razgovore. Troje u\u010denika zadobilo je lak\u0161e tjelesne povrede u\u00a0masovnoj tu\u010di vi\u0161e od deset u\u010denika tre\u0107eg razreda Srednje elektro-ekonomske \u0161kole u Bijelom Polju, danas popodne oko 15.30 \u010dasova. Povrije\u0111eni su sedamnaestogodi\u0161njaci A.F,\u00a0U.J. i\u00a0A.B, kao i pomo\u0107nik direktora Miladin Pekovi\u0107 (53), [&hellip;]\" \/>\n<meta property=\"og:url\" content=\"https:\/\/sandzakpress.net\/arhiva\/bijelo-polje-masovna-tuca-u-skoli-povrijedeno-troje-daka-i-pomocnik-direktora\/\" \/>\n<meta property=\"og:site_name\" content=\"Sand\u017eak PRESS\" \/>\n<meta property=\"article:published_time\" content=\"2018-10-03T10:50:37+00:00\" \/>\n<meta property=\"og:image\" content=\"https:\/\/sandzakpress.net\/arhiva\/wp-content\/uploads\/2018\/10\/Masovna-tuca-momaka-sa-Novog-Beograda-i-Zemuna-Incident-prekinula-policija.jpg\" \/>\n\t<meta property=\"og:image:width\" content=\"830\" \/>\n\t<meta property=\"og:image:height\" content=\"554\" \/>\n\t<meta property=\"og:image:type\" content=\"image\/jpeg\" \/>\n<meta name=\"author\" content=\"Agencija\" \/>\n<meta name=\"twitter:card\" content=\"summary_large_image\" \/>\n<meta name=\"twitter:label1\" content=\"Written by\" \/>\n\t<meta name=\"twitter:data1\" content=\"Agencija\" \/>\n\t<meta name=\"twitter:label2\" content=\"Est. reading time\" \/>\n\t<meta name=\"twitter:data2\" content=\"1 minuta\" \/>\n<script type=\"application\/ld+json\" class=\"yoast-schema-graph\">{\"@context\":\"https:\/\/schema.org\",\"@graph\":[{\"@type\":\"Article\",\"@id\":\"https:\/\/sandzakpress.net\/arhiva\/bijelo-polje-masovna-tuca-u-skoli-povrijedeno-troje-daka-i-pomocnik-direktora\/#article\",\"isPartOf\":{\"@id\":\"https:\/\/sandzakpress.net\/arhiva\/bijelo-polje-masovna-tuca-u-skoli-povrijedeno-troje-daka-i-pomocnik-direktora\/\"},\"author\":{\"name\":\"Agencija\",\"@id\":\"https:\/\/sandzakpress.net\/arhiva\/#\/schema\/person\/cb59d7e3ab91ab90dd680ad0305a6185\"},\"headline\":\"Bijelo Polje: Masovna tu\u010da u \u0161koli, povrije\u0111eno troje \u0111aka i pomo\u0107nik direktora\",\"datePublished\":\"2018-10-03T10:50:37+00:00\",\"mainEntityOfPage\":{\"@id\":\"https:\/\/sandzakpress.net\/arhiva\/bijelo-polje-masovna-tuca-u-skoli-povrijedeno-troje-daka-i-pomocnik-direktora\/\"},\"wordCount\":221,\"commentCount\":0,\"publisher\":{\"@id\":\"https:\/\/sandzakpress.net\/arhiva\/#\/schema\/person\/6e72b67d6e51910a1117b3b483ba20bd\"},\"image\":{\"@id\":\"https:\/\/sandzakpress.net\/arhiva\/bijelo-polje-masovna-tuca-u-skoli-povrijedeno-troje-daka-i-pomocnik-direktora\/#primaryimage\"},\"thumbnailUrl\":\"https:\/\/sandzakpress.net\/arhiva\/wp-content\/uploads\/2018\/10\/Masovna-tuca-momaka-sa-Novog-Beograda-i-Zemuna-Incident-prekinula-policija.jpg\",\"articleSection\":[\"Bijelo Polje\",\"Hronika\",\"VA\u017dNO!\"],\"inLanguage\":\"bs-BA\",\"potentialAction\":[{\"@type\":\"CommentAction\",\"name\":\"Comment\",\"target\":[\"https:\/\/sandzakpress.net\/arhiva\/bijelo-polje-masovna-tuca-u-skoli-povrijedeno-troje-daka-i-pomocnik-direktora\/#respond\"]}]},{\"@type\":\"WebPage\",\"@id\":\"https:\/\/sandzakpress.net\/arhiva\/bijelo-polje-masovna-tuca-u-skoli-povrijedeno-troje-daka-i-pomocnik-direktora\/\",\"url\":\"https:\/\/sandzakpress.net\/arhiva\/bijelo-polje-masovna-tuca-u-skoli-povrijedeno-troje-daka-i-pomocnik-direktora\/\",\"name\":\"Bijelo Polje: Masovna tu\u010da u \u0161koli, povrije\u0111eno troje \u0111aka i pomo\u0107nik direktora\",\"isPartOf\":{\"@id\":\"https:\/\/sandzakpress.net\/arhiva\/#website\"},\"primaryImageOfPage\":{\"@id\":\"https:\/\/sandzakpress.net\/arhiva\/bijelo-polje-masovna-tuca-u-skoli-povrijedeno-troje-daka-i-pomocnik-direktora\/#primaryimage\"},\"image\":{\"@id\":\"https:\/\/sandzakpress.net\/arhiva\/bijelo-polje-masovna-tuca-u-skoli-povrijedeno-troje-daka-i-pomocnik-direktora\/#primaryimage\"},\"thumbnailUrl\":\"https:\/\/sandzakpress.net\/arhiva\/wp-content\/uploads\/2018\/10\/Masovna-tuca-momaka-sa-Novog-Beograda-i-Zemuna-Incident-prekinula-policija.jpg\",\"datePublished\":\"2018-10-03T10:50:37+00:00\",\"breadcrumb\":{\"@id\":\"https:\/\/sandzakpress.net\/arhiva\/bijelo-polje-masovna-tuca-u-skoli-povrijedeno-troje-daka-i-pomocnik-direktora\/#breadcrumb\"},\"inLanguage\":\"bs-BA\",\"potentialAction\":[{\"@type\":\"ReadAction\",\"target\":[\"https:\/\/sandzakpress.net\/arhiva\/bijelo-polje-masovna-tuca-u-skoli-povrijedeno-troje-daka-i-pomocnik-direktora\/\"]}]},{\"@type\":\"ImageObject\",\"inLanguage\":\"bs-BA\",\"@id\":\"https:\/\/sandzakpress.net\/arhiva\/bijelo-polje-masovna-tuca-u-skoli-povrijedeno-troje-daka-i-pomocnik-direktora\/#primaryimage\",\"url\":\"https:\/\/sandzakpress.net\/arhiva\/wp-content\/uploads\/2018\/10\/Masovna-tuca-momaka-sa-Novog-Beograda-i-Zemuna-Incident-prekinula-policija.jpg\",\"contentUrl\":\"https:\/\/sandzakpress.net\/arhiva\/wp-content\/uploads\/2018\/10\/Masovna-tuca-momaka-sa-Novog-Beograda-i-Zemuna-Incident-prekinula-policija.jpg\",\"width\":830,\"height\":554},{\"@type\":\"BreadcrumbList\",\"@id\":\"https:\/\/sandzakpress.net\/arhiva\/bijelo-polje-masovna-tuca-u-skoli-povrijedeno-troje-daka-i-pomocnik-direktora\/#breadcrumb\",\"itemListElement\":[{\"@type\":\"ListItem\",\"position\":1,\"name\":\"Home\",\"item\":\"https:\/\/sandzakpress.net\/arhiva\/\"},{\"@type\":\"ListItem\",\"position\":2,\"name\":\"Bijelo Polje: Masovna tu\u010da u \u0161koli, povrije\u0111eno troje \u0111aka i pomo\u0107nik direktora\"}]},{\"@type\":\"WebSite\",\"@id\":\"https:\/\/sandzakpress.net\/arhiva\/#website\",\"url\":\"https:\/\/sandzakpress.net\/arhiva\/\",\"name\":\"Sand\u017eak PRESS\",\"description\":\"Prve elektronske novine u Sand\u017eaku\",\"publisher\":{\"@id\":\"https:\/\/sandzakpress.net\/arhiva\/#\/schema\/person\/6e72b67d6e51910a1117b3b483ba20bd\"},\"potentialAction\":[{\"@type\":\"SearchAction\",\"target\":{\"@type\":\"EntryPoint\",\"urlTemplate\":\"https:\/\/sandzakpress.net\/arhiva\/?s={search_term_string}\"},\"query-input\":{\"@type\":\"PropertyValueSpecification\",\"valueRequired\":true,\"valueName\":\"search_term_string\"}}],\"inLanguage\":\"bs-BA\"},{\"@type\":[\"Person\",\"Organization\"],\"@id\":\"https:\/\/sandzakpress.net\/arhiva\/#\/schema\/person\/6e72b67d6e51910a1117b3b483ba20bd\",\"name\":\"Kul\",\"image\":{\"@type\":\"ImageObject\",\"inLanguage\":\"bs-BA\",\"@id\":\"https:\/\/sandzakpress.net\/arhiva\/#\/schema\/person\/image\/\",\"url\":\"https:\/\/secure.gravatar.com\/avatar\/42263f39aa27ac04c43cab85c280eb2e?s=96&d=mm&r=pg\",\"contentUrl\":\"https:\/\/secure.gravatar.com\/avatar\/42263f39aa27ac04c43cab85c280eb2e?s=96&d=mm&r=pg\",\"caption\":\"Kul\"},\"logo\":{\"@id\":\"https:\/\/sandzakpress.net\/arhiva\/#\/schema\/person\/image\/\"}},{\"@type\":\"Person\",\"@id\":\"https:\/\/sandzakpress.net\/arhiva\/#\/schema\/person\/cb59d7e3ab91ab90dd680ad0305a6185\",\"name\":\"Agencija\",\"image\":{\"@type\":\"ImageObject\",\"inLanguage\":\"bs-BA\",\"@id\":\"https:\/\/sandzakpress.net\/arhiva\/#\/schema\/person\/image\/\",\"url\":\"https:\/\/secure.gravatar.com\/avatar\/4b7fafa80a22f0c2afe23966b3961fe0?s=96&d=mm&r=pg\",\"contentUrl\":\"https:\/\/secure.gravatar.com\/avatar\/4b7fafa80a22f0c2afe23966b3961fe0?s=96&d=mm&r=pg\",\"caption\":\"Agencija\"},\"url\":\"https:\/\/sandzakpress.net\/arhiva\/author\/agencija\/\"}]}<\/script>\n<!-- \/ Yoast SEO Premium plugin. -->","yoast_head_json":{"title":"Bijelo Polje: Masovna tu\u010da u \u0161koli, povrije\u0111eno troje \u0111aka i pomo\u0107nik direktora","robots":{"index":"index","follow":"follow","max-snippet":"max-snippet:-1","max-image-preview":"max-image-preview:large","max-video-preview":"max-video-preview:-1"},"canonical":"https:\/\/sandzakpress.net\/arhiva\/bijelo-polje-masovna-tuca-u-skoli-povrijedeno-troje-daka-i-pomocnik-direktora\/","og_locale":"bs_BA","og_type":"article","og_title":"Bijelo Polje: Masovna tu\u010da u \u0161koli, povrije\u0111eno troje \u0111aka i pomo\u0107nik direktora","og_description":"Iz bjelopoljskog Centra bezbjednosti tokom dana i ve\u010deri pozivano je vi\u0161e od 20 u\u010denika na informativne razgovore. Troje u\u010denika zadobilo je lak\u0161e tjelesne povrede u\u00a0masovnoj tu\u010di vi\u0161e od deset u\u010denika tre\u0107eg razreda Srednje elektro-ekonomske \u0161kole u Bijelom Polju, danas popodne oko 15.30 \u010dasova. Povrije\u0111eni su sedamnaestogodi\u0161njaci A.F,\u00a0U.J. i\u00a0A.B, kao i pomo\u0107nik direktora Miladin Pekovi\u0107 (53), [&hellip;]","og_url":"https:\/\/sandzakpress.net\/arhiva\/bijelo-polje-masovna-tuca-u-skoli-povrijedeno-troje-daka-i-pomocnik-direktora\/","og_site_name":"Sand\u017eak PRESS","article_published_time":"2018-10-03T10:50:37+00:00","og_image":[{"width":830,"height":554,"url":"https:\/\/sandzakpress.net\/arhiva\/wp-content\/uploads\/2018\/10\/Masovna-tuca-momaka-sa-Novog-Beograda-i-Zemuna-Incident-prekinula-policija.jpg","type":"image\/jpeg"}],"author":"Agencija","twitter_card":"summary_large_image","twitter_misc":{"Written by":"Agencija","Est. reading time":"1 minuta"},"schema":{"@context":"https:\/\/schema.org","@graph":[{"@type":"Article","@id":"https:\/\/sandzakpress.net\/arhiva\/bijelo-polje-masovna-tuca-u-skoli-povrijedeno-troje-daka-i-pomocnik-direktora\/#article","isPartOf":{"@id":"https:\/\/sandzakpress.net\/arhiva\/bijelo-polje-masovna-tuca-u-skoli-povrijedeno-troje-daka-i-pomocnik-direktora\/"},"author":{"name":"Agencija","@id":"https:\/\/sandzakpress.net\/arhiva\/#\/schema\/person\/cb59d7e3ab91ab90dd680ad0305a6185"},"headline":"Bijelo Polje: Masovna tu\u010da u \u0161koli, povrije\u0111eno troje \u0111aka i pomo\u0107nik direktora","datePublished":"2018-10-03T10:50:37+00:00","mainEntityOfPage":{"@id":"https:\/\/sandzakpress.net\/arhiva\/bijelo-polje-masovna-tuca-u-skoli-povrijedeno-troje-daka-i-pomocnik-direktora\/"},"wordCount":221,"commentCount":0,"publisher":{"@id":"https:\/\/sandzakpress.net\/arhiva\/#\/schema\/person\/6e72b67d6e51910a1117b3b483ba20bd"},"image":{"@id":"https:\/\/sandzakpress.net\/arhiva\/bijelo-polje-masovna-tuca-u-skoli-povrijedeno-troje-daka-i-pomocnik-direktora\/#primaryimage"},"thumbnailUrl":"https:\/\/sandzakpress.net\/arhiva\/wp-content\/uploads\/2018\/10\/Masovna-tuca-momaka-sa-Novog-Beograda-i-Zemuna-Incident-prekinula-policija.jpg","articleSection":["Bijelo Polje","Hronika","VA\u017dNO!"],"inLanguage":"bs-BA","potentialAction":[{"@type":"CommentAction","name":"Comment","target":["https:\/\/sandzakpress.net\/arhiva\/bijelo-polje-masovna-tuca-u-skoli-povrijedeno-troje-daka-i-pomocnik-direktora\/#respond"]}]},{"@type":"WebPage","@id":"https:\/\/sandzakpress.net\/arhiva\/bijelo-polje-masovna-tuca-u-skoli-povrijedeno-troje-daka-i-pomocnik-direktora\/","url":"https:\/\/sandzakpress.net\/arhiva\/bijelo-polje-masovna-tuca-u-skoli-povrijedeno-troje-daka-i-pomocnik-direktora\/","name":"Bijelo Polje: Masovna tu\u010da u \u0161koli, povrije\u0111eno troje \u0111aka i pomo\u0107nik direktora","isPartOf":{"@id":"https:\/\/sandzakpress.net\/arhiva\/#website"},"primaryImageOfPage":{"@id":"https:\/\/sandzakpress.net\/arhiva\/bijelo-polje-masovna-tuca-u-skoli-povrijedeno-troje-daka-i-pomocnik-direktora\/#primaryimage"},"image":{"@id":"https:\/\/sandzakpress.net\/arhiva\/bijelo-polje-masovna-tuca-u-skoli-povrijedeno-troje-daka-i-pomocnik-direktora\/#primaryimage"},"thumbnailUrl":"https:\/\/sandzakpress.net\/arhiva\/wp-content\/uploads\/2018\/10\/Masovna-tuca-momaka-sa-Novog-Beograda-i-Zemuna-Incident-prekinula-policija.jpg","datePublished":"2018-10-03T10:50:37+00:00","breadcrumb":{"@id":"https:\/\/sandzakpress.net\/arhiva\/bijelo-polje-masovna-tuca-u-skoli-povrijedeno-troje-daka-i-pomocnik-direktora\/#breadcrumb"},"inLanguage":"bs-BA","potentialAction":[{"@type":"ReadAction","target":["https:\/\/sandzakpress.net\/arhiva\/bijelo-polje-masovna-tuca-u-skoli-povrijedeno-troje-daka-i-pomocnik-direktora\/"]}]},{"@type":"ImageObject","inLanguage":"bs-BA","@id":"https:\/\/sandzakpress.net\/arhiva\/bijelo-polje-masovna-tuca-u-skoli-povrijedeno-troje-daka-i-pomocnik-direktora\/#primaryimage","url":"https:\/\/sandzakpress.net\/arhiva\/wp-content\/uploads\/2018\/10\/Masovna-tuca-momaka-sa-Novog-Beograda-i-Zemuna-Incident-prekinula-policija.jpg","contentUrl":"https:\/\/sandzakpress.net\/arhiva\/wp-content\/uploads\/2018\/10\/Masovna-tuca-momaka-sa-Novog-Beograda-i-Zemuna-Incident-prekinula-policija.jpg","width":830,"height":554},{"@type":"BreadcrumbList","@id":"https:\/\/sandzakpress.net\/arhiva\/bijelo-polje-masovna-tuca-u-skoli-povrijedeno-troje-daka-i-pomocnik-direktora\/#breadcrumb","itemListElement":[{"@type":"ListItem","position":1,"name":"Home","item":"https:\/\/sandzakpress.net\/arhiva\/"},{"@type":"ListItem","position":2,"name":"Bijelo Polje: Masovna tu\u010da u \u0161koli, povrije\u0111eno troje \u0111aka i pomo\u0107nik direktora"}]},{"@type":"WebSite","@id":"https:\/\/sandzakpress.net\/arhiva\/#website","url":"https:\/\/sandzakpress.net\/arhiva\/","name":"Sand\u017eak PRESS","description":"Prve elektronske novine u Sand\u017eaku","publisher":{"@id":"https:\/\/sandzakpress.net\/arhiva\/#\/schema\/person\/6e72b67d6e51910a1117b3b483ba20bd"},"potentialAction":[{"@type":"SearchAction","target":{"@type":"EntryPoint","urlTemplate":"https:\/\/sandzakpress.net\/arhiva\/?s={search_term_string}"},"query-input":{"@type":"PropertyValueSpecification","valueRequired":true,"valueName":"search_term_string"}}],"inLanguage":"bs-BA"},{"@type":["Person","Organization"],"@id":"https:\/\/sandzakpress.net\/arhiva\/#\/schema\/person\/6e72b67d6e51910a1117b3b483ba20bd","name":"Kul","image":{"@type":"ImageObject","inLanguage":"bs-BA","@id":"https:\/\/sandzakpress.net\/arhiva\/#\/schema\/person\/image\/","url":"https:\/\/secure.gravatar.com\/avatar\/42263f39aa27ac04c43cab85c280eb2e?s=96&d=mm&r=pg","contentUrl":"https:\/\/secure.gravatar.com\/avatar\/42263f39aa27ac04c43cab85c280eb2e?s=96&d=mm&r=pg","caption":"Kul"},"logo":{"@id":"https:\/\/sandzakpress.net\/arhiva\/#\/schema\/person\/image\/"}},{"@type":"Person","@id":"https:\/\/sandzakpress.net\/arhiva\/#\/schema\/person\/cb59d7e3ab91ab90dd680ad0305a6185","name":"Agencija","image":{"@type":"ImageObject","inLanguage":"bs-BA","@id":"https:\/\/sandzakpress.net\/arhiva\/#\/schema\/person\/image\/","url":"https:\/\/secure.gravatar.com\/avatar\/4b7fafa80a22f0c2afe23966b3961fe0?s=96&d=mm&r=pg","contentUrl":"https:\/\/secure.gravatar.com\/avatar\/4b7fafa80a22f0c2afe23966b3961fe0?s=96&d=mm&r=pg","caption":"Agencija"},"url":"https:\/\/sandzakpress.net\/arhiva\/author\/agencija\/"}]}},"_links":{"self":[{"href":"https:\/\/sandzakpress.net\/arhiva\/wp-json\/wp\/v2\/posts\/212081"}],"collection":[{"href":"https:\/\/sandzakpress.net\/arhiva\/wp-json\/wp\/v2\/posts"}],"about":[{"href":"https:\/\/sandzakpress.net\/arhiva\/wp-json\/wp\/v2\/types\/post"}],"author":[{"embeddable":true,"href":"https:\/\/sandzakpress.net\/arhiva\/wp-json\/wp\/v2\/users\/509"}],"replies":[{"embeddable":true,"href":"https:\/\/sandzakpress.net\/arhiva\/wp-json\/wp\/v2\/comments?post=212081"}],"version-history":[{"count":0,"href":"https:\/\/sandzakpress.net\/arhiva\/wp-json\/wp\/v2\/posts\/212081\/revisions"}],"wp:featuredmedia":[{"embeddable":true,"href":"https:\/\/sandzakpress.net\/arhiva\/wp-json\/wp\/v2\/media\/212091"}],"wp:attachment":[{"href":"https:\/\/sandzakpress.net\/arhiva\/wp-json\/wp\/v2\/media?parent=212081"}],"wp:term":[{"taxonomy":"category","embeddable":true,"href":"https:\/\/sandzakpress.net\/arhiva\/wp-json\/wp\/v2\/categories?post=212081"},{"taxonomy":"post_tag","embeddable":true,"href":"https:\/\/sandzakpress.net\/arhiva\/wp-json\/wp\/v2\/tags?post=212081"}],"curies":[{"name":"wp","href":"https:\/\/api.w.org\/{rel}","templated":true}]}}