{"id":211992,"date":"2018-09-30T15:53:02","date_gmt":"2018-09-30T13:53:02","guid":{"rendered":"https:\/\/sandzakpress.net\/arhiva\/?p=211992"},"modified":"2018-09-30T15:53:02","modified_gmt":"2018-09-30T13:53:02","slug":"protest-u-novom-pazaru-zbog-neodgovornog-ponasanja-vlasti","status":"publish","type":"post","link":"https:\/\/sandzakpress.net\/arhiva\/protest-u-novom-pazaru-zbog-neodgovornog-ponasanja-vlasti\/","title":{"rendered":"Protest u Novom Pazaru zbog neodgovornog pona\u0161anja vlasti"},"content":{"rendered":"<p><a href=\"http:\/\/sanapress.info\/wp-content\/uploads\/2018\/09\/DSC09590.jpg\"><img loading=\"lazy\" decoding=\"async\" class=\"alignnone size-full wp-image-41299\" src=\"http:\/\/sanapress.info\/wp-content\/uploads\/2018\/09\/DSC09590.jpg\" alt=\"\" width=\"1171\" height=\"899\" \/><\/a><\/p>\n<p><strong>U cilju osude neodgovornog pona\u0161anja vlasti zbog koga su u vatrenoj stihiji u zgradi Bor u Novom Pazaru u po\u017earu stradale nevine \u017ertve, Stranka pravde i pomirenja organizirala je protestni skup na Trgu Gazi Isa-bega u Novom Pazaru.<\/strong><\/p>\n<p>Kolona predvo\u0111ena predsjednikom SPP-a i narodnim poslanikom muftijom akademikom Muamerom Zukorli\u0107em te predsjednikom Me\u0161ihata IZ-e u Srbiji muftijom dr. Mevlud ef. Dudi\u0107em krenula je od Fakulteta za islamske studije, pro\u0161la pored op\u0161tine, potom pored Nove Lu\u010dne zgrade pa gradskim \u0161etali\u0161tem sve do Sebilja, gdje su se prisutnima obratili \u010delnici Stranke pravde i pomirenja.<\/p>\n<p>Novopazarci su u nedjelju, tog sun\u010danog dana za ovo doba godine u velikom broju izrazili protest i zatra\u017eili promjene skandiranjem: \u201cUprava napolje!\u201d.<\/p>\n<p>Narodni poslanik dr. Jahja Fehratovi\u0107 poru\u010dio je da je ju\u010dera\u0161nji dan bio poraz cijelog sistema.<\/p>\n<p>\u201cU kontinuitetu smo ponavljali da mo\u017ee do\u0107i do onoga \u0161to smo ju\u010der, na\u017ealost, do\u017eivjeli. Od 2016. do 2018. godine kao va\u0161i predstavnici skoro svako zasjedanje u Skup\u0161tini tra\u017eili smo da se uvrsti ta\u010dka vezana za osposobljavanje vatrogasne slu\u017ebe. Svakoga puta oni koji predstavljaju ve\u0107inu odbijali su taj prijedlog. I 2016. dok je ve\u0107inu \u010dinila samo stranka SDP taj prijedlog podr\u017eavala je i tada opoziciona SDA Sand\u017eaka. Kada su i oni postali dio vlasti postali su gluhi na ovaj prijedlog. Ovaj ju\u010dera\u0161nji dan do\u010dekali smo sa muzejskim eksponatima od vatrogasnih vozila, sa onima koji su dolaziv\u0161i na licu mjesta mogli samo nijemo posmatrati kako vatrena stihija guta ljudske \u017eivote. Ko je odgovoran? Za ovo ju\u010de odgovorni su oni koji su bili protiv osavremenjivanja vatrogasne jedinice. Ne mo\u017ee stradati nekoliko ljudskih \u017eivota a da niko ne odgovara za to. Odgovorni su oni koji su izigrali povjerenje gra\u0111ana Novog Pazara. Ogovorni su oni koji odbijaju tri godine prijedlog da se ne\u0161to uradi. Odgovorni su oni koji su nijemo gledali kako vatrene stihije gutaju brojne objekte, a na sve to nisu na\u0161li za shodno da u bud\u017eetu grada izglasamo da se osavremeni vatrogasna jedinica, niti da od nadle\u017enih organa i ministarstva zatra\u017ee da se ona osavremeni. Odgovorni su svi oni koji \u010dine gradsko Vije\u0107e, tako\u0111e odgovorni su i svi oni odbornici u Skup\u0161tini grada koji su ne razmi\u0161ljaju\u0107i, pona\u0161aju\u0107i se kao glasa\u010dka ma\u0161inerija, dizali ruke samo po nalogu njihovih \u0161efova. Oni su svi zajedno doveli do onoga \u0161to smo vidjeli ju\u010de. Danas sa ovoga skupa svi prisutni tra\u017eimo od ljudi iz ove zgrade iza da pod hitno podnesu ostavku. Ka\u017eu da je gradona\u010delnik Nihat Bi\u0161evac dobar \u010dovjek, ja to ne sporim, ali on je preuzeo emanet da upravlja ovim gradom, a taj emanet nije ispunio i zato treba da ode sa svoje pozicije. Slave deset godina uspje\u0161nog rada i djelovanja, a zapravo oni su zaslu\u017eni za deset godina propasti ovoga grada otkako su na vlasti. Nihat Bi\u0161evac, Rasim Ljaji\u0107 &#8211; SDP, Sulejman Ugljanin &#8211; SDA ne misle o gra\u0111anima ovog grada, oni kradu gra\u0111ane ovog grada\u201d, poru\u010dio je dr. Jahja Fehratovi\u0107.<\/p>\n<p>Ispred Sebilja okupljenima se obratio i predsjednik SPP-a akademik muftija Muamer Zukorli\u0107.<\/p>\n<p>\u201cJako je te\u0161ko u ovakvim trenucima dr\u017eati govor. Ako bih pustio emocije da me vode u ovom trenutku, Bog zna \u0161ta bih rekao. Ovaj skup je bio neophodan, jer je on posljednji branik odbrane ljudskosti, jer da smo ovo pre\u0161utjeli, pa gdje bi nam bio obraz da sutra bilo \u0161ta ka\u017eemo ili da se za bilo \u0161ta pokrenemo. Kakav to treba biti \u010dovjek pa re\u0107i nakon dvije minute emocije:\u201dBoga mi \u0161ta \u0107u, nisam kadar i ne ti\u010de me se\u201d, pa nastaviti da normalno \u017eivi\u0161. Lijepo je normalno \u017eivjeti, ali \u0161ta je to danas normalan na\u010din \u017eivota? \u010covjek je vi\u0161e od toga. Allah mu dao odgovornost, razum i udahnuo u njega duh dobra i zadu\u017eio ga da pored obaveze da \u017eivi i pre\u017eivi ima odgovornost za sebe, svoju porodicu, kom\u0161ije i zajednicu, a pogotovo za one nemo\u0107ne. To kakav je ko \u010dovjek ne mjeri se ni po tome koliko ima kvadratnih metara, niti u mjeri koliko ima novca, ve\u0107 po tome koliko je ko ravnodu\u0161an prema ne\u010demu \u0161to je lo\u0161e. Moj kolega Fehratovi\u0107 u skup\u0161tini nekoliko puta je tra\u017eio, vapio, molio da se ne\u0161to u\u010dini, a oni su se podsmijavali, &#8220;kao mi smo ve\u0107ina lako \u0107emo odbiti sve njihove prijedloge&#8221;. E to je njihova \u010dast, to je njihova etika, to je na\u010din njihovog djelovanja\u201d, istakao je Muftija.<\/p>\n<p><iframe loading=\"lazy\" style=\"border: none; overflow: hidden;\" src=\"https:\/\/www.facebook.com\/plugins\/video.php?href=https%3A%2F%2Fwww.facebook.com%2Fsandzak.televizija%2Fvideos%2F489723574876510%2F&amp;show_text=0&amp;width=560\" width=\"560\" height=\"314\" frameborder=\"0\" scrolling=\"no\" allowfullscreen=\"allowfullscreen\"><\/iframe><\/p>\n<p>On je dodao da se novca nema za stvari neophodne za \u010duvanje ljudskih \u017eivota, ali se ima svakog mjeseca 40.000 eura za finansiranje privatne televizije koja slu\u017ei, kako ka\u017ee Muftija, da napada Islamsku zajednicu i sve njene neistomi\u0161ljenike.<\/p>\n<p>\u201cNe mogu da se pomirim sa tim da je u ovom gradu i ovom narodu ubijeno sjeme prkosa i pravde. Danas, vi ste to sjeme koje dokazuje da se ta \u017eeravica nikada ne\u0107e ugasiti. Deset godina evo polako prolazi. Da je bilo zlata, pa dosta je. Da je bilo meda, pa grlo bi nas pecalo, a ne samo otrova i \u010demera za ovih deset godina. Oni bi htjeli druk\u010dije, htjeli bi da mi ovu masu okrenemo ka op\u0161tini i da ih sve istjeramo. Oni znaju da mi to mo\u017eemo i da su oni to zaslu\u017eili, ali ne, kako smo ih doveli na ovu poziciju olovkom i papirom, tako \u0107emo ih i smijeniti\u201d, kazao je akademik muftija Muamer Zukorli\u0107.<\/p>\n<p>\u201cSve sam mogao zamisliti, ali da vatrogasne slu\u017ebe sa merdevinama od dva metra gledaju djecu kako \u017eiva gore, to nisam mogao zamisliti. Ovo je poslednji krik upozorenja. Bojte se nekog ve\u0107eg belaja, ne mo\u017ee se preko ovog pro\u0107i a ko moralno pre\u0111e preko ovoga i pristane na trgovinu i \u0161i\u0107ar, Allah selamet, Bogu na emanet, samo neka mu se Allah smiluje. Zato bra\u0107o i sestre nemamo izbora, jedini odgovor na ovo jeste da se podigne svijest i da se na narednim i svim ostalim izborima olovkom na glasa\u010dkom listi\u0107u staviti ta\u010dku na njihovu deceniju, da se razdu\u017ee, da idu svojim putem, da se vrate svojim trgovinama i prljavim i \u010distim, kojim god ali ne sa pozicija vlasti.&#8221; ka\u017ee Muftija.<\/p>\n<p>Molim uzvi\u0161enog Stvoritelja da djeci koja su ju\u010de stradala u po\u017earu podari D\u017eennet, da porodicama njihovim olak\u0161a, da nama kao zajednici podari jednu veliku pouku. Zato se moramo pobrinuti da oni koji su najbolji me\u0111u nama budu ispred, da nas oni vode.<\/p>\n<p>\u00a0<br \/> <iframe loading=\"lazy\" src=\"https:\/\/www.facebook.com\/plugins\/post.php?href=https%3A%2F%2Fwww.facebook.com%2Fmedia%2Fset%2F%3Fset%3Da.2205737119470665%26type%3D3&amp;width=500\" width=\"500\" height=\"669\" frameborder=\"0\" scrolling=\"no\" data-mce-fragment=\"1\"><\/iframe><\/p>\n","protected":false},"excerpt":{"rendered":"<p>U cilju osude neodgovornog pona\u0161anja vlasti zbog koga su u vatrenoj stihiji u zgradi Bor u Novom Pazaru u po\u017earu stradale nevine \u017ertve, Stranka pravde i pomirenja organizirala je protestni skup na Trgu Gazi Isa-bega u Novom Pazaru. Kolona predvo\u0111ena predsjednikom SPP-a i narodnim poslanikom muftijom akademikom Muamerom Zukorli\u0107em te predsjednikom Me\u0161ihata IZ-e u Srbiji [&hellip;]<\/p>\n","protected":false},"author":509,"featured_media":211993,"comment_status":"open","ping_status":"open","sticky":false,"template":"","format":"standard","meta":{"footnotes":""},"categories":[72,1,8957],"tags":[10541,10204],"class_list":{"0":"post-211992","1":"post","2":"type-post","3":"status-publish","4":"format-standard","5":"has-post-thumbnail","7":"category-novi-pazar","8":"category-politika","9":"category-vijesti-dana","10":"tag-spp","11":"tag-muftija-muamer-zukorlic"},"yoast_head":"<!-- This site is optimized with the Yoast SEO Premium plugin v23.1 (Yoast SEO v24.9) - https:\/\/yoast.com\/wordpress\/plugins\/seo\/ -->\n<title>Protest u Novom Pazaru zbog neodgovornog pona\u0161anja vlasti<\/title>\n<meta name=\"robots\" content=\"index, follow, max-snippet:-1, max-image-preview:large, max-video-preview:-1\" \/>\n<link rel=\"canonical\" href=\"https:\/\/sandzakpress.net\/arhiva\/protest-u-novom-pazaru-zbog-neodgovornog-ponasanja-vlasti\/\" \/>\n<meta property=\"og:locale\" content=\"bs_BA\" \/>\n<meta property=\"og:type\" content=\"article\" \/>\n<meta property=\"og:title\" content=\"Protest u Novom Pazaru zbog neodgovornog pona\u0161anja vlasti\" \/>\n<meta property=\"og:description\" content=\"U cilju osude neodgovornog pona\u0161anja vlasti zbog koga su u vatrenoj stihiji u zgradi Bor u Novom Pazaru u po\u017earu stradale nevine \u017ertve, Stranka pravde i pomirenja organizirala je protestni skup na Trgu Gazi Isa-bega u Novom Pazaru. Kolona predvo\u0111ena predsjednikom SPP-a i narodnim poslanikom muftijom akademikom Muamerom Zukorli\u0107em te predsjednikom Me\u0161ihata IZ-e u Srbiji [&hellip;]\" \/>\n<meta property=\"og:url\" content=\"https:\/\/sandzakpress.net\/arhiva\/protest-u-novom-pazaru-zbog-neodgovornog-ponasanja-vlasti\/\" \/>\n<meta property=\"og:site_name\" content=\"Sand\u017eak PRESS\" \/>\n<meta property=\"article:published_time\" content=\"2018-09-30T13:53:02+00:00\" \/>\n<meta property=\"og:image\" content=\"https:\/\/sandzakpress.net\/arhiva\/wp-content\/uploads\/2018\/09\/DSC09590.jpg\" \/>\n\t<meta property=\"og:image:width\" content=\"1171\" \/>\n\t<meta property=\"og:image:height\" content=\"899\" \/>\n\t<meta property=\"og:image:type\" content=\"image\/jpeg\" \/>\n<meta name=\"author\" content=\"Agencija\" \/>\n<meta name=\"twitter:card\" content=\"summary_large_image\" \/>\n<meta name=\"twitter:label1\" content=\"Written by\" \/>\n\t<meta name=\"twitter:data1\" content=\"Agencija\" \/>\n\t<meta name=\"twitter:label2\" content=\"Est. reading time\" \/>\n\t<meta name=\"twitter:data2\" content=\"6 minuta\" \/>\n<script type=\"application\/ld+json\" class=\"yoast-schema-graph\">{\"@context\":\"https:\/\/schema.org\",\"@graph\":[{\"@type\":\"Article\",\"@id\":\"https:\/\/sandzakpress.net\/arhiva\/protest-u-novom-pazaru-zbog-neodgovornog-ponasanja-vlasti\/#article\",\"isPartOf\":{\"@id\":\"https:\/\/sandzakpress.net\/arhiva\/protest-u-novom-pazaru-zbog-neodgovornog-ponasanja-vlasti\/\"},\"author\":{\"name\":\"Agencija\",\"@id\":\"https:\/\/sandzakpress.net\/arhiva\/#\/schema\/person\/cb59d7e3ab91ab90dd680ad0305a6185\"},\"headline\":\"Protest u Novom Pazaru zbog neodgovornog pona\u0161anja vlasti\",\"datePublished\":\"2018-09-30T13:53:02+00:00\",\"mainEntityOfPage\":{\"@id\":\"https:\/\/sandzakpress.net\/arhiva\/protest-u-novom-pazaru-zbog-neodgovornog-ponasanja-vlasti\/\"},\"wordCount\":1134,\"commentCount\":3,\"publisher\":{\"@id\":\"https:\/\/sandzakpress.net\/arhiva\/#\/schema\/person\/6e72b67d6e51910a1117b3b483ba20bd\"},\"image\":{\"@id\":\"https:\/\/sandzakpress.net\/arhiva\/protest-u-novom-pazaru-zbog-neodgovornog-ponasanja-vlasti\/#primaryimage\"},\"thumbnailUrl\":\"https:\/\/sandzakpress.net\/arhiva\/wp-content\/uploads\/2018\/09\/DSC09590.jpg\",\"keywords\":[\"SPP\",\"muftija Muamer Zukorli\u0107\"],\"articleSection\":[\"Novi Pazar\",\"Politika\",\"VIJESTI DANA\"],\"inLanguage\":\"bs-BA\",\"potentialAction\":[{\"@type\":\"CommentAction\",\"name\":\"Comment\",\"target\":[\"https:\/\/sandzakpress.net\/arhiva\/protest-u-novom-pazaru-zbog-neodgovornog-ponasanja-vlasti\/#respond\"]}]},{\"@type\":\"WebPage\",\"@id\":\"https:\/\/sandzakpress.net\/arhiva\/protest-u-novom-pazaru-zbog-neodgovornog-ponasanja-vlasti\/\",\"url\":\"https:\/\/sandzakpress.net\/arhiva\/protest-u-novom-pazaru-zbog-neodgovornog-ponasanja-vlasti\/\",\"name\":\"Protest u Novom Pazaru zbog neodgovornog pona\u0161anja vlasti\",\"isPartOf\":{\"@id\":\"https:\/\/sandzakpress.net\/arhiva\/#website\"},\"primaryImageOfPage\":{\"@id\":\"https:\/\/sandzakpress.net\/arhiva\/protest-u-novom-pazaru-zbog-neodgovornog-ponasanja-vlasti\/#primaryimage\"},\"image\":{\"@id\":\"https:\/\/sandzakpress.net\/arhiva\/protest-u-novom-pazaru-zbog-neodgovornog-ponasanja-vlasti\/#primaryimage\"},\"thumbnailUrl\":\"https:\/\/sandzakpress.net\/arhiva\/wp-content\/uploads\/2018\/09\/DSC09590.jpg\",\"datePublished\":\"2018-09-30T13:53:02+00:00\",\"breadcrumb\":{\"@id\":\"https:\/\/sandzakpress.net\/arhiva\/protest-u-novom-pazaru-zbog-neodgovornog-ponasanja-vlasti\/#breadcrumb\"},\"inLanguage\":\"bs-BA\",\"potentialAction\":[{\"@type\":\"ReadAction\",\"target\":[\"https:\/\/sandzakpress.net\/arhiva\/protest-u-novom-pazaru-zbog-neodgovornog-ponasanja-vlasti\/\"]}]},{\"@type\":\"ImageObject\",\"inLanguage\":\"bs-BA\",\"@id\":\"https:\/\/sandzakpress.net\/arhiva\/protest-u-novom-pazaru-zbog-neodgovornog-ponasanja-vlasti\/#primaryimage\",\"url\":\"https:\/\/sandzakpress.net\/arhiva\/wp-content\/uploads\/2018\/09\/DSC09590.jpg\",\"contentUrl\":\"https:\/\/sandzakpress.net\/arhiva\/wp-content\/uploads\/2018\/09\/DSC09590.jpg\",\"width\":1171,\"height\":899},{\"@type\":\"BreadcrumbList\",\"@id\":\"https:\/\/sandzakpress.net\/arhiva\/protest-u-novom-pazaru-zbog-neodgovornog-ponasanja-vlasti\/#breadcrumb\",\"itemListElement\":[{\"@type\":\"ListItem\",\"position\":1,\"name\":\"Home\",\"item\":\"https:\/\/sandzakpress.net\/arhiva\/\"},{\"@type\":\"ListItem\",\"position\":2,\"name\":\"Protest u Novom Pazaru zbog neodgovornog pona\u0161anja vlasti\"}]},{\"@type\":\"WebSite\",\"@id\":\"https:\/\/sandzakpress.net\/arhiva\/#website\",\"url\":\"https:\/\/sandzakpress.net\/arhiva\/\",\"name\":\"Sand\u017eak PRESS\",\"description\":\"Prve elektronske novine u Sand\u017eaku\",\"publisher\":{\"@id\":\"https:\/\/sandzakpress.net\/arhiva\/#\/schema\/person\/6e72b67d6e51910a1117b3b483ba20bd\"},\"potentialAction\":[{\"@type\":\"SearchAction\",\"target\":{\"@type\":\"EntryPoint\",\"urlTemplate\":\"https:\/\/sandzakpress.net\/arhiva\/?s={search_term_string}\"},\"query-input\":{\"@type\":\"PropertyValueSpecification\",\"valueRequired\":true,\"valueName\":\"search_term_string\"}}],\"inLanguage\":\"bs-BA\"},{\"@type\":[\"Person\",\"Organization\"],\"@id\":\"https:\/\/sandzakpress.net\/arhiva\/#\/schema\/person\/6e72b67d6e51910a1117b3b483ba20bd\",\"name\":\"Kul\",\"image\":{\"@type\":\"ImageObject\",\"inLanguage\":\"bs-BA\",\"@id\":\"https:\/\/sandzakpress.net\/arhiva\/#\/schema\/person\/image\/\",\"url\":\"https:\/\/secure.gravatar.com\/avatar\/42263f39aa27ac04c43cab85c280eb2e?s=96&d=mm&r=pg\",\"contentUrl\":\"https:\/\/secure.gravatar.com\/avatar\/42263f39aa27ac04c43cab85c280eb2e?s=96&d=mm&r=pg\",\"caption\":\"Kul\"},\"logo\":{\"@id\":\"https:\/\/sandzakpress.net\/arhiva\/#\/schema\/person\/image\/\"}},{\"@type\":\"Person\",\"@id\":\"https:\/\/sandzakpress.net\/arhiva\/#\/schema\/person\/cb59d7e3ab91ab90dd680ad0305a6185\",\"name\":\"Agencija\",\"image\":{\"@type\":\"ImageObject\",\"inLanguage\":\"bs-BA\",\"@id\":\"https:\/\/sandzakpress.net\/arhiva\/#\/schema\/person\/image\/\",\"url\":\"https:\/\/secure.gravatar.com\/avatar\/4b7fafa80a22f0c2afe23966b3961fe0?s=96&d=mm&r=pg\",\"contentUrl\":\"https:\/\/secure.gravatar.com\/avatar\/4b7fafa80a22f0c2afe23966b3961fe0?s=96&d=mm&r=pg\",\"caption\":\"Agencija\"},\"url\":\"https:\/\/sandzakpress.net\/arhiva\/author\/agencija\/\"}]}<\/script>\n<!-- \/ Yoast SEO Premium plugin. -->","yoast_head_json":{"title":"Protest u Novom Pazaru zbog neodgovornog pona\u0161anja vlasti","robots":{"index":"index","follow":"follow","max-snippet":"max-snippet:-1","max-image-preview":"max-image-preview:large","max-video-preview":"max-video-preview:-1"},"canonical":"https:\/\/sandzakpress.net\/arhiva\/protest-u-novom-pazaru-zbog-neodgovornog-ponasanja-vlasti\/","og_locale":"bs_BA","og_type":"article","og_title":"Protest u Novom Pazaru zbog neodgovornog pona\u0161anja vlasti","og_description":"U cilju osude neodgovornog pona\u0161anja vlasti zbog koga su u vatrenoj stihiji u zgradi Bor u Novom Pazaru u po\u017earu stradale nevine \u017ertve, Stranka pravde i pomirenja organizirala je protestni skup na Trgu Gazi Isa-bega u Novom Pazaru. Kolona predvo\u0111ena predsjednikom SPP-a i narodnim poslanikom muftijom akademikom Muamerom Zukorli\u0107em te predsjednikom Me\u0161ihata IZ-e u Srbiji [&hellip;]","og_url":"https:\/\/sandzakpress.net\/arhiva\/protest-u-novom-pazaru-zbog-neodgovornog-ponasanja-vlasti\/","og_site_name":"Sand\u017eak PRESS","article_published_time":"2018-09-30T13:53:02+00:00","og_image":[{"width":1171,"height":899,"url":"https:\/\/sandzakpress.net\/arhiva\/wp-content\/uploads\/2018\/09\/DSC09590.jpg","type":"image\/jpeg"}],"author":"Agencija","twitter_card":"summary_large_image","twitter_misc":{"Written by":"Agencija","Est. reading time":"6 minuta"},"schema":{"@context":"https:\/\/schema.org","@graph":[{"@type":"Article","@id":"https:\/\/sandzakpress.net\/arhiva\/protest-u-novom-pazaru-zbog-neodgovornog-ponasanja-vlasti\/#article","isPartOf":{"@id":"https:\/\/sandzakpress.net\/arhiva\/protest-u-novom-pazaru-zbog-neodgovornog-ponasanja-vlasti\/"},"author":{"name":"Agencija","@id":"https:\/\/sandzakpress.net\/arhiva\/#\/schema\/person\/cb59d7e3ab91ab90dd680ad0305a6185"},"headline":"Protest u Novom Pazaru zbog neodgovornog pona\u0161anja vlasti","datePublished":"2018-09-30T13:53:02+00:00","mainEntityOfPage":{"@id":"https:\/\/sandzakpress.net\/arhiva\/protest-u-novom-pazaru-zbog-neodgovornog-ponasanja-vlasti\/"},"wordCount":1134,"commentCount":3,"publisher":{"@id":"https:\/\/sandzakpress.net\/arhiva\/#\/schema\/person\/6e72b67d6e51910a1117b3b483ba20bd"},"image":{"@id":"https:\/\/sandzakpress.net\/arhiva\/protest-u-novom-pazaru-zbog-neodgovornog-ponasanja-vlasti\/#primaryimage"},"thumbnailUrl":"https:\/\/sandzakpress.net\/arhiva\/wp-content\/uploads\/2018\/09\/DSC09590.jpg","keywords":["SPP","muftija Muamer Zukorli\u0107"],"articleSection":["Novi Pazar","Politika","VIJESTI DANA"],"inLanguage":"bs-BA","potentialAction":[{"@type":"CommentAction","name":"Comment","target":["https:\/\/sandzakpress.net\/arhiva\/protest-u-novom-pazaru-zbog-neodgovornog-ponasanja-vlasti\/#respond"]}]},{"@type":"WebPage","@id":"https:\/\/sandzakpress.net\/arhiva\/protest-u-novom-pazaru-zbog-neodgovornog-ponasanja-vlasti\/","url":"https:\/\/sandzakpress.net\/arhiva\/protest-u-novom-pazaru-zbog-neodgovornog-ponasanja-vlasti\/","name":"Protest u Novom Pazaru zbog neodgovornog pona\u0161anja vlasti","isPartOf":{"@id":"https:\/\/sandzakpress.net\/arhiva\/#website"},"primaryImageOfPage":{"@id":"https:\/\/sandzakpress.net\/arhiva\/protest-u-novom-pazaru-zbog-neodgovornog-ponasanja-vlasti\/#primaryimage"},"image":{"@id":"https:\/\/sandzakpress.net\/arhiva\/protest-u-novom-pazaru-zbog-neodgovornog-ponasanja-vlasti\/#primaryimage"},"thumbnailUrl":"https:\/\/sandzakpress.net\/arhiva\/wp-content\/uploads\/2018\/09\/DSC09590.jpg","datePublished":"2018-09-30T13:53:02+00:00","breadcrumb":{"@id":"https:\/\/sandzakpress.net\/arhiva\/protest-u-novom-pazaru-zbog-neodgovornog-ponasanja-vlasti\/#breadcrumb"},"inLanguage":"bs-BA","potentialAction":[{"@type":"ReadAction","target":["https:\/\/sandzakpress.net\/arhiva\/protest-u-novom-pazaru-zbog-neodgovornog-ponasanja-vlasti\/"]}]},{"@type":"ImageObject","inLanguage":"bs-BA","@id":"https:\/\/sandzakpress.net\/arhiva\/protest-u-novom-pazaru-zbog-neodgovornog-ponasanja-vlasti\/#primaryimage","url":"https:\/\/sandzakpress.net\/arhiva\/wp-content\/uploads\/2018\/09\/DSC09590.jpg","contentUrl":"https:\/\/sandzakpress.net\/arhiva\/wp-content\/uploads\/2018\/09\/DSC09590.jpg","width":1171,"height":899},{"@type":"BreadcrumbList","@id":"https:\/\/sandzakpress.net\/arhiva\/protest-u-novom-pazaru-zbog-neodgovornog-ponasanja-vlasti\/#breadcrumb","itemListElement":[{"@type":"ListItem","position":1,"name":"Home","item":"https:\/\/sandzakpress.net\/arhiva\/"},{"@type":"ListItem","position":2,"name":"Protest u Novom Pazaru zbog neodgovornog pona\u0161anja vlasti"}]},{"@type":"WebSite","@id":"https:\/\/sandzakpress.net\/arhiva\/#website","url":"https:\/\/sandzakpress.net\/arhiva\/","name":"Sand\u017eak PRESS","description":"Prve elektronske novine u Sand\u017eaku","publisher":{"@id":"https:\/\/sandzakpress.net\/arhiva\/#\/schema\/person\/6e72b67d6e51910a1117b3b483ba20bd"},"potentialAction":[{"@type":"SearchAction","target":{"@type":"EntryPoint","urlTemplate":"https:\/\/sandzakpress.net\/arhiva\/?s={search_term_string}"},"query-input":{"@type":"PropertyValueSpecification","valueRequired":true,"valueName":"search_term_string"}}],"inLanguage":"bs-BA"},{"@type":["Person","Organization"],"@id":"https:\/\/sandzakpress.net\/arhiva\/#\/schema\/person\/6e72b67d6e51910a1117b3b483ba20bd","name":"Kul","image":{"@type":"ImageObject","inLanguage":"bs-BA","@id":"https:\/\/sandzakpress.net\/arhiva\/#\/schema\/person\/image\/","url":"https:\/\/secure.gravatar.com\/avatar\/42263f39aa27ac04c43cab85c280eb2e?s=96&d=mm&r=pg","contentUrl":"https:\/\/secure.gravatar.com\/avatar\/42263f39aa27ac04c43cab85c280eb2e?s=96&d=mm&r=pg","caption":"Kul"},"logo":{"@id":"https:\/\/sandzakpress.net\/arhiva\/#\/schema\/person\/image\/"}},{"@type":"Person","@id":"https:\/\/sandzakpress.net\/arhiva\/#\/schema\/person\/cb59d7e3ab91ab90dd680ad0305a6185","name":"Agencija","image":{"@type":"ImageObject","inLanguage":"bs-BA","@id":"https:\/\/sandzakpress.net\/arhiva\/#\/schema\/person\/image\/","url":"https:\/\/secure.gravatar.com\/avatar\/4b7fafa80a22f0c2afe23966b3961fe0?s=96&d=mm&r=pg","contentUrl":"https:\/\/secure.gravatar.com\/avatar\/4b7fafa80a22f0c2afe23966b3961fe0?s=96&d=mm&r=pg","caption":"Agencija"},"url":"https:\/\/sandzakpress.net\/arhiva\/author\/agencija\/"}]}},"_links":{"self":[{"href":"https:\/\/sandzakpress.net\/arhiva\/wp-json\/wp\/v2\/posts\/211992"}],"collection":[{"href":"https:\/\/sandzakpress.net\/arhiva\/wp-json\/wp\/v2\/posts"}],"about":[{"href":"https:\/\/sandzakpress.net\/arhiva\/wp-json\/wp\/v2\/types\/post"}],"author":[{"embeddable":true,"href":"https:\/\/sandzakpress.net\/arhiva\/wp-json\/wp\/v2\/users\/509"}],"replies":[{"embeddable":true,"href":"https:\/\/sandzakpress.net\/arhiva\/wp-json\/wp\/v2\/comments?post=211992"}],"version-history":[{"count":0,"href":"https:\/\/sandzakpress.net\/arhiva\/wp-json\/wp\/v2\/posts\/211992\/revisions"}],"wp:featuredmedia":[{"embeddable":true,"href":"https:\/\/sandzakpress.net\/arhiva\/wp-json\/wp\/v2\/media\/211993"}],"wp:attachment":[{"href":"https:\/\/sandzakpress.net\/arhiva\/wp-json\/wp\/v2\/media?parent=211992"}],"wp:term":[{"taxonomy":"category","embeddable":true,"href":"https:\/\/sandzakpress.net\/arhiva\/wp-json\/wp\/v2\/categories?post=211992"},{"taxonomy":"post_tag","embeddable":true,"href":"https:\/\/sandzakpress.net\/arhiva\/wp-json\/wp\/v2\/tags?post=211992"}],"curies":[{"name":"wp","href":"https:\/\/api.w.org\/{rel}","templated":true}]}}