{"id":211963,"date":"2018-09-29T11:15:22","date_gmt":"2018-09-29T09:15:22","guid":{"rendered":"https:\/\/sandzakpress.net\/arhiva\/?p=211963"},"modified":"2018-09-29T13:39:13","modified_gmt":"2018-09-29T11:39:13","slug":"vise-stanova-gori-u-bor-zgradi-najmanje-dvije-osobe-stradale-u-pozaru-foto","status":"publish","type":"post","link":"https:\/\/sandzakpress.net\/arhiva\/vise-stanova-gori-u-bor-zgradi-najmanje-dvije-osobe-stradale-u-pozaru-foto\/","title":{"rendered":"Vi\u0161e stanova gori u Bor zgradi &#8211; Najmanje dvije osobe stradale u po\u017earu (FOTO)"},"content":{"rendered":"<p><img loading=\"lazy\" decoding=\"async\" class=\"alignnone size-large wp-image-211970\" src=\"https:\/\/sandzakpress.net\/arhiva\/wp-content\/uploads\/2018\/09\/e3afbbb9-5bfa-431a-ba76-04263e1b57f1-616x348.jpg\" alt=\"\" width=\"616\" height=\"348\" srcset=\"https:\/\/sandzakpress.net\/arhiva\/wp-content\/uploads\/2018\/09\/e3afbbb9-5bfa-431a-ba76-04263e1b57f1-616x348.jpg 616w, https:\/\/sandzakpress.net\/arhiva\/wp-content\/uploads\/2018\/09\/e3afbbb9-5bfa-431a-ba76-04263e1b57f1-768x433.jpg 768w, https:\/\/sandzakpress.net\/arhiva\/wp-content\/uploads\/2018\/09\/e3afbbb9-5bfa-431a-ba76-04263e1b57f1.jpg 1600w\" sizes=\"(max-width: 616px) 100vw, 616px\" \/><\/p>\n<p><strong>Kako nezvani\u010dno saznajemo na licu mjesta, trenutno bilans poginulih u po\u017earu u Bor zgradi je dvoje mrtvih i \u0161estoro\u00a0povrije\u0111enih iz dvije porodice, me\u0111u kojima dvoje djece.<\/strong><\/p>\n<p>Za dvije osobe je slu\u017ebeno potvr\u0111ena smrt.\u00a0<\/p>\n<p>Po\u017ear je po\u010deo u 9h. Vatrogasna slu\u017eba je stigla u 10h, me\u0111utim nije posjedovala stube za spa\u0161avanje djece sa terase.<\/p>\n<p><iframe loading=\"lazy\" src=\"https:\/\/www.facebook.com\/plugins\/video.php?href=https%3A%2F%2Fwww.facebook.com%2Frtvnp%2Fvideos%2F2156049757946258%2F&amp;show_text=0&amp;width=560\" width=\"560\" height=\"315\" frameborder=\"0\" scrolling=\"no\" allowfullscreen=\"allowfullscreen\"><\/iframe><\/p>\n<p><img loading=\"lazy\" decoding=\"async\" class=\"alignnone size-large wp-image-211968\" src=\"https:\/\/sandzakpress.net\/arhiva\/wp-content\/uploads\/2018\/09\/IMG-cd64152c3a5cbe2aa74b72ad4777deee-V-616x347.jpg\" alt=\"\" width=\"616\" height=\"347\" srcset=\"https:\/\/sandzakpress.net\/arhiva\/wp-content\/uploads\/2018\/09\/IMG-cd64152c3a5cbe2aa74b72ad4777deee-V-616x347.jpg 616w, https:\/\/sandzakpress.net\/arhiva\/wp-content\/uploads\/2018\/09\/IMG-cd64152c3a5cbe2aa74b72ad4777deee-V-768x432.jpg 768w, https:\/\/sandzakpress.net\/arhiva\/wp-content\/uploads\/2018\/09\/IMG-cd64152c3a5cbe2aa74b72ad4777deee-V.jpg 800w\" sizes=\"(max-width: 616px) 100vw, 616px\" \/>\u00a0<img loading=\"lazy\" decoding=\"async\" class=\"alignnone size-large wp-image-211967\" src=\"https:\/\/sandzakpress.net\/arhiva\/wp-content\/uploads\/2018\/09\/3c866c5d-cc36-4bb7-8c95-27bec336591e-616x348.jpg\" alt=\"\" width=\"616\" height=\"348\" srcset=\"https:\/\/sandzakpress.net\/arhiva\/wp-content\/uploads\/2018\/09\/3c866c5d-cc36-4bb7-8c95-27bec336591e-616x348.jpg 616w, https:\/\/sandzakpress.net\/arhiva\/wp-content\/uploads\/2018\/09\/3c866c5d-cc36-4bb7-8c95-27bec336591e-768x433.jpg 768w, https:\/\/sandzakpress.net\/arhiva\/wp-content\/uploads\/2018\/09\/3c866c5d-cc36-4bb7-8c95-27bec336591e.jpg 1600w\" sizes=\"(max-width: 616px) 100vw, 616px\" \/>\u00a0<img loading=\"lazy\" decoding=\"async\" class=\"alignnone size-large wp-image-211966\" src=\"https:\/\/sandzakpress.net\/arhiva\/wp-content\/uploads\/2018\/09\/bfc12ebf-a66c-46c6-897f-ccefd5df5468-616x348.jpg\" alt=\"\" width=\"616\" height=\"348\" srcset=\"https:\/\/sandzakpress.net\/arhiva\/wp-content\/uploads\/2018\/09\/bfc12ebf-a66c-46c6-897f-ccefd5df5468-616x348.jpg 616w, https:\/\/sandzakpress.net\/arhiva\/wp-content\/uploads\/2018\/09\/bfc12ebf-a66c-46c6-897f-ccefd5df5468-768x433.jpg 768w, https:\/\/sandzakpress.net\/arhiva\/wp-content\/uploads\/2018\/09\/bfc12ebf-a66c-46c6-897f-ccefd5df5468.jpg 1600w\" sizes=\"(max-width: 616px) 100vw, 616px\" \/><\/p>\n<p>Video: facebook\/rtvnp<\/p>\n","protected":false},"excerpt":{"rendered":"<p>Kako nezvani\u010dno saznajemo na licu mjesta, trenutno bilans poginulih u po\u017earu u Bor zgradi je dvoje mrtvih i \u0161estoro\u00a0povrije\u0111enih iz dvije porodice, me\u0111u kojima dvoje djece. Za dvije osobe je slu\u017ebeno potvr\u0111ena smrt.\u00a0 Po\u017ear je po\u010deo u 9h. Vatrogasna slu\u017eba je stigla u 10h, me\u0111utim nije posjedovala stube za spa\u0161avanje djece sa terase. \u00a0\u00a0 Video: [&hellip;]<\/p>\n","protected":false},"author":501,"featured_media":211965,"comment_status":"open","ping_status":"open","sticky":false,"template":"","format":"standard","meta":{"footnotes":""},"categories":[72,801,8957,798],"tags":[],"class_list":{"0":"post-211963","1":"post","2":"type-post","3":"status-publish","4":"format-standard","5":"has-post-thumbnail","7":"category-novi-pazar","8":"category-crna_hronika","9":"category-vijesti-dana","10":"category-teme"},"yoast_head":"<!-- This site is optimized with the Yoast SEO Premium plugin v23.1 (Yoast SEO v24.9) - https:\/\/yoast.com\/wordpress\/plugins\/seo\/ -->\n<title>Vi\u0161e stanova gori u Bor zgradi - Najmanje dvije osobe stradale u po\u017earu (FOTO)<\/title>\n<meta name=\"robots\" content=\"index, follow, max-snippet:-1, max-image-preview:large, max-video-preview:-1\" \/>\n<link rel=\"canonical\" href=\"https:\/\/sandzakpress.net\/arhiva\/vise-stanova-gori-u-bor-zgradi-najmanje-dvije-osobe-stradale-u-pozaru-foto\/\" \/>\n<meta property=\"og:locale\" content=\"bs_BA\" \/>\n<meta property=\"og:type\" content=\"article\" \/>\n<meta property=\"og:title\" content=\"Vi\u0161e stanova gori u Bor zgradi - Najmanje dvije osobe stradale u po\u017earu (FOTO)\" \/>\n<meta property=\"og:description\" content=\"Kako nezvani\u010dno saznajemo na licu mjesta, trenutno bilans poginulih u po\u017earu u Bor zgradi je dvoje mrtvih i \u0161estoro\u00a0povrije\u0111enih iz dvije porodice, me\u0111u kojima dvoje djece. Za dvije osobe je slu\u017ebeno potvr\u0111ena smrt.\u00a0 Po\u017ear je po\u010deo u 9h. Vatrogasna slu\u017eba je stigla u 10h, me\u0111utim nije posjedovala stube za spa\u0161avanje djece sa terase. \u00a0\u00a0 Video: [&hellip;]\" \/>\n<meta property=\"og:url\" content=\"https:\/\/sandzakpress.net\/arhiva\/vise-stanova-gori-u-bor-zgradi-najmanje-dvije-osobe-stradale-u-pozaru-foto\/\" \/>\n<meta property=\"og:site_name\" content=\"Sand\u017eak PRESS\" \/>\n<meta property=\"article:published_time\" content=\"2018-09-29T09:15:22+00:00\" \/>\n<meta property=\"article:modified_time\" content=\"2018-09-29T11:39:13+00:00\" \/>\n<meta property=\"og:image\" content=\"https:\/\/sandzakpress.net\/arhiva\/wp-content\/uploads\/2018\/09\/8698b312-de1b-46f2-8d66-b1788667de28-616x348-1.jpg\" \/>\n\t<meta property=\"og:image:width\" content=\"616\" \/>\n\t<meta property=\"og:image:height\" content=\"348\" \/>\n\t<meta property=\"og:image:type\" content=\"image\/jpeg\" \/>\n<meta name=\"author\" content=\"SM\" \/>\n<meta name=\"twitter:card\" content=\"summary_large_image\" \/>\n<meta name=\"twitter:label1\" content=\"Written by\" \/>\n\t<meta name=\"twitter:data1\" content=\"SM\" \/>\n<script type=\"application\/ld+json\" class=\"yoast-schema-graph\">{\"@context\":\"https:\/\/schema.org\",\"@graph\":[{\"@type\":\"Article\",\"@id\":\"https:\/\/sandzakpress.net\/arhiva\/vise-stanova-gori-u-bor-zgradi-najmanje-dvije-osobe-stradale-u-pozaru-foto\/#article\",\"isPartOf\":{\"@id\":\"https:\/\/sandzakpress.net\/arhiva\/vise-stanova-gori-u-bor-zgradi-najmanje-dvije-osobe-stradale-u-pozaru-foto\/\"},\"author\":{\"name\":\"SM\",\"@id\":\"https:\/\/sandzakpress.net\/arhiva\/#\/schema\/person\/32f63b6bc693126333e4b1d8cccb52ac\"},\"headline\":\"Vi\u0161e stanova gori u Bor zgradi &#8211; Najmanje dvije osobe stradale u po\u017earu (FOTO)\",\"datePublished\":\"2018-09-29T09:15:22+00:00\",\"dateModified\":\"2018-09-29T11:39:13+00:00\",\"mainEntityOfPage\":{\"@id\":\"https:\/\/sandzakpress.net\/arhiva\/vise-stanova-gori-u-bor-zgradi-najmanje-dvije-osobe-stradale-u-pozaru-foto\/\"},\"wordCount\":84,\"commentCount\":3,\"publisher\":{\"@id\":\"https:\/\/sandzakpress.net\/arhiva\/#\/schema\/person\/6e72b67d6e51910a1117b3b483ba20bd\"},\"image\":{\"@id\":\"https:\/\/sandzakpress.net\/arhiva\/vise-stanova-gori-u-bor-zgradi-najmanje-dvije-osobe-stradale-u-pozaru-foto\/#primaryimage\"},\"thumbnailUrl\":\"https:\/\/sandzakpress.net\/arhiva\/wp-content\/uploads\/2018\/09\/8698b312-de1b-46f2-8d66-b1788667de28-616x348-1.jpg\",\"articleSection\":[\"Novi Pazar\",\"Hronika\",\"VIJESTI DANA\",\"NAJNOVIJE\"],\"inLanguage\":\"bs-BA\",\"potentialAction\":[{\"@type\":\"CommentAction\",\"name\":\"Comment\",\"target\":[\"https:\/\/sandzakpress.net\/arhiva\/vise-stanova-gori-u-bor-zgradi-najmanje-dvije-osobe-stradale-u-pozaru-foto\/#respond\"]}]},{\"@type\":\"WebPage\",\"@id\":\"https:\/\/sandzakpress.net\/arhiva\/vise-stanova-gori-u-bor-zgradi-najmanje-dvije-osobe-stradale-u-pozaru-foto\/\",\"url\":\"https:\/\/sandzakpress.net\/arhiva\/vise-stanova-gori-u-bor-zgradi-najmanje-dvije-osobe-stradale-u-pozaru-foto\/\",\"name\":\"Vi\u0161e stanova gori u Bor zgradi - Najmanje dvije osobe stradale u po\u017earu (FOTO)\",\"isPartOf\":{\"@id\":\"https:\/\/sandzakpress.net\/arhiva\/#website\"},\"primaryImageOfPage\":{\"@id\":\"https:\/\/sandzakpress.net\/arhiva\/vise-stanova-gori-u-bor-zgradi-najmanje-dvije-osobe-stradale-u-pozaru-foto\/#primaryimage\"},\"image\":{\"@id\":\"https:\/\/sandzakpress.net\/arhiva\/vise-stanova-gori-u-bor-zgradi-najmanje-dvije-osobe-stradale-u-pozaru-foto\/#primaryimage\"},\"thumbnailUrl\":\"https:\/\/sandzakpress.net\/arhiva\/wp-content\/uploads\/2018\/09\/8698b312-de1b-46f2-8d66-b1788667de28-616x348-1.jpg\",\"datePublished\":\"2018-09-29T09:15:22+00:00\",\"dateModified\":\"2018-09-29T11:39:13+00:00\",\"breadcrumb\":{\"@id\":\"https:\/\/sandzakpress.net\/arhiva\/vise-stanova-gori-u-bor-zgradi-najmanje-dvije-osobe-stradale-u-pozaru-foto\/#breadcrumb\"},\"inLanguage\":\"bs-BA\",\"potentialAction\":[{\"@type\":\"ReadAction\",\"target\":[\"https:\/\/sandzakpress.net\/arhiva\/vise-stanova-gori-u-bor-zgradi-najmanje-dvije-osobe-stradale-u-pozaru-foto\/\"]}]},{\"@type\":\"ImageObject\",\"inLanguage\":\"bs-BA\",\"@id\":\"https:\/\/sandzakpress.net\/arhiva\/vise-stanova-gori-u-bor-zgradi-najmanje-dvije-osobe-stradale-u-pozaru-foto\/#primaryimage\",\"url\":\"https:\/\/sandzakpress.net\/arhiva\/wp-content\/uploads\/2018\/09\/8698b312-de1b-46f2-8d66-b1788667de28-616x348-1.jpg\",\"contentUrl\":\"https:\/\/sandzakpress.net\/arhiva\/wp-content\/uploads\/2018\/09\/8698b312-de1b-46f2-8d66-b1788667de28-616x348-1.jpg\",\"width\":616,\"height\":348},{\"@type\":\"BreadcrumbList\",\"@id\":\"https:\/\/sandzakpress.net\/arhiva\/vise-stanova-gori-u-bor-zgradi-najmanje-dvije-osobe-stradale-u-pozaru-foto\/#breadcrumb\",\"itemListElement\":[{\"@type\":\"ListItem\",\"position\":1,\"name\":\"Home\",\"item\":\"https:\/\/sandzakpress.net\/arhiva\/\"},{\"@type\":\"ListItem\",\"position\":2,\"name\":\"Vi\u0161e stanova gori u Bor zgradi &#8211; Najmanje dvije osobe stradale u po\u017earu (FOTO)\"}]},{\"@type\":\"WebSite\",\"@id\":\"https:\/\/sandzakpress.net\/arhiva\/#website\",\"url\":\"https:\/\/sandzakpress.net\/arhiva\/\",\"name\":\"Sand\u017eak PRESS\",\"description\":\"Prve elektronske novine u Sand\u017eaku\",\"publisher\":{\"@id\":\"https:\/\/sandzakpress.net\/arhiva\/#\/schema\/person\/6e72b67d6e51910a1117b3b483ba20bd\"},\"potentialAction\":[{\"@type\":\"SearchAction\",\"target\":{\"@type\":\"EntryPoint\",\"urlTemplate\":\"https:\/\/sandzakpress.net\/arhiva\/?s={search_term_string}\"},\"query-input\":{\"@type\":\"PropertyValueSpecification\",\"valueRequired\":true,\"valueName\":\"search_term_string\"}}],\"inLanguage\":\"bs-BA\"},{\"@type\":[\"Person\",\"Organization\"],\"@id\":\"https:\/\/sandzakpress.net\/arhiva\/#\/schema\/person\/6e72b67d6e51910a1117b3b483ba20bd\",\"name\":\"Kul\",\"image\":{\"@type\":\"ImageObject\",\"inLanguage\":\"bs-BA\",\"@id\":\"https:\/\/sandzakpress.net\/arhiva\/#\/schema\/person\/image\/\",\"url\":\"https:\/\/secure.gravatar.com\/avatar\/42263f39aa27ac04c43cab85c280eb2e?s=96&d=mm&r=pg\",\"contentUrl\":\"https:\/\/secure.gravatar.com\/avatar\/42263f39aa27ac04c43cab85c280eb2e?s=96&d=mm&r=pg\",\"caption\":\"Kul\"},\"logo\":{\"@id\":\"https:\/\/sandzakpress.net\/arhiva\/#\/schema\/person\/image\/\"}},{\"@type\":\"Person\",\"@id\":\"https:\/\/sandzakpress.net\/arhiva\/#\/schema\/person\/32f63b6bc693126333e4b1d8cccb52ac\",\"name\":\"SM\",\"image\":{\"@type\":\"ImageObject\",\"inLanguage\":\"bs-BA\",\"@id\":\"https:\/\/sandzakpress.net\/arhiva\/#\/schema\/person\/image\/\",\"url\":\"https:\/\/secure.gravatar.com\/avatar\/e06a45a606f1dee973ded6565c9e653e?s=96&d=mm&r=pg\",\"contentUrl\":\"https:\/\/secure.gravatar.com\/avatar\/e06a45a606f1dee973ded6565c9e653e?s=96&d=mm&r=pg\",\"caption\":\"SM\"},\"url\":\"https:\/\/sandzakpress.net\/arhiva\/author\/sandzakmedia\/\"}]}<\/script>\n<!-- \/ Yoast SEO Premium plugin. -->","yoast_head_json":{"title":"Vi\u0161e stanova gori u Bor zgradi - Najmanje dvije osobe stradale u po\u017earu (FOTO)","robots":{"index":"index","follow":"follow","max-snippet":"max-snippet:-1","max-image-preview":"max-image-preview:large","max-video-preview":"max-video-preview:-1"},"canonical":"https:\/\/sandzakpress.net\/arhiva\/vise-stanova-gori-u-bor-zgradi-najmanje-dvije-osobe-stradale-u-pozaru-foto\/","og_locale":"bs_BA","og_type":"article","og_title":"Vi\u0161e stanova gori u Bor zgradi - Najmanje dvije osobe stradale u po\u017earu (FOTO)","og_description":"Kako nezvani\u010dno saznajemo na licu mjesta, trenutno bilans poginulih u po\u017earu u Bor zgradi je dvoje mrtvih i \u0161estoro\u00a0povrije\u0111enih iz dvije porodice, me\u0111u kojima dvoje djece. Za dvije osobe je slu\u017ebeno potvr\u0111ena smrt.\u00a0 Po\u017ear je po\u010deo u 9h. Vatrogasna slu\u017eba je stigla u 10h, me\u0111utim nije posjedovala stube za spa\u0161avanje djece sa terase. \u00a0\u00a0 Video: [&hellip;]","og_url":"https:\/\/sandzakpress.net\/arhiva\/vise-stanova-gori-u-bor-zgradi-najmanje-dvije-osobe-stradale-u-pozaru-foto\/","og_site_name":"Sand\u017eak PRESS","article_published_time":"2018-09-29T09:15:22+00:00","article_modified_time":"2018-09-29T11:39:13+00:00","og_image":[{"width":616,"height":348,"url":"https:\/\/sandzakpress.net\/arhiva\/wp-content\/uploads\/2018\/09\/8698b312-de1b-46f2-8d66-b1788667de28-616x348-1.jpg","type":"image\/jpeg"}],"author":"SM","twitter_card":"summary_large_image","twitter_misc":{"Written by":"SM"},"schema":{"@context":"https:\/\/schema.org","@graph":[{"@type":"Article","@id":"https:\/\/sandzakpress.net\/arhiva\/vise-stanova-gori-u-bor-zgradi-najmanje-dvije-osobe-stradale-u-pozaru-foto\/#article","isPartOf":{"@id":"https:\/\/sandzakpress.net\/arhiva\/vise-stanova-gori-u-bor-zgradi-najmanje-dvije-osobe-stradale-u-pozaru-foto\/"},"author":{"name":"SM","@id":"https:\/\/sandzakpress.net\/arhiva\/#\/schema\/person\/32f63b6bc693126333e4b1d8cccb52ac"},"headline":"Vi\u0161e stanova gori u Bor zgradi &#8211; Najmanje dvije osobe stradale u po\u017earu (FOTO)","datePublished":"2018-09-29T09:15:22+00:00","dateModified":"2018-09-29T11:39:13+00:00","mainEntityOfPage":{"@id":"https:\/\/sandzakpress.net\/arhiva\/vise-stanova-gori-u-bor-zgradi-najmanje-dvije-osobe-stradale-u-pozaru-foto\/"},"wordCount":84,"commentCount":3,"publisher":{"@id":"https:\/\/sandzakpress.net\/arhiva\/#\/schema\/person\/6e72b67d6e51910a1117b3b483ba20bd"},"image":{"@id":"https:\/\/sandzakpress.net\/arhiva\/vise-stanova-gori-u-bor-zgradi-najmanje-dvije-osobe-stradale-u-pozaru-foto\/#primaryimage"},"thumbnailUrl":"https:\/\/sandzakpress.net\/arhiva\/wp-content\/uploads\/2018\/09\/8698b312-de1b-46f2-8d66-b1788667de28-616x348-1.jpg","articleSection":["Novi Pazar","Hronika","VIJESTI DANA","NAJNOVIJE"],"inLanguage":"bs-BA","potentialAction":[{"@type":"CommentAction","name":"Comment","target":["https:\/\/sandzakpress.net\/arhiva\/vise-stanova-gori-u-bor-zgradi-najmanje-dvije-osobe-stradale-u-pozaru-foto\/#respond"]}]},{"@type":"WebPage","@id":"https:\/\/sandzakpress.net\/arhiva\/vise-stanova-gori-u-bor-zgradi-najmanje-dvije-osobe-stradale-u-pozaru-foto\/","url":"https:\/\/sandzakpress.net\/arhiva\/vise-stanova-gori-u-bor-zgradi-najmanje-dvije-osobe-stradale-u-pozaru-foto\/","name":"Vi\u0161e stanova gori u Bor zgradi - Najmanje dvije osobe stradale u po\u017earu (FOTO)","isPartOf":{"@id":"https:\/\/sandzakpress.net\/arhiva\/#website"},"primaryImageOfPage":{"@id":"https:\/\/sandzakpress.net\/arhiva\/vise-stanova-gori-u-bor-zgradi-najmanje-dvije-osobe-stradale-u-pozaru-foto\/#primaryimage"},"image":{"@id":"https:\/\/sandzakpress.net\/arhiva\/vise-stanova-gori-u-bor-zgradi-najmanje-dvije-osobe-stradale-u-pozaru-foto\/#primaryimage"},"thumbnailUrl":"https:\/\/sandzakpress.net\/arhiva\/wp-content\/uploads\/2018\/09\/8698b312-de1b-46f2-8d66-b1788667de28-616x348-1.jpg","datePublished":"2018-09-29T09:15:22+00:00","dateModified":"2018-09-29T11:39:13+00:00","breadcrumb":{"@id":"https:\/\/sandzakpress.net\/arhiva\/vise-stanova-gori-u-bor-zgradi-najmanje-dvije-osobe-stradale-u-pozaru-foto\/#breadcrumb"},"inLanguage":"bs-BA","potentialAction":[{"@type":"ReadAction","target":["https:\/\/sandzakpress.net\/arhiva\/vise-stanova-gori-u-bor-zgradi-najmanje-dvije-osobe-stradale-u-pozaru-foto\/"]}]},{"@type":"ImageObject","inLanguage":"bs-BA","@id":"https:\/\/sandzakpress.net\/arhiva\/vise-stanova-gori-u-bor-zgradi-najmanje-dvije-osobe-stradale-u-pozaru-foto\/#primaryimage","url":"https:\/\/sandzakpress.net\/arhiva\/wp-content\/uploads\/2018\/09\/8698b312-de1b-46f2-8d66-b1788667de28-616x348-1.jpg","contentUrl":"https:\/\/sandzakpress.net\/arhiva\/wp-content\/uploads\/2018\/09\/8698b312-de1b-46f2-8d66-b1788667de28-616x348-1.jpg","width":616,"height":348},{"@type":"BreadcrumbList","@id":"https:\/\/sandzakpress.net\/arhiva\/vise-stanova-gori-u-bor-zgradi-najmanje-dvije-osobe-stradale-u-pozaru-foto\/#breadcrumb","itemListElement":[{"@type":"ListItem","position":1,"name":"Home","item":"https:\/\/sandzakpress.net\/arhiva\/"},{"@type":"ListItem","position":2,"name":"Vi\u0161e stanova gori u Bor zgradi &#8211; Najmanje dvije osobe stradale u po\u017earu (FOTO)"}]},{"@type":"WebSite","@id":"https:\/\/sandzakpress.net\/arhiva\/#website","url":"https:\/\/sandzakpress.net\/arhiva\/","name":"Sand\u017eak PRESS","description":"Prve elektronske novine u Sand\u017eaku","publisher":{"@id":"https:\/\/sandzakpress.net\/arhiva\/#\/schema\/person\/6e72b67d6e51910a1117b3b483ba20bd"},"potentialAction":[{"@type":"SearchAction","target":{"@type":"EntryPoint","urlTemplate":"https:\/\/sandzakpress.net\/arhiva\/?s={search_term_string}"},"query-input":{"@type":"PropertyValueSpecification","valueRequired":true,"valueName":"search_term_string"}}],"inLanguage":"bs-BA"},{"@type":["Person","Organization"],"@id":"https:\/\/sandzakpress.net\/arhiva\/#\/schema\/person\/6e72b67d6e51910a1117b3b483ba20bd","name":"Kul","image":{"@type":"ImageObject","inLanguage":"bs-BA","@id":"https:\/\/sandzakpress.net\/arhiva\/#\/schema\/person\/image\/","url":"https:\/\/secure.gravatar.com\/avatar\/42263f39aa27ac04c43cab85c280eb2e?s=96&d=mm&r=pg","contentUrl":"https:\/\/secure.gravatar.com\/avatar\/42263f39aa27ac04c43cab85c280eb2e?s=96&d=mm&r=pg","caption":"Kul"},"logo":{"@id":"https:\/\/sandzakpress.net\/arhiva\/#\/schema\/person\/image\/"}},{"@type":"Person","@id":"https:\/\/sandzakpress.net\/arhiva\/#\/schema\/person\/32f63b6bc693126333e4b1d8cccb52ac","name":"SM","image":{"@type":"ImageObject","inLanguage":"bs-BA","@id":"https:\/\/sandzakpress.net\/arhiva\/#\/schema\/person\/image\/","url":"https:\/\/secure.gravatar.com\/avatar\/e06a45a606f1dee973ded6565c9e653e?s=96&d=mm&r=pg","contentUrl":"https:\/\/secure.gravatar.com\/avatar\/e06a45a606f1dee973ded6565c9e653e?s=96&d=mm&r=pg","caption":"SM"},"url":"https:\/\/sandzakpress.net\/arhiva\/author\/sandzakmedia\/"}]}},"_links":{"self":[{"href":"https:\/\/sandzakpress.net\/arhiva\/wp-json\/wp\/v2\/posts\/211963"}],"collection":[{"href":"https:\/\/sandzakpress.net\/arhiva\/wp-json\/wp\/v2\/posts"}],"about":[{"href":"https:\/\/sandzakpress.net\/arhiva\/wp-json\/wp\/v2\/types\/post"}],"author":[{"embeddable":true,"href":"https:\/\/sandzakpress.net\/arhiva\/wp-json\/wp\/v2\/users\/501"}],"replies":[{"embeddable":true,"href":"https:\/\/sandzakpress.net\/arhiva\/wp-json\/wp\/v2\/comments?post=211963"}],"version-history":[{"count":0,"href":"https:\/\/sandzakpress.net\/arhiva\/wp-json\/wp\/v2\/posts\/211963\/revisions"}],"wp:featuredmedia":[{"embeddable":true,"href":"https:\/\/sandzakpress.net\/arhiva\/wp-json\/wp\/v2\/media\/211965"}],"wp:attachment":[{"href":"https:\/\/sandzakpress.net\/arhiva\/wp-json\/wp\/v2\/media?parent=211963"}],"wp:term":[{"taxonomy":"category","embeddable":true,"href":"https:\/\/sandzakpress.net\/arhiva\/wp-json\/wp\/v2\/categories?post=211963"},{"taxonomy":"post_tag","embeddable":true,"href":"https:\/\/sandzakpress.net\/arhiva\/wp-json\/wp\/v2\/tags?post=211963"}],"curies":[{"name":"wp","href":"https:\/\/api.w.org\/{rel}","templated":true}]}}