{"id":21192,"date":"2011-10-06T15:15:47","date_gmt":"2011-10-06T13:15:47","guid":{"rendered":"https:\/\/sandzakpress.net\/arhiva\/?p=21192"},"modified":"2011-10-06T15:15:47","modified_gmt":"2011-10-06T13:15:47","slug":"reakcija-na-oslobadajucu-presudu-viseg-suda-u-bijelom-polju-u-slucaju-bukovica","status":"publish","type":"post","link":"https:\/\/sandzakpress.net\/arhiva\/reakcija-na-oslobadajucu-presudu-viseg-suda-u-bijelom-polju-u-slucaju-bukovica\/","title":{"rendered":"Reakcija na osloba\u0111aju\u0107u presudu Vi\u0161eg suda u Bijelom polju u slu\u010daju Bukovica"},"content":{"rendered":"<p><strong><a href=\"https:\/\/sandzakpress.net\/arhiva\/wp-content\/uploads\/2011\/10\/RH-kongres.jpg\"><img loading=\"lazy\" decoding=\"async\" class=\"alignleft size-medium wp-image-21193\" title=\"RH-kongres\" src=\"https:\/\/sandzakpress.net\/arhiva\/wp-content\/uploads\/2011\/10\/RH-kongres-300x201.jpg\" alt=\"\" width=\"300\" height=\"201\" \/><\/a>Ju\u017eni sand\u017eak &#8211; Bo\u0161nja\u010dka stranka je ogor\u010dena apsurdnom oslobadjaju\u0107om presudom koju je izrekao Vi\u0161i sud u Bijelom Polju za slu\u010daj Bukovica. Jo\u0161 jednom se desio slu\u010daj da zlo\u010din postoji a da zlo\u010dinaca nema. <\/strong><br \/>\nZnaju\u0107i \u0161ta se dogodilo na tim prostorima, to jest da su nevini ljudi ubijani, da je nad gra\u0111anima bo\u0161nja\u010dke nacionalnosti vr\u0161en teror, te da je posledica svega toga \u0161est smrtnih slu\u010dajeva i raseljavanje \u010ditavog jednog prostora na kom su oduvijek \u017eivjeli ti ljudi, te dovode\u0107i sudsku odluku u vezu sa onim \u0161to se zaista dogodilo, navodi ne samo mene ve\u0107 i sve gra\u0111ane Crne Gore na sumnju u iskrenost procesa koji je vo\u0111en.<br \/>\nZar sve ovo, nisu bili dovoljni dokazi za Vi\u0161i sud u Bijelom Polju, da se utvrdi da je rije\u010d o ratnom zlo\u010dinu koji zahtijeva procesuiranje i odgovaraju\u0107u kaznu.<\/p>\n<p>\u010cemu i kome onda slu\u017ei program resornog ministarstva rada i socijalnog staranja za povratak ljudi u Bukovicu, ako je bjelopoljski Vi\u0161i sud utvrdio da optu\u017eeni nijesu krivi i da se zlo\u010din nije dogodio.<br \/>\nProsto je nejverovatno da su optu\u017ebom ozna\u010deni konkretni izvr\u0161ioci zlo\u010dina a da na drugoj strani sud, zbog nedostatka dokaza, optu\u017eene oslobodi od optu\u017ebe. U svemu tome, ili je pogrije\u0161io tu\u017eilac jer je optu\u017eio nevine ljude ili je pogrije\u0161io sud jer je oslobodio krive ljude.<br \/>\nDa li se u tome krije ne\u010dija gre\u0161ka, zla namjera ili pak ne\u0161to drugo, ja ne mogu znati, ali ako se sve to de\u0161avalo na prostoru Crne Gore u kojoj se nije ratovalo, mislim da je za svo ovo vrijeme, nakon toga, bilo mogu\u0107e identifikovati izvr\u0161ioce zlo\u010dina koji to uistinu jesu.<br \/>\nZbog svega toga, apelujem na dana\u0161nju Crnu Goru da iznadje mogu\u0107nosti da se makar preko pravednih sudskih odluka, suo\u010di sa pro\u0161lo\u0161\u0107u, jer izmedju ostalog i to je jedan od uslova me\u0111unacionalnog razumijevanja, pomirenja pa i ako ho\u0107ete evropskih integracija.<\/p>\n<p>Predsjednik Bo\u0161nja\u010dke stranke<br \/>\n<strong>Rafet Husovi\u0107<\/strong><\/p>\n<p>Izvor: <strong>bosnjackastranka.org<\/strong><\/p>\n","protected":false},"excerpt":{"rendered":"<p>Ju\u017eni sand\u017eak &#8211; Bo\u0161nja\u010dka stranka je ogor\u010dena apsurdnom oslobadjaju\u0107om presudom koju je izrekao Vi\u0161i sud u Bijelom Polju za slu\u010daj Bukovica. Jo\u0161 jednom se desio slu\u010daj da zlo\u010din postoji a da zlo\u010dinaca nema. Znaju\u0107i \u0161ta se dogodilo na tim prostorima, to jest da su nevini ljudi ubijani, da je nad gra\u0111anima bo\u0161nja\u010dke nacionalnosti vr\u0161en teror, [&hellip;]<\/p>\n","protected":false},"author":14,"featured_media":21193,"comment_status":"open","ping_status":"open","sticky":false,"template":"","format":"standard","meta":{"footnotes":""},"categories":[398,800,397,396,395,399],"tags":[],"class_list":{"0":"post-21192","1":"post","2":"type-post","3":"status-publish","4":"format-standard","5":"has-post-thumbnail","7":"category-rozaje","8":"category-nacija","9":"category-berane","10":"category-bijelo_polje","11":"category-pljevlja_","12":"category-plav_"},"yoast_head":"<!-- This site is optimized with the Yoast SEO Premium plugin v23.1 (Yoast SEO v24.9) - https:\/\/yoast.com\/wordpress\/plugins\/seo\/ -->\n<title>Reakcija na osloba\u0111aju\u0107u presudu Vi\u0161eg suda u Bijelom polju u slu\u010daju Bukovica<\/title>\n<meta name=\"robots\" content=\"index, follow, max-snippet:-1, max-image-preview:large, max-video-preview:-1\" \/>\n<link rel=\"canonical\" href=\"https:\/\/sandzakpress.net\/arhiva\/reakcija-na-oslobadajucu-presudu-viseg-suda-u-bijelom-polju-u-slucaju-bukovica\/\" \/>\n<meta property=\"og:locale\" content=\"bs_BA\" \/>\n<meta property=\"og:type\" content=\"article\" \/>\n<meta property=\"og:title\" content=\"Reakcija na osloba\u0111aju\u0107u presudu Vi\u0161eg suda u Bijelom polju u slu\u010daju Bukovica\" \/>\n<meta property=\"og:description\" content=\"Ju\u017eni sand\u017eak &#8211; Bo\u0161nja\u010dka stranka je ogor\u010dena apsurdnom oslobadjaju\u0107om presudom koju je izrekao Vi\u0161i sud u Bijelom Polju za slu\u010daj Bukovica. Jo\u0161 jednom se desio slu\u010daj da zlo\u010din postoji a da zlo\u010dinaca nema. Znaju\u0107i \u0161ta se dogodilo na tim prostorima, to jest da su nevini ljudi ubijani, da je nad gra\u0111anima bo\u0161nja\u010dke nacionalnosti vr\u0161en teror, [&hellip;]\" \/>\n<meta property=\"og:url\" content=\"https:\/\/sandzakpress.net\/arhiva\/reakcija-na-oslobadajucu-presudu-viseg-suda-u-bijelom-polju-u-slucaju-bukovica\/\" \/>\n<meta property=\"og:site_name\" content=\"Sand\u017eak PRESS\" \/>\n<meta property=\"article:published_time\" content=\"2011-10-06T13:15:47+00:00\" \/>\n<meta property=\"og:image\" content=\"https:\/\/sandzakpress.net\/arhiva\/wp-content\/uploads\/2011\/10\/RH-kongres.jpg\" \/>\n\t<meta property=\"og:image:width\" content=\"600\" \/>\n\t<meta property=\"og:image:height\" content=\"402\" \/>\n\t<meta property=\"og:image:type\" content=\"image\/jpeg\" \/>\n<meta name=\"twitter:card\" content=\"summary_large_image\" \/>\n<meta name=\"twitter:label1\" content=\"Written by\" \/>\n\t<meta name=\"twitter:data1\" content=\"\" \/>\n\t<meta name=\"twitter:label2\" content=\"Est. reading time\" \/>\n\t<meta name=\"twitter:data2\" content=\"2 minute\" \/>\n<script type=\"application\/ld+json\" class=\"yoast-schema-graph\">{\"@context\":\"https:\/\/schema.org\",\"@graph\":[{\"@type\":\"Article\",\"@id\":\"https:\/\/sandzakpress.net\/arhiva\/reakcija-na-oslobadajucu-presudu-viseg-suda-u-bijelom-polju-u-slucaju-bukovica\/#article\",\"isPartOf\":{\"@id\":\"https:\/\/sandzakpress.net\/arhiva\/reakcija-na-oslobadajucu-presudu-viseg-suda-u-bijelom-polju-u-slucaju-bukovica\/\"},\"author\":{\"name\":\"\",\"@id\":\"\"},\"headline\":\"Reakcija na osloba\u0111aju\u0107u presudu Vi\u0161eg suda u Bijelom polju u slu\u010daju Bukovica\",\"datePublished\":\"2011-10-06T13:15:47+00:00\",\"mainEntityOfPage\":{\"@id\":\"https:\/\/sandzakpress.net\/arhiva\/reakcija-na-oslobadajucu-presudu-viseg-suda-u-bijelom-polju-u-slucaju-bukovica\/\"},\"wordCount\":378,\"commentCount\":1,\"publisher\":{\"@id\":\"https:\/\/sandzakpress.net\/arhiva\/#\/schema\/person\/6e72b67d6e51910a1117b3b483ba20bd\"},\"image\":{\"@id\":\"https:\/\/sandzakpress.net\/arhiva\/reakcija-na-oslobadajucu-presudu-viseg-suda-u-bijelom-polju-u-slucaju-bukovica\/#primaryimage\"},\"thumbnailUrl\":\"https:\/\/sandzakpress.net\/arhiva\/wp-content\/uploads\/2011\/10\/RH-kongres.jpg\",\"articleSection\":[\"Ro\u017eaje\",\"Nacija\",\"Berane\",\"Bijelo Polje\",\"Pljevlja\",\"Plav\"],\"inLanguage\":\"bs-BA\",\"potentialAction\":[{\"@type\":\"CommentAction\",\"name\":\"Comment\",\"target\":[\"https:\/\/sandzakpress.net\/arhiva\/reakcija-na-oslobadajucu-presudu-viseg-suda-u-bijelom-polju-u-slucaju-bukovica\/#respond\"]}]},{\"@type\":\"WebPage\",\"@id\":\"https:\/\/sandzakpress.net\/arhiva\/reakcija-na-oslobadajucu-presudu-viseg-suda-u-bijelom-polju-u-slucaju-bukovica\/\",\"url\":\"https:\/\/sandzakpress.net\/arhiva\/reakcija-na-oslobadajucu-presudu-viseg-suda-u-bijelom-polju-u-slucaju-bukovica\/\",\"name\":\"Reakcija na osloba\u0111aju\u0107u presudu Vi\u0161eg suda u Bijelom polju u slu\u010daju Bukovica\",\"isPartOf\":{\"@id\":\"https:\/\/sandzakpress.net\/arhiva\/#website\"},\"primaryImageOfPage\":{\"@id\":\"https:\/\/sandzakpress.net\/arhiva\/reakcija-na-oslobadajucu-presudu-viseg-suda-u-bijelom-polju-u-slucaju-bukovica\/#primaryimage\"},\"image\":{\"@id\":\"https:\/\/sandzakpress.net\/arhiva\/reakcija-na-oslobadajucu-presudu-viseg-suda-u-bijelom-polju-u-slucaju-bukovica\/#primaryimage\"},\"thumbnailUrl\":\"https:\/\/sandzakpress.net\/arhiva\/wp-content\/uploads\/2011\/10\/RH-kongres.jpg\",\"datePublished\":\"2011-10-06T13:15:47+00:00\",\"breadcrumb\":{\"@id\":\"https:\/\/sandzakpress.net\/arhiva\/reakcija-na-oslobadajucu-presudu-viseg-suda-u-bijelom-polju-u-slucaju-bukovica\/#breadcrumb\"},\"inLanguage\":\"bs-BA\",\"potentialAction\":[{\"@type\":\"ReadAction\",\"target\":[\"https:\/\/sandzakpress.net\/arhiva\/reakcija-na-oslobadajucu-presudu-viseg-suda-u-bijelom-polju-u-slucaju-bukovica\/\"]}]},{\"@type\":\"ImageObject\",\"inLanguage\":\"bs-BA\",\"@id\":\"https:\/\/sandzakpress.net\/arhiva\/reakcija-na-oslobadajucu-presudu-viseg-suda-u-bijelom-polju-u-slucaju-bukovica\/#primaryimage\",\"url\":\"https:\/\/sandzakpress.net\/arhiva\/wp-content\/uploads\/2011\/10\/RH-kongres.jpg\",\"contentUrl\":\"https:\/\/sandzakpress.net\/arhiva\/wp-content\/uploads\/2011\/10\/RH-kongres.jpg\",\"width\":600,\"height\":402},{\"@type\":\"BreadcrumbList\",\"@id\":\"https:\/\/sandzakpress.net\/arhiva\/reakcija-na-oslobadajucu-presudu-viseg-suda-u-bijelom-polju-u-slucaju-bukovica\/#breadcrumb\",\"itemListElement\":[{\"@type\":\"ListItem\",\"position\":1,\"name\":\"Home\",\"item\":\"https:\/\/sandzakpress.net\/arhiva\/\"},{\"@type\":\"ListItem\",\"position\":2,\"name\":\"Reakcija na osloba\u0111aju\u0107u presudu Vi\u0161eg suda u Bijelom polju u slu\u010daju Bukovica\"}]},{\"@type\":\"WebSite\",\"@id\":\"https:\/\/sandzakpress.net\/arhiva\/#website\",\"url\":\"https:\/\/sandzakpress.net\/arhiva\/\",\"name\":\"Sand\u017eak PRESS\",\"description\":\"Prve elektronske novine u Sand\u017eaku\",\"publisher\":{\"@id\":\"https:\/\/sandzakpress.net\/arhiva\/#\/schema\/person\/6e72b67d6e51910a1117b3b483ba20bd\"},\"potentialAction\":[{\"@type\":\"SearchAction\",\"target\":{\"@type\":\"EntryPoint\",\"urlTemplate\":\"https:\/\/sandzakpress.net\/arhiva\/?s={search_term_string}\"},\"query-input\":{\"@type\":\"PropertyValueSpecification\",\"valueRequired\":true,\"valueName\":\"search_term_string\"}}],\"inLanguage\":\"bs-BA\"},{\"@type\":[\"Person\",\"Organization\"],\"@id\":\"https:\/\/sandzakpress.net\/arhiva\/#\/schema\/person\/6e72b67d6e51910a1117b3b483ba20bd\",\"name\":\"Kul\",\"image\":{\"@type\":\"ImageObject\",\"inLanguage\":\"bs-BA\",\"@id\":\"https:\/\/sandzakpress.net\/arhiva\/#\/schema\/person\/image\/\",\"url\":\"https:\/\/secure.gravatar.com\/avatar\/42263f39aa27ac04c43cab85c280eb2e?s=96&d=mm&r=pg\",\"contentUrl\":\"https:\/\/secure.gravatar.com\/avatar\/42263f39aa27ac04c43cab85c280eb2e?s=96&d=mm&r=pg\",\"caption\":\"Kul\"},\"logo\":{\"@id\":\"https:\/\/sandzakpress.net\/arhiva\/#\/schema\/person\/image\/\"}},{\"@type\":\"Person\",\"@id\":\"\",\"url\":\"https:\/\/sandzakpress.net\/arhiva\/author\/\"}]}<\/script>\n<!-- \/ Yoast SEO Premium plugin. -->","yoast_head_json":{"title":"Reakcija na osloba\u0111aju\u0107u presudu Vi\u0161eg suda u Bijelom polju u slu\u010daju Bukovica","robots":{"index":"index","follow":"follow","max-snippet":"max-snippet:-1","max-image-preview":"max-image-preview:large","max-video-preview":"max-video-preview:-1"},"canonical":"https:\/\/sandzakpress.net\/arhiva\/reakcija-na-oslobadajucu-presudu-viseg-suda-u-bijelom-polju-u-slucaju-bukovica\/","og_locale":"bs_BA","og_type":"article","og_title":"Reakcija na osloba\u0111aju\u0107u presudu Vi\u0161eg suda u Bijelom polju u slu\u010daju Bukovica","og_description":"Ju\u017eni sand\u017eak &#8211; Bo\u0161nja\u010dka stranka je ogor\u010dena apsurdnom oslobadjaju\u0107om presudom koju je izrekao Vi\u0161i sud u Bijelom Polju za slu\u010daj Bukovica. Jo\u0161 jednom se desio slu\u010daj da zlo\u010din postoji a da zlo\u010dinaca nema. Znaju\u0107i \u0161ta se dogodilo na tim prostorima, to jest da su nevini ljudi ubijani, da je nad gra\u0111anima bo\u0161nja\u010dke nacionalnosti vr\u0161en teror, [&hellip;]","og_url":"https:\/\/sandzakpress.net\/arhiva\/reakcija-na-oslobadajucu-presudu-viseg-suda-u-bijelom-polju-u-slucaju-bukovica\/","og_site_name":"Sand\u017eak PRESS","article_published_time":"2011-10-06T13:15:47+00:00","og_image":[{"width":600,"height":402,"url":"https:\/\/sandzakpress.net\/arhiva\/wp-content\/uploads\/2011\/10\/RH-kongres.jpg","type":"image\/jpeg"}],"twitter_card":"summary_large_image","twitter_misc":{"Written by":"","Est. reading time":"2 minute"},"schema":{"@context":"https:\/\/schema.org","@graph":[{"@type":"Article","@id":"https:\/\/sandzakpress.net\/arhiva\/reakcija-na-oslobadajucu-presudu-viseg-suda-u-bijelom-polju-u-slucaju-bukovica\/#article","isPartOf":{"@id":"https:\/\/sandzakpress.net\/arhiva\/reakcija-na-oslobadajucu-presudu-viseg-suda-u-bijelom-polju-u-slucaju-bukovica\/"},"author":{"name":"","@id":""},"headline":"Reakcija na osloba\u0111aju\u0107u presudu Vi\u0161eg suda u Bijelom polju u slu\u010daju Bukovica","datePublished":"2011-10-06T13:15:47+00:00","mainEntityOfPage":{"@id":"https:\/\/sandzakpress.net\/arhiva\/reakcija-na-oslobadajucu-presudu-viseg-suda-u-bijelom-polju-u-slucaju-bukovica\/"},"wordCount":378,"commentCount":1,"publisher":{"@id":"https:\/\/sandzakpress.net\/arhiva\/#\/schema\/person\/6e72b67d6e51910a1117b3b483ba20bd"},"image":{"@id":"https:\/\/sandzakpress.net\/arhiva\/reakcija-na-oslobadajucu-presudu-viseg-suda-u-bijelom-polju-u-slucaju-bukovica\/#primaryimage"},"thumbnailUrl":"https:\/\/sandzakpress.net\/arhiva\/wp-content\/uploads\/2011\/10\/RH-kongres.jpg","articleSection":["Ro\u017eaje","Nacija","Berane","Bijelo Polje","Pljevlja","Plav"],"inLanguage":"bs-BA","potentialAction":[{"@type":"CommentAction","name":"Comment","target":["https:\/\/sandzakpress.net\/arhiva\/reakcija-na-oslobadajucu-presudu-viseg-suda-u-bijelom-polju-u-slucaju-bukovica\/#respond"]}]},{"@type":"WebPage","@id":"https:\/\/sandzakpress.net\/arhiva\/reakcija-na-oslobadajucu-presudu-viseg-suda-u-bijelom-polju-u-slucaju-bukovica\/","url":"https:\/\/sandzakpress.net\/arhiva\/reakcija-na-oslobadajucu-presudu-viseg-suda-u-bijelom-polju-u-slucaju-bukovica\/","name":"Reakcija na osloba\u0111aju\u0107u presudu Vi\u0161eg suda u Bijelom polju u slu\u010daju Bukovica","isPartOf":{"@id":"https:\/\/sandzakpress.net\/arhiva\/#website"},"primaryImageOfPage":{"@id":"https:\/\/sandzakpress.net\/arhiva\/reakcija-na-oslobadajucu-presudu-viseg-suda-u-bijelom-polju-u-slucaju-bukovica\/#primaryimage"},"image":{"@id":"https:\/\/sandzakpress.net\/arhiva\/reakcija-na-oslobadajucu-presudu-viseg-suda-u-bijelom-polju-u-slucaju-bukovica\/#primaryimage"},"thumbnailUrl":"https:\/\/sandzakpress.net\/arhiva\/wp-content\/uploads\/2011\/10\/RH-kongres.jpg","datePublished":"2011-10-06T13:15:47+00:00","breadcrumb":{"@id":"https:\/\/sandzakpress.net\/arhiva\/reakcija-na-oslobadajucu-presudu-viseg-suda-u-bijelom-polju-u-slucaju-bukovica\/#breadcrumb"},"inLanguage":"bs-BA","potentialAction":[{"@type":"ReadAction","target":["https:\/\/sandzakpress.net\/arhiva\/reakcija-na-oslobadajucu-presudu-viseg-suda-u-bijelom-polju-u-slucaju-bukovica\/"]}]},{"@type":"ImageObject","inLanguage":"bs-BA","@id":"https:\/\/sandzakpress.net\/arhiva\/reakcija-na-oslobadajucu-presudu-viseg-suda-u-bijelom-polju-u-slucaju-bukovica\/#primaryimage","url":"https:\/\/sandzakpress.net\/arhiva\/wp-content\/uploads\/2011\/10\/RH-kongres.jpg","contentUrl":"https:\/\/sandzakpress.net\/arhiva\/wp-content\/uploads\/2011\/10\/RH-kongres.jpg","width":600,"height":402},{"@type":"BreadcrumbList","@id":"https:\/\/sandzakpress.net\/arhiva\/reakcija-na-oslobadajucu-presudu-viseg-suda-u-bijelom-polju-u-slucaju-bukovica\/#breadcrumb","itemListElement":[{"@type":"ListItem","position":1,"name":"Home","item":"https:\/\/sandzakpress.net\/arhiva\/"},{"@type":"ListItem","position":2,"name":"Reakcija na osloba\u0111aju\u0107u presudu Vi\u0161eg suda u Bijelom polju u slu\u010daju Bukovica"}]},{"@type":"WebSite","@id":"https:\/\/sandzakpress.net\/arhiva\/#website","url":"https:\/\/sandzakpress.net\/arhiva\/","name":"Sand\u017eak PRESS","description":"Prve elektronske novine u Sand\u017eaku","publisher":{"@id":"https:\/\/sandzakpress.net\/arhiva\/#\/schema\/person\/6e72b67d6e51910a1117b3b483ba20bd"},"potentialAction":[{"@type":"SearchAction","target":{"@type":"EntryPoint","urlTemplate":"https:\/\/sandzakpress.net\/arhiva\/?s={search_term_string}"},"query-input":{"@type":"PropertyValueSpecification","valueRequired":true,"valueName":"search_term_string"}}],"inLanguage":"bs-BA"},{"@type":["Person","Organization"],"@id":"https:\/\/sandzakpress.net\/arhiva\/#\/schema\/person\/6e72b67d6e51910a1117b3b483ba20bd","name":"Kul","image":{"@type":"ImageObject","inLanguage":"bs-BA","@id":"https:\/\/sandzakpress.net\/arhiva\/#\/schema\/person\/image\/","url":"https:\/\/secure.gravatar.com\/avatar\/42263f39aa27ac04c43cab85c280eb2e?s=96&d=mm&r=pg","contentUrl":"https:\/\/secure.gravatar.com\/avatar\/42263f39aa27ac04c43cab85c280eb2e?s=96&d=mm&r=pg","caption":"Kul"},"logo":{"@id":"https:\/\/sandzakpress.net\/arhiva\/#\/schema\/person\/image\/"}},{"@type":"Person","@id":"","url":"https:\/\/sandzakpress.net\/arhiva\/author\/"}]}},"_links":{"self":[{"href":"https:\/\/sandzakpress.net\/arhiva\/wp-json\/wp\/v2\/posts\/21192"}],"collection":[{"href":"https:\/\/sandzakpress.net\/arhiva\/wp-json\/wp\/v2\/posts"}],"about":[{"href":"https:\/\/sandzakpress.net\/arhiva\/wp-json\/wp\/v2\/types\/post"}],"author":[{"embeddable":true,"href":"https:\/\/sandzakpress.net\/arhiva\/wp-json\/wp\/v2\/users\/14"}],"replies":[{"embeddable":true,"href":"https:\/\/sandzakpress.net\/arhiva\/wp-json\/wp\/v2\/comments?post=21192"}],"version-history":[{"count":0,"href":"https:\/\/sandzakpress.net\/arhiva\/wp-json\/wp\/v2\/posts\/21192\/revisions"}],"wp:featuredmedia":[{"embeddable":true,"href":"https:\/\/sandzakpress.net\/arhiva\/wp-json\/wp\/v2\/media\/21193"}],"wp:attachment":[{"href":"https:\/\/sandzakpress.net\/arhiva\/wp-json\/wp\/v2\/media?parent=21192"}],"wp:term":[{"taxonomy":"category","embeddable":true,"href":"https:\/\/sandzakpress.net\/arhiva\/wp-json\/wp\/v2\/categories?post=21192"},{"taxonomy":"post_tag","embeddable":true,"href":"https:\/\/sandzakpress.net\/arhiva\/wp-json\/wp\/v2\/tags?post=21192"}],"curies":[{"name":"wp","href":"https:\/\/api.w.org\/{rel}","templated":true}]}}