{"id":211899,"date":"2018-09-26T22:24:51","date_gmt":"2018-09-26T20:24:51","guid":{"rendered":"https:\/\/sandzakpress.net\/arhiva\/budi-blag-kad-govoris-u-ime-islama"},"modified":"2018-09-26T22:24:51","modified_gmt":"2018-09-26T20:24:51","slug":"budi-blag-kad-govoris-u-ime-islama","status":"publish","type":"post","link":"https:\/\/sandzakpress.net\/arhiva\/budi-blag-kad-govoris-u-ime-islama\/","title":{"rendered":"Budi blag kad govori\u0161 u ime islama"},"content":{"rendered":"<p><span class=\"cb-itemprop\"><\/p>\n<p><strong><img decoding=\"async\" class=\"aligncenter\" src=\"http:\/\/aboutislam.net\/wp-content\/uploads\/2016\/01\/Falling-in-Love-Allowed-in-Islam.jpg\" alt=\"Image result for islam love\" \/><\/strong><\/p>\n<p><strong>Jedan prijatelj mi je ispri\u010dao pri\u010du o bra\u010dnom paru iz neke od evropskih dr\u017eava, koji su, zbog posla, do\u0161li u arapski svijet. Par godina\u00a0nije ni\u0161ta \u010duo za njih, kada je iznenada saznao da su se i oni i njihova djeca odmetnuli od vjere.<\/strong><\/p>\n<p>Nakon nekoliko susreta, bilo mu je jasno da su bili izlo\u017eeni velikom pritisku, koji nisu o\u010dekivali, rasizmu, napadima i dru\u0161tvenom licemjerstvu.<\/p>\n<p>Zato, budi blag prema onome ko u ovom te\u0161kom, kompliciranom, vremenu traga za uputom.<\/p>\n<p>U ime islama se ubijaju nevini ljudi i prilikom njihovog ubistva, ubica uzvikuje \u2018Allahu ekber.\u201d Na dru\u0161tvenim mre\u017eama osvi\u0107e veliki broj video kadrova koji prikazuju klanja, ubijanja, i sve to u ime \u2018islamske dr\u017eave\u2019 ili \u2018osvete za Husejna\u2019.<\/p>\n<p>Oni koji ta djela \u010dine, jedna su strana u terorizmu, a oni koji \u0161ire te video kadrove, makar i s dobrim namjerama, koji klikaju dugme \u2018podijeli\u2019 \u010dine da to postane, vremenom, obrazac. Arapski i muslimanski svijet postali su crvena mapa, na kojoj se kr\u0161e ljudska prava, napadaju \u017eene, djeca i nemo\u0107ni starci. Muslimanski svijet je danas postao mjesto najve\u0107eg broja ratnih invalida, ljudi bez ruku ili nogu, a sve to zbog razornih ratova i nekontrolisanog razaranja. Broj slu\u010dajeva porodi\u010dnog nasilja prema djeci i \u017eenama se pove\u0107ao, a \u010desto se takve scene i snimaju.<\/p>\n<p>Vidio sam puno puta, na aerodromu ili pijaci, u na\u0161im arapskim gradovima, da roditelji galame na dijete, povuku ga ili udare. Jedino sredstvo odgoja je \u0161tap.<\/p>\n<p>Imam ili daija sa minbera \u010desto govori i iznosi svoje usko i li\u010dno mi\u0161ljenje, koje \u010dak i ljudi oko njega ne prihvataju, ali on i pored toga, smatraju\u0107i to hrabro\u0161\u0107u i odva\u017eno\u0161\u0107u u istini, te svoje rije\u010di upu\u0107uje svima, iako ne posjeduje nikakvog argumenta, upute niti znanja.<\/p>\n<p>Desi se da daija i imam govore i o velikim nau\u010dnim pitanjima, koja se ti\u010du kosmosa, a koja su postala nau\u010dne \u010dinjenice, koje poznaju i obi\u010dni ljudi, ali on, ipak, u ime Allaha i u ime islama sve to negira. Kakva je samo to odva\u017enost i oholost prema Allahu i Njegovom uzvi\u0161enom imenu!<\/p>\n<p>Vjerski krugovi su postali nemo\u0107ni prihvatiti i apsorbirati razlike i razli\u010dite stavove, tako da su postali sjedi\u0161te sukoba koji se prekida jedino kad \u017eele uzeti dah.<\/p>\n<p>Vremenom smo postali atraktivan i privla\u010dan ambijent za ozbiljne bolesti i probleme, tako da u to uvla\u010dimo i one koji prihvate islam. Parcijalne, sporedne, i formalne razlike su preoukupirale na\u0161e misli i interesovanja i odvratili nas od Allaha, od \u017eivota, djelovanja, inovacija i izgradnje civilizacije.<\/p>\n<p>Mediji finansirani arapskim i islamskim novcem se obra\u0107aju muslimanskom umu, ali ne cijene njegov identitet, ne slu\u017ee njegovom identitetu, ne rje\u0161avaju njegove probleme, ne cijene vrijednosti niti podsti\u010du na pravednost i pravi\u010dnost.<\/p>\n<p>Konstantne uvrede, kao uvrede, vidi samo jedan mali broj ljudi, \u0161ta je dovelo do takvog stanja?<\/p>\n<p>Nekada smo svoje gre\u0161ke pravili u na\u0161em uskom okru\u017eenju, u kontekstu na\u0161ih najbli\u017eih, a sa pojavom brojnih dru\u0161tvenih mre\u017ea, te gre\u0161ke prevazilaze na\u0161e prijatelje i uzak krug ljudi oko nas i postaju globalne,\u00a0gdje se obra\u0107a ljudima koje ne poznaje, \u010diju va\u017enost ne zna i \u010dije psiholo\u0161ke okolnosti mu nisu poznate, tako da mo\u017ee protuma\u010diti te rije\u010di prema svojim tendencijama i temperamentu, a mo\u017ee biti i neznalica, ili \u010dovjek sa lo\u0161im namjerama.<\/p>\n<p>Svjetske sile, kako one zvani\u010dne, tako i narodne, sve ovo koriste kako bi izgradili negativan odnos prema islamu, muslimanima i islamskoj historiji. Od izolovanih incidenata\u00a0prave \u0161iroke pri\u010de i prepri\u010davaju ih satima, akumuliraju\u0107i i izgra\u0111uju\u0107i zid mr\u017enje i straha od islama kod svojih slu\u0161atelja.<\/p>\n<p>Naravno, postoji tu mnogo pozitivnog, nije sve crno sa svih strana, ali treba raditi na slabljenju i kidanju te crne niti. Ono \u0161to se \u010desto postavlja kao pitanje jeste: Ko \u0107e pru\u017eiti lijep moralni primjer dru\u0161tvima koja \u017eive u na\u0161oj blizini? Ljudima koji su izgubili povjerenje u nas, \u010dija vjera je poljuljana, koji su potonuli u ekstremizam, u ateizam, koji se suprotstavljaju Allahovim svetinjama i omalova\u017eavaju ih, kojima su imanske poruke postale predmet podsmijeha?<\/p>\n<p>Gdje su pojedinci koji trebaju biti primjer razuma, promi\u0161ljanja, uravnote\u017eenosti, oni koji \u0107e, umjesto \u0161to govore jezikom svoga pravca, \u0161kole, d\u017eemata progovoriti jezikom \u0161irokih islamskih horizonata?<\/p>\n<p>\u0160ta je sa \u0161kolama koje bi trebale biti primjer moralne izgradnje pojedinca, na temeljima vjerovjesni\u010dkog odgoja, po\u0161tuju\u0107i ljudske aspiracije i dimenziju \u010dovjekovog bi\u0107a.<\/p>\n<p>Gdje je dru\u0161tvo kao model realizma, me\u0111usobne povezanosti, po\u0161tivanja razli\u010ditosti, povezanosti, dobro\u010dinstva, pra\u0161tanja i milosr\u0111a?<\/p>\n<p>Gdje je administracija koja je model pravi\u010dnosti, razvoja, planiranja i ljudskih prava?<\/p>\n<p>Gdje je islamski pravnik, u\u010denjak, koji je odgajan i koji odgaja druge na temelju: \u201cNe \u017eelim da ljudi govore da Muhammed ubija svoje ashabe\u2026\u201d<\/p>\n<p>Lahko je pri\u010dati, i djelimi\u010dno \u0107u se slo\u017eiti sa onima koji ovo budu komentarisali i optu\u017eili me da snosim dio odgovornosti, i sa onima koji ka\u017eu: \u2018Ovo je idealizam, ti si nam prenio ono \u0161to znamo ali nam nisi dao rje\u0161enje za to!\u201d<\/p>\n<p>Pogledati se u ogledalo, pa makar tamo vidjeli i svoje nedostatke i mahane, bolje je nego \u0161utjeti i gun\u0111ati me\u0111u masom.<\/p>\n<p><strong>\u00a0<\/strong><\/p>\n<p><strong>Autor:\u00a0<em>Selman el-Auda<\/em><\/strong><\/p>\n<p><strong>Prijevod i izvor:\u00a0<em>IslamBosna.ba<\/em><\/strong><\/p>\n<p><\/span><br \/>\nPogledajte vijest na izvornom sajtu:<\/p>\n<p><a href=\"http:\/\/islampress.net\/40925\/budi-blag-kad-govoris-u-ime-islama-2\/\" target=\"_blank\">Budi blag kad govori\u0161 u ime islama<\/a><\/p>\n","protected":false},"excerpt":{"rendered":"<p>Jedan prijatelj mi je ispri\u010dao pri\u010du o bra\u010dnom paru iz neke od evropskih dr\u017eava, koji su, zbog posla, do\u0161li u arapski svijet. Par godina\u00a0nije ni\u0161ta \u010duo za njih, kada je iznenada saznao da su se i oni i njihova djeca odmetnuli od vjere. Nakon nekoliko susreta, bilo mu je jasno da su bili izlo\u017eeni velikom [&hellip;]<\/p>\n","protected":false},"author":83,"featured_media":211901,"comment_status":"open","ping_status":"open","sticky":false,"template":"","format":"standard","meta":{"footnotes":""},"categories":[10514],"tags":[10516],"class_list":{"0":"post-211899","1":"post","2":"type-post","3":"status-publish","4":"format-standard","5":"has-post-thumbnail","7":"category-islam-press","8":"tag-islam"},"yoast_head":"<!-- This site is optimized with the Yoast SEO Premium plugin v23.1 (Yoast SEO v24.9) - https:\/\/yoast.com\/wordpress\/plugins\/seo\/ -->\n<title>Budi blag kad govori\u0161 u ime islama<\/title>\n<meta name=\"robots\" content=\"index, follow, max-snippet:-1, max-image-preview:large, max-video-preview:-1\" \/>\n<link rel=\"canonical\" href=\"https:\/\/sandzakpress.net\/arhiva\/budi-blag-kad-govoris-u-ime-islama\/\" \/>\n<meta property=\"og:locale\" content=\"bs_BA\" \/>\n<meta property=\"og:type\" content=\"article\" \/>\n<meta property=\"og:title\" content=\"Budi blag kad govori\u0161 u ime islama\" \/>\n<meta property=\"og:description\" content=\"Jedan prijatelj mi je ispri\u010dao pri\u010du o bra\u010dnom paru iz neke od evropskih dr\u017eava, koji su, zbog posla, do\u0161li u arapski svijet. Par godina\u00a0nije ni\u0161ta \u010duo za njih, kada je iznenada saznao da su se i oni i njihova djeca odmetnuli od vjere. Nakon nekoliko susreta, bilo mu je jasno da su bili izlo\u017eeni velikom [&hellip;]\" \/>\n<meta property=\"og:url\" content=\"https:\/\/sandzakpress.net\/arhiva\/budi-blag-kad-govoris-u-ime-islama\/\" \/>\n<meta property=\"og:site_name\" content=\"Sand\u017eak PRESS\" \/>\n<meta property=\"article:published_time\" content=\"2018-09-26T20:24:51+00:00\" \/>\n<meta property=\"og:image\" content=\"https:\/\/sandzakpress.net\/arhiva\/wp-content\/uploads\/2018\/09\/Falling-in-Love-Allowed-in-Islam-1.jpg\" \/>\n\t<meta property=\"og:image:width\" content=\"2880\" \/>\n\t<meta property=\"og:image:height\" content=\"1800\" \/>\n\t<meta property=\"og:image:type\" content=\"image\/jpeg\" \/>\n<meta name=\"author\" content=\"bosniak\" \/>\n<meta name=\"twitter:card\" content=\"summary_large_image\" \/>\n<meta name=\"twitter:label1\" content=\"Written by\" \/>\n\t<meta name=\"twitter:data1\" content=\"bosniak\" \/>\n\t<meta name=\"twitter:label2\" content=\"Est. reading time\" \/>\n\t<meta name=\"twitter:data2\" content=\"5 minuta\" \/>\n<script type=\"application\/ld+json\" class=\"yoast-schema-graph\">{\"@context\":\"https:\/\/schema.org\",\"@graph\":[{\"@type\":\"Article\",\"@id\":\"https:\/\/sandzakpress.net\/arhiva\/budi-blag-kad-govoris-u-ime-islama\/#article\",\"isPartOf\":{\"@id\":\"https:\/\/sandzakpress.net\/arhiva\/budi-blag-kad-govoris-u-ime-islama\/\"},\"author\":{\"name\":\"bosniak\",\"@id\":\"https:\/\/sandzakpress.net\/arhiva\/#\/schema\/person\/c8baee722073534b583ea7bdb2e36c02\"},\"headline\":\"Budi blag kad govori\u0161 u ime islama\",\"datePublished\":\"2018-09-26T20:24:51+00:00\",\"mainEntityOfPage\":{\"@id\":\"https:\/\/sandzakpress.net\/arhiva\/budi-blag-kad-govoris-u-ime-islama\/\"},\"wordCount\":935,\"commentCount\":0,\"publisher\":{\"@id\":\"https:\/\/sandzakpress.net\/arhiva\/#\/schema\/person\/6e72b67d6e51910a1117b3b483ba20bd\"},\"image\":{\"@id\":\"https:\/\/sandzakpress.net\/arhiva\/budi-blag-kad-govoris-u-ime-islama\/#primaryimage\"},\"thumbnailUrl\":\"https:\/\/sandzakpress.net\/arhiva\/wp-content\/uploads\/2018\/09\/Falling-in-Love-Allowed-in-Islam-1.jpg\",\"keywords\":[\"Islam\"],\"articleSection\":[\"Islam PRESS\"],\"inLanguage\":\"bs-BA\",\"potentialAction\":[{\"@type\":\"CommentAction\",\"name\":\"Comment\",\"target\":[\"https:\/\/sandzakpress.net\/arhiva\/budi-blag-kad-govoris-u-ime-islama\/#respond\"]}]},{\"@type\":\"WebPage\",\"@id\":\"https:\/\/sandzakpress.net\/arhiva\/budi-blag-kad-govoris-u-ime-islama\/\",\"url\":\"https:\/\/sandzakpress.net\/arhiva\/budi-blag-kad-govoris-u-ime-islama\/\",\"name\":\"Budi blag kad govori\u0161 u ime islama\",\"isPartOf\":{\"@id\":\"https:\/\/sandzakpress.net\/arhiva\/#website\"},\"primaryImageOfPage\":{\"@id\":\"https:\/\/sandzakpress.net\/arhiva\/budi-blag-kad-govoris-u-ime-islama\/#primaryimage\"},\"image\":{\"@id\":\"https:\/\/sandzakpress.net\/arhiva\/budi-blag-kad-govoris-u-ime-islama\/#primaryimage\"},\"thumbnailUrl\":\"https:\/\/sandzakpress.net\/arhiva\/wp-content\/uploads\/2018\/09\/Falling-in-Love-Allowed-in-Islam-1.jpg\",\"datePublished\":\"2018-09-26T20:24:51+00:00\",\"breadcrumb\":{\"@id\":\"https:\/\/sandzakpress.net\/arhiva\/budi-blag-kad-govoris-u-ime-islama\/#breadcrumb\"},\"inLanguage\":\"bs-BA\",\"potentialAction\":[{\"@type\":\"ReadAction\",\"target\":[\"https:\/\/sandzakpress.net\/arhiva\/budi-blag-kad-govoris-u-ime-islama\/\"]}]},{\"@type\":\"ImageObject\",\"inLanguage\":\"bs-BA\",\"@id\":\"https:\/\/sandzakpress.net\/arhiva\/budi-blag-kad-govoris-u-ime-islama\/#primaryimage\",\"url\":\"https:\/\/sandzakpress.net\/arhiva\/wp-content\/uploads\/2018\/09\/Falling-in-Love-Allowed-in-Islam-1.jpg\",\"contentUrl\":\"https:\/\/sandzakpress.net\/arhiva\/wp-content\/uploads\/2018\/09\/Falling-in-Love-Allowed-in-Islam-1.jpg\",\"width\":2880,\"height\":1800},{\"@type\":\"BreadcrumbList\",\"@id\":\"https:\/\/sandzakpress.net\/arhiva\/budi-blag-kad-govoris-u-ime-islama\/#breadcrumb\",\"itemListElement\":[{\"@type\":\"ListItem\",\"position\":1,\"name\":\"Home\",\"item\":\"https:\/\/sandzakpress.net\/arhiva\/\"},{\"@type\":\"ListItem\",\"position\":2,\"name\":\"Budi blag kad govori\u0161 u ime islama\"}]},{\"@type\":\"WebSite\",\"@id\":\"https:\/\/sandzakpress.net\/arhiva\/#website\",\"url\":\"https:\/\/sandzakpress.net\/arhiva\/\",\"name\":\"Sand\u017eak PRESS\",\"description\":\"Prve elektronske novine u Sand\u017eaku\",\"publisher\":{\"@id\":\"https:\/\/sandzakpress.net\/arhiva\/#\/schema\/person\/6e72b67d6e51910a1117b3b483ba20bd\"},\"potentialAction\":[{\"@type\":\"SearchAction\",\"target\":{\"@type\":\"EntryPoint\",\"urlTemplate\":\"https:\/\/sandzakpress.net\/arhiva\/?s={search_term_string}\"},\"query-input\":{\"@type\":\"PropertyValueSpecification\",\"valueRequired\":true,\"valueName\":\"search_term_string\"}}],\"inLanguage\":\"bs-BA\"},{\"@type\":[\"Person\",\"Organization\"],\"@id\":\"https:\/\/sandzakpress.net\/arhiva\/#\/schema\/person\/6e72b67d6e51910a1117b3b483ba20bd\",\"name\":\"Kul\",\"image\":{\"@type\":\"ImageObject\",\"inLanguage\":\"bs-BA\",\"@id\":\"https:\/\/sandzakpress.net\/arhiva\/#\/schema\/person\/image\/\",\"url\":\"https:\/\/secure.gravatar.com\/avatar\/42263f39aa27ac04c43cab85c280eb2e?s=96&d=mm&r=pg\",\"contentUrl\":\"https:\/\/secure.gravatar.com\/avatar\/42263f39aa27ac04c43cab85c280eb2e?s=96&d=mm&r=pg\",\"caption\":\"Kul\"},\"logo\":{\"@id\":\"https:\/\/sandzakpress.net\/arhiva\/#\/schema\/person\/image\/\"}},{\"@type\":\"Person\",\"@id\":\"https:\/\/sandzakpress.net\/arhiva\/#\/schema\/person\/c8baee722073534b583ea7bdb2e36c02\",\"name\":\"bosniak\",\"image\":{\"@type\":\"ImageObject\",\"inLanguage\":\"bs-BA\",\"@id\":\"https:\/\/sandzakpress.net\/arhiva\/#\/schema\/person\/image\/\",\"url\":\"https:\/\/secure.gravatar.com\/avatar\/a04fd330bfe3a36a72a0ad4a6d89fca7?s=96&d=mm&r=pg\",\"contentUrl\":\"https:\/\/secure.gravatar.com\/avatar\/a04fd330bfe3a36a72a0ad4a6d89fca7?s=96&d=mm&r=pg\",\"caption\":\"bosniak\"},\"url\":\"https:\/\/sandzakpress.net\/arhiva\/author\/bosniak\/\"}]}<\/script>\n<!-- \/ Yoast SEO Premium plugin. -->","yoast_head_json":{"title":"Budi blag kad govori\u0161 u ime islama","robots":{"index":"index","follow":"follow","max-snippet":"max-snippet:-1","max-image-preview":"max-image-preview:large","max-video-preview":"max-video-preview:-1"},"canonical":"https:\/\/sandzakpress.net\/arhiva\/budi-blag-kad-govoris-u-ime-islama\/","og_locale":"bs_BA","og_type":"article","og_title":"Budi blag kad govori\u0161 u ime islama","og_description":"Jedan prijatelj mi je ispri\u010dao pri\u010du o bra\u010dnom paru iz neke od evropskih dr\u017eava, koji su, zbog posla, do\u0161li u arapski svijet. Par godina\u00a0nije ni\u0161ta \u010duo za njih, kada je iznenada saznao da su se i oni i njihova djeca odmetnuli od vjere. Nakon nekoliko susreta, bilo mu je jasno da su bili izlo\u017eeni velikom [&hellip;]","og_url":"https:\/\/sandzakpress.net\/arhiva\/budi-blag-kad-govoris-u-ime-islama\/","og_site_name":"Sand\u017eak PRESS","article_published_time":"2018-09-26T20:24:51+00:00","og_image":[{"width":2880,"height":1800,"url":"https:\/\/sandzakpress.net\/arhiva\/wp-content\/uploads\/2018\/09\/Falling-in-Love-Allowed-in-Islam-1.jpg","type":"image\/jpeg"}],"author":"bosniak","twitter_card":"summary_large_image","twitter_misc":{"Written by":"bosniak","Est. reading time":"5 minuta"},"schema":{"@context":"https:\/\/schema.org","@graph":[{"@type":"Article","@id":"https:\/\/sandzakpress.net\/arhiva\/budi-blag-kad-govoris-u-ime-islama\/#article","isPartOf":{"@id":"https:\/\/sandzakpress.net\/arhiva\/budi-blag-kad-govoris-u-ime-islama\/"},"author":{"name":"bosniak","@id":"https:\/\/sandzakpress.net\/arhiva\/#\/schema\/person\/c8baee722073534b583ea7bdb2e36c02"},"headline":"Budi blag kad govori\u0161 u ime islama","datePublished":"2018-09-26T20:24:51+00:00","mainEntityOfPage":{"@id":"https:\/\/sandzakpress.net\/arhiva\/budi-blag-kad-govoris-u-ime-islama\/"},"wordCount":935,"commentCount":0,"publisher":{"@id":"https:\/\/sandzakpress.net\/arhiva\/#\/schema\/person\/6e72b67d6e51910a1117b3b483ba20bd"},"image":{"@id":"https:\/\/sandzakpress.net\/arhiva\/budi-blag-kad-govoris-u-ime-islama\/#primaryimage"},"thumbnailUrl":"https:\/\/sandzakpress.net\/arhiva\/wp-content\/uploads\/2018\/09\/Falling-in-Love-Allowed-in-Islam-1.jpg","keywords":["Islam"],"articleSection":["Islam PRESS"],"inLanguage":"bs-BA","potentialAction":[{"@type":"CommentAction","name":"Comment","target":["https:\/\/sandzakpress.net\/arhiva\/budi-blag-kad-govoris-u-ime-islama\/#respond"]}]},{"@type":"WebPage","@id":"https:\/\/sandzakpress.net\/arhiva\/budi-blag-kad-govoris-u-ime-islama\/","url":"https:\/\/sandzakpress.net\/arhiva\/budi-blag-kad-govoris-u-ime-islama\/","name":"Budi blag kad govori\u0161 u ime islama","isPartOf":{"@id":"https:\/\/sandzakpress.net\/arhiva\/#website"},"primaryImageOfPage":{"@id":"https:\/\/sandzakpress.net\/arhiva\/budi-blag-kad-govoris-u-ime-islama\/#primaryimage"},"image":{"@id":"https:\/\/sandzakpress.net\/arhiva\/budi-blag-kad-govoris-u-ime-islama\/#primaryimage"},"thumbnailUrl":"https:\/\/sandzakpress.net\/arhiva\/wp-content\/uploads\/2018\/09\/Falling-in-Love-Allowed-in-Islam-1.jpg","datePublished":"2018-09-26T20:24:51+00:00","breadcrumb":{"@id":"https:\/\/sandzakpress.net\/arhiva\/budi-blag-kad-govoris-u-ime-islama\/#breadcrumb"},"inLanguage":"bs-BA","potentialAction":[{"@type":"ReadAction","target":["https:\/\/sandzakpress.net\/arhiva\/budi-blag-kad-govoris-u-ime-islama\/"]}]},{"@type":"ImageObject","inLanguage":"bs-BA","@id":"https:\/\/sandzakpress.net\/arhiva\/budi-blag-kad-govoris-u-ime-islama\/#primaryimage","url":"https:\/\/sandzakpress.net\/arhiva\/wp-content\/uploads\/2018\/09\/Falling-in-Love-Allowed-in-Islam-1.jpg","contentUrl":"https:\/\/sandzakpress.net\/arhiva\/wp-content\/uploads\/2018\/09\/Falling-in-Love-Allowed-in-Islam-1.jpg","width":2880,"height":1800},{"@type":"BreadcrumbList","@id":"https:\/\/sandzakpress.net\/arhiva\/budi-blag-kad-govoris-u-ime-islama\/#breadcrumb","itemListElement":[{"@type":"ListItem","position":1,"name":"Home","item":"https:\/\/sandzakpress.net\/arhiva\/"},{"@type":"ListItem","position":2,"name":"Budi blag kad govori\u0161 u ime islama"}]},{"@type":"WebSite","@id":"https:\/\/sandzakpress.net\/arhiva\/#website","url":"https:\/\/sandzakpress.net\/arhiva\/","name":"Sand\u017eak PRESS","description":"Prve elektronske novine u Sand\u017eaku","publisher":{"@id":"https:\/\/sandzakpress.net\/arhiva\/#\/schema\/person\/6e72b67d6e51910a1117b3b483ba20bd"},"potentialAction":[{"@type":"SearchAction","target":{"@type":"EntryPoint","urlTemplate":"https:\/\/sandzakpress.net\/arhiva\/?s={search_term_string}"},"query-input":{"@type":"PropertyValueSpecification","valueRequired":true,"valueName":"search_term_string"}}],"inLanguage":"bs-BA"},{"@type":["Person","Organization"],"@id":"https:\/\/sandzakpress.net\/arhiva\/#\/schema\/person\/6e72b67d6e51910a1117b3b483ba20bd","name":"Kul","image":{"@type":"ImageObject","inLanguage":"bs-BA","@id":"https:\/\/sandzakpress.net\/arhiva\/#\/schema\/person\/image\/","url":"https:\/\/secure.gravatar.com\/avatar\/42263f39aa27ac04c43cab85c280eb2e?s=96&d=mm&r=pg","contentUrl":"https:\/\/secure.gravatar.com\/avatar\/42263f39aa27ac04c43cab85c280eb2e?s=96&d=mm&r=pg","caption":"Kul"},"logo":{"@id":"https:\/\/sandzakpress.net\/arhiva\/#\/schema\/person\/image\/"}},{"@type":"Person","@id":"https:\/\/sandzakpress.net\/arhiva\/#\/schema\/person\/c8baee722073534b583ea7bdb2e36c02","name":"bosniak","image":{"@type":"ImageObject","inLanguage":"bs-BA","@id":"https:\/\/sandzakpress.net\/arhiva\/#\/schema\/person\/image\/","url":"https:\/\/secure.gravatar.com\/avatar\/a04fd330bfe3a36a72a0ad4a6d89fca7?s=96&d=mm&r=pg","contentUrl":"https:\/\/secure.gravatar.com\/avatar\/a04fd330bfe3a36a72a0ad4a6d89fca7?s=96&d=mm&r=pg","caption":"bosniak"},"url":"https:\/\/sandzakpress.net\/arhiva\/author\/bosniak\/"}]}},"_links":{"self":[{"href":"https:\/\/sandzakpress.net\/arhiva\/wp-json\/wp\/v2\/posts\/211899"}],"collection":[{"href":"https:\/\/sandzakpress.net\/arhiva\/wp-json\/wp\/v2\/posts"}],"about":[{"href":"https:\/\/sandzakpress.net\/arhiva\/wp-json\/wp\/v2\/types\/post"}],"author":[{"embeddable":true,"href":"https:\/\/sandzakpress.net\/arhiva\/wp-json\/wp\/v2\/users\/83"}],"replies":[{"embeddable":true,"href":"https:\/\/sandzakpress.net\/arhiva\/wp-json\/wp\/v2\/comments?post=211899"}],"version-history":[{"count":0,"href":"https:\/\/sandzakpress.net\/arhiva\/wp-json\/wp\/v2\/posts\/211899\/revisions"}],"wp:featuredmedia":[{"embeddable":true,"href":"https:\/\/sandzakpress.net\/arhiva\/wp-json\/wp\/v2\/media\/211901"}],"wp:attachment":[{"href":"https:\/\/sandzakpress.net\/arhiva\/wp-json\/wp\/v2\/media?parent=211899"}],"wp:term":[{"taxonomy":"category","embeddable":true,"href":"https:\/\/sandzakpress.net\/arhiva\/wp-json\/wp\/v2\/categories?post=211899"},{"taxonomy":"post_tag","embeddable":true,"href":"https:\/\/sandzakpress.net\/arhiva\/wp-json\/wp\/v2\/tags?post=211899"}],"curies":[{"name":"wp","href":"https:\/\/api.w.org\/{rel}","templated":true}]}}