{"id":211361,"date":"2018-09-11T10:37:32","date_gmt":"2018-09-11T08:37:32","guid":{"rendered":"https:\/\/sandzakpress.net\/arhiva\/?p=211361"},"modified":"2018-09-11T10:37:32","modified_gmt":"2018-09-11T08:37:32","slug":"protest-ispred-ministarstva-rasime-ko-stiti-potrosace","status":"publish","type":"post","link":"https:\/\/sandzakpress.net\/arhiva\/protest-ispred-ministarstva-rasime-ko-stiti-potrosace\/","title":{"rendered":"PROTEST ISPRED MINISTARSTVA &#8211; Rasime ko \u0161titi potro\u0161a\u010de"},"content":{"rendered":"<p>\u00a0<img loading=\"lazy\" decoding=\"async\" class=\"size-full wp-image-211363 aligncenter\" src=\"https:\/\/sandzakpress.net\/arhiva\/wp-content\/uploads\/2018\/09\/1-2.jpeg\" alt=\"\" width=\"955\" height=\"747\" srcset=\"https:\/\/sandzakpress.net\/arhiva\/wp-content\/uploads\/2018\/09\/1-2.jpeg 955w, https:\/\/sandzakpress.net\/arhiva\/wp-content\/uploads\/2018\/09\/1-2-768x601.jpeg 768w, https:\/\/sandzakpress.net\/arhiva\/wp-content\/uploads\/2018\/09\/1-2-616x482.jpeg 616w\" sizes=\"(max-width: 955px) 100vw, 955px\" \/><\/p>\n<div>\n<div><strong>Podizanjem \u0161atora ispred Ministarstva trgovine u Nemanjinoj ulici u Beogradu, udru\u017eenje &#8220;Efektiva&#8221; odr\u017ealo je protest zbog ga\u017eenja prava potro\u0161a\u010da u Srbiji.<\/strong><\/div>\n<div>\u00a0<\/div>\n<\/div>\n<div>&#8220;Zbog konstatnog uni\u017eavanja prava potro\u0161a\u010da, koje se ogleda u indolentnom pona\u0161anju prema goru\u0107im pitanjima iz ove oblasti, za\u0161titni\u010dkom odnosu prema na\u010dinu rada komunalnih preduze\u0107a, kao i za\u0161titni\u010dkom odnosu prema organizacijama potro\u0161a\u010da koje predvode osobe sa kriminalnom istorijom, Udru\u017eenje Efektiva je donijelo odluku da odr\u017ei\u00a0protest&#8221;, navodi ovo Udru\u017eenje.<\/p>\n<div>\n<div>Kako isti\u010du u &#8220;Efektivi&#8221;, ovo ministarstvo je nadle\u017eno za sprovo\u0111enje programa za\u0161tite potro\u0161a\u010da, pa iako je od strane nekoliko udru\u017eenja potro\u0161a\u010da bilo obavje\u0161tavano o propustima koji se de\u0161avaju, nije do\u0161lo do bilo kakvih pozitivnih promjena.<\/div>\n<div>\u00a0<\/div>\n<div>&#8220;Ministarstvo nije prihvatilo sugestije vezane za nepo\u0161tenu poslovnu praksu koju trgovci sprovode u dijelu njihovog tereta dokazivanja saobraznosti robe,\u00a0<strong>gdje pojedini veliki trgovci obu\u0107om, odbijaju i opravdane reklamacije potro\u0161a\u010da bez ikakve stru\u010dne analize.<\/strong>\u00a0Tako\u0111e, ministarstvo nije prihvatilo sugestije vezane\u00a0<strong>za nezakonitu naplatu usluga komunalnih preduze\u0107a.<\/strong>\u00a0Od po\u010detka ljetnje sezone<strong>\u00a0dogodilo se i nekoliko krupnih prevara putnika<\/strong>, naglim prestankom rada nekoliko turisti\u010dkih agencija, \u0161to je tako\u0111e u zoni odgovornosti ministarstva, a za \u0161ta niko iz ovog ministarstva ili inspekcija nije snosio nikakvu odgovornost&#8221;, isti\u010du u &#8220;Efektivi&#8221;.\u00a0<\/div>\n<div>\u00a0<\/div>\n<div>Ministarstvo nije prihvatilo ni sugestiju o nezakonitom sakupljanju li\u010dnih podataka potro\u0161a\u010da, gdje se potro\u0161a\u010di onemogu\u0107avaju \u010dak i da uka\u017eu na neki problem, ako prije toga ne ostave svoje li\u010dne podatke, koji se dalje, bez odobrenja proslje\u0111uju ministarstvu, \u010dime zapravo udru\u017eenja potro\u0161a\u010da primorava na kr\u0161enje zakona.<\/div>\n<div>\u00a0<\/div>\n<div>Tako\u0111e, potpuna je<strong>\u00a0neshvatljiva veza ministarstva sa licima sa kriminalnom pro\u0161lo\u0161\u0107u,<\/strong>\u00a0&#8220;koji su osvjedo\u010deni prevaranti i falsifikatori, hap\u0161eni po nekoliko puta zbog utaje poreza, a kojima ministarstvo slu\u017ei kao sponzor i finansijer u provizornoj za\u0161titi prava potro\u0161a\u010da&#8221;.\u00a0<\/div>\n<div>\u00a0<\/div>\n<div>&#8220;Potpuno je neshvatljivo da ministarstvo godinama finansira lice koje zbog li\u010dnih dugova i prevara, godinama unazad progone izvr\u0161itelji, koje godinama unazad nema li\u010dnu imovinu ni primanja, ali preko udru\u017eenja koje kontroli\u0161e obr\u0107e desetinu miliona dinara prihoda. Ta ista udru\u017eenja su po godinu dana bila u blokadi ra\u010duna, ali ni to nije imalo uticaja na njihov odnos sa ministarstvom&#8221;, navode u Udru\u017eenju &#8220;Efektiva&#8221;.<\/div>\n<div>\u00a0<\/div>\n<div>Kako zaklju\u010duje &#8220;Efektiva&#8221;, interes ministarstva nije pobolj\u0161anje polo\u017eaja potro\u0161a\u010da, ve\u0107 upravo stagnacija ili \u010dak uni\u017eavanja njihovih prava, a sve u cilju za\u0161tite interesa trgovaca. &#8220;Dokaz za to je odsustvo bilo kakve konkretne aktivnosti ili podno\u0161enja odgovornosti za katastrofalno stanje u ovoj oblasti, gdje obi\u010dan potro\u0161a\u010d te\u0161ko da mo\u017ee da ostvari i najosnovnije pravo.&#8221;<\/p>\n<\/div>\n<\/div>\n<div class=\"author\">Izvor:\u00a0021.rs<\/div>\n<\/div>\n<p>\u00a0<img loading=\"lazy\" decoding=\"async\" class=\"alignnone size-full wp-image-211362\" src=\"https:\/\/sandzakpress.net\/arhiva\/wp-content\/uploads\/2018\/09\/0.jpeg\" alt=\"\" width=\"1280\" height=\"960\" srcset=\"https:\/\/sandzakpress.net\/arhiva\/wp-content\/uploads\/2018\/09\/0.jpeg 1280w, https:\/\/sandzakpress.net\/arhiva\/wp-content\/uploads\/2018\/09\/0-768x576.jpeg 768w, https:\/\/sandzakpress.net\/arhiva\/wp-content\/uploads\/2018\/09\/0-616x462.jpeg 616w\" sizes=\"(max-width: 1280px) 100vw, 1280px\" \/><img loading=\"lazy\" decoding=\"async\" class=\"alignnone size-full wp-image-211364\" src=\"https:\/\/sandzakpress.net\/arhiva\/wp-content\/uploads\/2018\/09\/2-1.jpeg\" alt=\"\" width=\"1600\" height=\"1200\" srcset=\"https:\/\/sandzakpress.net\/arhiva\/wp-content\/uploads\/2018\/09\/2-1.jpeg 1600w, https:\/\/sandzakpress.net\/arhiva\/wp-content\/uploads\/2018\/09\/2-1-768x576.jpeg 768w, https:\/\/sandzakpress.net\/arhiva\/wp-content\/uploads\/2018\/09\/2-1-616x462.jpeg 616w\" sizes=\"(max-width: 1600px) 100vw, 1600px\" \/> <img loading=\"lazy\" decoding=\"async\" class=\"alignnone size-full wp-image-211365\" src=\"https:\/\/sandzakpress.net\/arhiva\/wp-content\/uploads\/2018\/09\/3.jpeg\" alt=\"\" width=\"1600\" height=\"1200\" srcset=\"https:\/\/sandzakpress.net\/arhiva\/wp-content\/uploads\/2018\/09\/3.jpeg 1600w, https:\/\/sandzakpress.net\/arhiva\/wp-content\/uploads\/2018\/09\/3-768x576.jpeg 768w, https:\/\/sandzakpress.net\/arhiva\/wp-content\/uploads\/2018\/09\/3-616x462.jpeg 616w\" sizes=\"(max-width: 1600px) 100vw, 1600px\" \/><\/p>\n","protected":false},"excerpt":{"rendered":"<p>\u00a0 Podizanjem \u0161atora ispred Ministarstva trgovine u Nemanjinoj ulici u Beogradu, udru\u017eenje &#8220;Efektiva&#8221; odr\u017ealo je protest zbog ga\u017eenja prava potro\u0161a\u010da u Srbiji. \u00a0 &#8220;Zbog konstatnog uni\u017eavanja prava potro\u0161a\u010da, koje se ogleda u indolentnom pona\u0161anju prema goru\u0107im pitanjima iz ove oblasti, za\u0161titni\u010dkom odnosu prema na\u010dinu rada komunalnih preduze\u0107a, kao i za\u0161titni\u010dkom odnosu prema organizacijama potro\u0161a\u010da koje [&hellip;]<\/p>\n","protected":false},"author":509,"featured_media":211363,"comment_status":"open","ping_status":"open","sticky":false,"template":"","format":"standard","meta":{"footnotes":""},"categories":[72,1,10307,8957,16],"tags":[],"class_list":{"0":"post-211361","1":"post","2":"type-post","3":"status-publish","4":"format-standard","5":"has-post-thumbnail","7":"category-novi-pazar","8":"category-politika","9":"category-srbija","10":"category-vijesti-dana","11":"category-novine"},"yoast_head":"<!-- This site is optimized with the Yoast SEO Premium plugin v23.1 (Yoast SEO v24.9) - https:\/\/yoast.com\/wordpress\/plugins\/seo\/ -->\n<title>PROTEST ISPRED MINISTARSTVA - Rasime ko \u0161titi potro\u0161a\u010de<\/title>\n<meta name=\"robots\" content=\"index, follow, max-snippet:-1, max-image-preview:large, max-video-preview:-1\" \/>\n<link rel=\"canonical\" href=\"https:\/\/sandzakpress.net\/arhiva\/protest-ispred-ministarstva-rasime-ko-stiti-potrosace\/\" \/>\n<meta property=\"og:locale\" content=\"bs_BA\" \/>\n<meta property=\"og:type\" content=\"article\" \/>\n<meta property=\"og:title\" content=\"PROTEST ISPRED MINISTARSTVA - Rasime ko \u0161titi potro\u0161a\u010de\" \/>\n<meta property=\"og:description\" content=\"\u00a0 Podizanjem \u0161atora ispred Ministarstva trgovine u Nemanjinoj ulici u Beogradu, udru\u017eenje &#8220;Efektiva&#8221; odr\u017ealo je protest zbog ga\u017eenja prava potro\u0161a\u010da u Srbiji. \u00a0 &#8220;Zbog konstatnog uni\u017eavanja prava potro\u0161a\u010da, koje se ogleda u indolentnom pona\u0161anju prema goru\u0107im pitanjima iz ove oblasti, za\u0161titni\u010dkom odnosu prema na\u010dinu rada komunalnih preduze\u0107a, kao i za\u0161titni\u010dkom odnosu prema organizacijama potro\u0161a\u010da koje [&hellip;]\" \/>\n<meta property=\"og:url\" content=\"https:\/\/sandzakpress.net\/arhiva\/protest-ispred-ministarstva-rasime-ko-stiti-potrosace\/\" \/>\n<meta property=\"og:site_name\" content=\"Sand\u017eak PRESS\" \/>\n<meta property=\"article:published_time\" content=\"2018-09-11T08:37:32+00:00\" \/>\n<meta property=\"og:image\" content=\"https:\/\/sandzakpress.net\/arhiva\/wp-content\/uploads\/2018\/09\/1-2.jpeg\" \/>\n\t<meta property=\"og:image:width\" content=\"955\" \/>\n\t<meta property=\"og:image:height\" content=\"747\" \/>\n\t<meta property=\"og:image:type\" content=\"image\/jpeg\" \/>\n<meta name=\"author\" content=\"Agencija\" \/>\n<meta name=\"twitter:card\" content=\"summary_large_image\" \/>\n<meta name=\"twitter:label1\" content=\"Written by\" \/>\n\t<meta name=\"twitter:data1\" content=\"Agencija\" \/>\n\t<meta name=\"twitter:label2\" content=\"Est. reading time\" \/>\n\t<meta name=\"twitter:data2\" content=\"2 minute\" \/>\n<script type=\"application\/ld+json\" class=\"yoast-schema-graph\">{\"@context\":\"https:\/\/schema.org\",\"@graph\":[{\"@type\":\"Article\",\"@id\":\"https:\/\/sandzakpress.net\/arhiva\/protest-ispred-ministarstva-rasime-ko-stiti-potrosace\/#article\",\"isPartOf\":{\"@id\":\"https:\/\/sandzakpress.net\/arhiva\/protest-ispred-ministarstva-rasime-ko-stiti-potrosace\/\"},\"author\":{\"name\":\"Agencija\",\"@id\":\"https:\/\/sandzakpress.net\/arhiva\/#\/schema\/person\/cb59d7e3ab91ab90dd680ad0305a6185\"},\"headline\":\"PROTEST ISPRED MINISTARSTVA &#8211; Rasime ko \u0161titi potro\u0161a\u010de\",\"datePublished\":\"2018-09-11T08:37:32+00:00\",\"mainEntityOfPage\":{\"@id\":\"https:\/\/sandzakpress.net\/arhiva\/protest-ispred-ministarstva-rasime-ko-stiti-potrosace\/\"},\"wordCount\":485,\"commentCount\":6,\"publisher\":{\"@id\":\"https:\/\/sandzakpress.net\/arhiva\/#\/schema\/person\/6e72b67d6e51910a1117b3b483ba20bd\"},\"image\":{\"@id\":\"https:\/\/sandzakpress.net\/arhiva\/protest-ispred-ministarstva-rasime-ko-stiti-potrosace\/#primaryimage\"},\"thumbnailUrl\":\"https:\/\/sandzakpress.net\/arhiva\/wp-content\/uploads\/2018\/09\/1-2.jpeg\",\"articleSection\":[\"Novi Pazar\",\"Politika\",\"Srbija\",\"VIJESTI DANA\",\"Novine\"],\"inLanguage\":\"bs-BA\",\"potentialAction\":[{\"@type\":\"CommentAction\",\"name\":\"Comment\",\"target\":[\"https:\/\/sandzakpress.net\/arhiva\/protest-ispred-ministarstva-rasime-ko-stiti-potrosace\/#respond\"]}]},{\"@type\":\"WebPage\",\"@id\":\"https:\/\/sandzakpress.net\/arhiva\/protest-ispred-ministarstva-rasime-ko-stiti-potrosace\/\",\"url\":\"https:\/\/sandzakpress.net\/arhiva\/protest-ispred-ministarstva-rasime-ko-stiti-potrosace\/\",\"name\":\"PROTEST ISPRED MINISTARSTVA - Rasime ko \u0161titi potro\u0161a\u010de\",\"isPartOf\":{\"@id\":\"https:\/\/sandzakpress.net\/arhiva\/#website\"},\"primaryImageOfPage\":{\"@id\":\"https:\/\/sandzakpress.net\/arhiva\/protest-ispred-ministarstva-rasime-ko-stiti-potrosace\/#primaryimage\"},\"image\":{\"@id\":\"https:\/\/sandzakpress.net\/arhiva\/protest-ispred-ministarstva-rasime-ko-stiti-potrosace\/#primaryimage\"},\"thumbnailUrl\":\"https:\/\/sandzakpress.net\/arhiva\/wp-content\/uploads\/2018\/09\/1-2.jpeg\",\"datePublished\":\"2018-09-11T08:37:32+00:00\",\"breadcrumb\":{\"@id\":\"https:\/\/sandzakpress.net\/arhiva\/protest-ispred-ministarstva-rasime-ko-stiti-potrosace\/#breadcrumb\"},\"inLanguage\":\"bs-BA\",\"potentialAction\":[{\"@type\":\"ReadAction\",\"target\":[\"https:\/\/sandzakpress.net\/arhiva\/protest-ispred-ministarstva-rasime-ko-stiti-potrosace\/\"]}]},{\"@type\":\"ImageObject\",\"inLanguage\":\"bs-BA\",\"@id\":\"https:\/\/sandzakpress.net\/arhiva\/protest-ispred-ministarstva-rasime-ko-stiti-potrosace\/#primaryimage\",\"url\":\"https:\/\/sandzakpress.net\/arhiva\/wp-content\/uploads\/2018\/09\/1-2.jpeg\",\"contentUrl\":\"https:\/\/sandzakpress.net\/arhiva\/wp-content\/uploads\/2018\/09\/1-2.jpeg\",\"width\":955,\"height\":747},{\"@type\":\"BreadcrumbList\",\"@id\":\"https:\/\/sandzakpress.net\/arhiva\/protest-ispred-ministarstva-rasime-ko-stiti-potrosace\/#breadcrumb\",\"itemListElement\":[{\"@type\":\"ListItem\",\"position\":1,\"name\":\"Home\",\"item\":\"https:\/\/sandzakpress.net\/arhiva\/\"},{\"@type\":\"ListItem\",\"position\":2,\"name\":\"PROTEST ISPRED MINISTARSTVA &#8211; Rasime ko \u0161titi potro\u0161a\u010de\"}]},{\"@type\":\"WebSite\",\"@id\":\"https:\/\/sandzakpress.net\/arhiva\/#website\",\"url\":\"https:\/\/sandzakpress.net\/arhiva\/\",\"name\":\"Sand\u017eak PRESS\",\"description\":\"Prve elektronske novine u Sand\u017eaku\",\"publisher\":{\"@id\":\"https:\/\/sandzakpress.net\/arhiva\/#\/schema\/person\/6e72b67d6e51910a1117b3b483ba20bd\"},\"potentialAction\":[{\"@type\":\"SearchAction\",\"target\":{\"@type\":\"EntryPoint\",\"urlTemplate\":\"https:\/\/sandzakpress.net\/arhiva\/?s={search_term_string}\"},\"query-input\":{\"@type\":\"PropertyValueSpecification\",\"valueRequired\":true,\"valueName\":\"search_term_string\"}}],\"inLanguage\":\"bs-BA\"},{\"@type\":[\"Person\",\"Organization\"],\"@id\":\"https:\/\/sandzakpress.net\/arhiva\/#\/schema\/person\/6e72b67d6e51910a1117b3b483ba20bd\",\"name\":\"Kul\",\"image\":{\"@type\":\"ImageObject\",\"inLanguage\":\"bs-BA\",\"@id\":\"https:\/\/sandzakpress.net\/arhiva\/#\/schema\/person\/image\/\",\"url\":\"https:\/\/secure.gravatar.com\/avatar\/42263f39aa27ac04c43cab85c280eb2e?s=96&d=mm&r=pg\",\"contentUrl\":\"https:\/\/secure.gravatar.com\/avatar\/42263f39aa27ac04c43cab85c280eb2e?s=96&d=mm&r=pg\",\"caption\":\"Kul\"},\"logo\":{\"@id\":\"https:\/\/sandzakpress.net\/arhiva\/#\/schema\/person\/image\/\"}},{\"@type\":\"Person\",\"@id\":\"https:\/\/sandzakpress.net\/arhiva\/#\/schema\/person\/cb59d7e3ab91ab90dd680ad0305a6185\",\"name\":\"Agencija\",\"image\":{\"@type\":\"ImageObject\",\"inLanguage\":\"bs-BA\",\"@id\":\"https:\/\/sandzakpress.net\/arhiva\/#\/schema\/person\/image\/\",\"url\":\"https:\/\/secure.gravatar.com\/avatar\/4b7fafa80a22f0c2afe23966b3961fe0?s=96&d=mm&r=pg\",\"contentUrl\":\"https:\/\/secure.gravatar.com\/avatar\/4b7fafa80a22f0c2afe23966b3961fe0?s=96&d=mm&r=pg\",\"caption\":\"Agencija\"},\"url\":\"https:\/\/sandzakpress.net\/arhiva\/author\/agencija\/\"}]}<\/script>\n<!-- \/ Yoast SEO Premium plugin. -->","yoast_head_json":{"title":"PROTEST ISPRED MINISTARSTVA - Rasime ko \u0161titi potro\u0161a\u010de","robots":{"index":"index","follow":"follow","max-snippet":"max-snippet:-1","max-image-preview":"max-image-preview:large","max-video-preview":"max-video-preview:-1"},"canonical":"https:\/\/sandzakpress.net\/arhiva\/protest-ispred-ministarstva-rasime-ko-stiti-potrosace\/","og_locale":"bs_BA","og_type":"article","og_title":"PROTEST ISPRED MINISTARSTVA - Rasime ko \u0161titi potro\u0161a\u010de","og_description":"\u00a0 Podizanjem \u0161atora ispred Ministarstva trgovine u Nemanjinoj ulici u Beogradu, udru\u017eenje &#8220;Efektiva&#8221; odr\u017ealo je protest zbog ga\u017eenja prava potro\u0161a\u010da u Srbiji. \u00a0 &#8220;Zbog konstatnog uni\u017eavanja prava potro\u0161a\u010da, koje se ogleda u indolentnom pona\u0161anju prema goru\u0107im pitanjima iz ove oblasti, za\u0161titni\u010dkom odnosu prema na\u010dinu rada komunalnih preduze\u0107a, kao i za\u0161titni\u010dkom odnosu prema organizacijama potro\u0161a\u010da koje [&hellip;]","og_url":"https:\/\/sandzakpress.net\/arhiva\/protest-ispred-ministarstva-rasime-ko-stiti-potrosace\/","og_site_name":"Sand\u017eak PRESS","article_published_time":"2018-09-11T08:37:32+00:00","og_image":[{"width":955,"height":747,"url":"https:\/\/sandzakpress.net\/arhiva\/wp-content\/uploads\/2018\/09\/1-2.jpeg","type":"image\/jpeg"}],"author":"Agencija","twitter_card":"summary_large_image","twitter_misc":{"Written by":"Agencija","Est. reading time":"2 minute"},"schema":{"@context":"https:\/\/schema.org","@graph":[{"@type":"Article","@id":"https:\/\/sandzakpress.net\/arhiva\/protest-ispred-ministarstva-rasime-ko-stiti-potrosace\/#article","isPartOf":{"@id":"https:\/\/sandzakpress.net\/arhiva\/protest-ispred-ministarstva-rasime-ko-stiti-potrosace\/"},"author":{"name":"Agencija","@id":"https:\/\/sandzakpress.net\/arhiva\/#\/schema\/person\/cb59d7e3ab91ab90dd680ad0305a6185"},"headline":"PROTEST ISPRED MINISTARSTVA &#8211; Rasime ko \u0161titi potro\u0161a\u010de","datePublished":"2018-09-11T08:37:32+00:00","mainEntityOfPage":{"@id":"https:\/\/sandzakpress.net\/arhiva\/protest-ispred-ministarstva-rasime-ko-stiti-potrosace\/"},"wordCount":485,"commentCount":6,"publisher":{"@id":"https:\/\/sandzakpress.net\/arhiva\/#\/schema\/person\/6e72b67d6e51910a1117b3b483ba20bd"},"image":{"@id":"https:\/\/sandzakpress.net\/arhiva\/protest-ispred-ministarstva-rasime-ko-stiti-potrosace\/#primaryimage"},"thumbnailUrl":"https:\/\/sandzakpress.net\/arhiva\/wp-content\/uploads\/2018\/09\/1-2.jpeg","articleSection":["Novi Pazar","Politika","Srbija","VIJESTI DANA","Novine"],"inLanguage":"bs-BA","potentialAction":[{"@type":"CommentAction","name":"Comment","target":["https:\/\/sandzakpress.net\/arhiva\/protest-ispred-ministarstva-rasime-ko-stiti-potrosace\/#respond"]}]},{"@type":"WebPage","@id":"https:\/\/sandzakpress.net\/arhiva\/protest-ispred-ministarstva-rasime-ko-stiti-potrosace\/","url":"https:\/\/sandzakpress.net\/arhiva\/protest-ispred-ministarstva-rasime-ko-stiti-potrosace\/","name":"PROTEST ISPRED MINISTARSTVA - Rasime ko \u0161titi potro\u0161a\u010de","isPartOf":{"@id":"https:\/\/sandzakpress.net\/arhiva\/#website"},"primaryImageOfPage":{"@id":"https:\/\/sandzakpress.net\/arhiva\/protest-ispred-ministarstva-rasime-ko-stiti-potrosace\/#primaryimage"},"image":{"@id":"https:\/\/sandzakpress.net\/arhiva\/protest-ispred-ministarstva-rasime-ko-stiti-potrosace\/#primaryimage"},"thumbnailUrl":"https:\/\/sandzakpress.net\/arhiva\/wp-content\/uploads\/2018\/09\/1-2.jpeg","datePublished":"2018-09-11T08:37:32+00:00","breadcrumb":{"@id":"https:\/\/sandzakpress.net\/arhiva\/protest-ispred-ministarstva-rasime-ko-stiti-potrosace\/#breadcrumb"},"inLanguage":"bs-BA","potentialAction":[{"@type":"ReadAction","target":["https:\/\/sandzakpress.net\/arhiva\/protest-ispred-ministarstva-rasime-ko-stiti-potrosace\/"]}]},{"@type":"ImageObject","inLanguage":"bs-BA","@id":"https:\/\/sandzakpress.net\/arhiva\/protest-ispred-ministarstva-rasime-ko-stiti-potrosace\/#primaryimage","url":"https:\/\/sandzakpress.net\/arhiva\/wp-content\/uploads\/2018\/09\/1-2.jpeg","contentUrl":"https:\/\/sandzakpress.net\/arhiva\/wp-content\/uploads\/2018\/09\/1-2.jpeg","width":955,"height":747},{"@type":"BreadcrumbList","@id":"https:\/\/sandzakpress.net\/arhiva\/protest-ispred-ministarstva-rasime-ko-stiti-potrosace\/#breadcrumb","itemListElement":[{"@type":"ListItem","position":1,"name":"Home","item":"https:\/\/sandzakpress.net\/arhiva\/"},{"@type":"ListItem","position":2,"name":"PROTEST ISPRED MINISTARSTVA &#8211; Rasime ko \u0161titi potro\u0161a\u010de"}]},{"@type":"WebSite","@id":"https:\/\/sandzakpress.net\/arhiva\/#website","url":"https:\/\/sandzakpress.net\/arhiva\/","name":"Sand\u017eak PRESS","description":"Prve elektronske novine u Sand\u017eaku","publisher":{"@id":"https:\/\/sandzakpress.net\/arhiva\/#\/schema\/person\/6e72b67d6e51910a1117b3b483ba20bd"},"potentialAction":[{"@type":"SearchAction","target":{"@type":"EntryPoint","urlTemplate":"https:\/\/sandzakpress.net\/arhiva\/?s={search_term_string}"},"query-input":{"@type":"PropertyValueSpecification","valueRequired":true,"valueName":"search_term_string"}}],"inLanguage":"bs-BA"},{"@type":["Person","Organization"],"@id":"https:\/\/sandzakpress.net\/arhiva\/#\/schema\/person\/6e72b67d6e51910a1117b3b483ba20bd","name":"Kul","image":{"@type":"ImageObject","inLanguage":"bs-BA","@id":"https:\/\/sandzakpress.net\/arhiva\/#\/schema\/person\/image\/","url":"https:\/\/secure.gravatar.com\/avatar\/42263f39aa27ac04c43cab85c280eb2e?s=96&d=mm&r=pg","contentUrl":"https:\/\/secure.gravatar.com\/avatar\/42263f39aa27ac04c43cab85c280eb2e?s=96&d=mm&r=pg","caption":"Kul"},"logo":{"@id":"https:\/\/sandzakpress.net\/arhiva\/#\/schema\/person\/image\/"}},{"@type":"Person","@id":"https:\/\/sandzakpress.net\/arhiva\/#\/schema\/person\/cb59d7e3ab91ab90dd680ad0305a6185","name":"Agencija","image":{"@type":"ImageObject","inLanguage":"bs-BA","@id":"https:\/\/sandzakpress.net\/arhiva\/#\/schema\/person\/image\/","url":"https:\/\/secure.gravatar.com\/avatar\/4b7fafa80a22f0c2afe23966b3961fe0?s=96&d=mm&r=pg","contentUrl":"https:\/\/secure.gravatar.com\/avatar\/4b7fafa80a22f0c2afe23966b3961fe0?s=96&d=mm&r=pg","caption":"Agencija"},"url":"https:\/\/sandzakpress.net\/arhiva\/author\/agencija\/"}]}},"_links":{"self":[{"href":"https:\/\/sandzakpress.net\/arhiva\/wp-json\/wp\/v2\/posts\/211361"}],"collection":[{"href":"https:\/\/sandzakpress.net\/arhiva\/wp-json\/wp\/v2\/posts"}],"about":[{"href":"https:\/\/sandzakpress.net\/arhiva\/wp-json\/wp\/v2\/types\/post"}],"author":[{"embeddable":true,"href":"https:\/\/sandzakpress.net\/arhiva\/wp-json\/wp\/v2\/users\/509"}],"replies":[{"embeddable":true,"href":"https:\/\/sandzakpress.net\/arhiva\/wp-json\/wp\/v2\/comments?post=211361"}],"version-history":[{"count":0,"href":"https:\/\/sandzakpress.net\/arhiva\/wp-json\/wp\/v2\/posts\/211361\/revisions"}],"wp:featuredmedia":[{"embeddable":true,"href":"https:\/\/sandzakpress.net\/arhiva\/wp-json\/wp\/v2\/media\/211363"}],"wp:attachment":[{"href":"https:\/\/sandzakpress.net\/arhiva\/wp-json\/wp\/v2\/media?parent=211361"}],"wp:term":[{"taxonomy":"category","embeddable":true,"href":"https:\/\/sandzakpress.net\/arhiva\/wp-json\/wp\/v2\/categories?post=211361"},{"taxonomy":"post_tag","embeddable":true,"href":"https:\/\/sandzakpress.net\/arhiva\/wp-json\/wp\/v2\/tags?post=211361"}],"curies":[{"name":"wp","href":"https:\/\/api.w.org\/{rel}","templated":true}]}}