{"id":211153,"date":"2018-09-03T12:08:41","date_gmt":"2018-09-03T10:08:41","guid":{"rendered":"https:\/\/sandzakpress.net\/arhiva\/?p=211153"},"modified":"2018-09-03T12:08:41","modified_gmt":"2018-09-03T10:08:41","slug":"bjelopoljka-kaznjena-sa-500-eura-zbog-bacanja-otpada-van-kontejnera","status":"publish","type":"post","link":"https:\/\/sandzakpress.net\/arhiva\/bjelopoljka-kaznjena-sa-500-eura-zbog-bacanja-otpada-van-kontejnera\/","title":{"rendered":"Bjelopoljka ka\u017enjena sa 500 eura zbog bacanja otpada van kontejnera"},"content":{"rendered":"<p><img decoding=\"async\" src=\"http:\/\/www.sandzaklive.rs\/images\/000\/40575772_611917949241491_9159344614321160192_n.jpg\" alt=\"40575772 611917949241491 9159344614321160192 n\" \/><\/p>\n<p><strong>E.Z. iz Bijelog Polja, nastanjena u Baru, ka\u017enjena je sa 500 eura zbog odlaganja otpada van kontejnera.<\/strong><\/p>\n<p>Kako je najavio na\u010delnik komunalne policije u tom gradu, Stevo Pejovi\u0107, intenzivne kontrole na svim lokacijama na kojim gra\u0111ani odla\u017eu otpad van predvi\u0111enih mjesta bi\u0107e nastavljene, pi\u0161e BARinfo.<\/p>\n<div class=\"text_exposed_show\">\n<p><strong>Bar ne\u0107e vi\u0161e tolerisati ne\u010disto\u0107u<\/strong><\/p>\n<p>Podsjetimo, predsjednik op\u0161tine Bar, Du\u0161an Rai\u010devi\u0107, ju\u010de je saop\u0161tio da je opravdano nezadovoljstvo gra\u0111ana i turista nivoom \u010disto\u0107e u gradu, da je on, kao Baranin i kao predsjednik, nezadovoljan, te da se to vi\u0161e ne\u0107e tolerisati.<\/p>\n<p>\u201cSvi moramo dati svoj maksimum i puni doprinos da Bar opet u\u010dinimo naj\u010distijim gradom u regionu i u tom pravcu sam nalo\u017eio konkretne aktivnosti\u201d, istakao je Rai\u010devi\u0107.<\/p>\n<p>(Vijesti)<\/p>\n<\/div>\n","protected":false},"excerpt":{"rendered":"<p>E.Z. iz Bijelog Polja, nastanjena u Baru, ka\u017enjena je sa 500 eura zbog odlaganja otpada van kontejnera. Kako je najavio na\u010delnik komunalne policije u tom gradu, Stevo Pejovi\u0107, intenzivne kontrole na svim lokacijama na kojim gra\u0111ani odla\u017eu otpad van predvi\u0111enih mjesta bi\u0107e nastavljene, pi\u0161e BARinfo. Bar ne\u0107e vi\u0161e tolerisati ne\u010disto\u0107u Podsjetimo, predsjednik op\u0161tine Bar, Du\u0161an [&hellip;]<\/p>\n","protected":false},"author":509,"featured_media":211154,"comment_status":"open","ping_status":"open","sticky":false,"template":"","format":"standard","meta":{"footnotes":""},"categories":[396,801],"tags":[],"class_list":{"0":"post-211153","1":"post","2":"type-post","3":"status-publish","4":"format-standard","5":"has-post-thumbnail","7":"category-bijelo_polje","8":"category-crna_hronika"},"yoast_head":"<!-- This site is optimized with the Yoast SEO Premium plugin v23.1 (Yoast SEO v24.9) - https:\/\/yoast.com\/wordpress\/plugins\/seo\/ -->\n<title>Bjelopoljka ka\u017enjena sa 500 eura zbog bacanja otpada van kontejnera<\/title>\n<meta name=\"robots\" content=\"index, follow, max-snippet:-1, max-image-preview:large, max-video-preview:-1\" \/>\n<link rel=\"canonical\" href=\"https:\/\/sandzakpress.net\/arhiva\/bjelopoljka-kaznjena-sa-500-eura-zbog-bacanja-otpada-van-kontejnera\/\" \/>\n<meta property=\"og:locale\" content=\"bs_BA\" \/>\n<meta property=\"og:type\" content=\"article\" \/>\n<meta property=\"og:title\" content=\"Bjelopoljka ka\u017enjena sa 500 eura zbog bacanja otpada van kontejnera\" \/>\n<meta property=\"og:description\" content=\"E.Z. iz Bijelog Polja, nastanjena u Baru, ka\u017enjena je sa 500 eura zbog odlaganja otpada van kontejnera. Kako je najavio na\u010delnik komunalne policije u tom gradu, Stevo Pejovi\u0107, intenzivne kontrole na svim lokacijama na kojim gra\u0111ani odla\u017eu otpad van predvi\u0111enih mjesta bi\u0107e nastavljene, pi\u0161e BARinfo. Bar ne\u0107e vi\u0161e tolerisati ne\u010disto\u0107u Podsjetimo, predsjednik op\u0161tine Bar, Du\u0161an [&hellip;]\" \/>\n<meta property=\"og:url\" content=\"https:\/\/sandzakpress.net\/arhiva\/bjelopoljka-kaznjena-sa-500-eura-zbog-bacanja-otpada-van-kontejnera\/\" \/>\n<meta property=\"og:site_name\" content=\"Sand\u017eak PRESS\" \/>\n<meta property=\"article:published_time\" content=\"2018-09-03T10:08:41+00:00\" \/>\n<meta property=\"og:image\" content=\"https:\/\/sandzakpress.net\/arhiva\/wp-content\/uploads\/2018\/09\/40575772_611917949241491_9159344614321160192_n.jpg\" \/>\n\t<meta property=\"og:image:width\" content=\"960\" \/>\n\t<meta property=\"og:image:height\" content=\"576\" \/>\n\t<meta property=\"og:image:type\" content=\"image\/jpeg\" \/>\n<meta name=\"author\" content=\"Agencija\" \/>\n<meta name=\"twitter:card\" content=\"summary_large_image\" \/>\n<meta name=\"twitter:label1\" content=\"Written by\" \/>\n\t<meta name=\"twitter:data1\" content=\"Agencija\" \/>\n\t<meta name=\"twitter:label2\" content=\"Est. reading time\" \/>\n\t<meta name=\"twitter:data2\" content=\"1 minuta\" \/>\n<script type=\"application\/ld+json\" class=\"yoast-schema-graph\">{\"@context\":\"https:\/\/schema.org\",\"@graph\":[{\"@type\":\"Article\",\"@id\":\"https:\/\/sandzakpress.net\/arhiva\/bjelopoljka-kaznjena-sa-500-eura-zbog-bacanja-otpada-van-kontejnera\/#article\",\"isPartOf\":{\"@id\":\"https:\/\/sandzakpress.net\/arhiva\/bjelopoljka-kaznjena-sa-500-eura-zbog-bacanja-otpada-van-kontejnera\/\"},\"author\":{\"name\":\"Agencija\",\"@id\":\"https:\/\/sandzakpress.net\/arhiva\/#\/schema\/person\/cb59d7e3ab91ab90dd680ad0305a6185\"},\"headline\":\"Bjelopoljka ka\u017enjena sa 500 eura zbog bacanja otpada van kontejnera\",\"datePublished\":\"2018-09-03T10:08:41+00:00\",\"mainEntityOfPage\":{\"@id\":\"https:\/\/sandzakpress.net\/arhiva\/bjelopoljka-kaznjena-sa-500-eura-zbog-bacanja-otpada-van-kontejnera\/\"},\"wordCount\":148,\"commentCount\":1,\"publisher\":{\"@id\":\"https:\/\/sandzakpress.net\/arhiva\/#\/schema\/person\/6e72b67d6e51910a1117b3b483ba20bd\"},\"image\":{\"@id\":\"https:\/\/sandzakpress.net\/arhiva\/bjelopoljka-kaznjena-sa-500-eura-zbog-bacanja-otpada-van-kontejnera\/#primaryimage\"},\"thumbnailUrl\":\"https:\/\/sandzakpress.net\/arhiva\/wp-content\/uploads\/2018\/09\/40575772_611917949241491_9159344614321160192_n.jpg\",\"articleSection\":[\"Bijelo Polje\",\"Hronika\"],\"inLanguage\":\"bs-BA\",\"potentialAction\":[{\"@type\":\"CommentAction\",\"name\":\"Comment\",\"target\":[\"https:\/\/sandzakpress.net\/arhiva\/bjelopoljka-kaznjena-sa-500-eura-zbog-bacanja-otpada-van-kontejnera\/#respond\"]}]},{\"@type\":\"WebPage\",\"@id\":\"https:\/\/sandzakpress.net\/arhiva\/bjelopoljka-kaznjena-sa-500-eura-zbog-bacanja-otpada-van-kontejnera\/\",\"url\":\"https:\/\/sandzakpress.net\/arhiva\/bjelopoljka-kaznjena-sa-500-eura-zbog-bacanja-otpada-van-kontejnera\/\",\"name\":\"Bjelopoljka ka\u017enjena sa 500 eura zbog bacanja otpada van kontejnera\",\"isPartOf\":{\"@id\":\"https:\/\/sandzakpress.net\/arhiva\/#website\"},\"primaryImageOfPage\":{\"@id\":\"https:\/\/sandzakpress.net\/arhiva\/bjelopoljka-kaznjena-sa-500-eura-zbog-bacanja-otpada-van-kontejnera\/#primaryimage\"},\"image\":{\"@id\":\"https:\/\/sandzakpress.net\/arhiva\/bjelopoljka-kaznjena-sa-500-eura-zbog-bacanja-otpada-van-kontejnera\/#primaryimage\"},\"thumbnailUrl\":\"https:\/\/sandzakpress.net\/arhiva\/wp-content\/uploads\/2018\/09\/40575772_611917949241491_9159344614321160192_n.jpg\",\"datePublished\":\"2018-09-03T10:08:41+00:00\",\"breadcrumb\":{\"@id\":\"https:\/\/sandzakpress.net\/arhiva\/bjelopoljka-kaznjena-sa-500-eura-zbog-bacanja-otpada-van-kontejnera\/#breadcrumb\"},\"inLanguage\":\"bs-BA\",\"potentialAction\":[{\"@type\":\"ReadAction\",\"target\":[\"https:\/\/sandzakpress.net\/arhiva\/bjelopoljka-kaznjena-sa-500-eura-zbog-bacanja-otpada-van-kontejnera\/\"]}]},{\"@type\":\"ImageObject\",\"inLanguage\":\"bs-BA\",\"@id\":\"https:\/\/sandzakpress.net\/arhiva\/bjelopoljka-kaznjena-sa-500-eura-zbog-bacanja-otpada-van-kontejnera\/#primaryimage\",\"url\":\"https:\/\/sandzakpress.net\/arhiva\/wp-content\/uploads\/2018\/09\/40575772_611917949241491_9159344614321160192_n.jpg\",\"contentUrl\":\"https:\/\/sandzakpress.net\/arhiva\/wp-content\/uploads\/2018\/09\/40575772_611917949241491_9159344614321160192_n.jpg\",\"width\":960,\"height\":576},{\"@type\":\"BreadcrumbList\",\"@id\":\"https:\/\/sandzakpress.net\/arhiva\/bjelopoljka-kaznjena-sa-500-eura-zbog-bacanja-otpada-van-kontejnera\/#breadcrumb\",\"itemListElement\":[{\"@type\":\"ListItem\",\"position\":1,\"name\":\"Home\",\"item\":\"https:\/\/sandzakpress.net\/arhiva\/\"},{\"@type\":\"ListItem\",\"position\":2,\"name\":\"Bjelopoljka ka\u017enjena sa 500 eura zbog bacanja otpada van kontejnera\"}]},{\"@type\":\"WebSite\",\"@id\":\"https:\/\/sandzakpress.net\/arhiva\/#website\",\"url\":\"https:\/\/sandzakpress.net\/arhiva\/\",\"name\":\"Sand\u017eak PRESS\",\"description\":\"Prve elektronske novine u Sand\u017eaku\",\"publisher\":{\"@id\":\"https:\/\/sandzakpress.net\/arhiva\/#\/schema\/person\/6e72b67d6e51910a1117b3b483ba20bd\"},\"potentialAction\":[{\"@type\":\"SearchAction\",\"target\":{\"@type\":\"EntryPoint\",\"urlTemplate\":\"https:\/\/sandzakpress.net\/arhiva\/?s={search_term_string}\"},\"query-input\":{\"@type\":\"PropertyValueSpecification\",\"valueRequired\":true,\"valueName\":\"search_term_string\"}}],\"inLanguage\":\"bs-BA\"},{\"@type\":[\"Person\",\"Organization\"],\"@id\":\"https:\/\/sandzakpress.net\/arhiva\/#\/schema\/person\/6e72b67d6e51910a1117b3b483ba20bd\",\"name\":\"Kul\",\"image\":{\"@type\":\"ImageObject\",\"inLanguage\":\"bs-BA\",\"@id\":\"https:\/\/sandzakpress.net\/arhiva\/#\/schema\/person\/image\/\",\"url\":\"https:\/\/secure.gravatar.com\/avatar\/42263f39aa27ac04c43cab85c280eb2e?s=96&d=mm&r=pg\",\"contentUrl\":\"https:\/\/secure.gravatar.com\/avatar\/42263f39aa27ac04c43cab85c280eb2e?s=96&d=mm&r=pg\",\"caption\":\"Kul\"},\"logo\":{\"@id\":\"https:\/\/sandzakpress.net\/arhiva\/#\/schema\/person\/image\/\"}},{\"@type\":\"Person\",\"@id\":\"https:\/\/sandzakpress.net\/arhiva\/#\/schema\/person\/cb59d7e3ab91ab90dd680ad0305a6185\",\"name\":\"Agencija\",\"image\":{\"@type\":\"ImageObject\",\"inLanguage\":\"bs-BA\",\"@id\":\"https:\/\/sandzakpress.net\/arhiva\/#\/schema\/person\/image\/\",\"url\":\"https:\/\/secure.gravatar.com\/avatar\/4b7fafa80a22f0c2afe23966b3961fe0?s=96&d=mm&r=pg\",\"contentUrl\":\"https:\/\/secure.gravatar.com\/avatar\/4b7fafa80a22f0c2afe23966b3961fe0?s=96&d=mm&r=pg\",\"caption\":\"Agencija\"},\"url\":\"https:\/\/sandzakpress.net\/arhiva\/author\/agencija\/\"}]}<\/script>\n<!-- \/ Yoast SEO Premium plugin. -->","yoast_head_json":{"title":"Bjelopoljka ka\u017enjena sa 500 eura zbog bacanja otpada van kontejnera","robots":{"index":"index","follow":"follow","max-snippet":"max-snippet:-1","max-image-preview":"max-image-preview:large","max-video-preview":"max-video-preview:-1"},"canonical":"https:\/\/sandzakpress.net\/arhiva\/bjelopoljka-kaznjena-sa-500-eura-zbog-bacanja-otpada-van-kontejnera\/","og_locale":"bs_BA","og_type":"article","og_title":"Bjelopoljka ka\u017enjena sa 500 eura zbog bacanja otpada van kontejnera","og_description":"E.Z. iz Bijelog Polja, nastanjena u Baru, ka\u017enjena je sa 500 eura zbog odlaganja otpada van kontejnera. Kako je najavio na\u010delnik komunalne policije u tom gradu, Stevo Pejovi\u0107, intenzivne kontrole na svim lokacijama na kojim gra\u0111ani odla\u017eu otpad van predvi\u0111enih mjesta bi\u0107e nastavljene, pi\u0161e BARinfo. Bar ne\u0107e vi\u0161e tolerisati ne\u010disto\u0107u Podsjetimo, predsjednik op\u0161tine Bar, Du\u0161an [&hellip;]","og_url":"https:\/\/sandzakpress.net\/arhiva\/bjelopoljka-kaznjena-sa-500-eura-zbog-bacanja-otpada-van-kontejnera\/","og_site_name":"Sand\u017eak PRESS","article_published_time":"2018-09-03T10:08:41+00:00","og_image":[{"width":960,"height":576,"url":"https:\/\/sandzakpress.net\/arhiva\/wp-content\/uploads\/2018\/09\/40575772_611917949241491_9159344614321160192_n.jpg","type":"image\/jpeg"}],"author":"Agencija","twitter_card":"summary_large_image","twitter_misc":{"Written by":"Agencija","Est. reading time":"1 minuta"},"schema":{"@context":"https:\/\/schema.org","@graph":[{"@type":"Article","@id":"https:\/\/sandzakpress.net\/arhiva\/bjelopoljka-kaznjena-sa-500-eura-zbog-bacanja-otpada-van-kontejnera\/#article","isPartOf":{"@id":"https:\/\/sandzakpress.net\/arhiva\/bjelopoljka-kaznjena-sa-500-eura-zbog-bacanja-otpada-van-kontejnera\/"},"author":{"name":"Agencija","@id":"https:\/\/sandzakpress.net\/arhiva\/#\/schema\/person\/cb59d7e3ab91ab90dd680ad0305a6185"},"headline":"Bjelopoljka ka\u017enjena sa 500 eura zbog bacanja otpada van kontejnera","datePublished":"2018-09-03T10:08:41+00:00","mainEntityOfPage":{"@id":"https:\/\/sandzakpress.net\/arhiva\/bjelopoljka-kaznjena-sa-500-eura-zbog-bacanja-otpada-van-kontejnera\/"},"wordCount":148,"commentCount":1,"publisher":{"@id":"https:\/\/sandzakpress.net\/arhiva\/#\/schema\/person\/6e72b67d6e51910a1117b3b483ba20bd"},"image":{"@id":"https:\/\/sandzakpress.net\/arhiva\/bjelopoljka-kaznjena-sa-500-eura-zbog-bacanja-otpada-van-kontejnera\/#primaryimage"},"thumbnailUrl":"https:\/\/sandzakpress.net\/arhiva\/wp-content\/uploads\/2018\/09\/40575772_611917949241491_9159344614321160192_n.jpg","articleSection":["Bijelo Polje","Hronika"],"inLanguage":"bs-BA","potentialAction":[{"@type":"CommentAction","name":"Comment","target":["https:\/\/sandzakpress.net\/arhiva\/bjelopoljka-kaznjena-sa-500-eura-zbog-bacanja-otpada-van-kontejnera\/#respond"]}]},{"@type":"WebPage","@id":"https:\/\/sandzakpress.net\/arhiva\/bjelopoljka-kaznjena-sa-500-eura-zbog-bacanja-otpada-van-kontejnera\/","url":"https:\/\/sandzakpress.net\/arhiva\/bjelopoljka-kaznjena-sa-500-eura-zbog-bacanja-otpada-van-kontejnera\/","name":"Bjelopoljka ka\u017enjena sa 500 eura zbog bacanja otpada van kontejnera","isPartOf":{"@id":"https:\/\/sandzakpress.net\/arhiva\/#website"},"primaryImageOfPage":{"@id":"https:\/\/sandzakpress.net\/arhiva\/bjelopoljka-kaznjena-sa-500-eura-zbog-bacanja-otpada-van-kontejnera\/#primaryimage"},"image":{"@id":"https:\/\/sandzakpress.net\/arhiva\/bjelopoljka-kaznjena-sa-500-eura-zbog-bacanja-otpada-van-kontejnera\/#primaryimage"},"thumbnailUrl":"https:\/\/sandzakpress.net\/arhiva\/wp-content\/uploads\/2018\/09\/40575772_611917949241491_9159344614321160192_n.jpg","datePublished":"2018-09-03T10:08:41+00:00","breadcrumb":{"@id":"https:\/\/sandzakpress.net\/arhiva\/bjelopoljka-kaznjena-sa-500-eura-zbog-bacanja-otpada-van-kontejnera\/#breadcrumb"},"inLanguage":"bs-BA","potentialAction":[{"@type":"ReadAction","target":["https:\/\/sandzakpress.net\/arhiva\/bjelopoljka-kaznjena-sa-500-eura-zbog-bacanja-otpada-van-kontejnera\/"]}]},{"@type":"ImageObject","inLanguage":"bs-BA","@id":"https:\/\/sandzakpress.net\/arhiva\/bjelopoljka-kaznjena-sa-500-eura-zbog-bacanja-otpada-van-kontejnera\/#primaryimage","url":"https:\/\/sandzakpress.net\/arhiva\/wp-content\/uploads\/2018\/09\/40575772_611917949241491_9159344614321160192_n.jpg","contentUrl":"https:\/\/sandzakpress.net\/arhiva\/wp-content\/uploads\/2018\/09\/40575772_611917949241491_9159344614321160192_n.jpg","width":960,"height":576},{"@type":"BreadcrumbList","@id":"https:\/\/sandzakpress.net\/arhiva\/bjelopoljka-kaznjena-sa-500-eura-zbog-bacanja-otpada-van-kontejnera\/#breadcrumb","itemListElement":[{"@type":"ListItem","position":1,"name":"Home","item":"https:\/\/sandzakpress.net\/arhiva\/"},{"@type":"ListItem","position":2,"name":"Bjelopoljka ka\u017enjena sa 500 eura zbog bacanja otpada van kontejnera"}]},{"@type":"WebSite","@id":"https:\/\/sandzakpress.net\/arhiva\/#website","url":"https:\/\/sandzakpress.net\/arhiva\/","name":"Sand\u017eak PRESS","description":"Prve elektronske novine u Sand\u017eaku","publisher":{"@id":"https:\/\/sandzakpress.net\/arhiva\/#\/schema\/person\/6e72b67d6e51910a1117b3b483ba20bd"},"potentialAction":[{"@type":"SearchAction","target":{"@type":"EntryPoint","urlTemplate":"https:\/\/sandzakpress.net\/arhiva\/?s={search_term_string}"},"query-input":{"@type":"PropertyValueSpecification","valueRequired":true,"valueName":"search_term_string"}}],"inLanguage":"bs-BA"},{"@type":["Person","Organization"],"@id":"https:\/\/sandzakpress.net\/arhiva\/#\/schema\/person\/6e72b67d6e51910a1117b3b483ba20bd","name":"Kul","image":{"@type":"ImageObject","inLanguage":"bs-BA","@id":"https:\/\/sandzakpress.net\/arhiva\/#\/schema\/person\/image\/","url":"https:\/\/secure.gravatar.com\/avatar\/42263f39aa27ac04c43cab85c280eb2e?s=96&d=mm&r=pg","contentUrl":"https:\/\/secure.gravatar.com\/avatar\/42263f39aa27ac04c43cab85c280eb2e?s=96&d=mm&r=pg","caption":"Kul"},"logo":{"@id":"https:\/\/sandzakpress.net\/arhiva\/#\/schema\/person\/image\/"}},{"@type":"Person","@id":"https:\/\/sandzakpress.net\/arhiva\/#\/schema\/person\/cb59d7e3ab91ab90dd680ad0305a6185","name":"Agencija","image":{"@type":"ImageObject","inLanguage":"bs-BA","@id":"https:\/\/sandzakpress.net\/arhiva\/#\/schema\/person\/image\/","url":"https:\/\/secure.gravatar.com\/avatar\/4b7fafa80a22f0c2afe23966b3961fe0?s=96&d=mm&r=pg","contentUrl":"https:\/\/secure.gravatar.com\/avatar\/4b7fafa80a22f0c2afe23966b3961fe0?s=96&d=mm&r=pg","caption":"Agencija"},"url":"https:\/\/sandzakpress.net\/arhiva\/author\/agencija\/"}]}},"_links":{"self":[{"href":"https:\/\/sandzakpress.net\/arhiva\/wp-json\/wp\/v2\/posts\/211153"}],"collection":[{"href":"https:\/\/sandzakpress.net\/arhiva\/wp-json\/wp\/v2\/posts"}],"about":[{"href":"https:\/\/sandzakpress.net\/arhiva\/wp-json\/wp\/v2\/types\/post"}],"author":[{"embeddable":true,"href":"https:\/\/sandzakpress.net\/arhiva\/wp-json\/wp\/v2\/users\/509"}],"replies":[{"embeddable":true,"href":"https:\/\/sandzakpress.net\/arhiva\/wp-json\/wp\/v2\/comments?post=211153"}],"version-history":[{"count":0,"href":"https:\/\/sandzakpress.net\/arhiva\/wp-json\/wp\/v2\/posts\/211153\/revisions"}],"wp:featuredmedia":[{"embeddable":true,"href":"https:\/\/sandzakpress.net\/arhiva\/wp-json\/wp\/v2\/media\/211154"}],"wp:attachment":[{"href":"https:\/\/sandzakpress.net\/arhiva\/wp-json\/wp\/v2\/media?parent=211153"}],"wp:term":[{"taxonomy":"category","embeddable":true,"href":"https:\/\/sandzakpress.net\/arhiva\/wp-json\/wp\/v2\/categories?post=211153"},{"taxonomy":"post_tag","embeddable":true,"href":"https:\/\/sandzakpress.net\/arhiva\/wp-json\/wp\/v2\/tags?post=211153"}],"curies":[{"name":"wp","href":"https:\/\/api.w.org\/{rel}","templated":true}]}}