{"id":211138,"date":"2018-09-03T12:13:45","date_gmt":"2018-09-03T10:13:45","guid":{"rendered":"https:\/\/sandzakpress.net\/arhiva\/?p=211138"},"modified":"2018-09-03T12:13:45","modified_gmt":"2018-09-03T10:13:45","slug":"skandal-albanizuju-avda-mededovica-preimenovali-ga-u-avdulaha-zenelija","status":"publish","type":"post","link":"https:\/\/sandzakpress.net\/arhiva\/skandal-albanizuju-avda-mededovica-preimenovali-ga-u-avdulaha-zenelija\/","title":{"rendered":"SKANDAL: Albanizuju Avda Me\u0111edovi\u0107a, preimenovali ga u Avdulaha Zenelija"},"content":{"rendered":"<p><img decoding=\"async\" class=\"aligncenter\" src=\"http:\/\/www.sandzacke.rs\/wp-content\/uploads\/2018\/09\/azizi-avdo-696x469.jpg\" \/><\/p>\n<p><strong>Albansko udru\u017eenje \u201cKosovo za Sand\u017eak\u201d najavljuje za 8. septembar\u00a0simpozijum u Albanolo\u0161kom institutu u Pri\u0161tini, koji prema najavama organizatora ima za cilj istra\u017eivanje stanja epske pjesme danas i u pro\u0161losti s posebnim akcentom na djelo (bo\u0161nja\u010dkih) epskih pjesnika Avda Me\u0111edovi\u0107a, kojeg su Albanci preimenovali u Avdulah Zeneli i Saliha Ugljanina.<\/strong><\/p>\n<p>U najavi simpozijuma na Facebooku se navodi da \u0107e on \u201cokupiti istra\u017eiva\u010de sa svih univerziteta i presti\u017enih nacionalnih i me\u0111unarodnih instituta, koji \u0107e svojim istra\u017eivanjem osvijetliti albansku epsku pjesmu u Sand\u017eaku, sa posebnim naglaskom na rasvjetljavanju i pobolj\u0161anju gre\u0161aka koje su napravljene u pro\u0161losti\u201d.<\/p>\n<p>Tako\u0111er, navodi se da \u0107e ovaj projekat uticati na priznavanje lokalnog i me\u0111unarodnog mi\u0161ljenja o kulturi i tradiciji albanskog naroda u Sand\u017eaku.<\/p>\n<p><img loading=\"lazy\" decoding=\"async\" class=\"size-full td-animation-stack-type0-1 aligncenter\" src=\"https:\/\/scontent.fbeg5-1.fna.fbcdn.net\/v\/t1.0-9\/40417647_472505629930627_1004689178060914688_n.jpg?_nc_cat=0&amp;oh=dbe0b5558fd289cdc5a27696a762b758&amp;oe=5C27E651\" width=\"540\" height=\"960\" \/><\/p>\n<p>Navodi se i da \u0107e istra\u017eivanje koje \u0107e biti predstavljeno na ovom simpozijumu biti objavljeno kao i da \u0107e doprinos simpozijuma biti dobar za nauku uop\u0161te, a posebno u nauci o albanologiji.<\/p>\n<p>Simpozijum \u0107e imati zna\u010dajan uticaj na trenutne studente i one koji dolaze da se bave ovim nau\u010dnim radom, \u0161to zna\u010dajno doprinosi podizanju nacionalne svijesti o albanskim podru\u010djima koja su gotovo asimilirana, navodi se u pozivu organizatora seminara.<\/p>\n<p>Avdo Me\u0111edovi\u0107 jedan od najve\u0107ih bo\u0161nja\u010dkih epskih pjesnika. Njegova izvo\u0111enje narodne pjesme \u017denidba Smailagi\u0107 Meha ima 12 311 stihova i duga je kao Homerova Ilijada i Odiseja, \u0161to je impresioniralo svjetske istra\u017eiva\u010de narodnih pjesama, pjesnika i epi\u010dara.<\/p>\n<p>Poznat je njegov razgovor sa ameri\u010dkim istra\u017eiva\u010dima gdje je izjavio da je Bo\u0161njak. Me\u0111utim, ni to nije dovoljno bilo Aziziju ve\u0107 je i mrtvog Me\u0111edovi\u0107a albanizirao i preimenovao, a cio njegov opus nazvao albanskim narodnim pjesmama.<\/p>\n<p>O djelovanju predsjednika albanskog udru\u017eenja \u201cKosovo za Sand\u017eak\u201d Ismeta Azizije novine su ve\u0107 pisale u nekoliko navrata ukazuju\u0107i na perfidne poku\u0161aje albanizacije sand\u017ea\u010dkih Bo\u0161njaka.<\/p>\n<p>A \u0161ta zapravo Azizi misli o sand\u017ea\u010dkim Bo\u0161njacima? Jednostavno da su Albanci. On potpuno negira bo\u0161nja\u010dki identitet i porijeklo, kulturu i naciju. U tu svrhu, unajmljeno je i nekoliko saradnika koji obilaze sand\u017ea\u010dka sela kako bi na\u0161li pojedince koji bi tvrdili da su Bo\u0161njaci zapravo Albanci. \u010cak \u0161ta vi\u0161e, pomenuta dru\u017eina je ovih dana pokrenula i web portal preko kojeg plasiraju svoje asimilatorske ideje.<\/p>\n<p>Skandal sa \u201cnabijanjem \u0107ulaha\u201d bo\u0161nja\u010dkoj djeci na Pe\u0161etri kao i ostali poku\u0161aji albanizacije i negiranja nacionalnog identiteta bo\u0161nja\u010dkog stanovni\u0161tva na ovom podru\u010dju i dalje ostaju pre\u0161u\u0107eni od strane intelektualne i politi\u010dke elite u Sand\u017eaku, a prije svega izostaje reakcija Bo\u0161nja\u010dkog nacionalnog vije\u0107a koje je direktno u obavezi o\u010duvanja i za\u0161tite bo\u0161nja\u010dke kulture, tradicije i identiteta svog naroda.<\/p>\n<p>Da stvar bude gora Azizijeva NVO \u201cKosovo za Sand\u017eak\u201d ima\u00a0konsultativno-participativni status pri Bo\u0161nja\u010dkom nacionalnom vije\u0107u i, kako stvari stoje, pod okriljem BNV i uz podr\u0161ku odre\u0111enih krugova nesmetano sprovodi kampanju albanizacije Bo\u0161njaka.<\/p>\n<p>Izvor: Sand\u017ea\u010dke novine<\/p>\n","protected":false},"excerpt":{"rendered":"<p>Albansko udru\u017eenje \u201cKosovo za Sand\u017eak\u201d najavljuje za 8. septembar\u00a0simpozijum u Albanolo\u0161kom institutu u Pri\u0161tini, koji prema najavama organizatora ima za cilj istra\u017eivanje stanja epske pjesme danas i u pro\u0161losti s posebnim akcentom na djelo (bo\u0161nja\u010dkih) epskih pjesnika Avda Me\u0111edovi\u0107a, kojeg su Albanci preimenovali u Avdulah Zeneli i Saliha Ugljanina. U najavi simpozijuma na Facebooku se [&hellip;]<\/p>\n","protected":false},"author":509,"featured_media":211157,"comment_status":"open","ping_status":"open","sticky":false,"template":"","format":"standard","meta":{"footnotes":""},"categories":[72,800,2690,8957],"tags":[],"class_list":{"0":"post-211138","1":"post","2":"type-post","3":"status-publish","4":"format-standard","5":"has-post-thumbnail","7":"category-novi-pazar","8":"category-nacija","9":"category-kosovo-gradovi","10":"category-vijesti-dana"},"yoast_head":"<!-- This site is optimized with the Yoast SEO Premium plugin v23.1 (Yoast SEO v24.9) - https:\/\/yoast.com\/wordpress\/plugins\/seo\/ -->\n<title>SKANDAL: Albanizuju Avda Me\u0111edovi\u0107a, preimenovali ga u Avdulaha Zenelija<\/title>\n<meta name=\"robots\" content=\"index, follow, max-snippet:-1, max-image-preview:large, max-video-preview:-1\" \/>\n<link rel=\"canonical\" href=\"https:\/\/sandzakpress.net\/arhiva\/skandal-albanizuju-avda-mededovica-preimenovali-ga-u-avdulaha-zenelija\/\" \/>\n<meta property=\"og:locale\" content=\"bs_BA\" \/>\n<meta property=\"og:type\" content=\"article\" \/>\n<meta property=\"og:title\" content=\"SKANDAL: Albanizuju Avda Me\u0111edovi\u0107a, preimenovali ga u Avdulaha Zenelija\" \/>\n<meta property=\"og:description\" content=\"Albansko udru\u017eenje \u201cKosovo za Sand\u017eak\u201d najavljuje za 8. septembar\u00a0simpozijum u Albanolo\u0161kom institutu u Pri\u0161tini, koji prema najavama organizatora ima za cilj istra\u017eivanje stanja epske pjesme danas i u pro\u0161losti s posebnim akcentom na djelo (bo\u0161nja\u010dkih) epskih pjesnika Avda Me\u0111edovi\u0107a, kojeg su Albanci preimenovali u Avdulah Zeneli i Saliha Ugljanina. U najavi simpozijuma na Facebooku se [&hellip;]\" \/>\n<meta property=\"og:url\" content=\"https:\/\/sandzakpress.net\/arhiva\/skandal-albanizuju-avda-mededovica-preimenovali-ga-u-avdulaha-zenelija\/\" \/>\n<meta property=\"og:site_name\" content=\"Sand\u017eak PRESS\" \/>\n<meta property=\"article:published_time\" content=\"2018-09-03T10:13:45+00:00\" \/>\n<meta property=\"og:image\" content=\"https:\/\/sandzakpress.net\/arhiva\/wp-content\/uploads\/2018\/09\/azizi-avdo-696x469.jpg\" \/>\n\t<meta property=\"og:image:width\" content=\"696\" \/>\n\t<meta property=\"og:image:height\" content=\"469\" \/>\n\t<meta property=\"og:image:type\" content=\"image\/jpeg\" \/>\n<meta name=\"author\" content=\"Agencija\" \/>\n<meta name=\"twitter:card\" content=\"summary_large_image\" \/>\n<meta name=\"twitter:label1\" content=\"Written by\" \/>\n\t<meta name=\"twitter:data1\" content=\"Agencija\" \/>\n\t<meta name=\"twitter:label2\" content=\"Est. reading time\" \/>\n\t<meta name=\"twitter:data2\" content=\"3 minute\" \/>\n<script type=\"application\/ld+json\" class=\"yoast-schema-graph\">{\"@context\":\"https:\/\/schema.org\",\"@graph\":[{\"@type\":\"Article\",\"@id\":\"https:\/\/sandzakpress.net\/arhiva\/skandal-albanizuju-avda-mededovica-preimenovali-ga-u-avdulaha-zenelija\/#article\",\"isPartOf\":{\"@id\":\"https:\/\/sandzakpress.net\/arhiva\/skandal-albanizuju-avda-mededovica-preimenovali-ga-u-avdulaha-zenelija\/\"},\"author\":{\"name\":\"Agencija\",\"@id\":\"https:\/\/sandzakpress.net\/arhiva\/#\/schema\/person\/cb59d7e3ab91ab90dd680ad0305a6185\"},\"headline\":\"SKANDAL: Albanizuju Avda Me\u0111edovi\u0107a, preimenovali ga u Avdulaha Zenelija\",\"datePublished\":\"2018-09-03T10:13:45+00:00\",\"mainEntityOfPage\":{\"@id\":\"https:\/\/sandzakpress.net\/arhiva\/skandal-albanizuju-avda-mededovica-preimenovali-ga-u-avdulaha-zenelija\/\"},\"wordCount\":537,\"commentCount\":51,\"publisher\":{\"@id\":\"https:\/\/sandzakpress.net\/arhiva\/#\/schema\/person\/6e72b67d6e51910a1117b3b483ba20bd\"},\"image\":{\"@id\":\"https:\/\/sandzakpress.net\/arhiva\/skandal-albanizuju-avda-mededovica-preimenovali-ga-u-avdulaha-zenelija\/#primaryimage\"},\"thumbnailUrl\":\"https:\/\/sandzakpress.net\/arhiva\/wp-content\/uploads\/2018\/09\/azizi-avdo-696x469.jpg\",\"articleSection\":[\"Novi Pazar\",\"Nacija\",\"Kosovo\",\"VIJESTI DANA\"],\"inLanguage\":\"bs-BA\",\"potentialAction\":[{\"@type\":\"CommentAction\",\"name\":\"Comment\",\"target\":[\"https:\/\/sandzakpress.net\/arhiva\/skandal-albanizuju-avda-mededovica-preimenovali-ga-u-avdulaha-zenelija\/#respond\"]}]},{\"@type\":\"WebPage\",\"@id\":\"https:\/\/sandzakpress.net\/arhiva\/skandal-albanizuju-avda-mededovica-preimenovali-ga-u-avdulaha-zenelija\/\",\"url\":\"https:\/\/sandzakpress.net\/arhiva\/skandal-albanizuju-avda-mededovica-preimenovali-ga-u-avdulaha-zenelija\/\",\"name\":\"SKANDAL: Albanizuju Avda Me\u0111edovi\u0107a, preimenovali ga u Avdulaha Zenelija\",\"isPartOf\":{\"@id\":\"https:\/\/sandzakpress.net\/arhiva\/#website\"},\"primaryImageOfPage\":{\"@id\":\"https:\/\/sandzakpress.net\/arhiva\/skandal-albanizuju-avda-mededovica-preimenovali-ga-u-avdulaha-zenelija\/#primaryimage\"},\"image\":{\"@id\":\"https:\/\/sandzakpress.net\/arhiva\/skandal-albanizuju-avda-mededovica-preimenovali-ga-u-avdulaha-zenelija\/#primaryimage\"},\"thumbnailUrl\":\"https:\/\/sandzakpress.net\/arhiva\/wp-content\/uploads\/2018\/09\/azizi-avdo-696x469.jpg\",\"datePublished\":\"2018-09-03T10:13:45+00:00\",\"breadcrumb\":{\"@id\":\"https:\/\/sandzakpress.net\/arhiva\/skandal-albanizuju-avda-mededovica-preimenovali-ga-u-avdulaha-zenelija\/#breadcrumb\"},\"inLanguage\":\"bs-BA\",\"potentialAction\":[{\"@type\":\"ReadAction\",\"target\":[\"https:\/\/sandzakpress.net\/arhiva\/skandal-albanizuju-avda-mededovica-preimenovali-ga-u-avdulaha-zenelija\/\"]}]},{\"@type\":\"ImageObject\",\"inLanguage\":\"bs-BA\",\"@id\":\"https:\/\/sandzakpress.net\/arhiva\/skandal-albanizuju-avda-mededovica-preimenovali-ga-u-avdulaha-zenelija\/#primaryimage\",\"url\":\"https:\/\/sandzakpress.net\/arhiva\/wp-content\/uploads\/2018\/09\/azizi-avdo-696x469.jpg\",\"contentUrl\":\"https:\/\/sandzakpress.net\/arhiva\/wp-content\/uploads\/2018\/09\/azizi-avdo-696x469.jpg\",\"width\":696,\"height\":469},{\"@type\":\"BreadcrumbList\",\"@id\":\"https:\/\/sandzakpress.net\/arhiva\/skandal-albanizuju-avda-mededovica-preimenovali-ga-u-avdulaha-zenelija\/#breadcrumb\",\"itemListElement\":[{\"@type\":\"ListItem\",\"position\":1,\"name\":\"Home\",\"item\":\"https:\/\/sandzakpress.net\/arhiva\/\"},{\"@type\":\"ListItem\",\"position\":2,\"name\":\"SKANDAL: Albanizuju Avda Me\u0111edovi\u0107a, preimenovali ga u Avdulaha Zenelija\"}]},{\"@type\":\"WebSite\",\"@id\":\"https:\/\/sandzakpress.net\/arhiva\/#website\",\"url\":\"https:\/\/sandzakpress.net\/arhiva\/\",\"name\":\"Sand\u017eak PRESS\",\"description\":\"Prve elektronske novine u Sand\u017eaku\",\"publisher\":{\"@id\":\"https:\/\/sandzakpress.net\/arhiva\/#\/schema\/person\/6e72b67d6e51910a1117b3b483ba20bd\"},\"potentialAction\":[{\"@type\":\"SearchAction\",\"target\":{\"@type\":\"EntryPoint\",\"urlTemplate\":\"https:\/\/sandzakpress.net\/arhiva\/?s={search_term_string}\"},\"query-input\":{\"@type\":\"PropertyValueSpecification\",\"valueRequired\":true,\"valueName\":\"search_term_string\"}}],\"inLanguage\":\"bs-BA\"},{\"@type\":[\"Person\",\"Organization\"],\"@id\":\"https:\/\/sandzakpress.net\/arhiva\/#\/schema\/person\/6e72b67d6e51910a1117b3b483ba20bd\",\"name\":\"Kul\",\"image\":{\"@type\":\"ImageObject\",\"inLanguage\":\"bs-BA\",\"@id\":\"https:\/\/sandzakpress.net\/arhiva\/#\/schema\/person\/image\/\",\"url\":\"https:\/\/secure.gravatar.com\/avatar\/42263f39aa27ac04c43cab85c280eb2e?s=96&d=mm&r=pg\",\"contentUrl\":\"https:\/\/secure.gravatar.com\/avatar\/42263f39aa27ac04c43cab85c280eb2e?s=96&d=mm&r=pg\",\"caption\":\"Kul\"},\"logo\":{\"@id\":\"https:\/\/sandzakpress.net\/arhiva\/#\/schema\/person\/image\/\"}},{\"@type\":\"Person\",\"@id\":\"https:\/\/sandzakpress.net\/arhiva\/#\/schema\/person\/cb59d7e3ab91ab90dd680ad0305a6185\",\"name\":\"Agencija\",\"image\":{\"@type\":\"ImageObject\",\"inLanguage\":\"bs-BA\",\"@id\":\"https:\/\/sandzakpress.net\/arhiva\/#\/schema\/person\/image\/\",\"url\":\"https:\/\/secure.gravatar.com\/avatar\/4b7fafa80a22f0c2afe23966b3961fe0?s=96&d=mm&r=pg\",\"contentUrl\":\"https:\/\/secure.gravatar.com\/avatar\/4b7fafa80a22f0c2afe23966b3961fe0?s=96&d=mm&r=pg\",\"caption\":\"Agencija\"},\"url\":\"https:\/\/sandzakpress.net\/arhiva\/author\/agencija\/\"}]}<\/script>\n<!-- \/ Yoast SEO Premium plugin. -->","yoast_head_json":{"title":"SKANDAL: Albanizuju Avda Me\u0111edovi\u0107a, preimenovali ga u Avdulaha Zenelija","robots":{"index":"index","follow":"follow","max-snippet":"max-snippet:-1","max-image-preview":"max-image-preview:large","max-video-preview":"max-video-preview:-1"},"canonical":"https:\/\/sandzakpress.net\/arhiva\/skandal-albanizuju-avda-mededovica-preimenovali-ga-u-avdulaha-zenelija\/","og_locale":"bs_BA","og_type":"article","og_title":"SKANDAL: Albanizuju Avda Me\u0111edovi\u0107a, preimenovali ga u Avdulaha Zenelija","og_description":"Albansko udru\u017eenje \u201cKosovo za Sand\u017eak\u201d najavljuje za 8. septembar\u00a0simpozijum u Albanolo\u0161kom institutu u Pri\u0161tini, koji prema najavama organizatora ima za cilj istra\u017eivanje stanja epske pjesme danas i u pro\u0161losti s posebnim akcentom na djelo (bo\u0161nja\u010dkih) epskih pjesnika Avda Me\u0111edovi\u0107a, kojeg su Albanci preimenovali u Avdulah Zeneli i Saliha Ugljanina. U najavi simpozijuma na Facebooku se [&hellip;]","og_url":"https:\/\/sandzakpress.net\/arhiva\/skandal-albanizuju-avda-mededovica-preimenovali-ga-u-avdulaha-zenelija\/","og_site_name":"Sand\u017eak PRESS","article_published_time":"2018-09-03T10:13:45+00:00","og_image":[{"width":696,"height":469,"url":"https:\/\/sandzakpress.net\/arhiva\/wp-content\/uploads\/2018\/09\/azizi-avdo-696x469.jpg","type":"image\/jpeg"}],"author":"Agencija","twitter_card":"summary_large_image","twitter_misc":{"Written by":"Agencija","Est. reading time":"3 minute"},"schema":{"@context":"https:\/\/schema.org","@graph":[{"@type":"Article","@id":"https:\/\/sandzakpress.net\/arhiva\/skandal-albanizuju-avda-mededovica-preimenovali-ga-u-avdulaha-zenelija\/#article","isPartOf":{"@id":"https:\/\/sandzakpress.net\/arhiva\/skandal-albanizuju-avda-mededovica-preimenovali-ga-u-avdulaha-zenelija\/"},"author":{"name":"Agencija","@id":"https:\/\/sandzakpress.net\/arhiva\/#\/schema\/person\/cb59d7e3ab91ab90dd680ad0305a6185"},"headline":"SKANDAL: Albanizuju Avda Me\u0111edovi\u0107a, preimenovali ga u Avdulaha Zenelija","datePublished":"2018-09-03T10:13:45+00:00","mainEntityOfPage":{"@id":"https:\/\/sandzakpress.net\/arhiva\/skandal-albanizuju-avda-mededovica-preimenovali-ga-u-avdulaha-zenelija\/"},"wordCount":537,"commentCount":51,"publisher":{"@id":"https:\/\/sandzakpress.net\/arhiva\/#\/schema\/person\/6e72b67d6e51910a1117b3b483ba20bd"},"image":{"@id":"https:\/\/sandzakpress.net\/arhiva\/skandal-albanizuju-avda-mededovica-preimenovali-ga-u-avdulaha-zenelija\/#primaryimage"},"thumbnailUrl":"https:\/\/sandzakpress.net\/arhiva\/wp-content\/uploads\/2018\/09\/azizi-avdo-696x469.jpg","articleSection":["Novi Pazar","Nacija","Kosovo","VIJESTI DANA"],"inLanguage":"bs-BA","potentialAction":[{"@type":"CommentAction","name":"Comment","target":["https:\/\/sandzakpress.net\/arhiva\/skandal-albanizuju-avda-mededovica-preimenovali-ga-u-avdulaha-zenelija\/#respond"]}]},{"@type":"WebPage","@id":"https:\/\/sandzakpress.net\/arhiva\/skandal-albanizuju-avda-mededovica-preimenovali-ga-u-avdulaha-zenelija\/","url":"https:\/\/sandzakpress.net\/arhiva\/skandal-albanizuju-avda-mededovica-preimenovali-ga-u-avdulaha-zenelija\/","name":"SKANDAL: Albanizuju Avda Me\u0111edovi\u0107a, preimenovali ga u Avdulaha Zenelija","isPartOf":{"@id":"https:\/\/sandzakpress.net\/arhiva\/#website"},"primaryImageOfPage":{"@id":"https:\/\/sandzakpress.net\/arhiva\/skandal-albanizuju-avda-mededovica-preimenovali-ga-u-avdulaha-zenelija\/#primaryimage"},"image":{"@id":"https:\/\/sandzakpress.net\/arhiva\/skandal-albanizuju-avda-mededovica-preimenovali-ga-u-avdulaha-zenelija\/#primaryimage"},"thumbnailUrl":"https:\/\/sandzakpress.net\/arhiva\/wp-content\/uploads\/2018\/09\/azizi-avdo-696x469.jpg","datePublished":"2018-09-03T10:13:45+00:00","breadcrumb":{"@id":"https:\/\/sandzakpress.net\/arhiva\/skandal-albanizuju-avda-mededovica-preimenovali-ga-u-avdulaha-zenelija\/#breadcrumb"},"inLanguage":"bs-BA","potentialAction":[{"@type":"ReadAction","target":["https:\/\/sandzakpress.net\/arhiva\/skandal-albanizuju-avda-mededovica-preimenovali-ga-u-avdulaha-zenelija\/"]}]},{"@type":"ImageObject","inLanguage":"bs-BA","@id":"https:\/\/sandzakpress.net\/arhiva\/skandal-albanizuju-avda-mededovica-preimenovali-ga-u-avdulaha-zenelija\/#primaryimage","url":"https:\/\/sandzakpress.net\/arhiva\/wp-content\/uploads\/2018\/09\/azizi-avdo-696x469.jpg","contentUrl":"https:\/\/sandzakpress.net\/arhiva\/wp-content\/uploads\/2018\/09\/azizi-avdo-696x469.jpg","width":696,"height":469},{"@type":"BreadcrumbList","@id":"https:\/\/sandzakpress.net\/arhiva\/skandal-albanizuju-avda-mededovica-preimenovali-ga-u-avdulaha-zenelija\/#breadcrumb","itemListElement":[{"@type":"ListItem","position":1,"name":"Home","item":"https:\/\/sandzakpress.net\/arhiva\/"},{"@type":"ListItem","position":2,"name":"SKANDAL: Albanizuju Avda Me\u0111edovi\u0107a, preimenovali ga u Avdulaha Zenelija"}]},{"@type":"WebSite","@id":"https:\/\/sandzakpress.net\/arhiva\/#website","url":"https:\/\/sandzakpress.net\/arhiva\/","name":"Sand\u017eak PRESS","description":"Prve elektronske novine u Sand\u017eaku","publisher":{"@id":"https:\/\/sandzakpress.net\/arhiva\/#\/schema\/person\/6e72b67d6e51910a1117b3b483ba20bd"},"potentialAction":[{"@type":"SearchAction","target":{"@type":"EntryPoint","urlTemplate":"https:\/\/sandzakpress.net\/arhiva\/?s={search_term_string}"},"query-input":{"@type":"PropertyValueSpecification","valueRequired":true,"valueName":"search_term_string"}}],"inLanguage":"bs-BA"},{"@type":["Person","Organization"],"@id":"https:\/\/sandzakpress.net\/arhiva\/#\/schema\/person\/6e72b67d6e51910a1117b3b483ba20bd","name":"Kul","image":{"@type":"ImageObject","inLanguage":"bs-BA","@id":"https:\/\/sandzakpress.net\/arhiva\/#\/schema\/person\/image\/","url":"https:\/\/secure.gravatar.com\/avatar\/42263f39aa27ac04c43cab85c280eb2e?s=96&d=mm&r=pg","contentUrl":"https:\/\/secure.gravatar.com\/avatar\/42263f39aa27ac04c43cab85c280eb2e?s=96&d=mm&r=pg","caption":"Kul"},"logo":{"@id":"https:\/\/sandzakpress.net\/arhiva\/#\/schema\/person\/image\/"}},{"@type":"Person","@id":"https:\/\/sandzakpress.net\/arhiva\/#\/schema\/person\/cb59d7e3ab91ab90dd680ad0305a6185","name":"Agencija","image":{"@type":"ImageObject","inLanguage":"bs-BA","@id":"https:\/\/sandzakpress.net\/arhiva\/#\/schema\/person\/image\/","url":"https:\/\/secure.gravatar.com\/avatar\/4b7fafa80a22f0c2afe23966b3961fe0?s=96&d=mm&r=pg","contentUrl":"https:\/\/secure.gravatar.com\/avatar\/4b7fafa80a22f0c2afe23966b3961fe0?s=96&d=mm&r=pg","caption":"Agencija"},"url":"https:\/\/sandzakpress.net\/arhiva\/author\/agencija\/"}]}},"_links":{"self":[{"href":"https:\/\/sandzakpress.net\/arhiva\/wp-json\/wp\/v2\/posts\/211138"}],"collection":[{"href":"https:\/\/sandzakpress.net\/arhiva\/wp-json\/wp\/v2\/posts"}],"about":[{"href":"https:\/\/sandzakpress.net\/arhiva\/wp-json\/wp\/v2\/types\/post"}],"author":[{"embeddable":true,"href":"https:\/\/sandzakpress.net\/arhiva\/wp-json\/wp\/v2\/users\/509"}],"replies":[{"embeddable":true,"href":"https:\/\/sandzakpress.net\/arhiva\/wp-json\/wp\/v2\/comments?post=211138"}],"version-history":[{"count":0,"href":"https:\/\/sandzakpress.net\/arhiva\/wp-json\/wp\/v2\/posts\/211138\/revisions"}],"wp:featuredmedia":[{"embeddable":true,"href":"https:\/\/sandzakpress.net\/arhiva\/wp-json\/wp\/v2\/media\/211157"}],"wp:attachment":[{"href":"https:\/\/sandzakpress.net\/arhiva\/wp-json\/wp\/v2\/media?parent=211138"}],"wp:term":[{"taxonomy":"category","embeddable":true,"href":"https:\/\/sandzakpress.net\/arhiva\/wp-json\/wp\/v2\/categories?post=211138"},{"taxonomy":"post_tag","embeddable":true,"href":"https:\/\/sandzakpress.net\/arhiva\/wp-json\/wp\/v2\/tags?post=211138"}],"curies":[{"name":"wp","href":"https:\/\/api.w.org\/{rel}","templated":true}]}}