{"id":211070,"date":"2018-09-01T11:05:31","date_gmt":"2018-09-01T09:05:31","guid":{"rendered":"https:\/\/sandzakpress.net\/arhiva\/?p=211070"},"modified":"2018-09-01T11:05:31","modified_gmt":"2018-09-01T09:05:31","slug":"digitalna-nastava-od-ponedjeljka-u-2000-ucionica-u-srbiji-u-projektu-i-novi-pazar","status":"publish","type":"post","link":"https:\/\/sandzakpress.net\/arhiva\/digitalna-nastava-od-ponedjeljka-u-2000-ucionica-u-srbiji-u-projektu-i-novi-pazar\/","title":{"rendered":"Digitalna nastava od ponedjeljka u 2000 u\u010dionica u Srbiji, u projektu i Novi Pazar"},"content":{"rendered":"<p><img decoding=\"async\" src=\"http:\/\/sanapress.info\/wp-content\/uploads\/2018\/08\/slika.jpg\" \/><\/p>\n<p><strong>U\u010denici prvog i petog razreda od septembra \u0107e, osim iz klasi\u010dnih ud\u017ebenika, u\u010diti i iz digitalnih, koji se u \u0161kole uvode kroz pilot projekat \u201cDigitalna u\u010dionica\u201d.<\/strong>\u00a0Ovaj vid nastave bit \u0107e organiziran u 2.000 u\u010dionica, a u\u010ditelji i nastavnici koji su prijavili na javni poziv Ministarstva prosvjete ve\u0107 su pro\u0161li obuku.<\/p>\n<p>Bahrija Sijari\u0107, u\u010ditelj O\u0160 \u201e\u0106amil Sijari\u0107\u201c je kazao:\u201c<strong><em>Bit \u0107e uvedena projektna nastava i u\u010denici \u0107e mo\u0107i da se upoznaju sa digitalnim ud\u017ebenicima, zapravo taj projekat i jeste upoznavanje u\u010denika sa digitalnim ud\u017ebenicima,\u00a0 mi \u0107emo imati mogu\u0107nost kada nam se opremi u\u010dionica, zna\u010di, bi\u0107e to savremena u\u010dionica sa digitalnim, savremenim pomagalima gdje \u0107emo mi imati pristup elektronskoj platformi gdje \u0107e svako imati svoju sopstvenu \u0161ifru gdje \u0107e imati mogu\u0107nost prezentiranja svojim u\u010denicima nastavni rad i nastavnu jedinicu, ali uz mnogo bolji i lak\u0161i sadr\u017eaj. Taj sadr\u017eaj podrazumijeva inovacije, alatke, video animacije gdje \u0107e\u00a0 u\u010denici mo\u0107i pristupiti toj elektronskoj platformi i naravno gdje \u0107e imati dodatni rad, ku\u0107ni rad, a mi \u0107emo da ih upu\u0107ujemo na samostalni stvarala\u010dki rad.\u201c<\/em><\/strong><\/p>\n<p>Napravljen je i Katalog digitalnih ud\u017ebenika u kome se nalazi 40 digitalnih ud\u017ebenika za prvi razred i 66 za peti razred. \u201cDigitalna u\u010dionica\u201d projekat je Vlade Srbije, a sprovodi ga Ministarstvo prosvete.<\/p>\n<p>&nbsp;<\/p>\n<div class=\"youtube-embed\" data-video_id=\"KLt1Iz4nqYg\"><iframe loading=\"lazy\" title=\"Digitalna nastava od ponedjeljka u 2000 u\u010dionica u Srbiji, u projektu i Novi Pazar\" width=\"696\" height=\"522\" src=\"https:\/\/www.youtube.com\/embed\/KLt1Iz4nqYg?feature=oembed&#038;enablejsapi=1\" frameborder=\"0\" allow=\"accelerometer; autoplay; encrypted-media; gyroscope; picture-in-picture\" allowfullscreen><\/iframe><\/div>\n<p>SANA<\/p>\n","protected":false},"excerpt":{"rendered":"<p>U\u010denici prvog i petog razreda od septembra \u0107e, osim iz klasi\u010dnih ud\u017ebenika, u\u010diti i iz digitalnih, koji se u \u0161kole uvode kroz pilot projekat \u201cDigitalna u\u010dionica\u201d.\u00a0Ovaj vid nastave bit \u0107e organiziran u 2.000 u\u010dionica, a u\u010ditelji i nastavnici koji su prijavili na javni poziv Ministarstva prosvjete ve\u0107 su pro\u0161li obuku. Bahrija Sijari\u0107, u\u010ditelj O\u0160 \u201e\u0106amil [&hellip;]<\/p>\n","protected":false},"author":509,"featured_media":211076,"comment_status":"open","ping_status":"open","sticky":false,"template":"","format":"standard","meta":{"footnotes":""},"categories":[72,4],"tags":[],"class_list":{"0":"post-211070","1":"post","2":"type-post","3":"status-publish","4":"format-standard","5":"has-post-thumbnail","7":"category-novi-pazar","8":"category-obrazovanje"},"yoast_head":"<!-- This site is optimized with the Yoast SEO Premium plugin v23.1 (Yoast SEO v24.9) - https:\/\/yoast.com\/wordpress\/plugins\/seo\/ -->\n<title>Digitalna nastava od ponedjeljka u 2000 u\u010dionica u Srbiji, u projektu i Novi Pazar<\/title>\n<meta name=\"robots\" content=\"index, follow, max-snippet:-1, max-image-preview:large, max-video-preview:-1\" \/>\n<link rel=\"canonical\" href=\"https:\/\/sandzakpress.net\/arhiva\/digitalna-nastava-od-ponedjeljka-u-2000-ucionica-u-srbiji-u-projektu-i-novi-pazar\/\" \/>\n<meta property=\"og:locale\" content=\"bs_BA\" \/>\n<meta property=\"og:type\" content=\"article\" \/>\n<meta property=\"og:title\" content=\"Digitalna nastava od ponedjeljka u 2000 u\u010dionica u Srbiji, u projektu i Novi Pazar\" \/>\n<meta property=\"og:description\" content=\"U\u010denici prvog i petog razreda od septembra \u0107e, osim iz klasi\u010dnih ud\u017ebenika, u\u010diti i iz digitalnih, koji se u \u0161kole uvode kroz pilot projekat \u201cDigitalna u\u010dionica\u201d.\u00a0Ovaj vid nastave bit \u0107e organiziran u 2.000 u\u010dionica, a u\u010ditelji i nastavnici koji su prijavili na javni poziv Ministarstva prosvjete ve\u0107 su pro\u0161li obuku. Bahrija Sijari\u0107, u\u010ditelj O\u0160 \u201e\u0106amil [&hellip;]\" \/>\n<meta property=\"og:url\" content=\"https:\/\/sandzakpress.net\/arhiva\/digitalna-nastava-od-ponedjeljka-u-2000-ucionica-u-srbiji-u-projektu-i-novi-pazar\/\" \/>\n<meta property=\"og:site_name\" content=\"Sand\u017eak PRESS\" \/>\n<meta property=\"article:published_time\" content=\"2018-09-01T09:05:31+00:00\" \/>\n<meta property=\"og:image\" content=\"https:\/\/sandzakpress.net\/arhiva\/wp-content\/uploads\/2018\/09\/slika.jpg\" \/>\n\t<meta property=\"og:image:width\" content=\"2592\" \/>\n\t<meta property=\"og:image:height\" content=\"1944\" \/>\n\t<meta property=\"og:image:type\" content=\"image\/jpeg\" \/>\n<meta name=\"author\" content=\"Agencija\" \/>\n<meta name=\"twitter:card\" content=\"summary_large_image\" \/>\n<meta name=\"twitter:label1\" content=\"Written by\" \/>\n\t<meta name=\"twitter:data1\" content=\"Agencija\" \/>\n\t<meta name=\"twitter:label2\" content=\"Est. reading time\" \/>\n\t<meta name=\"twitter:data2\" content=\"1 minuta\" \/>\n<script type=\"application\/ld+json\" class=\"yoast-schema-graph\">{\"@context\":\"https:\/\/schema.org\",\"@graph\":[{\"@type\":\"Article\",\"@id\":\"https:\/\/sandzakpress.net\/arhiva\/digitalna-nastava-od-ponedjeljka-u-2000-ucionica-u-srbiji-u-projektu-i-novi-pazar\/#article\",\"isPartOf\":{\"@id\":\"https:\/\/sandzakpress.net\/arhiva\/digitalna-nastava-od-ponedjeljka-u-2000-ucionica-u-srbiji-u-projektu-i-novi-pazar\/\"},\"author\":{\"name\":\"Agencija\",\"@id\":\"https:\/\/sandzakpress.net\/arhiva\/#\/schema\/person\/cb59d7e3ab91ab90dd680ad0305a6185\"},\"headline\":\"Digitalna nastava od ponedjeljka u 2000 u\u010dionica u Srbiji, u projektu i Novi Pazar\",\"datePublished\":\"2018-09-01T09:05:31+00:00\",\"mainEntityOfPage\":{\"@id\":\"https:\/\/sandzakpress.net\/arhiva\/digitalna-nastava-od-ponedjeljka-u-2000-ucionica-u-srbiji-u-projektu-i-novi-pazar\/\"},\"wordCount\":255,\"commentCount\":0,\"publisher\":{\"@id\":\"https:\/\/sandzakpress.net\/arhiva\/#\/schema\/person\/6e72b67d6e51910a1117b3b483ba20bd\"},\"image\":{\"@id\":\"https:\/\/sandzakpress.net\/arhiva\/digitalna-nastava-od-ponedjeljka-u-2000-ucionica-u-srbiji-u-projektu-i-novi-pazar\/#primaryimage\"},\"thumbnailUrl\":\"https:\/\/sandzakpress.net\/arhiva\/wp-content\/uploads\/2018\/09\/slika.jpg\",\"articleSection\":[\"Novi Pazar\",\"Obrazovanje\"],\"inLanguage\":\"bs-BA\",\"potentialAction\":[{\"@type\":\"CommentAction\",\"name\":\"Comment\",\"target\":[\"https:\/\/sandzakpress.net\/arhiva\/digitalna-nastava-od-ponedjeljka-u-2000-ucionica-u-srbiji-u-projektu-i-novi-pazar\/#respond\"]}]},{\"@type\":\"WebPage\",\"@id\":\"https:\/\/sandzakpress.net\/arhiva\/digitalna-nastava-od-ponedjeljka-u-2000-ucionica-u-srbiji-u-projektu-i-novi-pazar\/\",\"url\":\"https:\/\/sandzakpress.net\/arhiva\/digitalna-nastava-od-ponedjeljka-u-2000-ucionica-u-srbiji-u-projektu-i-novi-pazar\/\",\"name\":\"Digitalna nastava od ponedjeljka u 2000 u\u010dionica u Srbiji, u projektu i Novi Pazar\",\"isPartOf\":{\"@id\":\"https:\/\/sandzakpress.net\/arhiva\/#website\"},\"primaryImageOfPage\":{\"@id\":\"https:\/\/sandzakpress.net\/arhiva\/digitalna-nastava-od-ponedjeljka-u-2000-ucionica-u-srbiji-u-projektu-i-novi-pazar\/#primaryimage\"},\"image\":{\"@id\":\"https:\/\/sandzakpress.net\/arhiva\/digitalna-nastava-od-ponedjeljka-u-2000-ucionica-u-srbiji-u-projektu-i-novi-pazar\/#primaryimage\"},\"thumbnailUrl\":\"https:\/\/sandzakpress.net\/arhiva\/wp-content\/uploads\/2018\/09\/slika.jpg\",\"datePublished\":\"2018-09-01T09:05:31+00:00\",\"breadcrumb\":{\"@id\":\"https:\/\/sandzakpress.net\/arhiva\/digitalna-nastava-od-ponedjeljka-u-2000-ucionica-u-srbiji-u-projektu-i-novi-pazar\/#breadcrumb\"},\"inLanguage\":\"bs-BA\",\"potentialAction\":[{\"@type\":\"ReadAction\",\"target\":[\"https:\/\/sandzakpress.net\/arhiva\/digitalna-nastava-od-ponedjeljka-u-2000-ucionica-u-srbiji-u-projektu-i-novi-pazar\/\"]}]},{\"@type\":\"ImageObject\",\"inLanguage\":\"bs-BA\",\"@id\":\"https:\/\/sandzakpress.net\/arhiva\/digitalna-nastava-od-ponedjeljka-u-2000-ucionica-u-srbiji-u-projektu-i-novi-pazar\/#primaryimage\",\"url\":\"https:\/\/sandzakpress.net\/arhiva\/wp-content\/uploads\/2018\/09\/slika.jpg\",\"contentUrl\":\"https:\/\/sandzakpress.net\/arhiva\/wp-content\/uploads\/2018\/09\/slika.jpg\",\"width\":2592,\"height\":1944},{\"@type\":\"BreadcrumbList\",\"@id\":\"https:\/\/sandzakpress.net\/arhiva\/digitalna-nastava-od-ponedjeljka-u-2000-ucionica-u-srbiji-u-projektu-i-novi-pazar\/#breadcrumb\",\"itemListElement\":[{\"@type\":\"ListItem\",\"position\":1,\"name\":\"Home\",\"item\":\"https:\/\/sandzakpress.net\/arhiva\/\"},{\"@type\":\"ListItem\",\"position\":2,\"name\":\"Digitalna nastava od ponedjeljka u 2000 u\u010dionica u Srbiji, u projektu i Novi Pazar\"}]},{\"@type\":\"WebSite\",\"@id\":\"https:\/\/sandzakpress.net\/arhiva\/#website\",\"url\":\"https:\/\/sandzakpress.net\/arhiva\/\",\"name\":\"Sand\u017eak PRESS\",\"description\":\"Prve elektronske novine u Sand\u017eaku\",\"publisher\":{\"@id\":\"https:\/\/sandzakpress.net\/arhiva\/#\/schema\/person\/6e72b67d6e51910a1117b3b483ba20bd\"},\"potentialAction\":[{\"@type\":\"SearchAction\",\"target\":{\"@type\":\"EntryPoint\",\"urlTemplate\":\"https:\/\/sandzakpress.net\/arhiva\/?s={search_term_string}\"},\"query-input\":{\"@type\":\"PropertyValueSpecification\",\"valueRequired\":true,\"valueName\":\"search_term_string\"}}],\"inLanguage\":\"bs-BA\"},{\"@type\":[\"Person\",\"Organization\"],\"@id\":\"https:\/\/sandzakpress.net\/arhiva\/#\/schema\/person\/6e72b67d6e51910a1117b3b483ba20bd\",\"name\":\"Kul\",\"image\":{\"@type\":\"ImageObject\",\"inLanguage\":\"bs-BA\",\"@id\":\"https:\/\/sandzakpress.net\/arhiva\/#\/schema\/person\/image\/\",\"url\":\"https:\/\/secure.gravatar.com\/avatar\/42263f39aa27ac04c43cab85c280eb2e?s=96&d=mm&r=pg\",\"contentUrl\":\"https:\/\/secure.gravatar.com\/avatar\/42263f39aa27ac04c43cab85c280eb2e?s=96&d=mm&r=pg\",\"caption\":\"Kul\"},\"logo\":{\"@id\":\"https:\/\/sandzakpress.net\/arhiva\/#\/schema\/person\/image\/\"}},{\"@type\":\"Person\",\"@id\":\"https:\/\/sandzakpress.net\/arhiva\/#\/schema\/person\/cb59d7e3ab91ab90dd680ad0305a6185\",\"name\":\"Agencija\",\"image\":{\"@type\":\"ImageObject\",\"inLanguage\":\"bs-BA\",\"@id\":\"https:\/\/sandzakpress.net\/arhiva\/#\/schema\/person\/image\/\",\"url\":\"https:\/\/secure.gravatar.com\/avatar\/4b7fafa80a22f0c2afe23966b3961fe0?s=96&d=mm&r=pg\",\"contentUrl\":\"https:\/\/secure.gravatar.com\/avatar\/4b7fafa80a22f0c2afe23966b3961fe0?s=96&d=mm&r=pg\",\"caption\":\"Agencija\"},\"url\":\"https:\/\/sandzakpress.net\/arhiva\/author\/agencija\/\"}]}<\/script>\n<!-- \/ Yoast SEO Premium plugin. -->","yoast_head_json":{"title":"Digitalna nastava od ponedjeljka u 2000 u\u010dionica u Srbiji, u projektu i Novi Pazar","robots":{"index":"index","follow":"follow","max-snippet":"max-snippet:-1","max-image-preview":"max-image-preview:large","max-video-preview":"max-video-preview:-1"},"canonical":"https:\/\/sandzakpress.net\/arhiva\/digitalna-nastava-od-ponedjeljka-u-2000-ucionica-u-srbiji-u-projektu-i-novi-pazar\/","og_locale":"bs_BA","og_type":"article","og_title":"Digitalna nastava od ponedjeljka u 2000 u\u010dionica u Srbiji, u projektu i Novi Pazar","og_description":"U\u010denici prvog i petog razreda od septembra \u0107e, osim iz klasi\u010dnih ud\u017ebenika, u\u010diti i iz digitalnih, koji se u \u0161kole uvode kroz pilot projekat \u201cDigitalna u\u010dionica\u201d.\u00a0Ovaj vid nastave bit \u0107e organiziran u 2.000 u\u010dionica, a u\u010ditelji i nastavnici koji su prijavili na javni poziv Ministarstva prosvjete ve\u0107 su pro\u0161li obuku. Bahrija Sijari\u0107, u\u010ditelj O\u0160 \u201e\u0106amil [&hellip;]","og_url":"https:\/\/sandzakpress.net\/arhiva\/digitalna-nastava-od-ponedjeljka-u-2000-ucionica-u-srbiji-u-projektu-i-novi-pazar\/","og_site_name":"Sand\u017eak PRESS","article_published_time":"2018-09-01T09:05:31+00:00","og_image":[{"width":2592,"height":1944,"url":"https:\/\/sandzakpress.net\/arhiva\/wp-content\/uploads\/2018\/09\/slika.jpg","type":"image\/jpeg"}],"author":"Agencija","twitter_card":"summary_large_image","twitter_misc":{"Written by":"Agencija","Est. reading time":"1 minuta"},"schema":{"@context":"https:\/\/schema.org","@graph":[{"@type":"Article","@id":"https:\/\/sandzakpress.net\/arhiva\/digitalna-nastava-od-ponedjeljka-u-2000-ucionica-u-srbiji-u-projektu-i-novi-pazar\/#article","isPartOf":{"@id":"https:\/\/sandzakpress.net\/arhiva\/digitalna-nastava-od-ponedjeljka-u-2000-ucionica-u-srbiji-u-projektu-i-novi-pazar\/"},"author":{"name":"Agencija","@id":"https:\/\/sandzakpress.net\/arhiva\/#\/schema\/person\/cb59d7e3ab91ab90dd680ad0305a6185"},"headline":"Digitalna nastava od ponedjeljka u 2000 u\u010dionica u Srbiji, u projektu i Novi Pazar","datePublished":"2018-09-01T09:05:31+00:00","mainEntityOfPage":{"@id":"https:\/\/sandzakpress.net\/arhiva\/digitalna-nastava-od-ponedjeljka-u-2000-ucionica-u-srbiji-u-projektu-i-novi-pazar\/"},"wordCount":255,"commentCount":0,"publisher":{"@id":"https:\/\/sandzakpress.net\/arhiva\/#\/schema\/person\/6e72b67d6e51910a1117b3b483ba20bd"},"image":{"@id":"https:\/\/sandzakpress.net\/arhiva\/digitalna-nastava-od-ponedjeljka-u-2000-ucionica-u-srbiji-u-projektu-i-novi-pazar\/#primaryimage"},"thumbnailUrl":"https:\/\/sandzakpress.net\/arhiva\/wp-content\/uploads\/2018\/09\/slika.jpg","articleSection":["Novi Pazar","Obrazovanje"],"inLanguage":"bs-BA","potentialAction":[{"@type":"CommentAction","name":"Comment","target":["https:\/\/sandzakpress.net\/arhiva\/digitalna-nastava-od-ponedjeljka-u-2000-ucionica-u-srbiji-u-projektu-i-novi-pazar\/#respond"]}]},{"@type":"WebPage","@id":"https:\/\/sandzakpress.net\/arhiva\/digitalna-nastava-od-ponedjeljka-u-2000-ucionica-u-srbiji-u-projektu-i-novi-pazar\/","url":"https:\/\/sandzakpress.net\/arhiva\/digitalna-nastava-od-ponedjeljka-u-2000-ucionica-u-srbiji-u-projektu-i-novi-pazar\/","name":"Digitalna nastava od ponedjeljka u 2000 u\u010dionica u Srbiji, u projektu i Novi Pazar","isPartOf":{"@id":"https:\/\/sandzakpress.net\/arhiva\/#website"},"primaryImageOfPage":{"@id":"https:\/\/sandzakpress.net\/arhiva\/digitalna-nastava-od-ponedjeljka-u-2000-ucionica-u-srbiji-u-projektu-i-novi-pazar\/#primaryimage"},"image":{"@id":"https:\/\/sandzakpress.net\/arhiva\/digitalna-nastava-od-ponedjeljka-u-2000-ucionica-u-srbiji-u-projektu-i-novi-pazar\/#primaryimage"},"thumbnailUrl":"https:\/\/sandzakpress.net\/arhiva\/wp-content\/uploads\/2018\/09\/slika.jpg","datePublished":"2018-09-01T09:05:31+00:00","breadcrumb":{"@id":"https:\/\/sandzakpress.net\/arhiva\/digitalna-nastava-od-ponedjeljka-u-2000-ucionica-u-srbiji-u-projektu-i-novi-pazar\/#breadcrumb"},"inLanguage":"bs-BA","potentialAction":[{"@type":"ReadAction","target":["https:\/\/sandzakpress.net\/arhiva\/digitalna-nastava-od-ponedjeljka-u-2000-ucionica-u-srbiji-u-projektu-i-novi-pazar\/"]}]},{"@type":"ImageObject","inLanguage":"bs-BA","@id":"https:\/\/sandzakpress.net\/arhiva\/digitalna-nastava-od-ponedjeljka-u-2000-ucionica-u-srbiji-u-projektu-i-novi-pazar\/#primaryimage","url":"https:\/\/sandzakpress.net\/arhiva\/wp-content\/uploads\/2018\/09\/slika.jpg","contentUrl":"https:\/\/sandzakpress.net\/arhiva\/wp-content\/uploads\/2018\/09\/slika.jpg","width":2592,"height":1944},{"@type":"BreadcrumbList","@id":"https:\/\/sandzakpress.net\/arhiva\/digitalna-nastava-od-ponedjeljka-u-2000-ucionica-u-srbiji-u-projektu-i-novi-pazar\/#breadcrumb","itemListElement":[{"@type":"ListItem","position":1,"name":"Home","item":"https:\/\/sandzakpress.net\/arhiva\/"},{"@type":"ListItem","position":2,"name":"Digitalna nastava od ponedjeljka u 2000 u\u010dionica u Srbiji, u projektu i Novi Pazar"}]},{"@type":"WebSite","@id":"https:\/\/sandzakpress.net\/arhiva\/#website","url":"https:\/\/sandzakpress.net\/arhiva\/","name":"Sand\u017eak PRESS","description":"Prve elektronske novine u Sand\u017eaku","publisher":{"@id":"https:\/\/sandzakpress.net\/arhiva\/#\/schema\/person\/6e72b67d6e51910a1117b3b483ba20bd"},"potentialAction":[{"@type":"SearchAction","target":{"@type":"EntryPoint","urlTemplate":"https:\/\/sandzakpress.net\/arhiva\/?s={search_term_string}"},"query-input":{"@type":"PropertyValueSpecification","valueRequired":true,"valueName":"search_term_string"}}],"inLanguage":"bs-BA"},{"@type":["Person","Organization"],"@id":"https:\/\/sandzakpress.net\/arhiva\/#\/schema\/person\/6e72b67d6e51910a1117b3b483ba20bd","name":"Kul","image":{"@type":"ImageObject","inLanguage":"bs-BA","@id":"https:\/\/sandzakpress.net\/arhiva\/#\/schema\/person\/image\/","url":"https:\/\/secure.gravatar.com\/avatar\/42263f39aa27ac04c43cab85c280eb2e?s=96&d=mm&r=pg","contentUrl":"https:\/\/secure.gravatar.com\/avatar\/42263f39aa27ac04c43cab85c280eb2e?s=96&d=mm&r=pg","caption":"Kul"},"logo":{"@id":"https:\/\/sandzakpress.net\/arhiva\/#\/schema\/person\/image\/"}},{"@type":"Person","@id":"https:\/\/sandzakpress.net\/arhiva\/#\/schema\/person\/cb59d7e3ab91ab90dd680ad0305a6185","name":"Agencija","image":{"@type":"ImageObject","inLanguage":"bs-BA","@id":"https:\/\/sandzakpress.net\/arhiva\/#\/schema\/person\/image\/","url":"https:\/\/secure.gravatar.com\/avatar\/4b7fafa80a22f0c2afe23966b3961fe0?s=96&d=mm&r=pg","contentUrl":"https:\/\/secure.gravatar.com\/avatar\/4b7fafa80a22f0c2afe23966b3961fe0?s=96&d=mm&r=pg","caption":"Agencija"},"url":"https:\/\/sandzakpress.net\/arhiva\/author\/agencija\/"}]}},"_links":{"self":[{"href":"https:\/\/sandzakpress.net\/arhiva\/wp-json\/wp\/v2\/posts\/211070"}],"collection":[{"href":"https:\/\/sandzakpress.net\/arhiva\/wp-json\/wp\/v2\/posts"}],"about":[{"href":"https:\/\/sandzakpress.net\/arhiva\/wp-json\/wp\/v2\/types\/post"}],"author":[{"embeddable":true,"href":"https:\/\/sandzakpress.net\/arhiva\/wp-json\/wp\/v2\/users\/509"}],"replies":[{"embeddable":true,"href":"https:\/\/sandzakpress.net\/arhiva\/wp-json\/wp\/v2\/comments?post=211070"}],"version-history":[{"count":0,"href":"https:\/\/sandzakpress.net\/arhiva\/wp-json\/wp\/v2\/posts\/211070\/revisions"}],"wp:featuredmedia":[{"embeddable":true,"href":"https:\/\/sandzakpress.net\/arhiva\/wp-json\/wp\/v2\/media\/211076"}],"wp:attachment":[{"href":"https:\/\/sandzakpress.net\/arhiva\/wp-json\/wp\/v2\/media?parent=211070"}],"wp:term":[{"taxonomy":"category","embeddable":true,"href":"https:\/\/sandzakpress.net\/arhiva\/wp-json\/wp\/v2\/categories?post=211070"},{"taxonomy":"post_tag","embeddable":true,"href":"https:\/\/sandzakpress.net\/arhiva\/wp-json\/wp\/v2\/tags?post=211070"}],"curies":[{"name":"wp","href":"https:\/\/api.w.org\/{rel}","templated":true}]}}