{"id":210989,"date":"2018-08-30T14:52:32","date_gmt":"2018-08-30T12:52:32","guid":{"rendered":"https:\/\/sandzakpress.net\/arhiva\/?p=210989"},"modified":"2018-08-30T14:52:32","modified_gmt":"2018-08-30T12:52:32","slug":"visoko-skolstvo-od-oktobra-i-u-priboju-prvoj-generaciji-studenata-besplatna-skolarina","status":"publish","type":"post","link":"https:\/\/sandzakpress.net\/arhiva\/visoko-skolstvo-od-oktobra-i-u-priboju-prvoj-generaciji-studenata-besplatna-skolarina\/","title":{"rendered":"Visoko \u0161kolstvo od oktobra i u Priboju, prvoj generaciji studenata besplatna \u0161kolarina"},"content":{"rendered":"<p><img decoding=\"async\" src=\"https:\/\/ocdn.eu\/pulscms-transforms\/1\/kEhk9lMaHR0cDovL29jZG4uZXUvaW1hZ2VzL3B1bHNjbXMvWVRRN01EQV8vMTE3NTQ0NTUwN2RiN2ZmNjdlMTkwY2UwMjEwOTc3MmYuanBlZ5GTAs0C5ACBoTAB\" alt=\"Priboj\" \/><\/p>\n<p><strong>Priboj \u0107e, ju\u010de je definitivno dogovoreno, od oktobra dobiti prvu visokoobrazovnu ustanovu u kojoj \u0107e se \u0161kolovati in\u017eenjeri ma\u0161instva, a koji bi trebalo da predstavljaju kadrovsku budu\u0107nost FAP-a i jo\u0161 nekoliko ovda\u0161njih firmi.<\/strong><\/p>\n<p>Razgovori o otvaranju jedinice Visoke tehni\u010dke ma\u0161inske \u0161kole strukovnih studija iz Trstenika u Priboju u utorak su krunisani dogovorom koji ide u korist mladima ovog kraja, ali i ovda\u0161njoj privredi a naro\u010dito FAP-u od \u010dijeg oporavka zavisi ekonomska sudbina celog Polimlja . \u0160kola sa studijskim programom \u201cproizvodno ma\u0161instvo\u201d \u0107e biti sme\u0161tena u kompleksu Slobodne zone Priboj koja, kao i pogoni FAP-a, pru\u017ea mogu\u0107nost dualnog obrazovanja.<\/p>\n<p>-Imali smo ogromnu podr\u0161ku Vlade Srbije u formiranju Slobodne industrije zone pre tri godine i sedam firmi koje sada posluju u njoj. O\u010dekujemo ugovor i sa jednom od najboljih doma\u0107ih kompanija i nova radna mesta za Pribojce. Tako\u0111e se stvaraju uslovi za ulazak FAP-a u sistem odbramene industrije Srbije. Dolazak visoke \u0161kolske jedinice ma\u0161inskog smera u Priboj je novi znak velike podr\u0161ke dr\u017eave Priboju i jo\u0161 jedan korak u ja\u010danju ekonomske situacije u na\u0161oj op\u0161tini \u2013 poru\u010dio je narodni poslanik iz Priboja Krsto Janju\u0161evi\u0107.<\/p>\n<p>Otvaranje jedinice Visoke tehni\u010dke ma\u0161inske \u0161kole strukovnih studija iz Trstenika, \u010dulo se ju\u010de, jedan je od koraka da se u Polimlju zadr\u017ee mladi. Uka\u017ee li se u budu\u0107nosti potreba za drugim diplomama, rekli su predstavnici \u0161kole, u Priboju \u0107e biti otvoreni i drugi studijski programi.<\/p>\n<p>Svim bruco\u0161ima prva godina studija \u0107e biti potpuno besplatna, s tim \u0161to \u0107e tro\u0161kove 30 prvoupisanih finansirati lokalna samouprava, a ostalih \u0161kola.<\/p>\n<p>-Opredelili smo se za ulaganje u obrazovanje jer je to najbolji mogu\u0107i na\u010din da podstaknemo razvoj Priboja, &#8211; kazao je predsednik op\u0161tine Lazar Rvovi\u0107.<\/p>\n<p>(Blic)<\/p>\n","protected":false},"excerpt":{"rendered":"<p>Priboj \u0107e, ju\u010de je definitivno dogovoreno, od oktobra dobiti prvu visokoobrazovnu ustanovu u kojoj \u0107e se \u0161kolovati in\u017eenjeri ma\u0161instva, a koji bi trebalo da predstavljaju kadrovsku budu\u0107nost FAP-a i jo\u0161 nekoliko ovda\u0161njih firmi. Razgovori o otvaranju jedinice Visoke tehni\u010dke ma\u0161inske \u0161kole strukovnih studija iz Trstenika u Priboju u utorak su krunisani dogovorom koji ide u [&hellip;]<\/p>\n","protected":false},"author":509,"featured_media":210991,"comment_status":"open","ping_status":"open","sticky":false,"template":"","format":"standard","meta":{"footnotes":""},"categories":[393,4,8957],"tags":[],"class_list":{"0":"post-210989","1":"post","2":"type-post","3":"status-publish","4":"format-standard","5":"has-post-thumbnail","7":"category-priboj","8":"category-obrazovanje","9":"category-vijesti-dana"},"yoast_head":"<!-- This site is optimized with the Yoast SEO Premium plugin v23.1 (Yoast SEO v24.9) - https:\/\/yoast.com\/wordpress\/plugins\/seo\/ -->\n<title>Visoko \u0161kolstvo od oktobra i u Priboju, prvoj generaciji studenata besplatna \u0161kolarina<\/title>\n<meta name=\"robots\" content=\"index, follow, max-snippet:-1, max-image-preview:large, max-video-preview:-1\" \/>\n<link rel=\"canonical\" href=\"https:\/\/sandzakpress.net\/arhiva\/visoko-skolstvo-od-oktobra-i-u-priboju-prvoj-generaciji-studenata-besplatna-skolarina\/\" \/>\n<meta property=\"og:locale\" content=\"bs_BA\" \/>\n<meta property=\"og:type\" content=\"article\" \/>\n<meta property=\"og:title\" content=\"Visoko \u0161kolstvo od oktobra i u Priboju, prvoj generaciji studenata besplatna \u0161kolarina\" \/>\n<meta property=\"og:description\" content=\"Priboj \u0107e, ju\u010de je definitivno dogovoreno, od oktobra dobiti prvu visokoobrazovnu ustanovu u kojoj \u0107e se \u0161kolovati in\u017eenjeri ma\u0161instva, a koji bi trebalo da predstavljaju kadrovsku budu\u0107nost FAP-a i jo\u0161 nekoliko ovda\u0161njih firmi. Razgovori o otvaranju jedinice Visoke tehni\u010dke ma\u0161inske \u0161kole strukovnih studija iz Trstenika u Priboju u utorak su krunisani dogovorom koji ide u [&hellip;]\" \/>\n<meta property=\"og:url\" content=\"https:\/\/sandzakpress.net\/arhiva\/visoko-skolstvo-od-oktobra-i-u-priboju-prvoj-generaciji-studenata-besplatna-skolarina\/\" \/>\n<meta property=\"og:site_name\" content=\"Sand\u017eak PRESS\" \/>\n<meta property=\"article:published_time\" content=\"2018-08-30T12:52:32+00:00\" \/>\n<meta property=\"og:image\" content=\"https:\/\/sandzakpress.net\/arhiva\/wp-content\/uploads\/2018\/08\/kEhk9lMaHR0cDovL29jZG4uZXUvaW1hZ2VzL3B1bHNjbXMvWVRRN01EQV8vMTE3NTQ0NTUwN2RiN2ZmNjdlMTkwY2UwMjEwOTc3MmYuanBlZ5GTAs0C5ACBoTAB.jpg\" \/>\n\t<meta property=\"og:image:width\" content=\"740\" \/>\n\t<meta property=\"og:image:height\" content=\"449\" \/>\n\t<meta property=\"og:image:type\" content=\"image\/jpeg\" \/>\n<meta name=\"author\" content=\"Agencija\" \/>\n<meta name=\"twitter:card\" content=\"summary_large_image\" \/>\n<meta name=\"twitter:label1\" content=\"Written by\" \/>\n\t<meta name=\"twitter:data1\" content=\"Agencija\" \/>\n\t<meta name=\"twitter:label2\" content=\"Est. reading time\" \/>\n\t<meta name=\"twitter:data2\" content=\"2 minute\" \/>\n<script type=\"application\/ld+json\" class=\"yoast-schema-graph\">{\"@context\":\"https:\/\/schema.org\",\"@graph\":[{\"@type\":\"Article\",\"@id\":\"https:\/\/sandzakpress.net\/arhiva\/visoko-skolstvo-od-oktobra-i-u-priboju-prvoj-generaciji-studenata-besplatna-skolarina\/#article\",\"isPartOf\":{\"@id\":\"https:\/\/sandzakpress.net\/arhiva\/visoko-skolstvo-od-oktobra-i-u-priboju-prvoj-generaciji-studenata-besplatna-skolarina\/\"},\"author\":{\"name\":\"Agencija\",\"@id\":\"https:\/\/sandzakpress.net\/arhiva\/#\/schema\/person\/cb59d7e3ab91ab90dd680ad0305a6185\"},\"headline\":\"Visoko \u0161kolstvo od oktobra i u Priboju, prvoj generaciji studenata besplatna \u0161kolarina\",\"datePublished\":\"2018-08-30T12:52:32+00:00\",\"mainEntityOfPage\":{\"@id\":\"https:\/\/sandzakpress.net\/arhiva\/visoko-skolstvo-od-oktobra-i-u-priboju-prvoj-generaciji-studenata-besplatna-skolarina\/\"},\"wordCount\":319,\"commentCount\":1,\"publisher\":{\"@id\":\"https:\/\/sandzakpress.net\/arhiva\/#\/schema\/person\/6e72b67d6e51910a1117b3b483ba20bd\"},\"image\":{\"@id\":\"https:\/\/sandzakpress.net\/arhiva\/visoko-skolstvo-od-oktobra-i-u-priboju-prvoj-generaciji-studenata-besplatna-skolarina\/#primaryimage\"},\"thumbnailUrl\":\"https:\/\/sandzakpress.net\/arhiva\/wp-content\/uploads\/2018\/08\/kEhk9lMaHR0cDovL29jZG4uZXUvaW1hZ2VzL3B1bHNjbXMvWVRRN01EQV8vMTE3NTQ0NTUwN2RiN2ZmNjdlMTkwY2UwMjEwOTc3MmYuanBlZ5GTAs0C5ACBoTAB.jpg\",\"articleSection\":[\"Priboj\",\"Obrazovanje\",\"VIJESTI DANA\"],\"inLanguage\":\"bs-BA\",\"potentialAction\":[{\"@type\":\"CommentAction\",\"name\":\"Comment\",\"target\":[\"https:\/\/sandzakpress.net\/arhiva\/visoko-skolstvo-od-oktobra-i-u-priboju-prvoj-generaciji-studenata-besplatna-skolarina\/#respond\"]}]},{\"@type\":\"WebPage\",\"@id\":\"https:\/\/sandzakpress.net\/arhiva\/visoko-skolstvo-od-oktobra-i-u-priboju-prvoj-generaciji-studenata-besplatna-skolarina\/\",\"url\":\"https:\/\/sandzakpress.net\/arhiva\/visoko-skolstvo-od-oktobra-i-u-priboju-prvoj-generaciji-studenata-besplatna-skolarina\/\",\"name\":\"Visoko \u0161kolstvo od oktobra i u Priboju, prvoj generaciji studenata besplatna \u0161kolarina\",\"isPartOf\":{\"@id\":\"https:\/\/sandzakpress.net\/arhiva\/#website\"},\"primaryImageOfPage\":{\"@id\":\"https:\/\/sandzakpress.net\/arhiva\/visoko-skolstvo-od-oktobra-i-u-priboju-prvoj-generaciji-studenata-besplatna-skolarina\/#primaryimage\"},\"image\":{\"@id\":\"https:\/\/sandzakpress.net\/arhiva\/visoko-skolstvo-od-oktobra-i-u-priboju-prvoj-generaciji-studenata-besplatna-skolarina\/#primaryimage\"},\"thumbnailUrl\":\"https:\/\/sandzakpress.net\/arhiva\/wp-content\/uploads\/2018\/08\/kEhk9lMaHR0cDovL29jZG4uZXUvaW1hZ2VzL3B1bHNjbXMvWVRRN01EQV8vMTE3NTQ0NTUwN2RiN2ZmNjdlMTkwY2UwMjEwOTc3MmYuanBlZ5GTAs0C5ACBoTAB.jpg\",\"datePublished\":\"2018-08-30T12:52:32+00:00\",\"breadcrumb\":{\"@id\":\"https:\/\/sandzakpress.net\/arhiva\/visoko-skolstvo-od-oktobra-i-u-priboju-prvoj-generaciji-studenata-besplatna-skolarina\/#breadcrumb\"},\"inLanguage\":\"bs-BA\",\"potentialAction\":[{\"@type\":\"ReadAction\",\"target\":[\"https:\/\/sandzakpress.net\/arhiva\/visoko-skolstvo-od-oktobra-i-u-priboju-prvoj-generaciji-studenata-besplatna-skolarina\/\"]}]},{\"@type\":\"ImageObject\",\"inLanguage\":\"bs-BA\",\"@id\":\"https:\/\/sandzakpress.net\/arhiva\/visoko-skolstvo-od-oktobra-i-u-priboju-prvoj-generaciji-studenata-besplatna-skolarina\/#primaryimage\",\"url\":\"https:\/\/sandzakpress.net\/arhiva\/wp-content\/uploads\/2018\/08\/kEhk9lMaHR0cDovL29jZG4uZXUvaW1hZ2VzL3B1bHNjbXMvWVRRN01EQV8vMTE3NTQ0NTUwN2RiN2ZmNjdlMTkwY2UwMjEwOTc3MmYuanBlZ5GTAs0C5ACBoTAB.jpg\",\"contentUrl\":\"https:\/\/sandzakpress.net\/arhiva\/wp-content\/uploads\/2018\/08\/kEhk9lMaHR0cDovL29jZG4uZXUvaW1hZ2VzL3B1bHNjbXMvWVRRN01EQV8vMTE3NTQ0NTUwN2RiN2ZmNjdlMTkwY2UwMjEwOTc3MmYuanBlZ5GTAs0C5ACBoTAB.jpg\",\"width\":740,\"height\":449},{\"@type\":\"BreadcrumbList\",\"@id\":\"https:\/\/sandzakpress.net\/arhiva\/visoko-skolstvo-od-oktobra-i-u-priboju-prvoj-generaciji-studenata-besplatna-skolarina\/#breadcrumb\",\"itemListElement\":[{\"@type\":\"ListItem\",\"position\":1,\"name\":\"Home\",\"item\":\"https:\/\/sandzakpress.net\/arhiva\/\"},{\"@type\":\"ListItem\",\"position\":2,\"name\":\"Visoko \u0161kolstvo od oktobra i u Priboju, prvoj generaciji studenata besplatna \u0161kolarina\"}]},{\"@type\":\"WebSite\",\"@id\":\"https:\/\/sandzakpress.net\/arhiva\/#website\",\"url\":\"https:\/\/sandzakpress.net\/arhiva\/\",\"name\":\"Sand\u017eak PRESS\",\"description\":\"Prve elektronske novine u Sand\u017eaku\",\"publisher\":{\"@id\":\"https:\/\/sandzakpress.net\/arhiva\/#\/schema\/person\/6e72b67d6e51910a1117b3b483ba20bd\"},\"potentialAction\":[{\"@type\":\"SearchAction\",\"target\":{\"@type\":\"EntryPoint\",\"urlTemplate\":\"https:\/\/sandzakpress.net\/arhiva\/?s={search_term_string}\"},\"query-input\":{\"@type\":\"PropertyValueSpecification\",\"valueRequired\":true,\"valueName\":\"search_term_string\"}}],\"inLanguage\":\"bs-BA\"},{\"@type\":[\"Person\",\"Organization\"],\"@id\":\"https:\/\/sandzakpress.net\/arhiva\/#\/schema\/person\/6e72b67d6e51910a1117b3b483ba20bd\",\"name\":\"Kul\",\"image\":{\"@type\":\"ImageObject\",\"inLanguage\":\"bs-BA\",\"@id\":\"https:\/\/sandzakpress.net\/arhiva\/#\/schema\/person\/image\/\",\"url\":\"https:\/\/secure.gravatar.com\/avatar\/42263f39aa27ac04c43cab85c280eb2e?s=96&d=mm&r=pg\",\"contentUrl\":\"https:\/\/secure.gravatar.com\/avatar\/42263f39aa27ac04c43cab85c280eb2e?s=96&d=mm&r=pg\",\"caption\":\"Kul\"},\"logo\":{\"@id\":\"https:\/\/sandzakpress.net\/arhiva\/#\/schema\/person\/image\/\"}},{\"@type\":\"Person\",\"@id\":\"https:\/\/sandzakpress.net\/arhiva\/#\/schema\/person\/cb59d7e3ab91ab90dd680ad0305a6185\",\"name\":\"Agencija\",\"image\":{\"@type\":\"ImageObject\",\"inLanguage\":\"bs-BA\",\"@id\":\"https:\/\/sandzakpress.net\/arhiva\/#\/schema\/person\/image\/\",\"url\":\"https:\/\/secure.gravatar.com\/avatar\/4b7fafa80a22f0c2afe23966b3961fe0?s=96&d=mm&r=pg\",\"contentUrl\":\"https:\/\/secure.gravatar.com\/avatar\/4b7fafa80a22f0c2afe23966b3961fe0?s=96&d=mm&r=pg\",\"caption\":\"Agencija\"},\"url\":\"https:\/\/sandzakpress.net\/arhiva\/author\/agencija\/\"}]}<\/script>\n<!-- \/ Yoast SEO Premium plugin. -->","yoast_head_json":{"title":"Visoko \u0161kolstvo od oktobra i u Priboju, prvoj generaciji studenata besplatna \u0161kolarina","robots":{"index":"index","follow":"follow","max-snippet":"max-snippet:-1","max-image-preview":"max-image-preview:large","max-video-preview":"max-video-preview:-1"},"canonical":"https:\/\/sandzakpress.net\/arhiva\/visoko-skolstvo-od-oktobra-i-u-priboju-prvoj-generaciji-studenata-besplatna-skolarina\/","og_locale":"bs_BA","og_type":"article","og_title":"Visoko \u0161kolstvo od oktobra i u Priboju, prvoj generaciji studenata besplatna \u0161kolarina","og_description":"Priboj \u0107e, ju\u010de je definitivno dogovoreno, od oktobra dobiti prvu visokoobrazovnu ustanovu u kojoj \u0107e se \u0161kolovati in\u017eenjeri ma\u0161instva, a koji bi trebalo da predstavljaju kadrovsku budu\u0107nost FAP-a i jo\u0161 nekoliko ovda\u0161njih firmi. Razgovori o otvaranju jedinice Visoke tehni\u010dke ma\u0161inske \u0161kole strukovnih studija iz Trstenika u Priboju u utorak su krunisani dogovorom koji ide u [&hellip;]","og_url":"https:\/\/sandzakpress.net\/arhiva\/visoko-skolstvo-od-oktobra-i-u-priboju-prvoj-generaciji-studenata-besplatna-skolarina\/","og_site_name":"Sand\u017eak PRESS","article_published_time":"2018-08-30T12:52:32+00:00","og_image":[{"width":740,"height":449,"url":"https:\/\/sandzakpress.net\/arhiva\/wp-content\/uploads\/2018\/08\/kEhk9lMaHR0cDovL29jZG4uZXUvaW1hZ2VzL3B1bHNjbXMvWVRRN01EQV8vMTE3NTQ0NTUwN2RiN2ZmNjdlMTkwY2UwMjEwOTc3MmYuanBlZ5GTAs0C5ACBoTAB.jpg","type":"image\/jpeg"}],"author":"Agencija","twitter_card":"summary_large_image","twitter_misc":{"Written by":"Agencija","Est. reading time":"2 minute"},"schema":{"@context":"https:\/\/schema.org","@graph":[{"@type":"Article","@id":"https:\/\/sandzakpress.net\/arhiva\/visoko-skolstvo-od-oktobra-i-u-priboju-prvoj-generaciji-studenata-besplatna-skolarina\/#article","isPartOf":{"@id":"https:\/\/sandzakpress.net\/arhiva\/visoko-skolstvo-od-oktobra-i-u-priboju-prvoj-generaciji-studenata-besplatna-skolarina\/"},"author":{"name":"Agencija","@id":"https:\/\/sandzakpress.net\/arhiva\/#\/schema\/person\/cb59d7e3ab91ab90dd680ad0305a6185"},"headline":"Visoko \u0161kolstvo od oktobra i u Priboju, prvoj generaciji studenata besplatna \u0161kolarina","datePublished":"2018-08-30T12:52:32+00:00","mainEntityOfPage":{"@id":"https:\/\/sandzakpress.net\/arhiva\/visoko-skolstvo-od-oktobra-i-u-priboju-prvoj-generaciji-studenata-besplatna-skolarina\/"},"wordCount":319,"commentCount":1,"publisher":{"@id":"https:\/\/sandzakpress.net\/arhiva\/#\/schema\/person\/6e72b67d6e51910a1117b3b483ba20bd"},"image":{"@id":"https:\/\/sandzakpress.net\/arhiva\/visoko-skolstvo-od-oktobra-i-u-priboju-prvoj-generaciji-studenata-besplatna-skolarina\/#primaryimage"},"thumbnailUrl":"https:\/\/sandzakpress.net\/arhiva\/wp-content\/uploads\/2018\/08\/kEhk9lMaHR0cDovL29jZG4uZXUvaW1hZ2VzL3B1bHNjbXMvWVRRN01EQV8vMTE3NTQ0NTUwN2RiN2ZmNjdlMTkwY2UwMjEwOTc3MmYuanBlZ5GTAs0C5ACBoTAB.jpg","articleSection":["Priboj","Obrazovanje","VIJESTI DANA"],"inLanguage":"bs-BA","potentialAction":[{"@type":"CommentAction","name":"Comment","target":["https:\/\/sandzakpress.net\/arhiva\/visoko-skolstvo-od-oktobra-i-u-priboju-prvoj-generaciji-studenata-besplatna-skolarina\/#respond"]}]},{"@type":"WebPage","@id":"https:\/\/sandzakpress.net\/arhiva\/visoko-skolstvo-od-oktobra-i-u-priboju-prvoj-generaciji-studenata-besplatna-skolarina\/","url":"https:\/\/sandzakpress.net\/arhiva\/visoko-skolstvo-od-oktobra-i-u-priboju-prvoj-generaciji-studenata-besplatna-skolarina\/","name":"Visoko \u0161kolstvo od oktobra i u Priboju, prvoj generaciji studenata besplatna \u0161kolarina","isPartOf":{"@id":"https:\/\/sandzakpress.net\/arhiva\/#website"},"primaryImageOfPage":{"@id":"https:\/\/sandzakpress.net\/arhiva\/visoko-skolstvo-od-oktobra-i-u-priboju-prvoj-generaciji-studenata-besplatna-skolarina\/#primaryimage"},"image":{"@id":"https:\/\/sandzakpress.net\/arhiva\/visoko-skolstvo-od-oktobra-i-u-priboju-prvoj-generaciji-studenata-besplatna-skolarina\/#primaryimage"},"thumbnailUrl":"https:\/\/sandzakpress.net\/arhiva\/wp-content\/uploads\/2018\/08\/kEhk9lMaHR0cDovL29jZG4uZXUvaW1hZ2VzL3B1bHNjbXMvWVRRN01EQV8vMTE3NTQ0NTUwN2RiN2ZmNjdlMTkwY2UwMjEwOTc3MmYuanBlZ5GTAs0C5ACBoTAB.jpg","datePublished":"2018-08-30T12:52:32+00:00","breadcrumb":{"@id":"https:\/\/sandzakpress.net\/arhiva\/visoko-skolstvo-od-oktobra-i-u-priboju-prvoj-generaciji-studenata-besplatna-skolarina\/#breadcrumb"},"inLanguage":"bs-BA","potentialAction":[{"@type":"ReadAction","target":["https:\/\/sandzakpress.net\/arhiva\/visoko-skolstvo-od-oktobra-i-u-priboju-prvoj-generaciji-studenata-besplatna-skolarina\/"]}]},{"@type":"ImageObject","inLanguage":"bs-BA","@id":"https:\/\/sandzakpress.net\/arhiva\/visoko-skolstvo-od-oktobra-i-u-priboju-prvoj-generaciji-studenata-besplatna-skolarina\/#primaryimage","url":"https:\/\/sandzakpress.net\/arhiva\/wp-content\/uploads\/2018\/08\/kEhk9lMaHR0cDovL29jZG4uZXUvaW1hZ2VzL3B1bHNjbXMvWVRRN01EQV8vMTE3NTQ0NTUwN2RiN2ZmNjdlMTkwY2UwMjEwOTc3MmYuanBlZ5GTAs0C5ACBoTAB.jpg","contentUrl":"https:\/\/sandzakpress.net\/arhiva\/wp-content\/uploads\/2018\/08\/kEhk9lMaHR0cDovL29jZG4uZXUvaW1hZ2VzL3B1bHNjbXMvWVRRN01EQV8vMTE3NTQ0NTUwN2RiN2ZmNjdlMTkwY2UwMjEwOTc3MmYuanBlZ5GTAs0C5ACBoTAB.jpg","width":740,"height":449},{"@type":"BreadcrumbList","@id":"https:\/\/sandzakpress.net\/arhiva\/visoko-skolstvo-od-oktobra-i-u-priboju-prvoj-generaciji-studenata-besplatna-skolarina\/#breadcrumb","itemListElement":[{"@type":"ListItem","position":1,"name":"Home","item":"https:\/\/sandzakpress.net\/arhiva\/"},{"@type":"ListItem","position":2,"name":"Visoko \u0161kolstvo od oktobra i u Priboju, prvoj generaciji studenata besplatna \u0161kolarina"}]},{"@type":"WebSite","@id":"https:\/\/sandzakpress.net\/arhiva\/#website","url":"https:\/\/sandzakpress.net\/arhiva\/","name":"Sand\u017eak PRESS","description":"Prve elektronske novine u Sand\u017eaku","publisher":{"@id":"https:\/\/sandzakpress.net\/arhiva\/#\/schema\/person\/6e72b67d6e51910a1117b3b483ba20bd"},"potentialAction":[{"@type":"SearchAction","target":{"@type":"EntryPoint","urlTemplate":"https:\/\/sandzakpress.net\/arhiva\/?s={search_term_string}"},"query-input":{"@type":"PropertyValueSpecification","valueRequired":true,"valueName":"search_term_string"}}],"inLanguage":"bs-BA"},{"@type":["Person","Organization"],"@id":"https:\/\/sandzakpress.net\/arhiva\/#\/schema\/person\/6e72b67d6e51910a1117b3b483ba20bd","name":"Kul","image":{"@type":"ImageObject","inLanguage":"bs-BA","@id":"https:\/\/sandzakpress.net\/arhiva\/#\/schema\/person\/image\/","url":"https:\/\/secure.gravatar.com\/avatar\/42263f39aa27ac04c43cab85c280eb2e?s=96&d=mm&r=pg","contentUrl":"https:\/\/secure.gravatar.com\/avatar\/42263f39aa27ac04c43cab85c280eb2e?s=96&d=mm&r=pg","caption":"Kul"},"logo":{"@id":"https:\/\/sandzakpress.net\/arhiva\/#\/schema\/person\/image\/"}},{"@type":"Person","@id":"https:\/\/sandzakpress.net\/arhiva\/#\/schema\/person\/cb59d7e3ab91ab90dd680ad0305a6185","name":"Agencija","image":{"@type":"ImageObject","inLanguage":"bs-BA","@id":"https:\/\/sandzakpress.net\/arhiva\/#\/schema\/person\/image\/","url":"https:\/\/secure.gravatar.com\/avatar\/4b7fafa80a22f0c2afe23966b3961fe0?s=96&d=mm&r=pg","contentUrl":"https:\/\/secure.gravatar.com\/avatar\/4b7fafa80a22f0c2afe23966b3961fe0?s=96&d=mm&r=pg","caption":"Agencija"},"url":"https:\/\/sandzakpress.net\/arhiva\/author\/agencija\/"}]}},"_links":{"self":[{"href":"https:\/\/sandzakpress.net\/arhiva\/wp-json\/wp\/v2\/posts\/210989"}],"collection":[{"href":"https:\/\/sandzakpress.net\/arhiva\/wp-json\/wp\/v2\/posts"}],"about":[{"href":"https:\/\/sandzakpress.net\/arhiva\/wp-json\/wp\/v2\/types\/post"}],"author":[{"embeddable":true,"href":"https:\/\/sandzakpress.net\/arhiva\/wp-json\/wp\/v2\/users\/509"}],"replies":[{"embeddable":true,"href":"https:\/\/sandzakpress.net\/arhiva\/wp-json\/wp\/v2\/comments?post=210989"}],"version-history":[{"count":0,"href":"https:\/\/sandzakpress.net\/arhiva\/wp-json\/wp\/v2\/posts\/210989\/revisions"}],"wp:featuredmedia":[{"embeddable":true,"href":"https:\/\/sandzakpress.net\/arhiva\/wp-json\/wp\/v2\/media\/210991"}],"wp:attachment":[{"href":"https:\/\/sandzakpress.net\/arhiva\/wp-json\/wp\/v2\/media?parent=210989"}],"wp:term":[{"taxonomy":"category","embeddable":true,"href":"https:\/\/sandzakpress.net\/arhiva\/wp-json\/wp\/v2\/categories?post=210989"},{"taxonomy":"post_tag","embeddable":true,"href":"https:\/\/sandzakpress.net\/arhiva\/wp-json\/wp\/v2\/tags?post=210989"}],"curies":[{"name":"wp","href":"https:\/\/api.w.org\/{rel}","templated":true}]}}