{"id":210804,"date":"2018-08-26T18:35:50","date_gmt":"2018-08-26T16:35:50","guid":{"rendered":"https:\/\/sandzakpress.net\/arhiva\/?p=210804"},"modified":"2018-08-26T17:47:17","modified_gmt":"2018-08-26T15:47:17","slug":"ostacemo-bez-radne-snage-u-njemacku-zeli-350-000-mladih","status":"publish","type":"post","link":"https:\/\/sandzakpress.net\/arhiva\/ostacemo-bez-radne-snage-u-njemacku-zeli-350-000-mladih\/","title":{"rendered":"OSTA\u0106EMO BEZ RADNE SNAGE &#8211; U Njema\u010dku \u017eeli 350.000 mladih"},"content":{"rendered":"<p><img decoding=\"async\" src=\"http:\/\/www.sandzaklive.rs\/images\/000\/cIpk9lMaHR0cDovL29jZG4uZXUvaW1hZ2VzL3B1bHNjbXMvTmpZN01EQV8vZDdlYTFmODZhZGYwNThjOTgwNGNhM2EyNjA3NDhhNTYuanBlZ5GTAs0C5ACBoTAB.jpg\" alt=\"cIpk9lMaHR0cDovL29jZG4uZXUvaW1hZ2VzL3B1bHNjbXMvTmpZN01EQV8vZDdlYTFmODZhZGYwNThjOTgwNGNhM2EyNjA3NDhhNTYuanBlZ5GTAs0C5ACBoTAB\" \/><\/p>\n<p><strong>Srbiji i BiH prijeti prava pusto\u0161 na tr\u017ei\u0161tu radne snage, nakon \u0161to Njema\u010dka dobije status useljeni\u010dke dr\u017eave, a \u0161to \u0107e se desiti ve\u0107 po\u010detkom sljede\u0107e godine.<\/strong><\/p>\n<p>Stru\u010dnjaci podsje\u0107aju da u ovom momentu na cijeloj teritoriji Njema\u010dke nedostaje oko 1,1 milion radnika raznih profila, zbog \u010dega je pomenuta vijest dobra za one koji ho\u0107e da napuste Zapadni Balkan, a izuzetno lo\u0161a za privredu Srbije, BiH, Makedonije.<\/p>\n<p>Vlastimir Vidi\u0107, diplomirani politikolog za me\u0111unarodne odnose, upozorava da \u0107e svima onima koji ispunjavaju uslove, znatno biti olak\u0161an sistem dobijanja viza, zbog \u010dega na ovim prostorima prijeti velika opasnost upravo za bran\u0161e koje se nalaze na listi deficitarnih zanimanja, pi\u0161e Srpskainfo.<\/p>\n<p>&#8211; Vize \u0107e se i dalje izdavati u ambasadama ove zemlje \u0161rom svijeta. Me\u0111utim promjena je u tome \u0161to \u0107e biti omogu\u0107eno da za nju apliciraju ne samo fakultetski obrazovani, ve\u0107 i oni koji imaju zavr\u0161ene srednje \u0161kole. Ta\u010dnije, neki od stru\u010dnih poslova koja se nalaze na listi deficitarnih zanimanja u Nema\u010dkoj kao \u0161to su medicinsko osoblje, gra\u0111evinci, voza\u010di te\u0161kih vozila, varioci, elektri\u010dari, vodoinstalteri, automehani\u010dari \u2013 obja\u0161njava Vidi\u0107<\/p>\n<p>Dodaje da, naravno, me\u0111u fakultetski obrazovanima i dalje prednja\u010de lekari, ma\u0161inski i gradjevinski in\u017eenjeri, stru\u010dnjaci iz oblasti informatike, pedagozi za pred\u0161kolski uzrast.<\/p>\n<p>&#8211; Su\u0161tina je da \u0107e se za termin u ambasadi \u010dekati daleko kra\u0107e nego sada, a osnovni uslovi za dobijanje ove ulazne vize bi\u0107e obrazovanje, starost, poznavanje jezika \u2013 isti\u010de Vidi\u0107.<\/p>\n<p>Nagla\u0161ava da \u0107e, sasvim sigurno, poslodavci sve\u0107om tra\u017eiti radnike i u tom mraku bi\u0107e im svejedno kojoj stranci, naciji, vjeri ili rasi pripada taj radnik.<\/p>\n<p>&#8211; Politi\u010dari, ekonomsiti, od lokalne samouprave, preko Vlade RS, do Savjeta ministra BiH, pod hitno moraju da donose mjere, zakone, a prije svega poslovni ambijent, kako bi uspjeli zadr\u017eati visoko i srednje kvalifikovanu radnu snagu. Jedno od rje\u0161enja je i smanjenje stope poreza i doprinosa koje dr\u017eavi pla\u0107aju privrednici i stvaranje mogu\u0107nosti za otvaranje novih radnih mjesta \u2013 isti\u010de Vidi\u0107.<\/p>\n<p>Gra\u0111ani sa nestrpljenjem i\u0161\u010dekuju kada \u0107e Njema\u010dka dobiti status useljeni\u010dke zemlje, a procjenjuje se da u BiH ima oko 700.000 osoba starosti do 30 godina, te da bi vi\u0161e od polovine njih, da im se uka\u017ee prilika, odmah napustilo ovu dr\u017eavu.<\/p>\n<p>\u2013 Ovde nema \u0161ta da se tra\u017ei, tako da je za mnoge ljude jedini spas odlazak vani. Zavr\u0161io sam za konobara, ali sam dobro izu\u010dio molerski zanat, pa se nadam da bi i mene moglo da ogreje sunce \u2013 ka\u017ee Miodrag S. iz Banjaluke.<\/p>\n<p>Iako su u Njema\u010dku dosad u najve\u0107oj mjeri odlazili medicinari, nakon \u0161to ova dr\u017eava dobije status useljeni\u010dke zemlje, \u010dinjenica je da \u0107e doma\u0107e tr\u017ei\u0161te rada dobrano biti uzdrmano i odlaskom kvalifikovanih zanatlija.<\/p>\n<p>U RS je ve\u0107 sada te\u0161ko do\u0107i do dobrih majstora, jer su mnogi iz ove bran\u0161e sre\u0107u potra\u017eili u belom svetu.<\/p>\n<p>\u2013 U Srpskoj majstora gotovo da i nema. Ve\u0107 15-tak godina upozoravamo da \u0107emo ostati bez zanatstva i, evo, dolazi i to vreme. Po svemu sude\u0107i, doma\u0107em zanatstvu uskoro bi mogao da bude zadat poslednji udarac \u2013 rekao je direktor Zanatsko-preduzetni\u010dke komore RS Jovica Brati\u0107.<\/p>\n<p>Be\u017ee medicinari<\/p>\n<p>Samo posredstvom Agencije za rad i zapo\u0161ljavanje, od 2013. gra\u0111anima BiH je izdato vi\u0161e od 4.000 radnih dozvola za Nema\u010dku.<\/p>\n<p>&#8211; U ovu dr\u017eavu najvi\u0161e odlaze negovatelji. Re\u010d je o osobama sa zavr\u0161enom srednjom medicinskom \u0161kolom \u2013 op\u0161ti ili pedijatrijski smer, sa polo\u017eenim stru\u010dnim ispitom i sa znanjem nema\u010dkog jezika B1 nivo \u2013 rekao je za \u201eEuroBlic\u201c direktor ARZ Muamer Bandi\u0107<\/p>\n<p>Izvor: Blic<\/p>\n","protected":false},"excerpt":{"rendered":"<p>Srbiji i BiH prijeti prava pusto\u0161 na tr\u017ei\u0161tu radne snage, nakon \u0161to Njema\u010dka dobije status useljeni\u010dke dr\u017eave, a \u0161to \u0107e se desiti ve\u0107 po\u010detkom sljede\u0107e godine. Stru\u010dnjaci podsje\u0107aju da u ovom momentu na cijeloj teritoriji Njema\u010dke nedostaje oko 1,1 milion radnika raznih profila, zbog \u010dega je pomenuta vijest dobra za one koji ho\u0107e da napuste [&hellip;]<\/p>\n","protected":false},"author":501,"featured_media":210806,"comment_status":"open","ping_status":"open","sticky":false,"template":"","format":"standard","meta":{"footnotes":""},"categories":[2860,72,10307,10308,3,798,10193,10429],"tags":[],"class_list":{"0":"post-210804","1":"post","2":"type-post","3":"status-publish","4":"format-standard","5":"has-post-thumbnail","7":"category-bosna-i-hercegovina-gradovi","8":"category-novi-pazar","9":"category-srbija","10":"category-crna-gora","11":"category-privreda","12":"category-teme","13":"category-sandzak-2","14":"category-vazno"},"yoast_head":"<!-- This site is optimized with the Yoast SEO Premium plugin v23.1 (Yoast SEO v24.9) - https:\/\/yoast.com\/wordpress\/plugins\/seo\/ -->\n<title>OSTA\u0106EMO BEZ RADNE SNAGE - U Njema\u010dku \u017eeli 350.000 mladih<\/title>\n<meta name=\"robots\" content=\"index, follow, max-snippet:-1, max-image-preview:large, max-video-preview:-1\" \/>\n<link rel=\"canonical\" href=\"https:\/\/sandzakpress.net\/arhiva\/ostacemo-bez-radne-snage-u-njemacku-zeli-350-000-mladih\/\" \/>\n<meta property=\"og:locale\" content=\"bs_BA\" \/>\n<meta property=\"og:type\" content=\"article\" \/>\n<meta property=\"og:title\" content=\"OSTA\u0106EMO BEZ RADNE SNAGE - U Njema\u010dku \u017eeli 350.000 mladih\" \/>\n<meta property=\"og:description\" content=\"Srbiji i BiH prijeti prava pusto\u0161 na tr\u017ei\u0161tu radne snage, nakon \u0161to Njema\u010dka dobije status useljeni\u010dke dr\u017eave, a \u0161to \u0107e se desiti ve\u0107 po\u010detkom sljede\u0107e godine. Stru\u010dnjaci podsje\u0107aju da u ovom momentu na cijeloj teritoriji Njema\u010dke nedostaje oko 1,1 milion radnika raznih profila, zbog \u010dega je pomenuta vijest dobra za one koji ho\u0107e da napuste [&hellip;]\" \/>\n<meta property=\"og:url\" content=\"https:\/\/sandzakpress.net\/arhiva\/ostacemo-bez-radne-snage-u-njemacku-zeli-350-000-mladih\/\" \/>\n<meta property=\"og:site_name\" content=\"Sand\u017eak PRESS\" \/>\n<meta property=\"article:published_time\" content=\"2018-08-26T16:35:50+00:00\" \/>\n<meta property=\"og:image\" content=\"https:\/\/sandzakpress.net\/arhiva\/wp-content\/uploads\/2018\/08\/cIpk9lMaHR0cDovL29jZG4uZXUvaW1hZ2VzL3B1bHNjbXMvTmpZN01EQV8vZDdlYTFmODZhZGYwNThjOTgwNGNhM2EyNjA3NDhhNTYuanBlZ5GTAs0C5ACBoTAB.jpg\" \/>\n\t<meta property=\"og:image:width\" content=\"740\" \/>\n\t<meta property=\"og:image:height\" content=\"427\" \/>\n\t<meta property=\"og:image:type\" content=\"image\/jpeg\" \/>\n<meta name=\"author\" content=\"SM\" \/>\n<meta name=\"twitter:card\" content=\"summary_large_image\" \/>\n<meta name=\"twitter:label1\" content=\"Written by\" \/>\n\t<meta name=\"twitter:data1\" content=\"SM\" \/>\n\t<meta name=\"twitter:label2\" content=\"Est. reading time\" \/>\n\t<meta name=\"twitter:data2\" content=\"3 minute\" \/>\n<script type=\"application\/ld+json\" class=\"yoast-schema-graph\">{\"@context\":\"https:\/\/schema.org\",\"@graph\":[{\"@type\":\"Article\",\"@id\":\"https:\/\/sandzakpress.net\/arhiva\/ostacemo-bez-radne-snage-u-njemacku-zeli-350-000-mladih\/#article\",\"isPartOf\":{\"@id\":\"https:\/\/sandzakpress.net\/arhiva\/ostacemo-bez-radne-snage-u-njemacku-zeli-350-000-mladih\/\"},\"author\":{\"name\":\"SM\",\"@id\":\"https:\/\/sandzakpress.net\/arhiva\/#\/schema\/person\/32f63b6bc693126333e4b1d8cccb52ac\"},\"headline\":\"OSTA\u0106EMO BEZ RADNE SNAGE &#8211; U Njema\u010dku \u017eeli 350.000 mladih\",\"datePublished\":\"2018-08-26T16:35:50+00:00\",\"mainEntityOfPage\":{\"@id\":\"https:\/\/sandzakpress.net\/arhiva\/ostacemo-bez-radne-snage-u-njemacku-zeli-350-000-mladih\/\"},\"wordCount\":644,\"commentCount\":2,\"publisher\":{\"@id\":\"https:\/\/sandzakpress.net\/arhiva\/#\/schema\/person\/6e72b67d6e51910a1117b3b483ba20bd\"},\"image\":{\"@id\":\"https:\/\/sandzakpress.net\/arhiva\/ostacemo-bez-radne-snage-u-njemacku-zeli-350-000-mladih\/#primaryimage\"},\"thumbnailUrl\":\"https:\/\/sandzakpress.net\/arhiva\/wp-content\/uploads\/2018\/08\/cIpk9lMaHR0cDovL29jZG4uZXUvaW1hZ2VzL3B1bHNjbXMvTmpZN01EQV8vZDdlYTFmODZhZGYwNThjOTgwNGNhM2EyNjA3NDhhNTYuanBlZ5GTAs0C5ACBoTAB.jpg\",\"articleSection\":[\"Bosna i Hercegovina\",\"Novi Pazar\",\"Srbija\",\"Crna Gora\",\"Privreda\",\"NAJNOVIJE\",\"Sand\u017eak\",\"VA\u017dNO!\"],\"inLanguage\":\"bs-BA\",\"potentialAction\":[{\"@type\":\"CommentAction\",\"name\":\"Comment\",\"target\":[\"https:\/\/sandzakpress.net\/arhiva\/ostacemo-bez-radne-snage-u-njemacku-zeli-350-000-mladih\/#respond\"]}]},{\"@type\":\"WebPage\",\"@id\":\"https:\/\/sandzakpress.net\/arhiva\/ostacemo-bez-radne-snage-u-njemacku-zeli-350-000-mladih\/\",\"url\":\"https:\/\/sandzakpress.net\/arhiva\/ostacemo-bez-radne-snage-u-njemacku-zeli-350-000-mladih\/\",\"name\":\"OSTA\u0106EMO BEZ RADNE SNAGE - U Njema\u010dku \u017eeli 350.000 mladih\",\"isPartOf\":{\"@id\":\"https:\/\/sandzakpress.net\/arhiva\/#website\"},\"primaryImageOfPage\":{\"@id\":\"https:\/\/sandzakpress.net\/arhiva\/ostacemo-bez-radne-snage-u-njemacku-zeli-350-000-mladih\/#primaryimage\"},\"image\":{\"@id\":\"https:\/\/sandzakpress.net\/arhiva\/ostacemo-bez-radne-snage-u-njemacku-zeli-350-000-mladih\/#primaryimage\"},\"thumbnailUrl\":\"https:\/\/sandzakpress.net\/arhiva\/wp-content\/uploads\/2018\/08\/cIpk9lMaHR0cDovL29jZG4uZXUvaW1hZ2VzL3B1bHNjbXMvTmpZN01EQV8vZDdlYTFmODZhZGYwNThjOTgwNGNhM2EyNjA3NDhhNTYuanBlZ5GTAs0C5ACBoTAB.jpg\",\"datePublished\":\"2018-08-26T16:35:50+00:00\",\"breadcrumb\":{\"@id\":\"https:\/\/sandzakpress.net\/arhiva\/ostacemo-bez-radne-snage-u-njemacku-zeli-350-000-mladih\/#breadcrumb\"},\"inLanguage\":\"bs-BA\",\"potentialAction\":[{\"@type\":\"ReadAction\",\"target\":[\"https:\/\/sandzakpress.net\/arhiva\/ostacemo-bez-radne-snage-u-njemacku-zeli-350-000-mladih\/\"]}]},{\"@type\":\"ImageObject\",\"inLanguage\":\"bs-BA\",\"@id\":\"https:\/\/sandzakpress.net\/arhiva\/ostacemo-bez-radne-snage-u-njemacku-zeli-350-000-mladih\/#primaryimage\",\"url\":\"https:\/\/sandzakpress.net\/arhiva\/wp-content\/uploads\/2018\/08\/cIpk9lMaHR0cDovL29jZG4uZXUvaW1hZ2VzL3B1bHNjbXMvTmpZN01EQV8vZDdlYTFmODZhZGYwNThjOTgwNGNhM2EyNjA3NDhhNTYuanBlZ5GTAs0C5ACBoTAB.jpg\",\"contentUrl\":\"https:\/\/sandzakpress.net\/arhiva\/wp-content\/uploads\/2018\/08\/cIpk9lMaHR0cDovL29jZG4uZXUvaW1hZ2VzL3B1bHNjbXMvTmpZN01EQV8vZDdlYTFmODZhZGYwNThjOTgwNGNhM2EyNjA3NDhhNTYuanBlZ5GTAs0C5ACBoTAB.jpg\",\"width\":740,\"height\":427},{\"@type\":\"BreadcrumbList\",\"@id\":\"https:\/\/sandzakpress.net\/arhiva\/ostacemo-bez-radne-snage-u-njemacku-zeli-350-000-mladih\/#breadcrumb\",\"itemListElement\":[{\"@type\":\"ListItem\",\"position\":1,\"name\":\"Home\",\"item\":\"https:\/\/sandzakpress.net\/arhiva\/\"},{\"@type\":\"ListItem\",\"position\":2,\"name\":\"OSTA\u0106EMO BEZ RADNE SNAGE &#8211; U Njema\u010dku \u017eeli 350.000 mladih\"}]},{\"@type\":\"WebSite\",\"@id\":\"https:\/\/sandzakpress.net\/arhiva\/#website\",\"url\":\"https:\/\/sandzakpress.net\/arhiva\/\",\"name\":\"Sand\u017eak PRESS\",\"description\":\"Prve elektronske novine u Sand\u017eaku\",\"publisher\":{\"@id\":\"https:\/\/sandzakpress.net\/arhiva\/#\/schema\/person\/6e72b67d6e51910a1117b3b483ba20bd\"},\"potentialAction\":[{\"@type\":\"SearchAction\",\"target\":{\"@type\":\"EntryPoint\",\"urlTemplate\":\"https:\/\/sandzakpress.net\/arhiva\/?s={search_term_string}\"},\"query-input\":{\"@type\":\"PropertyValueSpecification\",\"valueRequired\":true,\"valueName\":\"search_term_string\"}}],\"inLanguage\":\"bs-BA\"},{\"@type\":[\"Person\",\"Organization\"],\"@id\":\"https:\/\/sandzakpress.net\/arhiva\/#\/schema\/person\/6e72b67d6e51910a1117b3b483ba20bd\",\"name\":\"Kul\",\"image\":{\"@type\":\"ImageObject\",\"inLanguage\":\"bs-BA\",\"@id\":\"https:\/\/sandzakpress.net\/arhiva\/#\/schema\/person\/image\/\",\"url\":\"https:\/\/secure.gravatar.com\/avatar\/42263f39aa27ac04c43cab85c280eb2e?s=96&d=mm&r=pg\",\"contentUrl\":\"https:\/\/secure.gravatar.com\/avatar\/42263f39aa27ac04c43cab85c280eb2e?s=96&d=mm&r=pg\",\"caption\":\"Kul\"},\"logo\":{\"@id\":\"https:\/\/sandzakpress.net\/arhiva\/#\/schema\/person\/image\/\"}},{\"@type\":\"Person\",\"@id\":\"https:\/\/sandzakpress.net\/arhiva\/#\/schema\/person\/32f63b6bc693126333e4b1d8cccb52ac\",\"name\":\"SM\",\"image\":{\"@type\":\"ImageObject\",\"inLanguage\":\"bs-BA\",\"@id\":\"https:\/\/sandzakpress.net\/arhiva\/#\/schema\/person\/image\/\",\"url\":\"https:\/\/secure.gravatar.com\/avatar\/e06a45a606f1dee973ded6565c9e653e?s=96&d=mm&r=pg\",\"contentUrl\":\"https:\/\/secure.gravatar.com\/avatar\/e06a45a606f1dee973ded6565c9e653e?s=96&d=mm&r=pg\",\"caption\":\"SM\"},\"url\":\"https:\/\/sandzakpress.net\/arhiva\/author\/sandzakmedia\/\"}]}<\/script>\n<!-- \/ Yoast SEO Premium plugin. -->","yoast_head_json":{"title":"OSTA\u0106EMO BEZ RADNE SNAGE - U Njema\u010dku \u017eeli 350.000 mladih","robots":{"index":"index","follow":"follow","max-snippet":"max-snippet:-1","max-image-preview":"max-image-preview:large","max-video-preview":"max-video-preview:-1"},"canonical":"https:\/\/sandzakpress.net\/arhiva\/ostacemo-bez-radne-snage-u-njemacku-zeli-350-000-mladih\/","og_locale":"bs_BA","og_type":"article","og_title":"OSTA\u0106EMO BEZ RADNE SNAGE - U Njema\u010dku \u017eeli 350.000 mladih","og_description":"Srbiji i BiH prijeti prava pusto\u0161 na tr\u017ei\u0161tu radne snage, nakon \u0161to Njema\u010dka dobije status useljeni\u010dke dr\u017eave, a \u0161to \u0107e se desiti ve\u0107 po\u010detkom sljede\u0107e godine. Stru\u010dnjaci podsje\u0107aju da u ovom momentu na cijeloj teritoriji Njema\u010dke nedostaje oko 1,1 milion radnika raznih profila, zbog \u010dega je pomenuta vijest dobra za one koji ho\u0107e da napuste [&hellip;]","og_url":"https:\/\/sandzakpress.net\/arhiva\/ostacemo-bez-radne-snage-u-njemacku-zeli-350-000-mladih\/","og_site_name":"Sand\u017eak PRESS","article_published_time":"2018-08-26T16:35:50+00:00","og_image":[{"width":740,"height":427,"url":"https:\/\/sandzakpress.net\/arhiva\/wp-content\/uploads\/2018\/08\/cIpk9lMaHR0cDovL29jZG4uZXUvaW1hZ2VzL3B1bHNjbXMvTmpZN01EQV8vZDdlYTFmODZhZGYwNThjOTgwNGNhM2EyNjA3NDhhNTYuanBlZ5GTAs0C5ACBoTAB.jpg","type":"image\/jpeg"}],"author":"SM","twitter_card":"summary_large_image","twitter_misc":{"Written by":"SM","Est. reading time":"3 minute"},"schema":{"@context":"https:\/\/schema.org","@graph":[{"@type":"Article","@id":"https:\/\/sandzakpress.net\/arhiva\/ostacemo-bez-radne-snage-u-njemacku-zeli-350-000-mladih\/#article","isPartOf":{"@id":"https:\/\/sandzakpress.net\/arhiva\/ostacemo-bez-radne-snage-u-njemacku-zeli-350-000-mladih\/"},"author":{"name":"SM","@id":"https:\/\/sandzakpress.net\/arhiva\/#\/schema\/person\/32f63b6bc693126333e4b1d8cccb52ac"},"headline":"OSTA\u0106EMO BEZ RADNE SNAGE &#8211; U Njema\u010dku \u017eeli 350.000 mladih","datePublished":"2018-08-26T16:35:50+00:00","mainEntityOfPage":{"@id":"https:\/\/sandzakpress.net\/arhiva\/ostacemo-bez-radne-snage-u-njemacku-zeli-350-000-mladih\/"},"wordCount":644,"commentCount":2,"publisher":{"@id":"https:\/\/sandzakpress.net\/arhiva\/#\/schema\/person\/6e72b67d6e51910a1117b3b483ba20bd"},"image":{"@id":"https:\/\/sandzakpress.net\/arhiva\/ostacemo-bez-radne-snage-u-njemacku-zeli-350-000-mladih\/#primaryimage"},"thumbnailUrl":"https:\/\/sandzakpress.net\/arhiva\/wp-content\/uploads\/2018\/08\/cIpk9lMaHR0cDovL29jZG4uZXUvaW1hZ2VzL3B1bHNjbXMvTmpZN01EQV8vZDdlYTFmODZhZGYwNThjOTgwNGNhM2EyNjA3NDhhNTYuanBlZ5GTAs0C5ACBoTAB.jpg","articleSection":["Bosna i Hercegovina","Novi Pazar","Srbija","Crna Gora","Privreda","NAJNOVIJE","Sand\u017eak","VA\u017dNO!"],"inLanguage":"bs-BA","potentialAction":[{"@type":"CommentAction","name":"Comment","target":["https:\/\/sandzakpress.net\/arhiva\/ostacemo-bez-radne-snage-u-njemacku-zeli-350-000-mladih\/#respond"]}]},{"@type":"WebPage","@id":"https:\/\/sandzakpress.net\/arhiva\/ostacemo-bez-radne-snage-u-njemacku-zeli-350-000-mladih\/","url":"https:\/\/sandzakpress.net\/arhiva\/ostacemo-bez-radne-snage-u-njemacku-zeli-350-000-mladih\/","name":"OSTA\u0106EMO BEZ RADNE SNAGE - U Njema\u010dku \u017eeli 350.000 mladih","isPartOf":{"@id":"https:\/\/sandzakpress.net\/arhiva\/#website"},"primaryImageOfPage":{"@id":"https:\/\/sandzakpress.net\/arhiva\/ostacemo-bez-radne-snage-u-njemacku-zeli-350-000-mladih\/#primaryimage"},"image":{"@id":"https:\/\/sandzakpress.net\/arhiva\/ostacemo-bez-radne-snage-u-njemacku-zeli-350-000-mladih\/#primaryimage"},"thumbnailUrl":"https:\/\/sandzakpress.net\/arhiva\/wp-content\/uploads\/2018\/08\/cIpk9lMaHR0cDovL29jZG4uZXUvaW1hZ2VzL3B1bHNjbXMvTmpZN01EQV8vZDdlYTFmODZhZGYwNThjOTgwNGNhM2EyNjA3NDhhNTYuanBlZ5GTAs0C5ACBoTAB.jpg","datePublished":"2018-08-26T16:35:50+00:00","breadcrumb":{"@id":"https:\/\/sandzakpress.net\/arhiva\/ostacemo-bez-radne-snage-u-njemacku-zeli-350-000-mladih\/#breadcrumb"},"inLanguage":"bs-BA","potentialAction":[{"@type":"ReadAction","target":["https:\/\/sandzakpress.net\/arhiva\/ostacemo-bez-radne-snage-u-njemacku-zeli-350-000-mladih\/"]}]},{"@type":"ImageObject","inLanguage":"bs-BA","@id":"https:\/\/sandzakpress.net\/arhiva\/ostacemo-bez-radne-snage-u-njemacku-zeli-350-000-mladih\/#primaryimage","url":"https:\/\/sandzakpress.net\/arhiva\/wp-content\/uploads\/2018\/08\/cIpk9lMaHR0cDovL29jZG4uZXUvaW1hZ2VzL3B1bHNjbXMvTmpZN01EQV8vZDdlYTFmODZhZGYwNThjOTgwNGNhM2EyNjA3NDhhNTYuanBlZ5GTAs0C5ACBoTAB.jpg","contentUrl":"https:\/\/sandzakpress.net\/arhiva\/wp-content\/uploads\/2018\/08\/cIpk9lMaHR0cDovL29jZG4uZXUvaW1hZ2VzL3B1bHNjbXMvTmpZN01EQV8vZDdlYTFmODZhZGYwNThjOTgwNGNhM2EyNjA3NDhhNTYuanBlZ5GTAs0C5ACBoTAB.jpg","width":740,"height":427},{"@type":"BreadcrumbList","@id":"https:\/\/sandzakpress.net\/arhiva\/ostacemo-bez-radne-snage-u-njemacku-zeli-350-000-mladih\/#breadcrumb","itemListElement":[{"@type":"ListItem","position":1,"name":"Home","item":"https:\/\/sandzakpress.net\/arhiva\/"},{"@type":"ListItem","position":2,"name":"OSTA\u0106EMO BEZ RADNE SNAGE &#8211; U Njema\u010dku \u017eeli 350.000 mladih"}]},{"@type":"WebSite","@id":"https:\/\/sandzakpress.net\/arhiva\/#website","url":"https:\/\/sandzakpress.net\/arhiva\/","name":"Sand\u017eak PRESS","description":"Prve elektronske novine u Sand\u017eaku","publisher":{"@id":"https:\/\/sandzakpress.net\/arhiva\/#\/schema\/person\/6e72b67d6e51910a1117b3b483ba20bd"},"potentialAction":[{"@type":"SearchAction","target":{"@type":"EntryPoint","urlTemplate":"https:\/\/sandzakpress.net\/arhiva\/?s={search_term_string}"},"query-input":{"@type":"PropertyValueSpecification","valueRequired":true,"valueName":"search_term_string"}}],"inLanguage":"bs-BA"},{"@type":["Person","Organization"],"@id":"https:\/\/sandzakpress.net\/arhiva\/#\/schema\/person\/6e72b67d6e51910a1117b3b483ba20bd","name":"Kul","image":{"@type":"ImageObject","inLanguage":"bs-BA","@id":"https:\/\/sandzakpress.net\/arhiva\/#\/schema\/person\/image\/","url":"https:\/\/secure.gravatar.com\/avatar\/42263f39aa27ac04c43cab85c280eb2e?s=96&d=mm&r=pg","contentUrl":"https:\/\/secure.gravatar.com\/avatar\/42263f39aa27ac04c43cab85c280eb2e?s=96&d=mm&r=pg","caption":"Kul"},"logo":{"@id":"https:\/\/sandzakpress.net\/arhiva\/#\/schema\/person\/image\/"}},{"@type":"Person","@id":"https:\/\/sandzakpress.net\/arhiva\/#\/schema\/person\/32f63b6bc693126333e4b1d8cccb52ac","name":"SM","image":{"@type":"ImageObject","inLanguage":"bs-BA","@id":"https:\/\/sandzakpress.net\/arhiva\/#\/schema\/person\/image\/","url":"https:\/\/secure.gravatar.com\/avatar\/e06a45a606f1dee973ded6565c9e653e?s=96&d=mm&r=pg","contentUrl":"https:\/\/secure.gravatar.com\/avatar\/e06a45a606f1dee973ded6565c9e653e?s=96&d=mm&r=pg","caption":"SM"},"url":"https:\/\/sandzakpress.net\/arhiva\/author\/sandzakmedia\/"}]}},"_links":{"self":[{"href":"https:\/\/sandzakpress.net\/arhiva\/wp-json\/wp\/v2\/posts\/210804"}],"collection":[{"href":"https:\/\/sandzakpress.net\/arhiva\/wp-json\/wp\/v2\/posts"}],"about":[{"href":"https:\/\/sandzakpress.net\/arhiva\/wp-json\/wp\/v2\/types\/post"}],"author":[{"embeddable":true,"href":"https:\/\/sandzakpress.net\/arhiva\/wp-json\/wp\/v2\/users\/501"}],"replies":[{"embeddable":true,"href":"https:\/\/sandzakpress.net\/arhiva\/wp-json\/wp\/v2\/comments?post=210804"}],"version-history":[{"count":0,"href":"https:\/\/sandzakpress.net\/arhiva\/wp-json\/wp\/v2\/posts\/210804\/revisions"}],"wp:featuredmedia":[{"embeddable":true,"href":"https:\/\/sandzakpress.net\/arhiva\/wp-json\/wp\/v2\/media\/210806"}],"wp:attachment":[{"href":"https:\/\/sandzakpress.net\/arhiva\/wp-json\/wp\/v2\/media?parent=210804"}],"wp:term":[{"taxonomy":"category","embeddable":true,"href":"https:\/\/sandzakpress.net\/arhiva\/wp-json\/wp\/v2\/categories?post=210804"},{"taxonomy":"post_tag","embeddable":true,"href":"https:\/\/sandzakpress.net\/arhiva\/wp-json\/wp\/v2\/tags?post=210804"}],"curies":[{"name":"wp","href":"https:\/\/api.w.org\/{rel}","templated":true}]}}