{"id":21077,"date":"2011-10-03T15:36:48","date_gmt":"2011-10-03T13:36:48","guid":{"rendered":"https:\/\/sandzakpress.net\/arhiva\/?p=21077"},"modified":"2011-10-03T15:38:54","modified_gmt":"2011-10-03T13:38:54","slug":"betonska-barikada-na-ibarskom-mostu","status":"publish","type":"post","link":"https:\/\/sandzakpress.net\/arhiva\/betonska-barikada-na-ibarskom-mostu\/","title":{"rendered":"Betonska barikada na Ibarskom mostu"},"content":{"rendered":"<p><strong><a href=\"https:\/\/sandzakpress.net\/arhiva\/wp-content\/uploads\/2011\/10\/betoniran-most-na-ibru.jpg\"><img loading=\"lazy\" decoding=\"async\" class=\"alignleft size-full wp-image-21078\" title=\"betoniran most na ibru\" src=\"https:\/\/sandzakpress.net\/arhiva\/wp-content\/uploads\/2011\/10\/betoniran-most-na-ibru.jpg\" alt=\"\" width=\"195\" height=\"140\" \/><\/a> Kosovska Mitrovica 2. oktobar 2011. (Beta)- No\u0107 na severu Kosova protekla je mirno. Srbi su de\u017eurali pored barikada koje su postavili na putevima\u00a0 koji vode ka centralnoj Srbiji odlu\u010dni da oni budu blokirani svjedok se sa prijelaza Brnjak i Jarinje ne povuku kosovski carinici i policajci<\/strong><\/p>\n<p>Na glavnom mostu\u00a0 na Ibru, pored pje\u0161\u010dane barikade koju su gradjani nasuli 16. septembra, u no\u0107i izmedju subote i nedelje dovezli su beton i zabetonirali prijelaz preko mosta za\u00a0 automobile.<\/p>\n<p>Pje\u0161aci koji idu iz severnog u ju\u017eni dio grada mogu da prolaze a Albancima i svima koji \u017eive u multietni\u010dkim naseljima Bo\u0161nja\u010dka mala i Mikronaselje u severnom dijelu Kosovske Mitrovice omogu\u0107ena je komunikacija i odlazak ju\u017eno od Ibra<\/p>\n<p>Tim putevi mapatroliraju i pripadnici kosovske policije ali i italijanski karabinjeri, \u0161to Srbi do\u017eivljavaju kao provokaciju na koju ne odgovaraju.<\/p>\n<p>Iako su pripadnici Kfora u subotu pomjerili bodljikavu \u017eicu i kako su saop\u0161tili otvorili prelaz Jarinje, tuda niko nije pro\u0161ao.Srbi bojkotuju takvu njihovu odluku jer, kako ka\u017eu, ne vjeruju im i ne znaju \u0161ta \u0107e biti njihov sljede\u0107i potez.<\/p>\n<p>Izvor: <strong>Sand\u017eak PRESS.net<\/strong><\/p>\n","protected":false},"excerpt":{"rendered":"<p>Kosovska Mitrovica 2. oktobar 2011. (Beta)- No\u0107 na severu Kosova protekla je mirno. Srbi su de\u017eurali pored barikada koje su postavili na putevima\u00a0 koji vode ka centralnoj Srbiji odlu\u010dni da oni budu blokirani svjedok se sa prijelaza Brnjak i Jarinje ne povuku kosovski carinici i policajci Na glavnom mostu\u00a0 na Ibru, pored pje\u0161\u010dane barikade koju [&hellip;]<\/p>\n","protected":false},"author":13,"featured_media":21078,"comment_status":"open","ping_status":"open","sticky":false,"template":"","format":"standard","meta":{"footnotes":""},"categories":[2690,3],"tags":[],"class_list":{"0":"post-21077","1":"post","2":"type-post","3":"status-publish","4":"format-standard","5":"has-post-thumbnail","7":"category-kosovo-gradovi","8":"category-privreda"},"yoast_head":"<!-- This site is optimized with the Yoast SEO Premium plugin v23.1 (Yoast SEO v24.9) - https:\/\/yoast.com\/wordpress\/plugins\/seo\/ -->\n<title>Betonska barikada na Ibarskom mostu<\/title>\n<meta name=\"robots\" content=\"index, follow, max-snippet:-1, max-image-preview:large, max-video-preview:-1\" \/>\n<link rel=\"canonical\" href=\"https:\/\/sandzakpress.net\/arhiva\/betonska-barikada-na-ibarskom-mostu\/\" \/>\n<meta property=\"og:locale\" content=\"bs_BA\" \/>\n<meta property=\"og:type\" content=\"article\" \/>\n<meta property=\"og:title\" content=\"Betonska barikada na Ibarskom mostu\" \/>\n<meta property=\"og:description\" content=\"Kosovska Mitrovica 2. oktobar 2011. (Beta)- No\u0107 na severu Kosova protekla je mirno. Srbi su de\u017eurali pored barikada koje su postavili na putevima\u00a0 koji vode ka centralnoj Srbiji odlu\u010dni da oni budu blokirani svjedok se sa prijelaza Brnjak i Jarinje ne povuku kosovski carinici i policajci Na glavnom mostu\u00a0 na Ibru, pored pje\u0161\u010dane barikade koju [&hellip;]\" \/>\n<meta property=\"og:url\" content=\"https:\/\/sandzakpress.net\/arhiva\/betonska-barikada-na-ibarskom-mostu\/\" \/>\n<meta property=\"og:site_name\" content=\"Sand\u017eak PRESS\" \/>\n<meta property=\"article:published_time\" content=\"2011-10-03T13:36:48+00:00\" \/>\n<meta property=\"article:modified_time\" content=\"2011-10-03T13:38:54+00:00\" \/>\n<meta property=\"og:image\" content=\"https:\/\/sandzakpress.net\/arhiva\/wp-content\/uploads\/2011\/10\/betoniran-most-na-ibru.jpg\" \/>\n\t<meta property=\"og:image:width\" content=\"195\" \/>\n\t<meta property=\"og:image:height\" content=\"140\" \/>\n\t<meta property=\"og:image:type\" content=\"image\/jpeg\" \/>\n<meta name=\"twitter:card\" content=\"summary_large_image\" \/>\n<meta name=\"twitter:label1\" content=\"Written by\" \/>\n\t<meta name=\"twitter:data1\" content=\"\" \/>\n\t<meta name=\"twitter:label2\" content=\"Est. reading time\" \/>\n\t<meta name=\"twitter:data2\" content=\"1 minuta\" \/>\n<script type=\"application\/ld+json\" class=\"yoast-schema-graph\">{\"@context\":\"https:\/\/schema.org\",\"@graph\":[{\"@type\":\"Article\",\"@id\":\"https:\/\/sandzakpress.net\/arhiva\/betonska-barikada-na-ibarskom-mostu\/#article\",\"isPartOf\":{\"@id\":\"https:\/\/sandzakpress.net\/arhiva\/betonska-barikada-na-ibarskom-mostu\/\"},\"author\":{\"name\":\"\",\"@id\":\"\"},\"headline\":\"Betonska barikada na Ibarskom mostu\",\"datePublished\":\"2011-10-03T13:36:48+00:00\",\"dateModified\":\"2011-10-03T13:38:54+00:00\",\"mainEntityOfPage\":{\"@id\":\"https:\/\/sandzakpress.net\/arhiva\/betonska-barikada-na-ibarskom-mostu\/\"},\"wordCount\":198,\"commentCount\":0,\"publisher\":{\"@id\":\"https:\/\/sandzakpress.net\/arhiva\/#\/schema\/person\/6e72b67d6e51910a1117b3b483ba20bd\"},\"image\":{\"@id\":\"https:\/\/sandzakpress.net\/arhiva\/betonska-barikada-na-ibarskom-mostu\/#primaryimage\"},\"thumbnailUrl\":\"https:\/\/sandzakpress.net\/arhiva\/wp-content\/uploads\/2011\/10\/betoniran-most-na-ibru.jpg\",\"articleSection\":[\"Kosovo\",\"Privreda\"],\"inLanguage\":\"bs-BA\",\"potentialAction\":[{\"@type\":\"CommentAction\",\"name\":\"Comment\",\"target\":[\"https:\/\/sandzakpress.net\/arhiva\/betonska-barikada-na-ibarskom-mostu\/#respond\"]}]},{\"@type\":\"WebPage\",\"@id\":\"https:\/\/sandzakpress.net\/arhiva\/betonska-barikada-na-ibarskom-mostu\/\",\"url\":\"https:\/\/sandzakpress.net\/arhiva\/betonska-barikada-na-ibarskom-mostu\/\",\"name\":\"Betonska barikada na Ibarskom mostu\",\"isPartOf\":{\"@id\":\"https:\/\/sandzakpress.net\/arhiva\/#website\"},\"primaryImageOfPage\":{\"@id\":\"https:\/\/sandzakpress.net\/arhiva\/betonska-barikada-na-ibarskom-mostu\/#primaryimage\"},\"image\":{\"@id\":\"https:\/\/sandzakpress.net\/arhiva\/betonska-barikada-na-ibarskom-mostu\/#primaryimage\"},\"thumbnailUrl\":\"https:\/\/sandzakpress.net\/arhiva\/wp-content\/uploads\/2011\/10\/betoniran-most-na-ibru.jpg\",\"datePublished\":\"2011-10-03T13:36:48+00:00\",\"dateModified\":\"2011-10-03T13:38:54+00:00\",\"breadcrumb\":{\"@id\":\"https:\/\/sandzakpress.net\/arhiva\/betonska-barikada-na-ibarskom-mostu\/#breadcrumb\"},\"inLanguage\":\"bs-BA\",\"potentialAction\":[{\"@type\":\"ReadAction\",\"target\":[\"https:\/\/sandzakpress.net\/arhiva\/betonska-barikada-na-ibarskom-mostu\/\"]}]},{\"@type\":\"ImageObject\",\"inLanguage\":\"bs-BA\",\"@id\":\"https:\/\/sandzakpress.net\/arhiva\/betonska-barikada-na-ibarskom-mostu\/#primaryimage\",\"url\":\"https:\/\/sandzakpress.net\/arhiva\/wp-content\/uploads\/2011\/10\/betoniran-most-na-ibru.jpg\",\"contentUrl\":\"https:\/\/sandzakpress.net\/arhiva\/wp-content\/uploads\/2011\/10\/betoniran-most-na-ibru.jpg\",\"width\":195,\"height\":140},{\"@type\":\"BreadcrumbList\",\"@id\":\"https:\/\/sandzakpress.net\/arhiva\/betonska-barikada-na-ibarskom-mostu\/#breadcrumb\",\"itemListElement\":[{\"@type\":\"ListItem\",\"position\":1,\"name\":\"Home\",\"item\":\"https:\/\/sandzakpress.net\/arhiva\/\"},{\"@type\":\"ListItem\",\"position\":2,\"name\":\"Betonska barikada na Ibarskom mostu\"}]},{\"@type\":\"WebSite\",\"@id\":\"https:\/\/sandzakpress.net\/arhiva\/#website\",\"url\":\"https:\/\/sandzakpress.net\/arhiva\/\",\"name\":\"Sand\u017eak PRESS\",\"description\":\"Prve elektronske novine u Sand\u017eaku\",\"publisher\":{\"@id\":\"https:\/\/sandzakpress.net\/arhiva\/#\/schema\/person\/6e72b67d6e51910a1117b3b483ba20bd\"},\"potentialAction\":[{\"@type\":\"SearchAction\",\"target\":{\"@type\":\"EntryPoint\",\"urlTemplate\":\"https:\/\/sandzakpress.net\/arhiva\/?s={search_term_string}\"},\"query-input\":{\"@type\":\"PropertyValueSpecification\",\"valueRequired\":true,\"valueName\":\"search_term_string\"}}],\"inLanguage\":\"bs-BA\"},{\"@type\":[\"Person\",\"Organization\"],\"@id\":\"https:\/\/sandzakpress.net\/arhiva\/#\/schema\/person\/6e72b67d6e51910a1117b3b483ba20bd\",\"name\":\"Kul\",\"image\":{\"@type\":\"ImageObject\",\"inLanguage\":\"bs-BA\",\"@id\":\"https:\/\/sandzakpress.net\/arhiva\/#\/schema\/person\/image\/\",\"url\":\"https:\/\/secure.gravatar.com\/avatar\/42263f39aa27ac04c43cab85c280eb2e?s=96&d=mm&r=pg\",\"contentUrl\":\"https:\/\/secure.gravatar.com\/avatar\/42263f39aa27ac04c43cab85c280eb2e?s=96&d=mm&r=pg\",\"caption\":\"Kul\"},\"logo\":{\"@id\":\"https:\/\/sandzakpress.net\/arhiva\/#\/schema\/person\/image\/\"}},{\"@type\":\"Person\",\"@id\":\"\",\"url\":\"https:\/\/sandzakpress.net\/arhiva\/author\/\"}]}<\/script>\n<!-- \/ Yoast SEO Premium plugin. -->","yoast_head_json":{"title":"Betonska barikada na Ibarskom mostu","robots":{"index":"index","follow":"follow","max-snippet":"max-snippet:-1","max-image-preview":"max-image-preview:large","max-video-preview":"max-video-preview:-1"},"canonical":"https:\/\/sandzakpress.net\/arhiva\/betonska-barikada-na-ibarskom-mostu\/","og_locale":"bs_BA","og_type":"article","og_title":"Betonska barikada na Ibarskom mostu","og_description":"Kosovska Mitrovica 2. oktobar 2011. (Beta)- No\u0107 na severu Kosova protekla je mirno. Srbi su de\u017eurali pored barikada koje su postavili na putevima\u00a0 koji vode ka centralnoj Srbiji odlu\u010dni da oni budu blokirani svjedok se sa prijelaza Brnjak i Jarinje ne povuku kosovski carinici i policajci Na glavnom mostu\u00a0 na Ibru, pored pje\u0161\u010dane barikade koju [&hellip;]","og_url":"https:\/\/sandzakpress.net\/arhiva\/betonska-barikada-na-ibarskom-mostu\/","og_site_name":"Sand\u017eak PRESS","article_published_time":"2011-10-03T13:36:48+00:00","article_modified_time":"2011-10-03T13:38:54+00:00","og_image":[{"width":195,"height":140,"url":"https:\/\/sandzakpress.net\/arhiva\/wp-content\/uploads\/2011\/10\/betoniran-most-na-ibru.jpg","type":"image\/jpeg"}],"twitter_card":"summary_large_image","twitter_misc":{"Written by":"","Est. reading time":"1 minuta"},"schema":{"@context":"https:\/\/schema.org","@graph":[{"@type":"Article","@id":"https:\/\/sandzakpress.net\/arhiva\/betonska-barikada-na-ibarskom-mostu\/#article","isPartOf":{"@id":"https:\/\/sandzakpress.net\/arhiva\/betonska-barikada-na-ibarskom-mostu\/"},"author":{"name":"","@id":""},"headline":"Betonska barikada na Ibarskom mostu","datePublished":"2011-10-03T13:36:48+00:00","dateModified":"2011-10-03T13:38:54+00:00","mainEntityOfPage":{"@id":"https:\/\/sandzakpress.net\/arhiva\/betonska-barikada-na-ibarskom-mostu\/"},"wordCount":198,"commentCount":0,"publisher":{"@id":"https:\/\/sandzakpress.net\/arhiva\/#\/schema\/person\/6e72b67d6e51910a1117b3b483ba20bd"},"image":{"@id":"https:\/\/sandzakpress.net\/arhiva\/betonska-barikada-na-ibarskom-mostu\/#primaryimage"},"thumbnailUrl":"https:\/\/sandzakpress.net\/arhiva\/wp-content\/uploads\/2011\/10\/betoniran-most-na-ibru.jpg","articleSection":["Kosovo","Privreda"],"inLanguage":"bs-BA","potentialAction":[{"@type":"CommentAction","name":"Comment","target":["https:\/\/sandzakpress.net\/arhiva\/betonska-barikada-na-ibarskom-mostu\/#respond"]}]},{"@type":"WebPage","@id":"https:\/\/sandzakpress.net\/arhiva\/betonska-barikada-na-ibarskom-mostu\/","url":"https:\/\/sandzakpress.net\/arhiva\/betonska-barikada-na-ibarskom-mostu\/","name":"Betonska barikada na Ibarskom mostu","isPartOf":{"@id":"https:\/\/sandzakpress.net\/arhiva\/#website"},"primaryImageOfPage":{"@id":"https:\/\/sandzakpress.net\/arhiva\/betonska-barikada-na-ibarskom-mostu\/#primaryimage"},"image":{"@id":"https:\/\/sandzakpress.net\/arhiva\/betonska-barikada-na-ibarskom-mostu\/#primaryimage"},"thumbnailUrl":"https:\/\/sandzakpress.net\/arhiva\/wp-content\/uploads\/2011\/10\/betoniran-most-na-ibru.jpg","datePublished":"2011-10-03T13:36:48+00:00","dateModified":"2011-10-03T13:38:54+00:00","breadcrumb":{"@id":"https:\/\/sandzakpress.net\/arhiva\/betonska-barikada-na-ibarskom-mostu\/#breadcrumb"},"inLanguage":"bs-BA","potentialAction":[{"@type":"ReadAction","target":["https:\/\/sandzakpress.net\/arhiva\/betonska-barikada-na-ibarskom-mostu\/"]}]},{"@type":"ImageObject","inLanguage":"bs-BA","@id":"https:\/\/sandzakpress.net\/arhiva\/betonska-barikada-na-ibarskom-mostu\/#primaryimage","url":"https:\/\/sandzakpress.net\/arhiva\/wp-content\/uploads\/2011\/10\/betoniran-most-na-ibru.jpg","contentUrl":"https:\/\/sandzakpress.net\/arhiva\/wp-content\/uploads\/2011\/10\/betoniran-most-na-ibru.jpg","width":195,"height":140},{"@type":"BreadcrumbList","@id":"https:\/\/sandzakpress.net\/arhiva\/betonska-barikada-na-ibarskom-mostu\/#breadcrumb","itemListElement":[{"@type":"ListItem","position":1,"name":"Home","item":"https:\/\/sandzakpress.net\/arhiva\/"},{"@type":"ListItem","position":2,"name":"Betonska barikada na Ibarskom mostu"}]},{"@type":"WebSite","@id":"https:\/\/sandzakpress.net\/arhiva\/#website","url":"https:\/\/sandzakpress.net\/arhiva\/","name":"Sand\u017eak PRESS","description":"Prve elektronske novine u Sand\u017eaku","publisher":{"@id":"https:\/\/sandzakpress.net\/arhiva\/#\/schema\/person\/6e72b67d6e51910a1117b3b483ba20bd"},"potentialAction":[{"@type":"SearchAction","target":{"@type":"EntryPoint","urlTemplate":"https:\/\/sandzakpress.net\/arhiva\/?s={search_term_string}"},"query-input":{"@type":"PropertyValueSpecification","valueRequired":true,"valueName":"search_term_string"}}],"inLanguage":"bs-BA"},{"@type":["Person","Organization"],"@id":"https:\/\/sandzakpress.net\/arhiva\/#\/schema\/person\/6e72b67d6e51910a1117b3b483ba20bd","name":"Kul","image":{"@type":"ImageObject","inLanguage":"bs-BA","@id":"https:\/\/sandzakpress.net\/arhiva\/#\/schema\/person\/image\/","url":"https:\/\/secure.gravatar.com\/avatar\/42263f39aa27ac04c43cab85c280eb2e?s=96&d=mm&r=pg","contentUrl":"https:\/\/secure.gravatar.com\/avatar\/42263f39aa27ac04c43cab85c280eb2e?s=96&d=mm&r=pg","caption":"Kul"},"logo":{"@id":"https:\/\/sandzakpress.net\/arhiva\/#\/schema\/person\/image\/"}},{"@type":"Person","@id":"","url":"https:\/\/sandzakpress.net\/arhiva\/author\/"}]}},"_links":{"self":[{"href":"https:\/\/sandzakpress.net\/arhiva\/wp-json\/wp\/v2\/posts\/21077"}],"collection":[{"href":"https:\/\/sandzakpress.net\/arhiva\/wp-json\/wp\/v2\/posts"}],"about":[{"href":"https:\/\/sandzakpress.net\/arhiva\/wp-json\/wp\/v2\/types\/post"}],"author":[{"embeddable":true,"href":"https:\/\/sandzakpress.net\/arhiva\/wp-json\/wp\/v2\/users\/13"}],"replies":[{"embeddable":true,"href":"https:\/\/sandzakpress.net\/arhiva\/wp-json\/wp\/v2\/comments?post=21077"}],"version-history":[{"count":0,"href":"https:\/\/sandzakpress.net\/arhiva\/wp-json\/wp\/v2\/posts\/21077\/revisions"}],"wp:featuredmedia":[{"embeddable":true,"href":"https:\/\/sandzakpress.net\/arhiva\/wp-json\/wp\/v2\/media\/21078"}],"wp:attachment":[{"href":"https:\/\/sandzakpress.net\/arhiva\/wp-json\/wp\/v2\/media?parent=21077"}],"wp:term":[{"taxonomy":"category","embeddable":true,"href":"https:\/\/sandzakpress.net\/arhiva\/wp-json\/wp\/v2\/categories?post=21077"},{"taxonomy":"post_tag","embeddable":true,"href":"https:\/\/sandzakpress.net\/arhiva\/wp-json\/wp\/v2\/tags?post=21077"}],"curies":[{"name":"wp","href":"https:\/\/api.w.org\/{rel}","templated":true}]}}