{"id":210501,"date":"2018-08-19T22:38:45","date_gmt":"2018-08-19T20:38:45","guid":{"rendered":"https:\/\/sandzakpress.net\/arhiva\/ovo-su-vrijednosti-dan-arefata"},"modified":"2018-08-19T22:38:45","modified_gmt":"2018-08-19T20:38:45","slug":"ovo-su-vrijednosti-dan-arefata","status":"publish","type":"post","link":"https:\/\/sandzakpress.net\/arhiva\/ovo-su-vrijednosti-dan-arefata\/","title":{"rendered":"Ovo su vrijednosti Dan Arefata"},"content":{"rendered":"<p><span class=\"cb-itemprop\"><\/p>\n<p><img loading=\"lazy\" decoding=\"async\" class=\"aligncenter\" src=\"http:\/\/www.islambosna.ba\/wp-content\/uploads\/2015\/09\/1412331039340_wps_60_Muslim_pilgrims_gather_at-930x300.jpg\" width=\"715\" height=\"273\" \/><\/p>\n<p>Sutra je 9. zu-l-hid\u017ee, dan u kojem svi had\u017eije obavljaju najva\u017eniji rukn had\u017ea, stajanje na Arefatu. To je jedini obred had\u017ea u kojem svi had\u017eije u isto vrijeme moraju biti na istom mjestu. Ovaj dan ima brojne vrijednosti, od kojih navodimo:<\/p>\n<p><strong>1. To je dan usavr\u0161avanja vjere i upotpunjenja blagodati<\/strong><\/p>\n<p>Imami Buhari i Musim prenose da je neki Jevrej do\u0161ao kod Omera, r.a., i rekao mu: \u201cVladaru muslimana, vi imate ajet u Kur\u2019anu, da je nama Jevrejima objavljen mi bismo taj dan uzeli kao blagdan.\u201d Omer je upitao:\u00a0\u201cKoji je to ajet?\u201d On je odgovorio:\u00a0<em>Danas sam vam vjeru va\u0161u usavr\u0161io i blagodat Svoju prema vama upotpunio.\u00a0<\/em>Omer je rekao: \u201cMi znamo taj dan u kojem je objavljen Poslaniku. Objavljen mu je na Arefatu, u danu petka.\u201d<\/p>\n<p><strong>2. Taj dan je blagdan za vjernike<\/strong><\/p>\n<p>Omer, r.a., je rekao: \u201cDan u kome je objavljen\u00a0<em>Danas sam vam vjeru va\u0161u usavr\u0161io\u2026\u00a0<\/em>je petak i dan Arefata, oba ta dana su za nas blagdani.\u201d<\/p>\n<p><strong>3. To je dan kojim se Uzvi\u0161eni Allah kune<\/strong><\/p>\n<p>Poznato je da se Uzvi\u0161eni Allah u Kur\u2019anu kune samo velikim i zna\u010dajnim stvarima ili pojavama. Uzvi\u0161eni Allah se u Kur\u2019anu, u suri el-Burud\u017e kune:\u00a0<em>I tako Mi dana obe\u0107anog (yewmul-mew\u2019ud), i svjedoka (\u0161ahid) i osvjedo\u010denog (me\u0161hud).<\/em><\/p>\n<p>Imam Tirmizi prenosi predaju od Ibn Abbasa, r.a., koju je \u0161ejh Albani ocijenio dobrom ocjenom, da je Ibn Abbas kazao: \u201cDan obe\u0107ani je Sudnji dan, osvjedo\u010deni, ili dan kome se prisustvuje je dan Arefata, a svjedok je petak.\u201d<\/p>\n<p>Uzvi\u0161eni se, tako\u0111er, u suri el-Fed\u017er kune:\u00a0<em>Tako mi zore, i deset no\u0107i, i parnog i neparnog\u2026\u201d\u00a0<\/em>Ibn Abbas, tuma\u010de\u0107i ove rije\u010di ka\u017ee da se pod\u00a0<em>parnog\u00a0<\/em>misli na prvi dan Kur\u2019ban bajrama, koji je 10. (parni) dan zu-l-hid\u017eeta, a pod\u00a0<em>neparnog\u00a0<\/em>se misli na dan Arefata, 9. zu-l-hid\u017e\u017eet koji je neparni dan.<\/p>\n<p><strong>4. Dan u kome je Uzvi\u0161eni Allah uzeo misak-obe\u0107anje na pokornost i robovanje od Ademovih potomaka<\/strong><\/p>\n<p>Imam Ahmed bilje\u017ei predaju koju je \u0161ejh Albani ocijenio vjerodostojnom u od Ibn Abbasa, da je Allahov Poslanik, s.a.v.s., rekao: \u201cUzvi\u0161eni Allah je na dan Arefata izveo svo Ademovo potomstvo iz njegove ki\u010dme i postavio ih ispred sebe, a zatim rekao:\u00a0<em>I kad je Gospodar tvoj iz ki\u010dmi Ademovih sinova izveo potomstvo njihovo i zatra\u017eio od njih da posvjedo\u010de protiv sebe: \u201cZar Ja nisam Gospodar va\u0161?\u201d \u2013 oni su odgovarali: \u201cJesi, mi svjedo\u010dimo\u201d \u2013 i to zato da na Sudnjem danu ne reknete: \u201cMi o ovome ni\u0161ta nismo znali.\u201d<\/em><\/p>\n<p><strong>5. To je dan brisanja grijeha, oslobo\u0111enja od vatre i divljenja pred melekima<\/strong><\/p>\n<p>Muslim prenosi od Ai\u0161e, r.a., da je Allahov Poslanik, s.a.v.s., rekao: \u201cNema dana u kojem Uzvi\u0161eni Allah oslobodi vi\u0161e Svojih robova vatre, nego \u0161to je to dan Arefata. On im se pribli\u017ei i onda se ponosi njima pred melekima govore\u0107i: \u2018\u0160ta oni \u017eele?'\u201d<\/p>\n<p>Imam Ahmed prenosi vjerodostojnu predaju od Ibn Omera, da je Allahov Poslanik, s.a.v.s., rekao: \u201cUzvi\u0161eni Allah se na dan Arefata pred melekima ponosi Svojim robovima na Arefatu i govori: \u2018Pogledajte Moje robove, do\u0161li su mi pra\u0161njavi i ra\u0161\u010dupani.'\u201d<\/p>\n<p><strong>\u00a0<\/strong><\/p>\n<p><em><strong>Izvor: IslamBosna.b<\/strong><strong>a<\/strong><\/em><\/p>\n<p><\/span><br \/>\nPogledajte vijest na izvornom sajtu:<\/p>\n<p><a href=\"http:\/\/islampress.net\/40412\/ovo-su-vrijednosti-dan-arefata\/\" target=\"_blank\">Ovo su vrijednosti Dan Arefata<\/a><\/p>\n","protected":false},"excerpt":{"rendered":"<p>Sutra je 9. zu-l-hid\u017ee, dan u kojem svi had\u017eije obavljaju najva\u017eniji rukn had\u017ea, stajanje na Arefatu. To je jedini obred had\u017ea u kojem svi had\u017eije u isto vrijeme moraju biti na istom mjestu. Ovaj dan ima brojne vrijednosti, od kojih navodimo: 1. To je dan usavr\u0161avanja vjere i upotpunjenja blagodati Imami Buhari i Musim prenose [&hellip;]<\/p>\n","protected":false},"author":83,"featured_media":210503,"comment_status":"open","ping_status":"open","sticky":false,"template":"","format":"standard","meta":{"footnotes":""},"categories":[10514],"tags":[10516],"class_list":{"0":"post-210501","1":"post","2":"type-post","3":"status-publish","4":"format-standard","5":"has-post-thumbnail","7":"category-islam-press","8":"tag-islam"},"yoast_head":"<!-- This site is optimized with the Yoast SEO Premium plugin v23.1 (Yoast SEO v24.9) - https:\/\/yoast.com\/wordpress\/plugins\/seo\/ -->\n<title>Ovo su vrijednosti Dan Arefata<\/title>\n<meta name=\"robots\" content=\"index, follow, max-snippet:-1, max-image-preview:large, max-video-preview:-1\" \/>\n<link rel=\"canonical\" href=\"https:\/\/sandzakpress.net\/arhiva\/ovo-su-vrijednosti-dan-arefata\/\" \/>\n<meta property=\"og:locale\" content=\"bs_BA\" \/>\n<meta property=\"og:type\" content=\"article\" \/>\n<meta property=\"og:title\" content=\"Ovo su vrijednosti Dan Arefata\" \/>\n<meta property=\"og:description\" content=\"Sutra je 9. zu-l-hid\u017ee, dan u kojem svi had\u017eije obavljaju najva\u017eniji rukn had\u017ea, stajanje na Arefatu. To je jedini obred had\u017ea u kojem svi had\u017eije u isto vrijeme moraju biti na istom mjestu. Ovaj dan ima brojne vrijednosti, od kojih navodimo: 1. To je dan usavr\u0161avanja vjere i upotpunjenja blagodati Imami Buhari i Musim prenose [&hellip;]\" \/>\n<meta property=\"og:url\" content=\"https:\/\/sandzakpress.net\/arhiva\/ovo-su-vrijednosti-dan-arefata\/\" \/>\n<meta property=\"og:site_name\" content=\"Sand\u017eak PRESS\" \/>\n<meta property=\"article:published_time\" content=\"2018-08-19T20:38:45+00:00\" \/>\n<meta property=\"og:image\" content=\"https:\/\/sandzakpress.net\/arhiva\/wp-content\/uploads\/2018\/08\/1412331039340_wps_60_Muslim_pilgrims_gather_at-930x300-1.jpg\" \/>\n\t<meta property=\"og:image:width\" content=\"930\" \/>\n\t<meta property=\"og:image:height\" content=\"300\" \/>\n\t<meta property=\"og:image:type\" content=\"image\/jpeg\" \/>\n<meta name=\"author\" content=\"bosniak\" \/>\n<meta name=\"twitter:card\" content=\"summary_large_image\" \/>\n<meta name=\"twitter:label1\" content=\"Written by\" \/>\n\t<meta name=\"twitter:data1\" content=\"bosniak\" \/>\n\t<meta name=\"twitter:label2\" content=\"Est. reading time\" \/>\n\t<meta name=\"twitter:data2\" content=\"3 minute\" \/>\n<script type=\"application\/ld+json\" class=\"yoast-schema-graph\">{\"@context\":\"https:\/\/schema.org\",\"@graph\":[{\"@type\":\"Article\",\"@id\":\"https:\/\/sandzakpress.net\/arhiva\/ovo-su-vrijednosti-dan-arefata\/#article\",\"isPartOf\":{\"@id\":\"https:\/\/sandzakpress.net\/arhiva\/ovo-su-vrijednosti-dan-arefata\/\"},\"author\":{\"name\":\"bosniak\",\"@id\":\"https:\/\/sandzakpress.net\/arhiva\/#\/schema\/person\/c8baee722073534b583ea7bdb2e36c02\"},\"headline\":\"Ovo su vrijednosti Dan Arefata\",\"datePublished\":\"2018-08-19T20:38:45+00:00\",\"mainEntityOfPage\":{\"@id\":\"https:\/\/sandzakpress.net\/arhiva\/ovo-su-vrijednosti-dan-arefata\/\"},\"wordCount\":575,\"commentCount\":0,\"publisher\":{\"@id\":\"https:\/\/sandzakpress.net\/arhiva\/#\/schema\/person\/6e72b67d6e51910a1117b3b483ba20bd\"},\"image\":{\"@id\":\"https:\/\/sandzakpress.net\/arhiva\/ovo-su-vrijednosti-dan-arefata\/#primaryimage\"},\"thumbnailUrl\":\"https:\/\/sandzakpress.net\/arhiva\/wp-content\/uploads\/2018\/08\/1412331039340_wps_60_Muslim_pilgrims_gather_at-930x300-1.jpg\",\"keywords\":[\"Islam\"],\"articleSection\":[\"Islam PRESS\"],\"inLanguage\":\"bs-BA\",\"potentialAction\":[{\"@type\":\"CommentAction\",\"name\":\"Comment\",\"target\":[\"https:\/\/sandzakpress.net\/arhiva\/ovo-su-vrijednosti-dan-arefata\/#respond\"]}]},{\"@type\":\"WebPage\",\"@id\":\"https:\/\/sandzakpress.net\/arhiva\/ovo-su-vrijednosti-dan-arefata\/\",\"url\":\"https:\/\/sandzakpress.net\/arhiva\/ovo-su-vrijednosti-dan-arefata\/\",\"name\":\"Ovo su vrijednosti Dan Arefata\",\"isPartOf\":{\"@id\":\"https:\/\/sandzakpress.net\/arhiva\/#website\"},\"primaryImageOfPage\":{\"@id\":\"https:\/\/sandzakpress.net\/arhiva\/ovo-su-vrijednosti-dan-arefata\/#primaryimage\"},\"image\":{\"@id\":\"https:\/\/sandzakpress.net\/arhiva\/ovo-su-vrijednosti-dan-arefata\/#primaryimage\"},\"thumbnailUrl\":\"https:\/\/sandzakpress.net\/arhiva\/wp-content\/uploads\/2018\/08\/1412331039340_wps_60_Muslim_pilgrims_gather_at-930x300-1.jpg\",\"datePublished\":\"2018-08-19T20:38:45+00:00\",\"breadcrumb\":{\"@id\":\"https:\/\/sandzakpress.net\/arhiva\/ovo-su-vrijednosti-dan-arefata\/#breadcrumb\"},\"inLanguage\":\"bs-BA\",\"potentialAction\":[{\"@type\":\"ReadAction\",\"target\":[\"https:\/\/sandzakpress.net\/arhiva\/ovo-su-vrijednosti-dan-arefata\/\"]}]},{\"@type\":\"ImageObject\",\"inLanguage\":\"bs-BA\",\"@id\":\"https:\/\/sandzakpress.net\/arhiva\/ovo-su-vrijednosti-dan-arefata\/#primaryimage\",\"url\":\"https:\/\/sandzakpress.net\/arhiva\/wp-content\/uploads\/2018\/08\/1412331039340_wps_60_Muslim_pilgrims_gather_at-930x300-1.jpg\",\"contentUrl\":\"https:\/\/sandzakpress.net\/arhiva\/wp-content\/uploads\/2018\/08\/1412331039340_wps_60_Muslim_pilgrims_gather_at-930x300-1.jpg\",\"width\":930,\"height\":300},{\"@type\":\"BreadcrumbList\",\"@id\":\"https:\/\/sandzakpress.net\/arhiva\/ovo-su-vrijednosti-dan-arefata\/#breadcrumb\",\"itemListElement\":[{\"@type\":\"ListItem\",\"position\":1,\"name\":\"Home\",\"item\":\"https:\/\/sandzakpress.net\/arhiva\/\"},{\"@type\":\"ListItem\",\"position\":2,\"name\":\"Ovo su vrijednosti Dan Arefata\"}]},{\"@type\":\"WebSite\",\"@id\":\"https:\/\/sandzakpress.net\/arhiva\/#website\",\"url\":\"https:\/\/sandzakpress.net\/arhiva\/\",\"name\":\"Sand\u017eak PRESS\",\"description\":\"Prve elektronske novine u Sand\u017eaku\",\"publisher\":{\"@id\":\"https:\/\/sandzakpress.net\/arhiva\/#\/schema\/person\/6e72b67d6e51910a1117b3b483ba20bd\"},\"potentialAction\":[{\"@type\":\"SearchAction\",\"target\":{\"@type\":\"EntryPoint\",\"urlTemplate\":\"https:\/\/sandzakpress.net\/arhiva\/?s={search_term_string}\"},\"query-input\":{\"@type\":\"PropertyValueSpecification\",\"valueRequired\":true,\"valueName\":\"search_term_string\"}}],\"inLanguage\":\"bs-BA\"},{\"@type\":[\"Person\",\"Organization\"],\"@id\":\"https:\/\/sandzakpress.net\/arhiva\/#\/schema\/person\/6e72b67d6e51910a1117b3b483ba20bd\",\"name\":\"Kul\",\"image\":{\"@type\":\"ImageObject\",\"inLanguage\":\"bs-BA\",\"@id\":\"https:\/\/sandzakpress.net\/arhiva\/#\/schema\/person\/image\/\",\"url\":\"https:\/\/secure.gravatar.com\/avatar\/42263f39aa27ac04c43cab85c280eb2e?s=96&d=mm&r=pg\",\"contentUrl\":\"https:\/\/secure.gravatar.com\/avatar\/42263f39aa27ac04c43cab85c280eb2e?s=96&d=mm&r=pg\",\"caption\":\"Kul\"},\"logo\":{\"@id\":\"https:\/\/sandzakpress.net\/arhiva\/#\/schema\/person\/image\/\"}},{\"@type\":\"Person\",\"@id\":\"https:\/\/sandzakpress.net\/arhiva\/#\/schema\/person\/c8baee722073534b583ea7bdb2e36c02\",\"name\":\"bosniak\",\"image\":{\"@type\":\"ImageObject\",\"inLanguage\":\"bs-BA\",\"@id\":\"https:\/\/sandzakpress.net\/arhiva\/#\/schema\/person\/image\/\",\"url\":\"https:\/\/secure.gravatar.com\/avatar\/a04fd330bfe3a36a72a0ad4a6d89fca7?s=96&d=mm&r=pg\",\"contentUrl\":\"https:\/\/secure.gravatar.com\/avatar\/a04fd330bfe3a36a72a0ad4a6d89fca7?s=96&d=mm&r=pg\",\"caption\":\"bosniak\"},\"url\":\"https:\/\/sandzakpress.net\/arhiva\/author\/bosniak\/\"}]}<\/script>\n<!-- \/ Yoast SEO Premium plugin. -->","yoast_head_json":{"title":"Ovo su vrijednosti Dan Arefata","robots":{"index":"index","follow":"follow","max-snippet":"max-snippet:-1","max-image-preview":"max-image-preview:large","max-video-preview":"max-video-preview:-1"},"canonical":"https:\/\/sandzakpress.net\/arhiva\/ovo-su-vrijednosti-dan-arefata\/","og_locale":"bs_BA","og_type":"article","og_title":"Ovo su vrijednosti Dan Arefata","og_description":"Sutra je 9. zu-l-hid\u017ee, dan u kojem svi had\u017eije obavljaju najva\u017eniji rukn had\u017ea, stajanje na Arefatu. To je jedini obred had\u017ea u kojem svi had\u017eije u isto vrijeme moraju biti na istom mjestu. Ovaj dan ima brojne vrijednosti, od kojih navodimo: 1. To je dan usavr\u0161avanja vjere i upotpunjenja blagodati Imami Buhari i Musim prenose [&hellip;]","og_url":"https:\/\/sandzakpress.net\/arhiva\/ovo-su-vrijednosti-dan-arefata\/","og_site_name":"Sand\u017eak PRESS","article_published_time":"2018-08-19T20:38:45+00:00","og_image":[{"width":930,"height":300,"url":"https:\/\/sandzakpress.net\/arhiva\/wp-content\/uploads\/2018\/08\/1412331039340_wps_60_Muslim_pilgrims_gather_at-930x300-1.jpg","type":"image\/jpeg"}],"author":"bosniak","twitter_card":"summary_large_image","twitter_misc":{"Written by":"bosniak","Est. reading time":"3 minute"},"schema":{"@context":"https:\/\/schema.org","@graph":[{"@type":"Article","@id":"https:\/\/sandzakpress.net\/arhiva\/ovo-su-vrijednosti-dan-arefata\/#article","isPartOf":{"@id":"https:\/\/sandzakpress.net\/arhiva\/ovo-su-vrijednosti-dan-arefata\/"},"author":{"name":"bosniak","@id":"https:\/\/sandzakpress.net\/arhiva\/#\/schema\/person\/c8baee722073534b583ea7bdb2e36c02"},"headline":"Ovo su vrijednosti Dan Arefata","datePublished":"2018-08-19T20:38:45+00:00","mainEntityOfPage":{"@id":"https:\/\/sandzakpress.net\/arhiva\/ovo-su-vrijednosti-dan-arefata\/"},"wordCount":575,"commentCount":0,"publisher":{"@id":"https:\/\/sandzakpress.net\/arhiva\/#\/schema\/person\/6e72b67d6e51910a1117b3b483ba20bd"},"image":{"@id":"https:\/\/sandzakpress.net\/arhiva\/ovo-su-vrijednosti-dan-arefata\/#primaryimage"},"thumbnailUrl":"https:\/\/sandzakpress.net\/arhiva\/wp-content\/uploads\/2018\/08\/1412331039340_wps_60_Muslim_pilgrims_gather_at-930x300-1.jpg","keywords":["Islam"],"articleSection":["Islam PRESS"],"inLanguage":"bs-BA","potentialAction":[{"@type":"CommentAction","name":"Comment","target":["https:\/\/sandzakpress.net\/arhiva\/ovo-su-vrijednosti-dan-arefata\/#respond"]}]},{"@type":"WebPage","@id":"https:\/\/sandzakpress.net\/arhiva\/ovo-su-vrijednosti-dan-arefata\/","url":"https:\/\/sandzakpress.net\/arhiva\/ovo-su-vrijednosti-dan-arefata\/","name":"Ovo su vrijednosti Dan Arefata","isPartOf":{"@id":"https:\/\/sandzakpress.net\/arhiva\/#website"},"primaryImageOfPage":{"@id":"https:\/\/sandzakpress.net\/arhiva\/ovo-su-vrijednosti-dan-arefata\/#primaryimage"},"image":{"@id":"https:\/\/sandzakpress.net\/arhiva\/ovo-su-vrijednosti-dan-arefata\/#primaryimage"},"thumbnailUrl":"https:\/\/sandzakpress.net\/arhiva\/wp-content\/uploads\/2018\/08\/1412331039340_wps_60_Muslim_pilgrims_gather_at-930x300-1.jpg","datePublished":"2018-08-19T20:38:45+00:00","breadcrumb":{"@id":"https:\/\/sandzakpress.net\/arhiva\/ovo-su-vrijednosti-dan-arefata\/#breadcrumb"},"inLanguage":"bs-BA","potentialAction":[{"@type":"ReadAction","target":["https:\/\/sandzakpress.net\/arhiva\/ovo-su-vrijednosti-dan-arefata\/"]}]},{"@type":"ImageObject","inLanguage":"bs-BA","@id":"https:\/\/sandzakpress.net\/arhiva\/ovo-su-vrijednosti-dan-arefata\/#primaryimage","url":"https:\/\/sandzakpress.net\/arhiva\/wp-content\/uploads\/2018\/08\/1412331039340_wps_60_Muslim_pilgrims_gather_at-930x300-1.jpg","contentUrl":"https:\/\/sandzakpress.net\/arhiva\/wp-content\/uploads\/2018\/08\/1412331039340_wps_60_Muslim_pilgrims_gather_at-930x300-1.jpg","width":930,"height":300},{"@type":"BreadcrumbList","@id":"https:\/\/sandzakpress.net\/arhiva\/ovo-su-vrijednosti-dan-arefata\/#breadcrumb","itemListElement":[{"@type":"ListItem","position":1,"name":"Home","item":"https:\/\/sandzakpress.net\/arhiva\/"},{"@type":"ListItem","position":2,"name":"Ovo su vrijednosti Dan Arefata"}]},{"@type":"WebSite","@id":"https:\/\/sandzakpress.net\/arhiva\/#website","url":"https:\/\/sandzakpress.net\/arhiva\/","name":"Sand\u017eak PRESS","description":"Prve elektronske novine u Sand\u017eaku","publisher":{"@id":"https:\/\/sandzakpress.net\/arhiva\/#\/schema\/person\/6e72b67d6e51910a1117b3b483ba20bd"},"potentialAction":[{"@type":"SearchAction","target":{"@type":"EntryPoint","urlTemplate":"https:\/\/sandzakpress.net\/arhiva\/?s={search_term_string}"},"query-input":{"@type":"PropertyValueSpecification","valueRequired":true,"valueName":"search_term_string"}}],"inLanguage":"bs-BA"},{"@type":["Person","Organization"],"@id":"https:\/\/sandzakpress.net\/arhiva\/#\/schema\/person\/6e72b67d6e51910a1117b3b483ba20bd","name":"Kul","image":{"@type":"ImageObject","inLanguage":"bs-BA","@id":"https:\/\/sandzakpress.net\/arhiva\/#\/schema\/person\/image\/","url":"https:\/\/secure.gravatar.com\/avatar\/42263f39aa27ac04c43cab85c280eb2e?s=96&d=mm&r=pg","contentUrl":"https:\/\/secure.gravatar.com\/avatar\/42263f39aa27ac04c43cab85c280eb2e?s=96&d=mm&r=pg","caption":"Kul"},"logo":{"@id":"https:\/\/sandzakpress.net\/arhiva\/#\/schema\/person\/image\/"}},{"@type":"Person","@id":"https:\/\/sandzakpress.net\/arhiva\/#\/schema\/person\/c8baee722073534b583ea7bdb2e36c02","name":"bosniak","image":{"@type":"ImageObject","inLanguage":"bs-BA","@id":"https:\/\/sandzakpress.net\/arhiva\/#\/schema\/person\/image\/","url":"https:\/\/secure.gravatar.com\/avatar\/a04fd330bfe3a36a72a0ad4a6d89fca7?s=96&d=mm&r=pg","contentUrl":"https:\/\/secure.gravatar.com\/avatar\/a04fd330bfe3a36a72a0ad4a6d89fca7?s=96&d=mm&r=pg","caption":"bosniak"},"url":"https:\/\/sandzakpress.net\/arhiva\/author\/bosniak\/"}]}},"_links":{"self":[{"href":"https:\/\/sandzakpress.net\/arhiva\/wp-json\/wp\/v2\/posts\/210501"}],"collection":[{"href":"https:\/\/sandzakpress.net\/arhiva\/wp-json\/wp\/v2\/posts"}],"about":[{"href":"https:\/\/sandzakpress.net\/arhiva\/wp-json\/wp\/v2\/types\/post"}],"author":[{"embeddable":true,"href":"https:\/\/sandzakpress.net\/arhiva\/wp-json\/wp\/v2\/users\/83"}],"replies":[{"embeddable":true,"href":"https:\/\/sandzakpress.net\/arhiva\/wp-json\/wp\/v2\/comments?post=210501"}],"version-history":[{"count":0,"href":"https:\/\/sandzakpress.net\/arhiva\/wp-json\/wp\/v2\/posts\/210501\/revisions"}],"wp:featuredmedia":[{"embeddable":true,"href":"https:\/\/sandzakpress.net\/arhiva\/wp-json\/wp\/v2\/media\/210503"}],"wp:attachment":[{"href":"https:\/\/sandzakpress.net\/arhiva\/wp-json\/wp\/v2\/media?parent=210501"}],"wp:term":[{"taxonomy":"category","embeddable":true,"href":"https:\/\/sandzakpress.net\/arhiva\/wp-json\/wp\/v2\/categories?post=210501"},{"taxonomy":"post_tag","embeddable":true,"href":"https:\/\/sandzakpress.net\/arhiva\/wp-json\/wp\/v2\/tags?post=210501"}],"curies":[{"name":"wp","href":"https:\/\/api.w.org\/{rel}","templated":true}]}}