{"id":21050,"date":"2011-10-03T14:57:12","date_gmt":"2011-10-03T12:57:12","guid":{"rendered":"https:\/\/sandzakpress.net\/arhiva\/?p=21050"},"modified":"2011-10-03T14:57:12","modified_gmt":"2011-10-03T12:57:12","slug":"prirodni-resursi-razvojna-sansa","status":"publish","type":"post","link":"https:\/\/sandzakpress.net\/arhiva\/prirodni-resursi-razvojna-sansa\/","title":{"rendered":"Prirodni resursi razvojna \u0161ansa"},"content":{"rendered":"<p><strong><a href=\"https:\/\/sandzakpress.net\/arhiva\/wp-content\/uploads\/2011\/10\/index1.jpg\"><img loading=\"lazy\" decoding=\"async\" class=\"alignleft size-full wp-image-21051\" title=\"index\" src=\"https:\/\/sandzakpress.net\/arhiva\/wp-content\/uploads\/2011\/10\/index1.jpg\" alt=\"\" width=\"186\" height=\"139\" \/><\/a>Ro\u017eaje &#8211; Povodom obilje\u017eavanja Dana op\u0107ine, u Ro\u017eajama je odr\u017eana sve\u010dana sjednica, na kojoj su, pored predsjednika Crne Gore Filipa Vujanovi\u0107a, prisustvovali i brojni predsjednici crnogorskih i op\u0107ina iz okru\u017eenja, diplomatski predstavnici nekoliko dr\u017eava u na\u0161oj zemlji, kao i vjerski vjerodostojnici.<\/strong><\/p>\n<p>&#8211; I u narednom periodu razvojnu \u0161ansu Ro\u017eaja \u0107e predstavljati unapre\u0111enje finalne prerade i proizvodnje drveta, poljoprivreda, proizvodnja zdrave hrane i planinski turizam. Ozbiljnost lokalne uprave u realizaciji razvojnih \u0161ansi se pokazuje i time \u0161to su sa firmom ,,Kramars\u201c iz regije Fruli, Venecija, zapo\u010dete ozbiljne aktivnosti na sertifikaciji ro\u017eajskih \u0161uma. Pozvani su svi potencijalni investitori, a u konkretnom slu\u010daju uglavnom se misli na ljude iz ove sredine, koji \u017eivi i rade u inostranstvu, da u partnerskom odnosu sa op\u0107inom ulo\u017ee u razvoj prirodnih i ekonomskih potencijala, naravno, vode\u0107i ra\u010duna o svojim interesima &#8211; rekao je Nusret Kala\u010d, predsjednik op\u0107ine.<\/p>\n<p>On je napomenuo kako je Ro\u017eaje, iako u veoma ote\u017eanim ekonomsko-socijalnim uslovima, uspjelo da realizuje nekoliko ozbiljnih investicionih projekata.<\/p>\n<p>&#8211; Sagradili smo i rekonstruisali nekoliko gradskih ulica, asfaltirali nove seoske puteve, a u partnerskoj saradnji sa Fondom za solidarnu stambenu izgradnju u\u010destvovali u izgradnji 54 stambene jedinice &#8211; rekao je Kala\u010d.<\/p>\n<p>Govore\u0107i o pogre\u0161nim poslovnim potezima koji su se odrazili na trenutno, veoma te\u0161ko, ekonomsko stanje, sa kojim se suo\u010dava ova sredina, Kala\u010d je istakao kako se prirodni potencijali i resursi ovoga kraja moraju iskoristiti na najpametniji na\u010din.<\/p>\n<p>&#8211; Ne smijemo dozvoliti da Ro\u017eaje nastavi sa politikom izvoza sirovine i postane osnova za unapre\u0111enje proizvodnje i dalje finalizacije prerade drveta u pojedinim djelovima na\u0161eg okru\u017eenja, ve\u0107 moramo stvoriti pretpostavke kako bi postali prepoznatljiva destinacija za finalizaciju drveta &#8211; rekao je Kala\u010d.<\/p>\n<p>Izra\u017eavaju\u0107i zadovoljstvo realizovanim projektima i najavljenim razvojnim \u0161ansama za stvaranje boljeg \u017eivota na ovom podru\u010dju, predsjednik Crne Gore Filip Vujanovi\u0107 istakao je kako je lokalna vlast, u minulom periodu, realizovala nekoliko va\u017enih infrastrukturnih projekata, prije svega u oblasti saobra\u0107ajne infrastrakture.<\/p>\n<p>&#8211; Naro\u010dito me raduje \u0161to je predsjednik, u svom govoru, u\u010dinio sasvim konkretnu ponudu, predstavljaju\u0107i Ro\u017eaje kao odli\u010dan prostor za investicione \u0161anse i uputio, sa aspekta onoga \u0161to su obaveze ove op\u0107ine, i garancije dobre komunikacije sa Vladom, maksimalnu prohodnost investitorima, kako bi se zaista profitno ulo\u017eilo u ono \u0161to prostor zavre\u0111uje &#8211; rekao je predsjednik Vujanovi\u0107.<\/p>\n<p>Na sve\u010danoj sjednici, predsjednik Kala\u010d je uru\u010dio najve\u0107e op\u0107insko priznanje, koje se dodjeljuje za ostvarene rezultate u afirmaciji op\u0107ine, profesorici Mersadi \u0160aboti\u0107 i doktoru ekolo\u0161kih nauka i odr\u017eivog razvoja Esku Kala\u010du.<\/p>\n<p>Izvor: <strong>Pobjeda.me<\/strong><\/p>\n","protected":false},"excerpt":{"rendered":"<p>Ro\u017eaje &#8211; Povodom obilje\u017eavanja Dana op\u0107ine, u Ro\u017eajama je odr\u017eana sve\u010dana sjednica, na kojoj su, pored predsjednika Crne Gore Filipa Vujanovi\u0107a, prisustvovali i brojni predsjednici crnogorskih i op\u0107ina iz okru\u017eenja, diplomatski predstavnici nekoliko dr\u017eava u na\u0161oj zemlji, kao i vjerski vjerodostojnici. &#8211; I u narednom periodu razvojnu \u0161ansu Ro\u017eaja \u0107e predstavljati unapre\u0111enje finalne prerade i [&hellip;]<\/p>\n","protected":false},"author":13,"featured_media":21051,"comment_status":"open","ping_status":"open","sticky":false,"template":"","format":"standard","meta":{"footnotes":""},"categories":[398,3],"tags":[],"class_list":{"0":"post-21050","1":"post","2":"type-post","3":"status-publish","4":"format-standard","5":"has-post-thumbnail","7":"category-rozaje","8":"category-privreda"},"yoast_head":"<!-- This site is optimized with the Yoast SEO Premium plugin v23.1 (Yoast SEO v24.9) - https:\/\/yoast.com\/wordpress\/plugins\/seo\/ -->\n<title>Prirodni resursi razvojna \u0161ansa<\/title>\n<meta name=\"robots\" content=\"index, follow, max-snippet:-1, max-image-preview:large, max-video-preview:-1\" \/>\n<link rel=\"canonical\" href=\"https:\/\/sandzakpress.net\/arhiva\/prirodni-resursi-razvojna-sansa\/\" \/>\n<meta property=\"og:locale\" content=\"bs_BA\" \/>\n<meta property=\"og:type\" content=\"article\" \/>\n<meta property=\"og:title\" content=\"Prirodni resursi razvojna \u0161ansa\" \/>\n<meta property=\"og:description\" content=\"Ro\u017eaje &#8211; Povodom obilje\u017eavanja Dana op\u0107ine, u Ro\u017eajama je odr\u017eana sve\u010dana sjednica, na kojoj su, pored predsjednika Crne Gore Filipa Vujanovi\u0107a, prisustvovali i brojni predsjednici crnogorskih i op\u0107ina iz okru\u017eenja, diplomatski predstavnici nekoliko dr\u017eava u na\u0161oj zemlji, kao i vjerski vjerodostojnici. &#8211; I u narednom periodu razvojnu \u0161ansu Ro\u017eaja \u0107e predstavljati unapre\u0111enje finalne prerade i [&hellip;]\" \/>\n<meta property=\"og:url\" content=\"https:\/\/sandzakpress.net\/arhiva\/prirodni-resursi-razvojna-sansa\/\" \/>\n<meta property=\"og:site_name\" content=\"Sand\u017eak PRESS\" \/>\n<meta property=\"article:published_time\" content=\"2011-10-03T12:57:12+00:00\" \/>\n<meta property=\"og:image\" content=\"https:\/\/sandzakpress.net\/arhiva\/wp-content\/uploads\/2011\/10\/index1.jpg\" \/>\n\t<meta property=\"og:image:width\" content=\"186\" \/>\n\t<meta property=\"og:image:height\" content=\"139\" \/>\n\t<meta property=\"og:image:type\" content=\"image\/jpeg\" \/>\n<meta name=\"twitter:card\" content=\"summary_large_image\" \/>\n<meta name=\"twitter:label1\" content=\"Written by\" \/>\n\t<meta name=\"twitter:data1\" content=\"\" \/>\n\t<meta name=\"twitter:label2\" content=\"Est. reading time\" \/>\n\t<meta name=\"twitter:data2\" content=\"2 minute\" \/>\n<script type=\"application\/ld+json\" class=\"yoast-schema-graph\">{\"@context\":\"https:\/\/schema.org\",\"@graph\":[{\"@type\":\"Article\",\"@id\":\"https:\/\/sandzakpress.net\/arhiva\/prirodni-resursi-razvojna-sansa\/#article\",\"isPartOf\":{\"@id\":\"https:\/\/sandzakpress.net\/arhiva\/prirodni-resursi-razvojna-sansa\/\"},\"author\":{\"name\":\"\",\"@id\":\"\"},\"headline\":\"Prirodni resursi razvojna \u0161ansa\",\"datePublished\":\"2011-10-03T12:57:12+00:00\",\"mainEntityOfPage\":{\"@id\":\"https:\/\/sandzakpress.net\/arhiva\/prirodni-resursi-razvojna-sansa\/\"},\"wordCount\":459,\"commentCount\":0,\"publisher\":{\"@id\":\"https:\/\/sandzakpress.net\/arhiva\/#\/schema\/person\/6e72b67d6e51910a1117b3b483ba20bd\"},\"image\":{\"@id\":\"https:\/\/sandzakpress.net\/arhiva\/prirodni-resursi-razvojna-sansa\/#primaryimage\"},\"thumbnailUrl\":\"https:\/\/sandzakpress.net\/arhiva\/wp-content\/uploads\/2011\/10\/index1.jpg\",\"articleSection\":[\"Ro\u017eaje\",\"Privreda\"],\"inLanguage\":\"bs-BA\",\"potentialAction\":[{\"@type\":\"CommentAction\",\"name\":\"Comment\",\"target\":[\"https:\/\/sandzakpress.net\/arhiva\/prirodni-resursi-razvojna-sansa\/#respond\"]}]},{\"@type\":\"WebPage\",\"@id\":\"https:\/\/sandzakpress.net\/arhiva\/prirodni-resursi-razvojna-sansa\/\",\"url\":\"https:\/\/sandzakpress.net\/arhiva\/prirodni-resursi-razvojna-sansa\/\",\"name\":\"Prirodni resursi razvojna \u0161ansa\",\"isPartOf\":{\"@id\":\"https:\/\/sandzakpress.net\/arhiva\/#website\"},\"primaryImageOfPage\":{\"@id\":\"https:\/\/sandzakpress.net\/arhiva\/prirodni-resursi-razvojna-sansa\/#primaryimage\"},\"image\":{\"@id\":\"https:\/\/sandzakpress.net\/arhiva\/prirodni-resursi-razvojna-sansa\/#primaryimage\"},\"thumbnailUrl\":\"https:\/\/sandzakpress.net\/arhiva\/wp-content\/uploads\/2011\/10\/index1.jpg\",\"datePublished\":\"2011-10-03T12:57:12+00:00\",\"breadcrumb\":{\"@id\":\"https:\/\/sandzakpress.net\/arhiva\/prirodni-resursi-razvojna-sansa\/#breadcrumb\"},\"inLanguage\":\"bs-BA\",\"potentialAction\":[{\"@type\":\"ReadAction\",\"target\":[\"https:\/\/sandzakpress.net\/arhiva\/prirodni-resursi-razvojna-sansa\/\"]}]},{\"@type\":\"ImageObject\",\"inLanguage\":\"bs-BA\",\"@id\":\"https:\/\/sandzakpress.net\/arhiva\/prirodni-resursi-razvojna-sansa\/#primaryimage\",\"url\":\"https:\/\/sandzakpress.net\/arhiva\/wp-content\/uploads\/2011\/10\/index1.jpg\",\"contentUrl\":\"https:\/\/sandzakpress.net\/arhiva\/wp-content\/uploads\/2011\/10\/index1.jpg\",\"width\":186,\"height\":139},{\"@type\":\"BreadcrumbList\",\"@id\":\"https:\/\/sandzakpress.net\/arhiva\/prirodni-resursi-razvojna-sansa\/#breadcrumb\",\"itemListElement\":[{\"@type\":\"ListItem\",\"position\":1,\"name\":\"Home\",\"item\":\"https:\/\/sandzakpress.net\/arhiva\/\"},{\"@type\":\"ListItem\",\"position\":2,\"name\":\"Prirodni resursi razvojna \u0161ansa\"}]},{\"@type\":\"WebSite\",\"@id\":\"https:\/\/sandzakpress.net\/arhiva\/#website\",\"url\":\"https:\/\/sandzakpress.net\/arhiva\/\",\"name\":\"Sand\u017eak PRESS\",\"description\":\"Prve elektronske novine u Sand\u017eaku\",\"publisher\":{\"@id\":\"https:\/\/sandzakpress.net\/arhiva\/#\/schema\/person\/6e72b67d6e51910a1117b3b483ba20bd\"},\"potentialAction\":[{\"@type\":\"SearchAction\",\"target\":{\"@type\":\"EntryPoint\",\"urlTemplate\":\"https:\/\/sandzakpress.net\/arhiva\/?s={search_term_string}\"},\"query-input\":{\"@type\":\"PropertyValueSpecification\",\"valueRequired\":true,\"valueName\":\"search_term_string\"}}],\"inLanguage\":\"bs-BA\"},{\"@type\":[\"Person\",\"Organization\"],\"@id\":\"https:\/\/sandzakpress.net\/arhiva\/#\/schema\/person\/6e72b67d6e51910a1117b3b483ba20bd\",\"name\":\"Kul\",\"image\":{\"@type\":\"ImageObject\",\"inLanguage\":\"bs-BA\",\"@id\":\"https:\/\/sandzakpress.net\/arhiva\/#\/schema\/person\/image\/\",\"url\":\"https:\/\/secure.gravatar.com\/avatar\/42263f39aa27ac04c43cab85c280eb2e?s=96&d=mm&r=pg\",\"contentUrl\":\"https:\/\/secure.gravatar.com\/avatar\/42263f39aa27ac04c43cab85c280eb2e?s=96&d=mm&r=pg\",\"caption\":\"Kul\"},\"logo\":{\"@id\":\"https:\/\/sandzakpress.net\/arhiva\/#\/schema\/person\/image\/\"}},{\"@type\":\"Person\",\"@id\":\"\",\"url\":\"https:\/\/sandzakpress.net\/arhiva\/author\/\"}]}<\/script>\n<!-- \/ Yoast SEO Premium plugin. -->","yoast_head_json":{"title":"Prirodni resursi razvojna \u0161ansa","robots":{"index":"index","follow":"follow","max-snippet":"max-snippet:-1","max-image-preview":"max-image-preview:large","max-video-preview":"max-video-preview:-1"},"canonical":"https:\/\/sandzakpress.net\/arhiva\/prirodni-resursi-razvojna-sansa\/","og_locale":"bs_BA","og_type":"article","og_title":"Prirodni resursi razvojna \u0161ansa","og_description":"Ro\u017eaje &#8211; Povodom obilje\u017eavanja Dana op\u0107ine, u Ro\u017eajama je odr\u017eana sve\u010dana sjednica, na kojoj su, pored predsjednika Crne Gore Filipa Vujanovi\u0107a, prisustvovali i brojni predsjednici crnogorskih i op\u0107ina iz okru\u017eenja, diplomatski predstavnici nekoliko dr\u017eava u na\u0161oj zemlji, kao i vjerski vjerodostojnici. &#8211; I u narednom periodu razvojnu \u0161ansu Ro\u017eaja \u0107e predstavljati unapre\u0111enje finalne prerade i [&hellip;]","og_url":"https:\/\/sandzakpress.net\/arhiva\/prirodni-resursi-razvojna-sansa\/","og_site_name":"Sand\u017eak PRESS","article_published_time":"2011-10-03T12:57:12+00:00","og_image":[{"width":186,"height":139,"url":"https:\/\/sandzakpress.net\/arhiva\/wp-content\/uploads\/2011\/10\/index1.jpg","type":"image\/jpeg"}],"twitter_card":"summary_large_image","twitter_misc":{"Written by":"","Est. reading time":"2 minute"},"schema":{"@context":"https:\/\/schema.org","@graph":[{"@type":"Article","@id":"https:\/\/sandzakpress.net\/arhiva\/prirodni-resursi-razvojna-sansa\/#article","isPartOf":{"@id":"https:\/\/sandzakpress.net\/arhiva\/prirodni-resursi-razvojna-sansa\/"},"author":{"name":"","@id":""},"headline":"Prirodni resursi razvojna \u0161ansa","datePublished":"2011-10-03T12:57:12+00:00","mainEntityOfPage":{"@id":"https:\/\/sandzakpress.net\/arhiva\/prirodni-resursi-razvojna-sansa\/"},"wordCount":459,"commentCount":0,"publisher":{"@id":"https:\/\/sandzakpress.net\/arhiva\/#\/schema\/person\/6e72b67d6e51910a1117b3b483ba20bd"},"image":{"@id":"https:\/\/sandzakpress.net\/arhiva\/prirodni-resursi-razvojna-sansa\/#primaryimage"},"thumbnailUrl":"https:\/\/sandzakpress.net\/arhiva\/wp-content\/uploads\/2011\/10\/index1.jpg","articleSection":["Ro\u017eaje","Privreda"],"inLanguage":"bs-BA","potentialAction":[{"@type":"CommentAction","name":"Comment","target":["https:\/\/sandzakpress.net\/arhiva\/prirodni-resursi-razvojna-sansa\/#respond"]}]},{"@type":"WebPage","@id":"https:\/\/sandzakpress.net\/arhiva\/prirodni-resursi-razvojna-sansa\/","url":"https:\/\/sandzakpress.net\/arhiva\/prirodni-resursi-razvojna-sansa\/","name":"Prirodni resursi razvojna \u0161ansa","isPartOf":{"@id":"https:\/\/sandzakpress.net\/arhiva\/#website"},"primaryImageOfPage":{"@id":"https:\/\/sandzakpress.net\/arhiva\/prirodni-resursi-razvojna-sansa\/#primaryimage"},"image":{"@id":"https:\/\/sandzakpress.net\/arhiva\/prirodni-resursi-razvojna-sansa\/#primaryimage"},"thumbnailUrl":"https:\/\/sandzakpress.net\/arhiva\/wp-content\/uploads\/2011\/10\/index1.jpg","datePublished":"2011-10-03T12:57:12+00:00","breadcrumb":{"@id":"https:\/\/sandzakpress.net\/arhiva\/prirodni-resursi-razvojna-sansa\/#breadcrumb"},"inLanguage":"bs-BA","potentialAction":[{"@type":"ReadAction","target":["https:\/\/sandzakpress.net\/arhiva\/prirodni-resursi-razvojna-sansa\/"]}]},{"@type":"ImageObject","inLanguage":"bs-BA","@id":"https:\/\/sandzakpress.net\/arhiva\/prirodni-resursi-razvojna-sansa\/#primaryimage","url":"https:\/\/sandzakpress.net\/arhiva\/wp-content\/uploads\/2011\/10\/index1.jpg","contentUrl":"https:\/\/sandzakpress.net\/arhiva\/wp-content\/uploads\/2011\/10\/index1.jpg","width":186,"height":139},{"@type":"BreadcrumbList","@id":"https:\/\/sandzakpress.net\/arhiva\/prirodni-resursi-razvojna-sansa\/#breadcrumb","itemListElement":[{"@type":"ListItem","position":1,"name":"Home","item":"https:\/\/sandzakpress.net\/arhiva\/"},{"@type":"ListItem","position":2,"name":"Prirodni resursi razvojna \u0161ansa"}]},{"@type":"WebSite","@id":"https:\/\/sandzakpress.net\/arhiva\/#website","url":"https:\/\/sandzakpress.net\/arhiva\/","name":"Sand\u017eak PRESS","description":"Prve elektronske novine u Sand\u017eaku","publisher":{"@id":"https:\/\/sandzakpress.net\/arhiva\/#\/schema\/person\/6e72b67d6e51910a1117b3b483ba20bd"},"potentialAction":[{"@type":"SearchAction","target":{"@type":"EntryPoint","urlTemplate":"https:\/\/sandzakpress.net\/arhiva\/?s={search_term_string}"},"query-input":{"@type":"PropertyValueSpecification","valueRequired":true,"valueName":"search_term_string"}}],"inLanguage":"bs-BA"},{"@type":["Person","Organization"],"@id":"https:\/\/sandzakpress.net\/arhiva\/#\/schema\/person\/6e72b67d6e51910a1117b3b483ba20bd","name":"Kul","image":{"@type":"ImageObject","inLanguage":"bs-BA","@id":"https:\/\/sandzakpress.net\/arhiva\/#\/schema\/person\/image\/","url":"https:\/\/secure.gravatar.com\/avatar\/42263f39aa27ac04c43cab85c280eb2e?s=96&d=mm&r=pg","contentUrl":"https:\/\/secure.gravatar.com\/avatar\/42263f39aa27ac04c43cab85c280eb2e?s=96&d=mm&r=pg","caption":"Kul"},"logo":{"@id":"https:\/\/sandzakpress.net\/arhiva\/#\/schema\/person\/image\/"}},{"@type":"Person","@id":"","url":"https:\/\/sandzakpress.net\/arhiva\/author\/"}]}},"_links":{"self":[{"href":"https:\/\/sandzakpress.net\/arhiva\/wp-json\/wp\/v2\/posts\/21050"}],"collection":[{"href":"https:\/\/sandzakpress.net\/arhiva\/wp-json\/wp\/v2\/posts"}],"about":[{"href":"https:\/\/sandzakpress.net\/arhiva\/wp-json\/wp\/v2\/types\/post"}],"author":[{"embeddable":true,"href":"https:\/\/sandzakpress.net\/arhiva\/wp-json\/wp\/v2\/users\/13"}],"replies":[{"embeddable":true,"href":"https:\/\/sandzakpress.net\/arhiva\/wp-json\/wp\/v2\/comments?post=21050"}],"version-history":[{"count":0,"href":"https:\/\/sandzakpress.net\/arhiva\/wp-json\/wp\/v2\/posts\/21050\/revisions"}],"wp:featuredmedia":[{"embeddable":true,"href":"https:\/\/sandzakpress.net\/arhiva\/wp-json\/wp\/v2\/media\/21051"}],"wp:attachment":[{"href":"https:\/\/sandzakpress.net\/arhiva\/wp-json\/wp\/v2\/media?parent=21050"}],"wp:term":[{"taxonomy":"category","embeddable":true,"href":"https:\/\/sandzakpress.net\/arhiva\/wp-json\/wp\/v2\/categories?post=21050"},{"taxonomy":"post_tag","embeddable":true,"href":"https:\/\/sandzakpress.net\/arhiva\/wp-json\/wp\/v2\/tags?post=21050"}],"curies":[{"name":"wp","href":"https:\/\/api.w.org\/{rel}","templated":true}]}}