{"id":210296,"date":"2018-08-15T13:40:46","date_gmt":"2018-08-15T11:40:46","guid":{"rendered":"https:\/\/sandzakpress.net\/arhiva\/?p=210296"},"modified":"2018-08-15T13:03:26","modified_gmt":"2018-08-15T11:03:26","slug":"ubijeni-u-bijelom-polju-bivsi-clan-jso-catovic-pucao-nasumice","status":"publish","type":"post","link":"https:\/\/sandzakpress.net\/arhiva\/ubijeni-u-bijelom-polju-bivsi-clan-jso-catovic-pucao-nasumice\/","title":{"rendered":"Ubijeni u Bijelom Polju biv\u0161i \u010dlan JSO? \u0106atovi\u0107 pucao nasumice"},"content":{"rendered":"<p><img loading=\"lazy\" decoding=\"async\" class=\"aligncenter\" src=\"http:\/\/www.sandzaklive.rs\/images\/000\/GHGHGHGHGH.jpg\" alt=\"GHGHGHGHGH\" width=\"629\" height=\"683\" \/><\/p>\n<p><strong>U bjelopoljskom Vi\u0161em tu\u017eila\u0161tvu sino\u0107 je zavr\u0161eno saslu\u0161anje 32-godi\u0161njeg Elvisa \u0106atovi\u0107a koji se sumnji\u010di da je pre dve no\u0107i u selu Potkrajci ubio dr\u017eavljanina Srbije 47-godi\u0161njeg \u017deljka Pavkova iz Srbobrana, a te\u0161ko ranio godinu mla\u0111eg Ljubomira Lazi\u0107a iz Zemuna.<\/strong><\/p>\n<p>Prvi rezultati istrage pokazali su da su srpski dr\u017eavljani ilegalno u\u0161li u Crnu Goru s namerom da ubiju \u0106atovi\u0107a koji je sino\u0107 prema na\u0161im informacijama, tokom saslu\u0161anja tvrdio da je u trenutku dok je zaklju\u010davao svoj automobil omamljen te da je nejasno vidio siluete mo\u017eda i vi\u0161e od dve osobe.<\/p>\n<p>On je istakao da je u samoodbrani pucao nasumice, te da mu osobe na koje je ispalio hice nisu poznate od ranije.<\/p>\n<p>U razmeni vatre i Lazi\u0107 je zadobio povredu ramena, zbog \u010dega se nalazi na bolni\u010dkom le\u010denju. Iz Uprave policije saop\u0161teno je da on nije \u017eivotno ugro\u017een.<\/p>\n<p>Sa druge strane, \u0106atovi\u0107 je pogo\u0111en u predelu nadlaktice, ali je nakon ukazane medicinske pomo\u0107i uhap\u0161en zbog poku\u0161aja ubistva i nedozvoljenog dr\u017eanja oru\u017eja.<\/p>\n<p>\u201ePrilikom vr\u0161enja uvi\u0111aja na\u0111en je veliki broj tragova: \u010daure, municija kao i dva pi\u0161tolja kalibra 7,65 mm, od \u010dega jedan sa prigu\u0161iva\u010dem. Svi tragovi su izuzeti s lica mesta i poslati su na ve\u0161ta\u010denje Forenzi\u010dkom centru u Danilovgradu. Telo pokojnog Pavkova poslato je na obdukciju, dok je Lazi\u0107 zadobio te\u0161ke telesne povrede i nalazi se na le\u010denju u Klini\u010dkom centru u Podgorici, izjavio je za \u201cVijesti\u201d vi\u0161i dr\u017eavni tu\u017eilac Hasan Luka\u010d.<\/p>\n<p><strong>Prema informacijama \u201cVijesti\u201d Pavkov je bio nekada\u0161nji pripadnik Jedinice za specijalne operacije (JSO)<\/strong>,\u00a0<strong>takozvanih crvenih beretki.\u00a0<\/strong>Kao pripadnik te jedinice nagra\u0111ivan je i odlikovan spomen zna\u010dkom. Odlikovan je i priznanjem za zasluge, a u toj jedinici bio je \u010dlan izvi\u0111a\u010dkog odreda.<\/p>\n<p>Prema nezvani\u010dnim informacijama u Srbiji je osu\u0111ivan zbog poku\u0161aja ubistva, a Srpske vlasti poslednju deceniju nemaju informacije o njegovom kretanju.<\/p>\n<p>Izvor blizak istrazi \u201cVijestima\u201d je ispri\u010dao da su Pavkov i Lazi\u0107 najverovatnije imali logisti\u010dku podr\u0161ku me\u0111u Bjelopoljcima, i da ispituju njihovo kretanje i kontakte u tom gradu.<\/p>\n<p><strong>Policija sumnja da je \u0106atovi\u0107 pra\u0107en do ku\u0107e<\/strong><\/p>\n<p>U policiji sumnjaju da su Pavkov i Lazi\u0107 pratili \u0106atovi\u0107a, s obzirom da \u017eivi u jednosmjernoj ulici van Bijelog Polja do koje je te\u0161ko do\u0107i za nekog ko ne poznaje grad.<\/p>\n<p>\u0106atovi\u0107 je, saznaju \u201cVijesti\u201d, radio kao gra\u0111evinski radnik na gradili\u0161tima u Njema\u010dkoj, odakle je proteran nakon \u0161to je naneo te\u0161ke telesne povrede jednom radniku<\/p>\n<p>&nbsp;<\/p>\n<p>(Vijesti)<\/p>\n","protected":false},"excerpt":{"rendered":"<p>U bjelopoljskom Vi\u0161em tu\u017eila\u0161tvu sino\u0107 je zavr\u0161eno saslu\u0161anje 32-godi\u0161njeg Elvisa \u0106atovi\u0107a koji se sumnji\u010di da je pre dve no\u0107i u selu Potkrajci ubio dr\u017eavljanina Srbije 47-godi\u0161njeg \u017deljka Pavkova iz Srbobrana, a te\u0161ko ranio godinu mla\u0111eg Ljubomira Lazi\u0107a iz Zemuna. Prvi rezultati istrage pokazali su da su srpski dr\u017eavljani ilegalno u\u0161li u Crnu Goru s namerom [&hellip;]<\/p>\n","protected":false},"author":509,"featured_media":210305,"comment_status":"open","ping_status":"open","sticky":false,"template":"","format":"standard","meta":{"footnotes":""},"categories":[396,801,10429],"tags":[],"class_list":{"0":"post-210296","1":"post","2":"type-post","3":"status-publish","4":"format-standard","5":"has-post-thumbnail","7":"category-bijelo_polje","8":"category-crna_hronika","9":"category-vazno"},"yoast_head":"<!-- This site is optimized with the Yoast SEO Premium plugin v23.1 (Yoast SEO v24.9) - https:\/\/yoast.com\/wordpress\/plugins\/seo\/ -->\n<title>Ubijeni u Bijelom Polju biv\u0161i \u010dlan JSO? \u0106atovi\u0107 pucao nasumice<\/title>\n<meta name=\"robots\" content=\"index, follow, max-snippet:-1, max-image-preview:large, max-video-preview:-1\" \/>\n<link rel=\"canonical\" href=\"https:\/\/sandzakpress.net\/arhiva\/ubijeni-u-bijelom-polju-bivsi-clan-jso-catovic-pucao-nasumice\/\" \/>\n<meta property=\"og:locale\" content=\"bs_BA\" \/>\n<meta property=\"og:type\" content=\"article\" \/>\n<meta property=\"og:title\" content=\"Ubijeni u Bijelom Polju biv\u0161i \u010dlan JSO? \u0106atovi\u0107 pucao nasumice\" \/>\n<meta property=\"og:description\" content=\"U bjelopoljskom Vi\u0161em tu\u017eila\u0161tvu sino\u0107 je zavr\u0161eno saslu\u0161anje 32-godi\u0161njeg Elvisa \u0106atovi\u0107a koji se sumnji\u010di da je pre dve no\u0107i u selu Potkrajci ubio dr\u017eavljanina Srbije 47-godi\u0161njeg \u017deljka Pavkova iz Srbobrana, a te\u0161ko ranio godinu mla\u0111eg Ljubomira Lazi\u0107a iz Zemuna. Prvi rezultati istrage pokazali su da su srpski dr\u017eavljani ilegalno u\u0161li u Crnu Goru s namerom [&hellip;]\" \/>\n<meta property=\"og:url\" content=\"https:\/\/sandzakpress.net\/arhiva\/ubijeni-u-bijelom-polju-bivsi-clan-jso-catovic-pucao-nasumice\/\" \/>\n<meta property=\"og:site_name\" content=\"Sand\u017eak PRESS\" \/>\n<meta property=\"article:published_time\" content=\"2018-08-15T11:40:46+00:00\" \/>\n<meta property=\"og:image\" content=\"https:\/\/sandzakpress.net\/arhiva\/wp-content\/uploads\/2018\/08\/GHGHGHGHGH.jpg\" \/>\n\t<meta property=\"og:image:width\" content=\"468\" \/>\n\t<meta property=\"og:image:height\" content=\"468\" \/>\n\t<meta property=\"og:image:type\" content=\"image\/jpeg\" \/>\n<meta name=\"author\" content=\"Agencija\" \/>\n<meta name=\"twitter:card\" content=\"summary_large_image\" \/>\n<meta name=\"twitter:label1\" content=\"Written by\" \/>\n\t<meta name=\"twitter:data1\" content=\"Agencija\" \/>\n\t<meta name=\"twitter:label2\" content=\"Est. reading time\" \/>\n\t<meta name=\"twitter:data2\" content=\"2 minute\" \/>\n<script type=\"application\/ld+json\" class=\"yoast-schema-graph\">{\"@context\":\"https:\/\/schema.org\",\"@graph\":[{\"@type\":\"Article\",\"@id\":\"https:\/\/sandzakpress.net\/arhiva\/ubijeni-u-bijelom-polju-bivsi-clan-jso-catovic-pucao-nasumice\/#article\",\"isPartOf\":{\"@id\":\"https:\/\/sandzakpress.net\/arhiva\/ubijeni-u-bijelom-polju-bivsi-clan-jso-catovic-pucao-nasumice\/\"},\"author\":{\"name\":\"Agencija\",\"@id\":\"https:\/\/sandzakpress.net\/arhiva\/#\/schema\/person\/cb59d7e3ab91ab90dd680ad0305a6185\"},\"headline\":\"Ubijeni u Bijelom Polju biv\u0161i \u010dlan JSO? \u0106atovi\u0107 pucao nasumice\",\"datePublished\":\"2018-08-15T11:40:46+00:00\",\"mainEntityOfPage\":{\"@id\":\"https:\/\/sandzakpress.net\/arhiva\/ubijeni-u-bijelom-polju-bivsi-clan-jso-catovic-pucao-nasumice\/\"},\"wordCount\":462,\"commentCount\":3,\"publisher\":{\"@id\":\"https:\/\/sandzakpress.net\/arhiva\/#\/schema\/person\/6e72b67d6e51910a1117b3b483ba20bd\"},\"image\":{\"@id\":\"https:\/\/sandzakpress.net\/arhiva\/ubijeni-u-bijelom-polju-bivsi-clan-jso-catovic-pucao-nasumice\/#primaryimage\"},\"thumbnailUrl\":\"https:\/\/sandzakpress.net\/arhiva\/wp-content\/uploads\/2018\/08\/GHGHGHGHGH.jpg\",\"articleSection\":[\"Bijelo Polje\",\"Hronika\",\"VA\u017dNO!\"],\"inLanguage\":\"bs-BA\",\"potentialAction\":[{\"@type\":\"CommentAction\",\"name\":\"Comment\",\"target\":[\"https:\/\/sandzakpress.net\/arhiva\/ubijeni-u-bijelom-polju-bivsi-clan-jso-catovic-pucao-nasumice\/#respond\"]}]},{\"@type\":\"WebPage\",\"@id\":\"https:\/\/sandzakpress.net\/arhiva\/ubijeni-u-bijelom-polju-bivsi-clan-jso-catovic-pucao-nasumice\/\",\"url\":\"https:\/\/sandzakpress.net\/arhiva\/ubijeni-u-bijelom-polju-bivsi-clan-jso-catovic-pucao-nasumice\/\",\"name\":\"Ubijeni u Bijelom Polju biv\u0161i \u010dlan JSO? \u0106atovi\u0107 pucao nasumice\",\"isPartOf\":{\"@id\":\"https:\/\/sandzakpress.net\/arhiva\/#website\"},\"primaryImageOfPage\":{\"@id\":\"https:\/\/sandzakpress.net\/arhiva\/ubijeni-u-bijelom-polju-bivsi-clan-jso-catovic-pucao-nasumice\/#primaryimage\"},\"image\":{\"@id\":\"https:\/\/sandzakpress.net\/arhiva\/ubijeni-u-bijelom-polju-bivsi-clan-jso-catovic-pucao-nasumice\/#primaryimage\"},\"thumbnailUrl\":\"https:\/\/sandzakpress.net\/arhiva\/wp-content\/uploads\/2018\/08\/GHGHGHGHGH.jpg\",\"datePublished\":\"2018-08-15T11:40:46+00:00\",\"breadcrumb\":{\"@id\":\"https:\/\/sandzakpress.net\/arhiva\/ubijeni-u-bijelom-polju-bivsi-clan-jso-catovic-pucao-nasumice\/#breadcrumb\"},\"inLanguage\":\"bs-BA\",\"potentialAction\":[{\"@type\":\"ReadAction\",\"target\":[\"https:\/\/sandzakpress.net\/arhiva\/ubijeni-u-bijelom-polju-bivsi-clan-jso-catovic-pucao-nasumice\/\"]}]},{\"@type\":\"ImageObject\",\"inLanguage\":\"bs-BA\",\"@id\":\"https:\/\/sandzakpress.net\/arhiva\/ubijeni-u-bijelom-polju-bivsi-clan-jso-catovic-pucao-nasumice\/#primaryimage\",\"url\":\"https:\/\/sandzakpress.net\/arhiva\/wp-content\/uploads\/2018\/08\/GHGHGHGHGH.jpg\",\"contentUrl\":\"https:\/\/sandzakpress.net\/arhiva\/wp-content\/uploads\/2018\/08\/GHGHGHGHGH.jpg\",\"width\":468,\"height\":468},{\"@type\":\"BreadcrumbList\",\"@id\":\"https:\/\/sandzakpress.net\/arhiva\/ubijeni-u-bijelom-polju-bivsi-clan-jso-catovic-pucao-nasumice\/#breadcrumb\",\"itemListElement\":[{\"@type\":\"ListItem\",\"position\":1,\"name\":\"Home\",\"item\":\"https:\/\/sandzakpress.net\/arhiva\/\"},{\"@type\":\"ListItem\",\"position\":2,\"name\":\"Ubijeni u Bijelom Polju biv\u0161i \u010dlan JSO? \u0106atovi\u0107 pucao nasumice\"}]},{\"@type\":\"WebSite\",\"@id\":\"https:\/\/sandzakpress.net\/arhiva\/#website\",\"url\":\"https:\/\/sandzakpress.net\/arhiva\/\",\"name\":\"Sand\u017eak PRESS\",\"description\":\"Prve elektronske novine u Sand\u017eaku\",\"publisher\":{\"@id\":\"https:\/\/sandzakpress.net\/arhiva\/#\/schema\/person\/6e72b67d6e51910a1117b3b483ba20bd\"},\"potentialAction\":[{\"@type\":\"SearchAction\",\"target\":{\"@type\":\"EntryPoint\",\"urlTemplate\":\"https:\/\/sandzakpress.net\/arhiva\/?s={search_term_string}\"},\"query-input\":{\"@type\":\"PropertyValueSpecification\",\"valueRequired\":true,\"valueName\":\"search_term_string\"}}],\"inLanguage\":\"bs-BA\"},{\"@type\":[\"Person\",\"Organization\"],\"@id\":\"https:\/\/sandzakpress.net\/arhiva\/#\/schema\/person\/6e72b67d6e51910a1117b3b483ba20bd\",\"name\":\"Kul\",\"image\":{\"@type\":\"ImageObject\",\"inLanguage\":\"bs-BA\",\"@id\":\"https:\/\/sandzakpress.net\/arhiva\/#\/schema\/person\/image\/\",\"url\":\"https:\/\/secure.gravatar.com\/avatar\/42263f39aa27ac04c43cab85c280eb2e?s=96&d=mm&r=pg\",\"contentUrl\":\"https:\/\/secure.gravatar.com\/avatar\/42263f39aa27ac04c43cab85c280eb2e?s=96&d=mm&r=pg\",\"caption\":\"Kul\"},\"logo\":{\"@id\":\"https:\/\/sandzakpress.net\/arhiva\/#\/schema\/person\/image\/\"}},{\"@type\":\"Person\",\"@id\":\"https:\/\/sandzakpress.net\/arhiva\/#\/schema\/person\/cb59d7e3ab91ab90dd680ad0305a6185\",\"name\":\"Agencija\",\"image\":{\"@type\":\"ImageObject\",\"inLanguage\":\"bs-BA\",\"@id\":\"https:\/\/sandzakpress.net\/arhiva\/#\/schema\/person\/image\/\",\"url\":\"https:\/\/secure.gravatar.com\/avatar\/4b7fafa80a22f0c2afe23966b3961fe0?s=96&d=mm&r=pg\",\"contentUrl\":\"https:\/\/secure.gravatar.com\/avatar\/4b7fafa80a22f0c2afe23966b3961fe0?s=96&d=mm&r=pg\",\"caption\":\"Agencija\"},\"url\":\"https:\/\/sandzakpress.net\/arhiva\/author\/agencija\/\"}]}<\/script>\n<!-- \/ Yoast SEO Premium plugin. -->","yoast_head_json":{"title":"Ubijeni u Bijelom Polju biv\u0161i \u010dlan JSO? \u0106atovi\u0107 pucao nasumice","robots":{"index":"index","follow":"follow","max-snippet":"max-snippet:-1","max-image-preview":"max-image-preview:large","max-video-preview":"max-video-preview:-1"},"canonical":"https:\/\/sandzakpress.net\/arhiva\/ubijeni-u-bijelom-polju-bivsi-clan-jso-catovic-pucao-nasumice\/","og_locale":"bs_BA","og_type":"article","og_title":"Ubijeni u Bijelom Polju biv\u0161i \u010dlan JSO? \u0106atovi\u0107 pucao nasumice","og_description":"U bjelopoljskom Vi\u0161em tu\u017eila\u0161tvu sino\u0107 je zavr\u0161eno saslu\u0161anje 32-godi\u0161njeg Elvisa \u0106atovi\u0107a koji se sumnji\u010di da je pre dve no\u0107i u selu Potkrajci ubio dr\u017eavljanina Srbije 47-godi\u0161njeg \u017deljka Pavkova iz Srbobrana, a te\u0161ko ranio godinu mla\u0111eg Ljubomira Lazi\u0107a iz Zemuna. Prvi rezultati istrage pokazali su da su srpski dr\u017eavljani ilegalno u\u0161li u Crnu Goru s namerom [&hellip;]","og_url":"https:\/\/sandzakpress.net\/arhiva\/ubijeni-u-bijelom-polju-bivsi-clan-jso-catovic-pucao-nasumice\/","og_site_name":"Sand\u017eak PRESS","article_published_time":"2018-08-15T11:40:46+00:00","og_image":[{"width":468,"height":468,"url":"https:\/\/sandzakpress.net\/arhiva\/wp-content\/uploads\/2018\/08\/GHGHGHGHGH.jpg","type":"image\/jpeg"}],"author":"Agencija","twitter_card":"summary_large_image","twitter_misc":{"Written by":"Agencija","Est. reading time":"2 minute"},"schema":{"@context":"https:\/\/schema.org","@graph":[{"@type":"Article","@id":"https:\/\/sandzakpress.net\/arhiva\/ubijeni-u-bijelom-polju-bivsi-clan-jso-catovic-pucao-nasumice\/#article","isPartOf":{"@id":"https:\/\/sandzakpress.net\/arhiva\/ubijeni-u-bijelom-polju-bivsi-clan-jso-catovic-pucao-nasumice\/"},"author":{"name":"Agencija","@id":"https:\/\/sandzakpress.net\/arhiva\/#\/schema\/person\/cb59d7e3ab91ab90dd680ad0305a6185"},"headline":"Ubijeni u Bijelom Polju biv\u0161i \u010dlan JSO? \u0106atovi\u0107 pucao nasumice","datePublished":"2018-08-15T11:40:46+00:00","mainEntityOfPage":{"@id":"https:\/\/sandzakpress.net\/arhiva\/ubijeni-u-bijelom-polju-bivsi-clan-jso-catovic-pucao-nasumice\/"},"wordCount":462,"commentCount":3,"publisher":{"@id":"https:\/\/sandzakpress.net\/arhiva\/#\/schema\/person\/6e72b67d6e51910a1117b3b483ba20bd"},"image":{"@id":"https:\/\/sandzakpress.net\/arhiva\/ubijeni-u-bijelom-polju-bivsi-clan-jso-catovic-pucao-nasumice\/#primaryimage"},"thumbnailUrl":"https:\/\/sandzakpress.net\/arhiva\/wp-content\/uploads\/2018\/08\/GHGHGHGHGH.jpg","articleSection":["Bijelo Polje","Hronika","VA\u017dNO!"],"inLanguage":"bs-BA","potentialAction":[{"@type":"CommentAction","name":"Comment","target":["https:\/\/sandzakpress.net\/arhiva\/ubijeni-u-bijelom-polju-bivsi-clan-jso-catovic-pucao-nasumice\/#respond"]}]},{"@type":"WebPage","@id":"https:\/\/sandzakpress.net\/arhiva\/ubijeni-u-bijelom-polju-bivsi-clan-jso-catovic-pucao-nasumice\/","url":"https:\/\/sandzakpress.net\/arhiva\/ubijeni-u-bijelom-polju-bivsi-clan-jso-catovic-pucao-nasumice\/","name":"Ubijeni u Bijelom Polju biv\u0161i \u010dlan JSO? \u0106atovi\u0107 pucao nasumice","isPartOf":{"@id":"https:\/\/sandzakpress.net\/arhiva\/#website"},"primaryImageOfPage":{"@id":"https:\/\/sandzakpress.net\/arhiva\/ubijeni-u-bijelom-polju-bivsi-clan-jso-catovic-pucao-nasumice\/#primaryimage"},"image":{"@id":"https:\/\/sandzakpress.net\/arhiva\/ubijeni-u-bijelom-polju-bivsi-clan-jso-catovic-pucao-nasumice\/#primaryimage"},"thumbnailUrl":"https:\/\/sandzakpress.net\/arhiva\/wp-content\/uploads\/2018\/08\/GHGHGHGHGH.jpg","datePublished":"2018-08-15T11:40:46+00:00","breadcrumb":{"@id":"https:\/\/sandzakpress.net\/arhiva\/ubijeni-u-bijelom-polju-bivsi-clan-jso-catovic-pucao-nasumice\/#breadcrumb"},"inLanguage":"bs-BA","potentialAction":[{"@type":"ReadAction","target":["https:\/\/sandzakpress.net\/arhiva\/ubijeni-u-bijelom-polju-bivsi-clan-jso-catovic-pucao-nasumice\/"]}]},{"@type":"ImageObject","inLanguage":"bs-BA","@id":"https:\/\/sandzakpress.net\/arhiva\/ubijeni-u-bijelom-polju-bivsi-clan-jso-catovic-pucao-nasumice\/#primaryimage","url":"https:\/\/sandzakpress.net\/arhiva\/wp-content\/uploads\/2018\/08\/GHGHGHGHGH.jpg","contentUrl":"https:\/\/sandzakpress.net\/arhiva\/wp-content\/uploads\/2018\/08\/GHGHGHGHGH.jpg","width":468,"height":468},{"@type":"BreadcrumbList","@id":"https:\/\/sandzakpress.net\/arhiva\/ubijeni-u-bijelom-polju-bivsi-clan-jso-catovic-pucao-nasumice\/#breadcrumb","itemListElement":[{"@type":"ListItem","position":1,"name":"Home","item":"https:\/\/sandzakpress.net\/arhiva\/"},{"@type":"ListItem","position":2,"name":"Ubijeni u Bijelom Polju biv\u0161i \u010dlan JSO? \u0106atovi\u0107 pucao nasumice"}]},{"@type":"WebSite","@id":"https:\/\/sandzakpress.net\/arhiva\/#website","url":"https:\/\/sandzakpress.net\/arhiva\/","name":"Sand\u017eak PRESS","description":"Prve elektronske novine u Sand\u017eaku","publisher":{"@id":"https:\/\/sandzakpress.net\/arhiva\/#\/schema\/person\/6e72b67d6e51910a1117b3b483ba20bd"},"potentialAction":[{"@type":"SearchAction","target":{"@type":"EntryPoint","urlTemplate":"https:\/\/sandzakpress.net\/arhiva\/?s={search_term_string}"},"query-input":{"@type":"PropertyValueSpecification","valueRequired":true,"valueName":"search_term_string"}}],"inLanguage":"bs-BA"},{"@type":["Person","Organization"],"@id":"https:\/\/sandzakpress.net\/arhiva\/#\/schema\/person\/6e72b67d6e51910a1117b3b483ba20bd","name":"Kul","image":{"@type":"ImageObject","inLanguage":"bs-BA","@id":"https:\/\/sandzakpress.net\/arhiva\/#\/schema\/person\/image\/","url":"https:\/\/secure.gravatar.com\/avatar\/42263f39aa27ac04c43cab85c280eb2e?s=96&d=mm&r=pg","contentUrl":"https:\/\/secure.gravatar.com\/avatar\/42263f39aa27ac04c43cab85c280eb2e?s=96&d=mm&r=pg","caption":"Kul"},"logo":{"@id":"https:\/\/sandzakpress.net\/arhiva\/#\/schema\/person\/image\/"}},{"@type":"Person","@id":"https:\/\/sandzakpress.net\/arhiva\/#\/schema\/person\/cb59d7e3ab91ab90dd680ad0305a6185","name":"Agencija","image":{"@type":"ImageObject","inLanguage":"bs-BA","@id":"https:\/\/sandzakpress.net\/arhiva\/#\/schema\/person\/image\/","url":"https:\/\/secure.gravatar.com\/avatar\/4b7fafa80a22f0c2afe23966b3961fe0?s=96&d=mm&r=pg","contentUrl":"https:\/\/secure.gravatar.com\/avatar\/4b7fafa80a22f0c2afe23966b3961fe0?s=96&d=mm&r=pg","caption":"Agencija"},"url":"https:\/\/sandzakpress.net\/arhiva\/author\/agencija\/"}]}},"_links":{"self":[{"href":"https:\/\/sandzakpress.net\/arhiva\/wp-json\/wp\/v2\/posts\/210296"}],"collection":[{"href":"https:\/\/sandzakpress.net\/arhiva\/wp-json\/wp\/v2\/posts"}],"about":[{"href":"https:\/\/sandzakpress.net\/arhiva\/wp-json\/wp\/v2\/types\/post"}],"author":[{"embeddable":true,"href":"https:\/\/sandzakpress.net\/arhiva\/wp-json\/wp\/v2\/users\/509"}],"replies":[{"embeddable":true,"href":"https:\/\/sandzakpress.net\/arhiva\/wp-json\/wp\/v2\/comments?post=210296"}],"version-history":[{"count":0,"href":"https:\/\/sandzakpress.net\/arhiva\/wp-json\/wp\/v2\/posts\/210296\/revisions"}],"wp:featuredmedia":[{"embeddable":true,"href":"https:\/\/sandzakpress.net\/arhiva\/wp-json\/wp\/v2\/media\/210305"}],"wp:attachment":[{"href":"https:\/\/sandzakpress.net\/arhiva\/wp-json\/wp\/v2\/media?parent=210296"}],"wp:term":[{"taxonomy":"category","embeddable":true,"href":"https:\/\/sandzakpress.net\/arhiva\/wp-json\/wp\/v2\/categories?post=210296"},{"taxonomy":"post_tag","embeddable":true,"href":"https:\/\/sandzakpress.net\/arhiva\/wp-json\/wp\/v2\/tags?post=210296"}],"curies":[{"name":"wp","href":"https:\/\/api.w.org\/{rel}","templated":true}]}}