{"id":210294,"date":"2018-08-15T13:51:39","date_gmt":"2018-08-15T11:51:39","guid":{"rendered":"https:\/\/sandzakpress.net\/arhiva\/?p=210294"},"modified":"2018-08-15T13:08:05","modified_gmt":"2018-08-15T11:08:05","slug":"automobil-udario-zenu-u-bijelom-polju","status":"publish","type":"post","link":"https:\/\/sandzakpress.net\/arhiva\/automobil-udario-zenu-u-bijelom-polju\/","title":{"rendered":"Automobil udario \u017eenu u Bijelom Polju"},"content":{"rendered":"<p><img decoding=\"async\" src=\"http:\/\/www.sandzacke.rs\/wp-content\/uploads\/2018\/08\/udes-bijelo-polje-3-696x469.jpg\" \/><\/p>\n<p><strong>U saobra\u0107ajnoj nesre\u0107i koja se ve\u010deras oko 22 \u010dasa dogodila u ulici \u017divka \u017di\u017ei\u0107a u Bijelom Polju povrije\u0111ena je \u017eena.<\/strong><\/p>\n<p>Kako javlja Bijelo Polje sajt, voza\u010d automobila bjelopoljskih tablica udario je \u017eenu u trenutku dok je prelazila ulicu.<\/p>\n<p>Povrije\u0111enu \u017eenu su kolima hitne pomo\u0107i prevezli u bjelopoljsku op\u0161tu bolnicu.<\/p>\n<p>(CDM<\/p>\n","protected":false},"excerpt":{"rendered":"<p>U saobra\u0107ajnoj nesre\u0107i koja se ve\u010deras oko 22 \u010dasa dogodila u ulici \u017divka \u017di\u017ei\u0107a u Bijelom Polju povrije\u0111ena je \u017eena. Kako javlja Bijelo Polje sajt, voza\u010d automobila bjelopoljskih tablica udario je \u017eenu u trenutku dok je prelazila ulicu. Povrije\u0111enu \u017eenu su kolima hitne pomo\u0107i prevezli u bjelopoljsku op\u0161tu bolnicu. (CDM<\/p>\n","protected":false},"author":509,"featured_media":210306,"comment_status":"open","ping_status":"open","sticky":false,"template":"","format":"standard","meta":{"footnotes":""},"categories":[396,801,10429],"tags":[],"class_list":{"0":"post-210294","1":"post","2":"type-post","3":"status-publish","4":"format-standard","5":"has-post-thumbnail","7":"category-bijelo_polje","8":"category-crna_hronika","9":"category-vazno"},"yoast_head":"<!-- This site is optimized with the Yoast SEO Premium plugin v23.1 (Yoast SEO v24.9) - https:\/\/yoast.com\/wordpress\/plugins\/seo\/ -->\n<title>Automobil udario \u017eenu u Bijelom Polju<\/title>\n<meta name=\"robots\" content=\"index, follow, max-snippet:-1, max-image-preview:large, max-video-preview:-1\" \/>\n<link rel=\"canonical\" href=\"https:\/\/sandzakpress.net\/arhiva\/automobil-udario-zenu-u-bijelom-polju\/\" \/>\n<meta property=\"og:locale\" content=\"bs_BA\" \/>\n<meta property=\"og:type\" content=\"article\" \/>\n<meta property=\"og:title\" content=\"Automobil udario \u017eenu u Bijelom Polju\" \/>\n<meta property=\"og:description\" content=\"U saobra\u0107ajnoj nesre\u0107i koja se ve\u010deras oko 22 \u010dasa dogodila u ulici \u017divka \u017di\u017ei\u0107a u Bijelom Polju povrije\u0111ena je \u017eena. Kako javlja Bijelo Polje sajt, voza\u010d automobila bjelopoljskih tablica udario je \u017eenu u trenutku dok je prelazila ulicu. Povrije\u0111enu \u017eenu su kolima hitne pomo\u0107i prevezli u bjelopoljsku op\u0161tu bolnicu. (CDM\" \/>\n<meta property=\"og:url\" content=\"https:\/\/sandzakpress.net\/arhiva\/automobil-udario-zenu-u-bijelom-polju\/\" \/>\n<meta property=\"og:site_name\" content=\"Sand\u017eak PRESS\" \/>\n<meta property=\"article:published_time\" content=\"2018-08-15T11:51:39+00:00\" \/>\n<meta property=\"og:image\" content=\"https:\/\/sandzakpress.net\/arhiva\/wp-content\/uploads\/2018\/08\/udes-bijelo-polje-3-696x469.jpg\" \/>\n\t<meta property=\"og:image:width\" content=\"696\" \/>\n\t<meta property=\"og:image:height\" content=\"469\" \/>\n\t<meta property=\"og:image:type\" content=\"image\/jpeg\" \/>\n<meta name=\"author\" content=\"Agencija\" \/>\n<meta name=\"twitter:card\" content=\"summary_large_image\" \/>\n<meta name=\"twitter:label1\" content=\"Written by\" \/>\n\t<meta name=\"twitter:data1\" content=\"Agencija\" \/>\n<script type=\"application\/ld+json\" class=\"yoast-schema-graph\">{\"@context\":\"https:\/\/schema.org\",\"@graph\":[{\"@type\":\"Article\",\"@id\":\"https:\/\/sandzakpress.net\/arhiva\/automobil-udario-zenu-u-bijelom-polju\/#article\",\"isPartOf\":{\"@id\":\"https:\/\/sandzakpress.net\/arhiva\/automobil-udario-zenu-u-bijelom-polju\/\"},\"author\":{\"name\":\"Agencija\",\"@id\":\"https:\/\/sandzakpress.net\/arhiva\/#\/schema\/person\/cb59d7e3ab91ab90dd680ad0305a6185\"},\"headline\":\"Automobil udario \u017eenu u Bijelom Polju\",\"datePublished\":\"2018-08-15T11:51:39+00:00\",\"mainEntityOfPage\":{\"@id\":\"https:\/\/sandzakpress.net\/arhiva\/automobil-udario-zenu-u-bijelom-polju\/\"},\"wordCount\":64,\"commentCount\":0,\"publisher\":{\"@id\":\"https:\/\/sandzakpress.net\/arhiva\/#\/schema\/person\/6e72b67d6e51910a1117b3b483ba20bd\"},\"image\":{\"@id\":\"https:\/\/sandzakpress.net\/arhiva\/automobil-udario-zenu-u-bijelom-polju\/#primaryimage\"},\"thumbnailUrl\":\"https:\/\/sandzakpress.net\/arhiva\/wp-content\/uploads\/2018\/08\/udes-bijelo-polje-3-696x469.jpg\",\"articleSection\":[\"Bijelo Polje\",\"Hronika\",\"VA\u017dNO!\"],\"inLanguage\":\"bs-BA\",\"potentialAction\":[{\"@type\":\"CommentAction\",\"name\":\"Comment\",\"target\":[\"https:\/\/sandzakpress.net\/arhiva\/automobil-udario-zenu-u-bijelom-polju\/#respond\"]}]},{\"@type\":\"WebPage\",\"@id\":\"https:\/\/sandzakpress.net\/arhiva\/automobil-udario-zenu-u-bijelom-polju\/\",\"url\":\"https:\/\/sandzakpress.net\/arhiva\/automobil-udario-zenu-u-bijelom-polju\/\",\"name\":\"Automobil udario \u017eenu u Bijelom Polju\",\"isPartOf\":{\"@id\":\"https:\/\/sandzakpress.net\/arhiva\/#website\"},\"primaryImageOfPage\":{\"@id\":\"https:\/\/sandzakpress.net\/arhiva\/automobil-udario-zenu-u-bijelom-polju\/#primaryimage\"},\"image\":{\"@id\":\"https:\/\/sandzakpress.net\/arhiva\/automobil-udario-zenu-u-bijelom-polju\/#primaryimage\"},\"thumbnailUrl\":\"https:\/\/sandzakpress.net\/arhiva\/wp-content\/uploads\/2018\/08\/udes-bijelo-polje-3-696x469.jpg\",\"datePublished\":\"2018-08-15T11:51:39+00:00\",\"breadcrumb\":{\"@id\":\"https:\/\/sandzakpress.net\/arhiva\/automobil-udario-zenu-u-bijelom-polju\/#breadcrumb\"},\"inLanguage\":\"bs-BA\",\"potentialAction\":[{\"@type\":\"ReadAction\",\"target\":[\"https:\/\/sandzakpress.net\/arhiva\/automobil-udario-zenu-u-bijelom-polju\/\"]}]},{\"@type\":\"ImageObject\",\"inLanguage\":\"bs-BA\",\"@id\":\"https:\/\/sandzakpress.net\/arhiva\/automobil-udario-zenu-u-bijelom-polju\/#primaryimage\",\"url\":\"https:\/\/sandzakpress.net\/arhiva\/wp-content\/uploads\/2018\/08\/udes-bijelo-polje-3-696x469.jpg\",\"contentUrl\":\"https:\/\/sandzakpress.net\/arhiva\/wp-content\/uploads\/2018\/08\/udes-bijelo-polje-3-696x469.jpg\",\"width\":696,\"height\":469},{\"@type\":\"BreadcrumbList\",\"@id\":\"https:\/\/sandzakpress.net\/arhiva\/automobil-udario-zenu-u-bijelom-polju\/#breadcrumb\",\"itemListElement\":[{\"@type\":\"ListItem\",\"position\":1,\"name\":\"Home\",\"item\":\"https:\/\/sandzakpress.net\/arhiva\/\"},{\"@type\":\"ListItem\",\"position\":2,\"name\":\"Automobil udario \u017eenu u Bijelom Polju\"}]},{\"@type\":\"WebSite\",\"@id\":\"https:\/\/sandzakpress.net\/arhiva\/#website\",\"url\":\"https:\/\/sandzakpress.net\/arhiva\/\",\"name\":\"Sand\u017eak PRESS\",\"description\":\"Prve elektronske novine u Sand\u017eaku\",\"publisher\":{\"@id\":\"https:\/\/sandzakpress.net\/arhiva\/#\/schema\/person\/6e72b67d6e51910a1117b3b483ba20bd\"},\"potentialAction\":[{\"@type\":\"SearchAction\",\"target\":{\"@type\":\"EntryPoint\",\"urlTemplate\":\"https:\/\/sandzakpress.net\/arhiva\/?s={search_term_string}\"},\"query-input\":{\"@type\":\"PropertyValueSpecification\",\"valueRequired\":true,\"valueName\":\"search_term_string\"}}],\"inLanguage\":\"bs-BA\"},{\"@type\":[\"Person\",\"Organization\"],\"@id\":\"https:\/\/sandzakpress.net\/arhiva\/#\/schema\/person\/6e72b67d6e51910a1117b3b483ba20bd\",\"name\":\"Kul\",\"image\":{\"@type\":\"ImageObject\",\"inLanguage\":\"bs-BA\",\"@id\":\"https:\/\/sandzakpress.net\/arhiva\/#\/schema\/person\/image\/\",\"url\":\"https:\/\/secure.gravatar.com\/avatar\/42263f39aa27ac04c43cab85c280eb2e?s=96&d=mm&r=pg\",\"contentUrl\":\"https:\/\/secure.gravatar.com\/avatar\/42263f39aa27ac04c43cab85c280eb2e?s=96&d=mm&r=pg\",\"caption\":\"Kul\"},\"logo\":{\"@id\":\"https:\/\/sandzakpress.net\/arhiva\/#\/schema\/person\/image\/\"}},{\"@type\":\"Person\",\"@id\":\"https:\/\/sandzakpress.net\/arhiva\/#\/schema\/person\/cb59d7e3ab91ab90dd680ad0305a6185\",\"name\":\"Agencija\",\"image\":{\"@type\":\"ImageObject\",\"inLanguage\":\"bs-BA\",\"@id\":\"https:\/\/sandzakpress.net\/arhiva\/#\/schema\/person\/image\/\",\"url\":\"https:\/\/secure.gravatar.com\/avatar\/4b7fafa80a22f0c2afe23966b3961fe0?s=96&d=mm&r=pg\",\"contentUrl\":\"https:\/\/secure.gravatar.com\/avatar\/4b7fafa80a22f0c2afe23966b3961fe0?s=96&d=mm&r=pg\",\"caption\":\"Agencija\"},\"url\":\"https:\/\/sandzakpress.net\/arhiva\/author\/agencija\/\"}]}<\/script>\n<!-- \/ Yoast SEO Premium plugin. -->","yoast_head_json":{"title":"Automobil udario \u017eenu u Bijelom Polju","robots":{"index":"index","follow":"follow","max-snippet":"max-snippet:-1","max-image-preview":"max-image-preview:large","max-video-preview":"max-video-preview:-1"},"canonical":"https:\/\/sandzakpress.net\/arhiva\/automobil-udario-zenu-u-bijelom-polju\/","og_locale":"bs_BA","og_type":"article","og_title":"Automobil udario \u017eenu u Bijelom Polju","og_description":"U saobra\u0107ajnoj nesre\u0107i koja se ve\u010deras oko 22 \u010dasa dogodila u ulici \u017divka \u017di\u017ei\u0107a u Bijelom Polju povrije\u0111ena je \u017eena. Kako javlja Bijelo Polje sajt, voza\u010d automobila bjelopoljskih tablica udario je \u017eenu u trenutku dok je prelazila ulicu. Povrije\u0111enu \u017eenu su kolima hitne pomo\u0107i prevezli u bjelopoljsku op\u0161tu bolnicu. (CDM","og_url":"https:\/\/sandzakpress.net\/arhiva\/automobil-udario-zenu-u-bijelom-polju\/","og_site_name":"Sand\u017eak PRESS","article_published_time":"2018-08-15T11:51:39+00:00","og_image":[{"width":696,"height":469,"url":"https:\/\/sandzakpress.net\/arhiva\/wp-content\/uploads\/2018\/08\/udes-bijelo-polje-3-696x469.jpg","type":"image\/jpeg"}],"author":"Agencija","twitter_card":"summary_large_image","twitter_misc":{"Written by":"Agencija"},"schema":{"@context":"https:\/\/schema.org","@graph":[{"@type":"Article","@id":"https:\/\/sandzakpress.net\/arhiva\/automobil-udario-zenu-u-bijelom-polju\/#article","isPartOf":{"@id":"https:\/\/sandzakpress.net\/arhiva\/automobil-udario-zenu-u-bijelom-polju\/"},"author":{"name":"Agencija","@id":"https:\/\/sandzakpress.net\/arhiva\/#\/schema\/person\/cb59d7e3ab91ab90dd680ad0305a6185"},"headline":"Automobil udario \u017eenu u Bijelom Polju","datePublished":"2018-08-15T11:51:39+00:00","mainEntityOfPage":{"@id":"https:\/\/sandzakpress.net\/arhiva\/automobil-udario-zenu-u-bijelom-polju\/"},"wordCount":64,"commentCount":0,"publisher":{"@id":"https:\/\/sandzakpress.net\/arhiva\/#\/schema\/person\/6e72b67d6e51910a1117b3b483ba20bd"},"image":{"@id":"https:\/\/sandzakpress.net\/arhiva\/automobil-udario-zenu-u-bijelom-polju\/#primaryimage"},"thumbnailUrl":"https:\/\/sandzakpress.net\/arhiva\/wp-content\/uploads\/2018\/08\/udes-bijelo-polje-3-696x469.jpg","articleSection":["Bijelo Polje","Hronika","VA\u017dNO!"],"inLanguage":"bs-BA","potentialAction":[{"@type":"CommentAction","name":"Comment","target":["https:\/\/sandzakpress.net\/arhiva\/automobil-udario-zenu-u-bijelom-polju\/#respond"]}]},{"@type":"WebPage","@id":"https:\/\/sandzakpress.net\/arhiva\/automobil-udario-zenu-u-bijelom-polju\/","url":"https:\/\/sandzakpress.net\/arhiva\/automobil-udario-zenu-u-bijelom-polju\/","name":"Automobil udario \u017eenu u Bijelom Polju","isPartOf":{"@id":"https:\/\/sandzakpress.net\/arhiva\/#website"},"primaryImageOfPage":{"@id":"https:\/\/sandzakpress.net\/arhiva\/automobil-udario-zenu-u-bijelom-polju\/#primaryimage"},"image":{"@id":"https:\/\/sandzakpress.net\/arhiva\/automobil-udario-zenu-u-bijelom-polju\/#primaryimage"},"thumbnailUrl":"https:\/\/sandzakpress.net\/arhiva\/wp-content\/uploads\/2018\/08\/udes-bijelo-polje-3-696x469.jpg","datePublished":"2018-08-15T11:51:39+00:00","breadcrumb":{"@id":"https:\/\/sandzakpress.net\/arhiva\/automobil-udario-zenu-u-bijelom-polju\/#breadcrumb"},"inLanguage":"bs-BA","potentialAction":[{"@type":"ReadAction","target":["https:\/\/sandzakpress.net\/arhiva\/automobil-udario-zenu-u-bijelom-polju\/"]}]},{"@type":"ImageObject","inLanguage":"bs-BA","@id":"https:\/\/sandzakpress.net\/arhiva\/automobil-udario-zenu-u-bijelom-polju\/#primaryimage","url":"https:\/\/sandzakpress.net\/arhiva\/wp-content\/uploads\/2018\/08\/udes-bijelo-polje-3-696x469.jpg","contentUrl":"https:\/\/sandzakpress.net\/arhiva\/wp-content\/uploads\/2018\/08\/udes-bijelo-polje-3-696x469.jpg","width":696,"height":469},{"@type":"BreadcrumbList","@id":"https:\/\/sandzakpress.net\/arhiva\/automobil-udario-zenu-u-bijelom-polju\/#breadcrumb","itemListElement":[{"@type":"ListItem","position":1,"name":"Home","item":"https:\/\/sandzakpress.net\/arhiva\/"},{"@type":"ListItem","position":2,"name":"Automobil udario \u017eenu u Bijelom Polju"}]},{"@type":"WebSite","@id":"https:\/\/sandzakpress.net\/arhiva\/#website","url":"https:\/\/sandzakpress.net\/arhiva\/","name":"Sand\u017eak PRESS","description":"Prve elektronske novine u Sand\u017eaku","publisher":{"@id":"https:\/\/sandzakpress.net\/arhiva\/#\/schema\/person\/6e72b67d6e51910a1117b3b483ba20bd"},"potentialAction":[{"@type":"SearchAction","target":{"@type":"EntryPoint","urlTemplate":"https:\/\/sandzakpress.net\/arhiva\/?s={search_term_string}"},"query-input":{"@type":"PropertyValueSpecification","valueRequired":true,"valueName":"search_term_string"}}],"inLanguage":"bs-BA"},{"@type":["Person","Organization"],"@id":"https:\/\/sandzakpress.net\/arhiva\/#\/schema\/person\/6e72b67d6e51910a1117b3b483ba20bd","name":"Kul","image":{"@type":"ImageObject","inLanguage":"bs-BA","@id":"https:\/\/sandzakpress.net\/arhiva\/#\/schema\/person\/image\/","url":"https:\/\/secure.gravatar.com\/avatar\/42263f39aa27ac04c43cab85c280eb2e?s=96&d=mm&r=pg","contentUrl":"https:\/\/secure.gravatar.com\/avatar\/42263f39aa27ac04c43cab85c280eb2e?s=96&d=mm&r=pg","caption":"Kul"},"logo":{"@id":"https:\/\/sandzakpress.net\/arhiva\/#\/schema\/person\/image\/"}},{"@type":"Person","@id":"https:\/\/sandzakpress.net\/arhiva\/#\/schema\/person\/cb59d7e3ab91ab90dd680ad0305a6185","name":"Agencija","image":{"@type":"ImageObject","inLanguage":"bs-BA","@id":"https:\/\/sandzakpress.net\/arhiva\/#\/schema\/person\/image\/","url":"https:\/\/secure.gravatar.com\/avatar\/4b7fafa80a22f0c2afe23966b3961fe0?s=96&d=mm&r=pg","contentUrl":"https:\/\/secure.gravatar.com\/avatar\/4b7fafa80a22f0c2afe23966b3961fe0?s=96&d=mm&r=pg","caption":"Agencija"},"url":"https:\/\/sandzakpress.net\/arhiva\/author\/agencija\/"}]}},"_links":{"self":[{"href":"https:\/\/sandzakpress.net\/arhiva\/wp-json\/wp\/v2\/posts\/210294"}],"collection":[{"href":"https:\/\/sandzakpress.net\/arhiva\/wp-json\/wp\/v2\/posts"}],"about":[{"href":"https:\/\/sandzakpress.net\/arhiva\/wp-json\/wp\/v2\/types\/post"}],"author":[{"embeddable":true,"href":"https:\/\/sandzakpress.net\/arhiva\/wp-json\/wp\/v2\/users\/509"}],"replies":[{"embeddable":true,"href":"https:\/\/sandzakpress.net\/arhiva\/wp-json\/wp\/v2\/comments?post=210294"}],"version-history":[{"count":0,"href":"https:\/\/sandzakpress.net\/arhiva\/wp-json\/wp\/v2\/posts\/210294\/revisions"}],"wp:featuredmedia":[{"embeddable":true,"href":"https:\/\/sandzakpress.net\/arhiva\/wp-json\/wp\/v2\/media\/210306"}],"wp:attachment":[{"href":"https:\/\/sandzakpress.net\/arhiva\/wp-json\/wp\/v2\/media?parent=210294"}],"wp:term":[{"taxonomy":"category","embeddable":true,"href":"https:\/\/sandzakpress.net\/arhiva\/wp-json\/wp\/v2\/categories?post=210294"},{"taxonomy":"post_tag","embeddable":true,"href":"https:\/\/sandzakpress.net\/arhiva\/wp-json\/wp\/v2\/tags?post=210294"}],"curies":[{"name":"wp","href":"https:\/\/api.w.org\/{rel}","templated":true}]}}