{"id":210048,"date":"2018-08-11T11:53:34","date_gmt":"2018-08-11T09:53:34","guid":{"rendered":"https:\/\/sandzakpress.net\/arhiva\/?p=210048"},"modified":"2018-08-11T11:53:34","modified_gmt":"2018-08-11T09:53:34","slug":"osumnjiceni-u-akciji-artur-beranac-uhapsen-u-moskvi","status":"publish","type":"post","link":"https:\/\/sandzakpress.net\/arhiva\/osumnjiceni-u-akciji-artur-beranac-uhapsen-u-moskvi\/","title":{"rendered":"Osumnji\u010deni u akciji &#8220;Artur&#8221;: Beranac uhap\u0161en u Moskvi"},"content":{"rendered":"<p><img decoding=\"async\" class=\"aligncenter\" src=\"http:\/\/www.vijesti.me\/media\/cache\/03\/47\/0347c3bccc519eda708ccbfee3a17e91.jpg\" alt=\"Osumnji\u00c4\u008deni u akciji &quot;Artur&quot;: Beranac uhap\u00c5\u00a1en u Moskvi \" \/><\/p>\n<p><strong>Beranac D.D. (50) uhap\u0161en je u Moskvi\u00a0po me\u0111unarodnoj potjernici koju je raspisao NCB Interpol Podgorica.<\/strong><\/p>\n<p>&#8220;NCB Interpol Podgorica je raspisao me\u0111unarodnu potjernicu za D.D. radi obezbje\u0111enja njegovog prisustva u krivi\u010dnom postupku koji se protiv njega vodi pred Vi\u0161im sudom u Bijelom Polju, zbog osnovane sumnje da je po\u010dinio krivi\u010dna djela kriminalno udru\u017eivanje i neovla\u0161\u0107ena proizvodnja, dr\u017eanje i stavljanje u promet opojnih droga. D.D. se naime potra\u017euje zbog navedenih krivi\u010dnih djela za koja je osumnji\u010den u okviru policijske akcije \u201eArtur\u201c. Akcija \u201eArtur\u201c sprovedena je, podsje\u0107amo, 27.12.2017. godine, a realizovali su je slu\u017ebenici Odsjeka za borbu protiv droge u saradnji sa Vi\u0161im dr\u017eavnim tu\u017eiocem u Bijelom Polju i u sadejstvu sa slu\u017ebenicima Specijalne antiteroristi\u010dke jedinice, CB Berane, OB Ro\u017eaje i OB Plav. Vi\u0161emjese\u010dna akcija \u201eArtur\u201c je bila usmjerena na presijecanje lanca krijum\u010darenja opojne droge marihuana iz Albanije i Kosova u Crnu Goru, a zatim dalje prema Republici Srbiji i zemljama Zapadne Evrope. Slu\u017ebenici Odsjeka su u akciji zaplijenili oko 15 kilograma marihuane tipa skank. Navedenog dana, 27.12.2017. godine, \u010detiri lica su li\u0161ena slobode dok su se tri lica potra\u017eivala a me\u0111u ta tri lica bio je D.D&#8221;, navodi se u saop\u0161tenju Uprave policije.<\/p>\n<div class=\"banner\">\u00a0<\/div>\n<p>Slijedi komunikacija izme\u0111u nadle\u017enih organa Ruske Federacije i Crne Gore u vezi sa izru\u010denjem D.D.\u00a0<\/p>\n<p>(Vijesti)<\/p>\n","protected":false},"excerpt":{"rendered":"<p>Beranac D.D. (50) uhap\u0161en je u Moskvi\u00a0po me\u0111unarodnoj potjernici koju je raspisao NCB Interpol Podgorica. &#8220;NCB Interpol Podgorica je raspisao me\u0111unarodnu potjernicu za D.D. radi obezbje\u0111enja njegovog prisustva u krivi\u010dnom postupku koji se protiv njega vodi pred Vi\u0161im sudom u Bijelom Polju, zbog osnovane sumnje da je po\u010dinio krivi\u010dna djela kriminalno udru\u017eivanje i neovla\u0161\u0107ena proizvodnja, [&hellip;]<\/p>\n","protected":false},"author":509,"featured_media":210066,"comment_status":"open","ping_status":"open","sticky":false,"template":"","format":"standard","meta":{"footnotes":""},"categories":[397,801],"tags":[],"class_list":{"0":"post-210048","1":"post","2":"type-post","3":"status-publish","4":"format-standard","5":"has-post-thumbnail","7":"category-berane","8":"category-crna_hronika"},"yoast_head":"<!-- This site is optimized with the Yoast SEO Premium plugin v23.1 (Yoast SEO v24.9) - https:\/\/yoast.com\/wordpress\/plugins\/seo\/ -->\n<title>Osumnji\u010deni u akciji &quot;Artur&quot;: Beranac uhap\u0161en u Moskvi<\/title>\n<meta name=\"robots\" content=\"index, follow, max-snippet:-1, max-image-preview:large, max-video-preview:-1\" \/>\n<link rel=\"canonical\" href=\"https:\/\/sandzakpress.net\/arhiva\/osumnjiceni-u-akciji-artur-beranac-uhapsen-u-moskvi\/\" \/>\n<meta property=\"og:locale\" content=\"bs_BA\" \/>\n<meta property=\"og:type\" content=\"article\" \/>\n<meta property=\"og:title\" content=\"Osumnji\u010deni u akciji &quot;Artur&quot;: Beranac uhap\u0161en u Moskvi\" \/>\n<meta property=\"og:description\" content=\"Beranac D.D. (50) uhap\u0161en je u Moskvi\u00a0po me\u0111unarodnoj potjernici koju je raspisao NCB Interpol Podgorica. &#8220;NCB Interpol Podgorica je raspisao me\u0111unarodnu potjernicu za D.D. radi obezbje\u0111enja njegovog prisustva u krivi\u010dnom postupku koji se protiv njega vodi pred Vi\u0161im sudom u Bijelom Polju, zbog osnovane sumnje da je po\u010dinio krivi\u010dna djela kriminalno udru\u017eivanje i neovla\u0161\u0107ena proizvodnja, [&hellip;]\" \/>\n<meta property=\"og:url\" content=\"https:\/\/sandzakpress.net\/arhiva\/osumnjiceni-u-akciji-artur-beranac-uhapsen-u-moskvi\/\" \/>\n<meta property=\"og:site_name\" content=\"Sand\u017eak PRESS\" \/>\n<meta property=\"article:published_time\" content=\"2018-08-11T09:53:34+00:00\" \/>\n<meta property=\"og:image\" content=\"https:\/\/sandzakpress.net\/arhiva\/wp-content\/uploads\/2018\/08\/0347c3bccc519eda708ccbfee3a17e91.jpg\" \/>\n\t<meta property=\"og:image:width\" content=\"560\" \/>\n\t<meta property=\"og:image:height\" content=\"352\" \/>\n\t<meta property=\"og:image:type\" content=\"image\/jpeg\" \/>\n<meta name=\"author\" content=\"Agencija\" \/>\n<meta name=\"twitter:card\" content=\"summary_large_image\" \/>\n<meta name=\"twitter:label1\" content=\"Written by\" \/>\n\t<meta name=\"twitter:data1\" content=\"Agencija\" \/>\n\t<meta name=\"twitter:label2\" content=\"Est. reading time\" \/>\n\t<meta name=\"twitter:data2\" content=\"1 minuta\" \/>\n<script type=\"application\/ld+json\" class=\"yoast-schema-graph\">{\"@context\":\"https:\/\/schema.org\",\"@graph\":[{\"@type\":\"Article\",\"@id\":\"https:\/\/sandzakpress.net\/arhiva\/osumnjiceni-u-akciji-artur-beranac-uhapsen-u-moskvi\/#article\",\"isPartOf\":{\"@id\":\"https:\/\/sandzakpress.net\/arhiva\/osumnjiceni-u-akciji-artur-beranac-uhapsen-u-moskvi\/\"},\"author\":{\"name\":\"Agencija\",\"@id\":\"https:\/\/sandzakpress.net\/arhiva\/#\/schema\/person\/cb59d7e3ab91ab90dd680ad0305a6185\"},\"headline\":\"Osumnji\u010deni u akciji &#8220;Artur&#8221;: Beranac uhap\u0161en u Moskvi\",\"datePublished\":\"2018-08-11T09:53:34+00:00\",\"mainEntityOfPage\":{\"@id\":\"https:\/\/sandzakpress.net\/arhiva\/osumnjiceni-u-akciji-artur-beranac-uhapsen-u-moskvi\/\"},\"wordCount\":252,\"commentCount\":0,\"publisher\":{\"@id\":\"https:\/\/sandzakpress.net\/arhiva\/#\/schema\/person\/6e72b67d6e51910a1117b3b483ba20bd\"},\"image\":{\"@id\":\"https:\/\/sandzakpress.net\/arhiva\/osumnjiceni-u-akciji-artur-beranac-uhapsen-u-moskvi\/#primaryimage\"},\"thumbnailUrl\":\"https:\/\/sandzakpress.net\/arhiva\/wp-content\/uploads\/2018\/08\/0347c3bccc519eda708ccbfee3a17e91.jpg\",\"articleSection\":[\"Berane\",\"Hronika\"],\"inLanguage\":\"bs-BA\",\"potentialAction\":[{\"@type\":\"CommentAction\",\"name\":\"Comment\",\"target\":[\"https:\/\/sandzakpress.net\/arhiva\/osumnjiceni-u-akciji-artur-beranac-uhapsen-u-moskvi\/#respond\"]}]},{\"@type\":\"WebPage\",\"@id\":\"https:\/\/sandzakpress.net\/arhiva\/osumnjiceni-u-akciji-artur-beranac-uhapsen-u-moskvi\/\",\"url\":\"https:\/\/sandzakpress.net\/arhiva\/osumnjiceni-u-akciji-artur-beranac-uhapsen-u-moskvi\/\",\"name\":\"Osumnji\u010deni u akciji \\\"Artur\\\": Beranac uhap\u0161en u Moskvi\",\"isPartOf\":{\"@id\":\"https:\/\/sandzakpress.net\/arhiva\/#website\"},\"primaryImageOfPage\":{\"@id\":\"https:\/\/sandzakpress.net\/arhiva\/osumnjiceni-u-akciji-artur-beranac-uhapsen-u-moskvi\/#primaryimage\"},\"image\":{\"@id\":\"https:\/\/sandzakpress.net\/arhiva\/osumnjiceni-u-akciji-artur-beranac-uhapsen-u-moskvi\/#primaryimage\"},\"thumbnailUrl\":\"https:\/\/sandzakpress.net\/arhiva\/wp-content\/uploads\/2018\/08\/0347c3bccc519eda708ccbfee3a17e91.jpg\",\"datePublished\":\"2018-08-11T09:53:34+00:00\",\"breadcrumb\":{\"@id\":\"https:\/\/sandzakpress.net\/arhiva\/osumnjiceni-u-akciji-artur-beranac-uhapsen-u-moskvi\/#breadcrumb\"},\"inLanguage\":\"bs-BA\",\"potentialAction\":[{\"@type\":\"ReadAction\",\"target\":[\"https:\/\/sandzakpress.net\/arhiva\/osumnjiceni-u-akciji-artur-beranac-uhapsen-u-moskvi\/\"]}]},{\"@type\":\"ImageObject\",\"inLanguage\":\"bs-BA\",\"@id\":\"https:\/\/sandzakpress.net\/arhiva\/osumnjiceni-u-akciji-artur-beranac-uhapsen-u-moskvi\/#primaryimage\",\"url\":\"https:\/\/sandzakpress.net\/arhiva\/wp-content\/uploads\/2018\/08\/0347c3bccc519eda708ccbfee3a17e91.jpg\",\"contentUrl\":\"https:\/\/sandzakpress.net\/arhiva\/wp-content\/uploads\/2018\/08\/0347c3bccc519eda708ccbfee3a17e91.jpg\",\"width\":560,\"height\":352},{\"@type\":\"BreadcrumbList\",\"@id\":\"https:\/\/sandzakpress.net\/arhiva\/osumnjiceni-u-akciji-artur-beranac-uhapsen-u-moskvi\/#breadcrumb\",\"itemListElement\":[{\"@type\":\"ListItem\",\"position\":1,\"name\":\"Home\",\"item\":\"https:\/\/sandzakpress.net\/arhiva\/\"},{\"@type\":\"ListItem\",\"position\":2,\"name\":\"Osumnji\u010deni u akciji &#8220;Artur&#8221;: Beranac uhap\u0161en u Moskvi\"}]},{\"@type\":\"WebSite\",\"@id\":\"https:\/\/sandzakpress.net\/arhiva\/#website\",\"url\":\"https:\/\/sandzakpress.net\/arhiva\/\",\"name\":\"Sand\u017eak PRESS\",\"description\":\"Prve elektronske novine u Sand\u017eaku\",\"publisher\":{\"@id\":\"https:\/\/sandzakpress.net\/arhiva\/#\/schema\/person\/6e72b67d6e51910a1117b3b483ba20bd\"},\"potentialAction\":[{\"@type\":\"SearchAction\",\"target\":{\"@type\":\"EntryPoint\",\"urlTemplate\":\"https:\/\/sandzakpress.net\/arhiva\/?s={search_term_string}\"},\"query-input\":{\"@type\":\"PropertyValueSpecification\",\"valueRequired\":true,\"valueName\":\"search_term_string\"}}],\"inLanguage\":\"bs-BA\"},{\"@type\":[\"Person\",\"Organization\"],\"@id\":\"https:\/\/sandzakpress.net\/arhiva\/#\/schema\/person\/6e72b67d6e51910a1117b3b483ba20bd\",\"name\":\"Kul\",\"image\":{\"@type\":\"ImageObject\",\"inLanguage\":\"bs-BA\",\"@id\":\"https:\/\/sandzakpress.net\/arhiva\/#\/schema\/person\/image\/\",\"url\":\"https:\/\/secure.gravatar.com\/avatar\/42263f39aa27ac04c43cab85c280eb2e?s=96&d=mm&r=pg\",\"contentUrl\":\"https:\/\/secure.gravatar.com\/avatar\/42263f39aa27ac04c43cab85c280eb2e?s=96&d=mm&r=pg\",\"caption\":\"Kul\"},\"logo\":{\"@id\":\"https:\/\/sandzakpress.net\/arhiva\/#\/schema\/person\/image\/\"}},{\"@type\":\"Person\",\"@id\":\"https:\/\/sandzakpress.net\/arhiva\/#\/schema\/person\/cb59d7e3ab91ab90dd680ad0305a6185\",\"name\":\"Agencija\",\"image\":{\"@type\":\"ImageObject\",\"inLanguage\":\"bs-BA\",\"@id\":\"https:\/\/sandzakpress.net\/arhiva\/#\/schema\/person\/image\/\",\"url\":\"https:\/\/secure.gravatar.com\/avatar\/4b7fafa80a22f0c2afe23966b3961fe0?s=96&d=mm&r=pg\",\"contentUrl\":\"https:\/\/secure.gravatar.com\/avatar\/4b7fafa80a22f0c2afe23966b3961fe0?s=96&d=mm&r=pg\",\"caption\":\"Agencija\"},\"url\":\"https:\/\/sandzakpress.net\/arhiva\/author\/agencija\/\"}]}<\/script>\n<!-- \/ Yoast SEO Premium plugin. -->","yoast_head_json":{"title":"Osumnji\u010deni u akciji \"Artur\": Beranac uhap\u0161en u Moskvi","robots":{"index":"index","follow":"follow","max-snippet":"max-snippet:-1","max-image-preview":"max-image-preview:large","max-video-preview":"max-video-preview:-1"},"canonical":"https:\/\/sandzakpress.net\/arhiva\/osumnjiceni-u-akciji-artur-beranac-uhapsen-u-moskvi\/","og_locale":"bs_BA","og_type":"article","og_title":"Osumnji\u010deni u akciji \"Artur\": Beranac uhap\u0161en u Moskvi","og_description":"Beranac D.D. (50) uhap\u0161en je u Moskvi\u00a0po me\u0111unarodnoj potjernici koju je raspisao NCB Interpol Podgorica. &#8220;NCB Interpol Podgorica je raspisao me\u0111unarodnu potjernicu za D.D. radi obezbje\u0111enja njegovog prisustva u krivi\u010dnom postupku koji se protiv njega vodi pred Vi\u0161im sudom u Bijelom Polju, zbog osnovane sumnje da je po\u010dinio krivi\u010dna djela kriminalno udru\u017eivanje i neovla\u0161\u0107ena proizvodnja, [&hellip;]","og_url":"https:\/\/sandzakpress.net\/arhiva\/osumnjiceni-u-akciji-artur-beranac-uhapsen-u-moskvi\/","og_site_name":"Sand\u017eak PRESS","article_published_time":"2018-08-11T09:53:34+00:00","og_image":[{"width":560,"height":352,"url":"https:\/\/sandzakpress.net\/arhiva\/wp-content\/uploads\/2018\/08\/0347c3bccc519eda708ccbfee3a17e91.jpg","type":"image\/jpeg"}],"author":"Agencija","twitter_card":"summary_large_image","twitter_misc":{"Written by":"Agencija","Est. reading time":"1 minuta"},"schema":{"@context":"https:\/\/schema.org","@graph":[{"@type":"Article","@id":"https:\/\/sandzakpress.net\/arhiva\/osumnjiceni-u-akciji-artur-beranac-uhapsen-u-moskvi\/#article","isPartOf":{"@id":"https:\/\/sandzakpress.net\/arhiva\/osumnjiceni-u-akciji-artur-beranac-uhapsen-u-moskvi\/"},"author":{"name":"Agencija","@id":"https:\/\/sandzakpress.net\/arhiva\/#\/schema\/person\/cb59d7e3ab91ab90dd680ad0305a6185"},"headline":"Osumnji\u010deni u akciji &#8220;Artur&#8221;: Beranac uhap\u0161en u Moskvi","datePublished":"2018-08-11T09:53:34+00:00","mainEntityOfPage":{"@id":"https:\/\/sandzakpress.net\/arhiva\/osumnjiceni-u-akciji-artur-beranac-uhapsen-u-moskvi\/"},"wordCount":252,"commentCount":0,"publisher":{"@id":"https:\/\/sandzakpress.net\/arhiva\/#\/schema\/person\/6e72b67d6e51910a1117b3b483ba20bd"},"image":{"@id":"https:\/\/sandzakpress.net\/arhiva\/osumnjiceni-u-akciji-artur-beranac-uhapsen-u-moskvi\/#primaryimage"},"thumbnailUrl":"https:\/\/sandzakpress.net\/arhiva\/wp-content\/uploads\/2018\/08\/0347c3bccc519eda708ccbfee3a17e91.jpg","articleSection":["Berane","Hronika"],"inLanguage":"bs-BA","potentialAction":[{"@type":"CommentAction","name":"Comment","target":["https:\/\/sandzakpress.net\/arhiva\/osumnjiceni-u-akciji-artur-beranac-uhapsen-u-moskvi\/#respond"]}]},{"@type":"WebPage","@id":"https:\/\/sandzakpress.net\/arhiva\/osumnjiceni-u-akciji-artur-beranac-uhapsen-u-moskvi\/","url":"https:\/\/sandzakpress.net\/arhiva\/osumnjiceni-u-akciji-artur-beranac-uhapsen-u-moskvi\/","name":"Osumnji\u010deni u akciji \"Artur\": Beranac uhap\u0161en u Moskvi","isPartOf":{"@id":"https:\/\/sandzakpress.net\/arhiva\/#website"},"primaryImageOfPage":{"@id":"https:\/\/sandzakpress.net\/arhiva\/osumnjiceni-u-akciji-artur-beranac-uhapsen-u-moskvi\/#primaryimage"},"image":{"@id":"https:\/\/sandzakpress.net\/arhiva\/osumnjiceni-u-akciji-artur-beranac-uhapsen-u-moskvi\/#primaryimage"},"thumbnailUrl":"https:\/\/sandzakpress.net\/arhiva\/wp-content\/uploads\/2018\/08\/0347c3bccc519eda708ccbfee3a17e91.jpg","datePublished":"2018-08-11T09:53:34+00:00","breadcrumb":{"@id":"https:\/\/sandzakpress.net\/arhiva\/osumnjiceni-u-akciji-artur-beranac-uhapsen-u-moskvi\/#breadcrumb"},"inLanguage":"bs-BA","potentialAction":[{"@type":"ReadAction","target":["https:\/\/sandzakpress.net\/arhiva\/osumnjiceni-u-akciji-artur-beranac-uhapsen-u-moskvi\/"]}]},{"@type":"ImageObject","inLanguage":"bs-BA","@id":"https:\/\/sandzakpress.net\/arhiva\/osumnjiceni-u-akciji-artur-beranac-uhapsen-u-moskvi\/#primaryimage","url":"https:\/\/sandzakpress.net\/arhiva\/wp-content\/uploads\/2018\/08\/0347c3bccc519eda708ccbfee3a17e91.jpg","contentUrl":"https:\/\/sandzakpress.net\/arhiva\/wp-content\/uploads\/2018\/08\/0347c3bccc519eda708ccbfee3a17e91.jpg","width":560,"height":352},{"@type":"BreadcrumbList","@id":"https:\/\/sandzakpress.net\/arhiva\/osumnjiceni-u-akciji-artur-beranac-uhapsen-u-moskvi\/#breadcrumb","itemListElement":[{"@type":"ListItem","position":1,"name":"Home","item":"https:\/\/sandzakpress.net\/arhiva\/"},{"@type":"ListItem","position":2,"name":"Osumnji\u010deni u akciji &#8220;Artur&#8221;: Beranac uhap\u0161en u Moskvi"}]},{"@type":"WebSite","@id":"https:\/\/sandzakpress.net\/arhiva\/#website","url":"https:\/\/sandzakpress.net\/arhiva\/","name":"Sand\u017eak PRESS","description":"Prve elektronske novine u Sand\u017eaku","publisher":{"@id":"https:\/\/sandzakpress.net\/arhiva\/#\/schema\/person\/6e72b67d6e51910a1117b3b483ba20bd"},"potentialAction":[{"@type":"SearchAction","target":{"@type":"EntryPoint","urlTemplate":"https:\/\/sandzakpress.net\/arhiva\/?s={search_term_string}"},"query-input":{"@type":"PropertyValueSpecification","valueRequired":true,"valueName":"search_term_string"}}],"inLanguage":"bs-BA"},{"@type":["Person","Organization"],"@id":"https:\/\/sandzakpress.net\/arhiva\/#\/schema\/person\/6e72b67d6e51910a1117b3b483ba20bd","name":"Kul","image":{"@type":"ImageObject","inLanguage":"bs-BA","@id":"https:\/\/sandzakpress.net\/arhiva\/#\/schema\/person\/image\/","url":"https:\/\/secure.gravatar.com\/avatar\/42263f39aa27ac04c43cab85c280eb2e?s=96&d=mm&r=pg","contentUrl":"https:\/\/secure.gravatar.com\/avatar\/42263f39aa27ac04c43cab85c280eb2e?s=96&d=mm&r=pg","caption":"Kul"},"logo":{"@id":"https:\/\/sandzakpress.net\/arhiva\/#\/schema\/person\/image\/"}},{"@type":"Person","@id":"https:\/\/sandzakpress.net\/arhiva\/#\/schema\/person\/cb59d7e3ab91ab90dd680ad0305a6185","name":"Agencija","image":{"@type":"ImageObject","inLanguage":"bs-BA","@id":"https:\/\/sandzakpress.net\/arhiva\/#\/schema\/person\/image\/","url":"https:\/\/secure.gravatar.com\/avatar\/4b7fafa80a22f0c2afe23966b3961fe0?s=96&d=mm&r=pg","contentUrl":"https:\/\/secure.gravatar.com\/avatar\/4b7fafa80a22f0c2afe23966b3961fe0?s=96&d=mm&r=pg","caption":"Agencija"},"url":"https:\/\/sandzakpress.net\/arhiva\/author\/agencija\/"}]}},"_links":{"self":[{"href":"https:\/\/sandzakpress.net\/arhiva\/wp-json\/wp\/v2\/posts\/210048"}],"collection":[{"href":"https:\/\/sandzakpress.net\/arhiva\/wp-json\/wp\/v2\/posts"}],"about":[{"href":"https:\/\/sandzakpress.net\/arhiva\/wp-json\/wp\/v2\/types\/post"}],"author":[{"embeddable":true,"href":"https:\/\/sandzakpress.net\/arhiva\/wp-json\/wp\/v2\/users\/509"}],"replies":[{"embeddable":true,"href":"https:\/\/sandzakpress.net\/arhiva\/wp-json\/wp\/v2\/comments?post=210048"}],"version-history":[{"count":0,"href":"https:\/\/sandzakpress.net\/arhiva\/wp-json\/wp\/v2\/posts\/210048\/revisions"}],"wp:featuredmedia":[{"embeddable":true,"href":"https:\/\/sandzakpress.net\/arhiva\/wp-json\/wp\/v2\/media\/210066"}],"wp:attachment":[{"href":"https:\/\/sandzakpress.net\/arhiva\/wp-json\/wp\/v2\/media?parent=210048"}],"wp:term":[{"taxonomy":"category","embeddable":true,"href":"https:\/\/sandzakpress.net\/arhiva\/wp-json\/wp\/v2\/categories?post=210048"},{"taxonomy":"post_tag","embeddable":true,"href":"https:\/\/sandzakpress.net\/arhiva\/wp-json\/wp\/v2\/tags?post=210048"}],"curies":[{"name":"wp","href":"https:\/\/api.w.org\/{rel}","templated":true}]}}