{"id":209829,"date":"2018-08-02T13:06:27","date_gmt":"2018-08-02T11:06:27","guid":{"rendered":"https:\/\/sandzakpress.net\/arhiva\/?p=209829"},"modified":"2018-08-02T13:06:27","modified_gmt":"2018-08-02T11:06:27","slug":"svaki-cetvrti-stanovnik-njemacke-ima-migracionu-pozadinu","status":"publish","type":"post","link":"https:\/\/sandzakpress.net\/arhiva\/svaki-cetvrti-stanovnik-njemacke-ima-migracionu-pozadinu\/","title":{"rendered":"Svaki \u010detvrti stanovnik Njema\u010dke ima migracionu pozadinu"},"content":{"rendered":"<p><img decoding=\"async\" src=\"https:\/\/rs.n1info.com\/Picture\/40167\/jpeg\/nemacka-re-12-.JPG\" alt=\"Slikovni rezultat za nema\u00c4\u008dka stranci\" \/><\/p>\n<p><strong><em>Pi\u0161e: Faruk Me\u0111edovi\u0107<\/em><\/strong><\/p>\n<p>&nbsp;<\/p>\n<p>Procenat ljudi sa stranim korijenima porastao je pro\u0161le godine za skoro pet procenata &#8211; gotovo 20 miliona je sada.<\/p>\n<ul>\n<li>Veliki deo njih ima tursko porijeklo. Mnogi tako\u0111e dolaze iz Poljske i Rusije.<\/li>\n<li>Ve\u0107ina ljudi u Njema\u010dkoj su \u00a0iz porodi\u010dnih razloga.<\/li>\n<\/ul>\n<p>Broj ljudi sa migracionom pozadinom u Njema\u010dkoj raste. 19,3 miliona u 2017. godini. To je za 4,4% vi\u0161e nego u prethodnoj godini. Ovo se vidi iz mikro popisa Saveznog zavoda za statistiku.<\/p>\n<p>Pove\u0107an je i broj ljudi sa migracionim polo\u017eajem koji nemaju njema\u010dko dr\u017eavljanstvo. Prema tome, 51% ljudi stranog porijekla imalo je njema\u010dki paso\u0161, 49% nije. Pore\u0111enja radi, u 2011. godini samo 42% ljudi sa migracionim polo\u017eajem nije imalo njema\u010dki paso\u0161.<\/p>\n<p>Od 19,3 miliona ljudi sa migrantskim porijeklom, oko 2,8 miliona (14%) bilo je turskih, 2,1 miliona (11%) poljskih, 1,4 miliona (7%) rusih i 1,2 miliona (6%) kazahstanskih \u00a0i 0,9 miliona (4%) rumunskih korijena. Prema Federalnom uredu, dr\u017eavljanin ima migracionu pozadinu ako on ili bar jedan roditelj imaju \u00a0inostrani paso\u0161.<\/p>\n<p>Od 24 miliona doma\u0107instava sa \u00a0vi\u0161e osoba u Njema\u010dkoj, 2,5 miliona su prete\u017eno njema\u010dki. U njima\u00a0 se naj\u010de\u0161\u0107e govorilo na turskom (17%), ruskom (15%), poljskom (8%) i arapskom (7%). Na koji jezik se komunicira zna\u010dajno zavisi od toga koliko ljudi u doma\u0107instvu ima migracionu pozadinu: ako vi\u0161e ljudi sa stranim korijenima \u017eivi u doma\u0107instvu, njema\u010dki se manje govori.<\/p>\n<p>Od ljudi sa migrantskim porijeklom, oko 13,2 miliona ljudi je imigriralo. Uglavnom su privu\u010deni u Njema\u010dku iz porodi\u010dnih razloga.<\/p>\n<p>Mikrocenzus je reprezentativna anketa doma\u0107instava. Oko 830.000 ljudi\u00a0 je \u00a0intervjuisano o njihovim\u00a0 uslovima\u00a0 \u017eivota. Ovo je jedan procenat populacije koji \u00a0je nasumi\u010dno izabran.<\/p>\n","protected":false},"excerpt":{"rendered":"<p>Pi\u0161e: Faruk Me\u0111edovi\u0107 &nbsp; Procenat ljudi sa stranim korijenima porastao je pro\u0161le godine za skoro pet procenata &#8211; gotovo 20 miliona je sada. Veliki deo njih ima tursko porijeklo. Mnogi tako\u0111e dolaze iz Poljske i Rusije. Ve\u0107ina ljudi u Njema\u010dkoj su \u00a0iz porodi\u010dnih razloga. Broj ljudi sa migracionom pozadinom u Njema\u010dkoj raste. 19,3 miliona u [&hellip;]<\/p>\n","protected":false},"author":509,"featured_media":209830,"comment_status":"open","ping_status":"open","sticky":false,"template":"","format":"standard","meta":{"footnotes":""},"categories":[9538,10196],"tags":[],"class_list":{"0":"post-209829","1":"post","2":"type-post","3":"status-publish","4":"format-standard","5":"has-post-thumbnail","7":"category-njemacka-dijaspora-gradovi-vase-vijesti","8":"category-iz-pera-nasih-autora"},"yoast_head":"<!-- This site is optimized with the Yoast SEO Premium plugin v23.1 (Yoast SEO v24.9) - https:\/\/yoast.com\/wordpress\/plugins\/seo\/ -->\n<title>Svaki \u010detvrti stanovnik Njema\u010dke ima migracionu pozadinu<\/title>\n<meta name=\"robots\" content=\"index, follow, max-snippet:-1, max-image-preview:large, max-video-preview:-1\" \/>\n<link rel=\"canonical\" href=\"https:\/\/sandzakpress.net\/arhiva\/svaki-cetvrti-stanovnik-njemacke-ima-migracionu-pozadinu\/\" \/>\n<meta property=\"og:locale\" content=\"bs_BA\" \/>\n<meta property=\"og:type\" content=\"article\" \/>\n<meta property=\"og:title\" content=\"Svaki \u010detvrti stanovnik Njema\u010dke ima migracionu pozadinu\" \/>\n<meta property=\"og:description\" content=\"Pi\u0161e: Faruk Me\u0111edovi\u0107 &nbsp; Procenat ljudi sa stranim korijenima porastao je pro\u0161le godine za skoro pet procenata &#8211; gotovo 20 miliona je sada. Veliki deo njih ima tursko porijeklo. Mnogi tako\u0111e dolaze iz Poljske i Rusije. Ve\u0107ina ljudi u Njema\u010dkoj su \u00a0iz porodi\u010dnih razloga. Broj ljudi sa migracionom pozadinom u Njema\u010dkoj raste. 19,3 miliona u [&hellip;]\" \/>\n<meta property=\"og:url\" content=\"https:\/\/sandzakpress.net\/arhiva\/svaki-cetvrti-stanovnik-njemacke-ima-migracionu-pozadinu\/\" \/>\n<meta property=\"og:site_name\" content=\"Sand\u017eak PRESS\" \/>\n<meta property=\"article:published_time\" content=\"2018-08-02T11:06:27+00:00\" \/>\n<meta property=\"og:image\" content=\"https:\/\/sandzakpress.net\/arhiva\/wp-content\/uploads\/2018\/08\/nemacka-re-12-.jpg\" \/>\n\t<meta property=\"og:image:width\" content=\"940\" \/>\n\t<meta property=\"og:image:height\" content=\"606\" \/>\n\t<meta property=\"og:image:type\" content=\"image\/jpeg\" \/>\n<meta name=\"author\" content=\"Agencija\" \/>\n<meta name=\"twitter:card\" content=\"summary_large_image\" \/>\n<meta name=\"twitter:label1\" content=\"Written by\" \/>\n\t<meta name=\"twitter:data1\" content=\"Agencija\" \/>\n\t<meta name=\"twitter:label2\" content=\"Est. reading time\" \/>\n\t<meta name=\"twitter:data2\" content=\"1 minuta\" \/>\n<script type=\"application\/ld+json\" class=\"yoast-schema-graph\">{\"@context\":\"https:\/\/schema.org\",\"@graph\":[{\"@type\":\"Article\",\"@id\":\"https:\/\/sandzakpress.net\/arhiva\/svaki-cetvrti-stanovnik-njemacke-ima-migracionu-pozadinu\/#article\",\"isPartOf\":{\"@id\":\"https:\/\/sandzakpress.net\/arhiva\/svaki-cetvrti-stanovnik-njemacke-ima-migracionu-pozadinu\/\"},\"author\":{\"name\":\"Agencija\",\"@id\":\"https:\/\/sandzakpress.net\/arhiva\/#\/schema\/person\/cb59d7e3ab91ab90dd680ad0305a6185\"},\"headline\":\"Svaki \u010detvrti stanovnik Njema\u010dke ima migracionu pozadinu\",\"datePublished\":\"2018-08-02T11:06:27+00:00\",\"mainEntityOfPage\":{\"@id\":\"https:\/\/sandzakpress.net\/arhiva\/svaki-cetvrti-stanovnik-njemacke-ima-migracionu-pozadinu\/\"},\"wordCount\":280,\"commentCount\":0,\"publisher\":{\"@id\":\"https:\/\/sandzakpress.net\/arhiva\/#\/schema\/person\/6e72b67d6e51910a1117b3b483ba20bd\"},\"image\":{\"@id\":\"https:\/\/sandzakpress.net\/arhiva\/svaki-cetvrti-stanovnik-njemacke-ima-migracionu-pozadinu\/#primaryimage\"},\"thumbnailUrl\":\"https:\/\/sandzakpress.net\/arhiva\/wp-content\/uploads\/2018\/08\/nemacka-re-12-.jpg\",\"articleSection\":[\"Njema\u010dka\",\"Iz pera na\u0161ih autora\"],\"inLanguage\":\"bs-BA\",\"potentialAction\":[{\"@type\":\"CommentAction\",\"name\":\"Comment\",\"target\":[\"https:\/\/sandzakpress.net\/arhiva\/svaki-cetvrti-stanovnik-njemacke-ima-migracionu-pozadinu\/#respond\"]}]},{\"@type\":\"WebPage\",\"@id\":\"https:\/\/sandzakpress.net\/arhiva\/svaki-cetvrti-stanovnik-njemacke-ima-migracionu-pozadinu\/\",\"url\":\"https:\/\/sandzakpress.net\/arhiva\/svaki-cetvrti-stanovnik-njemacke-ima-migracionu-pozadinu\/\",\"name\":\"Svaki \u010detvrti stanovnik Njema\u010dke ima migracionu pozadinu\",\"isPartOf\":{\"@id\":\"https:\/\/sandzakpress.net\/arhiva\/#website\"},\"primaryImageOfPage\":{\"@id\":\"https:\/\/sandzakpress.net\/arhiva\/svaki-cetvrti-stanovnik-njemacke-ima-migracionu-pozadinu\/#primaryimage\"},\"image\":{\"@id\":\"https:\/\/sandzakpress.net\/arhiva\/svaki-cetvrti-stanovnik-njemacke-ima-migracionu-pozadinu\/#primaryimage\"},\"thumbnailUrl\":\"https:\/\/sandzakpress.net\/arhiva\/wp-content\/uploads\/2018\/08\/nemacka-re-12-.jpg\",\"datePublished\":\"2018-08-02T11:06:27+00:00\",\"breadcrumb\":{\"@id\":\"https:\/\/sandzakpress.net\/arhiva\/svaki-cetvrti-stanovnik-njemacke-ima-migracionu-pozadinu\/#breadcrumb\"},\"inLanguage\":\"bs-BA\",\"potentialAction\":[{\"@type\":\"ReadAction\",\"target\":[\"https:\/\/sandzakpress.net\/arhiva\/svaki-cetvrti-stanovnik-njemacke-ima-migracionu-pozadinu\/\"]}]},{\"@type\":\"ImageObject\",\"inLanguage\":\"bs-BA\",\"@id\":\"https:\/\/sandzakpress.net\/arhiva\/svaki-cetvrti-stanovnik-njemacke-ima-migracionu-pozadinu\/#primaryimage\",\"url\":\"https:\/\/sandzakpress.net\/arhiva\/wp-content\/uploads\/2018\/08\/nemacka-re-12-.jpg\",\"contentUrl\":\"https:\/\/sandzakpress.net\/arhiva\/wp-content\/uploads\/2018\/08\/nemacka-re-12-.jpg\",\"width\":940,\"height\":606},{\"@type\":\"BreadcrumbList\",\"@id\":\"https:\/\/sandzakpress.net\/arhiva\/svaki-cetvrti-stanovnik-njemacke-ima-migracionu-pozadinu\/#breadcrumb\",\"itemListElement\":[{\"@type\":\"ListItem\",\"position\":1,\"name\":\"Home\",\"item\":\"https:\/\/sandzakpress.net\/arhiva\/\"},{\"@type\":\"ListItem\",\"position\":2,\"name\":\"Svaki \u010detvrti stanovnik Njema\u010dke ima migracionu pozadinu\"}]},{\"@type\":\"WebSite\",\"@id\":\"https:\/\/sandzakpress.net\/arhiva\/#website\",\"url\":\"https:\/\/sandzakpress.net\/arhiva\/\",\"name\":\"Sand\u017eak PRESS\",\"description\":\"Prve elektronske novine u Sand\u017eaku\",\"publisher\":{\"@id\":\"https:\/\/sandzakpress.net\/arhiva\/#\/schema\/person\/6e72b67d6e51910a1117b3b483ba20bd\"},\"potentialAction\":[{\"@type\":\"SearchAction\",\"target\":{\"@type\":\"EntryPoint\",\"urlTemplate\":\"https:\/\/sandzakpress.net\/arhiva\/?s={search_term_string}\"},\"query-input\":{\"@type\":\"PropertyValueSpecification\",\"valueRequired\":true,\"valueName\":\"search_term_string\"}}],\"inLanguage\":\"bs-BA\"},{\"@type\":[\"Person\",\"Organization\"],\"@id\":\"https:\/\/sandzakpress.net\/arhiva\/#\/schema\/person\/6e72b67d6e51910a1117b3b483ba20bd\",\"name\":\"Kul\",\"image\":{\"@type\":\"ImageObject\",\"inLanguage\":\"bs-BA\",\"@id\":\"https:\/\/sandzakpress.net\/arhiva\/#\/schema\/person\/image\/\",\"url\":\"https:\/\/secure.gravatar.com\/avatar\/42263f39aa27ac04c43cab85c280eb2e?s=96&d=mm&r=pg\",\"contentUrl\":\"https:\/\/secure.gravatar.com\/avatar\/42263f39aa27ac04c43cab85c280eb2e?s=96&d=mm&r=pg\",\"caption\":\"Kul\"},\"logo\":{\"@id\":\"https:\/\/sandzakpress.net\/arhiva\/#\/schema\/person\/image\/\"}},{\"@type\":\"Person\",\"@id\":\"https:\/\/sandzakpress.net\/arhiva\/#\/schema\/person\/cb59d7e3ab91ab90dd680ad0305a6185\",\"name\":\"Agencija\",\"image\":{\"@type\":\"ImageObject\",\"inLanguage\":\"bs-BA\",\"@id\":\"https:\/\/sandzakpress.net\/arhiva\/#\/schema\/person\/image\/\",\"url\":\"https:\/\/secure.gravatar.com\/avatar\/4b7fafa80a22f0c2afe23966b3961fe0?s=96&d=mm&r=pg\",\"contentUrl\":\"https:\/\/secure.gravatar.com\/avatar\/4b7fafa80a22f0c2afe23966b3961fe0?s=96&d=mm&r=pg\",\"caption\":\"Agencija\"},\"url\":\"https:\/\/sandzakpress.net\/arhiva\/author\/agencija\/\"}]}<\/script>\n<!-- \/ Yoast SEO Premium plugin. -->","yoast_head_json":{"title":"Svaki \u010detvrti stanovnik Njema\u010dke ima migracionu pozadinu","robots":{"index":"index","follow":"follow","max-snippet":"max-snippet:-1","max-image-preview":"max-image-preview:large","max-video-preview":"max-video-preview:-1"},"canonical":"https:\/\/sandzakpress.net\/arhiva\/svaki-cetvrti-stanovnik-njemacke-ima-migracionu-pozadinu\/","og_locale":"bs_BA","og_type":"article","og_title":"Svaki \u010detvrti stanovnik Njema\u010dke ima migracionu pozadinu","og_description":"Pi\u0161e: Faruk Me\u0111edovi\u0107 &nbsp; Procenat ljudi sa stranim korijenima porastao je pro\u0161le godine za skoro pet procenata &#8211; gotovo 20 miliona je sada. Veliki deo njih ima tursko porijeklo. Mnogi tako\u0111e dolaze iz Poljske i Rusije. Ve\u0107ina ljudi u Njema\u010dkoj su \u00a0iz porodi\u010dnih razloga. Broj ljudi sa migracionom pozadinom u Njema\u010dkoj raste. 19,3 miliona u [&hellip;]","og_url":"https:\/\/sandzakpress.net\/arhiva\/svaki-cetvrti-stanovnik-njemacke-ima-migracionu-pozadinu\/","og_site_name":"Sand\u017eak PRESS","article_published_time":"2018-08-02T11:06:27+00:00","og_image":[{"width":940,"height":606,"url":"https:\/\/sandzakpress.net\/arhiva\/wp-content\/uploads\/2018\/08\/nemacka-re-12-.jpg","type":"image\/jpeg"}],"author":"Agencija","twitter_card":"summary_large_image","twitter_misc":{"Written by":"Agencija","Est. reading time":"1 minuta"},"schema":{"@context":"https:\/\/schema.org","@graph":[{"@type":"Article","@id":"https:\/\/sandzakpress.net\/arhiva\/svaki-cetvrti-stanovnik-njemacke-ima-migracionu-pozadinu\/#article","isPartOf":{"@id":"https:\/\/sandzakpress.net\/arhiva\/svaki-cetvrti-stanovnik-njemacke-ima-migracionu-pozadinu\/"},"author":{"name":"Agencija","@id":"https:\/\/sandzakpress.net\/arhiva\/#\/schema\/person\/cb59d7e3ab91ab90dd680ad0305a6185"},"headline":"Svaki \u010detvrti stanovnik Njema\u010dke ima migracionu pozadinu","datePublished":"2018-08-02T11:06:27+00:00","mainEntityOfPage":{"@id":"https:\/\/sandzakpress.net\/arhiva\/svaki-cetvrti-stanovnik-njemacke-ima-migracionu-pozadinu\/"},"wordCount":280,"commentCount":0,"publisher":{"@id":"https:\/\/sandzakpress.net\/arhiva\/#\/schema\/person\/6e72b67d6e51910a1117b3b483ba20bd"},"image":{"@id":"https:\/\/sandzakpress.net\/arhiva\/svaki-cetvrti-stanovnik-njemacke-ima-migracionu-pozadinu\/#primaryimage"},"thumbnailUrl":"https:\/\/sandzakpress.net\/arhiva\/wp-content\/uploads\/2018\/08\/nemacka-re-12-.jpg","articleSection":["Njema\u010dka","Iz pera na\u0161ih autora"],"inLanguage":"bs-BA","potentialAction":[{"@type":"CommentAction","name":"Comment","target":["https:\/\/sandzakpress.net\/arhiva\/svaki-cetvrti-stanovnik-njemacke-ima-migracionu-pozadinu\/#respond"]}]},{"@type":"WebPage","@id":"https:\/\/sandzakpress.net\/arhiva\/svaki-cetvrti-stanovnik-njemacke-ima-migracionu-pozadinu\/","url":"https:\/\/sandzakpress.net\/arhiva\/svaki-cetvrti-stanovnik-njemacke-ima-migracionu-pozadinu\/","name":"Svaki \u010detvrti stanovnik Njema\u010dke ima migracionu pozadinu","isPartOf":{"@id":"https:\/\/sandzakpress.net\/arhiva\/#website"},"primaryImageOfPage":{"@id":"https:\/\/sandzakpress.net\/arhiva\/svaki-cetvrti-stanovnik-njemacke-ima-migracionu-pozadinu\/#primaryimage"},"image":{"@id":"https:\/\/sandzakpress.net\/arhiva\/svaki-cetvrti-stanovnik-njemacke-ima-migracionu-pozadinu\/#primaryimage"},"thumbnailUrl":"https:\/\/sandzakpress.net\/arhiva\/wp-content\/uploads\/2018\/08\/nemacka-re-12-.jpg","datePublished":"2018-08-02T11:06:27+00:00","breadcrumb":{"@id":"https:\/\/sandzakpress.net\/arhiva\/svaki-cetvrti-stanovnik-njemacke-ima-migracionu-pozadinu\/#breadcrumb"},"inLanguage":"bs-BA","potentialAction":[{"@type":"ReadAction","target":["https:\/\/sandzakpress.net\/arhiva\/svaki-cetvrti-stanovnik-njemacke-ima-migracionu-pozadinu\/"]}]},{"@type":"ImageObject","inLanguage":"bs-BA","@id":"https:\/\/sandzakpress.net\/arhiva\/svaki-cetvrti-stanovnik-njemacke-ima-migracionu-pozadinu\/#primaryimage","url":"https:\/\/sandzakpress.net\/arhiva\/wp-content\/uploads\/2018\/08\/nemacka-re-12-.jpg","contentUrl":"https:\/\/sandzakpress.net\/arhiva\/wp-content\/uploads\/2018\/08\/nemacka-re-12-.jpg","width":940,"height":606},{"@type":"BreadcrumbList","@id":"https:\/\/sandzakpress.net\/arhiva\/svaki-cetvrti-stanovnik-njemacke-ima-migracionu-pozadinu\/#breadcrumb","itemListElement":[{"@type":"ListItem","position":1,"name":"Home","item":"https:\/\/sandzakpress.net\/arhiva\/"},{"@type":"ListItem","position":2,"name":"Svaki \u010detvrti stanovnik Njema\u010dke ima migracionu pozadinu"}]},{"@type":"WebSite","@id":"https:\/\/sandzakpress.net\/arhiva\/#website","url":"https:\/\/sandzakpress.net\/arhiva\/","name":"Sand\u017eak PRESS","description":"Prve elektronske novine u Sand\u017eaku","publisher":{"@id":"https:\/\/sandzakpress.net\/arhiva\/#\/schema\/person\/6e72b67d6e51910a1117b3b483ba20bd"},"potentialAction":[{"@type":"SearchAction","target":{"@type":"EntryPoint","urlTemplate":"https:\/\/sandzakpress.net\/arhiva\/?s={search_term_string}"},"query-input":{"@type":"PropertyValueSpecification","valueRequired":true,"valueName":"search_term_string"}}],"inLanguage":"bs-BA"},{"@type":["Person","Organization"],"@id":"https:\/\/sandzakpress.net\/arhiva\/#\/schema\/person\/6e72b67d6e51910a1117b3b483ba20bd","name":"Kul","image":{"@type":"ImageObject","inLanguage":"bs-BA","@id":"https:\/\/sandzakpress.net\/arhiva\/#\/schema\/person\/image\/","url":"https:\/\/secure.gravatar.com\/avatar\/42263f39aa27ac04c43cab85c280eb2e?s=96&d=mm&r=pg","contentUrl":"https:\/\/secure.gravatar.com\/avatar\/42263f39aa27ac04c43cab85c280eb2e?s=96&d=mm&r=pg","caption":"Kul"},"logo":{"@id":"https:\/\/sandzakpress.net\/arhiva\/#\/schema\/person\/image\/"}},{"@type":"Person","@id":"https:\/\/sandzakpress.net\/arhiva\/#\/schema\/person\/cb59d7e3ab91ab90dd680ad0305a6185","name":"Agencija","image":{"@type":"ImageObject","inLanguage":"bs-BA","@id":"https:\/\/sandzakpress.net\/arhiva\/#\/schema\/person\/image\/","url":"https:\/\/secure.gravatar.com\/avatar\/4b7fafa80a22f0c2afe23966b3961fe0?s=96&d=mm&r=pg","contentUrl":"https:\/\/secure.gravatar.com\/avatar\/4b7fafa80a22f0c2afe23966b3961fe0?s=96&d=mm&r=pg","caption":"Agencija"},"url":"https:\/\/sandzakpress.net\/arhiva\/author\/agencija\/"}]}},"_links":{"self":[{"href":"https:\/\/sandzakpress.net\/arhiva\/wp-json\/wp\/v2\/posts\/209829"}],"collection":[{"href":"https:\/\/sandzakpress.net\/arhiva\/wp-json\/wp\/v2\/posts"}],"about":[{"href":"https:\/\/sandzakpress.net\/arhiva\/wp-json\/wp\/v2\/types\/post"}],"author":[{"embeddable":true,"href":"https:\/\/sandzakpress.net\/arhiva\/wp-json\/wp\/v2\/users\/509"}],"replies":[{"embeddable":true,"href":"https:\/\/sandzakpress.net\/arhiva\/wp-json\/wp\/v2\/comments?post=209829"}],"version-history":[{"count":0,"href":"https:\/\/sandzakpress.net\/arhiva\/wp-json\/wp\/v2\/posts\/209829\/revisions"}],"wp:featuredmedia":[{"embeddable":true,"href":"https:\/\/sandzakpress.net\/arhiva\/wp-json\/wp\/v2\/media\/209830"}],"wp:attachment":[{"href":"https:\/\/sandzakpress.net\/arhiva\/wp-json\/wp\/v2\/media?parent=209829"}],"wp:term":[{"taxonomy":"category","embeddable":true,"href":"https:\/\/sandzakpress.net\/arhiva\/wp-json\/wp\/v2\/categories?post=209829"},{"taxonomy":"post_tag","embeddable":true,"href":"https:\/\/sandzakpress.net\/arhiva\/wp-json\/wp\/v2\/tags?post=209829"}],"curies":[{"name":"wp","href":"https:\/\/api.w.org\/{rel}","templated":true}]}}