{"id":209774,"date":"2018-08-01T16:01:58","date_gmt":"2018-08-01T14:01:58","guid":{"rendered":"https:\/\/sandzakpress.net\/arhiva\/?p=209774"},"modified":"2018-08-01T16:01:58","modified_gmt":"2018-08-01T14:01:58","slug":"vucic-ne-smeta-mi-kad-bosnjaci-kazu-da-vole-sandzak","status":"publish","type":"post","link":"https:\/\/sandzakpress.net\/arhiva\/vucic-ne-smeta-mi-kad-bosnjaci-kazu-da-vole-sandzak\/","title":{"rendered":"Vu\u010di\u0107: Ne smeta mi kad Bo\u0161njaci ka\u017eu da vole Sand\u017eak"},"content":{"rendered":"<p><img decoding=\"async\" class=\"aligncenter\" src=\"http:\/\/www.sandzacke.rs\/wp-content\/uploads\/2018\/03\/vucic-19-696x469.jpg\" \/><\/p>\n<p><strong>Predsjednik Srbije Aleksandar Vu\u010di\u0107 izjavio je u srijedu kako je za Srbiju va\u017eno o\u010duvanje mira u regiji te da Bosna i Hercegovina u tom kontekstu ima klju\u010dni zna\u010daj.<\/strong><\/p>\n<p>Vu\u010di\u0107 je, gostuju\u0107i na televiziji Pink, kazao kako mu ne smeta kad Bo\u0161njaci ka\u017eu \u201cda vole ra\u0161ku oblast, ili kako je oni nazivaju Sand\u017eak\u201d.<\/p>\n<p>\u201cMi nemamo problem s tim, i kao \u0161to mi gradimo \u0161kole i bolnice u RS-u koje se nazivaju Srbija, Vuk Karad\u017ei\u0107 i sli\u010dno, rekao sam im da mi nemamo ni\u0161ta protiv da i oni izgrade \u0161kole, bolnice u ra\u0161koj oblasti i da nose ime BiH. Me\u0111utim, od kada sam im to rekao niko nije izgradio nijednu osim Srbije, koja gradi i u Novom Pazaru, Sjenici, Srebrenici\u201d, ustvrdio je srbijanski predsjednik.<\/p>\n<p>Ocijenio je kako je dobrodo\u0161la svaka investicija u obrazovanje i zdravstvo te da Srbija ni\u0161ta protiv toga da se takva ustanova zove BiH, prenijeli su beogradski mediji.<\/p>\n<p>(Fena)<\/p>\n","protected":false},"excerpt":{"rendered":"<p>Predsjednik Srbije Aleksandar Vu\u010di\u0107 izjavio je u srijedu kako je za Srbiju va\u017eno o\u010duvanje mira u regiji te da Bosna i Hercegovina u tom kontekstu ima klju\u010dni zna\u010daj. Vu\u010di\u0107 je, gostuju\u0107i na televiziji Pink, kazao kako mu ne smeta kad Bo\u0161njaci ka\u017eu \u201cda vole ra\u0161ku oblast, ili kako je oni nazivaju Sand\u017eak\u201d. \u201cMi nemamo problem [&hellip;]<\/p>\n","protected":false},"author":509,"featured_media":209775,"comment_status":"open","ping_status":"open","sticky":false,"template":"","format":"standard","meta":{"footnotes":""},"categories":[72,1,8957],"tags":[],"class_list":{"0":"post-209774","1":"post","2":"type-post","3":"status-publish","4":"format-standard","5":"has-post-thumbnail","7":"category-novi-pazar","8":"category-politika","9":"category-vijesti-dana"},"yoast_head":"<!-- This site is optimized with the Yoast SEO Premium plugin v23.1 (Yoast SEO v24.9) - https:\/\/yoast.com\/wordpress\/plugins\/seo\/ -->\n<title>Vu\u010di\u0107: Ne smeta mi kad Bo\u0161njaci ka\u017eu da vole Sand\u017eak<\/title>\n<meta name=\"robots\" content=\"index, follow, max-snippet:-1, max-image-preview:large, max-video-preview:-1\" \/>\n<link rel=\"canonical\" href=\"https:\/\/sandzakpress.net\/arhiva\/vucic-ne-smeta-mi-kad-bosnjaci-kazu-da-vole-sandzak\/\" \/>\n<meta property=\"og:locale\" content=\"bs_BA\" \/>\n<meta property=\"og:type\" content=\"article\" \/>\n<meta property=\"og:title\" content=\"Vu\u010di\u0107: Ne smeta mi kad Bo\u0161njaci ka\u017eu da vole Sand\u017eak\" \/>\n<meta property=\"og:description\" content=\"Predsjednik Srbije Aleksandar Vu\u010di\u0107 izjavio je u srijedu kako je za Srbiju va\u017eno o\u010duvanje mira u regiji te da Bosna i Hercegovina u tom kontekstu ima klju\u010dni zna\u010daj. Vu\u010di\u0107 je, gostuju\u0107i na televiziji Pink, kazao kako mu ne smeta kad Bo\u0161njaci ka\u017eu \u201cda vole ra\u0161ku oblast, ili kako je oni nazivaju Sand\u017eak\u201d. \u201cMi nemamo problem [&hellip;]\" \/>\n<meta property=\"og:url\" content=\"https:\/\/sandzakpress.net\/arhiva\/vucic-ne-smeta-mi-kad-bosnjaci-kazu-da-vole-sandzak\/\" \/>\n<meta property=\"og:site_name\" content=\"Sand\u017eak PRESS\" \/>\n<meta property=\"article:published_time\" content=\"2018-08-01T14:01:58+00:00\" \/>\n<meta property=\"og:image\" content=\"https:\/\/sandzakpress.net\/arhiva\/wp-content\/uploads\/2018\/08\/vucic-19-696x469.jpg\" \/>\n\t<meta property=\"og:image:width\" content=\"696\" \/>\n\t<meta property=\"og:image:height\" content=\"469\" \/>\n\t<meta property=\"og:image:type\" content=\"image\/jpeg\" \/>\n<meta name=\"author\" content=\"Agencija\" \/>\n<meta name=\"twitter:card\" content=\"summary_large_image\" \/>\n<meta name=\"twitter:label1\" content=\"Written by\" \/>\n\t<meta name=\"twitter:data1\" content=\"Agencija\" \/>\n\t<meta name=\"twitter:label2\" content=\"Est. reading time\" \/>\n\t<meta name=\"twitter:data2\" content=\"1 minuta\" \/>\n<script type=\"application\/ld+json\" class=\"yoast-schema-graph\">{\"@context\":\"https:\/\/schema.org\",\"@graph\":[{\"@type\":\"Article\",\"@id\":\"https:\/\/sandzakpress.net\/arhiva\/vucic-ne-smeta-mi-kad-bosnjaci-kazu-da-vole-sandzak\/#article\",\"isPartOf\":{\"@id\":\"https:\/\/sandzakpress.net\/arhiva\/vucic-ne-smeta-mi-kad-bosnjaci-kazu-da-vole-sandzak\/\"},\"author\":{\"name\":\"Agencija\",\"@id\":\"https:\/\/sandzakpress.net\/arhiva\/#\/schema\/person\/cb59d7e3ab91ab90dd680ad0305a6185\"},\"headline\":\"Vu\u010di\u0107: Ne smeta mi kad Bo\u0161njaci ka\u017eu da vole Sand\u017eak\",\"datePublished\":\"2018-08-01T14:01:58+00:00\",\"mainEntityOfPage\":{\"@id\":\"https:\/\/sandzakpress.net\/arhiva\/vucic-ne-smeta-mi-kad-bosnjaci-kazu-da-vole-sandzak\/\"},\"wordCount\":182,\"commentCount\":59,\"publisher\":{\"@id\":\"https:\/\/sandzakpress.net\/arhiva\/#\/schema\/person\/6e72b67d6e51910a1117b3b483ba20bd\"},\"image\":{\"@id\":\"https:\/\/sandzakpress.net\/arhiva\/vucic-ne-smeta-mi-kad-bosnjaci-kazu-da-vole-sandzak\/#primaryimage\"},\"thumbnailUrl\":\"https:\/\/sandzakpress.net\/arhiva\/wp-content\/uploads\/2018\/08\/vucic-19-696x469.jpg\",\"articleSection\":[\"Novi Pazar\",\"Politika\",\"VIJESTI DANA\"],\"inLanguage\":\"bs-BA\",\"potentialAction\":[{\"@type\":\"CommentAction\",\"name\":\"Comment\",\"target\":[\"https:\/\/sandzakpress.net\/arhiva\/vucic-ne-smeta-mi-kad-bosnjaci-kazu-da-vole-sandzak\/#respond\"]}]},{\"@type\":\"WebPage\",\"@id\":\"https:\/\/sandzakpress.net\/arhiva\/vucic-ne-smeta-mi-kad-bosnjaci-kazu-da-vole-sandzak\/\",\"url\":\"https:\/\/sandzakpress.net\/arhiva\/vucic-ne-smeta-mi-kad-bosnjaci-kazu-da-vole-sandzak\/\",\"name\":\"Vu\u010di\u0107: Ne smeta mi kad Bo\u0161njaci ka\u017eu da vole Sand\u017eak\",\"isPartOf\":{\"@id\":\"https:\/\/sandzakpress.net\/arhiva\/#website\"},\"primaryImageOfPage\":{\"@id\":\"https:\/\/sandzakpress.net\/arhiva\/vucic-ne-smeta-mi-kad-bosnjaci-kazu-da-vole-sandzak\/#primaryimage\"},\"image\":{\"@id\":\"https:\/\/sandzakpress.net\/arhiva\/vucic-ne-smeta-mi-kad-bosnjaci-kazu-da-vole-sandzak\/#primaryimage\"},\"thumbnailUrl\":\"https:\/\/sandzakpress.net\/arhiva\/wp-content\/uploads\/2018\/08\/vucic-19-696x469.jpg\",\"datePublished\":\"2018-08-01T14:01:58+00:00\",\"breadcrumb\":{\"@id\":\"https:\/\/sandzakpress.net\/arhiva\/vucic-ne-smeta-mi-kad-bosnjaci-kazu-da-vole-sandzak\/#breadcrumb\"},\"inLanguage\":\"bs-BA\",\"potentialAction\":[{\"@type\":\"ReadAction\",\"target\":[\"https:\/\/sandzakpress.net\/arhiva\/vucic-ne-smeta-mi-kad-bosnjaci-kazu-da-vole-sandzak\/\"]}]},{\"@type\":\"ImageObject\",\"inLanguage\":\"bs-BA\",\"@id\":\"https:\/\/sandzakpress.net\/arhiva\/vucic-ne-smeta-mi-kad-bosnjaci-kazu-da-vole-sandzak\/#primaryimage\",\"url\":\"https:\/\/sandzakpress.net\/arhiva\/wp-content\/uploads\/2018\/08\/vucic-19-696x469.jpg\",\"contentUrl\":\"https:\/\/sandzakpress.net\/arhiva\/wp-content\/uploads\/2018\/08\/vucic-19-696x469.jpg\",\"width\":696,\"height\":469},{\"@type\":\"BreadcrumbList\",\"@id\":\"https:\/\/sandzakpress.net\/arhiva\/vucic-ne-smeta-mi-kad-bosnjaci-kazu-da-vole-sandzak\/#breadcrumb\",\"itemListElement\":[{\"@type\":\"ListItem\",\"position\":1,\"name\":\"Home\",\"item\":\"https:\/\/sandzakpress.net\/arhiva\/\"},{\"@type\":\"ListItem\",\"position\":2,\"name\":\"Vu\u010di\u0107: Ne smeta mi kad Bo\u0161njaci ka\u017eu da vole Sand\u017eak\"}]},{\"@type\":\"WebSite\",\"@id\":\"https:\/\/sandzakpress.net\/arhiva\/#website\",\"url\":\"https:\/\/sandzakpress.net\/arhiva\/\",\"name\":\"Sand\u017eak PRESS\",\"description\":\"Prve elektronske novine u Sand\u017eaku\",\"publisher\":{\"@id\":\"https:\/\/sandzakpress.net\/arhiva\/#\/schema\/person\/6e72b67d6e51910a1117b3b483ba20bd\"},\"potentialAction\":[{\"@type\":\"SearchAction\",\"target\":{\"@type\":\"EntryPoint\",\"urlTemplate\":\"https:\/\/sandzakpress.net\/arhiva\/?s={search_term_string}\"},\"query-input\":{\"@type\":\"PropertyValueSpecification\",\"valueRequired\":true,\"valueName\":\"search_term_string\"}}],\"inLanguage\":\"bs-BA\"},{\"@type\":[\"Person\",\"Organization\"],\"@id\":\"https:\/\/sandzakpress.net\/arhiva\/#\/schema\/person\/6e72b67d6e51910a1117b3b483ba20bd\",\"name\":\"Kul\",\"image\":{\"@type\":\"ImageObject\",\"inLanguage\":\"bs-BA\",\"@id\":\"https:\/\/sandzakpress.net\/arhiva\/#\/schema\/person\/image\/\",\"url\":\"https:\/\/secure.gravatar.com\/avatar\/42263f39aa27ac04c43cab85c280eb2e?s=96&d=mm&r=pg\",\"contentUrl\":\"https:\/\/secure.gravatar.com\/avatar\/42263f39aa27ac04c43cab85c280eb2e?s=96&d=mm&r=pg\",\"caption\":\"Kul\"},\"logo\":{\"@id\":\"https:\/\/sandzakpress.net\/arhiva\/#\/schema\/person\/image\/\"}},{\"@type\":\"Person\",\"@id\":\"https:\/\/sandzakpress.net\/arhiva\/#\/schema\/person\/cb59d7e3ab91ab90dd680ad0305a6185\",\"name\":\"Agencija\",\"image\":{\"@type\":\"ImageObject\",\"inLanguage\":\"bs-BA\",\"@id\":\"https:\/\/sandzakpress.net\/arhiva\/#\/schema\/person\/image\/\",\"url\":\"https:\/\/secure.gravatar.com\/avatar\/4b7fafa80a22f0c2afe23966b3961fe0?s=96&d=mm&r=pg\",\"contentUrl\":\"https:\/\/secure.gravatar.com\/avatar\/4b7fafa80a22f0c2afe23966b3961fe0?s=96&d=mm&r=pg\",\"caption\":\"Agencija\"},\"url\":\"https:\/\/sandzakpress.net\/arhiva\/author\/agencija\/\"}]}<\/script>\n<!-- \/ Yoast SEO Premium plugin. -->","yoast_head_json":{"title":"Vu\u010di\u0107: Ne smeta mi kad Bo\u0161njaci ka\u017eu da vole Sand\u017eak","robots":{"index":"index","follow":"follow","max-snippet":"max-snippet:-1","max-image-preview":"max-image-preview:large","max-video-preview":"max-video-preview:-1"},"canonical":"https:\/\/sandzakpress.net\/arhiva\/vucic-ne-smeta-mi-kad-bosnjaci-kazu-da-vole-sandzak\/","og_locale":"bs_BA","og_type":"article","og_title":"Vu\u010di\u0107: Ne smeta mi kad Bo\u0161njaci ka\u017eu da vole Sand\u017eak","og_description":"Predsjednik Srbije Aleksandar Vu\u010di\u0107 izjavio je u srijedu kako je za Srbiju va\u017eno o\u010duvanje mira u regiji te da Bosna i Hercegovina u tom kontekstu ima klju\u010dni zna\u010daj. Vu\u010di\u0107 je, gostuju\u0107i na televiziji Pink, kazao kako mu ne smeta kad Bo\u0161njaci ka\u017eu \u201cda vole ra\u0161ku oblast, ili kako je oni nazivaju Sand\u017eak\u201d. \u201cMi nemamo problem [&hellip;]","og_url":"https:\/\/sandzakpress.net\/arhiva\/vucic-ne-smeta-mi-kad-bosnjaci-kazu-da-vole-sandzak\/","og_site_name":"Sand\u017eak PRESS","article_published_time":"2018-08-01T14:01:58+00:00","og_image":[{"width":696,"height":469,"url":"https:\/\/sandzakpress.net\/arhiva\/wp-content\/uploads\/2018\/08\/vucic-19-696x469.jpg","type":"image\/jpeg"}],"author":"Agencija","twitter_card":"summary_large_image","twitter_misc":{"Written by":"Agencija","Est. reading time":"1 minuta"},"schema":{"@context":"https:\/\/schema.org","@graph":[{"@type":"Article","@id":"https:\/\/sandzakpress.net\/arhiva\/vucic-ne-smeta-mi-kad-bosnjaci-kazu-da-vole-sandzak\/#article","isPartOf":{"@id":"https:\/\/sandzakpress.net\/arhiva\/vucic-ne-smeta-mi-kad-bosnjaci-kazu-da-vole-sandzak\/"},"author":{"name":"Agencija","@id":"https:\/\/sandzakpress.net\/arhiva\/#\/schema\/person\/cb59d7e3ab91ab90dd680ad0305a6185"},"headline":"Vu\u010di\u0107: Ne smeta mi kad Bo\u0161njaci ka\u017eu da vole Sand\u017eak","datePublished":"2018-08-01T14:01:58+00:00","mainEntityOfPage":{"@id":"https:\/\/sandzakpress.net\/arhiva\/vucic-ne-smeta-mi-kad-bosnjaci-kazu-da-vole-sandzak\/"},"wordCount":182,"commentCount":59,"publisher":{"@id":"https:\/\/sandzakpress.net\/arhiva\/#\/schema\/person\/6e72b67d6e51910a1117b3b483ba20bd"},"image":{"@id":"https:\/\/sandzakpress.net\/arhiva\/vucic-ne-smeta-mi-kad-bosnjaci-kazu-da-vole-sandzak\/#primaryimage"},"thumbnailUrl":"https:\/\/sandzakpress.net\/arhiva\/wp-content\/uploads\/2018\/08\/vucic-19-696x469.jpg","articleSection":["Novi Pazar","Politika","VIJESTI DANA"],"inLanguage":"bs-BA","potentialAction":[{"@type":"CommentAction","name":"Comment","target":["https:\/\/sandzakpress.net\/arhiva\/vucic-ne-smeta-mi-kad-bosnjaci-kazu-da-vole-sandzak\/#respond"]}]},{"@type":"WebPage","@id":"https:\/\/sandzakpress.net\/arhiva\/vucic-ne-smeta-mi-kad-bosnjaci-kazu-da-vole-sandzak\/","url":"https:\/\/sandzakpress.net\/arhiva\/vucic-ne-smeta-mi-kad-bosnjaci-kazu-da-vole-sandzak\/","name":"Vu\u010di\u0107: Ne smeta mi kad Bo\u0161njaci ka\u017eu da vole Sand\u017eak","isPartOf":{"@id":"https:\/\/sandzakpress.net\/arhiva\/#website"},"primaryImageOfPage":{"@id":"https:\/\/sandzakpress.net\/arhiva\/vucic-ne-smeta-mi-kad-bosnjaci-kazu-da-vole-sandzak\/#primaryimage"},"image":{"@id":"https:\/\/sandzakpress.net\/arhiva\/vucic-ne-smeta-mi-kad-bosnjaci-kazu-da-vole-sandzak\/#primaryimage"},"thumbnailUrl":"https:\/\/sandzakpress.net\/arhiva\/wp-content\/uploads\/2018\/08\/vucic-19-696x469.jpg","datePublished":"2018-08-01T14:01:58+00:00","breadcrumb":{"@id":"https:\/\/sandzakpress.net\/arhiva\/vucic-ne-smeta-mi-kad-bosnjaci-kazu-da-vole-sandzak\/#breadcrumb"},"inLanguage":"bs-BA","potentialAction":[{"@type":"ReadAction","target":["https:\/\/sandzakpress.net\/arhiva\/vucic-ne-smeta-mi-kad-bosnjaci-kazu-da-vole-sandzak\/"]}]},{"@type":"ImageObject","inLanguage":"bs-BA","@id":"https:\/\/sandzakpress.net\/arhiva\/vucic-ne-smeta-mi-kad-bosnjaci-kazu-da-vole-sandzak\/#primaryimage","url":"https:\/\/sandzakpress.net\/arhiva\/wp-content\/uploads\/2018\/08\/vucic-19-696x469.jpg","contentUrl":"https:\/\/sandzakpress.net\/arhiva\/wp-content\/uploads\/2018\/08\/vucic-19-696x469.jpg","width":696,"height":469},{"@type":"BreadcrumbList","@id":"https:\/\/sandzakpress.net\/arhiva\/vucic-ne-smeta-mi-kad-bosnjaci-kazu-da-vole-sandzak\/#breadcrumb","itemListElement":[{"@type":"ListItem","position":1,"name":"Home","item":"https:\/\/sandzakpress.net\/arhiva\/"},{"@type":"ListItem","position":2,"name":"Vu\u010di\u0107: Ne smeta mi kad Bo\u0161njaci ka\u017eu da vole Sand\u017eak"}]},{"@type":"WebSite","@id":"https:\/\/sandzakpress.net\/arhiva\/#website","url":"https:\/\/sandzakpress.net\/arhiva\/","name":"Sand\u017eak PRESS","description":"Prve elektronske novine u Sand\u017eaku","publisher":{"@id":"https:\/\/sandzakpress.net\/arhiva\/#\/schema\/person\/6e72b67d6e51910a1117b3b483ba20bd"},"potentialAction":[{"@type":"SearchAction","target":{"@type":"EntryPoint","urlTemplate":"https:\/\/sandzakpress.net\/arhiva\/?s={search_term_string}"},"query-input":{"@type":"PropertyValueSpecification","valueRequired":true,"valueName":"search_term_string"}}],"inLanguage":"bs-BA"},{"@type":["Person","Organization"],"@id":"https:\/\/sandzakpress.net\/arhiva\/#\/schema\/person\/6e72b67d6e51910a1117b3b483ba20bd","name":"Kul","image":{"@type":"ImageObject","inLanguage":"bs-BA","@id":"https:\/\/sandzakpress.net\/arhiva\/#\/schema\/person\/image\/","url":"https:\/\/secure.gravatar.com\/avatar\/42263f39aa27ac04c43cab85c280eb2e?s=96&d=mm&r=pg","contentUrl":"https:\/\/secure.gravatar.com\/avatar\/42263f39aa27ac04c43cab85c280eb2e?s=96&d=mm&r=pg","caption":"Kul"},"logo":{"@id":"https:\/\/sandzakpress.net\/arhiva\/#\/schema\/person\/image\/"}},{"@type":"Person","@id":"https:\/\/sandzakpress.net\/arhiva\/#\/schema\/person\/cb59d7e3ab91ab90dd680ad0305a6185","name":"Agencija","image":{"@type":"ImageObject","inLanguage":"bs-BA","@id":"https:\/\/sandzakpress.net\/arhiva\/#\/schema\/person\/image\/","url":"https:\/\/secure.gravatar.com\/avatar\/4b7fafa80a22f0c2afe23966b3961fe0?s=96&d=mm&r=pg","contentUrl":"https:\/\/secure.gravatar.com\/avatar\/4b7fafa80a22f0c2afe23966b3961fe0?s=96&d=mm&r=pg","caption":"Agencija"},"url":"https:\/\/sandzakpress.net\/arhiva\/author\/agencija\/"}]}},"_links":{"self":[{"href":"https:\/\/sandzakpress.net\/arhiva\/wp-json\/wp\/v2\/posts\/209774"}],"collection":[{"href":"https:\/\/sandzakpress.net\/arhiva\/wp-json\/wp\/v2\/posts"}],"about":[{"href":"https:\/\/sandzakpress.net\/arhiva\/wp-json\/wp\/v2\/types\/post"}],"author":[{"embeddable":true,"href":"https:\/\/sandzakpress.net\/arhiva\/wp-json\/wp\/v2\/users\/509"}],"replies":[{"embeddable":true,"href":"https:\/\/sandzakpress.net\/arhiva\/wp-json\/wp\/v2\/comments?post=209774"}],"version-history":[{"count":0,"href":"https:\/\/sandzakpress.net\/arhiva\/wp-json\/wp\/v2\/posts\/209774\/revisions"}],"wp:featuredmedia":[{"embeddable":true,"href":"https:\/\/sandzakpress.net\/arhiva\/wp-json\/wp\/v2\/media\/209775"}],"wp:attachment":[{"href":"https:\/\/sandzakpress.net\/arhiva\/wp-json\/wp\/v2\/media?parent=209774"}],"wp:term":[{"taxonomy":"category","embeddable":true,"href":"https:\/\/sandzakpress.net\/arhiva\/wp-json\/wp\/v2\/categories?post=209774"},{"taxonomy":"post_tag","embeddable":true,"href":"https:\/\/sandzakpress.net\/arhiva\/wp-json\/wp\/v2\/tags?post=209774"}],"curies":[{"name":"wp","href":"https:\/\/api.w.org\/{rel}","templated":true}]}}