{"id":209722,"date":"2018-07-30T15:40:03","date_gmt":"2018-07-30T13:40:03","guid":{"rendered":"https:\/\/sandzakpress.net\/arhiva\/?p=209722"},"modified":"2018-07-30T23:00:01","modified_gmt":"2018-07-30T21:00:01","slug":"plavljanka-proslavila-100-rodendan-video","status":"publish","type":"post","link":"https:\/\/sandzakpress.net\/arhiva\/plavljanka-proslavila-100-rodendan-video\/","title":{"rendered":"Plavljanka proslavila 100. ro\u0111endan (VIDEO)"},"content":{"rendered":"<p><img decoding=\"async\" class=\"aligncenter\" src=\"http:\/\/www.sandzaklive.rs\/images\/000\/jhghj87687.jpg\" alt=\"jhghj87687\" \/><\/p>\n<p><strong>Raza \u0160ahmanovi\u0107 iz Plava nedavno je proslavila stoti ro\u0111endan i postala najstarija \u017eena u tom kraju. Svoju dugovje\u010dnost pripisuje velikom radu i pozitivnom razmi\u0161ljanju, a ka\u017ee da je za kvalitetan i dug \u017eivot potrebna zdrava i sre\u0107na porodica, umjerenost i dru\u017eenje s ljudima.<\/strong><\/p>\n<p>U stotinu godina Raze \u0160ahmanovi\u0107 stalo je i mnogo neda\u0107a i radosti. Vitalna i bistroumna Plavljanka je do prije dvije godine radila u vrtu, a sada uglavnom odmara u ba\u0161ti, u\u017eiva na suncu, u susretima sa kom\u0161ijama i prijateljima.<\/p>\n<p>Kao svaka dobra doma\u0107ica goste do\u010dekuje doma\u0107om kafom. Gostoljubiva i nasmijana, i dalje dobrog vida i sluha, svoju dugovje\u010dnost pripisuje velikom radu.<\/p>\n<p>Pominje Raza kako je sa \u017eenama iz varo\u0161i ranila na rijeku. Na njoj se uz razgovor prao ve\u0161.<\/p>\n<p>Na pitanje koja je tajna njene dugovje\u010dnosti odgovara da nema ni savjeta ni recepta.<\/p>\n<p>Nikada nije voljela slatki\u0161e i vo\u0107e. Ono \u010dega se ne odri\u010de je \u010da\u0161a doma\u0107eg mlijeka i kri\u0161ka sira.<\/p>\n<p>Potrebni su, ka\u017ee, zdrava i sre\u0107na porodica, sloga u ku\u0107i. To je gradila sa svojim pokojnim suprugom Osmanom sa kojim je izrodila \u0161estoro djece i koji je znao da je za\u0161titi.<\/p>\n<p>Radila je Raza i kao sobarica u Plavskom hotelu, zaradila penziju. Voljela je da se dru\u017ei, da isprati sve kulturne dogadjaje u gradu. Sada najvi\u0161e u\u017eiva u tome da uspomene podijeli sa djecom od kojih petoro \u017eivi u inostranstvu. Najbli\u017ea joj je \u0107erka Kimeta, ostali dolaze i po nekoliko puta godi\u0161nje.<\/p>\n<p>Nedavno je Raza po prvi put u svom \u017eivotu imala rodjendansku zabavu. Sre\u0107na medju tri sina, tri \u0107erke, osamnaestoro unu\u010dadi i \u0161esnaestoro praunuka, tog dana postala je i najstarija \u017eena u Plavskom kraju.<\/p>\n<div class=\"moduletable\">\u00a0<\/div>\n<div class=\"moduletable\">\n<div class=\"mod_facebook_embedded_videos \">\n<div class=\"fb-video fb_iframe_widget fb_iframe_widget_fluid_desktop\" data-href=\"https:\/\/www.facebook.com\/PortalRTCG\/videos\/2127985363939524\/\" data-width=\"728\"><iframe loading=\"lazy\" class=\"\" title=\"fb:video Facebook Social Plugin\" src=\"https:\/\/www.facebook.com\/plugins\/video.php?app_id=&amp;channel=http%3A%2F%2Fstaticxx.facebook.com%2Fconnect%2Fxd_arbiter%2Fr%2FbSTT5dUx9MY.js%3Fversion%3D42%23cb%3Dff923b8c466168%26domain%3Dwww.sandzaklive.rs%26origin%3Dhttp%253A%252F%252Fwww.sandzaklive.rs%252Ff19d50550b929a4%26relation%3Dparent.parent&amp;container_width=716&amp;href=https%3A%2F%2Fwww.facebook.com%2FPortalRTCG%2Fvideos%2F2127985363939524%2F&amp;locale=en_US&amp;sdk=joey&amp;width=728\" name=\"f25aea0b704561c\" width=\"728px\" height=\"1000px\" frameborder=\"0\" scrolling=\"no\" allowfullscreen=\"allowfullscreen\" data-mce-fragment=\"1\"><\/iframe><\/div>\n<\/div>\n<\/div>\n<div class=\"moduletable\">\u00a0<\/div>\n","protected":false},"excerpt":{"rendered":"<p>Raza \u0160ahmanovi\u0107 iz Plava nedavno je proslavila stoti ro\u0111endan i postala najstarija \u017eena u tom kraju. Svoju dugovje\u010dnost pripisuje velikom radu i pozitivnom razmi\u0161ljanju, a ka\u017ee da je za kvalitetan i dug \u017eivot potrebna zdrava i sre\u0107na porodica, umjerenost i dru\u017eenje s ljudima. U stotinu godina Raze \u0160ahmanovi\u0107 stalo je i mnogo neda\u0107a i radosti. [&hellip;]<\/p>\n","protected":false},"author":509,"featured_media":209726,"comment_status":"open","ping_status":"open","sticky":false,"template":"","format":"standard","meta":{"footnotes":""},"categories":[399,5,10429],"tags":[],"class_list":{"0":"post-209722","1":"post","2":"type-post","3":"status-publish","4":"format-standard","5":"has-post-thumbnail","7":"category-plav_","8":"category-drustvo","9":"category-vazno"},"yoast_head":"<!-- This site is optimized with the Yoast SEO Premium plugin v23.1 (Yoast SEO v24.9) - https:\/\/yoast.com\/wordpress\/plugins\/seo\/ -->\n<title>Plavljanka proslavila 100. ro\u0111endan (VIDEO)<\/title>\n<meta name=\"robots\" content=\"index, follow, max-snippet:-1, max-image-preview:large, max-video-preview:-1\" \/>\n<link rel=\"canonical\" href=\"https:\/\/sandzakpress.net\/arhiva\/plavljanka-proslavila-100-rodendan-video\/\" \/>\n<meta property=\"og:locale\" content=\"bs_BA\" \/>\n<meta property=\"og:type\" content=\"article\" \/>\n<meta property=\"og:title\" content=\"Plavljanka proslavila 100. ro\u0111endan (VIDEO)\" \/>\n<meta property=\"og:description\" content=\"Raza \u0160ahmanovi\u0107 iz Plava nedavno je proslavila stoti ro\u0111endan i postala najstarija \u017eena u tom kraju. Svoju dugovje\u010dnost pripisuje velikom radu i pozitivnom razmi\u0161ljanju, a ka\u017ee da je za kvalitetan i dug \u017eivot potrebna zdrava i sre\u0107na porodica, umjerenost i dru\u017eenje s ljudima. U stotinu godina Raze \u0160ahmanovi\u0107 stalo je i mnogo neda\u0107a i radosti. [&hellip;]\" \/>\n<meta property=\"og:url\" content=\"https:\/\/sandzakpress.net\/arhiva\/plavljanka-proslavila-100-rodendan-video\/\" \/>\n<meta property=\"og:site_name\" content=\"Sand\u017eak PRESS\" \/>\n<meta property=\"article:published_time\" content=\"2018-07-30T13:40:03+00:00\" \/>\n<meta property=\"article:modified_time\" content=\"2018-07-30T21:00:01+00:00\" \/>\n<meta property=\"og:image\" content=\"https:\/\/sandzakpress.net\/arhiva\/wp-content\/uploads\/2018\/07\/jhghj87687.jpg\" \/>\n\t<meta property=\"og:image:width\" content=\"548\" \/>\n\t<meta property=\"og:image:height\" content=\"306\" \/>\n\t<meta property=\"og:image:type\" content=\"image\/jpeg\" \/>\n<meta name=\"author\" content=\"Agencija\" \/>\n<meta name=\"twitter:card\" content=\"summary_large_image\" \/>\n<meta name=\"twitter:label1\" content=\"Written by\" \/>\n\t<meta name=\"twitter:data1\" content=\"Agencija\" \/>\n\t<meta name=\"twitter:label2\" content=\"Est. reading time\" \/>\n\t<meta name=\"twitter:data2\" content=\"2 minute\" \/>\n<script type=\"application\/ld+json\" class=\"yoast-schema-graph\">{\"@context\":\"https:\/\/schema.org\",\"@graph\":[{\"@type\":\"Article\",\"@id\":\"https:\/\/sandzakpress.net\/arhiva\/plavljanka-proslavila-100-rodendan-video\/#article\",\"isPartOf\":{\"@id\":\"https:\/\/sandzakpress.net\/arhiva\/plavljanka-proslavila-100-rodendan-video\/\"},\"author\":{\"name\":\"Agencija\",\"@id\":\"https:\/\/sandzakpress.net\/arhiva\/#\/schema\/person\/cb59d7e3ab91ab90dd680ad0305a6185\"},\"headline\":\"Plavljanka proslavila 100. ro\u0111endan (VIDEO)\",\"datePublished\":\"2018-07-30T13:40:03+00:00\",\"dateModified\":\"2018-07-30T21:00:01+00:00\",\"mainEntityOfPage\":{\"@id\":\"https:\/\/sandzakpress.net\/arhiva\/plavljanka-proslavila-100-rodendan-video\/\"},\"wordCount\":307,\"commentCount\":0,\"publisher\":{\"@id\":\"https:\/\/sandzakpress.net\/arhiva\/#\/schema\/person\/6e72b67d6e51910a1117b3b483ba20bd\"},\"image\":{\"@id\":\"https:\/\/sandzakpress.net\/arhiva\/plavljanka-proslavila-100-rodendan-video\/#primaryimage\"},\"thumbnailUrl\":\"https:\/\/sandzakpress.net\/arhiva\/wp-content\/uploads\/2018\/07\/jhghj87687.jpg\",\"articleSection\":[\"Plav\",\"Dru\u0161tvo\",\"VA\u017dNO!\"],\"inLanguage\":\"bs-BA\",\"potentialAction\":[{\"@type\":\"CommentAction\",\"name\":\"Comment\",\"target\":[\"https:\/\/sandzakpress.net\/arhiva\/plavljanka-proslavila-100-rodendan-video\/#respond\"]}]},{\"@type\":\"WebPage\",\"@id\":\"https:\/\/sandzakpress.net\/arhiva\/plavljanka-proslavila-100-rodendan-video\/\",\"url\":\"https:\/\/sandzakpress.net\/arhiva\/plavljanka-proslavila-100-rodendan-video\/\",\"name\":\"Plavljanka proslavila 100. ro\u0111endan (VIDEO)\",\"isPartOf\":{\"@id\":\"https:\/\/sandzakpress.net\/arhiva\/#website\"},\"primaryImageOfPage\":{\"@id\":\"https:\/\/sandzakpress.net\/arhiva\/plavljanka-proslavila-100-rodendan-video\/#primaryimage\"},\"image\":{\"@id\":\"https:\/\/sandzakpress.net\/arhiva\/plavljanka-proslavila-100-rodendan-video\/#primaryimage\"},\"thumbnailUrl\":\"https:\/\/sandzakpress.net\/arhiva\/wp-content\/uploads\/2018\/07\/jhghj87687.jpg\",\"datePublished\":\"2018-07-30T13:40:03+00:00\",\"dateModified\":\"2018-07-30T21:00:01+00:00\",\"breadcrumb\":{\"@id\":\"https:\/\/sandzakpress.net\/arhiva\/plavljanka-proslavila-100-rodendan-video\/#breadcrumb\"},\"inLanguage\":\"bs-BA\",\"potentialAction\":[{\"@type\":\"ReadAction\",\"target\":[\"https:\/\/sandzakpress.net\/arhiva\/plavljanka-proslavila-100-rodendan-video\/\"]}]},{\"@type\":\"ImageObject\",\"inLanguage\":\"bs-BA\",\"@id\":\"https:\/\/sandzakpress.net\/arhiva\/plavljanka-proslavila-100-rodendan-video\/#primaryimage\",\"url\":\"https:\/\/sandzakpress.net\/arhiva\/wp-content\/uploads\/2018\/07\/jhghj87687.jpg\",\"contentUrl\":\"https:\/\/sandzakpress.net\/arhiva\/wp-content\/uploads\/2018\/07\/jhghj87687.jpg\",\"width\":548,\"height\":306},{\"@type\":\"BreadcrumbList\",\"@id\":\"https:\/\/sandzakpress.net\/arhiva\/plavljanka-proslavila-100-rodendan-video\/#breadcrumb\",\"itemListElement\":[{\"@type\":\"ListItem\",\"position\":1,\"name\":\"Home\",\"item\":\"https:\/\/sandzakpress.net\/arhiva\/\"},{\"@type\":\"ListItem\",\"position\":2,\"name\":\"Plavljanka proslavila 100. ro\u0111endan (VIDEO)\"}]},{\"@type\":\"WebSite\",\"@id\":\"https:\/\/sandzakpress.net\/arhiva\/#website\",\"url\":\"https:\/\/sandzakpress.net\/arhiva\/\",\"name\":\"Sand\u017eak PRESS\",\"description\":\"Prve elektronske novine u Sand\u017eaku\",\"publisher\":{\"@id\":\"https:\/\/sandzakpress.net\/arhiva\/#\/schema\/person\/6e72b67d6e51910a1117b3b483ba20bd\"},\"potentialAction\":[{\"@type\":\"SearchAction\",\"target\":{\"@type\":\"EntryPoint\",\"urlTemplate\":\"https:\/\/sandzakpress.net\/arhiva\/?s={search_term_string}\"},\"query-input\":{\"@type\":\"PropertyValueSpecification\",\"valueRequired\":true,\"valueName\":\"search_term_string\"}}],\"inLanguage\":\"bs-BA\"},{\"@type\":[\"Person\",\"Organization\"],\"@id\":\"https:\/\/sandzakpress.net\/arhiva\/#\/schema\/person\/6e72b67d6e51910a1117b3b483ba20bd\",\"name\":\"Kul\",\"image\":{\"@type\":\"ImageObject\",\"inLanguage\":\"bs-BA\",\"@id\":\"https:\/\/sandzakpress.net\/arhiva\/#\/schema\/person\/image\/\",\"url\":\"https:\/\/secure.gravatar.com\/avatar\/42263f39aa27ac04c43cab85c280eb2e?s=96&d=mm&r=pg\",\"contentUrl\":\"https:\/\/secure.gravatar.com\/avatar\/42263f39aa27ac04c43cab85c280eb2e?s=96&d=mm&r=pg\",\"caption\":\"Kul\"},\"logo\":{\"@id\":\"https:\/\/sandzakpress.net\/arhiva\/#\/schema\/person\/image\/\"}},{\"@type\":\"Person\",\"@id\":\"https:\/\/sandzakpress.net\/arhiva\/#\/schema\/person\/cb59d7e3ab91ab90dd680ad0305a6185\",\"name\":\"Agencija\",\"image\":{\"@type\":\"ImageObject\",\"inLanguage\":\"bs-BA\",\"@id\":\"https:\/\/sandzakpress.net\/arhiva\/#\/schema\/person\/image\/\",\"url\":\"https:\/\/secure.gravatar.com\/avatar\/4b7fafa80a22f0c2afe23966b3961fe0?s=96&d=mm&r=pg\",\"contentUrl\":\"https:\/\/secure.gravatar.com\/avatar\/4b7fafa80a22f0c2afe23966b3961fe0?s=96&d=mm&r=pg\",\"caption\":\"Agencija\"},\"url\":\"https:\/\/sandzakpress.net\/arhiva\/author\/agencija\/\"}]}<\/script>\n<!-- \/ Yoast SEO Premium plugin. -->","yoast_head_json":{"title":"Plavljanka proslavila 100. ro\u0111endan (VIDEO)","robots":{"index":"index","follow":"follow","max-snippet":"max-snippet:-1","max-image-preview":"max-image-preview:large","max-video-preview":"max-video-preview:-1"},"canonical":"https:\/\/sandzakpress.net\/arhiva\/plavljanka-proslavila-100-rodendan-video\/","og_locale":"bs_BA","og_type":"article","og_title":"Plavljanka proslavila 100. ro\u0111endan (VIDEO)","og_description":"Raza \u0160ahmanovi\u0107 iz Plava nedavno je proslavila stoti ro\u0111endan i postala najstarija \u017eena u tom kraju. Svoju dugovje\u010dnost pripisuje velikom radu i pozitivnom razmi\u0161ljanju, a ka\u017ee da je za kvalitetan i dug \u017eivot potrebna zdrava i sre\u0107na porodica, umjerenost i dru\u017eenje s ljudima. U stotinu godina Raze \u0160ahmanovi\u0107 stalo je i mnogo neda\u0107a i radosti. [&hellip;]","og_url":"https:\/\/sandzakpress.net\/arhiva\/plavljanka-proslavila-100-rodendan-video\/","og_site_name":"Sand\u017eak PRESS","article_published_time":"2018-07-30T13:40:03+00:00","article_modified_time":"2018-07-30T21:00:01+00:00","og_image":[{"width":548,"height":306,"url":"https:\/\/sandzakpress.net\/arhiva\/wp-content\/uploads\/2018\/07\/jhghj87687.jpg","type":"image\/jpeg"}],"author":"Agencija","twitter_card":"summary_large_image","twitter_misc":{"Written by":"Agencija","Est. reading time":"2 minute"},"schema":{"@context":"https:\/\/schema.org","@graph":[{"@type":"Article","@id":"https:\/\/sandzakpress.net\/arhiva\/plavljanka-proslavila-100-rodendan-video\/#article","isPartOf":{"@id":"https:\/\/sandzakpress.net\/arhiva\/plavljanka-proslavila-100-rodendan-video\/"},"author":{"name":"Agencija","@id":"https:\/\/sandzakpress.net\/arhiva\/#\/schema\/person\/cb59d7e3ab91ab90dd680ad0305a6185"},"headline":"Plavljanka proslavila 100. ro\u0111endan (VIDEO)","datePublished":"2018-07-30T13:40:03+00:00","dateModified":"2018-07-30T21:00:01+00:00","mainEntityOfPage":{"@id":"https:\/\/sandzakpress.net\/arhiva\/plavljanka-proslavila-100-rodendan-video\/"},"wordCount":307,"commentCount":0,"publisher":{"@id":"https:\/\/sandzakpress.net\/arhiva\/#\/schema\/person\/6e72b67d6e51910a1117b3b483ba20bd"},"image":{"@id":"https:\/\/sandzakpress.net\/arhiva\/plavljanka-proslavila-100-rodendan-video\/#primaryimage"},"thumbnailUrl":"https:\/\/sandzakpress.net\/arhiva\/wp-content\/uploads\/2018\/07\/jhghj87687.jpg","articleSection":["Plav","Dru\u0161tvo","VA\u017dNO!"],"inLanguage":"bs-BA","potentialAction":[{"@type":"CommentAction","name":"Comment","target":["https:\/\/sandzakpress.net\/arhiva\/plavljanka-proslavila-100-rodendan-video\/#respond"]}]},{"@type":"WebPage","@id":"https:\/\/sandzakpress.net\/arhiva\/plavljanka-proslavila-100-rodendan-video\/","url":"https:\/\/sandzakpress.net\/arhiva\/plavljanka-proslavila-100-rodendan-video\/","name":"Plavljanka proslavila 100. ro\u0111endan (VIDEO)","isPartOf":{"@id":"https:\/\/sandzakpress.net\/arhiva\/#website"},"primaryImageOfPage":{"@id":"https:\/\/sandzakpress.net\/arhiva\/plavljanka-proslavila-100-rodendan-video\/#primaryimage"},"image":{"@id":"https:\/\/sandzakpress.net\/arhiva\/plavljanka-proslavila-100-rodendan-video\/#primaryimage"},"thumbnailUrl":"https:\/\/sandzakpress.net\/arhiva\/wp-content\/uploads\/2018\/07\/jhghj87687.jpg","datePublished":"2018-07-30T13:40:03+00:00","dateModified":"2018-07-30T21:00:01+00:00","breadcrumb":{"@id":"https:\/\/sandzakpress.net\/arhiva\/plavljanka-proslavila-100-rodendan-video\/#breadcrumb"},"inLanguage":"bs-BA","potentialAction":[{"@type":"ReadAction","target":["https:\/\/sandzakpress.net\/arhiva\/plavljanka-proslavila-100-rodendan-video\/"]}]},{"@type":"ImageObject","inLanguage":"bs-BA","@id":"https:\/\/sandzakpress.net\/arhiva\/plavljanka-proslavila-100-rodendan-video\/#primaryimage","url":"https:\/\/sandzakpress.net\/arhiva\/wp-content\/uploads\/2018\/07\/jhghj87687.jpg","contentUrl":"https:\/\/sandzakpress.net\/arhiva\/wp-content\/uploads\/2018\/07\/jhghj87687.jpg","width":548,"height":306},{"@type":"BreadcrumbList","@id":"https:\/\/sandzakpress.net\/arhiva\/plavljanka-proslavila-100-rodendan-video\/#breadcrumb","itemListElement":[{"@type":"ListItem","position":1,"name":"Home","item":"https:\/\/sandzakpress.net\/arhiva\/"},{"@type":"ListItem","position":2,"name":"Plavljanka proslavila 100. ro\u0111endan (VIDEO)"}]},{"@type":"WebSite","@id":"https:\/\/sandzakpress.net\/arhiva\/#website","url":"https:\/\/sandzakpress.net\/arhiva\/","name":"Sand\u017eak PRESS","description":"Prve elektronske novine u Sand\u017eaku","publisher":{"@id":"https:\/\/sandzakpress.net\/arhiva\/#\/schema\/person\/6e72b67d6e51910a1117b3b483ba20bd"},"potentialAction":[{"@type":"SearchAction","target":{"@type":"EntryPoint","urlTemplate":"https:\/\/sandzakpress.net\/arhiva\/?s={search_term_string}"},"query-input":{"@type":"PropertyValueSpecification","valueRequired":true,"valueName":"search_term_string"}}],"inLanguage":"bs-BA"},{"@type":["Person","Organization"],"@id":"https:\/\/sandzakpress.net\/arhiva\/#\/schema\/person\/6e72b67d6e51910a1117b3b483ba20bd","name":"Kul","image":{"@type":"ImageObject","inLanguage":"bs-BA","@id":"https:\/\/sandzakpress.net\/arhiva\/#\/schema\/person\/image\/","url":"https:\/\/secure.gravatar.com\/avatar\/42263f39aa27ac04c43cab85c280eb2e?s=96&d=mm&r=pg","contentUrl":"https:\/\/secure.gravatar.com\/avatar\/42263f39aa27ac04c43cab85c280eb2e?s=96&d=mm&r=pg","caption":"Kul"},"logo":{"@id":"https:\/\/sandzakpress.net\/arhiva\/#\/schema\/person\/image\/"}},{"@type":"Person","@id":"https:\/\/sandzakpress.net\/arhiva\/#\/schema\/person\/cb59d7e3ab91ab90dd680ad0305a6185","name":"Agencija","image":{"@type":"ImageObject","inLanguage":"bs-BA","@id":"https:\/\/sandzakpress.net\/arhiva\/#\/schema\/person\/image\/","url":"https:\/\/secure.gravatar.com\/avatar\/4b7fafa80a22f0c2afe23966b3961fe0?s=96&d=mm&r=pg","contentUrl":"https:\/\/secure.gravatar.com\/avatar\/4b7fafa80a22f0c2afe23966b3961fe0?s=96&d=mm&r=pg","caption":"Agencija"},"url":"https:\/\/sandzakpress.net\/arhiva\/author\/agencija\/"}]}},"_links":{"self":[{"href":"https:\/\/sandzakpress.net\/arhiva\/wp-json\/wp\/v2\/posts\/209722"}],"collection":[{"href":"https:\/\/sandzakpress.net\/arhiva\/wp-json\/wp\/v2\/posts"}],"about":[{"href":"https:\/\/sandzakpress.net\/arhiva\/wp-json\/wp\/v2\/types\/post"}],"author":[{"embeddable":true,"href":"https:\/\/sandzakpress.net\/arhiva\/wp-json\/wp\/v2\/users\/509"}],"replies":[{"embeddable":true,"href":"https:\/\/sandzakpress.net\/arhiva\/wp-json\/wp\/v2\/comments?post=209722"}],"version-history":[{"count":0,"href":"https:\/\/sandzakpress.net\/arhiva\/wp-json\/wp\/v2\/posts\/209722\/revisions"}],"wp:featuredmedia":[{"embeddable":true,"href":"https:\/\/sandzakpress.net\/arhiva\/wp-json\/wp\/v2\/media\/209726"}],"wp:attachment":[{"href":"https:\/\/sandzakpress.net\/arhiva\/wp-json\/wp\/v2\/media?parent=209722"}],"wp:term":[{"taxonomy":"category","embeddable":true,"href":"https:\/\/sandzakpress.net\/arhiva\/wp-json\/wp\/v2\/categories?post=209722"},{"taxonomy":"post_tag","embeddable":true,"href":"https:\/\/sandzakpress.net\/arhiva\/wp-json\/wp\/v2\/tags?post=209722"}],"curies":[{"name":"wp","href":"https:\/\/api.w.org\/{rel}","templated":true}]}}