{"id":209590,"date":"2018-07-26T12:46:41","date_gmt":"2018-07-26T10:46:41","guid":{"rendered":"https:\/\/sandzakpress.net\/arhiva\/?p=209590"},"modified":"2018-07-26T12:49:28","modified_gmt":"2018-07-26T10:49:28","slug":"spp-najostrije-osudila-sovinizam-radete-i-dodika","status":"publish","type":"post","link":"https:\/\/sandzakpress.net\/arhiva\/spp-najostrije-osudila-sovinizam-radete-i-dodika\/","title":{"rendered":"SPP najo\u0161trije osudila \u0161ovinizam Radete i Dodika"},"content":{"rendered":"<p><img decoding=\"async\" src=\"http:\/\/sanapress.info\/wp-content\/uploads\/2018\/07\/11.jpg\" \/><\/p>\n<p><strong>U prostorijama Stranke pravde i pomirenja odr\u017eana je press konferencija na kojoj je govorio predsjednik Politi\u010dkog savjeta te stranke dr. Admir Muratovi\u0107 na temu: \u201cBo\u0161nja\u010dka heroina, \u201eMajka \u0161ehida\u201c, Hatid\u017ea Mehmedovi\u0107\u201d.<\/strong><\/p>\n<p><iframe loading=\"lazy\" title=\"Tema dana - SPP najo\u0161trije osudila \u0161ovinizam Radete i Dodika\" width=\"696\" height=\"522\" src=\"https:\/\/www.youtube.com\/embed\/LvkIfBK8F9U?feature=oembed\" frameborder=\"0\" allow=\"accelerometer; autoplay; encrypted-media; gyroscope; picture-in-picture\" allowfullscreen><\/iframe><\/p>\n<p><em><strong>\u201cMajka Hatid\u017ea Mehmedovi\u0107 je simbol borbe za pravdu, jer je godinama mirno, dostojanstveno i uporno istrajavala na putu borbe za istinu o Srebrenici, pogibiji svojih sinova, mu\u017ea, brata i mnogih drugih \u010dlanova njene porodice koji su \u017ertve genocida.<\/strong><\/em><br \/><em><strong>Simbol mira i pomirenja koja je, i pored svoje boli kao jedino \u0161to je imala, u ime Majki Srebrenice, stavila \u201esrebreni\u010dki cvijet\u201c na rever predsjedniku Srbije Aleksandru Vu\u010di\u0107u, kazav\u0161i mu tom prilikom da mu se zahvaljuje \u0161to je do\u0161ao \u201ena mjesto genocida\u201c, po\u017eelev\u0161i mu da ima snage na putu politike pomirenja, pokazav\u0161i pravo lice bo\u0161nja\u010dkog dostojanstva u momentima boli koje nema nikakvog dodira sa divljanjem pojedinaca tog istog dana.<\/strong><\/em><br \/><em><strong>Smrt Majke Hatid\u017ee je ujedinila \u010ditav normalan i humani svijet u po\u0161tovanju prema ovoj ljudskoj gromadi koju njena bol nije natjerala da mrzi \u010dak ni d\u017eelate, a kamoli one u \u010dije ime je izvr\u0161en genocid u Srebrenici\u201d,\u00a0<\/strong><\/em><strong>isti\u010de Muratovi\u0107.<\/strong><\/p>\n<p>Tom prilikom najo\u0161trije osu\u0111en \u0161ovinizam Milorada Dodika i Vjerice Radete koji su svojim izjavama izazvali osude u cijelom regionu.<\/p>\n<p><strong><em>\u201cNjena smrt je tako\u0111er ujedinila svakog normalnog \u010dovjeka u svijetu, koji su ostali zaprepa\u0161teni i zgro\u017eeni spram \u0161ovinizma i bolesne mr\u017enje koju je u povodu preseljenja na ahiret pokazala potpredsjednica Parlamenta Republike Srbije iz redova SRS-a, Vjerica Radeta.<\/em><\/strong><\/p>\n<p><em><strong>Ovakav odnos prema smrti bilo koga, a posebno majke srebreni\u010dkih \u0161ehida, a posebno na\u010din na koji je to uradjeno uzimaju\u0107i u obzir formulacije koje su kori\u0161tene natjera \u010dovjeka da zastane i da se zapita da li je mogu\u0107e da takve osobe mogu se izjutra probuditi, pogledati se u ogledalo, a da pritom ne izgore u plamenu svoje bolesne i mra\u010dne savjesti.<\/strong><\/em><br \/><strong><em>Ni\u0161ta manje morbidnije i opasnije nisu ni izjave predsjednika manjeg bh entiteta Milorada Dodika, koji je u svom \u0161ovinizmu ovog puta nadma\u0161io i sebe, idu\u0107i do te mjere da ezane sa d\u017eamija koristi kao alibi za propast ekonomske politike vlasti koju personificira, koriste\u0107i genocidne formulacije iz \u201eGorskog vijenca\u201c, nazivaju\u0107i u\u010denje ezana \u201eurlakanjem\u201c. Ovakve izjave ponajvi\u0161e govore o onima koji su ih kazali, ali zbog \u010dinjenice da obna\u0161aju visoke politi\u010dke funkcije zahtjevaju o\u0161tru osudu i to prije svega od predstavnika onih u \u010dije ime oni govore\u201d,<\/em>\u00a0dodao je Muratovi\u0107.<\/strong><\/p>\n<p>Dobro je da je predsjednica Skuptine Republike Srbije Maja Gojkovi\u0107 osudila izjavu Radete, kao i potpredsjednica Vlade Republike Srbije Zorana Mihajlovi\u0107, ali zbog \u010dinjenice da su ove izjave djelovale veoma uznemiruju\u0107e na Bo\u0161njake smatra se da to nije dovoljno, podvukao je Muratovi\u0107.<\/p>\n<p><em><strong>\u201cMi smo svjesni da dijalog i pomirenje me\u0111u narodima na Balkanu nema alternativu, a posebno izme\u0111u Bo\u0161njaka i Srba, ali se on ne mo\u017ee temeljiti na politici dvostrukih ar\u0161ina.<\/strong><\/em><br \/><em><strong>SPP ima snage da najo\u0161trije osudi ekstremizam i \u0161ovinizam koji je prisutan kada je u pitanju bo\u0161nja\u010dki politi\u010dki diskurs, ali isto tako vrh ove dr\u017eave, a prije svih predsjednik Srbije Aleksandar Vu\u010di\u0107 koji je agilan u osudi nacionalisti\u010dkih ispada Sulejmana Ugljanina, iako i on zna da je to jeftini dnevno-politi\u010dki marketing predsjednika SDA Sand\u017eaka, mora jasno i nedvosmisleno da osudi \u0161ovinisti\u010dko divljanje Radete i Dodika i time poka\u017ee da jeste predsjednik svih gra\u0111ana Srbije, pa i Bo\u0161njaka, kao i da ne dijeli stavove nekada\u0161nje politi\u010dke saradnice, Vjerice Radete, kao ni osobe sa kojom ima \u010deste politi\u010dke konsultacije, posebno u segmentu za\u0161tite nacionalnog interesa srpskog naroda, Milorada Dodika.<\/strong><\/em><br \/><em><strong>Ovo je va\u017eno za Bo\u0161njake, ali mnogo vi\u0161e treba srpskom narodu, jer ovo \u0161to rade Radeta i Dodik je zlo za Srbe\u201d,\u00a0<\/strong><\/em><strong>naglasio je Muratovi\u0107.<\/strong><\/p>\n<p>Ovim putem pozvani su svi politi\u010dki akteri na Balkanu, a posebno oni sa prostora biv\u0161e Jugoslavije da kona\u010dno shvate da \u0161ovinisti\u010dkom retorikom nanose zlo svima, ali ponajprije pripadnicima zajednica iz kojih poti\u010du, te da se okrenu politici dijaloga i pomirenja, zasnovanoj na istini i pravdi, kako bi se zajedni\u010dkim naporima, poru\u010duju iz SPP-a, stiglo do \u017eeljenog cilja, a to su mir i sigurnost za naredna pokoljenja i izvjesniju budu\u0107nost za prostor na kojem svi \u017eivimo.<\/p>\n<p>&nbsp;<\/p>\n<p><strong>SANA \u2013 Hamza \u0160krijelj<\/strong><\/p>\n<p><strong>FOTO: SANA<\/strong><\/p>\n","protected":false},"excerpt":{"rendered":"<p>U prostorijama Stranke pravde i pomirenja odr\u017eana je press konferencija na kojoj je govorio predsjednik Politi\u010dkog savjeta te stranke dr. Admir Muratovi\u0107 na temu: \u201cBo\u0161nja\u010dka heroina, \u201eMajka \u0161ehida\u201c, Hatid\u017ea Mehmedovi\u0107\u201d. \u201cMajka Hatid\u017ea Mehmedovi\u0107 je simbol borbe za pravdu, jer je godinama mirno, dostojanstveno i uporno istrajavala na putu borbe za istinu o Srebrenici, pogibiji svojih [&hellip;]<\/p>\n","protected":false},"author":501,"featured_media":209591,"comment_status":"open","ping_status":"open","sticky":false,"template":"","format":"standard","meta":{"footnotes":""},"categories":[72,1,10307,8957,798],"tags":[10541],"class_list":{"0":"post-209590","1":"post","2":"type-post","3":"status-publish","4":"format-standard","5":"has-post-thumbnail","7":"category-novi-pazar","8":"category-politika","9":"category-srbija","10":"category-vijesti-dana","11":"category-teme","12":"tag-spp"},"yoast_head":"<!-- This site is optimized with the Yoast SEO Premium plugin v23.1 (Yoast SEO v24.9) - https:\/\/yoast.com\/wordpress\/plugins\/seo\/ -->\n<title>SPP najo\u0161trije osudila \u0161ovinizam Radete i Dodika<\/title>\n<meta name=\"robots\" content=\"index, follow, max-snippet:-1, max-image-preview:large, max-video-preview:-1\" \/>\n<link rel=\"canonical\" href=\"https:\/\/sandzakpress.net\/arhiva\/spp-najostrije-osudila-sovinizam-radete-i-dodika\/\" \/>\n<meta property=\"og:locale\" content=\"bs_BA\" \/>\n<meta property=\"og:type\" content=\"article\" \/>\n<meta property=\"og:title\" content=\"SPP najo\u0161trije osudila \u0161ovinizam Radete i Dodika\" \/>\n<meta property=\"og:description\" content=\"U prostorijama Stranke pravde i pomirenja odr\u017eana je press konferencija na kojoj je govorio predsjednik Politi\u010dkog savjeta te stranke dr. Admir Muratovi\u0107 na temu: \u201cBo\u0161nja\u010dka heroina, \u201eMajka \u0161ehida\u201c, Hatid\u017ea Mehmedovi\u0107\u201d. \u201cMajka Hatid\u017ea Mehmedovi\u0107 je simbol borbe za pravdu, jer je godinama mirno, dostojanstveno i uporno istrajavala na putu borbe za istinu o Srebrenici, pogibiji svojih [&hellip;]\" \/>\n<meta property=\"og:url\" content=\"https:\/\/sandzakpress.net\/arhiva\/spp-najostrije-osudila-sovinizam-radete-i-dodika\/\" \/>\n<meta property=\"og:site_name\" content=\"Sand\u017eak PRESS\" \/>\n<meta property=\"article:published_time\" content=\"2018-07-26T10:46:41+00:00\" \/>\n<meta property=\"article:modified_time\" content=\"2018-07-26T10:49:28+00:00\" \/>\n<meta property=\"og:image\" content=\"https:\/\/sandzakpress.net\/arhiva\/wp-content\/uploads\/2018\/07\/11-2.jpg\" \/>\n\t<meta property=\"og:image:width\" content=\"1280\" \/>\n\t<meta property=\"og:image:height\" content=\"960\" \/>\n\t<meta property=\"og:image:type\" content=\"image\/jpeg\" \/>\n<meta name=\"author\" content=\"SM\" \/>\n<meta name=\"twitter:card\" content=\"summary_large_image\" \/>\n<meta name=\"twitter:label1\" content=\"Written by\" \/>\n\t<meta name=\"twitter:data1\" content=\"SM\" \/>\n\t<meta name=\"twitter:label2\" content=\"Est. reading time\" \/>\n\t<meta name=\"twitter:data2\" content=\"4 minute\" \/>\n<script type=\"application\/ld+json\" class=\"yoast-schema-graph\">{\"@context\":\"https:\/\/schema.org\",\"@graph\":[{\"@type\":\"Article\",\"@id\":\"https:\/\/sandzakpress.net\/arhiva\/spp-najostrije-osudila-sovinizam-radete-i-dodika\/#article\",\"isPartOf\":{\"@id\":\"https:\/\/sandzakpress.net\/arhiva\/spp-najostrije-osudila-sovinizam-radete-i-dodika\/\"},\"author\":{\"name\":\"SM\",\"@id\":\"https:\/\/sandzakpress.net\/arhiva\/#\/schema\/person\/32f63b6bc693126333e4b1d8cccb52ac\"},\"headline\":\"SPP najo\u0161trije osudila \u0161ovinizam Radete i Dodika\",\"datePublished\":\"2018-07-26T10:46:41+00:00\",\"dateModified\":\"2018-07-26T10:49:28+00:00\",\"mainEntityOfPage\":{\"@id\":\"https:\/\/sandzakpress.net\/arhiva\/spp-najostrije-osudila-sovinizam-radete-i-dodika\/\"},\"wordCount\":760,\"commentCount\":1,\"publisher\":{\"@id\":\"https:\/\/sandzakpress.net\/arhiva\/#\/schema\/person\/6e72b67d6e51910a1117b3b483ba20bd\"},\"image\":{\"@id\":\"https:\/\/sandzakpress.net\/arhiva\/spp-najostrije-osudila-sovinizam-radete-i-dodika\/#primaryimage\"},\"thumbnailUrl\":\"https:\/\/sandzakpress.net\/arhiva\/wp-content\/uploads\/2018\/07\/11-2.jpg\",\"keywords\":[\"SPP\"],\"articleSection\":[\"Novi Pazar\",\"Politika\",\"Srbija\",\"VIJESTI DANA\",\"NAJNOVIJE\"],\"inLanguage\":\"bs-BA\",\"potentialAction\":[{\"@type\":\"CommentAction\",\"name\":\"Comment\",\"target\":[\"https:\/\/sandzakpress.net\/arhiva\/spp-najostrije-osudila-sovinizam-radete-i-dodika\/#respond\"]}]},{\"@type\":\"WebPage\",\"@id\":\"https:\/\/sandzakpress.net\/arhiva\/spp-najostrije-osudila-sovinizam-radete-i-dodika\/\",\"url\":\"https:\/\/sandzakpress.net\/arhiva\/spp-najostrije-osudila-sovinizam-radete-i-dodika\/\",\"name\":\"SPP najo\u0161trije osudila \u0161ovinizam Radete i Dodika\",\"isPartOf\":{\"@id\":\"https:\/\/sandzakpress.net\/arhiva\/#website\"},\"primaryImageOfPage\":{\"@id\":\"https:\/\/sandzakpress.net\/arhiva\/spp-najostrije-osudila-sovinizam-radete-i-dodika\/#primaryimage\"},\"image\":{\"@id\":\"https:\/\/sandzakpress.net\/arhiva\/spp-najostrije-osudila-sovinizam-radete-i-dodika\/#primaryimage\"},\"thumbnailUrl\":\"https:\/\/sandzakpress.net\/arhiva\/wp-content\/uploads\/2018\/07\/11-2.jpg\",\"datePublished\":\"2018-07-26T10:46:41+00:00\",\"dateModified\":\"2018-07-26T10:49:28+00:00\",\"breadcrumb\":{\"@id\":\"https:\/\/sandzakpress.net\/arhiva\/spp-najostrije-osudila-sovinizam-radete-i-dodika\/#breadcrumb\"},\"inLanguage\":\"bs-BA\",\"potentialAction\":[{\"@type\":\"ReadAction\",\"target\":[\"https:\/\/sandzakpress.net\/arhiva\/spp-najostrije-osudila-sovinizam-radete-i-dodika\/\"]}]},{\"@type\":\"ImageObject\",\"inLanguage\":\"bs-BA\",\"@id\":\"https:\/\/sandzakpress.net\/arhiva\/spp-najostrije-osudila-sovinizam-radete-i-dodika\/#primaryimage\",\"url\":\"https:\/\/sandzakpress.net\/arhiva\/wp-content\/uploads\/2018\/07\/11-2.jpg\",\"contentUrl\":\"https:\/\/sandzakpress.net\/arhiva\/wp-content\/uploads\/2018\/07\/11-2.jpg\",\"width\":1280,\"height\":960},{\"@type\":\"BreadcrumbList\",\"@id\":\"https:\/\/sandzakpress.net\/arhiva\/spp-najostrije-osudila-sovinizam-radete-i-dodika\/#breadcrumb\",\"itemListElement\":[{\"@type\":\"ListItem\",\"position\":1,\"name\":\"Home\",\"item\":\"https:\/\/sandzakpress.net\/arhiva\/\"},{\"@type\":\"ListItem\",\"position\":2,\"name\":\"SPP najo\u0161trije osudila \u0161ovinizam Radete i Dodika\"}]},{\"@type\":\"WebSite\",\"@id\":\"https:\/\/sandzakpress.net\/arhiva\/#website\",\"url\":\"https:\/\/sandzakpress.net\/arhiva\/\",\"name\":\"Sand\u017eak PRESS\",\"description\":\"Prve elektronske novine u Sand\u017eaku\",\"publisher\":{\"@id\":\"https:\/\/sandzakpress.net\/arhiva\/#\/schema\/person\/6e72b67d6e51910a1117b3b483ba20bd\"},\"potentialAction\":[{\"@type\":\"SearchAction\",\"target\":{\"@type\":\"EntryPoint\",\"urlTemplate\":\"https:\/\/sandzakpress.net\/arhiva\/?s={search_term_string}\"},\"query-input\":{\"@type\":\"PropertyValueSpecification\",\"valueRequired\":true,\"valueName\":\"search_term_string\"}}],\"inLanguage\":\"bs-BA\"},{\"@type\":[\"Person\",\"Organization\"],\"@id\":\"https:\/\/sandzakpress.net\/arhiva\/#\/schema\/person\/6e72b67d6e51910a1117b3b483ba20bd\",\"name\":\"Kul\",\"image\":{\"@type\":\"ImageObject\",\"inLanguage\":\"bs-BA\",\"@id\":\"https:\/\/sandzakpress.net\/arhiva\/#\/schema\/person\/image\/\",\"url\":\"https:\/\/secure.gravatar.com\/avatar\/42263f39aa27ac04c43cab85c280eb2e?s=96&d=mm&r=pg\",\"contentUrl\":\"https:\/\/secure.gravatar.com\/avatar\/42263f39aa27ac04c43cab85c280eb2e?s=96&d=mm&r=pg\",\"caption\":\"Kul\"},\"logo\":{\"@id\":\"https:\/\/sandzakpress.net\/arhiva\/#\/schema\/person\/image\/\"}},{\"@type\":\"Person\",\"@id\":\"https:\/\/sandzakpress.net\/arhiva\/#\/schema\/person\/32f63b6bc693126333e4b1d8cccb52ac\",\"name\":\"SM\",\"image\":{\"@type\":\"ImageObject\",\"inLanguage\":\"bs-BA\",\"@id\":\"https:\/\/sandzakpress.net\/arhiva\/#\/schema\/person\/image\/\",\"url\":\"https:\/\/secure.gravatar.com\/avatar\/e06a45a606f1dee973ded6565c9e653e?s=96&d=mm&r=pg\",\"contentUrl\":\"https:\/\/secure.gravatar.com\/avatar\/e06a45a606f1dee973ded6565c9e653e?s=96&d=mm&r=pg\",\"caption\":\"SM\"},\"url\":\"https:\/\/sandzakpress.net\/arhiva\/author\/sandzakmedia\/\"}]}<\/script>\n<!-- \/ Yoast SEO Premium plugin. -->","yoast_head_json":{"title":"SPP najo\u0161trije osudila \u0161ovinizam Radete i Dodika","robots":{"index":"index","follow":"follow","max-snippet":"max-snippet:-1","max-image-preview":"max-image-preview:large","max-video-preview":"max-video-preview:-1"},"canonical":"https:\/\/sandzakpress.net\/arhiva\/spp-najostrije-osudila-sovinizam-radete-i-dodika\/","og_locale":"bs_BA","og_type":"article","og_title":"SPP najo\u0161trije osudila \u0161ovinizam Radete i Dodika","og_description":"U prostorijama Stranke pravde i pomirenja odr\u017eana je press konferencija na kojoj je govorio predsjednik Politi\u010dkog savjeta te stranke dr. Admir Muratovi\u0107 na temu: \u201cBo\u0161nja\u010dka heroina, \u201eMajka \u0161ehida\u201c, Hatid\u017ea Mehmedovi\u0107\u201d. \u201cMajka Hatid\u017ea Mehmedovi\u0107 je simbol borbe za pravdu, jer je godinama mirno, dostojanstveno i uporno istrajavala na putu borbe za istinu o Srebrenici, pogibiji svojih [&hellip;]","og_url":"https:\/\/sandzakpress.net\/arhiva\/spp-najostrije-osudila-sovinizam-radete-i-dodika\/","og_site_name":"Sand\u017eak PRESS","article_published_time":"2018-07-26T10:46:41+00:00","article_modified_time":"2018-07-26T10:49:28+00:00","og_image":[{"width":1280,"height":960,"url":"https:\/\/sandzakpress.net\/arhiva\/wp-content\/uploads\/2018\/07\/11-2.jpg","type":"image\/jpeg"}],"author":"SM","twitter_card":"summary_large_image","twitter_misc":{"Written by":"SM","Est. reading time":"4 minute"},"schema":{"@context":"https:\/\/schema.org","@graph":[{"@type":"Article","@id":"https:\/\/sandzakpress.net\/arhiva\/spp-najostrije-osudila-sovinizam-radete-i-dodika\/#article","isPartOf":{"@id":"https:\/\/sandzakpress.net\/arhiva\/spp-najostrije-osudila-sovinizam-radete-i-dodika\/"},"author":{"name":"SM","@id":"https:\/\/sandzakpress.net\/arhiva\/#\/schema\/person\/32f63b6bc693126333e4b1d8cccb52ac"},"headline":"SPP najo\u0161trije osudila \u0161ovinizam Radete i Dodika","datePublished":"2018-07-26T10:46:41+00:00","dateModified":"2018-07-26T10:49:28+00:00","mainEntityOfPage":{"@id":"https:\/\/sandzakpress.net\/arhiva\/spp-najostrije-osudila-sovinizam-radete-i-dodika\/"},"wordCount":760,"commentCount":1,"publisher":{"@id":"https:\/\/sandzakpress.net\/arhiva\/#\/schema\/person\/6e72b67d6e51910a1117b3b483ba20bd"},"image":{"@id":"https:\/\/sandzakpress.net\/arhiva\/spp-najostrije-osudila-sovinizam-radete-i-dodika\/#primaryimage"},"thumbnailUrl":"https:\/\/sandzakpress.net\/arhiva\/wp-content\/uploads\/2018\/07\/11-2.jpg","keywords":["SPP"],"articleSection":["Novi Pazar","Politika","Srbija","VIJESTI DANA","NAJNOVIJE"],"inLanguage":"bs-BA","potentialAction":[{"@type":"CommentAction","name":"Comment","target":["https:\/\/sandzakpress.net\/arhiva\/spp-najostrije-osudila-sovinizam-radete-i-dodika\/#respond"]}]},{"@type":"WebPage","@id":"https:\/\/sandzakpress.net\/arhiva\/spp-najostrije-osudila-sovinizam-radete-i-dodika\/","url":"https:\/\/sandzakpress.net\/arhiva\/spp-najostrije-osudila-sovinizam-radete-i-dodika\/","name":"SPP najo\u0161trije osudila \u0161ovinizam Radete i Dodika","isPartOf":{"@id":"https:\/\/sandzakpress.net\/arhiva\/#website"},"primaryImageOfPage":{"@id":"https:\/\/sandzakpress.net\/arhiva\/spp-najostrije-osudila-sovinizam-radete-i-dodika\/#primaryimage"},"image":{"@id":"https:\/\/sandzakpress.net\/arhiva\/spp-najostrije-osudila-sovinizam-radete-i-dodika\/#primaryimage"},"thumbnailUrl":"https:\/\/sandzakpress.net\/arhiva\/wp-content\/uploads\/2018\/07\/11-2.jpg","datePublished":"2018-07-26T10:46:41+00:00","dateModified":"2018-07-26T10:49:28+00:00","breadcrumb":{"@id":"https:\/\/sandzakpress.net\/arhiva\/spp-najostrije-osudila-sovinizam-radete-i-dodika\/#breadcrumb"},"inLanguage":"bs-BA","potentialAction":[{"@type":"ReadAction","target":["https:\/\/sandzakpress.net\/arhiva\/spp-najostrije-osudila-sovinizam-radete-i-dodika\/"]}]},{"@type":"ImageObject","inLanguage":"bs-BA","@id":"https:\/\/sandzakpress.net\/arhiva\/spp-najostrije-osudila-sovinizam-radete-i-dodika\/#primaryimage","url":"https:\/\/sandzakpress.net\/arhiva\/wp-content\/uploads\/2018\/07\/11-2.jpg","contentUrl":"https:\/\/sandzakpress.net\/arhiva\/wp-content\/uploads\/2018\/07\/11-2.jpg","width":1280,"height":960},{"@type":"BreadcrumbList","@id":"https:\/\/sandzakpress.net\/arhiva\/spp-najostrije-osudila-sovinizam-radete-i-dodika\/#breadcrumb","itemListElement":[{"@type":"ListItem","position":1,"name":"Home","item":"https:\/\/sandzakpress.net\/arhiva\/"},{"@type":"ListItem","position":2,"name":"SPP najo\u0161trije osudila \u0161ovinizam Radete i Dodika"}]},{"@type":"WebSite","@id":"https:\/\/sandzakpress.net\/arhiva\/#website","url":"https:\/\/sandzakpress.net\/arhiva\/","name":"Sand\u017eak PRESS","description":"Prve elektronske novine u Sand\u017eaku","publisher":{"@id":"https:\/\/sandzakpress.net\/arhiva\/#\/schema\/person\/6e72b67d6e51910a1117b3b483ba20bd"},"potentialAction":[{"@type":"SearchAction","target":{"@type":"EntryPoint","urlTemplate":"https:\/\/sandzakpress.net\/arhiva\/?s={search_term_string}"},"query-input":{"@type":"PropertyValueSpecification","valueRequired":true,"valueName":"search_term_string"}}],"inLanguage":"bs-BA"},{"@type":["Person","Organization"],"@id":"https:\/\/sandzakpress.net\/arhiva\/#\/schema\/person\/6e72b67d6e51910a1117b3b483ba20bd","name":"Kul","image":{"@type":"ImageObject","inLanguage":"bs-BA","@id":"https:\/\/sandzakpress.net\/arhiva\/#\/schema\/person\/image\/","url":"https:\/\/secure.gravatar.com\/avatar\/42263f39aa27ac04c43cab85c280eb2e?s=96&d=mm&r=pg","contentUrl":"https:\/\/secure.gravatar.com\/avatar\/42263f39aa27ac04c43cab85c280eb2e?s=96&d=mm&r=pg","caption":"Kul"},"logo":{"@id":"https:\/\/sandzakpress.net\/arhiva\/#\/schema\/person\/image\/"}},{"@type":"Person","@id":"https:\/\/sandzakpress.net\/arhiva\/#\/schema\/person\/32f63b6bc693126333e4b1d8cccb52ac","name":"SM","image":{"@type":"ImageObject","inLanguage":"bs-BA","@id":"https:\/\/sandzakpress.net\/arhiva\/#\/schema\/person\/image\/","url":"https:\/\/secure.gravatar.com\/avatar\/e06a45a606f1dee973ded6565c9e653e?s=96&d=mm&r=pg","contentUrl":"https:\/\/secure.gravatar.com\/avatar\/e06a45a606f1dee973ded6565c9e653e?s=96&d=mm&r=pg","caption":"SM"},"url":"https:\/\/sandzakpress.net\/arhiva\/author\/sandzakmedia\/"}]}},"_links":{"self":[{"href":"https:\/\/sandzakpress.net\/arhiva\/wp-json\/wp\/v2\/posts\/209590"}],"collection":[{"href":"https:\/\/sandzakpress.net\/arhiva\/wp-json\/wp\/v2\/posts"}],"about":[{"href":"https:\/\/sandzakpress.net\/arhiva\/wp-json\/wp\/v2\/types\/post"}],"author":[{"embeddable":true,"href":"https:\/\/sandzakpress.net\/arhiva\/wp-json\/wp\/v2\/users\/501"}],"replies":[{"embeddable":true,"href":"https:\/\/sandzakpress.net\/arhiva\/wp-json\/wp\/v2\/comments?post=209590"}],"version-history":[{"count":0,"href":"https:\/\/sandzakpress.net\/arhiva\/wp-json\/wp\/v2\/posts\/209590\/revisions"}],"wp:featuredmedia":[{"embeddable":true,"href":"https:\/\/sandzakpress.net\/arhiva\/wp-json\/wp\/v2\/media\/209591"}],"wp:attachment":[{"href":"https:\/\/sandzakpress.net\/arhiva\/wp-json\/wp\/v2\/media?parent=209590"}],"wp:term":[{"taxonomy":"category","embeddable":true,"href":"https:\/\/sandzakpress.net\/arhiva\/wp-json\/wp\/v2\/categories?post=209590"},{"taxonomy":"post_tag","embeddable":true,"href":"https:\/\/sandzakpress.net\/arhiva\/wp-json\/wp\/v2\/tags?post=209590"}],"curies":[{"name":"wp","href":"https:\/\/api.w.org\/{rel}","templated":true}]}}