{"id":209407,"date":"2018-07-21T11:30:43","date_gmt":"2018-07-21T09:30:43","guid":{"rendered":"https:\/\/sandzakpress.net\/arhiva\/?p=209407"},"modified":"2018-07-21T11:24:23","modified_gmt":"2018-07-21T09:24:23","slug":"ljekari-osudeni-zbog-infekcije-beba-evo-kada-jeremic-cimbaljevic-tahirovic-i-puletic-idu-u-zatvor","status":"publish","type":"post","link":"https:\/\/sandzakpress.net\/arhiva\/ljekari-osudeni-zbog-infekcije-beba-evo-kada-jeremic-cimbaljevic-tahirovic-i-puletic-idu-u-zatvor\/","title":{"rendered":"Ljekari osu\u0111eni zbog infekcije beba: Evo kada Jeremi\u0107, Cimbaljevi\u0107, Tahirovi\u0107 i Puleti\u0107 idu u zatvor"},"content":{"rendered":"<p><img decoding=\"async\" src=\"http:\/\/www.vijesti.me\/media\/cache\/8f\/3f\/8f3f93b2c492a35b51b4dc1f9a29e0f3.jpg\" alt=\"Ljekari osu\u00c4\u0091eni zbog infekcije beba: Evo kada Jeremi\u00c4\u0087, Cimbaljevi\u00c4\u0087, Tahirovi\u00c4\u0087 i Puleti\u00c4\u0087 idu u zatvor\" \/><\/p>\n<p><strong>\u010cetiri\u00a0ljekara bjelopoljske bolnice, koji su osu\u0111eni na po godinu robije zbog infekcije pet beba od kojih je jedna preminula, uskoro idu u zatvor.<\/strong><\/p>\n<p>Oni su na odslu\u017eenje kazne trebalo da idu jo\u0161 prije dva mjeseca ali im je dozvoljeno odga\u0111anje.<\/p>\n<p>Roditelji zara\u017eenih beba nadaju se da \u0107e odluka suda biti ispo\u0161tovana i da vi\u0161e ne\u0107e biti odlaganja.\u00a0<\/p>\n<p>Najkasnije do narednog utorka 24. jula, ljekar i biv\u0161i direktor bjelopoljske bolnice Tomislav Jeremi\u0107 treba da se javi tamo\u0161njem Osnovnom sudu radi slanja na izdr\u017eavanje kazne od godinu zatvora zbog infekcije pet beba, od kojih je jedna preminula.<\/p>\n<p>To stoji u odgovorima predsjednika suda Radula Pipera koji dodaje da je Jeremi\u0107 kaznu trebalo da slu\u017ei jo\u0161 od \u00a023. maja ali je ona odgo\u0111ena.\u00a0<\/p>\n<p>Nedjelju kasnije, ta\u010dnije 30.jula, sudu radi izdr\u017eavanja jednogodi\u0161nje kazne treba da se javi ljekar pedijatar Jela Cimbaljevi\u0107.\u00a0<\/p>\n<p>Njena koleginica Haka Tahirovi\u0107 ide u zatvor 8. avgusta, a njihov kolega Zvonko Puleti\u0107 pet dana kasnije.<\/p>\n<p class=\"videoWrapper\"><iframe loading=\"lazy\" src=\"https:\/\/www.youtube.com\/embed\/V6lUDsacdZY\" width=\"560\" height=\"315\" frameborder=\"0\" allowfullscreen=\"allowfullscreen\" data-mce-fragment=\"1\"><\/iframe><\/p>\n<p>I oni su tra\u017eili i dobili odga\u0111anje jednogodi\u0161nje robije. Roditelji zara\u017eenih beba \u017eeljeli su da to vide prije.<\/p>\n<p>&#8220;Pro\u0161lo je skoro pola godine od pravosna\u017eee presude Apelacionog suda a ljekari eto nekom igrom slu\u010daja su se razboljeli i nijesu oti\u0161li jo\u0161 uvijek u pritvor. Ovom prilikom \u017eelim da izrazim ogor\u010denje i pozovem dr\u017eavu da ispo\u0161tuje svoje presude jer ako Zakon va\u017ei za ostale gra\u0111ane da tako va\u0107i i za ljekare, ako ma\u010d pravde visi vi\u0161e svakog nas da tako va\u017ei i za ljekare&#8221;, istakao je Predrag Kari\u0161ik, roditelj inficirane bebe.<\/p>\n<p>Kari\u0161ik\u00a0sumnja da neko poma\u017ee ljekarima da ne odu na izdr\u017eavanje dosu\u0111enih zatvorskih kazni i sumnja da \u0107e opet na\u0107i razlog da im se odgodi odlazak u zatvor.<\/p>\n<p>&#8220;I ne bi nas \u010dudilo kao da i u nekim drugim slu\u010dajevima oni pribegnu raznim finesama i pravnim fintama \u010dak i napuste zemlju pa da ih jurimo po instranstvu jer dr\u017eava se jednostavno ne pona\u0161a ozbiljno pa ni u ovom procesu&#8221;, kazao je Kari\u0161ik.<\/p>\n<p>Doktori su prema presudi, krivi za infekciju pet beba u novembru 2014. godine od kojih je jedna preminula u Klini\u010dkom centru u Podgorici. Prvostepenom presudom Jeremi\u0107 i Tahirovi\u0107 su osu\u0111eni na po sedam mjeseci zatvora dok su Puleti\u0107 i Cimbaljevi\u0107 dobili \u0161est mjeseci ku\u0107nog pritvora. Ipak, Apelacioni sud je u februaru ove godine tu presudu preina\u010dio i sve optu\u017eene poslao na jednogodi\u0161nju robiju.\u00a0<\/p>\n<p>(Vijesti)<\/p>\n","protected":false},"excerpt":{"rendered":"<p>\u010cetiri\u00a0ljekara bjelopoljske bolnice, koji su osu\u0111eni na po godinu robije zbog infekcije pet beba od kojih je jedna preminula, uskoro idu u zatvor. Oni su na odslu\u017eenje kazne trebalo da idu jo\u0161 prije dva mjeseca ali im je dozvoljeno odga\u0111anje. Roditelji zara\u017eenih beba nadaju se da \u0107e odluka suda biti ispo\u0161tovana i da vi\u0161e ne\u0107e [&hellip;]<\/p>\n","protected":false},"author":509,"featured_media":209414,"comment_status":"open","ping_status":"open","sticky":false,"template":"","format":"standard","meta":{"footnotes":""},"categories":[396,801,10429],"tags":[],"class_list":{"0":"post-209407","1":"post","2":"type-post","3":"status-publish","4":"format-standard","5":"has-post-thumbnail","7":"category-bijelo_polje","8":"category-crna_hronika","9":"category-vazno"},"yoast_head":"<!-- This site is optimized with the Yoast SEO Premium plugin v23.1 (Yoast SEO v24.9) - https:\/\/yoast.com\/wordpress\/plugins\/seo\/ -->\n<title>Ljekari osu\u0111eni zbog infekcije beba: Evo kada Jeremi\u0107, Cimbaljevi\u0107, Tahirovi\u0107 i Puleti\u0107 idu u zatvor<\/title>\n<meta name=\"robots\" content=\"index, follow, max-snippet:-1, max-image-preview:large, max-video-preview:-1\" \/>\n<link rel=\"canonical\" href=\"https:\/\/sandzakpress.net\/arhiva\/ljekari-osudeni-zbog-infekcije-beba-evo-kada-jeremic-cimbaljevic-tahirovic-i-puletic-idu-u-zatvor\/\" \/>\n<meta property=\"og:locale\" content=\"bs_BA\" \/>\n<meta property=\"og:type\" content=\"article\" \/>\n<meta property=\"og:title\" content=\"Ljekari osu\u0111eni zbog infekcije beba: Evo kada Jeremi\u0107, Cimbaljevi\u0107, Tahirovi\u0107 i Puleti\u0107 idu u zatvor\" \/>\n<meta property=\"og:description\" content=\"\u010cetiri\u00a0ljekara bjelopoljske bolnice, koji su osu\u0111eni na po godinu robije zbog infekcije pet beba od kojih je jedna preminula, uskoro idu u zatvor. Oni su na odslu\u017eenje kazne trebalo da idu jo\u0161 prije dva mjeseca ali im je dozvoljeno odga\u0111anje. Roditelji zara\u017eenih beba nadaju se da \u0107e odluka suda biti ispo\u0161tovana i da vi\u0161e ne\u0107e [&hellip;]\" \/>\n<meta property=\"og:url\" content=\"https:\/\/sandzakpress.net\/arhiva\/ljekari-osudeni-zbog-infekcije-beba-evo-kada-jeremic-cimbaljevic-tahirovic-i-puletic-idu-u-zatvor\/\" \/>\n<meta property=\"og:site_name\" content=\"Sand\u017eak PRESS\" \/>\n<meta property=\"article:published_time\" content=\"2018-07-21T09:30:43+00:00\" \/>\n<meta property=\"og:image\" content=\"https:\/\/sandzakpress.net\/arhiva\/wp-content\/uploads\/2018\/07\/8f3f93b2c492a35b51b4dc1f9a29e0f3.jpg\" \/>\n\t<meta property=\"og:image:width\" content=\"560\" \/>\n\t<meta property=\"og:image:height\" content=\"352\" \/>\n\t<meta property=\"og:image:type\" content=\"image\/jpeg\" \/>\n<meta name=\"author\" content=\"Agencija\" \/>\n<meta name=\"twitter:card\" content=\"summary_large_image\" \/>\n<meta name=\"twitter:label1\" content=\"Written by\" \/>\n\t<meta name=\"twitter:data1\" content=\"Agencija\" \/>\n\t<meta name=\"twitter:label2\" content=\"Est. reading time\" \/>\n\t<meta name=\"twitter:data2\" content=\"2 minute\" \/>\n<script type=\"application\/ld+json\" class=\"yoast-schema-graph\">{\"@context\":\"https:\/\/schema.org\",\"@graph\":[{\"@type\":\"Article\",\"@id\":\"https:\/\/sandzakpress.net\/arhiva\/ljekari-osudeni-zbog-infekcije-beba-evo-kada-jeremic-cimbaljevic-tahirovic-i-puletic-idu-u-zatvor\/#article\",\"isPartOf\":{\"@id\":\"https:\/\/sandzakpress.net\/arhiva\/ljekari-osudeni-zbog-infekcije-beba-evo-kada-jeremic-cimbaljevic-tahirovic-i-puletic-idu-u-zatvor\/\"},\"author\":{\"name\":\"Agencija\",\"@id\":\"https:\/\/sandzakpress.net\/arhiva\/#\/schema\/person\/cb59d7e3ab91ab90dd680ad0305a6185\"},\"headline\":\"Ljekari osu\u0111eni zbog infekcije beba: Evo kada Jeremi\u0107, Cimbaljevi\u0107, Tahirovi\u0107 i Puleti\u0107 idu u zatvor\",\"datePublished\":\"2018-07-21T09:30:43+00:00\",\"mainEntityOfPage\":{\"@id\":\"https:\/\/sandzakpress.net\/arhiva\/ljekari-osudeni-zbog-infekcije-beba-evo-kada-jeremic-cimbaljevic-tahirovic-i-puletic-idu-u-zatvor\/\"},\"wordCount\":440,\"commentCount\":0,\"publisher\":{\"@id\":\"https:\/\/sandzakpress.net\/arhiva\/#\/schema\/person\/6e72b67d6e51910a1117b3b483ba20bd\"},\"image\":{\"@id\":\"https:\/\/sandzakpress.net\/arhiva\/ljekari-osudeni-zbog-infekcije-beba-evo-kada-jeremic-cimbaljevic-tahirovic-i-puletic-idu-u-zatvor\/#primaryimage\"},\"thumbnailUrl\":\"https:\/\/sandzakpress.net\/arhiva\/wp-content\/uploads\/2018\/07\/8f3f93b2c492a35b51b4dc1f9a29e0f3.jpg\",\"articleSection\":[\"Bijelo Polje\",\"Hronika\",\"VA\u017dNO!\"],\"inLanguage\":\"bs-BA\",\"potentialAction\":[{\"@type\":\"CommentAction\",\"name\":\"Comment\",\"target\":[\"https:\/\/sandzakpress.net\/arhiva\/ljekari-osudeni-zbog-infekcije-beba-evo-kada-jeremic-cimbaljevic-tahirovic-i-puletic-idu-u-zatvor\/#respond\"]}]},{\"@type\":\"WebPage\",\"@id\":\"https:\/\/sandzakpress.net\/arhiva\/ljekari-osudeni-zbog-infekcije-beba-evo-kada-jeremic-cimbaljevic-tahirovic-i-puletic-idu-u-zatvor\/\",\"url\":\"https:\/\/sandzakpress.net\/arhiva\/ljekari-osudeni-zbog-infekcije-beba-evo-kada-jeremic-cimbaljevic-tahirovic-i-puletic-idu-u-zatvor\/\",\"name\":\"Ljekari osu\u0111eni zbog infekcije beba: Evo kada Jeremi\u0107, Cimbaljevi\u0107, Tahirovi\u0107 i Puleti\u0107 idu u zatvor\",\"isPartOf\":{\"@id\":\"https:\/\/sandzakpress.net\/arhiva\/#website\"},\"primaryImageOfPage\":{\"@id\":\"https:\/\/sandzakpress.net\/arhiva\/ljekari-osudeni-zbog-infekcije-beba-evo-kada-jeremic-cimbaljevic-tahirovic-i-puletic-idu-u-zatvor\/#primaryimage\"},\"image\":{\"@id\":\"https:\/\/sandzakpress.net\/arhiva\/ljekari-osudeni-zbog-infekcije-beba-evo-kada-jeremic-cimbaljevic-tahirovic-i-puletic-idu-u-zatvor\/#primaryimage\"},\"thumbnailUrl\":\"https:\/\/sandzakpress.net\/arhiva\/wp-content\/uploads\/2018\/07\/8f3f93b2c492a35b51b4dc1f9a29e0f3.jpg\",\"datePublished\":\"2018-07-21T09:30:43+00:00\",\"breadcrumb\":{\"@id\":\"https:\/\/sandzakpress.net\/arhiva\/ljekari-osudeni-zbog-infekcije-beba-evo-kada-jeremic-cimbaljevic-tahirovic-i-puletic-idu-u-zatvor\/#breadcrumb\"},\"inLanguage\":\"bs-BA\",\"potentialAction\":[{\"@type\":\"ReadAction\",\"target\":[\"https:\/\/sandzakpress.net\/arhiva\/ljekari-osudeni-zbog-infekcije-beba-evo-kada-jeremic-cimbaljevic-tahirovic-i-puletic-idu-u-zatvor\/\"]}]},{\"@type\":\"ImageObject\",\"inLanguage\":\"bs-BA\",\"@id\":\"https:\/\/sandzakpress.net\/arhiva\/ljekari-osudeni-zbog-infekcije-beba-evo-kada-jeremic-cimbaljevic-tahirovic-i-puletic-idu-u-zatvor\/#primaryimage\",\"url\":\"https:\/\/sandzakpress.net\/arhiva\/wp-content\/uploads\/2018\/07\/8f3f93b2c492a35b51b4dc1f9a29e0f3.jpg\",\"contentUrl\":\"https:\/\/sandzakpress.net\/arhiva\/wp-content\/uploads\/2018\/07\/8f3f93b2c492a35b51b4dc1f9a29e0f3.jpg\",\"width\":560,\"height\":352},{\"@type\":\"BreadcrumbList\",\"@id\":\"https:\/\/sandzakpress.net\/arhiva\/ljekari-osudeni-zbog-infekcije-beba-evo-kada-jeremic-cimbaljevic-tahirovic-i-puletic-idu-u-zatvor\/#breadcrumb\",\"itemListElement\":[{\"@type\":\"ListItem\",\"position\":1,\"name\":\"Home\",\"item\":\"https:\/\/sandzakpress.net\/arhiva\/\"},{\"@type\":\"ListItem\",\"position\":2,\"name\":\"Ljekari osu\u0111eni zbog infekcije beba: Evo kada Jeremi\u0107, Cimbaljevi\u0107, Tahirovi\u0107 i Puleti\u0107 idu u zatvor\"}]},{\"@type\":\"WebSite\",\"@id\":\"https:\/\/sandzakpress.net\/arhiva\/#website\",\"url\":\"https:\/\/sandzakpress.net\/arhiva\/\",\"name\":\"Sand\u017eak PRESS\",\"description\":\"Prve elektronske novine u Sand\u017eaku\",\"publisher\":{\"@id\":\"https:\/\/sandzakpress.net\/arhiva\/#\/schema\/person\/6e72b67d6e51910a1117b3b483ba20bd\"},\"potentialAction\":[{\"@type\":\"SearchAction\",\"target\":{\"@type\":\"EntryPoint\",\"urlTemplate\":\"https:\/\/sandzakpress.net\/arhiva\/?s={search_term_string}\"},\"query-input\":{\"@type\":\"PropertyValueSpecification\",\"valueRequired\":true,\"valueName\":\"search_term_string\"}}],\"inLanguage\":\"bs-BA\"},{\"@type\":[\"Person\",\"Organization\"],\"@id\":\"https:\/\/sandzakpress.net\/arhiva\/#\/schema\/person\/6e72b67d6e51910a1117b3b483ba20bd\",\"name\":\"Kul\",\"image\":{\"@type\":\"ImageObject\",\"inLanguage\":\"bs-BA\",\"@id\":\"https:\/\/sandzakpress.net\/arhiva\/#\/schema\/person\/image\/\",\"url\":\"https:\/\/secure.gravatar.com\/avatar\/42263f39aa27ac04c43cab85c280eb2e?s=96&d=mm&r=pg\",\"contentUrl\":\"https:\/\/secure.gravatar.com\/avatar\/42263f39aa27ac04c43cab85c280eb2e?s=96&d=mm&r=pg\",\"caption\":\"Kul\"},\"logo\":{\"@id\":\"https:\/\/sandzakpress.net\/arhiva\/#\/schema\/person\/image\/\"}},{\"@type\":\"Person\",\"@id\":\"https:\/\/sandzakpress.net\/arhiva\/#\/schema\/person\/cb59d7e3ab91ab90dd680ad0305a6185\",\"name\":\"Agencija\",\"image\":{\"@type\":\"ImageObject\",\"inLanguage\":\"bs-BA\",\"@id\":\"https:\/\/sandzakpress.net\/arhiva\/#\/schema\/person\/image\/\",\"url\":\"https:\/\/secure.gravatar.com\/avatar\/4b7fafa80a22f0c2afe23966b3961fe0?s=96&d=mm&r=pg\",\"contentUrl\":\"https:\/\/secure.gravatar.com\/avatar\/4b7fafa80a22f0c2afe23966b3961fe0?s=96&d=mm&r=pg\",\"caption\":\"Agencija\"},\"url\":\"https:\/\/sandzakpress.net\/arhiva\/author\/agencija\/\"}]}<\/script>\n<!-- \/ Yoast SEO Premium plugin. -->","yoast_head_json":{"title":"Ljekari osu\u0111eni zbog infekcije beba: Evo kada Jeremi\u0107, Cimbaljevi\u0107, Tahirovi\u0107 i Puleti\u0107 idu u zatvor","robots":{"index":"index","follow":"follow","max-snippet":"max-snippet:-1","max-image-preview":"max-image-preview:large","max-video-preview":"max-video-preview:-1"},"canonical":"https:\/\/sandzakpress.net\/arhiva\/ljekari-osudeni-zbog-infekcije-beba-evo-kada-jeremic-cimbaljevic-tahirovic-i-puletic-idu-u-zatvor\/","og_locale":"bs_BA","og_type":"article","og_title":"Ljekari osu\u0111eni zbog infekcije beba: Evo kada Jeremi\u0107, Cimbaljevi\u0107, Tahirovi\u0107 i Puleti\u0107 idu u zatvor","og_description":"\u010cetiri\u00a0ljekara bjelopoljske bolnice, koji su osu\u0111eni na po godinu robije zbog infekcije pet beba od kojih je jedna preminula, uskoro idu u zatvor. Oni su na odslu\u017eenje kazne trebalo da idu jo\u0161 prije dva mjeseca ali im je dozvoljeno odga\u0111anje. Roditelji zara\u017eenih beba nadaju se da \u0107e odluka suda biti ispo\u0161tovana i da vi\u0161e ne\u0107e [&hellip;]","og_url":"https:\/\/sandzakpress.net\/arhiva\/ljekari-osudeni-zbog-infekcije-beba-evo-kada-jeremic-cimbaljevic-tahirovic-i-puletic-idu-u-zatvor\/","og_site_name":"Sand\u017eak PRESS","article_published_time":"2018-07-21T09:30:43+00:00","og_image":[{"width":560,"height":352,"url":"https:\/\/sandzakpress.net\/arhiva\/wp-content\/uploads\/2018\/07\/8f3f93b2c492a35b51b4dc1f9a29e0f3.jpg","type":"image\/jpeg"}],"author":"Agencija","twitter_card":"summary_large_image","twitter_misc":{"Written by":"Agencija","Est. reading time":"2 minute"},"schema":{"@context":"https:\/\/schema.org","@graph":[{"@type":"Article","@id":"https:\/\/sandzakpress.net\/arhiva\/ljekari-osudeni-zbog-infekcije-beba-evo-kada-jeremic-cimbaljevic-tahirovic-i-puletic-idu-u-zatvor\/#article","isPartOf":{"@id":"https:\/\/sandzakpress.net\/arhiva\/ljekari-osudeni-zbog-infekcije-beba-evo-kada-jeremic-cimbaljevic-tahirovic-i-puletic-idu-u-zatvor\/"},"author":{"name":"Agencija","@id":"https:\/\/sandzakpress.net\/arhiva\/#\/schema\/person\/cb59d7e3ab91ab90dd680ad0305a6185"},"headline":"Ljekari osu\u0111eni zbog infekcije beba: Evo kada Jeremi\u0107, Cimbaljevi\u0107, Tahirovi\u0107 i Puleti\u0107 idu u zatvor","datePublished":"2018-07-21T09:30:43+00:00","mainEntityOfPage":{"@id":"https:\/\/sandzakpress.net\/arhiva\/ljekari-osudeni-zbog-infekcije-beba-evo-kada-jeremic-cimbaljevic-tahirovic-i-puletic-idu-u-zatvor\/"},"wordCount":440,"commentCount":0,"publisher":{"@id":"https:\/\/sandzakpress.net\/arhiva\/#\/schema\/person\/6e72b67d6e51910a1117b3b483ba20bd"},"image":{"@id":"https:\/\/sandzakpress.net\/arhiva\/ljekari-osudeni-zbog-infekcije-beba-evo-kada-jeremic-cimbaljevic-tahirovic-i-puletic-idu-u-zatvor\/#primaryimage"},"thumbnailUrl":"https:\/\/sandzakpress.net\/arhiva\/wp-content\/uploads\/2018\/07\/8f3f93b2c492a35b51b4dc1f9a29e0f3.jpg","articleSection":["Bijelo Polje","Hronika","VA\u017dNO!"],"inLanguage":"bs-BA","potentialAction":[{"@type":"CommentAction","name":"Comment","target":["https:\/\/sandzakpress.net\/arhiva\/ljekari-osudeni-zbog-infekcije-beba-evo-kada-jeremic-cimbaljevic-tahirovic-i-puletic-idu-u-zatvor\/#respond"]}]},{"@type":"WebPage","@id":"https:\/\/sandzakpress.net\/arhiva\/ljekari-osudeni-zbog-infekcije-beba-evo-kada-jeremic-cimbaljevic-tahirovic-i-puletic-idu-u-zatvor\/","url":"https:\/\/sandzakpress.net\/arhiva\/ljekari-osudeni-zbog-infekcije-beba-evo-kada-jeremic-cimbaljevic-tahirovic-i-puletic-idu-u-zatvor\/","name":"Ljekari osu\u0111eni zbog infekcije beba: Evo kada Jeremi\u0107, Cimbaljevi\u0107, Tahirovi\u0107 i Puleti\u0107 idu u zatvor","isPartOf":{"@id":"https:\/\/sandzakpress.net\/arhiva\/#website"},"primaryImageOfPage":{"@id":"https:\/\/sandzakpress.net\/arhiva\/ljekari-osudeni-zbog-infekcije-beba-evo-kada-jeremic-cimbaljevic-tahirovic-i-puletic-idu-u-zatvor\/#primaryimage"},"image":{"@id":"https:\/\/sandzakpress.net\/arhiva\/ljekari-osudeni-zbog-infekcije-beba-evo-kada-jeremic-cimbaljevic-tahirovic-i-puletic-idu-u-zatvor\/#primaryimage"},"thumbnailUrl":"https:\/\/sandzakpress.net\/arhiva\/wp-content\/uploads\/2018\/07\/8f3f93b2c492a35b51b4dc1f9a29e0f3.jpg","datePublished":"2018-07-21T09:30:43+00:00","breadcrumb":{"@id":"https:\/\/sandzakpress.net\/arhiva\/ljekari-osudeni-zbog-infekcije-beba-evo-kada-jeremic-cimbaljevic-tahirovic-i-puletic-idu-u-zatvor\/#breadcrumb"},"inLanguage":"bs-BA","potentialAction":[{"@type":"ReadAction","target":["https:\/\/sandzakpress.net\/arhiva\/ljekari-osudeni-zbog-infekcije-beba-evo-kada-jeremic-cimbaljevic-tahirovic-i-puletic-idu-u-zatvor\/"]}]},{"@type":"ImageObject","inLanguage":"bs-BA","@id":"https:\/\/sandzakpress.net\/arhiva\/ljekari-osudeni-zbog-infekcije-beba-evo-kada-jeremic-cimbaljevic-tahirovic-i-puletic-idu-u-zatvor\/#primaryimage","url":"https:\/\/sandzakpress.net\/arhiva\/wp-content\/uploads\/2018\/07\/8f3f93b2c492a35b51b4dc1f9a29e0f3.jpg","contentUrl":"https:\/\/sandzakpress.net\/arhiva\/wp-content\/uploads\/2018\/07\/8f3f93b2c492a35b51b4dc1f9a29e0f3.jpg","width":560,"height":352},{"@type":"BreadcrumbList","@id":"https:\/\/sandzakpress.net\/arhiva\/ljekari-osudeni-zbog-infekcije-beba-evo-kada-jeremic-cimbaljevic-tahirovic-i-puletic-idu-u-zatvor\/#breadcrumb","itemListElement":[{"@type":"ListItem","position":1,"name":"Home","item":"https:\/\/sandzakpress.net\/arhiva\/"},{"@type":"ListItem","position":2,"name":"Ljekari osu\u0111eni zbog infekcije beba: Evo kada Jeremi\u0107, Cimbaljevi\u0107, Tahirovi\u0107 i Puleti\u0107 idu u zatvor"}]},{"@type":"WebSite","@id":"https:\/\/sandzakpress.net\/arhiva\/#website","url":"https:\/\/sandzakpress.net\/arhiva\/","name":"Sand\u017eak PRESS","description":"Prve elektronske novine u Sand\u017eaku","publisher":{"@id":"https:\/\/sandzakpress.net\/arhiva\/#\/schema\/person\/6e72b67d6e51910a1117b3b483ba20bd"},"potentialAction":[{"@type":"SearchAction","target":{"@type":"EntryPoint","urlTemplate":"https:\/\/sandzakpress.net\/arhiva\/?s={search_term_string}"},"query-input":{"@type":"PropertyValueSpecification","valueRequired":true,"valueName":"search_term_string"}}],"inLanguage":"bs-BA"},{"@type":["Person","Organization"],"@id":"https:\/\/sandzakpress.net\/arhiva\/#\/schema\/person\/6e72b67d6e51910a1117b3b483ba20bd","name":"Kul","image":{"@type":"ImageObject","inLanguage":"bs-BA","@id":"https:\/\/sandzakpress.net\/arhiva\/#\/schema\/person\/image\/","url":"https:\/\/secure.gravatar.com\/avatar\/42263f39aa27ac04c43cab85c280eb2e?s=96&d=mm&r=pg","contentUrl":"https:\/\/secure.gravatar.com\/avatar\/42263f39aa27ac04c43cab85c280eb2e?s=96&d=mm&r=pg","caption":"Kul"},"logo":{"@id":"https:\/\/sandzakpress.net\/arhiva\/#\/schema\/person\/image\/"}},{"@type":"Person","@id":"https:\/\/sandzakpress.net\/arhiva\/#\/schema\/person\/cb59d7e3ab91ab90dd680ad0305a6185","name":"Agencija","image":{"@type":"ImageObject","inLanguage":"bs-BA","@id":"https:\/\/sandzakpress.net\/arhiva\/#\/schema\/person\/image\/","url":"https:\/\/secure.gravatar.com\/avatar\/4b7fafa80a22f0c2afe23966b3961fe0?s=96&d=mm&r=pg","contentUrl":"https:\/\/secure.gravatar.com\/avatar\/4b7fafa80a22f0c2afe23966b3961fe0?s=96&d=mm&r=pg","caption":"Agencija"},"url":"https:\/\/sandzakpress.net\/arhiva\/author\/agencija\/"}]}},"_links":{"self":[{"href":"https:\/\/sandzakpress.net\/arhiva\/wp-json\/wp\/v2\/posts\/209407"}],"collection":[{"href":"https:\/\/sandzakpress.net\/arhiva\/wp-json\/wp\/v2\/posts"}],"about":[{"href":"https:\/\/sandzakpress.net\/arhiva\/wp-json\/wp\/v2\/types\/post"}],"author":[{"embeddable":true,"href":"https:\/\/sandzakpress.net\/arhiva\/wp-json\/wp\/v2\/users\/509"}],"replies":[{"embeddable":true,"href":"https:\/\/sandzakpress.net\/arhiva\/wp-json\/wp\/v2\/comments?post=209407"}],"version-history":[{"count":0,"href":"https:\/\/sandzakpress.net\/arhiva\/wp-json\/wp\/v2\/posts\/209407\/revisions"}],"wp:featuredmedia":[{"embeddable":true,"href":"https:\/\/sandzakpress.net\/arhiva\/wp-json\/wp\/v2\/media\/209414"}],"wp:attachment":[{"href":"https:\/\/sandzakpress.net\/arhiva\/wp-json\/wp\/v2\/media?parent=209407"}],"wp:term":[{"taxonomy":"category","embeddable":true,"href":"https:\/\/sandzakpress.net\/arhiva\/wp-json\/wp\/v2\/categories?post=209407"},{"taxonomy":"post_tag","embeddable":true,"href":"https:\/\/sandzakpress.net\/arhiva\/wp-json\/wp\/v2\/tags?post=209407"}],"curies":[{"name":"wp","href":"https:\/\/api.w.org\/{rel}","templated":true}]}}