{"id":209341,"date":"2018-07-20T17:15:56","date_gmt":"2018-07-20T15:15:56","guid":{"rendered":"https:\/\/sandzakpress.net\/arhiva\/?p=209341"},"modified":"2018-07-20T17:17:28","modified_gmt":"2018-07-20T15:17:28","slug":"spp-pred-izbore-za-bnv-jos-jedna-ujdurma-koalicije-sdp-sda","status":"publish","type":"post","link":"https:\/\/sandzakpress.net\/arhiva\/spp-pred-izbore-za-bnv-jos-jedna-ujdurma-koalicije-sdp-sda\/","title":{"rendered":"SPP &#8211; Pred izbore za BNV jo\u0161 jedna ujdurma koalicije SDP-SDA"},"content":{"rendered":"<p><img loading=\"lazy\" decoding=\"async\" class=\"size-full wp-image-209343 aligncenter\" src=\"https:\/\/sandzakpress.net\/arhiva\/wp-content\/uploads\/2018\/07\/1111111111.jpeg\" alt=\"\" width=\"1600\" height=\"1066\" srcset=\"https:\/\/sandzakpress.net\/arhiva\/wp-content\/uploads\/2018\/07\/1111111111.jpeg 1600w, https:\/\/sandzakpress.net\/arhiva\/wp-content\/uploads\/2018\/07\/1111111111-768x512.jpeg 768w, https:\/\/sandzakpress.net\/arhiva\/wp-content\/uploads\/2018\/07\/1111111111-616x410.jpeg 616w, https:\/\/sandzakpress.net\/arhiva\/wp-content\/uploads\/2018\/07\/1111111111-360x240.jpeg 360w\" sizes=\"(max-width: 1600px) 100vw, 1600px\" \/><\/p>\n<p><strong>Dr. Muamer Zukorli\u0107, predsjednik Stranke pravde i pomirenja, ka\u017ee da nema ni\u0161ta protiv da Bo\u0161njaci imaju dobre odnose sa Albancima, ali je protiv da se to zloupotrebljava za uskostrana\u010dke interese, kao \u0161to je to u ovom slu\u010daju.<\/strong><\/p>\n<p> &#8211; Poziv Pacoliju je dio zajedni\u010dke akcije Ugljanina i Rasima Ljaji\u0107a u cilju regrutacije bira\u010da za izbore za BNV, koji se odr\u017eavaju po\u010detkom novembra. Oni imaju sporazum o partnerstvu i saraduju u Sand\u017eaku na svim nivoima. Zbog zabrinutosti da \u0107e poslije tri decenije izgubiti vlast, pao je dogovor da Ljaji\u0107 poku\u0161a da okupi prosrpske bira\u010de, a Ugljanin antisrpske. Poziv Pacoliju je dio tih dogovora &#8211; tvrdi dr. Zukorli\u0107.\u00a0<\/p>\n<p style=\"text-align: left;\">Dr. Jahja Fehratovi\u0107, \u0161ef vije\u0107ni\u010dke grupe &#8220;Za Bo\u0161njake, Sand\u017eak i Muftiju&#8221; u BNV-u ka\u017ee da jo\u0161 nije obavije\u0161ten da li \u0107e i kada biti odr\u017eana sjednica Vije\u0107a. Dr. Fehratovi\u0107 isti\u010de da je to jo\u0161 jedna ujdurma Ugljanina i Ljaji\u0107a pred izbore za novi sastav BNV-a, i da je njihov nastup dogovoren strate\u0161kim sporazumom.<\/p>\n<p style=\"text-align: left;\">\u00a0<\/p>\n<p style=\"text-align: left;\">Izvor: <strong>Politika, Blic<\/strong><\/p>\n","protected":false},"excerpt":{"rendered":"<p>Dr. Muamer Zukorli\u0107, predsjednik Stranke pravde i pomirenja, ka\u017ee da nema ni\u0161ta protiv da Bo\u0161njaci imaju dobre odnose sa Albancima, ali je protiv da se to zloupotrebljava za uskostrana\u010dke interese, kao \u0161to je to u ovom slu\u010daju. &#8211; Poziv Pacoliju je dio zajedni\u010dke akcije Ugljanina i Rasima Ljaji\u0107a u cilju regrutacije bira\u010da za izbore za [&hellip;]<\/p>\n","protected":false},"author":509,"featured_media":209343,"comment_status":"open","ping_status":"open","sticky":false,"template":"","format":"standard","meta":{"footnotes":""},"categories":[72,1,52,327,392,393,394,8957],"tags":[10204,10541],"class_list":{"0":"post-209341","1":"post","2":"type-post","3":"status-publish","4":"format-standard","5":"has-post-thumbnail","7":"category-novi-pazar","8":"category-politika","9":"category-sjenica","10":"category-tutin","11":"category-prijepolje_","12":"category-priboj","13":"category-nova-varos","14":"category-vijesti-dana","15":"tag-muftija-muamer-zukorlic","16":"tag-spp"},"yoast_head":"<!-- This site is optimized with the Yoast SEO Premium plugin v23.1 (Yoast SEO v24.9) - https:\/\/yoast.com\/wordpress\/plugins\/seo\/ -->\n<title>SPP - Pred izbore za BNV jo\u0161 jedna ujdurma koalicije SDP-SDA<\/title>\n<meta name=\"robots\" content=\"index, follow, max-snippet:-1, max-image-preview:large, max-video-preview:-1\" \/>\n<link rel=\"canonical\" href=\"https:\/\/sandzakpress.net\/arhiva\/spp-pred-izbore-za-bnv-jos-jedna-ujdurma-koalicije-sdp-sda\/\" \/>\n<meta property=\"og:locale\" content=\"bs_BA\" \/>\n<meta property=\"og:type\" content=\"article\" \/>\n<meta property=\"og:title\" content=\"SPP - Pred izbore za BNV jo\u0161 jedna ujdurma koalicije SDP-SDA\" \/>\n<meta property=\"og:description\" content=\"Dr. Muamer Zukorli\u0107, predsjednik Stranke pravde i pomirenja, ka\u017ee da nema ni\u0161ta protiv da Bo\u0161njaci imaju dobre odnose sa Albancima, ali je protiv da se to zloupotrebljava za uskostrana\u010dke interese, kao \u0161to je to u ovom slu\u010daju. &#8211; Poziv Pacoliju je dio zajedni\u010dke akcije Ugljanina i Rasima Ljaji\u0107a u cilju regrutacije bira\u010da za izbore za [&hellip;]\" \/>\n<meta property=\"og:url\" content=\"https:\/\/sandzakpress.net\/arhiva\/spp-pred-izbore-za-bnv-jos-jedna-ujdurma-koalicije-sdp-sda\/\" \/>\n<meta property=\"og:site_name\" content=\"Sand\u017eak PRESS\" \/>\n<meta property=\"article:published_time\" content=\"2018-07-20T15:15:56+00:00\" \/>\n<meta property=\"article:modified_time\" content=\"2018-07-20T15:17:28+00:00\" \/>\n<meta property=\"og:image\" content=\"https:\/\/sandzakpress.net\/arhiva\/wp-content\/uploads\/2018\/07\/1111111111.jpeg\" \/>\n\t<meta property=\"og:image:width\" content=\"1600\" \/>\n\t<meta property=\"og:image:height\" content=\"1066\" \/>\n\t<meta property=\"og:image:type\" content=\"image\/jpeg\" \/>\n<meta name=\"author\" content=\"Agencija\" \/>\n<meta name=\"twitter:card\" content=\"summary_large_image\" \/>\n<meta name=\"twitter:label1\" content=\"Written by\" \/>\n\t<meta name=\"twitter:data1\" content=\"Agencija\" \/>\n\t<meta name=\"twitter:label2\" content=\"Est. reading time\" \/>\n\t<meta name=\"twitter:data2\" content=\"1 minuta\" \/>\n<script type=\"application\/ld+json\" class=\"yoast-schema-graph\">{\"@context\":\"https:\/\/schema.org\",\"@graph\":[{\"@type\":\"Article\",\"@id\":\"https:\/\/sandzakpress.net\/arhiva\/spp-pred-izbore-za-bnv-jos-jedna-ujdurma-koalicije-sdp-sda\/#article\",\"isPartOf\":{\"@id\":\"https:\/\/sandzakpress.net\/arhiva\/spp-pred-izbore-za-bnv-jos-jedna-ujdurma-koalicije-sdp-sda\/\"},\"author\":{\"name\":\"Agencija\",\"@id\":\"https:\/\/sandzakpress.net\/arhiva\/#\/schema\/person\/cb59d7e3ab91ab90dd680ad0305a6185\"},\"headline\":\"SPP &#8211; Pred izbore za BNV jo\u0161 jedna ujdurma koalicije SDP-SDA\",\"datePublished\":\"2018-07-20T15:15:56+00:00\",\"dateModified\":\"2018-07-20T15:17:28+00:00\",\"mainEntityOfPage\":{\"@id\":\"https:\/\/sandzakpress.net\/arhiva\/spp-pred-izbore-za-bnv-jos-jedna-ujdurma-koalicije-sdp-sda\/\"},\"wordCount\":196,\"commentCount\":13,\"publisher\":{\"@id\":\"https:\/\/sandzakpress.net\/arhiva\/#\/schema\/person\/6e72b67d6e51910a1117b3b483ba20bd\"},\"image\":{\"@id\":\"https:\/\/sandzakpress.net\/arhiva\/spp-pred-izbore-za-bnv-jos-jedna-ujdurma-koalicije-sdp-sda\/#primaryimage\"},\"thumbnailUrl\":\"https:\/\/sandzakpress.net\/arhiva\/wp-content\/uploads\/2018\/07\/1111111111.jpeg\",\"keywords\":[\"muftija Muamer Zukorli\u0107\",\"SPP\"],\"articleSection\":[\"Novi Pazar\",\"Politika\",\"Sjenica\",\"Tutin\",\"Prijepolje\",\"Priboj\",\"Nova Varo\u0161\",\"VIJESTI DANA\"],\"inLanguage\":\"bs-BA\",\"potentialAction\":[{\"@type\":\"CommentAction\",\"name\":\"Comment\",\"target\":[\"https:\/\/sandzakpress.net\/arhiva\/spp-pred-izbore-za-bnv-jos-jedna-ujdurma-koalicije-sdp-sda\/#respond\"]}]},{\"@type\":\"WebPage\",\"@id\":\"https:\/\/sandzakpress.net\/arhiva\/spp-pred-izbore-za-bnv-jos-jedna-ujdurma-koalicije-sdp-sda\/\",\"url\":\"https:\/\/sandzakpress.net\/arhiva\/spp-pred-izbore-za-bnv-jos-jedna-ujdurma-koalicije-sdp-sda\/\",\"name\":\"SPP - Pred izbore za BNV jo\u0161 jedna ujdurma koalicije SDP-SDA\",\"isPartOf\":{\"@id\":\"https:\/\/sandzakpress.net\/arhiva\/#website\"},\"primaryImageOfPage\":{\"@id\":\"https:\/\/sandzakpress.net\/arhiva\/spp-pred-izbore-za-bnv-jos-jedna-ujdurma-koalicije-sdp-sda\/#primaryimage\"},\"image\":{\"@id\":\"https:\/\/sandzakpress.net\/arhiva\/spp-pred-izbore-za-bnv-jos-jedna-ujdurma-koalicije-sdp-sda\/#primaryimage\"},\"thumbnailUrl\":\"https:\/\/sandzakpress.net\/arhiva\/wp-content\/uploads\/2018\/07\/1111111111.jpeg\",\"datePublished\":\"2018-07-20T15:15:56+00:00\",\"dateModified\":\"2018-07-20T15:17:28+00:00\",\"breadcrumb\":{\"@id\":\"https:\/\/sandzakpress.net\/arhiva\/spp-pred-izbore-za-bnv-jos-jedna-ujdurma-koalicije-sdp-sda\/#breadcrumb\"},\"inLanguage\":\"bs-BA\",\"potentialAction\":[{\"@type\":\"ReadAction\",\"target\":[\"https:\/\/sandzakpress.net\/arhiva\/spp-pred-izbore-za-bnv-jos-jedna-ujdurma-koalicije-sdp-sda\/\"]}]},{\"@type\":\"ImageObject\",\"inLanguage\":\"bs-BA\",\"@id\":\"https:\/\/sandzakpress.net\/arhiva\/spp-pred-izbore-za-bnv-jos-jedna-ujdurma-koalicije-sdp-sda\/#primaryimage\",\"url\":\"https:\/\/sandzakpress.net\/arhiva\/wp-content\/uploads\/2018\/07\/1111111111.jpeg\",\"contentUrl\":\"https:\/\/sandzakpress.net\/arhiva\/wp-content\/uploads\/2018\/07\/1111111111.jpeg\",\"width\":1600,\"height\":1066},{\"@type\":\"BreadcrumbList\",\"@id\":\"https:\/\/sandzakpress.net\/arhiva\/spp-pred-izbore-za-bnv-jos-jedna-ujdurma-koalicije-sdp-sda\/#breadcrumb\",\"itemListElement\":[{\"@type\":\"ListItem\",\"position\":1,\"name\":\"Home\",\"item\":\"https:\/\/sandzakpress.net\/arhiva\/\"},{\"@type\":\"ListItem\",\"position\":2,\"name\":\"SPP &#8211; Pred izbore za BNV jo\u0161 jedna ujdurma koalicije SDP-SDA\"}]},{\"@type\":\"WebSite\",\"@id\":\"https:\/\/sandzakpress.net\/arhiva\/#website\",\"url\":\"https:\/\/sandzakpress.net\/arhiva\/\",\"name\":\"Sand\u017eak PRESS\",\"description\":\"Prve elektronske novine u Sand\u017eaku\",\"publisher\":{\"@id\":\"https:\/\/sandzakpress.net\/arhiva\/#\/schema\/person\/6e72b67d6e51910a1117b3b483ba20bd\"},\"potentialAction\":[{\"@type\":\"SearchAction\",\"target\":{\"@type\":\"EntryPoint\",\"urlTemplate\":\"https:\/\/sandzakpress.net\/arhiva\/?s={search_term_string}\"},\"query-input\":{\"@type\":\"PropertyValueSpecification\",\"valueRequired\":true,\"valueName\":\"search_term_string\"}}],\"inLanguage\":\"bs-BA\"},{\"@type\":[\"Person\",\"Organization\"],\"@id\":\"https:\/\/sandzakpress.net\/arhiva\/#\/schema\/person\/6e72b67d6e51910a1117b3b483ba20bd\",\"name\":\"Kul\",\"image\":{\"@type\":\"ImageObject\",\"inLanguage\":\"bs-BA\",\"@id\":\"https:\/\/sandzakpress.net\/arhiva\/#\/schema\/person\/image\/\",\"url\":\"https:\/\/secure.gravatar.com\/avatar\/42263f39aa27ac04c43cab85c280eb2e?s=96&d=mm&r=pg\",\"contentUrl\":\"https:\/\/secure.gravatar.com\/avatar\/42263f39aa27ac04c43cab85c280eb2e?s=96&d=mm&r=pg\",\"caption\":\"Kul\"},\"logo\":{\"@id\":\"https:\/\/sandzakpress.net\/arhiva\/#\/schema\/person\/image\/\"}},{\"@type\":\"Person\",\"@id\":\"https:\/\/sandzakpress.net\/arhiva\/#\/schema\/person\/cb59d7e3ab91ab90dd680ad0305a6185\",\"name\":\"Agencija\",\"image\":{\"@type\":\"ImageObject\",\"inLanguage\":\"bs-BA\",\"@id\":\"https:\/\/sandzakpress.net\/arhiva\/#\/schema\/person\/image\/\",\"url\":\"https:\/\/secure.gravatar.com\/avatar\/4b7fafa80a22f0c2afe23966b3961fe0?s=96&d=mm&r=pg\",\"contentUrl\":\"https:\/\/secure.gravatar.com\/avatar\/4b7fafa80a22f0c2afe23966b3961fe0?s=96&d=mm&r=pg\",\"caption\":\"Agencija\"},\"url\":\"https:\/\/sandzakpress.net\/arhiva\/author\/agencija\/\"}]}<\/script>\n<!-- \/ Yoast SEO Premium plugin. -->","yoast_head_json":{"title":"SPP - Pred izbore za BNV jo\u0161 jedna ujdurma koalicije SDP-SDA","robots":{"index":"index","follow":"follow","max-snippet":"max-snippet:-1","max-image-preview":"max-image-preview:large","max-video-preview":"max-video-preview:-1"},"canonical":"https:\/\/sandzakpress.net\/arhiva\/spp-pred-izbore-za-bnv-jos-jedna-ujdurma-koalicije-sdp-sda\/","og_locale":"bs_BA","og_type":"article","og_title":"SPP - Pred izbore za BNV jo\u0161 jedna ujdurma koalicije SDP-SDA","og_description":"Dr. Muamer Zukorli\u0107, predsjednik Stranke pravde i pomirenja, ka\u017ee da nema ni\u0161ta protiv da Bo\u0161njaci imaju dobre odnose sa Albancima, ali je protiv da se to zloupotrebljava za uskostrana\u010dke interese, kao \u0161to je to u ovom slu\u010daju. &#8211; Poziv Pacoliju je dio zajedni\u010dke akcije Ugljanina i Rasima Ljaji\u0107a u cilju regrutacije bira\u010da za izbore za [&hellip;]","og_url":"https:\/\/sandzakpress.net\/arhiva\/spp-pred-izbore-za-bnv-jos-jedna-ujdurma-koalicije-sdp-sda\/","og_site_name":"Sand\u017eak PRESS","article_published_time":"2018-07-20T15:15:56+00:00","article_modified_time":"2018-07-20T15:17:28+00:00","og_image":[{"width":1600,"height":1066,"url":"https:\/\/sandzakpress.net\/arhiva\/wp-content\/uploads\/2018\/07\/1111111111.jpeg","type":"image\/jpeg"}],"author":"Agencija","twitter_card":"summary_large_image","twitter_misc":{"Written by":"Agencija","Est. reading time":"1 minuta"},"schema":{"@context":"https:\/\/schema.org","@graph":[{"@type":"Article","@id":"https:\/\/sandzakpress.net\/arhiva\/spp-pred-izbore-za-bnv-jos-jedna-ujdurma-koalicije-sdp-sda\/#article","isPartOf":{"@id":"https:\/\/sandzakpress.net\/arhiva\/spp-pred-izbore-za-bnv-jos-jedna-ujdurma-koalicije-sdp-sda\/"},"author":{"name":"Agencija","@id":"https:\/\/sandzakpress.net\/arhiva\/#\/schema\/person\/cb59d7e3ab91ab90dd680ad0305a6185"},"headline":"SPP &#8211; Pred izbore za BNV jo\u0161 jedna ujdurma koalicije SDP-SDA","datePublished":"2018-07-20T15:15:56+00:00","dateModified":"2018-07-20T15:17:28+00:00","mainEntityOfPage":{"@id":"https:\/\/sandzakpress.net\/arhiva\/spp-pred-izbore-za-bnv-jos-jedna-ujdurma-koalicije-sdp-sda\/"},"wordCount":196,"commentCount":13,"publisher":{"@id":"https:\/\/sandzakpress.net\/arhiva\/#\/schema\/person\/6e72b67d6e51910a1117b3b483ba20bd"},"image":{"@id":"https:\/\/sandzakpress.net\/arhiva\/spp-pred-izbore-za-bnv-jos-jedna-ujdurma-koalicije-sdp-sda\/#primaryimage"},"thumbnailUrl":"https:\/\/sandzakpress.net\/arhiva\/wp-content\/uploads\/2018\/07\/1111111111.jpeg","keywords":["muftija Muamer Zukorli\u0107","SPP"],"articleSection":["Novi Pazar","Politika","Sjenica","Tutin","Prijepolje","Priboj","Nova Varo\u0161","VIJESTI DANA"],"inLanguage":"bs-BA","potentialAction":[{"@type":"CommentAction","name":"Comment","target":["https:\/\/sandzakpress.net\/arhiva\/spp-pred-izbore-za-bnv-jos-jedna-ujdurma-koalicije-sdp-sda\/#respond"]}]},{"@type":"WebPage","@id":"https:\/\/sandzakpress.net\/arhiva\/spp-pred-izbore-za-bnv-jos-jedna-ujdurma-koalicije-sdp-sda\/","url":"https:\/\/sandzakpress.net\/arhiva\/spp-pred-izbore-za-bnv-jos-jedna-ujdurma-koalicije-sdp-sda\/","name":"SPP - Pred izbore za BNV jo\u0161 jedna ujdurma koalicije SDP-SDA","isPartOf":{"@id":"https:\/\/sandzakpress.net\/arhiva\/#website"},"primaryImageOfPage":{"@id":"https:\/\/sandzakpress.net\/arhiva\/spp-pred-izbore-za-bnv-jos-jedna-ujdurma-koalicije-sdp-sda\/#primaryimage"},"image":{"@id":"https:\/\/sandzakpress.net\/arhiva\/spp-pred-izbore-za-bnv-jos-jedna-ujdurma-koalicije-sdp-sda\/#primaryimage"},"thumbnailUrl":"https:\/\/sandzakpress.net\/arhiva\/wp-content\/uploads\/2018\/07\/1111111111.jpeg","datePublished":"2018-07-20T15:15:56+00:00","dateModified":"2018-07-20T15:17:28+00:00","breadcrumb":{"@id":"https:\/\/sandzakpress.net\/arhiva\/spp-pred-izbore-za-bnv-jos-jedna-ujdurma-koalicije-sdp-sda\/#breadcrumb"},"inLanguage":"bs-BA","potentialAction":[{"@type":"ReadAction","target":["https:\/\/sandzakpress.net\/arhiva\/spp-pred-izbore-za-bnv-jos-jedna-ujdurma-koalicije-sdp-sda\/"]}]},{"@type":"ImageObject","inLanguage":"bs-BA","@id":"https:\/\/sandzakpress.net\/arhiva\/spp-pred-izbore-za-bnv-jos-jedna-ujdurma-koalicije-sdp-sda\/#primaryimage","url":"https:\/\/sandzakpress.net\/arhiva\/wp-content\/uploads\/2018\/07\/1111111111.jpeg","contentUrl":"https:\/\/sandzakpress.net\/arhiva\/wp-content\/uploads\/2018\/07\/1111111111.jpeg","width":1600,"height":1066},{"@type":"BreadcrumbList","@id":"https:\/\/sandzakpress.net\/arhiva\/spp-pred-izbore-za-bnv-jos-jedna-ujdurma-koalicije-sdp-sda\/#breadcrumb","itemListElement":[{"@type":"ListItem","position":1,"name":"Home","item":"https:\/\/sandzakpress.net\/arhiva\/"},{"@type":"ListItem","position":2,"name":"SPP &#8211; Pred izbore za BNV jo\u0161 jedna ujdurma koalicije SDP-SDA"}]},{"@type":"WebSite","@id":"https:\/\/sandzakpress.net\/arhiva\/#website","url":"https:\/\/sandzakpress.net\/arhiva\/","name":"Sand\u017eak PRESS","description":"Prve elektronske novine u Sand\u017eaku","publisher":{"@id":"https:\/\/sandzakpress.net\/arhiva\/#\/schema\/person\/6e72b67d6e51910a1117b3b483ba20bd"},"potentialAction":[{"@type":"SearchAction","target":{"@type":"EntryPoint","urlTemplate":"https:\/\/sandzakpress.net\/arhiva\/?s={search_term_string}"},"query-input":{"@type":"PropertyValueSpecification","valueRequired":true,"valueName":"search_term_string"}}],"inLanguage":"bs-BA"},{"@type":["Person","Organization"],"@id":"https:\/\/sandzakpress.net\/arhiva\/#\/schema\/person\/6e72b67d6e51910a1117b3b483ba20bd","name":"Kul","image":{"@type":"ImageObject","inLanguage":"bs-BA","@id":"https:\/\/sandzakpress.net\/arhiva\/#\/schema\/person\/image\/","url":"https:\/\/secure.gravatar.com\/avatar\/42263f39aa27ac04c43cab85c280eb2e?s=96&d=mm&r=pg","contentUrl":"https:\/\/secure.gravatar.com\/avatar\/42263f39aa27ac04c43cab85c280eb2e?s=96&d=mm&r=pg","caption":"Kul"},"logo":{"@id":"https:\/\/sandzakpress.net\/arhiva\/#\/schema\/person\/image\/"}},{"@type":"Person","@id":"https:\/\/sandzakpress.net\/arhiva\/#\/schema\/person\/cb59d7e3ab91ab90dd680ad0305a6185","name":"Agencija","image":{"@type":"ImageObject","inLanguage":"bs-BA","@id":"https:\/\/sandzakpress.net\/arhiva\/#\/schema\/person\/image\/","url":"https:\/\/secure.gravatar.com\/avatar\/4b7fafa80a22f0c2afe23966b3961fe0?s=96&d=mm&r=pg","contentUrl":"https:\/\/secure.gravatar.com\/avatar\/4b7fafa80a22f0c2afe23966b3961fe0?s=96&d=mm&r=pg","caption":"Agencija"},"url":"https:\/\/sandzakpress.net\/arhiva\/author\/agencija\/"}]}},"_links":{"self":[{"href":"https:\/\/sandzakpress.net\/arhiva\/wp-json\/wp\/v2\/posts\/209341"}],"collection":[{"href":"https:\/\/sandzakpress.net\/arhiva\/wp-json\/wp\/v2\/posts"}],"about":[{"href":"https:\/\/sandzakpress.net\/arhiva\/wp-json\/wp\/v2\/types\/post"}],"author":[{"embeddable":true,"href":"https:\/\/sandzakpress.net\/arhiva\/wp-json\/wp\/v2\/users\/509"}],"replies":[{"embeddable":true,"href":"https:\/\/sandzakpress.net\/arhiva\/wp-json\/wp\/v2\/comments?post=209341"}],"version-history":[{"count":0,"href":"https:\/\/sandzakpress.net\/arhiva\/wp-json\/wp\/v2\/posts\/209341\/revisions"}],"wp:featuredmedia":[{"embeddable":true,"href":"https:\/\/sandzakpress.net\/arhiva\/wp-json\/wp\/v2\/media\/209343"}],"wp:attachment":[{"href":"https:\/\/sandzakpress.net\/arhiva\/wp-json\/wp\/v2\/media?parent=209341"}],"wp:term":[{"taxonomy":"category","embeddable":true,"href":"https:\/\/sandzakpress.net\/arhiva\/wp-json\/wp\/v2\/categories?post=209341"},{"taxonomy":"post_tag","embeddable":true,"href":"https:\/\/sandzakpress.net\/arhiva\/wp-json\/wp\/v2\/tags?post=209341"}],"curies":[{"name":"wp","href":"https:\/\/api.w.org\/{rel}","templated":true}]}}