{"id":209207,"date":"2018-07-12T10:46:28","date_gmt":"2018-07-12T08:46:28","guid":{"rendered":"https:\/\/sandzakpress.net\/arhiva\/?p=209207"},"modified":"2018-07-12T13:51:31","modified_gmt":"2018-07-12T11:51:31","slug":"bosnjaci-i-makedonski-gradani-obiljezili-genocid-u-srebrenici","status":"publish","type":"post","link":"https:\/\/sandzakpress.net\/arhiva\/bosnjaci-i-makedonski-gradani-obiljezili-genocid-u-srebrenici\/","title":{"rendered":"Bo\u0161njaci i makedonski gra\u0111ani obilje\u017eili genocid u Srebrenici"},"content":{"rendered":"<p><img loading=\"lazy\" decoding=\"async\" class=\"alignnone size-full wp-image-209210\" src=\"https:\/\/sandzakpress.net\/arhiva\/wp-content\/uploads\/2018\/07\/20180711_182344.jpg\" alt=\"\" width=\"4096\" height=\"2163\" srcset=\"https:\/\/sandzakpress.net\/arhiva\/wp-content\/uploads\/2018\/07\/20180711_182344.jpg 4096w, https:\/\/sandzakpress.net\/arhiva\/wp-content\/uploads\/2018\/07\/20180711_182344-768x406.jpg 768w, https:\/\/sandzakpress.net\/arhiva\/wp-content\/uploads\/2018\/07\/20180711_182344-616x325.jpg 616w\" sizes=\"(max-width: 4096px) 100vw, 4096px\" \/><\/p>\n<p><strong>&#8220;Da se zna, da se ne zaborovi&#8221; je poruka prve Komemoracije obilje\u017eavanja Genocida u Srebrenici koja se odr\u017eala 10.07.2018. u Skoplju u organizaciji &#8220;Foruma Bosnjaka&#8221;.<\/strong><\/p>\n<p> Komemoraciji je prisustvovao veliki broj zvani\u010dnika i delegacija, a na kojoj je bio odr\u017ean prigodan program i obra\u0107anja predstavnika drustveno-politi\u010dkog \u017eivota. <\/p>\n<p> Koordinator Foruma Bo\u0161njaka, Enes \u0160emsovi\u0107 je rekao: &#8220;Poruka dana\u0161nje Komemoracije je &#8216;da se zna, da se ne zaboravi&#8217;. Obzirom da je Srebrenica pitanje morala prvog reda i odnosi se na cijelo \u010dovje\u010danstvo danas smo ovdje prisutni pripadnici svih etni\u010dkih i religioznih zajednica da osudimo ono \u0161to se desilo u Srebrenici da se ne bi nikom ponovilo.&#8221; <\/p>\n<p> Narodni poslanik Ze\u0107ir Ram\u010dilovi\u0107, koji je jedan od inicijatora prvog obilje\u017eavanja genocida u Makedoniji je istakao: &#8220;Va\u017eno je obilje\u017eiti ovaj dan, da podsjetimo sami sebe, da podsjetimo druge, da se sje\u0107amo i da izvu\u010demo pouku, ali i da uputimo poruku svima, poruku osude i poruku spremnosti da gradimo bolji svijet sa svima koji priznaju genocid, jer ko ne priznaje genocid u Srebrenici taj ne \u017eeli dobro Bo\u0161njacima.&#8221;<\/p>\n<p> U okviru obilje\u017eavanja grupa gradjana je otputovala za Memorijalni centar Poto\u010dari. A nakon pro\u0161logodi\u0161nje parlamentarne delegacije u Poto\u010darima, ove godine Predsjednik parlamenta Talat D\u017eaferi i narodni poslanici Ferid Muhi\u0107 i Ze\u0107ir Ram\u010dilovi\u0107 odr\u017eali su komemorativnu sjednicu sa predstavnicima bo\u0161nja\u010dke zajednice u makedonskom parlamentu. <\/p>\n<p> Zavr\u0161ni dio obilje\u017eavanja je bio &#8220;Mar\u0161 mira&#8221; ulicama grada Skoplja, sa zavr\u0161nim obra\u0107anjima na trgu &#8220;Makedonija&#8221; u centru grada.<\/p>\n<p><img loading=\"lazy\" decoding=\"async\" class=\"alignnone size-full wp-image-209208\" src=\"https:\/\/sandzakpress.net\/arhiva\/wp-content\/uploads\/2018\/07\/20180710_193414.jpg\" alt=\"\" width=\"4608\" height=\"3456\" srcset=\"https:\/\/sandzakpress.net\/arhiva\/wp-content\/uploads\/2018\/07\/20180710_193414.jpg 4608w, https:\/\/sandzakpress.net\/arhiva\/wp-content\/uploads\/2018\/07\/20180710_193414-768x576.jpg 768w, https:\/\/sandzakpress.net\/arhiva\/wp-content\/uploads\/2018\/07\/20180710_193414-616x462.jpg 616w\" sizes=\"(max-width: 4608px) 100vw, 4608px\" \/> <img loading=\"lazy\" decoding=\"async\" class=\"alignnone size-full wp-image-209209\" src=\"https:\/\/sandzakpress.net\/arhiva\/wp-content\/uploads\/2018\/07\/20180711_180452.jpg\" alt=\"\" width=\"4608\" height=\"3456\" srcset=\"https:\/\/sandzakpress.net\/arhiva\/wp-content\/uploads\/2018\/07\/20180711_180452.jpg 4608w, https:\/\/sandzakpress.net\/arhiva\/wp-content\/uploads\/2018\/07\/20180711_180452-768x576.jpg 768w, https:\/\/sandzakpress.net\/arhiva\/wp-content\/uploads\/2018\/07\/20180711_180452-616x462.jpg 616w\" sizes=\"(max-width: 4608px) 100vw, 4608px\" \/> \u00a0<img loading=\"lazy\" decoding=\"async\" class=\"alignnone size-full wp-image-209211\" src=\"https:\/\/sandzakpress.net\/arhiva\/wp-content\/uploads\/2018\/07\/20180711_182455.jpg\" alt=\"\" width=\"3791\" height=\"2223\" srcset=\"https:\/\/sandzakpress.net\/arhiva\/wp-content\/uploads\/2018\/07\/20180711_182455.jpg 3791w, https:\/\/sandzakpress.net\/arhiva\/wp-content\/uploads\/2018\/07\/20180711_182455-768x450.jpg 768w, https:\/\/sandzakpress.net\/arhiva\/wp-content\/uploads\/2018\/07\/20180711_182455-616x361.jpg 616w\" sizes=\"(max-width: 3791px) 100vw, 3791px\" \/> <img loading=\"lazy\" decoding=\"async\" class=\"size-full wp-image-209212 aligncenter\" src=\"https:\/\/sandzakpress.net\/arhiva\/wp-content\/uploads\/2018\/07\/20180712_012720.jpg\" alt=\"\" width=\"663\" height=\"393\" srcset=\"https:\/\/sandzakpress.net\/arhiva\/wp-content\/uploads\/2018\/07\/20180712_012720.jpg 663w, https:\/\/sandzakpress.net\/arhiva\/wp-content\/uploads\/2018\/07\/20180712_012720-616x365.jpg 616w\" sizes=\"(max-width: 663px) 100vw, 663px\" \/> <img loading=\"lazy\" decoding=\"async\" class=\"alignnone size-full wp-image-209213\" src=\"https:\/\/sandzakpress.net\/arhiva\/wp-content\/uploads\/2018\/07\/FB_IMG_1531287580707.jpg\" alt=\"\" width=\"800\" height=\"533\" srcset=\"https:\/\/sandzakpress.net\/arhiva\/wp-content\/uploads\/2018\/07\/FB_IMG_1531287580707.jpg 800w, https:\/\/sandzakpress.net\/arhiva\/wp-content\/uploads\/2018\/07\/FB_IMG_1531287580707-768x512.jpg 768w, https:\/\/sandzakpress.net\/arhiva\/wp-content\/uploads\/2018\/07\/FB_IMG_1531287580707-616x410.jpg 616w, https:\/\/sandzakpress.net\/arhiva\/wp-content\/uploads\/2018\/07\/FB_IMG_1531287580707-360x240.jpg 360w\" sizes=\"(max-width: 800px) 100vw, 800px\" \/> <img loading=\"lazy\" decoding=\"async\" class=\"alignnone size-full wp-image-209214\" src=\"https:\/\/sandzakpress.net\/arhiva\/wp-content\/uploads\/2018\/07\/FB_IMG_1531287601873.jpg\" alt=\"\" width=\"800\" height=\"533\" srcset=\"https:\/\/sandzakpress.net\/arhiva\/wp-content\/uploads\/2018\/07\/FB_IMG_1531287601873.jpg 800w, https:\/\/sandzakpress.net\/arhiva\/wp-content\/uploads\/2018\/07\/FB_IMG_1531287601873-768x512.jpg 768w, https:\/\/sandzakpress.net\/arhiva\/wp-content\/uploads\/2018\/07\/FB_IMG_1531287601873-616x410.jpg 616w, https:\/\/sandzakpress.net\/arhiva\/wp-content\/uploads\/2018\/07\/FB_IMG_1531287601873-360x240.jpg 360w\" sizes=\"(max-width: 800px) 100vw, 800px\" \/> <img loading=\"lazy\" decoding=\"async\" class=\"alignnone size-full wp-image-209215\" src=\"https:\/\/sandzakpress.net\/arhiva\/wp-content\/uploads\/2018\/07\/FB_IMG_1531331876864.jpg\" alt=\"\" width=\"960\" height=\"640\" srcset=\"https:\/\/sandzakpress.net\/arhiva\/wp-content\/uploads\/2018\/07\/FB_IMG_1531331876864.jpg 960w, https:\/\/sandzakpress.net\/arhiva\/wp-content\/uploads\/2018\/07\/FB_IMG_1531331876864-768x512.jpg 768w, https:\/\/sandzakpress.net\/arhiva\/wp-content\/uploads\/2018\/07\/FB_IMG_1531331876864-616x411.jpg 616w, https:\/\/sandzakpress.net\/arhiva\/wp-content\/uploads\/2018\/07\/FB_IMG_1531331876864-360x240.jpg 360w\" sizes=\"(max-width: 960px) 100vw, 960px\" \/> <img loading=\"lazy\" decoding=\"async\" class=\"alignnone size-full wp-image-209216\" src=\"https:\/\/sandzakpress.net\/arhiva\/wp-content\/uploads\/2018\/07\/received_396550797503793.jpeg\" alt=\"\" width=\"3264\" height=\"2448\" srcset=\"https:\/\/sandzakpress.net\/arhiva\/wp-content\/uploads\/2018\/07\/received_396550797503793.jpeg 3264w, https:\/\/sandzakpress.net\/arhiva\/wp-content\/uploads\/2018\/07\/received_396550797503793-768x576.jpeg 768w, https:\/\/sandzakpress.net\/arhiva\/wp-content\/uploads\/2018\/07\/received_396550797503793-616x462.jpeg 616w\" sizes=\"(max-width: 3264px) 100vw, 3264px\" \/> <img loading=\"lazy\" decoding=\"async\" class=\"alignnone size-full wp-image-209217\" src=\"https:\/\/sandzakpress.net\/arhiva\/wp-content\/uploads\/2018\/07\/received_10216048186734473.jpeg\" alt=\"\" width=\"4096\" height=\"2730\" srcset=\"https:\/\/sandzakpress.net\/arhiva\/wp-content\/uploads\/2018\/07\/received_10216048186734473.jpeg 4096w, https:\/\/sandzakpress.net\/arhiva\/wp-content\/uploads\/2018\/07\/received_10216048186734473-768x512.jpeg 768w, https:\/\/sandzakpress.net\/arhiva\/wp-content\/uploads\/2018\/07\/received_10216048186734473-616x411.jpeg 616w, https:\/\/sandzakpress.net\/arhiva\/wp-content\/uploads\/2018\/07\/received_10216048186734473-360x240.jpeg 360w\" sizes=\"(max-width: 4096px) 100vw, 4096px\" \/> <img loading=\"lazy\" decoding=\"async\" class=\"alignnone size-full wp-image-209218\" src=\"https:\/\/sandzakpress.net\/arhiva\/wp-content\/uploads\/2018\/07\/received_10216048234135658.jpeg\" alt=\"\" width=\"4096\" height=\"2730\" srcset=\"https:\/\/sandzakpress.net\/arhiva\/wp-content\/uploads\/2018\/07\/received_10216048234135658.jpeg 4096w, https:\/\/sandzakpress.net\/arhiva\/wp-content\/uploads\/2018\/07\/received_10216048234135658-768x512.jpeg 768w, https:\/\/sandzakpress.net\/arhiva\/wp-content\/uploads\/2018\/07\/received_10216048234135658-616x411.jpeg 616w, https:\/\/sandzakpress.net\/arhiva\/wp-content\/uploads\/2018\/07\/received_10216048234135658-360x240.jpeg 360w\" sizes=\"(max-width: 4096px) 100vw, 4096px\" \/><\/p>\n","protected":false},"excerpt":{"rendered":"<p>&#8220;Da se zna, da se ne zaborovi&#8221; je poruka prve Komemoracije obilje\u017eavanja Genocida u Srebrenici koja se odr\u017eala 10.07.2018. u Skoplju u organizaciji &#8220;Foruma Bosnjaka&#8221;. Komemoraciji je prisustvovao veliki broj zvani\u010dnika i delegacija, a na kojoj je bio odr\u017ean prigodan program i obra\u0107anja predstavnika drustveno-politi\u010dkog \u017eivota. Koordinator Foruma Bo\u0161njaka, Enes \u0160emsovi\u0107 je rekao: &#8220;Poruka dana\u0161nje [&hellip;]<\/p>\n","protected":false},"author":509,"featured_media":209210,"comment_status":"open","ping_status":"open","sticky":false,"template":"","format":"standard","meta":{"footnotes":""},"categories":[800,2860,2691,8957],"tags":[],"class_list":{"0":"post-209207","1":"post","2":"type-post","3":"status-publish","4":"format-standard","5":"has-post-thumbnail","7":"category-nacija","8":"category-bosna-i-hercegovina-gradovi","9":"category-makedonija","10":"category-vijesti-dana"},"yoast_head":"<!-- This site is optimized with the Yoast SEO Premium plugin v23.1 (Yoast SEO v24.9) - https:\/\/yoast.com\/wordpress\/plugins\/seo\/ -->\n<title>Bo\u0161njaci i makedonski gra\u0111ani obilje\u017eili genocid u Srebrenici<\/title>\n<meta name=\"robots\" content=\"index, follow, max-snippet:-1, max-image-preview:large, max-video-preview:-1\" \/>\n<link rel=\"canonical\" href=\"https:\/\/sandzakpress.net\/arhiva\/bosnjaci-i-makedonski-gradani-obiljezili-genocid-u-srebrenici\/\" \/>\n<meta property=\"og:locale\" content=\"bs_BA\" \/>\n<meta property=\"og:type\" content=\"article\" \/>\n<meta property=\"og:title\" content=\"Bo\u0161njaci i makedonski gra\u0111ani obilje\u017eili genocid u Srebrenici\" \/>\n<meta property=\"og:description\" content=\"&#8220;Da se zna, da se ne zaborovi&#8221; je poruka prve Komemoracije obilje\u017eavanja Genocida u Srebrenici koja se odr\u017eala 10.07.2018. u Skoplju u organizaciji &#8220;Foruma Bosnjaka&#8221;. Komemoraciji je prisustvovao veliki broj zvani\u010dnika i delegacija, a na kojoj je bio odr\u017ean prigodan program i obra\u0107anja predstavnika drustveno-politi\u010dkog \u017eivota. Koordinator Foruma Bo\u0161njaka, Enes \u0160emsovi\u0107 je rekao: &#8220;Poruka dana\u0161nje [&hellip;]\" \/>\n<meta property=\"og:url\" content=\"https:\/\/sandzakpress.net\/arhiva\/bosnjaci-i-makedonski-gradani-obiljezili-genocid-u-srebrenici\/\" \/>\n<meta property=\"og:site_name\" content=\"Sand\u017eak PRESS\" \/>\n<meta property=\"article:published_time\" content=\"2018-07-12T08:46:28+00:00\" \/>\n<meta property=\"article:modified_time\" content=\"2018-07-12T11:51:31+00:00\" \/>\n<meta property=\"og:image\" content=\"https:\/\/sandzakpress.net\/arhiva\/wp-content\/uploads\/2018\/07\/20180711_182344-616x325.jpg\" \/>\n\t<meta property=\"og:image:width\" content=\"616\" \/>\n\t<meta property=\"og:image:height\" content=\"325\" \/>\n\t<meta property=\"og:image:type\" content=\"image\/jpeg\" \/>\n<meta name=\"author\" content=\"Agencija\" \/>\n<meta name=\"twitter:card\" content=\"summary_large_image\" \/>\n<meta name=\"twitter:label1\" content=\"Written by\" \/>\n\t<meta name=\"twitter:data1\" content=\"Agencija\" \/>\n\t<meta name=\"twitter:label2\" content=\"Est. reading time\" \/>\n\t<meta name=\"twitter:data2\" content=\"1 minuta\" \/>\n<script type=\"application\/ld+json\" class=\"yoast-schema-graph\">{\"@context\":\"https:\/\/schema.org\",\"@graph\":[{\"@type\":\"Article\",\"@id\":\"https:\/\/sandzakpress.net\/arhiva\/bosnjaci-i-makedonski-gradani-obiljezili-genocid-u-srebrenici\/#article\",\"isPartOf\":{\"@id\":\"https:\/\/sandzakpress.net\/arhiva\/bosnjaci-i-makedonski-gradani-obiljezili-genocid-u-srebrenici\/\"},\"author\":{\"name\":\"Agencija\",\"@id\":\"https:\/\/sandzakpress.net\/arhiva\/#\/schema\/person\/cb59d7e3ab91ab90dd680ad0305a6185\"},\"headline\":\"Bo\u0161njaci i makedonski gra\u0111ani obilje\u017eili genocid u Srebrenici\",\"datePublished\":\"2018-07-12T08:46:28+00:00\",\"dateModified\":\"2018-07-12T11:51:31+00:00\",\"mainEntityOfPage\":{\"@id\":\"https:\/\/sandzakpress.net\/arhiva\/bosnjaci-i-makedonski-gradani-obiljezili-genocid-u-srebrenici\/\"},\"wordCount\":274,\"commentCount\":3,\"publisher\":{\"@id\":\"https:\/\/sandzakpress.net\/arhiva\/#\/schema\/person\/6e72b67d6e51910a1117b3b483ba20bd\"},\"image\":{\"@id\":\"https:\/\/sandzakpress.net\/arhiva\/bosnjaci-i-makedonski-gradani-obiljezili-genocid-u-srebrenici\/#primaryimage\"},\"thumbnailUrl\":\"https:\/\/sandzakpress.net\/arhiva\/wp-content\/uploads\/2018\/07\/20180711_182344.jpg\",\"articleSection\":[\"Nacija\",\"Bosna i Hercegovina\",\"Makedonija\",\"VIJESTI DANA\"],\"inLanguage\":\"bs-BA\",\"potentialAction\":[{\"@type\":\"CommentAction\",\"name\":\"Comment\",\"target\":[\"https:\/\/sandzakpress.net\/arhiva\/bosnjaci-i-makedonski-gradani-obiljezili-genocid-u-srebrenici\/#respond\"]}]},{\"@type\":\"WebPage\",\"@id\":\"https:\/\/sandzakpress.net\/arhiva\/bosnjaci-i-makedonski-gradani-obiljezili-genocid-u-srebrenici\/\",\"url\":\"https:\/\/sandzakpress.net\/arhiva\/bosnjaci-i-makedonski-gradani-obiljezili-genocid-u-srebrenici\/\",\"name\":\"Bo\u0161njaci i makedonski gra\u0111ani obilje\u017eili genocid u Srebrenici\",\"isPartOf\":{\"@id\":\"https:\/\/sandzakpress.net\/arhiva\/#website\"},\"primaryImageOfPage\":{\"@id\":\"https:\/\/sandzakpress.net\/arhiva\/bosnjaci-i-makedonski-gradani-obiljezili-genocid-u-srebrenici\/#primaryimage\"},\"image\":{\"@id\":\"https:\/\/sandzakpress.net\/arhiva\/bosnjaci-i-makedonski-gradani-obiljezili-genocid-u-srebrenici\/#primaryimage\"},\"thumbnailUrl\":\"https:\/\/sandzakpress.net\/arhiva\/wp-content\/uploads\/2018\/07\/20180711_182344.jpg\",\"datePublished\":\"2018-07-12T08:46:28+00:00\",\"dateModified\":\"2018-07-12T11:51:31+00:00\",\"breadcrumb\":{\"@id\":\"https:\/\/sandzakpress.net\/arhiva\/bosnjaci-i-makedonski-gradani-obiljezili-genocid-u-srebrenici\/#breadcrumb\"},\"inLanguage\":\"bs-BA\",\"potentialAction\":[{\"@type\":\"ReadAction\",\"target\":[\"https:\/\/sandzakpress.net\/arhiva\/bosnjaci-i-makedonski-gradani-obiljezili-genocid-u-srebrenici\/\"]}]},{\"@type\":\"ImageObject\",\"inLanguage\":\"bs-BA\",\"@id\":\"https:\/\/sandzakpress.net\/arhiva\/bosnjaci-i-makedonski-gradani-obiljezili-genocid-u-srebrenici\/#primaryimage\",\"url\":\"https:\/\/sandzakpress.net\/arhiva\/wp-content\/uploads\/2018\/07\/20180711_182344.jpg\",\"contentUrl\":\"https:\/\/sandzakpress.net\/arhiva\/wp-content\/uploads\/2018\/07\/20180711_182344.jpg\",\"width\":4096,\"height\":2163},{\"@type\":\"BreadcrumbList\",\"@id\":\"https:\/\/sandzakpress.net\/arhiva\/bosnjaci-i-makedonski-gradani-obiljezili-genocid-u-srebrenici\/#breadcrumb\",\"itemListElement\":[{\"@type\":\"ListItem\",\"position\":1,\"name\":\"Home\",\"item\":\"https:\/\/sandzakpress.net\/arhiva\/\"},{\"@type\":\"ListItem\",\"position\":2,\"name\":\"Bo\u0161njaci i makedonski gra\u0111ani obilje\u017eili genocid u Srebrenici\"}]},{\"@type\":\"WebSite\",\"@id\":\"https:\/\/sandzakpress.net\/arhiva\/#website\",\"url\":\"https:\/\/sandzakpress.net\/arhiva\/\",\"name\":\"Sand\u017eak PRESS\",\"description\":\"Prve elektronske novine u Sand\u017eaku\",\"publisher\":{\"@id\":\"https:\/\/sandzakpress.net\/arhiva\/#\/schema\/person\/6e72b67d6e51910a1117b3b483ba20bd\"},\"potentialAction\":[{\"@type\":\"SearchAction\",\"target\":{\"@type\":\"EntryPoint\",\"urlTemplate\":\"https:\/\/sandzakpress.net\/arhiva\/?s={search_term_string}\"},\"query-input\":{\"@type\":\"PropertyValueSpecification\",\"valueRequired\":true,\"valueName\":\"search_term_string\"}}],\"inLanguage\":\"bs-BA\"},{\"@type\":[\"Person\",\"Organization\"],\"@id\":\"https:\/\/sandzakpress.net\/arhiva\/#\/schema\/person\/6e72b67d6e51910a1117b3b483ba20bd\",\"name\":\"Kul\",\"image\":{\"@type\":\"ImageObject\",\"inLanguage\":\"bs-BA\",\"@id\":\"https:\/\/sandzakpress.net\/arhiva\/#\/schema\/person\/image\/\",\"url\":\"https:\/\/secure.gravatar.com\/avatar\/42263f39aa27ac04c43cab85c280eb2e?s=96&d=mm&r=pg\",\"contentUrl\":\"https:\/\/secure.gravatar.com\/avatar\/42263f39aa27ac04c43cab85c280eb2e?s=96&d=mm&r=pg\",\"caption\":\"Kul\"},\"logo\":{\"@id\":\"https:\/\/sandzakpress.net\/arhiva\/#\/schema\/person\/image\/\"}},{\"@type\":\"Person\",\"@id\":\"https:\/\/sandzakpress.net\/arhiva\/#\/schema\/person\/cb59d7e3ab91ab90dd680ad0305a6185\",\"name\":\"Agencija\",\"image\":{\"@type\":\"ImageObject\",\"inLanguage\":\"bs-BA\",\"@id\":\"https:\/\/sandzakpress.net\/arhiva\/#\/schema\/person\/image\/\",\"url\":\"https:\/\/secure.gravatar.com\/avatar\/4b7fafa80a22f0c2afe23966b3961fe0?s=96&d=mm&r=pg\",\"contentUrl\":\"https:\/\/secure.gravatar.com\/avatar\/4b7fafa80a22f0c2afe23966b3961fe0?s=96&d=mm&r=pg\",\"caption\":\"Agencija\"},\"url\":\"https:\/\/sandzakpress.net\/arhiva\/author\/agencija\/\"}]}<\/script>\n<!-- \/ Yoast SEO Premium plugin. -->","yoast_head_json":{"title":"Bo\u0161njaci i makedonski gra\u0111ani obilje\u017eili genocid u Srebrenici","robots":{"index":"index","follow":"follow","max-snippet":"max-snippet:-1","max-image-preview":"max-image-preview:large","max-video-preview":"max-video-preview:-1"},"canonical":"https:\/\/sandzakpress.net\/arhiva\/bosnjaci-i-makedonski-gradani-obiljezili-genocid-u-srebrenici\/","og_locale":"bs_BA","og_type":"article","og_title":"Bo\u0161njaci i makedonski gra\u0111ani obilje\u017eili genocid u Srebrenici","og_description":"&#8220;Da se zna, da se ne zaborovi&#8221; je poruka prve Komemoracije obilje\u017eavanja Genocida u Srebrenici koja se odr\u017eala 10.07.2018. u Skoplju u organizaciji &#8220;Foruma Bosnjaka&#8221;. Komemoraciji je prisustvovao veliki broj zvani\u010dnika i delegacija, a na kojoj je bio odr\u017ean prigodan program i obra\u0107anja predstavnika drustveno-politi\u010dkog \u017eivota. Koordinator Foruma Bo\u0161njaka, Enes \u0160emsovi\u0107 je rekao: &#8220;Poruka dana\u0161nje [&hellip;]","og_url":"https:\/\/sandzakpress.net\/arhiva\/bosnjaci-i-makedonski-gradani-obiljezili-genocid-u-srebrenici\/","og_site_name":"Sand\u017eak PRESS","article_published_time":"2018-07-12T08:46:28+00:00","article_modified_time":"2018-07-12T11:51:31+00:00","og_image":[{"width":616,"height":325,"url":"https:\/\/sandzakpress.net\/arhiva\/wp-content\/uploads\/2018\/07\/20180711_182344-616x325.jpg","type":"image\/jpeg"}],"author":"Agencija","twitter_card":"summary_large_image","twitter_misc":{"Written by":"Agencija","Est. reading time":"1 minuta"},"schema":{"@context":"https:\/\/schema.org","@graph":[{"@type":"Article","@id":"https:\/\/sandzakpress.net\/arhiva\/bosnjaci-i-makedonski-gradani-obiljezili-genocid-u-srebrenici\/#article","isPartOf":{"@id":"https:\/\/sandzakpress.net\/arhiva\/bosnjaci-i-makedonski-gradani-obiljezili-genocid-u-srebrenici\/"},"author":{"name":"Agencija","@id":"https:\/\/sandzakpress.net\/arhiva\/#\/schema\/person\/cb59d7e3ab91ab90dd680ad0305a6185"},"headline":"Bo\u0161njaci i makedonski gra\u0111ani obilje\u017eili genocid u Srebrenici","datePublished":"2018-07-12T08:46:28+00:00","dateModified":"2018-07-12T11:51:31+00:00","mainEntityOfPage":{"@id":"https:\/\/sandzakpress.net\/arhiva\/bosnjaci-i-makedonski-gradani-obiljezili-genocid-u-srebrenici\/"},"wordCount":274,"commentCount":3,"publisher":{"@id":"https:\/\/sandzakpress.net\/arhiva\/#\/schema\/person\/6e72b67d6e51910a1117b3b483ba20bd"},"image":{"@id":"https:\/\/sandzakpress.net\/arhiva\/bosnjaci-i-makedonski-gradani-obiljezili-genocid-u-srebrenici\/#primaryimage"},"thumbnailUrl":"https:\/\/sandzakpress.net\/arhiva\/wp-content\/uploads\/2018\/07\/20180711_182344.jpg","articleSection":["Nacija","Bosna i Hercegovina","Makedonija","VIJESTI DANA"],"inLanguage":"bs-BA","potentialAction":[{"@type":"CommentAction","name":"Comment","target":["https:\/\/sandzakpress.net\/arhiva\/bosnjaci-i-makedonski-gradani-obiljezili-genocid-u-srebrenici\/#respond"]}]},{"@type":"WebPage","@id":"https:\/\/sandzakpress.net\/arhiva\/bosnjaci-i-makedonski-gradani-obiljezili-genocid-u-srebrenici\/","url":"https:\/\/sandzakpress.net\/arhiva\/bosnjaci-i-makedonski-gradani-obiljezili-genocid-u-srebrenici\/","name":"Bo\u0161njaci i makedonski gra\u0111ani obilje\u017eili genocid u Srebrenici","isPartOf":{"@id":"https:\/\/sandzakpress.net\/arhiva\/#website"},"primaryImageOfPage":{"@id":"https:\/\/sandzakpress.net\/arhiva\/bosnjaci-i-makedonski-gradani-obiljezili-genocid-u-srebrenici\/#primaryimage"},"image":{"@id":"https:\/\/sandzakpress.net\/arhiva\/bosnjaci-i-makedonski-gradani-obiljezili-genocid-u-srebrenici\/#primaryimage"},"thumbnailUrl":"https:\/\/sandzakpress.net\/arhiva\/wp-content\/uploads\/2018\/07\/20180711_182344.jpg","datePublished":"2018-07-12T08:46:28+00:00","dateModified":"2018-07-12T11:51:31+00:00","breadcrumb":{"@id":"https:\/\/sandzakpress.net\/arhiva\/bosnjaci-i-makedonski-gradani-obiljezili-genocid-u-srebrenici\/#breadcrumb"},"inLanguage":"bs-BA","potentialAction":[{"@type":"ReadAction","target":["https:\/\/sandzakpress.net\/arhiva\/bosnjaci-i-makedonski-gradani-obiljezili-genocid-u-srebrenici\/"]}]},{"@type":"ImageObject","inLanguage":"bs-BA","@id":"https:\/\/sandzakpress.net\/arhiva\/bosnjaci-i-makedonski-gradani-obiljezili-genocid-u-srebrenici\/#primaryimage","url":"https:\/\/sandzakpress.net\/arhiva\/wp-content\/uploads\/2018\/07\/20180711_182344.jpg","contentUrl":"https:\/\/sandzakpress.net\/arhiva\/wp-content\/uploads\/2018\/07\/20180711_182344.jpg","width":4096,"height":2163},{"@type":"BreadcrumbList","@id":"https:\/\/sandzakpress.net\/arhiva\/bosnjaci-i-makedonski-gradani-obiljezili-genocid-u-srebrenici\/#breadcrumb","itemListElement":[{"@type":"ListItem","position":1,"name":"Home","item":"https:\/\/sandzakpress.net\/arhiva\/"},{"@type":"ListItem","position":2,"name":"Bo\u0161njaci i makedonski gra\u0111ani obilje\u017eili genocid u Srebrenici"}]},{"@type":"WebSite","@id":"https:\/\/sandzakpress.net\/arhiva\/#website","url":"https:\/\/sandzakpress.net\/arhiva\/","name":"Sand\u017eak PRESS","description":"Prve elektronske novine u Sand\u017eaku","publisher":{"@id":"https:\/\/sandzakpress.net\/arhiva\/#\/schema\/person\/6e72b67d6e51910a1117b3b483ba20bd"},"potentialAction":[{"@type":"SearchAction","target":{"@type":"EntryPoint","urlTemplate":"https:\/\/sandzakpress.net\/arhiva\/?s={search_term_string}"},"query-input":{"@type":"PropertyValueSpecification","valueRequired":true,"valueName":"search_term_string"}}],"inLanguage":"bs-BA"},{"@type":["Person","Organization"],"@id":"https:\/\/sandzakpress.net\/arhiva\/#\/schema\/person\/6e72b67d6e51910a1117b3b483ba20bd","name":"Kul","image":{"@type":"ImageObject","inLanguage":"bs-BA","@id":"https:\/\/sandzakpress.net\/arhiva\/#\/schema\/person\/image\/","url":"https:\/\/secure.gravatar.com\/avatar\/42263f39aa27ac04c43cab85c280eb2e?s=96&d=mm&r=pg","contentUrl":"https:\/\/secure.gravatar.com\/avatar\/42263f39aa27ac04c43cab85c280eb2e?s=96&d=mm&r=pg","caption":"Kul"},"logo":{"@id":"https:\/\/sandzakpress.net\/arhiva\/#\/schema\/person\/image\/"}},{"@type":"Person","@id":"https:\/\/sandzakpress.net\/arhiva\/#\/schema\/person\/cb59d7e3ab91ab90dd680ad0305a6185","name":"Agencija","image":{"@type":"ImageObject","inLanguage":"bs-BA","@id":"https:\/\/sandzakpress.net\/arhiva\/#\/schema\/person\/image\/","url":"https:\/\/secure.gravatar.com\/avatar\/4b7fafa80a22f0c2afe23966b3961fe0?s=96&d=mm&r=pg","contentUrl":"https:\/\/secure.gravatar.com\/avatar\/4b7fafa80a22f0c2afe23966b3961fe0?s=96&d=mm&r=pg","caption":"Agencija"},"url":"https:\/\/sandzakpress.net\/arhiva\/author\/agencija\/"}]}},"_links":{"self":[{"href":"https:\/\/sandzakpress.net\/arhiva\/wp-json\/wp\/v2\/posts\/209207"}],"collection":[{"href":"https:\/\/sandzakpress.net\/arhiva\/wp-json\/wp\/v2\/posts"}],"about":[{"href":"https:\/\/sandzakpress.net\/arhiva\/wp-json\/wp\/v2\/types\/post"}],"author":[{"embeddable":true,"href":"https:\/\/sandzakpress.net\/arhiva\/wp-json\/wp\/v2\/users\/509"}],"replies":[{"embeddable":true,"href":"https:\/\/sandzakpress.net\/arhiva\/wp-json\/wp\/v2\/comments?post=209207"}],"version-history":[{"count":0,"href":"https:\/\/sandzakpress.net\/arhiva\/wp-json\/wp\/v2\/posts\/209207\/revisions"}],"wp:featuredmedia":[{"embeddable":true,"href":"https:\/\/sandzakpress.net\/arhiva\/wp-json\/wp\/v2\/media\/209210"}],"wp:attachment":[{"href":"https:\/\/sandzakpress.net\/arhiva\/wp-json\/wp\/v2\/media?parent=209207"}],"wp:term":[{"taxonomy":"category","embeddable":true,"href":"https:\/\/sandzakpress.net\/arhiva\/wp-json\/wp\/v2\/categories?post=209207"},{"taxonomy":"post_tag","embeddable":true,"href":"https:\/\/sandzakpress.net\/arhiva\/wp-json\/wp\/v2\/tags?post=209207"}],"curies":[{"name":"wp","href":"https:\/\/api.w.org\/{rel}","templated":true}]}}