{"id":20902,"date":"2011-09-30T11:01:57","date_gmt":"2011-09-30T09:01:57","guid":{"rendered":"https:\/\/sandzakpress.net\/arhiva\/?p=20902"},"modified":"2011-09-30T11:01:57","modified_gmt":"2011-09-30T09:01:57","slug":"povrijedena-desetogodisnja-djevojcica","status":"publish","type":"post","link":"https:\/\/sandzakpress.net\/arhiva\/povrijedena-desetogodisnja-djevojcica\/","title":{"rendered":"Povrije\u0111ena desetogodi\u0161nja djevoj\u010dica"},"content":{"rendered":"<p><strong><a href=\"https:\/\/sandzakpress.net\/arhiva\/wp-content\/uploads\/2011\/09\/index19.jpg\"><img loading=\"lazy\" decoding=\"async\" class=\"alignleft size-full wp-image-20903\" title=\"index\" src=\"https:\/\/sandzakpress.net\/arhiva\/wp-content\/uploads\/2011\/09\/index19.jpg\" alt=\"\" width=\"120\" height=\"68\" \/><\/a>Ro\u017eaje &#8211; Desetogodi\u0161nja Ermina Bibi\u0107 iz Ro\u017eaja zadobila je te\u017ee povrijede ju\u010der  oko 18 sati na regionalnom putu Ro\u017eaje &#8211; Kula, u naselju Band\u017eovo brdo,  kada je na nju naletio Orhan Kala\u010d (32) koji je bio za upravlja\u010dem  automobila \u201evento\u201c (RO AB 143). <\/strong><\/p>\n<p>Djevoj\u010dici je prva pomo\u0107 pru\u017eena u Hitnoj slu\u017ebi Doma zdravlja u Ro\u017eajama, a potom je prevezena u Op\u0107u bolnicu u Beranama.<\/p>\n<p>Kako je saop\u0161teno iz policije, na nju je dok se vra\u0107ala iz \u0161kole  naletio Kala\u010d u momentu kada je poku\u0161ala da pretr\u010di magistralu. Kala\u010d je  nakon udesa zadr\u017ean u Ispostavi policije.<\/p>\n<p>Uvi\u0111aj je obavila ekipa te ispostave, a saobra\u0107aj je bio u prekidu oko sat vremena.<\/p>\n<p>Izvor: <strong>Pobjeda.me<\/strong><\/p>\n","protected":false},"excerpt":{"rendered":"<p>Ro\u017eaje &#8211; Desetogodi\u0161nja Ermina Bibi\u0107 iz Ro\u017eaja zadobila je te\u017ee povrijede ju\u010der oko 18 sati na regionalnom putu Ro\u017eaje &#8211; Kula, u naselju Band\u017eovo brdo, kada je na nju naletio Orhan Kala\u010d (32) koji je bio za upravlja\u010dem automobila \u201evento\u201c (RO AB 143). Djevoj\u010dici je prva pomo\u0107 pru\u017eena u Hitnoj slu\u017ebi Doma zdravlja u Ro\u017eajama, [&hellip;]<\/p>\n","protected":false},"author":13,"featured_media":20903,"comment_status":"open","ping_status":"open","sticky":false,"template":"","format":"standard","meta":{"footnotes":""},"categories":[398,801],"tags":[],"class_list":{"0":"post-20902","1":"post","2":"type-post","3":"status-publish","4":"format-standard","5":"has-post-thumbnail","7":"category-rozaje","8":"category-crna_hronika"},"yoast_head":"<!-- This site is optimized with the Yoast SEO Premium plugin v23.1 (Yoast SEO v24.9) - https:\/\/yoast.com\/wordpress\/plugins\/seo\/ -->\n<title>Povrije\u0111ena desetogodi\u0161nja djevoj\u010dica<\/title>\n<meta name=\"robots\" content=\"index, follow, max-snippet:-1, max-image-preview:large, max-video-preview:-1\" \/>\n<link rel=\"canonical\" href=\"https:\/\/sandzakpress.net\/arhiva\/povrijedena-desetogodisnja-djevojcica\/\" \/>\n<meta property=\"og:locale\" content=\"bs_BA\" \/>\n<meta property=\"og:type\" content=\"article\" \/>\n<meta property=\"og:title\" content=\"Povrije\u0111ena desetogodi\u0161nja djevoj\u010dica\" \/>\n<meta property=\"og:description\" content=\"Ro\u017eaje &#8211; Desetogodi\u0161nja Ermina Bibi\u0107 iz Ro\u017eaja zadobila je te\u017ee povrijede ju\u010der oko 18 sati na regionalnom putu Ro\u017eaje &#8211; Kula, u naselju Band\u017eovo brdo, kada je na nju naletio Orhan Kala\u010d (32) koji je bio za upravlja\u010dem automobila \u201evento\u201c (RO AB 143). Djevoj\u010dici je prva pomo\u0107 pru\u017eena u Hitnoj slu\u017ebi Doma zdravlja u Ro\u017eajama, [&hellip;]\" \/>\n<meta property=\"og:url\" content=\"https:\/\/sandzakpress.net\/arhiva\/povrijedena-desetogodisnja-djevojcica\/\" \/>\n<meta property=\"og:site_name\" content=\"Sand\u017eak PRESS\" \/>\n<meta property=\"article:published_time\" content=\"2011-09-30T09:01:57+00:00\" \/>\n<meta property=\"og:image\" content=\"https:\/\/sandzakpress.net\/arhiva\/wp-content\/uploads\/2011\/09\/index19.jpg\" \/>\n\t<meta property=\"og:image:width\" content=\"120\" \/>\n\t<meta property=\"og:image:height\" content=\"68\" \/>\n\t<meta property=\"og:image:type\" content=\"image\/jpeg\" \/>\n<meta name=\"twitter:card\" content=\"summary_large_image\" \/>\n<meta name=\"twitter:label1\" content=\"Written by\" \/>\n\t<meta name=\"twitter:data1\" content=\"\" \/>\n\t<meta name=\"twitter:label2\" content=\"Est. reading time\" \/>\n\t<meta name=\"twitter:data2\" content=\"1 minuta\" \/>\n<script type=\"application\/ld+json\" class=\"yoast-schema-graph\">{\"@context\":\"https:\/\/schema.org\",\"@graph\":[{\"@type\":\"Article\",\"@id\":\"https:\/\/sandzakpress.net\/arhiva\/povrijedena-desetogodisnja-djevojcica\/#article\",\"isPartOf\":{\"@id\":\"https:\/\/sandzakpress.net\/arhiva\/povrijedena-desetogodisnja-djevojcica\/\"},\"author\":{\"name\":\"\",\"@id\":\"\"},\"headline\":\"Povrije\u0111ena desetogodi\u0161nja djevoj\u010dica\",\"datePublished\":\"2011-09-30T09:01:57+00:00\",\"mainEntityOfPage\":{\"@id\":\"https:\/\/sandzakpress.net\/arhiva\/povrijedena-desetogodisnja-djevojcica\/\"},\"wordCount\":136,\"commentCount\":0,\"publisher\":{\"@id\":\"https:\/\/sandzakpress.net\/arhiva\/#\/schema\/person\/6e72b67d6e51910a1117b3b483ba20bd\"},\"image\":{\"@id\":\"https:\/\/sandzakpress.net\/arhiva\/povrijedena-desetogodisnja-djevojcica\/#primaryimage\"},\"thumbnailUrl\":\"https:\/\/sandzakpress.net\/arhiva\/wp-content\/uploads\/2011\/09\/index19.jpg\",\"articleSection\":[\"Ro\u017eaje\",\"Hronika\"],\"inLanguage\":\"bs-BA\",\"potentialAction\":[{\"@type\":\"CommentAction\",\"name\":\"Comment\",\"target\":[\"https:\/\/sandzakpress.net\/arhiva\/povrijedena-desetogodisnja-djevojcica\/#respond\"]}]},{\"@type\":\"WebPage\",\"@id\":\"https:\/\/sandzakpress.net\/arhiva\/povrijedena-desetogodisnja-djevojcica\/\",\"url\":\"https:\/\/sandzakpress.net\/arhiva\/povrijedena-desetogodisnja-djevojcica\/\",\"name\":\"Povrije\u0111ena desetogodi\u0161nja djevoj\u010dica\",\"isPartOf\":{\"@id\":\"https:\/\/sandzakpress.net\/arhiva\/#website\"},\"primaryImageOfPage\":{\"@id\":\"https:\/\/sandzakpress.net\/arhiva\/povrijedena-desetogodisnja-djevojcica\/#primaryimage\"},\"image\":{\"@id\":\"https:\/\/sandzakpress.net\/arhiva\/povrijedena-desetogodisnja-djevojcica\/#primaryimage\"},\"thumbnailUrl\":\"https:\/\/sandzakpress.net\/arhiva\/wp-content\/uploads\/2011\/09\/index19.jpg\",\"datePublished\":\"2011-09-30T09:01:57+00:00\",\"breadcrumb\":{\"@id\":\"https:\/\/sandzakpress.net\/arhiva\/povrijedena-desetogodisnja-djevojcica\/#breadcrumb\"},\"inLanguage\":\"bs-BA\",\"potentialAction\":[{\"@type\":\"ReadAction\",\"target\":[\"https:\/\/sandzakpress.net\/arhiva\/povrijedena-desetogodisnja-djevojcica\/\"]}]},{\"@type\":\"ImageObject\",\"inLanguage\":\"bs-BA\",\"@id\":\"https:\/\/sandzakpress.net\/arhiva\/povrijedena-desetogodisnja-djevojcica\/#primaryimage\",\"url\":\"https:\/\/sandzakpress.net\/arhiva\/wp-content\/uploads\/2011\/09\/index19.jpg\",\"contentUrl\":\"https:\/\/sandzakpress.net\/arhiva\/wp-content\/uploads\/2011\/09\/index19.jpg\",\"width\":120,\"height\":68},{\"@type\":\"BreadcrumbList\",\"@id\":\"https:\/\/sandzakpress.net\/arhiva\/povrijedena-desetogodisnja-djevojcica\/#breadcrumb\",\"itemListElement\":[{\"@type\":\"ListItem\",\"position\":1,\"name\":\"Home\",\"item\":\"https:\/\/sandzakpress.net\/arhiva\/\"},{\"@type\":\"ListItem\",\"position\":2,\"name\":\"Povrije\u0111ena desetogodi\u0161nja djevoj\u010dica\"}]},{\"@type\":\"WebSite\",\"@id\":\"https:\/\/sandzakpress.net\/arhiva\/#website\",\"url\":\"https:\/\/sandzakpress.net\/arhiva\/\",\"name\":\"Sand\u017eak PRESS\",\"description\":\"Prve elektronske novine u Sand\u017eaku\",\"publisher\":{\"@id\":\"https:\/\/sandzakpress.net\/arhiva\/#\/schema\/person\/6e72b67d6e51910a1117b3b483ba20bd\"},\"potentialAction\":[{\"@type\":\"SearchAction\",\"target\":{\"@type\":\"EntryPoint\",\"urlTemplate\":\"https:\/\/sandzakpress.net\/arhiva\/?s={search_term_string}\"},\"query-input\":{\"@type\":\"PropertyValueSpecification\",\"valueRequired\":true,\"valueName\":\"search_term_string\"}}],\"inLanguage\":\"bs-BA\"},{\"@type\":[\"Person\",\"Organization\"],\"@id\":\"https:\/\/sandzakpress.net\/arhiva\/#\/schema\/person\/6e72b67d6e51910a1117b3b483ba20bd\",\"name\":\"Kul\",\"image\":{\"@type\":\"ImageObject\",\"inLanguage\":\"bs-BA\",\"@id\":\"https:\/\/sandzakpress.net\/arhiva\/#\/schema\/person\/image\/\",\"url\":\"https:\/\/secure.gravatar.com\/avatar\/42263f39aa27ac04c43cab85c280eb2e?s=96&d=mm&r=pg\",\"contentUrl\":\"https:\/\/secure.gravatar.com\/avatar\/42263f39aa27ac04c43cab85c280eb2e?s=96&d=mm&r=pg\",\"caption\":\"Kul\"},\"logo\":{\"@id\":\"https:\/\/sandzakpress.net\/arhiva\/#\/schema\/person\/image\/\"}},{\"@type\":\"Person\",\"@id\":\"\",\"url\":\"https:\/\/sandzakpress.net\/arhiva\/author\/\"}]}<\/script>\n<!-- \/ Yoast SEO Premium plugin. -->","yoast_head_json":{"title":"Povrije\u0111ena desetogodi\u0161nja djevoj\u010dica","robots":{"index":"index","follow":"follow","max-snippet":"max-snippet:-1","max-image-preview":"max-image-preview:large","max-video-preview":"max-video-preview:-1"},"canonical":"https:\/\/sandzakpress.net\/arhiva\/povrijedena-desetogodisnja-djevojcica\/","og_locale":"bs_BA","og_type":"article","og_title":"Povrije\u0111ena desetogodi\u0161nja djevoj\u010dica","og_description":"Ro\u017eaje &#8211; Desetogodi\u0161nja Ermina Bibi\u0107 iz Ro\u017eaja zadobila je te\u017ee povrijede ju\u010der oko 18 sati na regionalnom putu Ro\u017eaje &#8211; Kula, u naselju Band\u017eovo brdo, kada je na nju naletio Orhan Kala\u010d (32) koji je bio za upravlja\u010dem automobila \u201evento\u201c (RO AB 143). Djevoj\u010dici je prva pomo\u0107 pru\u017eena u Hitnoj slu\u017ebi Doma zdravlja u Ro\u017eajama, [&hellip;]","og_url":"https:\/\/sandzakpress.net\/arhiva\/povrijedena-desetogodisnja-djevojcica\/","og_site_name":"Sand\u017eak PRESS","article_published_time":"2011-09-30T09:01:57+00:00","og_image":[{"width":120,"height":68,"url":"https:\/\/sandzakpress.net\/arhiva\/wp-content\/uploads\/2011\/09\/index19.jpg","type":"image\/jpeg"}],"twitter_card":"summary_large_image","twitter_misc":{"Written by":"","Est. reading time":"1 minuta"},"schema":{"@context":"https:\/\/schema.org","@graph":[{"@type":"Article","@id":"https:\/\/sandzakpress.net\/arhiva\/povrijedena-desetogodisnja-djevojcica\/#article","isPartOf":{"@id":"https:\/\/sandzakpress.net\/arhiva\/povrijedena-desetogodisnja-djevojcica\/"},"author":{"name":"","@id":""},"headline":"Povrije\u0111ena desetogodi\u0161nja djevoj\u010dica","datePublished":"2011-09-30T09:01:57+00:00","mainEntityOfPage":{"@id":"https:\/\/sandzakpress.net\/arhiva\/povrijedena-desetogodisnja-djevojcica\/"},"wordCount":136,"commentCount":0,"publisher":{"@id":"https:\/\/sandzakpress.net\/arhiva\/#\/schema\/person\/6e72b67d6e51910a1117b3b483ba20bd"},"image":{"@id":"https:\/\/sandzakpress.net\/arhiva\/povrijedena-desetogodisnja-djevojcica\/#primaryimage"},"thumbnailUrl":"https:\/\/sandzakpress.net\/arhiva\/wp-content\/uploads\/2011\/09\/index19.jpg","articleSection":["Ro\u017eaje","Hronika"],"inLanguage":"bs-BA","potentialAction":[{"@type":"CommentAction","name":"Comment","target":["https:\/\/sandzakpress.net\/arhiva\/povrijedena-desetogodisnja-djevojcica\/#respond"]}]},{"@type":"WebPage","@id":"https:\/\/sandzakpress.net\/arhiva\/povrijedena-desetogodisnja-djevojcica\/","url":"https:\/\/sandzakpress.net\/arhiva\/povrijedena-desetogodisnja-djevojcica\/","name":"Povrije\u0111ena desetogodi\u0161nja djevoj\u010dica","isPartOf":{"@id":"https:\/\/sandzakpress.net\/arhiva\/#website"},"primaryImageOfPage":{"@id":"https:\/\/sandzakpress.net\/arhiva\/povrijedena-desetogodisnja-djevojcica\/#primaryimage"},"image":{"@id":"https:\/\/sandzakpress.net\/arhiva\/povrijedena-desetogodisnja-djevojcica\/#primaryimage"},"thumbnailUrl":"https:\/\/sandzakpress.net\/arhiva\/wp-content\/uploads\/2011\/09\/index19.jpg","datePublished":"2011-09-30T09:01:57+00:00","breadcrumb":{"@id":"https:\/\/sandzakpress.net\/arhiva\/povrijedena-desetogodisnja-djevojcica\/#breadcrumb"},"inLanguage":"bs-BA","potentialAction":[{"@type":"ReadAction","target":["https:\/\/sandzakpress.net\/arhiva\/povrijedena-desetogodisnja-djevojcica\/"]}]},{"@type":"ImageObject","inLanguage":"bs-BA","@id":"https:\/\/sandzakpress.net\/arhiva\/povrijedena-desetogodisnja-djevojcica\/#primaryimage","url":"https:\/\/sandzakpress.net\/arhiva\/wp-content\/uploads\/2011\/09\/index19.jpg","contentUrl":"https:\/\/sandzakpress.net\/arhiva\/wp-content\/uploads\/2011\/09\/index19.jpg","width":120,"height":68},{"@type":"BreadcrumbList","@id":"https:\/\/sandzakpress.net\/arhiva\/povrijedena-desetogodisnja-djevojcica\/#breadcrumb","itemListElement":[{"@type":"ListItem","position":1,"name":"Home","item":"https:\/\/sandzakpress.net\/arhiva\/"},{"@type":"ListItem","position":2,"name":"Povrije\u0111ena desetogodi\u0161nja djevoj\u010dica"}]},{"@type":"WebSite","@id":"https:\/\/sandzakpress.net\/arhiva\/#website","url":"https:\/\/sandzakpress.net\/arhiva\/","name":"Sand\u017eak PRESS","description":"Prve elektronske novine u Sand\u017eaku","publisher":{"@id":"https:\/\/sandzakpress.net\/arhiva\/#\/schema\/person\/6e72b67d6e51910a1117b3b483ba20bd"},"potentialAction":[{"@type":"SearchAction","target":{"@type":"EntryPoint","urlTemplate":"https:\/\/sandzakpress.net\/arhiva\/?s={search_term_string}"},"query-input":{"@type":"PropertyValueSpecification","valueRequired":true,"valueName":"search_term_string"}}],"inLanguage":"bs-BA"},{"@type":["Person","Organization"],"@id":"https:\/\/sandzakpress.net\/arhiva\/#\/schema\/person\/6e72b67d6e51910a1117b3b483ba20bd","name":"Kul","image":{"@type":"ImageObject","inLanguage":"bs-BA","@id":"https:\/\/sandzakpress.net\/arhiva\/#\/schema\/person\/image\/","url":"https:\/\/secure.gravatar.com\/avatar\/42263f39aa27ac04c43cab85c280eb2e?s=96&d=mm&r=pg","contentUrl":"https:\/\/secure.gravatar.com\/avatar\/42263f39aa27ac04c43cab85c280eb2e?s=96&d=mm&r=pg","caption":"Kul"},"logo":{"@id":"https:\/\/sandzakpress.net\/arhiva\/#\/schema\/person\/image\/"}},{"@type":"Person","@id":"","url":"https:\/\/sandzakpress.net\/arhiva\/author\/"}]}},"_links":{"self":[{"href":"https:\/\/sandzakpress.net\/arhiva\/wp-json\/wp\/v2\/posts\/20902"}],"collection":[{"href":"https:\/\/sandzakpress.net\/arhiva\/wp-json\/wp\/v2\/posts"}],"about":[{"href":"https:\/\/sandzakpress.net\/arhiva\/wp-json\/wp\/v2\/types\/post"}],"author":[{"embeddable":true,"href":"https:\/\/sandzakpress.net\/arhiva\/wp-json\/wp\/v2\/users\/13"}],"replies":[{"embeddable":true,"href":"https:\/\/sandzakpress.net\/arhiva\/wp-json\/wp\/v2\/comments?post=20902"}],"version-history":[{"count":0,"href":"https:\/\/sandzakpress.net\/arhiva\/wp-json\/wp\/v2\/posts\/20902\/revisions"}],"wp:featuredmedia":[{"embeddable":true,"href":"https:\/\/sandzakpress.net\/arhiva\/wp-json\/wp\/v2\/media\/20903"}],"wp:attachment":[{"href":"https:\/\/sandzakpress.net\/arhiva\/wp-json\/wp\/v2\/media?parent=20902"}],"wp:term":[{"taxonomy":"category","embeddable":true,"href":"https:\/\/sandzakpress.net\/arhiva\/wp-json\/wp\/v2\/categories?post=20902"},{"taxonomy":"post_tag","embeddable":true,"href":"https:\/\/sandzakpress.net\/arhiva\/wp-json\/wp\/v2\/tags?post=20902"}],"curies":[{"name":"wp","href":"https:\/\/api.w.org\/{rel}","templated":true}]}}