{"id":2090,"date":"2010-02-11T15:14:41","date_gmt":"2010-02-11T14:14:41","guid":{"rendered":"https:\/\/sandzakpress.net\/arhiva\/?p=2090"},"modified":"2010-02-11T15:21:52","modified_gmt":"2010-02-11T14:21:52","slug":"alaj-begova-slama","status":"publish","type":"post","link":"https:\/\/sandzakpress.net\/arhiva\/alaj-begova-slama\/","title":{"rendered":"Alaj-begova slama"},"content":{"rendered":"<p><a href=\"https:\/\/sandzakpress.net\/arhiva\/wp-content\/uploads\/2010\/02\/sda.jpg\"><img loading=\"lazy\" decoding=\"async\" class=\"aligncenter size-full wp-image-2091\" title=\"sda\" src=\"https:\/\/sandzakpress.net\/arhiva\/wp-content\/uploads\/2010\/02\/sda.jpg\" alt=\"\" width=\"617\" height=\"285\" \/><\/a><\/p>\n<p><strong>Sand\u017eak PRESS &#8211; <\/strong><strong>\u010cudno je koliko neki ljudi imaju licemjerstva u sebi i koliko podlosti i neistine kriju u svojim prsima i glavama. Eto, ju\u010der,\u00a0 Fuad Ba\u0107i\u0107anin, generalni sekretar SDA Sand\u017eaka pozva Ministarstvo Unutra\u0161njih poslova da omogu\u0107i Bo\u0161njacima da ostvaruju svoja zakonom i Ustavom zagarantovana prava. Tek ju\u010der se sjetili da se na\u0161a prava uveliko kr\u0161e. Tek ju\u010der su spoznali istinu koju samo SDA onako arhai\u010dna, mitiljava i trapava nije mogla da vidi i spozna. Tek ju\u010der se Suljo sjetio da naredi svom poslu\u0161niku \u0161ta da ka\u017ee na konferenciji za novinare kako bi se na taj na\u010din poku\u0161ao dodvoriti Bo\u0161njacima i vratiti poljuljano povjerenje. Licimjerno i podlo, nema \u0161ta.<\/strong><\/p>\n<p>Samo prije nekoliko mjeseci, ili prije nekoliko dana, ista ova SDA koja sada pri\u010da o pravima Bo\u0161njaka napadala je Islamsku zajednicu u Srbiji i njeno rukovodstvo zbog stalnih govora i izra\u017eenog nezadovoljstvo povodom kr\u0161enja ljudskih i vjerski prava\u00a0 Bo\u0161njaka. Suljo i Bajro i Esad su na sva zvona branili srpsku Vlast tvrde\u0107i da prava Bo\u0161njaka ni u jednom segmentu nisu ugro\u017eena. \u010cak je Suljo govorio da Bo\u0161njaci nikada nisu imali bolja prava nego za vrijeme vladavine DSS i biv\u0161eg premijera Ko\u0161tunice. To Bo\u0161njaci nisu zaboravili, a nisu zaboravili ni ko je falsifikovao glasove\u00a0 Bo\u0161njaka na referendumu za progla\u0161enje Ustava koji je najve\u0107i krivac za kr\u0161enje na\u0161ih elementarnih prava pa i ovih o kojima sada govori SDA. Sulejman Ugljanin glavom i bradom je najve\u0107i krivac \u0161to je referendum o Ustavu, u Sand\u017eaku \u201edobio\u201c podr\u0161ku preko 60%. Zbog toga je on najve\u0107i krivac \u0161to se na\u0161a prava kr\u0161e, jer Ustav je generator svih nepravdi prema Bo\u0161njacima. On je krivac \u0161to: \u201eU programima koji se koriste u Policijskim upravama u kojima se upisuju podaci o gra\u0111anima u klasifikaciji nacionalnosti ne postoji nacionalnost Bo\u0161njak, \u010dime je prekr\u0161en \u010dlan 79 Ustava Republike Srbije, \u010dlan 1 Zakona o za\u0161titi prava i sloboda nacionalnih manjina i \u010dlan 11 Okvirne konvencije Savjeta Evrope\u201c. On je krivac zato \u0161to nijemo slu\u0161a srpski re\u017eim pokoravaju\u0107i mu se na u\u0161trb bo\u0161nja\u010dkih prava. On je krivac zato \u0161to se u sand\u017ea\u010dkim op\u0161tinama nova li\u010dna karta\u00a0 izdaje samo na srpskom jeziku i \u0107irili\u010dnom pismu, iako je u svim tim op\u0161tinama u \u201eravnopravnoj slu\u017ebenoj upotrebi bosanski jezik i latini\u010dno pismo\u201d. (Ovo je rekao Ba\u0107i\u0107anin na konferenciji za \u0161tampu).<\/p>\n<p>Krivac je zato \u0161to je glasao u Vladi, kao Ministar za sve one Zakone koji kr\u0161e bo\u0161nja\u010dka ljudska i vjerska prava a sada preko svojih satelita poku\u0161ava da obmane javnost nazovi borbom za o\u010duvanje i po\u0161tovanje prava Bo\u0161njaka. SDA kao nikada do sada luta u prazno poku\u0161avaju\u0107i da povrati poljuljanu reputaciju kod Bo\u0161njaka, posebno jer se bli\u017ee izbori za Nacionalni savjet Bo\u0161njaka koji \u0107e SDA na \u010delu sa Suljom sigurno izgubiti, jer Bo\u0161njaci, kao krivca za sva poni\u017eenja koja im se doga\u0111aju, sa potpunim pravom vide samo Ugljanina \u010dije ih je ministrovanje ko\u0161talo i od \u010dijeg \u201erada\u201c se jo\u0161 dugo ne mogu oporaviti.<\/p>\n<p>Zato je veoma licimjerno, neljudski i nemoralno dr\u017eati lekcije o po\u0161tivanju prava Bo\u0161njaka jer ste\u00a0 vi gospodo iz SDA na \u010delu sa Ministrom Ugljaninom va\u0161im podani\u010dkim odnosom i poslu\u0161no\u0161\u0107u srpskom re\u017eimu, a na u\u0161trb sopstvenog naroda krivi za sva zla koja se Bo\u0161njacima dje\u0161avaju. Krivi ste zato \u0161to ste pozicije u vlasti koristili za li\u010dne interese, a nikako za interese Bo\u0161njaka i unapre\u0111enje njihovog vjerskog i nacionalnog pitanja ili ekonomskog statusa. Krivi ste za sve, od toga \u0161to se po Sand\u017eaku vozimo izrovanim putevima, \u0161to imamo posrnulu i propalu privredu, \u0161to su sand\u017ea\u010dke op\u0161tine u kojima ste vi vladali najzadu\u017eenije u Srbiji, \u0161to je ekonomija u rasulu, siroma\u0161tvo i nezapo\u0161ljenost u porastu, do toga \u0161to ste glasali za uredbu o podjeli Sand\u017eaka u statisti\u010dkoj regionalizaciji Srbije, te ste takvim odnosom doveli do nepovoljnog rje\u0161enja za na\u0161 region koji ne\u0107e imati Novi Pazar za svoj centar, \u0161to automatski zna\u010di produ\u017eetak agonije, bijede i siroma\u0161tva. Krivi ste jer ste bili na poziciji Vlasti u klju\u010dnim godinama, mjesecima i danima u kojima ste mogli da Bo\u0161njake izvedete na put prosperiteta, razvoja i demokratije u dr\u017eavi Srbiji, ali to niste u\u010dinili ve\u0107 ste Bo\u0161njake zavadili, ljude invalidima u\u010dinili, pojedinci su zbog va\u0161ih interesa \u017eivote izgubili, jednom rije\u010dju\u00a0 nikakva dobra za Bo\u0161njake niste ostvarili.<\/p>\n<p>Licimjerno je \u0161to SDA-ovci govore o bosanskom jeziku. Pa nijedan od vas u Vlasti, ni ministar Ugljanin ni njegovi poslanici ne govore bosanskim jezikom ili jekavicom. Da stvar bude jo\u0161 gora, vi ste nas godinama lagali kako je Bosanski slu\u017ebeni jezik u \u0161kolama u kojima Bo\u0161njaci \u010dine ve\u0107inu. Hajte molim vas, navedite jedan pozitivan primjer, skidam vam kapu zbog toga. Pa zar ministar Ugljanin nije \u010dlan Vlade? \u0160ta on tamo radi osim \u0161to mlati Alaj-begovu slamu. Za\u0161to o ovim stvarima ne pri\u010da na najvi\u0161em nivou (da pri\u010da i da se zala\u017ee osjetilo bi se na terenu) nego preko Ba\u0107i\u0107anina \u0161alje la\u017enu sliku brige za Bo\u0161njake i njihova prava. Za\u0161to Ministar ne promijeni stvari u Vladi, i za\u0161to je uop\u0107e glasao za Zakone koji diskriminu\u0161u Bo\u0161njake? Za\u0161to je glasao za Ustav koji je u osnovi diskriminatorski? Ugljanin je od Bo\u0161njaka kao konstitutivnog naroda u Srbiji na\u010dinio nacionalnu manjinu. On je doprinio da u Ustavu nema Bo\u0161njaka kao naroda ve\u0107 smo svrstani u kategoriju \u201eostalih\u201c. Sve je to Ugljanin, da je htio mogao bar da ubla\u017ei i svede na neki zavidan nivo, ali nije. Dra\u017ea mu je fotelja i pozicija od Bo\u0161nja\u010dkih prava. Ministru Ugljaninu bi bilo bolje da umjesto \u0161to krsti brda kao dokon pop i mije\u0161a se u stvari vjere uzme da radi svoj posao i da na kraju svog ministrovanja bar ne\u0161to dobra u\u010dini za Bo\u0161njake. Vlada je mjesto gdje se ostvaruju prava, Skup\u0161tina tako\u0111er. To nisu instrumentalizovane konferencije za \u0161tampu koje srpsku Vlast ne doti\u010du niti Bo\u0161njacima \u0161ta poma\u017eu. \u00a0Po\u017euri Ministre, rekonstrukcija Vlade je blizu, bez posla prvi ostaju oni koji ne rade ni\u0161ta a uz to su ministri bez portfelja. Mo\u017eda je rekonstrukcija Vlade razlog \u0161to se Ugljanin vra\u0107a staroj retorici iz devedesetih godina kada je htio dr\u017eavu Sand\u017eak i prijetio srpskim vojnicima da \u0107e ih u mrtva\u010dkim kov\u010dezima slati za Beograd. Obzirom da se stolica ljulja treba polako zao\u0161travati retoriku i vra\u0107ati se svom starom programu. Taj program je profan i arhai\u010dan, samo neuki mo\u017ee za takvim programom da se kre\u0107e. Koliko \u0107e Ugljanin biti uspje\u0161an u tome pokaza\u0107e vrijeme. Ono \u0161to je o\u010digledno jeste panika koja je zahvatila Suljovu stranku te mu i odbornici u novopazarskoj Skup\u0161tinu okre\u0107u le\u0111a, a o \u010dlanstvu i da ne govorimo, ostalo ih je taman za pod \u0161ljivu.<\/p>\n<p>Bo\u0161njaci dobro znaju gdje treba okrenuti glavu, ka Suljovoj strani je sigurno okre\u0107ati ne\u0107e.<\/p>\n<p>Vrijeme je za na\u0161e ljude. Vrijeme je za rez. Upamet se, Bo\u0161njaci!<\/p>\n<p>Autor: <strong>Enis Halidovi\u0107<\/strong><\/p>\n","protected":false},"excerpt":{"rendered":"<p>Sand\u017eak PRESS &#8211; \u010cudno je koliko neki ljudi imaju licemjerstva u sebi i koliko podlosti i neistine kriju u svojim prsima i glavama. Eto, ju\u010der,\u00a0 Fuad Ba\u0107i\u0107anin, generalni sekretar SDA Sand\u017eaka pozva Ministarstvo Unutra\u0161njih poslova da omogu\u0107i Bo\u0161njacima da ostvaruju svoja zakonom i Ustavom zagarantovana prava. Tek ju\u010der se sjetili da se na\u0161a prava uveliko [&hellip;]<\/p>\n","protected":false},"author":83,"featured_media":2091,"comment_status":"open","ping_status":"open","sticky":false,"template":"","format":"standard","meta":{"footnotes":""},"categories":[16],"tags":[],"class_list":{"0":"post-2090","1":"post","2":"type-post","3":"status-publish","4":"format-standard","5":"has-post-thumbnail","7":"category-novine"},"yoast_head":"<!-- This site is optimized with the Yoast SEO Premium plugin v23.1 (Yoast SEO v24.9) - https:\/\/yoast.com\/wordpress\/plugins\/seo\/ -->\n<title>Alaj-begova slama<\/title>\n<meta name=\"robots\" content=\"index, follow, max-snippet:-1, max-image-preview:large, max-video-preview:-1\" \/>\n<link rel=\"canonical\" href=\"https:\/\/sandzakpress.net\/arhiva\/alaj-begova-slama\/\" \/>\n<meta property=\"og:locale\" content=\"bs_BA\" \/>\n<meta property=\"og:type\" content=\"article\" \/>\n<meta property=\"og:title\" content=\"Alaj-begova slama\" \/>\n<meta property=\"og:description\" content=\"Sand\u017eak PRESS &#8211; \u010cudno je koliko neki ljudi imaju licemjerstva u sebi i koliko podlosti i neistine kriju u svojim prsima i glavama. Eto, ju\u010der,\u00a0 Fuad Ba\u0107i\u0107anin, generalni sekretar SDA Sand\u017eaka pozva Ministarstvo Unutra\u0161njih poslova da omogu\u0107i Bo\u0161njacima da ostvaruju svoja zakonom i Ustavom zagarantovana prava. Tek ju\u010der se sjetili da se na\u0161a prava uveliko [&hellip;]\" \/>\n<meta property=\"og:url\" content=\"https:\/\/sandzakpress.net\/arhiva\/alaj-begova-slama\/\" \/>\n<meta property=\"og:site_name\" content=\"Sand\u017eak PRESS\" \/>\n<meta property=\"article:published_time\" content=\"2010-02-11T14:14:41+00:00\" \/>\n<meta property=\"article:modified_time\" content=\"2010-02-11T14:21:52+00:00\" \/>\n<meta property=\"og:image\" content=\"https:\/\/sandzakpress.net\/arhiva\/wp-content\/uploads\/2010\/02\/sda.jpg\" \/>\n\t<meta property=\"og:image:width\" content=\"616\" \/>\n\t<meta property=\"og:image:height\" content=\"285\" \/>\n\t<meta property=\"og:image:type\" content=\"image\/jpeg\" \/>\n<meta name=\"author\" content=\"bosniak\" \/>\n<meta name=\"twitter:card\" content=\"summary_large_image\" \/>\n<meta name=\"twitter:label1\" content=\"Written by\" \/>\n\t<meta name=\"twitter:data1\" content=\"bosniak\" \/>\n\t<meta name=\"twitter:label2\" content=\"Est. reading time\" \/>\n\t<meta name=\"twitter:data2\" content=\"6 minuta\" \/>\n<script type=\"application\/ld+json\" class=\"yoast-schema-graph\">{\"@context\":\"https:\/\/schema.org\",\"@graph\":[{\"@type\":\"Article\",\"@id\":\"https:\/\/sandzakpress.net\/arhiva\/alaj-begova-slama\/#article\",\"isPartOf\":{\"@id\":\"https:\/\/sandzakpress.net\/arhiva\/alaj-begova-slama\/\"},\"author\":{\"name\":\"bosniak\",\"@id\":\"https:\/\/sandzakpress.net\/arhiva\/#\/schema\/person\/c8baee722073534b583ea7bdb2e36c02\"},\"headline\":\"Alaj-begova slama\",\"datePublished\":\"2010-02-11T14:14:41+00:00\",\"dateModified\":\"2010-02-11T14:21:52+00:00\",\"mainEntityOfPage\":{\"@id\":\"https:\/\/sandzakpress.net\/arhiva\/alaj-begova-slama\/\"},\"wordCount\":1264,\"commentCount\":3,\"publisher\":{\"@id\":\"https:\/\/sandzakpress.net\/arhiva\/#\/schema\/person\/6e72b67d6e51910a1117b3b483ba20bd\"},\"image\":{\"@id\":\"https:\/\/sandzakpress.net\/arhiva\/alaj-begova-slama\/#primaryimage\"},\"thumbnailUrl\":\"https:\/\/sandzakpress.net\/arhiva\/wp-content\/uploads\/2010\/02\/sda.jpg\",\"articleSection\":[\"Novine\"],\"inLanguage\":\"bs-BA\",\"potentialAction\":[{\"@type\":\"CommentAction\",\"name\":\"Comment\",\"target\":[\"https:\/\/sandzakpress.net\/arhiva\/alaj-begova-slama\/#respond\"]}]},{\"@type\":\"WebPage\",\"@id\":\"https:\/\/sandzakpress.net\/arhiva\/alaj-begova-slama\/\",\"url\":\"https:\/\/sandzakpress.net\/arhiva\/alaj-begova-slama\/\",\"name\":\"Alaj-begova slama\",\"isPartOf\":{\"@id\":\"https:\/\/sandzakpress.net\/arhiva\/#website\"},\"primaryImageOfPage\":{\"@id\":\"https:\/\/sandzakpress.net\/arhiva\/alaj-begova-slama\/#primaryimage\"},\"image\":{\"@id\":\"https:\/\/sandzakpress.net\/arhiva\/alaj-begova-slama\/#primaryimage\"},\"thumbnailUrl\":\"https:\/\/sandzakpress.net\/arhiva\/wp-content\/uploads\/2010\/02\/sda.jpg\",\"datePublished\":\"2010-02-11T14:14:41+00:00\",\"dateModified\":\"2010-02-11T14:21:52+00:00\",\"breadcrumb\":{\"@id\":\"https:\/\/sandzakpress.net\/arhiva\/alaj-begova-slama\/#breadcrumb\"},\"inLanguage\":\"bs-BA\",\"potentialAction\":[{\"@type\":\"ReadAction\",\"target\":[\"https:\/\/sandzakpress.net\/arhiva\/alaj-begova-slama\/\"]}]},{\"@type\":\"ImageObject\",\"inLanguage\":\"bs-BA\",\"@id\":\"https:\/\/sandzakpress.net\/arhiva\/alaj-begova-slama\/#primaryimage\",\"url\":\"https:\/\/sandzakpress.net\/arhiva\/wp-content\/uploads\/2010\/02\/sda.jpg\",\"contentUrl\":\"https:\/\/sandzakpress.net\/arhiva\/wp-content\/uploads\/2010\/02\/sda.jpg\",\"width\":616,\"height\":285},{\"@type\":\"BreadcrumbList\",\"@id\":\"https:\/\/sandzakpress.net\/arhiva\/alaj-begova-slama\/#breadcrumb\",\"itemListElement\":[{\"@type\":\"ListItem\",\"position\":1,\"name\":\"Home\",\"item\":\"https:\/\/sandzakpress.net\/arhiva\/\"},{\"@type\":\"ListItem\",\"position\":2,\"name\":\"Alaj-begova slama\"}]},{\"@type\":\"WebSite\",\"@id\":\"https:\/\/sandzakpress.net\/arhiva\/#website\",\"url\":\"https:\/\/sandzakpress.net\/arhiva\/\",\"name\":\"Sand\u017eak PRESS\",\"description\":\"Prve elektronske novine u Sand\u017eaku\",\"publisher\":{\"@id\":\"https:\/\/sandzakpress.net\/arhiva\/#\/schema\/person\/6e72b67d6e51910a1117b3b483ba20bd\"},\"potentialAction\":[{\"@type\":\"SearchAction\",\"target\":{\"@type\":\"EntryPoint\",\"urlTemplate\":\"https:\/\/sandzakpress.net\/arhiva\/?s={search_term_string}\"},\"query-input\":{\"@type\":\"PropertyValueSpecification\",\"valueRequired\":true,\"valueName\":\"search_term_string\"}}],\"inLanguage\":\"bs-BA\"},{\"@type\":[\"Person\",\"Organization\"],\"@id\":\"https:\/\/sandzakpress.net\/arhiva\/#\/schema\/person\/6e72b67d6e51910a1117b3b483ba20bd\",\"name\":\"Kul\",\"image\":{\"@type\":\"ImageObject\",\"inLanguage\":\"bs-BA\",\"@id\":\"https:\/\/sandzakpress.net\/arhiva\/#\/schema\/person\/image\/\",\"url\":\"https:\/\/secure.gravatar.com\/avatar\/42263f39aa27ac04c43cab85c280eb2e?s=96&d=mm&r=pg\",\"contentUrl\":\"https:\/\/secure.gravatar.com\/avatar\/42263f39aa27ac04c43cab85c280eb2e?s=96&d=mm&r=pg\",\"caption\":\"Kul\"},\"logo\":{\"@id\":\"https:\/\/sandzakpress.net\/arhiva\/#\/schema\/person\/image\/\"}},{\"@type\":\"Person\",\"@id\":\"https:\/\/sandzakpress.net\/arhiva\/#\/schema\/person\/c8baee722073534b583ea7bdb2e36c02\",\"name\":\"bosniak\",\"image\":{\"@type\":\"ImageObject\",\"inLanguage\":\"bs-BA\",\"@id\":\"https:\/\/sandzakpress.net\/arhiva\/#\/schema\/person\/image\/\",\"url\":\"https:\/\/secure.gravatar.com\/avatar\/a04fd330bfe3a36a72a0ad4a6d89fca7?s=96&d=mm&r=pg\",\"contentUrl\":\"https:\/\/secure.gravatar.com\/avatar\/a04fd330bfe3a36a72a0ad4a6d89fca7?s=96&d=mm&r=pg\",\"caption\":\"bosniak\"},\"url\":\"https:\/\/sandzakpress.net\/arhiva\/author\/bosniak\/\"}]}<\/script>\n<!-- \/ Yoast SEO Premium plugin. -->","yoast_head_json":{"title":"Alaj-begova slama","robots":{"index":"index","follow":"follow","max-snippet":"max-snippet:-1","max-image-preview":"max-image-preview:large","max-video-preview":"max-video-preview:-1"},"canonical":"https:\/\/sandzakpress.net\/arhiva\/alaj-begova-slama\/","og_locale":"bs_BA","og_type":"article","og_title":"Alaj-begova slama","og_description":"Sand\u017eak PRESS &#8211; \u010cudno je koliko neki ljudi imaju licemjerstva u sebi i koliko podlosti i neistine kriju u svojim prsima i glavama. Eto, ju\u010der,\u00a0 Fuad Ba\u0107i\u0107anin, generalni sekretar SDA Sand\u017eaka pozva Ministarstvo Unutra\u0161njih poslova da omogu\u0107i Bo\u0161njacima da ostvaruju svoja zakonom i Ustavom zagarantovana prava. Tek ju\u010der se sjetili da se na\u0161a prava uveliko [&hellip;]","og_url":"https:\/\/sandzakpress.net\/arhiva\/alaj-begova-slama\/","og_site_name":"Sand\u017eak PRESS","article_published_time":"2010-02-11T14:14:41+00:00","article_modified_time":"2010-02-11T14:21:52+00:00","og_image":[{"width":616,"height":285,"url":"https:\/\/sandzakpress.net\/arhiva\/wp-content\/uploads\/2010\/02\/sda.jpg","type":"image\/jpeg"}],"author":"bosniak","twitter_card":"summary_large_image","twitter_misc":{"Written by":"bosniak","Est. reading time":"6 minuta"},"schema":{"@context":"https:\/\/schema.org","@graph":[{"@type":"Article","@id":"https:\/\/sandzakpress.net\/arhiva\/alaj-begova-slama\/#article","isPartOf":{"@id":"https:\/\/sandzakpress.net\/arhiva\/alaj-begova-slama\/"},"author":{"name":"bosniak","@id":"https:\/\/sandzakpress.net\/arhiva\/#\/schema\/person\/c8baee722073534b583ea7bdb2e36c02"},"headline":"Alaj-begova slama","datePublished":"2010-02-11T14:14:41+00:00","dateModified":"2010-02-11T14:21:52+00:00","mainEntityOfPage":{"@id":"https:\/\/sandzakpress.net\/arhiva\/alaj-begova-slama\/"},"wordCount":1264,"commentCount":3,"publisher":{"@id":"https:\/\/sandzakpress.net\/arhiva\/#\/schema\/person\/6e72b67d6e51910a1117b3b483ba20bd"},"image":{"@id":"https:\/\/sandzakpress.net\/arhiva\/alaj-begova-slama\/#primaryimage"},"thumbnailUrl":"https:\/\/sandzakpress.net\/arhiva\/wp-content\/uploads\/2010\/02\/sda.jpg","articleSection":["Novine"],"inLanguage":"bs-BA","potentialAction":[{"@type":"CommentAction","name":"Comment","target":["https:\/\/sandzakpress.net\/arhiva\/alaj-begova-slama\/#respond"]}]},{"@type":"WebPage","@id":"https:\/\/sandzakpress.net\/arhiva\/alaj-begova-slama\/","url":"https:\/\/sandzakpress.net\/arhiva\/alaj-begova-slama\/","name":"Alaj-begova slama","isPartOf":{"@id":"https:\/\/sandzakpress.net\/arhiva\/#website"},"primaryImageOfPage":{"@id":"https:\/\/sandzakpress.net\/arhiva\/alaj-begova-slama\/#primaryimage"},"image":{"@id":"https:\/\/sandzakpress.net\/arhiva\/alaj-begova-slama\/#primaryimage"},"thumbnailUrl":"https:\/\/sandzakpress.net\/arhiva\/wp-content\/uploads\/2010\/02\/sda.jpg","datePublished":"2010-02-11T14:14:41+00:00","dateModified":"2010-02-11T14:21:52+00:00","breadcrumb":{"@id":"https:\/\/sandzakpress.net\/arhiva\/alaj-begova-slama\/#breadcrumb"},"inLanguage":"bs-BA","potentialAction":[{"@type":"ReadAction","target":["https:\/\/sandzakpress.net\/arhiva\/alaj-begova-slama\/"]}]},{"@type":"ImageObject","inLanguage":"bs-BA","@id":"https:\/\/sandzakpress.net\/arhiva\/alaj-begova-slama\/#primaryimage","url":"https:\/\/sandzakpress.net\/arhiva\/wp-content\/uploads\/2010\/02\/sda.jpg","contentUrl":"https:\/\/sandzakpress.net\/arhiva\/wp-content\/uploads\/2010\/02\/sda.jpg","width":616,"height":285},{"@type":"BreadcrumbList","@id":"https:\/\/sandzakpress.net\/arhiva\/alaj-begova-slama\/#breadcrumb","itemListElement":[{"@type":"ListItem","position":1,"name":"Home","item":"https:\/\/sandzakpress.net\/arhiva\/"},{"@type":"ListItem","position":2,"name":"Alaj-begova slama"}]},{"@type":"WebSite","@id":"https:\/\/sandzakpress.net\/arhiva\/#website","url":"https:\/\/sandzakpress.net\/arhiva\/","name":"Sand\u017eak PRESS","description":"Prve elektronske novine u Sand\u017eaku","publisher":{"@id":"https:\/\/sandzakpress.net\/arhiva\/#\/schema\/person\/6e72b67d6e51910a1117b3b483ba20bd"},"potentialAction":[{"@type":"SearchAction","target":{"@type":"EntryPoint","urlTemplate":"https:\/\/sandzakpress.net\/arhiva\/?s={search_term_string}"},"query-input":{"@type":"PropertyValueSpecification","valueRequired":true,"valueName":"search_term_string"}}],"inLanguage":"bs-BA"},{"@type":["Person","Organization"],"@id":"https:\/\/sandzakpress.net\/arhiva\/#\/schema\/person\/6e72b67d6e51910a1117b3b483ba20bd","name":"Kul","image":{"@type":"ImageObject","inLanguage":"bs-BA","@id":"https:\/\/sandzakpress.net\/arhiva\/#\/schema\/person\/image\/","url":"https:\/\/secure.gravatar.com\/avatar\/42263f39aa27ac04c43cab85c280eb2e?s=96&d=mm&r=pg","contentUrl":"https:\/\/secure.gravatar.com\/avatar\/42263f39aa27ac04c43cab85c280eb2e?s=96&d=mm&r=pg","caption":"Kul"},"logo":{"@id":"https:\/\/sandzakpress.net\/arhiva\/#\/schema\/person\/image\/"}},{"@type":"Person","@id":"https:\/\/sandzakpress.net\/arhiva\/#\/schema\/person\/c8baee722073534b583ea7bdb2e36c02","name":"bosniak","image":{"@type":"ImageObject","inLanguage":"bs-BA","@id":"https:\/\/sandzakpress.net\/arhiva\/#\/schema\/person\/image\/","url":"https:\/\/secure.gravatar.com\/avatar\/a04fd330bfe3a36a72a0ad4a6d89fca7?s=96&d=mm&r=pg","contentUrl":"https:\/\/secure.gravatar.com\/avatar\/a04fd330bfe3a36a72a0ad4a6d89fca7?s=96&d=mm&r=pg","caption":"bosniak"},"url":"https:\/\/sandzakpress.net\/arhiva\/author\/bosniak\/"}]}},"_links":{"self":[{"href":"https:\/\/sandzakpress.net\/arhiva\/wp-json\/wp\/v2\/posts\/2090"}],"collection":[{"href":"https:\/\/sandzakpress.net\/arhiva\/wp-json\/wp\/v2\/posts"}],"about":[{"href":"https:\/\/sandzakpress.net\/arhiva\/wp-json\/wp\/v2\/types\/post"}],"author":[{"embeddable":true,"href":"https:\/\/sandzakpress.net\/arhiva\/wp-json\/wp\/v2\/users\/83"}],"replies":[{"embeddable":true,"href":"https:\/\/sandzakpress.net\/arhiva\/wp-json\/wp\/v2\/comments?post=2090"}],"version-history":[{"count":0,"href":"https:\/\/sandzakpress.net\/arhiva\/wp-json\/wp\/v2\/posts\/2090\/revisions"}],"wp:featuredmedia":[{"embeddable":true,"href":"https:\/\/sandzakpress.net\/arhiva\/wp-json\/wp\/v2\/media\/2091"}],"wp:attachment":[{"href":"https:\/\/sandzakpress.net\/arhiva\/wp-json\/wp\/v2\/media?parent=2090"}],"wp:term":[{"taxonomy":"category","embeddable":true,"href":"https:\/\/sandzakpress.net\/arhiva\/wp-json\/wp\/v2\/categories?post=2090"},{"taxonomy":"post_tag","embeddable":true,"href":"https:\/\/sandzakpress.net\/arhiva\/wp-json\/wp\/v2\/tags?post=2090"}],"curies":[{"name":"wp","href":"https:\/\/api.w.org\/{rel}","templated":true}]}}