{"id":208876,"date":"2018-07-04T12:40:06","date_gmt":"2018-07-04T10:40:06","guid":{"rendered":"https:\/\/sandzakpress.net\/arhiva\/?p=208876"},"modified":"2018-07-04T12:23:13","modified_gmt":"2018-07-04T10:23:13","slug":"novo-sanitetsko-vozilo-za-dom-zdravlja-u-tutinu","status":"publish","type":"post","link":"https:\/\/sandzakpress.net\/arhiva\/novo-sanitetsko-vozilo-za-dom-zdravlja-u-tutinu\/","title":{"rendered":"Novo sanitetsko vozilo za Dom zdravlja u Tutinu"},"content":{"rendered":"<p><img decoding=\"async\" src=\"https:\/\/i1.wp.com\/rtvnp.rs\/wp-content\/uploads\/2018\/07\/sanitetsko-vozilo-1.png?resize=800%2C445&amp;ssl=1\" \/><\/p>\n<p><strong>Evropska delegacija u Srbiji obi\u0161la je op\u0161tinu Tutin i dodijelila novo sanitetsko vozilo tutinskom Domu zdravlja. Predstavnici ove zdravstvene ustanove ka\u017eu da \u0107e novo vozilo znatno olak\u0161ati rad i pomo\u0107i da se pacijenti adekvatno zbrinu, ali i pomo\u0107i da se migranti uklju\u010de u sistem zdravstvene za\u0161tite.<\/strong><\/p>\n<p>Dom Zdravlja u Tutinu do sada je raspolagao sa tri sanitetska vozila, a predstavnici ove zdravstvene ustanove isti\u010du \u010destu potrebu za prijevozom pacijeneta do centara u Beogradu i Kragujevcu. Osim \u0161to \u0107e unaprijediti zdrvstvene usluge donacija ima za cilj i da podspje\u0161i uklju\u010divanje migranata u sistem zdravstvene za\u0161tite.<\/p>\n<p>\u201d Zato EU podr\u017eava zdravstvene institucije, da kvalitetno i pravovremeno pru\u017eaju usluge kako lokalnom stanovni\u0161tvu tako i migrantima. Danas, da bismo unaprijedili rad Doma zdravlja u Tutinu uru\u010dujemo kompletno opremljeno ambulantno vozilo, koje \u0107e ola\u0161ati pristup migrantima smje\u0161tenim u Centru za azil kao i lokalnom stanovni\u0161tvu u selima oko Tutina\u201d, ka\u017ee \u0161ef sekcije u delegaciji EU u Republici Srbiji, Nikolas Bizel.<\/p>\n<p>Tutin je ra\u0161trkana opt\u0161tina sa veilim brojem udaljenih sela iz kojih pacijenti putuju ponekad i do 30 kilometara da bi do\u0161li na pregled. Direktor Doma zdravlja u Tutinu, \u0160erif Hamzagi\u0107, ka\u017ee da je novo vozilo bilo preko potrebno i isti\u010de da \u0107e donacija Evropske unije unaprijediti usluge ove zdravstvene ustanove.<\/p>\n<p>Predstavnici delegacije Evropske unije u Srbiji obi\u0161li su op\u0161tinsku upravu i sa predstvanicima Op\u0161tine Tutin razgovarali o dosada\u0161njim i budu\u0107im projektima. Tokom posjete delegacije Evrospke unije bilo je rije\u010di o migrantima i projektima koji se ti\u010du podr\u0161ke radu Centra za azil, ali je istaknuto da je op\u0161tina Tutin dobar primjer grada koji brine o migrantima.<\/p>\n<p>\u201d Mi smo op\u0161tina na migratskoj ruti gdje smo se dobro pokazali i adekvatno zbrinuli migrante i ovo zaista jeste jedna nagrada\u201d, ka\u017ee predsjednik Op\u0161tine Tutin, Kenan Hot, i isti\u010de da \u0107e Tutin nastaviti da sa EU radi na projektima od zna\u010daja za gra\u0111ane. Evrsopska unija je u proteklom periodu finansirala i pro\u0161irenje jednog vrti\u0107a u Tutinu,\u00a0 Centr za Azil, kao i brojne projekte sa ciljem unapre\u0111enja kvaliteta \u017eivota gra\u0111ana.<\/p>\n<p>(Rtvnp)<\/p>\n","protected":false},"excerpt":{"rendered":"<p>Evropska delegacija u Srbiji obi\u0161la je op\u0161tinu Tutin i dodijelila novo sanitetsko vozilo tutinskom Domu zdravlja. Predstavnici ove zdravstvene ustanove ka\u017eu da \u0107e novo vozilo znatno olak\u0161ati rad i pomo\u0107i da se pacijenti adekvatno zbrinu, ali i pomo\u0107i da se migranti uklju\u010de u sistem zdravstvene za\u0161tite. Dom Zdravlja u Tutinu do sada je raspolagao sa [&hellip;]<\/p>\n","protected":false},"author":509,"featured_media":208884,"comment_status":"open","ping_status":"open","sticky":false,"template":"","format":"standard","meta":{"footnotes":""},"categories":[327,5,8957],"tags":[],"class_list":{"0":"post-208876","1":"post","2":"type-post","3":"status-publish","4":"format-standard","5":"has-post-thumbnail","7":"category-tutin","8":"category-drustvo","9":"category-vijesti-dana"},"yoast_head":"<!-- This site is optimized with the Yoast SEO Premium plugin v23.1 (Yoast SEO v24.9) - https:\/\/yoast.com\/wordpress\/plugins\/seo\/ -->\n<title>Novo sanitetsko vozilo za Dom zdravlja u Tutinu<\/title>\n<meta name=\"robots\" content=\"index, follow, max-snippet:-1, max-image-preview:large, max-video-preview:-1\" \/>\n<link rel=\"canonical\" href=\"https:\/\/sandzakpress.net\/arhiva\/novo-sanitetsko-vozilo-za-dom-zdravlja-u-tutinu\/\" \/>\n<meta property=\"og:locale\" content=\"bs_BA\" \/>\n<meta property=\"og:type\" content=\"article\" \/>\n<meta property=\"og:title\" content=\"Novo sanitetsko vozilo za Dom zdravlja u Tutinu\" \/>\n<meta property=\"og:description\" content=\"Evropska delegacija u Srbiji obi\u0161la je op\u0161tinu Tutin i dodijelila novo sanitetsko vozilo tutinskom Domu zdravlja. Predstavnici ove zdravstvene ustanove ka\u017eu da \u0107e novo vozilo znatno olak\u0161ati rad i pomo\u0107i da se pacijenti adekvatno zbrinu, ali i pomo\u0107i da se migranti uklju\u010de u sistem zdravstvene za\u0161tite. Dom Zdravlja u Tutinu do sada je raspolagao sa [&hellip;]\" \/>\n<meta property=\"og:url\" content=\"https:\/\/sandzakpress.net\/arhiva\/novo-sanitetsko-vozilo-za-dom-zdravlja-u-tutinu\/\" \/>\n<meta property=\"og:site_name\" content=\"Sand\u017eak PRESS\" \/>\n<meta property=\"article:published_time\" content=\"2018-07-04T10:40:06+00:00\" \/>\n<meta property=\"og:image\" content=\"https:\/\/sandzakpress.net\/arhiva\/wp-content\/uploads\/2018\/07\/sanitetsko-vozilo-1.png\" \/>\n\t<meta property=\"og:image:width\" content=\"800\" \/>\n\t<meta property=\"og:image:height\" content=\"445\" \/>\n\t<meta property=\"og:image:type\" content=\"image\/png\" \/>\n<meta name=\"author\" content=\"Agencija\" \/>\n<meta name=\"twitter:card\" content=\"summary_large_image\" \/>\n<meta name=\"twitter:label1\" content=\"Written by\" \/>\n\t<meta name=\"twitter:data1\" content=\"Agencija\" \/>\n\t<meta name=\"twitter:label2\" content=\"Est. reading time\" \/>\n\t<meta name=\"twitter:data2\" content=\"2 minute\" \/>\n<script type=\"application\/ld+json\" class=\"yoast-schema-graph\">{\"@context\":\"https:\/\/schema.org\",\"@graph\":[{\"@type\":\"Article\",\"@id\":\"https:\/\/sandzakpress.net\/arhiva\/novo-sanitetsko-vozilo-za-dom-zdravlja-u-tutinu\/#article\",\"isPartOf\":{\"@id\":\"https:\/\/sandzakpress.net\/arhiva\/novo-sanitetsko-vozilo-za-dom-zdravlja-u-tutinu\/\"},\"author\":{\"name\":\"Agencija\",\"@id\":\"https:\/\/sandzakpress.net\/arhiva\/#\/schema\/person\/cb59d7e3ab91ab90dd680ad0305a6185\"},\"headline\":\"Novo sanitetsko vozilo za Dom zdravlja u Tutinu\",\"datePublished\":\"2018-07-04T10:40:06+00:00\",\"mainEntityOfPage\":{\"@id\":\"https:\/\/sandzakpress.net\/arhiva\/novo-sanitetsko-vozilo-za-dom-zdravlja-u-tutinu\/\"},\"wordCount\":380,\"commentCount\":0,\"publisher\":{\"@id\":\"https:\/\/sandzakpress.net\/arhiva\/#\/schema\/person\/6e72b67d6e51910a1117b3b483ba20bd\"},\"image\":{\"@id\":\"https:\/\/sandzakpress.net\/arhiva\/novo-sanitetsko-vozilo-za-dom-zdravlja-u-tutinu\/#primaryimage\"},\"thumbnailUrl\":\"https:\/\/sandzakpress.net\/arhiva\/wp-content\/uploads\/2018\/07\/sanitetsko-vozilo-1.png\",\"articleSection\":[\"Tutin\",\"Dru\u0161tvo\",\"VIJESTI DANA\"],\"inLanguage\":\"bs-BA\",\"potentialAction\":[{\"@type\":\"CommentAction\",\"name\":\"Comment\",\"target\":[\"https:\/\/sandzakpress.net\/arhiva\/novo-sanitetsko-vozilo-za-dom-zdravlja-u-tutinu\/#respond\"]}]},{\"@type\":\"WebPage\",\"@id\":\"https:\/\/sandzakpress.net\/arhiva\/novo-sanitetsko-vozilo-za-dom-zdravlja-u-tutinu\/\",\"url\":\"https:\/\/sandzakpress.net\/arhiva\/novo-sanitetsko-vozilo-za-dom-zdravlja-u-tutinu\/\",\"name\":\"Novo sanitetsko vozilo za Dom zdravlja u Tutinu\",\"isPartOf\":{\"@id\":\"https:\/\/sandzakpress.net\/arhiva\/#website\"},\"primaryImageOfPage\":{\"@id\":\"https:\/\/sandzakpress.net\/arhiva\/novo-sanitetsko-vozilo-za-dom-zdravlja-u-tutinu\/#primaryimage\"},\"image\":{\"@id\":\"https:\/\/sandzakpress.net\/arhiva\/novo-sanitetsko-vozilo-za-dom-zdravlja-u-tutinu\/#primaryimage\"},\"thumbnailUrl\":\"https:\/\/sandzakpress.net\/arhiva\/wp-content\/uploads\/2018\/07\/sanitetsko-vozilo-1.png\",\"datePublished\":\"2018-07-04T10:40:06+00:00\",\"breadcrumb\":{\"@id\":\"https:\/\/sandzakpress.net\/arhiva\/novo-sanitetsko-vozilo-za-dom-zdravlja-u-tutinu\/#breadcrumb\"},\"inLanguage\":\"bs-BA\",\"potentialAction\":[{\"@type\":\"ReadAction\",\"target\":[\"https:\/\/sandzakpress.net\/arhiva\/novo-sanitetsko-vozilo-za-dom-zdravlja-u-tutinu\/\"]}]},{\"@type\":\"ImageObject\",\"inLanguage\":\"bs-BA\",\"@id\":\"https:\/\/sandzakpress.net\/arhiva\/novo-sanitetsko-vozilo-za-dom-zdravlja-u-tutinu\/#primaryimage\",\"url\":\"https:\/\/sandzakpress.net\/arhiva\/wp-content\/uploads\/2018\/07\/sanitetsko-vozilo-1.png\",\"contentUrl\":\"https:\/\/sandzakpress.net\/arhiva\/wp-content\/uploads\/2018\/07\/sanitetsko-vozilo-1.png\",\"width\":800,\"height\":445},{\"@type\":\"BreadcrumbList\",\"@id\":\"https:\/\/sandzakpress.net\/arhiva\/novo-sanitetsko-vozilo-za-dom-zdravlja-u-tutinu\/#breadcrumb\",\"itemListElement\":[{\"@type\":\"ListItem\",\"position\":1,\"name\":\"Home\",\"item\":\"https:\/\/sandzakpress.net\/arhiva\/\"},{\"@type\":\"ListItem\",\"position\":2,\"name\":\"Novo sanitetsko vozilo za Dom zdravlja u Tutinu\"}]},{\"@type\":\"WebSite\",\"@id\":\"https:\/\/sandzakpress.net\/arhiva\/#website\",\"url\":\"https:\/\/sandzakpress.net\/arhiva\/\",\"name\":\"Sand\u017eak PRESS\",\"description\":\"Prve elektronske novine u Sand\u017eaku\",\"publisher\":{\"@id\":\"https:\/\/sandzakpress.net\/arhiva\/#\/schema\/person\/6e72b67d6e51910a1117b3b483ba20bd\"},\"potentialAction\":[{\"@type\":\"SearchAction\",\"target\":{\"@type\":\"EntryPoint\",\"urlTemplate\":\"https:\/\/sandzakpress.net\/arhiva\/?s={search_term_string}\"},\"query-input\":{\"@type\":\"PropertyValueSpecification\",\"valueRequired\":true,\"valueName\":\"search_term_string\"}}],\"inLanguage\":\"bs-BA\"},{\"@type\":[\"Person\",\"Organization\"],\"@id\":\"https:\/\/sandzakpress.net\/arhiva\/#\/schema\/person\/6e72b67d6e51910a1117b3b483ba20bd\",\"name\":\"Kul\",\"image\":{\"@type\":\"ImageObject\",\"inLanguage\":\"bs-BA\",\"@id\":\"https:\/\/sandzakpress.net\/arhiva\/#\/schema\/person\/image\/\",\"url\":\"https:\/\/secure.gravatar.com\/avatar\/42263f39aa27ac04c43cab85c280eb2e?s=96&d=mm&r=pg\",\"contentUrl\":\"https:\/\/secure.gravatar.com\/avatar\/42263f39aa27ac04c43cab85c280eb2e?s=96&d=mm&r=pg\",\"caption\":\"Kul\"},\"logo\":{\"@id\":\"https:\/\/sandzakpress.net\/arhiva\/#\/schema\/person\/image\/\"}},{\"@type\":\"Person\",\"@id\":\"https:\/\/sandzakpress.net\/arhiva\/#\/schema\/person\/cb59d7e3ab91ab90dd680ad0305a6185\",\"name\":\"Agencija\",\"image\":{\"@type\":\"ImageObject\",\"inLanguage\":\"bs-BA\",\"@id\":\"https:\/\/sandzakpress.net\/arhiva\/#\/schema\/person\/image\/\",\"url\":\"https:\/\/secure.gravatar.com\/avatar\/4b7fafa80a22f0c2afe23966b3961fe0?s=96&d=mm&r=pg\",\"contentUrl\":\"https:\/\/secure.gravatar.com\/avatar\/4b7fafa80a22f0c2afe23966b3961fe0?s=96&d=mm&r=pg\",\"caption\":\"Agencija\"},\"url\":\"https:\/\/sandzakpress.net\/arhiva\/author\/agencija\/\"}]}<\/script>\n<!-- \/ Yoast SEO Premium plugin. -->","yoast_head_json":{"title":"Novo sanitetsko vozilo za Dom zdravlja u Tutinu","robots":{"index":"index","follow":"follow","max-snippet":"max-snippet:-1","max-image-preview":"max-image-preview:large","max-video-preview":"max-video-preview:-1"},"canonical":"https:\/\/sandzakpress.net\/arhiva\/novo-sanitetsko-vozilo-za-dom-zdravlja-u-tutinu\/","og_locale":"bs_BA","og_type":"article","og_title":"Novo sanitetsko vozilo za Dom zdravlja u Tutinu","og_description":"Evropska delegacija u Srbiji obi\u0161la je op\u0161tinu Tutin i dodijelila novo sanitetsko vozilo tutinskom Domu zdravlja. Predstavnici ove zdravstvene ustanove ka\u017eu da \u0107e novo vozilo znatno olak\u0161ati rad i pomo\u0107i da se pacijenti adekvatno zbrinu, ali i pomo\u0107i da se migranti uklju\u010de u sistem zdravstvene za\u0161tite. Dom Zdravlja u Tutinu do sada je raspolagao sa [&hellip;]","og_url":"https:\/\/sandzakpress.net\/arhiva\/novo-sanitetsko-vozilo-za-dom-zdravlja-u-tutinu\/","og_site_name":"Sand\u017eak PRESS","article_published_time":"2018-07-04T10:40:06+00:00","og_image":[{"width":800,"height":445,"url":"https:\/\/sandzakpress.net\/arhiva\/wp-content\/uploads\/2018\/07\/sanitetsko-vozilo-1.png","type":"image\/png"}],"author":"Agencija","twitter_card":"summary_large_image","twitter_misc":{"Written by":"Agencija","Est. reading time":"2 minute"},"schema":{"@context":"https:\/\/schema.org","@graph":[{"@type":"Article","@id":"https:\/\/sandzakpress.net\/arhiva\/novo-sanitetsko-vozilo-za-dom-zdravlja-u-tutinu\/#article","isPartOf":{"@id":"https:\/\/sandzakpress.net\/arhiva\/novo-sanitetsko-vozilo-za-dom-zdravlja-u-tutinu\/"},"author":{"name":"Agencija","@id":"https:\/\/sandzakpress.net\/arhiva\/#\/schema\/person\/cb59d7e3ab91ab90dd680ad0305a6185"},"headline":"Novo sanitetsko vozilo za Dom zdravlja u Tutinu","datePublished":"2018-07-04T10:40:06+00:00","mainEntityOfPage":{"@id":"https:\/\/sandzakpress.net\/arhiva\/novo-sanitetsko-vozilo-za-dom-zdravlja-u-tutinu\/"},"wordCount":380,"commentCount":0,"publisher":{"@id":"https:\/\/sandzakpress.net\/arhiva\/#\/schema\/person\/6e72b67d6e51910a1117b3b483ba20bd"},"image":{"@id":"https:\/\/sandzakpress.net\/arhiva\/novo-sanitetsko-vozilo-za-dom-zdravlja-u-tutinu\/#primaryimage"},"thumbnailUrl":"https:\/\/sandzakpress.net\/arhiva\/wp-content\/uploads\/2018\/07\/sanitetsko-vozilo-1.png","articleSection":["Tutin","Dru\u0161tvo","VIJESTI DANA"],"inLanguage":"bs-BA","potentialAction":[{"@type":"CommentAction","name":"Comment","target":["https:\/\/sandzakpress.net\/arhiva\/novo-sanitetsko-vozilo-za-dom-zdravlja-u-tutinu\/#respond"]}]},{"@type":"WebPage","@id":"https:\/\/sandzakpress.net\/arhiva\/novo-sanitetsko-vozilo-za-dom-zdravlja-u-tutinu\/","url":"https:\/\/sandzakpress.net\/arhiva\/novo-sanitetsko-vozilo-za-dom-zdravlja-u-tutinu\/","name":"Novo sanitetsko vozilo za Dom zdravlja u Tutinu","isPartOf":{"@id":"https:\/\/sandzakpress.net\/arhiva\/#website"},"primaryImageOfPage":{"@id":"https:\/\/sandzakpress.net\/arhiva\/novo-sanitetsko-vozilo-za-dom-zdravlja-u-tutinu\/#primaryimage"},"image":{"@id":"https:\/\/sandzakpress.net\/arhiva\/novo-sanitetsko-vozilo-za-dom-zdravlja-u-tutinu\/#primaryimage"},"thumbnailUrl":"https:\/\/sandzakpress.net\/arhiva\/wp-content\/uploads\/2018\/07\/sanitetsko-vozilo-1.png","datePublished":"2018-07-04T10:40:06+00:00","breadcrumb":{"@id":"https:\/\/sandzakpress.net\/arhiva\/novo-sanitetsko-vozilo-za-dom-zdravlja-u-tutinu\/#breadcrumb"},"inLanguage":"bs-BA","potentialAction":[{"@type":"ReadAction","target":["https:\/\/sandzakpress.net\/arhiva\/novo-sanitetsko-vozilo-za-dom-zdravlja-u-tutinu\/"]}]},{"@type":"ImageObject","inLanguage":"bs-BA","@id":"https:\/\/sandzakpress.net\/arhiva\/novo-sanitetsko-vozilo-za-dom-zdravlja-u-tutinu\/#primaryimage","url":"https:\/\/sandzakpress.net\/arhiva\/wp-content\/uploads\/2018\/07\/sanitetsko-vozilo-1.png","contentUrl":"https:\/\/sandzakpress.net\/arhiva\/wp-content\/uploads\/2018\/07\/sanitetsko-vozilo-1.png","width":800,"height":445},{"@type":"BreadcrumbList","@id":"https:\/\/sandzakpress.net\/arhiva\/novo-sanitetsko-vozilo-za-dom-zdravlja-u-tutinu\/#breadcrumb","itemListElement":[{"@type":"ListItem","position":1,"name":"Home","item":"https:\/\/sandzakpress.net\/arhiva\/"},{"@type":"ListItem","position":2,"name":"Novo sanitetsko vozilo za Dom zdravlja u Tutinu"}]},{"@type":"WebSite","@id":"https:\/\/sandzakpress.net\/arhiva\/#website","url":"https:\/\/sandzakpress.net\/arhiva\/","name":"Sand\u017eak PRESS","description":"Prve elektronske novine u Sand\u017eaku","publisher":{"@id":"https:\/\/sandzakpress.net\/arhiva\/#\/schema\/person\/6e72b67d6e51910a1117b3b483ba20bd"},"potentialAction":[{"@type":"SearchAction","target":{"@type":"EntryPoint","urlTemplate":"https:\/\/sandzakpress.net\/arhiva\/?s={search_term_string}"},"query-input":{"@type":"PropertyValueSpecification","valueRequired":true,"valueName":"search_term_string"}}],"inLanguage":"bs-BA"},{"@type":["Person","Organization"],"@id":"https:\/\/sandzakpress.net\/arhiva\/#\/schema\/person\/6e72b67d6e51910a1117b3b483ba20bd","name":"Kul","image":{"@type":"ImageObject","inLanguage":"bs-BA","@id":"https:\/\/sandzakpress.net\/arhiva\/#\/schema\/person\/image\/","url":"https:\/\/secure.gravatar.com\/avatar\/42263f39aa27ac04c43cab85c280eb2e?s=96&d=mm&r=pg","contentUrl":"https:\/\/secure.gravatar.com\/avatar\/42263f39aa27ac04c43cab85c280eb2e?s=96&d=mm&r=pg","caption":"Kul"},"logo":{"@id":"https:\/\/sandzakpress.net\/arhiva\/#\/schema\/person\/image\/"}},{"@type":"Person","@id":"https:\/\/sandzakpress.net\/arhiva\/#\/schema\/person\/cb59d7e3ab91ab90dd680ad0305a6185","name":"Agencija","image":{"@type":"ImageObject","inLanguage":"bs-BA","@id":"https:\/\/sandzakpress.net\/arhiva\/#\/schema\/person\/image\/","url":"https:\/\/secure.gravatar.com\/avatar\/4b7fafa80a22f0c2afe23966b3961fe0?s=96&d=mm&r=pg","contentUrl":"https:\/\/secure.gravatar.com\/avatar\/4b7fafa80a22f0c2afe23966b3961fe0?s=96&d=mm&r=pg","caption":"Agencija"},"url":"https:\/\/sandzakpress.net\/arhiva\/author\/agencija\/"}]}},"_links":{"self":[{"href":"https:\/\/sandzakpress.net\/arhiva\/wp-json\/wp\/v2\/posts\/208876"}],"collection":[{"href":"https:\/\/sandzakpress.net\/arhiva\/wp-json\/wp\/v2\/posts"}],"about":[{"href":"https:\/\/sandzakpress.net\/arhiva\/wp-json\/wp\/v2\/types\/post"}],"author":[{"embeddable":true,"href":"https:\/\/sandzakpress.net\/arhiva\/wp-json\/wp\/v2\/users\/509"}],"replies":[{"embeddable":true,"href":"https:\/\/sandzakpress.net\/arhiva\/wp-json\/wp\/v2\/comments?post=208876"}],"version-history":[{"count":0,"href":"https:\/\/sandzakpress.net\/arhiva\/wp-json\/wp\/v2\/posts\/208876\/revisions"}],"wp:featuredmedia":[{"embeddable":true,"href":"https:\/\/sandzakpress.net\/arhiva\/wp-json\/wp\/v2\/media\/208884"}],"wp:attachment":[{"href":"https:\/\/sandzakpress.net\/arhiva\/wp-json\/wp\/v2\/media?parent=208876"}],"wp:term":[{"taxonomy":"category","embeddable":true,"href":"https:\/\/sandzakpress.net\/arhiva\/wp-json\/wp\/v2\/categories?post=208876"},{"taxonomy":"post_tag","embeddable":true,"href":"https:\/\/sandzakpress.net\/arhiva\/wp-json\/wp\/v2\/tags?post=208876"}],"curies":[{"name":"wp","href":"https:\/\/api.w.org\/{rel}","templated":true}]}}