{"id":208830,"date":"2018-07-02T16:07:10","date_gmt":"2018-07-02T14:07:10","guid":{"rendered":"https:\/\/sandzakpress.net\/arhiva\/?p=208830"},"modified":"2018-07-02T15:13:10","modified_gmt":"2018-07-02T13:13:10","slug":"torino-istakao-cijenu-za-ljajica-ne-damo-ga-ispod-ove-cifre","status":"publish","type":"post","link":"https:\/\/sandzakpress.net\/arhiva\/torino-istakao-cijenu-za-ljajica-ne-damo-ga-ispod-ove-cifre\/","title":{"rendered":"Torino istakao cijenu za Ljaji\u0107a &#8211; Ne damo ga ispod ove cifre"},"content":{"rendered":"<p><img decoding=\"async\" src=\"http:\/\/www.sandzaklive.rs\/images\/00\/e5319d9d96c0ee5cff5a1addd3b329b142cba8f7.jpg\" alt=\"e5319d9d96c0ee5cff5a1addd3b329b142cba8f7\" \/><\/p>\n<p><strong>Adem Ljaji\u0107\u00a0ima ugovor sa Torinom do juna\u00a02020.\u00a0godine, a Torino je doneo odluku da Ljaji\u0107a stavi na listu za odlazak. Kako prenosi Tutosport, klub je istakao cenu za sve zainteresovane klubove koji \u017eele da anga\u017euju Adema \u2013\u00a015\u00a0miliona evra!<\/strong><\/p>\n<p>Pominjala se cifra od\u00a0<strong>10.000.000<\/strong>, ali Tuto iznosi da je tra\u017eeni novac za tre\u0107inu ve\u0107i.<\/p>\n<p>Od odlaska Sini\u0161e Mihajlovi\u0107a i dolaska Valtera Macarija na klupu, Ljaji\u0107 je jedno vreme proveo u nemilosti novog trenera, bez bilo kakve minuta\u017ee. Ipak, u fini\u0161u sezone je dobio \u0161ansu i iskoristio je kada je na devet utakmica dao tri gola i upisao pet asistencija.<\/p>\n<p>Podsetimo da je Adem rekao posle Svetskog prvenstva da \u017eeli dobro da se odmori i napuni energijom i da \u0107e posle toga odlu\u010diti koji je naredni korak u karijeri.<\/p>\n<p>(Agencije)<\/p>\n","protected":false},"excerpt":{"rendered":"<p>Adem Ljaji\u0107\u00a0ima ugovor sa Torinom do juna\u00a02020.\u00a0godine, a Torino je doneo odluku da Ljaji\u0107a stavi na listu za odlazak. Kako prenosi Tutosport, klub je istakao cenu za sve zainteresovane klubove koji \u017eele da anga\u017euju Adema \u2013\u00a015\u00a0miliona evra! Pominjala se cifra od\u00a010.000.000, ali Tuto iznosi da je tra\u017eeni novac za tre\u0107inu ve\u0107i. Od odlaska Sini\u0161e Mihajlovi\u0107a [&hellip;]<\/p>\n","protected":false},"author":509,"featured_media":208845,"comment_status":"open","ping_status":"open","sticky":false,"template":"","format":"standard","meta":{"footnotes":""},"categories":[72,13,10309,10429],"tags":[],"class_list":{"0":"post-208830","1":"post","2":"type-post","3":"status-publish","4":"format-standard","5":"has-post-thumbnail","7":"category-novi-pazar","8":"category-sport","9":"category-italija","10":"category-vazno"},"yoast_head":"<!-- This site is optimized with the Yoast SEO Premium plugin v23.1 (Yoast SEO v24.9) - https:\/\/yoast.com\/wordpress\/plugins\/seo\/ -->\n<title>Torino istakao cijenu za Ljaji\u0107a - Ne damo ga ispod ove cifre<\/title>\n<meta name=\"robots\" content=\"index, follow, max-snippet:-1, max-image-preview:large, max-video-preview:-1\" \/>\n<link rel=\"canonical\" href=\"https:\/\/sandzakpress.net\/arhiva\/torino-istakao-cijenu-za-ljajica-ne-damo-ga-ispod-ove-cifre\/\" \/>\n<meta property=\"og:locale\" content=\"bs_BA\" \/>\n<meta property=\"og:type\" content=\"article\" \/>\n<meta property=\"og:title\" content=\"Torino istakao cijenu za Ljaji\u0107a - Ne damo ga ispod ove cifre\" \/>\n<meta property=\"og:description\" content=\"Adem Ljaji\u0107\u00a0ima ugovor sa Torinom do juna\u00a02020.\u00a0godine, a Torino je doneo odluku da Ljaji\u0107a stavi na listu za odlazak. Kako prenosi Tutosport, klub je istakao cenu za sve zainteresovane klubove koji \u017eele da anga\u017euju Adema \u2013\u00a015\u00a0miliona evra! Pominjala se cifra od\u00a010.000.000, ali Tuto iznosi da je tra\u017eeni novac za tre\u0107inu ve\u0107i. Od odlaska Sini\u0161e Mihajlovi\u0107a [&hellip;]\" \/>\n<meta property=\"og:url\" content=\"https:\/\/sandzakpress.net\/arhiva\/torino-istakao-cijenu-za-ljajica-ne-damo-ga-ispod-ove-cifre\/\" \/>\n<meta property=\"og:site_name\" content=\"Sand\u017eak PRESS\" \/>\n<meta property=\"article:published_time\" content=\"2018-07-02T14:07:10+00:00\" \/>\n<meta property=\"og:image\" content=\"https:\/\/sandzakpress.net\/arhiva\/wp-content\/uploads\/2018\/07\/e5319d9d96c0ee5cff5a1addd3b329b142cba8f7.jpg\" \/>\n\t<meta property=\"og:image:width\" content=\"770\" \/>\n\t<meta property=\"og:image:height\" content=\"513\" \/>\n\t<meta property=\"og:image:type\" content=\"image\/jpeg\" \/>\n<meta name=\"author\" content=\"Agencija\" \/>\n<meta name=\"twitter:card\" content=\"summary_large_image\" \/>\n<meta name=\"twitter:label1\" content=\"Written by\" \/>\n\t<meta name=\"twitter:data1\" content=\"Agencija\" \/>\n\t<meta name=\"twitter:label2\" content=\"Est. reading time\" \/>\n\t<meta name=\"twitter:data2\" content=\"1 minuta\" \/>\n<script type=\"application\/ld+json\" class=\"yoast-schema-graph\">{\"@context\":\"https:\/\/schema.org\",\"@graph\":[{\"@type\":\"Article\",\"@id\":\"https:\/\/sandzakpress.net\/arhiva\/torino-istakao-cijenu-za-ljajica-ne-damo-ga-ispod-ove-cifre\/#article\",\"isPartOf\":{\"@id\":\"https:\/\/sandzakpress.net\/arhiva\/torino-istakao-cijenu-za-ljajica-ne-damo-ga-ispod-ove-cifre\/\"},\"author\":{\"name\":\"Agencija\",\"@id\":\"https:\/\/sandzakpress.net\/arhiva\/#\/schema\/person\/cb59d7e3ab91ab90dd680ad0305a6185\"},\"headline\":\"Torino istakao cijenu za Ljaji\u0107a &#8211; Ne damo ga ispod ove cifre\",\"datePublished\":\"2018-07-02T14:07:10+00:00\",\"mainEntityOfPage\":{\"@id\":\"https:\/\/sandzakpress.net\/arhiva\/torino-istakao-cijenu-za-ljajica-ne-damo-ga-ispod-ove-cifre\/\"},\"wordCount\":151,\"commentCount\":0,\"publisher\":{\"@id\":\"https:\/\/sandzakpress.net\/arhiva\/#\/schema\/person\/6e72b67d6e51910a1117b3b483ba20bd\"},\"image\":{\"@id\":\"https:\/\/sandzakpress.net\/arhiva\/torino-istakao-cijenu-za-ljajica-ne-damo-ga-ispod-ove-cifre\/#primaryimage\"},\"thumbnailUrl\":\"https:\/\/sandzakpress.net\/arhiva\/wp-content\/uploads\/2018\/07\/e5319d9d96c0ee5cff5a1addd3b329b142cba8f7.jpg\",\"articleSection\":[\"Novi Pazar\",\"Sport\",\"Italija\",\"VA\u017dNO!\"],\"inLanguage\":\"bs-BA\",\"potentialAction\":[{\"@type\":\"CommentAction\",\"name\":\"Comment\",\"target\":[\"https:\/\/sandzakpress.net\/arhiva\/torino-istakao-cijenu-za-ljajica-ne-damo-ga-ispod-ove-cifre\/#respond\"]}]},{\"@type\":\"WebPage\",\"@id\":\"https:\/\/sandzakpress.net\/arhiva\/torino-istakao-cijenu-za-ljajica-ne-damo-ga-ispod-ove-cifre\/\",\"url\":\"https:\/\/sandzakpress.net\/arhiva\/torino-istakao-cijenu-za-ljajica-ne-damo-ga-ispod-ove-cifre\/\",\"name\":\"Torino istakao cijenu za Ljaji\u0107a - Ne damo ga ispod ove cifre\",\"isPartOf\":{\"@id\":\"https:\/\/sandzakpress.net\/arhiva\/#website\"},\"primaryImageOfPage\":{\"@id\":\"https:\/\/sandzakpress.net\/arhiva\/torino-istakao-cijenu-za-ljajica-ne-damo-ga-ispod-ove-cifre\/#primaryimage\"},\"image\":{\"@id\":\"https:\/\/sandzakpress.net\/arhiva\/torino-istakao-cijenu-za-ljajica-ne-damo-ga-ispod-ove-cifre\/#primaryimage\"},\"thumbnailUrl\":\"https:\/\/sandzakpress.net\/arhiva\/wp-content\/uploads\/2018\/07\/e5319d9d96c0ee5cff5a1addd3b329b142cba8f7.jpg\",\"datePublished\":\"2018-07-02T14:07:10+00:00\",\"breadcrumb\":{\"@id\":\"https:\/\/sandzakpress.net\/arhiva\/torino-istakao-cijenu-za-ljajica-ne-damo-ga-ispod-ove-cifre\/#breadcrumb\"},\"inLanguage\":\"bs-BA\",\"potentialAction\":[{\"@type\":\"ReadAction\",\"target\":[\"https:\/\/sandzakpress.net\/arhiva\/torino-istakao-cijenu-za-ljajica-ne-damo-ga-ispod-ove-cifre\/\"]}]},{\"@type\":\"ImageObject\",\"inLanguage\":\"bs-BA\",\"@id\":\"https:\/\/sandzakpress.net\/arhiva\/torino-istakao-cijenu-za-ljajica-ne-damo-ga-ispod-ove-cifre\/#primaryimage\",\"url\":\"https:\/\/sandzakpress.net\/arhiva\/wp-content\/uploads\/2018\/07\/e5319d9d96c0ee5cff5a1addd3b329b142cba8f7.jpg\",\"contentUrl\":\"https:\/\/sandzakpress.net\/arhiva\/wp-content\/uploads\/2018\/07\/e5319d9d96c0ee5cff5a1addd3b329b142cba8f7.jpg\",\"width\":770,\"height\":513},{\"@type\":\"BreadcrumbList\",\"@id\":\"https:\/\/sandzakpress.net\/arhiva\/torino-istakao-cijenu-za-ljajica-ne-damo-ga-ispod-ove-cifre\/#breadcrumb\",\"itemListElement\":[{\"@type\":\"ListItem\",\"position\":1,\"name\":\"Home\",\"item\":\"https:\/\/sandzakpress.net\/arhiva\/\"},{\"@type\":\"ListItem\",\"position\":2,\"name\":\"Torino istakao cijenu za Ljaji\u0107a &#8211; Ne damo ga ispod ove cifre\"}]},{\"@type\":\"WebSite\",\"@id\":\"https:\/\/sandzakpress.net\/arhiva\/#website\",\"url\":\"https:\/\/sandzakpress.net\/arhiva\/\",\"name\":\"Sand\u017eak PRESS\",\"description\":\"Prve elektronske novine u Sand\u017eaku\",\"publisher\":{\"@id\":\"https:\/\/sandzakpress.net\/arhiva\/#\/schema\/person\/6e72b67d6e51910a1117b3b483ba20bd\"},\"potentialAction\":[{\"@type\":\"SearchAction\",\"target\":{\"@type\":\"EntryPoint\",\"urlTemplate\":\"https:\/\/sandzakpress.net\/arhiva\/?s={search_term_string}\"},\"query-input\":{\"@type\":\"PropertyValueSpecification\",\"valueRequired\":true,\"valueName\":\"search_term_string\"}}],\"inLanguage\":\"bs-BA\"},{\"@type\":[\"Person\",\"Organization\"],\"@id\":\"https:\/\/sandzakpress.net\/arhiva\/#\/schema\/person\/6e72b67d6e51910a1117b3b483ba20bd\",\"name\":\"Kul\",\"image\":{\"@type\":\"ImageObject\",\"inLanguage\":\"bs-BA\",\"@id\":\"https:\/\/sandzakpress.net\/arhiva\/#\/schema\/person\/image\/\",\"url\":\"https:\/\/secure.gravatar.com\/avatar\/42263f39aa27ac04c43cab85c280eb2e?s=96&d=mm&r=pg\",\"contentUrl\":\"https:\/\/secure.gravatar.com\/avatar\/42263f39aa27ac04c43cab85c280eb2e?s=96&d=mm&r=pg\",\"caption\":\"Kul\"},\"logo\":{\"@id\":\"https:\/\/sandzakpress.net\/arhiva\/#\/schema\/person\/image\/\"}},{\"@type\":\"Person\",\"@id\":\"https:\/\/sandzakpress.net\/arhiva\/#\/schema\/person\/cb59d7e3ab91ab90dd680ad0305a6185\",\"name\":\"Agencija\",\"image\":{\"@type\":\"ImageObject\",\"inLanguage\":\"bs-BA\",\"@id\":\"https:\/\/sandzakpress.net\/arhiva\/#\/schema\/person\/image\/\",\"url\":\"https:\/\/secure.gravatar.com\/avatar\/4b7fafa80a22f0c2afe23966b3961fe0?s=96&d=mm&r=pg\",\"contentUrl\":\"https:\/\/secure.gravatar.com\/avatar\/4b7fafa80a22f0c2afe23966b3961fe0?s=96&d=mm&r=pg\",\"caption\":\"Agencija\"},\"url\":\"https:\/\/sandzakpress.net\/arhiva\/author\/agencija\/\"}]}<\/script>\n<!-- \/ Yoast SEO Premium plugin. -->","yoast_head_json":{"title":"Torino istakao cijenu za Ljaji\u0107a - Ne damo ga ispod ove cifre","robots":{"index":"index","follow":"follow","max-snippet":"max-snippet:-1","max-image-preview":"max-image-preview:large","max-video-preview":"max-video-preview:-1"},"canonical":"https:\/\/sandzakpress.net\/arhiva\/torino-istakao-cijenu-za-ljajica-ne-damo-ga-ispod-ove-cifre\/","og_locale":"bs_BA","og_type":"article","og_title":"Torino istakao cijenu za Ljaji\u0107a - Ne damo ga ispod ove cifre","og_description":"Adem Ljaji\u0107\u00a0ima ugovor sa Torinom do juna\u00a02020.\u00a0godine, a Torino je doneo odluku da Ljaji\u0107a stavi na listu za odlazak. Kako prenosi Tutosport, klub je istakao cenu za sve zainteresovane klubove koji \u017eele da anga\u017euju Adema \u2013\u00a015\u00a0miliona evra! Pominjala se cifra od\u00a010.000.000, ali Tuto iznosi da je tra\u017eeni novac za tre\u0107inu ve\u0107i. Od odlaska Sini\u0161e Mihajlovi\u0107a [&hellip;]","og_url":"https:\/\/sandzakpress.net\/arhiva\/torino-istakao-cijenu-za-ljajica-ne-damo-ga-ispod-ove-cifre\/","og_site_name":"Sand\u017eak PRESS","article_published_time":"2018-07-02T14:07:10+00:00","og_image":[{"width":770,"height":513,"url":"https:\/\/sandzakpress.net\/arhiva\/wp-content\/uploads\/2018\/07\/e5319d9d96c0ee5cff5a1addd3b329b142cba8f7.jpg","type":"image\/jpeg"}],"author":"Agencija","twitter_card":"summary_large_image","twitter_misc":{"Written by":"Agencija","Est. reading time":"1 minuta"},"schema":{"@context":"https:\/\/schema.org","@graph":[{"@type":"Article","@id":"https:\/\/sandzakpress.net\/arhiva\/torino-istakao-cijenu-za-ljajica-ne-damo-ga-ispod-ove-cifre\/#article","isPartOf":{"@id":"https:\/\/sandzakpress.net\/arhiva\/torino-istakao-cijenu-za-ljajica-ne-damo-ga-ispod-ove-cifre\/"},"author":{"name":"Agencija","@id":"https:\/\/sandzakpress.net\/arhiva\/#\/schema\/person\/cb59d7e3ab91ab90dd680ad0305a6185"},"headline":"Torino istakao cijenu za Ljaji\u0107a &#8211; Ne damo ga ispod ove cifre","datePublished":"2018-07-02T14:07:10+00:00","mainEntityOfPage":{"@id":"https:\/\/sandzakpress.net\/arhiva\/torino-istakao-cijenu-za-ljajica-ne-damo-ga-ispod-ove-cifre\/"},"wordCount":151,"commentCount":0,"publisher":{"@id":"https:\/\/sandzakpress.net\/arhiva\/#\/schema\/person\/6e72b67d6e51910a1117b3b483ba20bd"},"image":{"@id":"https:\/\/sandzakpress.net\/arhiva\/torino-istakao-cijenu-za-ljajica-ne-damo-ga-ispod-ove-cifre\/#primaryimage"},"thumbnailUrl":"https:\/\/sandzakpress.net\/arhiva\/wp-content\/uploads\/2018\/07\/e5319d9d96c0ee5cff5a1addd3b329b142cba8f7.jpg","articleSection":["Novi Pazar","Sport","Italija","VA\u017dNO!"],"inLanguage":"bs-BA","potentialAction":[{"@type":"CommentAction","name":"Comment","target":["https:\/\/sandzakpress.net\/arhiva\/torino-istakao-cijenu-za-ljajica-ne-damo-ga-ispod-ove-cifre\/#respond"]}]},{"@type":"WebPage","@id":"https:\/\/sandzakpress.net\/arhiva\/torino-istakao-cijenu-za-ljajica-ne-damo-ga-ispod-ove-cifre\/","url":"https:\/\/sandzakpress.net\/arhiva\/torino-istakao-cijenu-za-ljajica-ne-damo-ga-ispod-ove-cifre\/","name":"Torino istakao cijenu za Ljaji\u0107a - Ne damo ga ispod ove cifre","isPartOf":{"@id":"https:\/\/sandzakpress.net\/arhiva\/#website"},"primaryImageOfPage":{"@id":"https:\/\/sandzakpress.net\/arhiva\/torino-istakao-cijenu-za-ljajica-ne-damo-ga-ispod-ove-cifre\/#primaryimage"},"image":{"@id":"https:\/\/sandzakpress.net\/arhiva\/torino-istakao-cijenu-za-ljajica-ne-damo-ga-ispod-ove-cifre\/#primaryimage"},"thumbnailUrl":"https:\/\/sandzakpress.net\/arhiva\/wp-content\/uploads\/2018\/07\/e5319d9d96c0ee5cff5a1addd3b329b142cba8f7.jpg","datePublished":"2018-07-02T14:07:10+00:00","breadcrumb":{"@id":"https:\/\/sandzakpress.net\/arhiva\/torino-istakao-cijenu-za-ljajica-ne-damo-ga-ispod-ove-cifre\/#breadcrumb"},"inLanguage":"bs-BA","potentialAction":[{"@type":"ReadAction","target":["https:\/\/sandzakpress.net\/arhiva\/torino-istakao-cijenu-za-ljajica-ne-damo-ga-ispod-ove-cifre\/"]}]},{"@type":"ImageObject","inLanguage":"bs-BA","@id":"https:\/\/sandzakpress.net\/arhiva\/torino-istakao-cijenu-za-ljajica-ne-damo-ga-ispod-ove-cifre\/#primaryimage","url":"https:\/\/sandzakpress.net\/arhiva\/wp-content\/uploads\/2018\/07\/e5319d9d96c0ee5cff5a1addd3b329b142cba8f7.jpg","contentUrl":"https:\/\/sandzakpress.net\/arhiva\/wp-content\/uploads\/2018\/07\/e5319d9d96c0ee5cff5a1addd3b329b142cba8f7.jpg","width":770,"height":513},{"@type":"BreadcrumbList","@id":"https:\/\/sandzakpress.net\/arhiva\/torino-istakao-cijenu-za-ljajica-ne-damo-ga-ispod-ove-cifre\/#breadcrumb","itemListElement":[{"@type":"ListItem","position":1,"name":"Home","item":"https:\/\/sandzakpress.net\/arhiva\/"},{"@type":"ListItem","position":2,"name":"Torino istakao cijenu za Ljaji\u0107a &#8211; Ne damo ga ispod ove cifre"}]},{"@type":"WebSite","@id":"https:\/\/sandzakpress.net\/arhiva\/#website","url":"https:\/\/sandzakpress.net\/arhiva\/","name":"Sand\u017eak PRESS","description":"Prve elektronske novine u Sand\u017eaku","publisher":{"@id":"https:\/\/sandzakpress.net\/arhiva\/#\/schema\/person\/6e72b67d6e51910a1117b3b483ba20bd"},"potentialAction":[{"@type":"SearchAction","target":{"@type":"EntryPoint","urlTemplate":"https:\/\/sandzakpress.net\/arhiva\/?s={search_term_string}"},"query-input":{"@type":"PropertyValueSpecification","valueRequired":true,"valueName":"search_term_string"}}],"inLanguage":"bs-BA"},{"@type":["Person","Organization"],"@id":"https:\/\/sandzakpress.net\/arhiva\/#\/schema\/person\/6e72b67d6e51910a1117b3b483ba20bd","name":"Kul","image":{"@type":"ImageObject","inLanguage":"bs-BA","@id":"https:\/\/sandzakpress.net\/arhiva\/#\/schema\/person\/image\/","url":"https:\/\/secure.gravatar.com\/avatar\/42263f39aa27ac04c43cab85c280eb2e?s=96&d=mm&r=pg","contentUrl":"https:\/\/secure.gravatar.com\/avatar\/42263f39aa27ac04c43cab85c280eb2e?s=96&d=mm&r=pg","caption":"Kul"},"logo":{"@id":"https:\/\/sandzakpress.net\/arhiva\/#\/schema\/person\/image\/"}},{"@type":"Person","@id":"https:\/\/sandzakpress.net\/arhiva\/#\/schema\/person\/cb59d7e3ab91ab90dd680ad0305a6185","name":"Agencija","image":{"@type":"ImageObject","inLanguage":"bs-BA","@id":"https:\/\/sandzakpress.net\/arhiva\/#\/schema\/person\/image\/","url":"https:\/\/secure.gravatar.com\/avatar\/4b7fafa80a22f0c2afe23966b3961fe0?s=96&d=mm&r=pg","contentUrl":"https:\/\/secure.gravatar.com\/avatar\/4b7fafa80a22f0c2afe23966b3961fe0?s=96&d=mm&r=pg","caption":"Agencija"},"url":"https:\/\/sandzakpress.net\/arhiva\/author\/agencija\/"}]}},"_links":{"self":[{"href":"https:\/\/sandzakpress.net\/arhiva\/wp-json\/wp\/v2\/posts\/208830"}],"collection":[{"href":"https:\/\/sandzakpress.net\/arhiva\/wp-json\/wp\/v2\/posts"}],"about":[{"href":"https:\/\/sandzakpress.net\/arhiva\/wp-json\/wp\/v2\/types\/post"}],"author":[{"embeddable":true,"href":"https:\/\/sandzakpress.net\/arhiva\/wp-json\/wp\/v2\/users\/509"}],"replies":[{"embeddable":true,"href":"https:\/\/sandzakpress.net\/arhiva\/wp-json\/wp\/v2\/comments?post=208830"}],"version-history":[{"count":0,"href":"https:\/\/sandzakpress.net\/arhiva\/wp-json\/wp\/v2\/posts\/208830\/revisions"}],"wp:featuredmedia":[{"embeddable":true,"href":"https:\/\/sandzakpress.net\/arhiva\/wp-json\/wp\/v2\/media\/208845"}],"wp:attachment":[{"href":"https:\/\/sandzakpress.net\/arhiva\/wp-json\/wp\/v2\/media?parent=208830"}],"wp:term":[{"taxonomy":"category","embeddable":true,"href":"https:\/\/sandzakpress.net\/arhiva\/wp-json\/wp\/v2\/categories?post=208830"},{"taxonomy":"post_tag","embeddable":true,"href":"https:\/\/sandzakpress.net\/arhiva\/wp-json\/wp\/v2\/tags?post=208830"}],"curies":[{"name":"wp","href":"https:\/\/api.w.org\/{rel}","templated":true}]}}