{"id":208800,"date":"2018-06-29T21:52:44","date_gmt":"2018-06-29T19:52:44","guid":{"rendered":"https:\/\/sandzakpress.net\/arhiva\/?p=208800"},"modified":"2018-06-30T18:42:28","modified_gmt":"2018-06-30T16:42:28","slug":"u-prepunoj-sali-gazi-husrev-begove-biblioteke-odrzana-promocija-drevne-bosne","status":"publish","type":"post","link":"https:\/\/sandzakpress.net\/arhiva\/u-prepunoj-sali-gazi-husrev-begove-biblioteke-odrzana-promocija-drevne-bosne\/","title":{"rendered":"U prepunoj sali Gazi Husrev-begove biblioteke odr\u017eana promocija \u201cDrevne Bosne\u201d"},"content":{"rendered":"<h2 style=\"text-align: center;\"><strong>Historijsko djelo akademika Zukorli\u0107a sadr\u017ei dokumenta koja se pojavljuju po prvi put.<\/strong><\/h2>\n<p><img loading=\"lazy\" decoding=\"async\" class=\"alignnone size-full wp-image-39442\" src=\"http:\/\/sanapress.info\/wp-content\/uploads\/2018\/06\/4-11.jpg\" alt=\"\" width=\"2048\" height=\"1365\" \/><\/p>\n<p><strong>U kongresnoj sali Gazi Husrev-begove biblioteke odr\u017eana promocija knjige \u201cDrevna Bosna\u201d autora akademika Muamera Zukorli\u0107a. Ovo je prva promocija djela akademika Zukorli\u0107a u Sarajevu, pored njega o knjizi govorili predsjednik BANU akademik Muhamed Filipovi\u0107 i akademik Mehmed Ak\u0161amija. Prisustvovala delegacija Me\u0161ihata IZ-e u Srbiji, reis-ul-lema BiH, akademici, intelektualci, istra\u017eiva\u010di, studenti, u\u010denici, te gra\u0111ani Sarajeva. <\/strong><\/p>\n<p><strong>Prepuna kongresna sala odisala je knji\u017eevno-nau\u010dnim spisima, rije\u010dima. Akademik Ak\u0161amija obrativ\u0161i se publici istakao je<\/strong>:\u201d<em>Od 74.-75. godine do danas nastojao sam obi\u0107i veliki broj arhiva i sakupiti dokumente koji su vezani za Bosnu. Stare kulturno-historijske karte, razna dokumenta u ovom djelu se po prvi put pojavljuju. Pored svih bitnih podataka nastojali smo i kompletnu heuraliku Bosne objaviti, \u0161to su pe\u010dat, povelje. S ponosom mogu re\u0107i da je ovo jedan projekat koji je radio Bo\u0161njak uz pomo\u0107 Bo\u0161njaka o Bosni, a nije bilo uticaja sa Istoka i Zapada. Ovo je jedan materijal koji nudi skra\u0107enu verziju, varijanta na\u0161eg cijenjenog prijatelja, akademika Zukorli\u0107a, nadam se da \u0107e biti jo\u0161 djela te da \u0107e se ova gra\u0111a pro\u0161iriti.&#8221;<\/em><\/p>\n<p><iframe loading=\"lazy\" src=\"https:\/\/www.facebook.com\/plugins\/post.php?href=https%3A%2F%2Fwww.facebook.com%2Fmedia%2Fset%2F%3Fset%3Da.10155383699636697.1073741847.69393956696%26type%3D3&amp;width=500\" width=\"500\" height=\"650\" frameborder=\"0\" scrolling=\"no\" data-mce-fragment=\"1\"><\/iframe><\/p>\n<p><strong>Rukopis \u201cDrevna Bosna\u201d sadr\u017ei ranu historiju BiH. Akademik Muhamed Filipovi\u0107 je kazao<\/strong>:<strong>\u201d<\/strong><em>Meni je i privilegija i osobita \u010dast govoriti o djelu akademika Zukorli\u0107a, \u010dast mi je \u0161to sam predsjednik jedne institucije koja ima zadatak da da doprinos prou\u010davanju na\u0161e zemlje i naroda kao i o postojanju jedne zemlje i jednog naroda. Ovo djelo je nastalo u okviru rada akademije kojom predsjedavam, a djelo su stvorila dvojica izuzetnih ljudi. Zukorli\u0107 kao autor teksta, a akademik Ak\u0161amija kao autor dizajna. Mi smo morali stvoriti institucije koje bi mogle dr\u017eati sve te ljude koji bi mogli dobiti sve informacije o svom narodu i u\u010destvovati u tome, nismo uspjeli otvoriti te institucije, imaju\u0107i to u vidu, kao i imaju\u0107i u vidu da svi narodi imaju svoje akademije, Srbi tri, Albanci dvije, Crnogorci, Slovenci po jednu, a mi tada, nijednu. Bo\u0161nja\u010dku akademiju nauka i umjetnosti otvorila je skupina ljudi koja je zadu\u017eena bila da vodi i unaprije\u0111uje nau\u010dni rad u Bosni, i evo za nekoliko godina ova institucija je opravdala svoje postojanje. Ovo sam htio re\u0107i jer se u BiH ne poma\u017eu ovakve institucije i ovakav rad jer se ne osje\u0107a briga i interes, jer se \u017eeli sakriti njeno postojanje. Ova akademija objavila je \u010detiri zna\u010dajne knjige koje doprinose nau\u010dnom radu, a nikakvu finansijsku podr\u0161ku nisu dobile. Djelo \u201cDrevna Bosna\u201d stvorio je akademik Zukorli\u0107, ali akademik Mehmed Ak\u0161amija je dodao svojim grafi\u010dkim radom ovom djelu onu nit savr\u0161enstva.<\/em>\u201d<\/p>\n<p><strong>Akademik Muamer Zukorli\u0107 je kazao:<\/strong>\u201d<em>Sve je po\u010delo spontano, godinama me je mu\u010dilo pitanje za\u0161to ti Bo\u0161njaci kod Jajca do\u010deka\u0161e Mehmeda Fatiha druga\u010dije, ali jedna zajednica u sredini Bosne se odva\u017eila da u jednom danu prihvati, njih 40 hiljada porodica islam od Mehmeda Osvaja\u010da, tra\u017eio sam odgovor uvjeren da tu ima ne\u0161to drugo. Istra\u017euju\u0107i vjeru Dobrih Bo\u0161njana, polaze\u0107i da su bogumili bili dualisti\u010dka grupacija, a onda prate\u0107i Isto\u010dne i Zapadne autore, vidio da ovi isto\u010dne tretiraju bogumilima a ove zapadne patarenima, kasnije sam \u010de\u0161\u0107e dolazio do toga da nije bilo dualizma u vjerovanju, ve\u0107 da su bili monoteisti. Kasnije sam do\u0161ao do \u010duvenog nikejskog sabora, i tako sam i\u0161ao do klice Bo\u0161njana. Osnova je bila doktrina vjere Bo\u0161njana koji postaju kr\u0161\u0107ani koji su bili prije pagani, iliri il ne\u0161to drugo. Kultura dogovora je ono na \u010demu je Bosna nastal, ona nikada nije osvojena silom, ali isto tako nije ni potpuno odbranjena silom. Sve su one ma koliko bile silne zavr\u0161avale nekim dogovorom- kazao je akademik Zukorli\u0107 obja\u0161njavaju\u0107i svoje petogodi\u0161nje istra\u017eivanje, dodao da je vr\u0161io predavanja perioda prvog milenijuma, a studentima nije imao relevantnu gra\u0111u o tome, on je istakao da ga je to navelo na pisanje, te da je bitno za njega bilo da za sve one koji vjeruju da Bosna i Bo\u0161njaci imaju mnogo dublje korijene nego \u0161to su nam, ka\u017ee, govorili kom\u0161ije. \u201cNe mo\u017ee visoko i mo\u0107no jedan narod izrasti bez adekvatnog dubokog i mo\u0107nog korijena.\u201d<\/em><\/p>\n<div class=\"youtube-embed\" data-video_id=\"_ZT6Hj9-F_0\"><iframe loading=\"lazy\" title=\"MUAMER ZUKORLI\u0106: &quot;DREVNA BOSNA&quot; - PROMOCIJA U SARAJEVU 2018. (IML TV)\" width=\"696\" height=\"392\" src=\"https:\/\/www.youtube.com\/embed\/_ZT6Hj9-F_0?feature=oembed&#038;enablejsapi=1\" frameborder=\"0\" allow=\"accelerometer; autoplay; encrypted-media; gyroscope; picture-in-picture\" allowfullscreen><\/iframe><\/div>\n<p><img loading=\"lazy\" decoding=\"async\" class=\"alignnone size-full wp-image-39437\" src=\"http:\/\/sanapress.info\/wp-content\/uploads\/2018\/06\/0-7.jpg\" alt=\"\" width=\"2048\" height=\"1365\" \/> <img loading=\"lazy\" decoding=\"async\" class=\"alignnone size-full wp-image-39438\" src=\"http:\/\/sanapress.info\/wp-content\/uploads\/2018\/06\/0a-1.jpg\" alt=\"\" width=\"2048\" height=\"1365\" \/> <img loading=\"lazy\" decoding=\"async\" class=\"alignnone size-full wp-image-39441\" src=\"http:\/\/sanapress.info\/wp-content\/uploads\/2018\/06\/3-14.jpg\" alt=\"\" width=\"2048\" height=\"1365\" \/> <img loading=\"lazy\" decoding=\"async\" class=\"alignnone size-full wp-image-39442\" src=\"http:\/\/sanapress.info\/wp-content\/uploads\/2018\/06\/4-11.jpg\" alt=\"\" width=\"2048\" height=\"1365\" \/> <img loading=\"lazy\" decoding=\"async\" class=\"alignnone size-full wp-image-39443\" src=\"http:\/\/sanapress.info\/wp-content\/uploads\/2018\/06\/5-11.jpg\" alt=\"\" width=\"2048\" height=\"1365\" \/> <img loading=\"lazy\" decoding=\"async\" class=\"alignnone size-full wp-image-39444\" src=\"http:\/\/sanapress.info\/wp-content\/uploads\/2018\/06\/6-9.jpg\" alt=\"\" width=\"2048\" height=\"1365\" \/> <img loading=\"lazy\" decoding=\"async\" class=\"alignnone size-full wp-image-39445\" src=\"http:\/\/sanapress.info\/wp-content\/uploads\/2018\/06\/8-6.jpg\" alt=\"\" width=\"2048\" height=\"1365\" \/> <img loading=\"lazy\" decoding=\"async\" class=\"alignnone size-full wp-image-39446\" src=\"http:\/\/sanapress.info\/wp-content\/uploads\/2018\/06\/8a-1.jpg\" alt=\"\" width=\"2048\" height=\"1365\" \/> <img loading=\"lazy\" decoding=\"async\" class=\"alignnone size-full wp-image-39447\" src=\"http:\/\/sanapress.info\/wp-content\/uploads\/2018\/06\/9-6.jpg\" alt=\"\" width=\"2048\" height=\"1365\" \/> <img loading=\"lazy\" decoding=\"async\" class=\"alignnone size-full wp-image-39448\" src=\"http:\/\/sanapress.info\/wp-content\/uploads\/2018\/06\/10-5.jpg\" alt=\"\" width=\"2048\" height=\"1365\" \/> <img loading=\"lazy\" decoding=\"async\" class=\"alignnone size-full wp-image-39449\" src=\"http:\/\/sanapress.info\/wp-content\/uploads\/2018\/06\/11-4.jpg\" alt=\"\" width=\"2048\" height=\"1365\" \/> <img loading=\"lazy\" decoding=\"async\" class=\"alignnone size-full wp-image-39450\" src=\"http:\/\/sanapress.info\/wp-content\/uploads\/2018\/06\/12-3.jpg\" alt=\"\" width=\"2048\" height=\"1365\" \/> <img loading=\"lazy\" decoding=\"async\" class=\"alignnone size-full wp-image-39451\" src=\"http:\/\/sanapress.info\/wp-content\/uploads\/2018\/06\/13-3.jpg\" alt=\"\" width=\"640\" height=\"960\" \/> <img loading=\"lazy\" decoding=\"async\" class=\"alignnone size-full wp-image-39452\" src=\"http:\/\/sanapress.info\/wp-content\/uploads\/2018\/06\/14-2.jpg\" alt=\"\" width=\"2048\" height=\"1365\" \/> <img loading=\"lazy\" decoding=\"async\" class=\"alignnone size-full wp-image-39453\" src=\"http:\/\/sanapress.info\/wp-content\/uploads\/2018\/06\/15-1.jpg\" alt=\"\" width=\"2048\" height=\"1365\" \/> <img loading=\"lazy\" decoding=\"async\" class=\"alignnone size-full wp-image-39454\" src=\"http:\/\/sanapress.info\/wp-content\/uploads\/2018\/06\/16.jpg\" alt=\"\" width=\"2048\" height=\"1365\" \/> <img loading=\"lazy\" decoding=\"async\" class=\"alignnone size-full wp-image-39455\" src=\"http:\/\/sanapress.info\/wp-content\/uploads\/2018\/06\/17.jpg\" alt=\"\" width=\"2048\" height=\"1365\" \/> <img loading=\"lazy\" decoding=\"async\" class=\"alignnone size-full wp-image-39456\" src=\"http:\/\/sanapress.info\/wp-content\/uploads\/2018\/06\/18.jpg\" alt=\"\" width=\"2048\" height=\"1365\" \/> <img loading=\"lazy\" decoding=\"async\" class=\"alignnone size-full wp-image-39457\" src=\"http:\/\/sanapress.info\/wp-content\/uploads\/2018\/06\/20.jpg\" alt=\"\" width=\"2048\" height=\"1365\" \/> <img loading=\"lazy\" decoding=\"async\" class=\"alignnone size-full wp-image-39439\" src=\"http:\/\/sanapress.info\/wp-content\/uploads\/2018\/06\/1-14.jpg\" alt=\"\" width=\"2048\" height=\"1365\" \/> <img loading=\"lazy\" decoding=\"async\" class=\"alignnone size-full wp-image-39440\" src=\"http:\/\/sanapress.info\/wp-content\/uploads\/2018\/06\/2-15.jpg\" alt=\"\" width=\"2048\" height=\"1365\" \/><\/p>\n<p>SANA-D\u017dANA D\u017dANKOVI\u0106<\/p>\n<p>FOTO- EDIN BA\u010cEVAC<\/p>\n","protected":false},"excerpt":{"rendered":"<p>Historijsko djelo akademika Zukorli\u0107a sadr\u017ei dokumenta koja se pojavljuju po prvi put. U kongresnoj sali Gazi Husrev-begove biblioteke odr\u017eana promocija knjige \u201cDrevna Bosna\u201d autora akademika Muamera Zukorli\u0107a. Ovo je prva promocija djela akademika Zukorli\u0107a u Sarajevu, pored njega o knjizi govorili predsjednik BANU akademik Muhamed Filipovi\u0107 i akademik Mehmed Ak\u0161amija. Prisustvovala delegacija Me\u0161ihata IZ-e u [&hellip;]<\/p>\n","protected":false},"author":509,"featured_media":208801,"comment_status":"open","ping_status":"open","sticky":false,"template":"","format":"standard","meta":{"footnotes":""},"categories":[72,800,2860,8957],"tags":[10204,10223],"class_list":{"0":"post-208800","1":"post","2":"type-post","3":"status-publish","4":"format-standard","5":"has-post-thumbnail","7":"category-novi-pazar","8":"category-nacija","9":"category-bosna-i-hercegovina-gradovi","10":"category-vijesti-dana","11":"tag-muftija-muamer-zukorlic","12":"tag-bdz"},"yoast_head":"<!-- This site is optimized with the Yoast SEO Premium plugin v23.1 (Yoast SEO v24.9) - https:\/\/yoast.com\/wordpress\/plugins\/seo\/ -->\n<title>U prepunoj sali Gazi Husrev-begove biblioteke odr\u017eana promocija \u201cDrevne Bosne\u201d<\/title>\n<meta name=\"robots\" content=\"index, follow, max-snippet:-1, max-image-preview:large, max-video-preview:-1\" \/>\n<link rel=\"canonical\" href=\"https:\/\/sandzakpress.net\/arhiva\/u-prepunoj-sali-gazi-husrev-begove-biblioteke-odrzana-promocija-drevne-bosne\/\" \/>\n<meta property=\"og:locale\" content=\"bs_BA\" \/>\n<meta property=\"og:type\" content=\"article\" \/>\n<meta property=\"og:title\" content=\"U prepunoj sali Gazi Husrev-begove biblioteke odr\u017eana promocija \u201cDrevne Bosne\u201d\" \/>\n<meta property=\"og:description\" content=\"Historijsko djelo akademika Zukorli\u0107a sadr\u017ei dokumenta koja se pojavljuju po prvi put. U kongresnoj sali Gazi Husrev-begove biblioteke odr\u017eana promocija knjige \u201cDrevna Bosna\u201d autora akademika Muamera Zukorli\u0107a. Ovo je prva promocija djela akademika Zukorli\u0107a u Sarajevu, pored njega o knjizi govorili predsjednik BANU akademik Muhamed Filipovi\u0107 i akademik Mehmed Ak\u0161amija. Prisustvovala delegacija Me\u0161ihata IZ-e u [&hellip;]\" \/>\n<meta property=\"og:url\" content=\"https:\/\/sandzakpress.net\/arhiva\/u-prepunoj-sali-gazi-husrev-begove-biblioteke-odrzana-promocija-drevne-bosne\/\" \/>\n<meta property=\"og:site_name\" content=\"Sand\u017eak PRESS\" \/>\n<meta property=\"article:published_time\" content=\"2018-06-29T19:52:44+00:00\" \/>\n<meta property=\"article:modified_time\" content=\"2018-06-30T16:42:28+00:00\" \/>\n<meta property=\"og:image\" content=\"https:\/\/sandzakpress.net\/arhiva\/wp-content\/uploads\/2018\/06\/4-11.jpg\" \/>\n\t<meta property=\"og:image:width\" content=\"2048\" \/>\n\t<meta property=\"og:image:height\" content=\"1365\" \/>\n\t<meta property=\"og:image:type\" content=\"image\/jpeg\" \/>\n<meta name=\"author\" content=\"Agencija\" \/>\n<meta name=\"twitter:card\" content=\"summary_large_image\" \/>\n<meta name=\"twitter:label1\" content=\"Written by\" \/>\n\t<meta name=\"twitter:data1\" content=\"Agencija\" \/>\n\t<meta name=\"twitter:label2\" content=\"Est. reading time\" \/>\n\t<meta name=\"twitter:data2\" content=\"4 minute\" \/>\n<script type=\"application\/ld+json\" class=\"yoast-schema-graph\">{\"@context\":\"https:\/\/schema.org\",\"@graph\":[{\"@type\":\"Article\",\"@id\":\"https:\/\/sandzakpress.net\/arhiva\/u-prepunoj-sali-gazi-husrev-begove-biblioteke-odrzana-promocija-drevne-bosne\/#article\",\"isPartOf\":{\"@id\":\"https:\/\/sandzakpress.net\/arhiva\/u-prepunoj-sali-gazi-husrev-begove-biblioteke-odrzana-promocija-drevne-bosne\/\"},\"author\":{\"name\":\"Agencija\",\"@id\":\"https:\/\/sandzakpress.net\/arhiva\/#\/schema\/person\/cb59d7e3ab91ab90dd680ad0305a6185\"},\"headline\":\"U prepunoj sali Gazi Husrev-begove biblioteke odr\u017eana promocija \u201cDrevne Bosne\u201d\",\"datePublished\":\"2018-06-29T19:52:44+00:00\",\"dateModified\":\"2018-06-30T16:42:28+00:00\",\"mainEntityOfPage\":{\"@id\":\"https:\/\/sandzakpress.net\/arhiva\/u-prepunoj-sali-gazi-husrev-begove-biblioteke-odrzana-promocija-drevne-bosne\/\"},\"wordCount\":773,\"commentCount\":4,\"publisher\":{\"@id\":\"https:\/\/sandzakpress.net\/arhiva\/#\/schema\/person\/6e72b67d6e51910a1117b3b483ba20bd\"},\"image\":{\"@id\":\"https:\/\/sandzakpress.net\/arhiva\/u-prepunoj-sali-gazi-husrev-begove-biblioteke-odrzana-promocija-drevne-bosne\/#primaryimage\"},\"thumbnailUrl\":\"https:\/\/sandzakpress.net\/arhiva\/wp-content\/uploads\/2018\/06\/4-11.jpg\",\"keywords\":[\"muftija Muamer Zukorli\u0107\",\"BDZ\"],\"articleSection\":[\"Novi Pazar\",\"Nacija\",\"Bosna i Hercegovina\",\"VIJESTI DANA\"],\"inLanguage\":\"bs-BA\",\"potentialAction\":[{\"@type\":\"CommentAction\",\"name\":\"Comment\",\"target\":[\"https:\/\/sandzakpress.net\/arhiva\/u-prepunoj-sali-gazi-husrev-begove-biblioteke-odrzana-promocija-drevne-bosne\/#respond\"]}]},{\"@type\":\"WebPage\",\"@id\":\"https:\/\/sandzakpress.net\/arhiva\/u-prepunoj-sali-gazi-husrev-begove-biblioteke-odrzana-promocija-drevne-bosne\/\",\"url\":\"https:\/\/sandzakpress.net\/arhiva\/u-prepunoj-sali-gazi-husrev-begove-biblioteke-odrzana-promocija-drevne-bosne\/\",\"name\":\"U prepunoj sali Gazi Husrev-begove biblioteke odr\u017eana promocija \u201cDrevne Bosne\u201d\",\"isPartOf\":{\"@id\":\"https:\/\/sandzakpress.net\/arhiva\/#website\"},\"primaryImageOfPage\":{\"@id\":\"https:\/\/sandzakpress.net\/arhiva\/u-prepunoj-sali-gazi-husrev-begove-biblioteke-odrzana-promocija-drevne-bosne\/#primaryimage\"},\"image\":{\"@id\":\"https:\/\/sandzakpress.net\/arhiva\/u-prepunoj-sali-gazi-husrev-begove-biblioteke-odrzana-promocija-drevne-bosne\/#primaryimage\"},\"thumbnailUrl\":\"https:\/\/sandzakpress.net\/arhiva\/wp-content\/uploads\/2018\/06\/4-11.jpg\",\"datePublished\":\"2018-06-29T19:52:44+00:00\",\"dateModified\":\"2018-06-30T16:42:28+00:00\",\"breadcrumb\":{\"@id\":\"https:\/\/sandzakpress.net\/arhiva\/u-prepunoj-sali-gazi-husrev-begove-biblioteke-odrzana-promocija-drevne-bosne\/#breadcrumb\"},\"inLanguage\":\"bs-BA\",\"potentialAction\":[{\"@type\":\"ReadAction\",\"target\":[\"https:\/\/sandzakpress.net\/arhiva\/u-prepunoj-sali-gazi-husrev-begove-biblioteke-odrzana-promocija-drevne-bosne\/\"]}]},{\"@type\":\"ImageObject\",\"inLanguage\":\"bs-BA\",\"@id\":\"https:\/\/sandzakpress.net\/arhiva\/u-prepunoj-sali-gazi-husrev-begove-biblioteke-odrzana-promocija-drevne-bosne\/#primaryimage\",\"url\":\"https:\/\/sandzakpress.net\/arhiva\/wp-content\/uploads\/2018\/06\/4-11.jpg\",\"contentUrl\":\"https:\/\/sandzakpress.net\/arhiva\/wp-content\/uploads\/2018\/06\/4-11.jpg\",\"width\":2048,\"height\":1365},{\"@type\":\"BreadcrumbList\",\"@id\":\"https:\/\/sandzakpress.net\/arhiva\/u-prepunoj-sali-gazi-husrev-begove-biblioteke-odrzana-promocija-drevne-bosne\/#breadcrumb\",\"itemListElement\":[{\"@type\":\"ListItem\",\"position\":1,\"name\":\"Home\",\"item\":\"https:\/\/sandzakpress.net\/arhiva\/\"},{\"@type\":\"ListItem\",\"position\":2,\"name\":\"U prepunoj sali Gazi Husrev-begove biblioteke odr\u017eana promocija \u201cDrevne Bosne\u201d\"}]},{\"@type\":\"WebSite\",\"@id\":\"https:\/\/sandzakpress.net\/arhiva\/#website\",\"url\":\"https:\/\/sandzakpress.net\/arhiva\/\",\"name\":\"Sand\u017eak PRESS\",\"description\":\"Prve elektronske novine u Sand\u017eaku\",\"publisher\":{\"@id\":\"https:\/\/sandzakpress.net\/arhiva\/#\/schema\/person\/6e72b67d6e51910a1117b3b483ba20bd\"},\"potentialAction\":[{\"@type\":\"SearchAction\",\"target\":{\"@type\":\"EntryPoint\",\"urlTemplate\":\"https:\/\/sandzakpress.net\/arhiva\/?s={search_term_string}\"},\"query-input\":{\"@type\":\"PropertyValueSpecification\",\"valueRequired\":true,\"valueName\":\"search_term_string\"}}],\"inLanguage\":\"bs-BA\"},{\"@type\":[\"Person\",\"Organization\"],\"@id\":\"https:\/\/sandzakpress.net\/arhiva\/#\/schema\/person\/6e72b67d6e51910a1117b3b483ba20bd\",\"name\":\"Kul\",\"image\":{\"@type\":\"ImageObject\",\"inLanguage\":\"bs-BA\",\"@id\":\"https:\/\/sandzakpress.net\/arhiva\/#\/schema\/person\/image\/\",\"url\":\"https:\/\/secure.gravatar.com\/avatar\/42263f39aa27ac04c43cab85c280eb2e?s=96&d=mm&r=pg\",\"contentUrl\":\"https:\/\/secure.gravatar.com\/avatar\/42263f39aa27ac04c43cab85c280eb2e?s=96&d=mm&r=pg\",\"caption\":\"Kul\"},\"logo\":{\"@id\":\"https:\/\/sandzakpress.net\/arhiva\/#\/schema\/person\/image\/\"}},{\"@type\":\"Person\",\"@id\":\"https:\/\/sandzakpress.net\/arhiva\/#\/schema\/person\/cb59d7e3ab91ab90dd680ad0305a6185\",\"name\":\"Agencija\",\"image\":{\"@type\":\"ImageObject\",\"inLanguage\":\"bs-BA\",\"@id\":\"https:\/\/sandzakpress.net\/arhiva\/#\/schema\/person\/image\/\",\"url\":\"https:\/\/secure.gravatar.com\/avatar\/4b7fafa80a22f0c2afe23966b3961fe0?s=96&d=mm&r=pg\",\"contentUrl\":\"https:\/\/secure.gravatar.com\/avatar\/4b7fafa80a22f0c2afe23966b3961fe0?s=96&d=mm&r=pg\",\"caption\":\"Agencija\"},\"url\":\"https:\/\/sandzakpress.net\/arhiva\/author\/agencija\/\"}]}<\/script>\n<!-- \/ Yoast SEO Premium plugin. -->","yoast_head_json":{"title":"U prepunoj sali Gazi Husrev-begove biblioteke odr\u017eana promocija \u201cDrevne Bosne\u201d","robots":{"index":"index","follow":"follow","max-snippet":"max-snippet:-1","max-image-preview":"max-image-preview:large","max-video-preview":"max-video-preview:-1"},"canonical":"https:\/\/sandzakpress.net\/arhiva\/u-prepunoj-sali-gazi-husrev-begove-biblioteke-odrzana-promocija-drevne-bosne\/","og_locale":"bs_BA","og_type":"article","og_title":"U prepunoj sali Gazi Husrev-begove biblioteke odr\u017eana promocija \u201cDrevne Bosne\u201d","og_description":"Historijsko djelo akademika Zukorli\u0107a sadr\u017ei dokumenta koja se pojavljuju po prvi put. U kongresnoj sali Gazi Husrev-begove biblioteke odr\u017eana promocija knjige \u201cDrevna Bosna\u201d autora akademika Muamera Zukorli\u0107a. Ovo je prva promocija djela akademika Zukorli\u0107a u Sarajevu, pored njega o knjizi govorili predsjednik BANU akademik Muhamed Filipovi\u0107 i akademik Mehmed Ak\u0161amija. Prisustvovala delegacija Me\u0161ihata IZ-e u [&hellip;]","og_url":"https:\/\/sandzakpress.net\/arhiva\/u-prepunoj-sali-gazi-husrev-begove-biblioteke-odrzana-promocija-drevne-bosne\/","og_site_name":"Sand\u017eak PRESS","article_published_time":"2018-06-29T19:52:44+00:00","article_modified_time":"2018-06-30T16:42:28+00:00","og_image":[{"width":2048,"height":1365,"url":"https:\/\/sandzakpress.net\/arhiva\/wp-content\/uploads\/2018\/06\/4-11.jpg","type":"image\/jpeg"}],"author":"Agencija","twitter_card":"summary_large_image","twitter_misc":{"Written by":"Agencija","Est. reading time":"4 minute"},"schema":{"@context":"https:\/\/schema.org","@graph":[{"@type":"Article","@id":"https:\/\/sandzakpress.net\/arhiva\/u-prepunoj-sali-gazi-husrev-begove-biblioteke-odrzana-promocija-drevne-bosne\/#article","isPartOf":{"@id":"https:\/\/sandzakpress.net\/arhiva\/u-prepunoj-sali-gazi-husrev-begove-biblioteke-odrzana-promocija-drevne-bosne\/"},"author":{"name":"Agencija","@id":"https:\/\/sandzakpress.net\/arhiva\/#\/schema\/person\/cb59d7e3ab91ab90dd680ad0305a6185"},"headline":"U prepunoj sali Gazi Husrev-begove biblioteke odr\u017eana promocija \u201cDrevne Bosne\u201d","datePublished":"2018-06-29T19:52:44+00:00","dateModified":"2018-06-30T16:42:28+00:00","mainEntityOfPage":{"@id":"https:\/\/sandzakpress.net\/arhiva\/u-prepunoj-sali-gazi-husrev-begove-biblioteke-odrzana-promocija-drevne-bosne\/"},"wordCount":773,"commentCount":4,"publisher":{"@id":"https:\/\/sandzakpress.net\/arhiva\/#\/schema\/person\/6e72b67d6e51910a1117b3b483ba20bd"},"image":{"@id":"https:\/\/sandzakpress.net\/arhiva\/u-prepunoj-sali-gazi-husrev-begove-biblioteke-odrzana-promocija-drevne-bosne\/#primaryimage"},"thumbnailUrl":"https:\/\/sandzakpress.net\/arhiva\/wp-content\/uploads\/2018\/06\/4-11.jpg","keywords":["muftija Muamer Zukorli\u0107","BDZ"],"articleSection":["Novi Pazar","Nacija","Bosna i Hercegovina","VIJESTI DANA"],"inLanguage":"bs-BA","potentialAction":[{"@type":"CommentAction","name":"Comment","target":["https:\/\/sandzakpress.net\/arhiva\/u-prepunoj-sali-gazi-husrev-begove-biblioteke-odrzana-promocija-drevne-bosne\/#respond"]}]},{"@type":"WebPage","@id":"https:\/\/sandzakpress.net\/arhiva\/u-prepunoj-sali-gazi-husrev-begove-biblioteke-odrzana-promocija-drevne-bosne\/","url":"https:\/\/sandzakpress.net\/arhiva\/u-prepunoj-sali-gazi-husrev-begove-biblioteke-odrzana-promocija-drevne-bosne\/","name":"U prepunoj sali Gazi Husrev-begove biblioteke odr\u017eana promocija \u201cDrevne Bosne\u201d","isPartOf":{"@id":"https:\/\/sandzakpress.net\/arhiva\/#website"},"primaryImageOfPage":{"@id":"https:\/\/sandzakpress.net\/arhiva\/u-prepunoj-sali-gazi-husrev-begove-biblioteke-odrzana-promocija-drevne-bosne\/#primaryimage"},"image":{"@id":"https:\/\/sandzakpress.net\/arhiva\/u-prepunoj-sali-gazi-husrev-begove-biblioteke-odrzana-promocija-drevne-bosne\/#primaryimage"},"thumbnailUrl":"https:\/\/sandzakpress.net\/arhiva\/wp-content\/uploads\/2018\/06\/4-11.jpg","datePublished":"2018-06-29T19:52:44+00:00","dateModified":"2018-06-30T16:42:28+00:00","breadcrumb":{"@id":"https:\/\/sandzakpress.net\/arhiva\/u-prepunoj-sali-gazi-husrev-begove-biblioteke-odrzana-promocija-drevne-bosne\/#breadcrumb"},"inLanguage":"bs-BA","potentialAction":[{"@type":"ReadAction","target":["https:\/\/sandzakpress.net\/arhiva\/u-prepunoj-sali-gazi-husrev-begove-biblioteke-odrzana-promocija-drevne-bosne\/"]}]},{"@type":"ImageObject","inLanguage":"bs-BA","@id":"https:\/\/sandzakpress.net\/arhiva\/u-prepunoj-sali-gazi-husrev-begove-biblioteke-odrzana-promocija-drevne-bosne\/#primaryimage","url":"https:\/\/sandzakpress.net\/arhiva\/wp-content\/uploads\/2018\/06\/4-11.jpg","contentUrl":"https:\/\/sandzakpress.net\/arhiva\/wp-content\/uploads\/2018\/06\/4-11.jpg","width":2048,"height":1365},{"@type":"BreadcrumbList","@id":"https:\/\/sandzakpress.net\/arhiva\/u-prepunoj-sali-gazi-husrev-begove-biblioteke-odrzana-promocija-drevne-bosne\/#breadcrumb","itemListElement":[{"@type":"ListItem","position":1,"name":"Home","item":"https:\/\/sandzakpress.net\/arhiva\/"},{"@type":"ListItem","position":2,"name":"U prepunoj sali Gazi Husrev-begove biblioteke odr\u017eana promocija \u201cDrevne Bosne\u201d"}]},{"@type":"WebSite","@id":"https:\/\/sandzakpress.net\/arhiva\/#website","url":"https:\/\/sandzakpress.net\/arhiva\/","name":"Sand\u017eak PRESS","description":"Prve elektronske novine u Sand\u017eaku","publisher":{"@id":"https:\/\/sandzakpress.net\/arhiva\/#\/schema\/person\/6e72b67d6e51910a1117b3b483ba20bd"},"potentialAction":[{"@type":"SearchAction","target":{"@type":"EntryPoint","urlTemplate":"https:\/\/sandzakpress.net\/arhiva\/?s={search_term_string}"},"query-input":{"@type":"PropertyValueSpecification","valueRequired":true,"valueName":"search_term_string"}}],"inLanguage":"bs-BA"},{"@type":["Person","Organization"],"@id":"https:\/\/sandzakpress.net\/arhiva\/#\/schema\/person\/6e72b67d6e51910a1117b3b483ba20bd","name":"Kul","image":{"@type":"ImageObject","inLanguage":"bs-BA","@id":"https:\/\/sandzakpress.net\/arhiva\/#\/schema\/person\/image\/","url":"https:\/\/secure.gravatar.com\/avatar\/42263f39aa27ac04c43cab85c280eb2e?s=96&d=mm&r=pg","contentUrl":"https:\/\/secure.gravatar.com\/avatar\/42263f39aa27ac04c43cab85c280eb2e?s=96&d=mm&r=pg","caption":"Kul"},"logo":{"@id":"https:\/\/sandzakpress.net\/arhiva\/#\/schema\/person\/image\/"}},{"@type":"Person","@id":"https:\/\/sandzakpress.net\/arhiva\/#\/schema\/person\/cb59d7e3ab91ab90dd680ad0305a6185","name":"Agencija","image":{"@type":"ImageObject","inLanguage":"bs-BA","@id":"https:\/\/sandzakpress.net\/arhiva\/#\/schema\/person\/image\/","url":"https:\/\/secure.gravatar.com\/avatar\/4b7fafa80a22f0c2afe23966b3961fe0?s=96&d=mm&r=pg","contentUrl":"https:\/\/secure.gravatar.com\/avatar\/4b7fafa80a22f0c2afe23966b3961fe0?s=96&d=mm&r=pg","caption":"Agencija"},"url":"https:\/\/sandzakpress.net\/arhiva\/author\/agencija\/"}]}},"_links":{"self":[{"href":"https:\/\/sandzakpress.net\/arhiva\/wp-json\/wp\/v2\/posts\/208800"}],"collection":[{"href":"https:\/\/sandzakpress.net\/arhiva\/wp-json\/wp\/v2\/posts"}],"about":[{"href":"https:\/\/sandzakpress.net\/arhiva\/wp-json\/wp\/v2\/types\/post"}],"author":[{"embeddable":true,"href":"https:\/\/sandzakpress.net\/arhiva\/wp-json\/wp\/v2\/users\/509"}],"replies":[{"embeddable":true,"href":"https:\/\/sandzakpress.net\/arhiva\/wp-json\/wp\/v2\/comments?post=208800"}],"version-history":[{"count":0,"href":"https:\/\/sandzakpress.net\/arhiva\/wp-json\/wp\/v2\/posts\/208800\/revisions"}],"wp:featuredmedia":[{"embeddable":true,"href":"https:\/\/sandzakpress.net\/arhiva\/wp-json\/wp\/v2\/media\/208801"}],"wp:attachment":[{"href":"https:\/\/sandzakpress.net\/arhiva\/wp-json\/wp\/v2\/media?parent=208800"}],"wp:term":[{"taxonomy":"category","embeddable":true,"href":"https:\/\/sandzakpress.net\/arhiva\/wp-json\/wp\/v2\/categories?post=208800"},{"taxonomy":"post_tag","embeddable":true,"href":"https:\/\/sandzakpress.net\/arhiva\/wp-json\/wp\/v2\/tags?post=208800"}],"curies":[{"name":"wp","href":"https:\/\/api.w.org\/{rel}","templated":true}]}}