{"id":208726,"date":"2018-06-28T11:56:18","date_gmt":"2018-06-28T09:56:18","guid":{"rendered":"https:\/\/sandzakpress.net\/arhiva\/?p=208726"},"modified":"2018-06-28T11:56:18","modified_gmt":"2018-06-28T09:56:18","slug":"koja-majka-je-umrla-samo-da-nije-nasa","status":"publish","type":"post","link":"https:\/\/sandzakpress.net\/arhiva\/koja-majka-je-umrla-samo-da-nije-nasa\/","title":{"rendered":"\u201cKoja majka je umrla?! Samo da nije na\u0161a\u201d"},"content":{"rendered":"<p><img decoding=\"async\" src=\"http:\/\/www.vijesti.me\/media\/cache\/31\/7e\/317eff9043d84da74bc66607cb16a6e6.jpg\" alt=\"\u00e2\u0080\u009cKoja majka je umrla?! Samo da nije na\u00c5\u00a1a\u00e2\u0080\u009d\" \/><\/p>\n<p>Iako se u dijelu transkripata prislu\u0161kivanih telefonskih razgovora izme\u0111u sedmorice uhap\u0161enih u akciji \u201cAtrur\u201d rije\u010d droga ne pominje, tu\u017eiteljka Milica Rmandi\u0107 je kazala da se oni o tome govore u \u0161iframa.<\/p>\n<p>Ona je to izjavila ju\u010de u bjelopoljskom Vi\u0161em sudu, pred kojim se sedmo\u010dlanoj grupi sudi zbog kriminalnog udru\u017eivanja i neovla\u0161\u0107ene proizvodnje, dr\u017eanja i stavljanje u promet opojnih droga.<\/p>\n<p>Dragan Akovi\u0107 (42) ro\u0111en u Njema\u010dkoj, sa prebivali\u0161tem u Beranama, Emil Cirikovi\u0107(31) i Elvis Palavrti\u0107 (30) iz Plava, Sead Kurpejovi\u0107(30) iz Ro\u017eaja negirali su da su po\u010dinili djelo koje ime se stavlja na teret.<\/p>\n<p>Dragoljubu Davidovi\u0107u (49) iz Berana, i Ro\u017eajcima Elfadu Kurpejovi\u0107u (37) i Albinu Hotu (36) sudi se u odsustvu, zbog bjekstva.<\/p>\n<div class=\"ck_image_in_article ck_image_in_article--full100\"><picture data-alt=\"su\u0111enje Bijelo Polje\" data-default-src=\"\/media\/cache\/25\/f7\/25f7cf64a6cb5247593e240a47d57c7a.jpg?id=1000170&amp;width=480\"><source srcset=\"\/media\/cache\/2b\/5e\/2b5eeebd2a6adb97fa3b3ef38028722f.jpg?id=1000170&amp;width=960\" media=\"(min-width: 480px)\" \/><source srcset=\"\/media\/cache\/25\/f7\/25f7cf64a6cb5247593e240a47d57c7a.jpg?id=1000170&amp;width=480\" \/><\/picture>U dijelu razgovora snimljenim mjerama tajnog nadzora koji je ju\u010de preslu\u0161an, pominjane su \u201ccijene registracije\u201d, \u201cprocenti od registracije\u201d, \u201ckupovina \u2018pr\u0161ute\u2019 na kilograme\u201d, da \u201cdjeca hitno vrate auto\u201d.<\/div>\n<p>Dana 13. marta 2016. Cirikovi\u0107 je Kurpejovi\u0107u rekao da ne zna \u201ckada \u0107e krava da se povede, \u2018no\u0107as ili sjuta\u2019, ali da mora Kurpejovi\u0107 da je povede da se ne izjalovi, jer neko ko je to \u010dinio ne umije, a na pitanje Kurpejovi\u0107a da nije ne\u0161to falilo odgovara da nije.<\/p>\n<p>U razgovorima 24. marta Cirikovi\u0107 Kurpejovi\u0107u govori da treba da naprave ulaz i izlaz na \u201cauto\u201d, na \u0161ta mu ovaj odgovara da pozove \u201c\u017dutog\u201d. \u010cuje se kako Kurpejovi\u0107 govori Hotu da se odmah na\u0111u jer imaju \u201ckombinaciju\u201d. Nakon toga Sead Kurpejovi\u0107 poziva Hota da se na\u0111u, a zatim<\/p>\n<p>\u201c\u017dutog\u201d da mu ka\u017ee da mu je poslao dva \u201cpijetla\u201d. Tri dana kasnije Elfad Kurpejovi\u0107 obavje\u0161tava Hota da je \u201cjedno ono ostalo u gepeku\u201d i da to mora da vrati.<\/p>\n<div class=\"ck_image_in_article ck_image_in_article--full100\"><picture data-alt=\"su\u0111enje Bijelo Polje\" data-default-src=\"\/media\/cache\/8c\/26\/8c2685f43f36fa27d83375a8c04bd146.jpg?id=1000169&amp;width=480\"><source srcset=\"\/media\/cache\/ee\/67\/ee67bc2118b38894f84cbe9629353618.jpg?id=1000169&amp;width=960\" media=\"(min-width: 480px)\" \/><source srcset=\"\/media\/cache\/8c\/26\/8c2685f43f36fa27d83375a8c04bd146.jpg?id=1000169&amp;width=480\" \/><\/picture>Cirikovi\u0107 je objasnio da radi sa prodajom vozila i da se pri\u010da oko automobila ti\u010de prodaje i registracije vozila.<\/div>\n<p>Akovi\u0107 je, prema optu\u017enici, u decembru 2016. organizovao grupu \u010diji su pripadnici ostali optu\u017eeni, sa ciljem preprodaje droge. Dana 3. aprila pro\u0161le godine, Cirikovi\u0107, Palavrti\u0107 i Davidovi\u0107 su, od novca Akovi\u0107a, kupili 14617,11 grama marihuana, koju su potom predali Elfadu Kurpejovi\u0107u i<\/p>\n<p>Hotu da je prevezu do granice i predaju \u201c\u017dutom\u201d. Oni su \u201cfijatom bravo\u201d krenuli starim putem Ro\u017eaje -Tuti n, a Sead Kurpejovi\u0107 je svojim autom i\u0161ao ispred njih, radi provjere da li na putu ima policije. U prislu\u0161kivanim razgovorima se dogovaraju o tom putovanju, po\u0161to \u201cuzmu materijal iz ku\u0107e\u201d.<\/p>\n<p>U Grahovu ih je zaustavila policija, oni su pobjegli i odbacili ranac u kojem se nalazilo 9 pakovanja droge. Sead tada poziva Elfada i pita ga za\u0161to ne zovu, na \u0161ta mu ovaj odgovara da su \u201cpali\u201d, da pucaju na njih i da je namje\u0161taljka. Palavrti\u0107 pita Seada i \u201cda li se bori kao pas\u201d i \u201cda se nije ko razbolio\u201d, na \u0161ta ovaj odgovara da \u201cjesu on i Deksa i da ni\u0161ta ne valja\u201d.<\/p>\n<p>Poslije toga Palavrti\u0107 od Davidovi\u0107a tra\u017ei da mu se javi Dragan, nakon \u010dega mu saop\u0161tava: \u201cmajka je umrla\u201d. Akovi\u0107 ga pita \u201c koja majka, samo da nije na\u0161a\u201d, na \u0161ta mu Palavrti\u0107 odgovara \u201cna\u0161a\u201d.<\/p>\n<p>U autu je prona\u0111en jo\u0161 jedan d\u017eak sa 21 pakovanjem droge, zbog \u010dega su Elfad Kurpejovi\u0107 i Albin Hot pravosna\u017eno osu\u0111eni na po tri godine zatvora, zbog \u0161verca droge.<\/p>\n<p>Su\u0111enje se nastavlja 17. jula.<\/p>\n<p>(Vijesti)<\/p>\n","protected":false},"excerpt":{"rendered":"<p>Iako se u dijelu transkripata prislu\u0161kivanih telefonskih razgovora izme\u0111u sedmorice uhap\u0161enih u akciji \u201cAtrur\u201d rije\u010d droga ne pominje, tu\u017eiteljka Milica Rmandi\u0107 je kazala da se oni o tome govore u \u0161iframa. Ona je to izjavila ju\u010de u bjelopoljskom Vi\u0161em sudu, pred kojim se sedmo\u010dlanoj grupi sudi zbog kriminalnog udru\u017eivanja i neovla\u0161\u0107ene proizvodnje, dr\u017eanja i stavljanje [&hellip;]<\/p>\n","protected":false},"author":509,"featured_media":208737,"comment_status":"open","ping_status":"open","sticky":false,"template":"","format":"standard","meta":{"footnotes":""},"categories":[398,396,801],"tags":[],"class_list":{"0":"post-208726","1":"post","2":"type-post","3":"status-publish","4":"format-standard","5":"has-post-thumbnail","7":"category-rozaje","8":"category-bijelo_polje","9":"category-crna_hronika"},"yoast_head":"<!-- This site is optimized with the Yoast SEO Premium plugin v23.1 (Yoast SEO v24.9) - https:\/\/yoast.com\/wordpress\/plugins\/seo\/ -->\n<title>\u201cKoja majka je umrla?! Samo da nije na\u0161a\u201d<\/title>\n<meta name=\"robots\" content=\"index, follow, max-snippet:-1, max-image-preview:large, max-video-preview:-1\" \/>\n<link rel=\"canonical\" href=\"https:\/\/sandzakpress.net\/arhiva\/koja-majka-je-umrla-samo-da-nije-nasa\/\" \/>\n<meta property=\"og:locale\" content=\"bs_BA\" \/>\n<meta property=\"og:type\" content=\"article\" \/>\n<meta property=\"og:title\" content=\"\u201cKoja majka je umrla?! Samo da nije na\u0161a\u201d\" \/>\n<meta property=\"og:description\" content=\"Iako se u dijelu transkripata prislu\u0161kivanih telefonskih razgovora izme\u0111u sedmorice uhap\u0161enih u akciji \u201cAtrur\u201d rije\u010d droga ne pominje, tu\u017eiteljka Milica Rmandi\u0107 je kazala da se oni o tome govore u \u0161iframa. Ona je to izjavila ju\u010de u bjelopoljskom Vi\u0161em sudu, pred kojim se sedmo\u010dlanoj grupi sudi zbog kriminalnog udru\u017eivanja i neovla\u0161\u0107ene proizvodnje, dr\u017eanja i stavljanje [&hellip;]\" \/>\n<meta property=\"og:url\" content=\"https:\/\/sandzakpress.net\/arhiva\/koja-majka-je-umrla-samo-da-nije-nasa\/\" \/>\n<meta property=\"og:site_name\" content=\"Sand\u017eak PRESS\" \/>\n<meta property=\"article:published_time\" content=\"2018-06-28T09:56:18+00:00\" \/>\n<meta property=\"og:image\" content=\"https:\/\/sandzakpress.net\/arhiva\/wp-content\/uploads\/2018\/06\/317eff9043d84da74bc66607cb16a6e6.jpg\" \/>\n\t<meta property=\"og:image:width\" content=\"560\" \/>\n\t<meta property=\"og:image:height\" content=\"352\" \/>\n\t<meta property=\"og:image:type\" content=\"image\/jpeg\" \/>\n<meta name=\"author\" content=\"Agencija\" \/>\n<meta name=\"twitter:card\" content=\"summary_large_image\" \/>\n<meta name=\"twitter:label1\" content=\"Written by\" \/>\n\t<meta name=\"twitter:data1\" content=\"Agencija\" \/>\n\t<meta name=\"twitter:label2\" content=\"Est. reading time\" \/>\n\t<meta name=\"twitter:data2\" content=\"3 minute\" \/>\n<script type=\"application\/ld+json\" class=\"yoast-schema-graph\">{\"@context\":\"https:\/\/schema.org\",\"@graph\":[{\"@type\":\"Article\",\"@id\":\"https:\/\/sandzakpress.net\/arhiva\/koja-majka-je-umrla-samo-da-nije-nasa\/#article\",\"isPartOf\":{\"@id\":\"https:\/\/sandzakpress.net\/arhiva\/koja-majka-je-umrla-samo-da-nije-nasa\/\"},\"author\":{\"name\":\"Agencija\",\"@id\":\"https:\/\/sandzakpress.net\/arhiva\/#\/schema\/person\/cb59d7e3ab91ab90dd680ad0305a6185\"},\"headline\":\"\u201cKoja majka je umrla?! Samo da nije na\u0161a\u201d\",\"datePublished\":\"2018-06-28T09:56:18+00:00\",\"mainEntityOfPage\":{\"@id\":\"https:\/\/sandzakpress.net\/arhiva\/koja-majka-je-umrla-samo-da-nije-nasa\/\"},\"wordCount\":571,\"commentCount\":0,\"publisher\":{\"@id\":\"https:\/\/sandzakpress.net\/arhiva\/#\/schema\/person\/6e72b67d6e51910a1117b3b483ba20bd\"},\"image\":{\"@id\":\"https:\/\/sandzakpress.net\/arhiva\/koja-majka-je-umrla-samo-da-nije-nasa\/#primaryimage\"},\"thumbnailUrl\":\"https:\/\/sandzakpress.net\/arhiva\/wp-content\/uploads\/2018\/06\/317eff9043d84da74bc66607cb16a6e6.jpg\",\"articleSection\":[\"Ro\u017eaje\",\"Bijelo Polje\",\"Hronika\"],\"inLanguage\":\"bs-BA\",\"potentialAction\":[{\"@type\":\"CommentAction\",\"name\":\"Comment\",\"target\":[\"https:\/\/sandzakpress.net\/arhiva\/koja-majka-je-umrla-samo-da-nije-nasa\/#respond\"]}]},{\"@type\":\"WebPage\",\"@id\":\"https:\/\/sandzakpress.net\/arhiva\/koja-majka-je-umrla-samo-da-nije-nasa\/\",\"url\":\"https:\/\/sandzakpress.net\/arhiva\/koja-majka-je-umrla-samo-da-nije-nasa\/\",\"name\":\"\u201cKoja majka je umrla?! Samo da nije na\u0161a\u201d\",\"isPartOf\":{\"@id\":\"https:\/\/sandzakpress.net\/arhiva\/#website\"},\"primaryImageOfPage\":{\"@id\":\"https:\/\/sandzakpress.net\/arhiva\/koja-majka-je-umrla-samo-da-nije-nasa\/#primaryimage\"},\"image\":{\"@id\":\"https:\/\/sandzakpress.net\/arhiva\/koja-majka-je-umrla-samo-da-nije-nasa\/#primaryimage\"},\"thumbnailUrl\":\"https:\/\/sandzakpress.net\/arhiva\/wp-content\/uploads\/2018\/06\/317eff9043d84da74bc66607cb16a6e6.jpg\",\"datePublished\":\"2018-06-28T09:56:18+00:00\",\"breadcrumb\":{\"@id\":\"https:\/\/sandzakpress.net\/arhiva\/koja-majka-je-umrla-samo-da-nije-nasa\/#breadcrumb\"},\"inLanguage\":\"bs-BA\",\"potentialAction\":[{\"@type\":\"ReadAction\",\"target\":[\"https:\/\/sandzakpress.net\/arhiva\/koja-majka-je-umrla-samo-da-nije-nasa\/\"]}]},{\"@type\":\"ImageObject\",\"inLanguage\":\"bs-BA\",\"@id\":\"https:\/\/sandzakpress.net\/arhiva\/koja-majka-je-umrla-samo-da-nije-nasa\/#primaryimage\",\"url\":\"https:\/\/sandzakpress.net\/arhiva\/wp-content\/uploads\/2018\/06\/317eff9043d84da74bc66607cb16a6e6.jpg\",\"contentUrl\":\"https:\/\/sandzakpress.net\/arhiva\/wp-content\/uploads\/2018\/06\/317eff9043d84da74bc66607cb16a6e6.jpg\",\"width\":560,\"height\":352},{\"@type\":\"BreadcrumbList\",\"@id\":\"https:\/\/sandzakpress.net\/arhiva\/koja-majka-je-umrla-samo-da-nije-nasa\/#breadcrumb\",\"itemListElement\":[{\"@type\":\"ListItem\",\"position\":1,\"name\":\"Home\",\"item\":\"https:\/\/sandzakpress.net\/arhiva\/\"},{\"@type\":\"ListItem\",\"position\":2,\"name\":\"\u201cKoja majka je umrla?! Samo da nije na\u0161a\u201d\"}]},{\"@type\":\"WebSite\",\"@id\":\"https:\/\/sandzakpress.net\/arhiva\/#website\",\"url\":\"https:\/\/sandzakpress.net\/arhiva\/\",\"name\":\"Sand\u017eak PRESS\",\"description\":\"Prve elektronske novine u Sand\u017eaku\",\"publisher\":{\"@id\":\"https:\/\/sandzakpress.net\/arhiva\/#\/schema\/person\/6e72b67d6e51910a1117b3b483ba20bd\"},\"potentialAction\":[{\"@type\":\"SearchAction\",\"target\":{\"@type\":\"EntryPoint\",\"urlTemplate\":\"https:\/\/sandzakpress.net\/arhiva\/?s={search_term_string}\"},\"query-input\":{\"@type\":\"PropertyValueSpecification\",\"valueRequired\":true,\"valueName\":\"search_term_string\"}}],\"inLanguage\":\"bs-BA\"},{\"@type\":[\"Person\",\"Organization\"],\"@id\":\"https:\/\/sandzakpress.net\/arhiva\/#\/schema\/person\/6e72b67d6e51910a1117b3b483ba20bd\",\"name\":\"Kul\",\"image\":{\"@type\":\"ImageObject\",\"inLanguage\":\"bs-BA\",\"@id\":\"https:\/\/sandzakpress.net\/arhiva\/#\/schema\/person\/image\/\",\"url\":\"https:\/\/secure.gravatar.com\/avatar\/42263f39aa27ac04c43cab85c280eb2e?s=96&d=mm&r=pg\",\"contentUrl\":\"https:\/\/secure.gravatar.com\/avatar\/42263f39aa27ac04c43cab85c280eb2e?s=96&d=mm&r=pg\",\"caption\":\"Kul\"},\"logo\":{\"@id\":\"https:\/\/sandzakpress.net\/arhiva\/#\/schema\/person\/image\/\"}},{\"@type\":\"Person\",\"@id\":\"https:\/\/sandzakpress.net\/arhiva\/#\/schema\/person\/cb59d7e3ab91ab90dd680ad0305a6185\",\"name\":\"Agencija\",\"image\":{\"@type\":\"ImageObject\",\"inLanguage\":\"bs-BA\",\"@id\":\"https:\/\/sandzakpress.net\/arhiva\/#\/schema\/person\/image\/\",\"url\":\"https:\/\/secure.gravatar.com\/avatar\/4b7fafa80a22f0c2afe23966b3961fe0?s=96&d=mm&r=pg\",\"contentUrl\":\"https:\/\/secure.gravatar.com\/avatar\/4b7fafa80a22f0c2afe23966b3961fe0?s=96&d=mm&r=pg\",\"caption\":\"Agencija\"},\"url\":\"https:\/\/sandzakpress.net\/arhiva\/author\/agencija\/\"}]}<\/script>\n<!-- \/ Yoast SEO Premium plugin. -->","yoast_head_json":{"title":"\u201cKoja majka je umrla?! Samo da nije na\u0161a\u201d","robots":{"index":"index","follow":"follow","max-snippet":"max-snippet:-1","max-image-preview":"max-image-preview:large","max-video-preview":"max-video-preview:-1"},"canonical":"https:\/\/sandzakpress.net\/arhiva\/koja-majka-je-umrla-samo-da-nije-nasa\/","og_locale":"bs_BA","og_type":"article","og_title":"\u201cKoja majka je umrla?! Samo da nije na\u0161a\u201d","og_description":"Iako se u dijelu transkripata prislu\u0161kivanih telefonskih razgovora izme\u0111u sedmorice uhap\u0161enih u akciji \u201cAtrur\u201d rije\u010d droga ne pominje, tu\u017eiteljka Milica Rmandi\u0107 je kazala da se oni o tome govore u \u0161iframa. Ona je to izjavila ju\u010de u bjelopoljskom Vi\u0161em sudu, pred kojim se sedmo\u010dlanoj grupi sudi zbog kriminalnog udru\u017eivanja i neovla\u0161\u0107ene proizvodnje, dr\u017eanja i stavljanje [&hellip;]","og_url":"https:\/\/sandzakpress.net\/arhiva\/koja-majka-je-umrla-samo-da-nije-nasa\/","og_site_name":"Sand\u017eak PRESS","article_published_time":"2018-06-28T09:56:18+00:00","og_image":[{"width":560,"height":352,"url":"https:\/\/sandzakpress.net\/arhiva\/wp-content\/uploads\/2018\/06\/317eff9043d84da74bc66607cb16a6e6.jpg","type":"image\/jpeg"}],"author":"Agencija","twitter_card":"summary_large_image","twitter_misc":{"Written by":"Agencija","Est. reading time":"3 minute"},"schema":{"@context":"https:\/\/schema.org","@graph":[{"@type":"Article","@id":"https:\/\/sandzakpress.net\/arhiva\/koja-majka-je-umrla-samo-da-nije-nasa\/#article","isPartOf":{"@id":"https:\/\/sandzakpress.net\/arhiva\/koja-majka-je-umrla-samo-da-nije-nasa\/"},"author":{"name":"Agencija","@id":"https:\/\/sandzakpress.net\/arhiva\/#\/schema\/person\/cb59d7e3ab91ab90dd680ad0305a6185"},"headline":"\u201cKoja majka je umrla?! Samo da nije na\u0161a\u201d","datePublished":"2018-06-28T09:56:18+00:00","mainEntityOfPage":{"@id":"https:\/\/sandzakpress.net\/arhiva\/koja-majka-je-umrla-samo-da-nije-nasa\/"},"wordCount":571,"commentCount":0,"publisher":{"@id":"https:\/\/sandzakpress.net\/arhiva\/#\/schema\/person\/6e72b67d6e51910a1117b3b483ba20bd"},"image":{"@id":"https:\/\/sandzakpress.net\/arhiva\/koja-majka-je-umrla-samo-da-nije-nasa\/#primaryimage"},"thumbnailUrl":"https:\/\/sandzakpress.net\/arhiva\/wp-content\/uploads\/2018\/06\/317eff9043d84da74bc66607cb16a6e6.jpg","articleSection":["Ro\u017eaje","Bijelo Polje","Hronika"],"inLanguage":"bs-BA","potentialAction":[{"@type":"CommentAction","name":"Comment","target":["https:\/\/sandzakpress.net\/arhiva\/koja-majka-je-umrla-samo-da-nije-nasa\/#respond"]}]},{"@type":"WebPage","@id":"https:\/\/sandzakpress.net\/arhiva\/koja-majka-je-umrla-samo-da-nije-nasa\/","url":"https:\/\/sandzakpress.net\/arhiva\/koja-majka-je-umrla-samo-da-nije-nasa\/","name":"\u201cKoja majka je umrla?! Samo da nije na\u0161a\u201d","isPartOf":{"@id":"https:\/\/sandzakpress.net\/arhiva\/#website"},"primaryImageOfPage":{"@id":"https:\/\/sandzakpress.net\/arhiva\/koja-majka-je-umrla-samo-da-nije-nasa\/#primaryimage"},"image":{"@id":"https:\/\/sandzakpress.net\/arhiva\/koja-majka-je-umrla-samo-da-nije-nasa\/#primaryimage"},"thumbnailUrl":"https:\/\/sandzakpress.net\/arhiva\/wp-content\/uploads\/2018\/06\/317eff9043d84da74bc66607cb16a6e6.jpg","datePublished":"2018-06-28T09:56:18+00:00","breadcrumb":{"@id":"https:\/\/sandzakpress.net\/arhiva\/koja-majka-je-umrla-samo-da-nije-nasa\/#breadcrumb"},"inLanguage":"bs-BA","potentialAction":[{"@type":"ReadAction","target":["https:\/\/sandzakpress.net\/arhiva\/koja-majka-je-umrla-samo-da-nije-nasa\/"]}]},{"@type":"ImageObject","inLanguage":"bs-BA","@id":"https:\/\/sandzakpress.net\/arhiva\/koja-majka-je-umrla-samo-da-nije-nasa\/#primaryimage","url":"https:\/\/sandzakpress.net\/arhiva\/wp-content\/uploads\/2018\/06\/317eff9043d84da74bc66607cb16a6e6.jpg","contentUrl":"https:\/\/sandzakpress.net\/arhiva\/wp-content\/uploads\/2018\/06\/317eff9043d84da74bc66607cb16a6e6.jpg","width":560,"height":352},{"@type":"BreadcrumbList","@id":"https:\/\/sandzakpress.net\/arhiva\/koja-majka-je-umrla-samo-da-nije-nasa\/#breadcrumb","itemListElement":[{"@type":"ListItem","position":1,"name":"Home","item":"https:\/\/sandzakpress.net\/arhiva\/"},{"@type":"ListItem","position":2,"name":"\u201cKoja majka je umrla?! Samo da nije na\u0161a\u201d"}]},{"@type":"WebSite","@id":"https:\/\/sandzakpress.net\/arhiva\/#website","url":"https:\/\/sandzakpress.net\/arhiva\/","name":"Sand\u017eak PRESS","description":"Prve elektronske novine u Sand\u017eaku","publisher":{"@id":"https:\/\/sandzakpress.net\/arhiva\/#\/schema\/person\/6e72b67d6e51910a1117b3b483ba20bd"},"potentialAction":[{"@type":"SearchAction","target":{"@type":"EntryPoint","urlTemplate":"https:\/\/sandzakpress.net\/arhiva\/?s={search_term_string}"},"query-input":{"@type":"PropertyValueSpecification","valueRequired":true,"valueName":"search_term_string"}}],"inLanguage":"bs-BA"},{"@type":["Person","Organization"],"@id":"https:\/\/sandzakpress.net\/arhiva\/#\/schema\/person\/6e72b67d6e51910a1117b3b483ba20bd","name":"Kul","image":{"@type":"ImageObject","inLanguage":"bs-BA","@id":"https:\/\/sandzakpress.net\/arhiva\/#\/schema\/person\/image\/","url":"https:\/\/secure.gravatar.com\/avatar\/42263f39aa27ac04c43cab85c280eb2e?s=96&d=mm&r=pg","contentUrl":"https:\/\/secure.gravatar.com\/avatar\/42263f39aa27ac04c43cab85c280eb2e?s=96&d=mm&r=pg","caption":"Kul"},"logo":{"@id":"https:\/\/sandzakpress.net\/arhiva\/#\/schema\/person\/image\/"}},{"@type":"Person","@id":"https:\/\/sandzakpress.net\/arhiva\/#\/schema\/person\/cb59d7e3ab91ab90dd680ad0305a6185","name":"Agencija","image":{"@type":"ImageObject","inLanguage":"bs-BA","@id":"https:\/\/sandzakpress.net\/arhiva\/#\/schema\/person\/image\/","url":"https:\/\/secure.gravatar.com\/avatar\/4b7fafa80a22f0c2afe23966b3961fe0?s=96&d=mm&r=pg","contentUrl":"https:\/\/secure.gravatar.com\/avatar\/4b7fafa80a22f0c2afe23966b3961fe0?s=96&d=mm&r=pg","caption":"Agencija"},"url":"https:\/\/sandzakpress.net\/arhiva\/author\/agencija\/"}]}},"_links":{"self":[{"href":"https:\/\/sandzakpress.net\/arhiva\/wp-json\/wp\/v2\/posts\/208726"}],"collection":[{"href":"https:\/\/sandzakpress.net\/arhiva\/wp-json\/wp\/v2\/posts"}],"about":[{"href":"https:\/\/sandzakpress.net\/arhiva\/wp-json\/wp\/v2\/types\/post"}],"author":[{"embeddable":true,"href":"https:\/\/sandzakpress.net\/arhiva\/wp-json\/wp\/v2\/users\/509"}],"replies":[{"embeddable":true,"href":"https:\/\/sandzakpress.net\/arhiva\/wp-json\/wp\/v2\/comments?post=208726"}],"version-history":[{"count":0,"href":"https:\/\/sandzakpress.net\/arhiva\/wp-json\/wp\/v2\/posts\/208726\/revisions"}],"wp:featuredmedia":[{"embeddable":true,"href":"https:\/\/sandzakpress.net\/arhiva\/wp-json\/wp\/v2\/media\/208737"}],"wp:attachment":[{"href":"https:\/\/sandzakpress.net\/arhiva\/wp-json\/wp\/v2\/media?parent=208726"}],"wp:term":[{"taxonomy":"category","embeddable":true,"href":"https:\/\/sandzakpress.net\/arhiva\/wp-json\/wp\/v2\/categories?post=208726"},{"taxonomy":"post_tag","embeddable":true,"href":"https:\/\/sandzakpress.net\/arhiva\/wp-json\/wp\/v2\/tags?post=208726"}],"curies":[{"name":"wp","href":"https:\/\/api.w.org\/{rel}","templated":true}]}}