{"id":208634,"date":"2018-06-26T11:33:27","date_gmt":"2018-06-26T09:33:27","guid":{"rendered":"https:\/\/sandzakpress.net\/arhiva\/?p=208634"},"modified":"2018-06-26T11:33:27","modified_gmt":"2018-06-26T09:33:27","slug":"u-novi-saziv-turskog-parlamenta-uslo-i-nekoliko-politicara-bosnjaka","status":"publish","type":"post","link":"https:\/\/sandzakpress.net\/arhiva\/u-novi-saziv-turskog-parlamenta-uslo-i-nekoliko-politicara-bosnjaka\/","title":{"rendered":"U novi saziv turskog parlamenta u\u0161lo i nekoliko politi\u010dara Bo\u0161njaka"},"content":{"rendered":"<p><img decoding=\"async\" src=\"http:\/\/www.sandzacke.rs\/wp-content\/uploads\/2018\/06\/Saffet-Sancakli-696x469.jpg\" \/><\/p>\n<p><strong>Prvi rezultati parlamentarnih izbora u Turskoj pokazuju da \u0107e vlast i dalje \u010diniti AKP u koaliciji s nacionalisti\u010dkom strankom MHP. Opoziciju \u0107e predvoditi CHP, a zanimljivo je da je u novi saziv turskog parlamenta u\u0161lo i nekoliko politi\u010dara bo\u0161nja\u010dkog porijekla.<\/strong><\/p>\n<p>Ono \u0161to je zanimljivo jeste da su politi\u010dari koji su porijeklom Bo\u0161njaci zastupljeni u razli\u010ditim strankama.<\/p>\n<p>Tako je naprimjer u parlament u\u0161ao Erkan Bas, koji je \u010dlan prokurdske HDP. On je porijeklom Bo\u0161njak, koji je kao jugoslovenski imigrant do\u0161ao u Njema\u010dku. Ranije se prezivao Jusovi\u0107.<\/p>\n<p>U parlament je kao \u010dlan radikalnog nacionalisti\u010dkog MHP-a Saffet Sancakli. Ro\u0111en je u Tutinu, a i biv\u0161i je fudbaler koji je igrao za reprezentaciju Turske. Kao \u010dlan MHP-a obna\u0161a funkciju zamjenika na\u010delnika Op\u0107ine Kocaeli.<\/p>\n<p>U parlament je u\u0161ao i Cihangir Islam, koji je \u010dlan Saadet partije, koja je proislamska Erbakanova partija, i koja je u koaliciji sa CHP-om i Iyi partijom.<\/p>\n<p>Turski parlament nakon posljednjih ustavnih promjena ima 600 zastupnika.<\/p>\n<p>S druge strane treba ista\u0107i da su Turci u BiH najvi\u0161e glasali za Recepa Tayyipa Erdogana za predsjednika Turske, kao i za AKP.<\/p>\n<p>(Klix)<\/p>\n","protected":false},"excerpt":{"rendered":"<p>Prvi rezultati parlamentarnih izbora u Turskoj pokazuju da \u0107e vlast i dalje \u010diniti AKP u koaliciji s nacionalisti\u010dkom strankom MHP. Opoziciju \u0107e predvoditi CHP, a zanimljivo je da je u novi saziv turskog parlamenta u\u0161lo i nekoliko politi\u010dara bo\u0161nja\u010dkog porijekla. Ono \u0161to je zanimljivo jeste da su politi\u010dari koji su porijeklom Bo\u0161njaci zastupljeni u razli\u010ditim [&hellip;]<\/p>\n","protected":false},"author":509,"featured_media":208635,"comment_status":"open","ping_status":"open","sticky":false,"template":"","format":"standard","meta":{"footnotes":""},"categories":[1,8957,2692],"tags":[],"class_list":{"0":"post-208634","1":"post","2":"type-post","3":"status-publish","4":"format-standard","5":"has-post-thumbnail","7":"category-politika","8":"category-vijesti-dana","9":"category-turska-gradovi"},"yoast_head":"<!-- This site is optimized with the Yoast SEO Premium plugin v23.1 (Yoast SEO v24.9) - https:\/\/yoast.com\/wordpress\/plugins\/seo\/ -->\n<title>U novi saziv turskog parlamenta u\u0161lo i nekoliko politi\u010dara Bo\u0161njaka<\/title>\n<meta name=\"robots\" content=\"index, follow, max-snippet:-1, max-image-preview:large, max-video-preview:-1\" \/>\n<link rel=\"canonical\" href=\"https:\/\/sandzakpress.net\/arhiva\/u-novi-saziv-turskog-parlamenta-uslo-i-nekoliko-politicara-bosnjaka\/\" \/>\n<meta property=\"og:locale\" content=\"bs_BA\" \/>\n<meta property=\"og:type\" content=\"article\" \/>\n<meta property=\"og:title\" content=\"U novi saziv turskog parlamenta u\u0161lo i nekoliko politi\u010dara Bo\u0161njaka\" \/>\n<meta property=\"og:description\" content=\"Prvi rezultati parlamentarnih izbora u Turskoj pokazuju da \u0107e vlast i dalje \u010diniti AKP u koaliciji s nacionalisti\u010dkom strankom MHP. Opoziciju \u0107e predvoditi CHP, a zanimljivo je da je u novi saziv turskog parlamenta u\u0161lo i nekoliko politi\u010dara bo\u0161nja\u010dkog porijekla. Ono \u0161to je zanimljivo jeste da su politi\u010dari koji su porijeklom Bo\u0161njaci zastupljeni u razli\u010ditim [&hellip;]\" \/>\n<meta property=\"og:url\" content=\"https:\/\/sandzakpress.net\/arhiva\/u-novi-saziv-turskog-parlamenta-uslo-i-nekoliko-politicara-bosnjaka\/\" \/>\n<meta property=\"og:site_name\" content=\"Sand\u017eak PRESS\" \/>\n<meta property=\"article:published_time\" content=\"2018-06-26T09:33:27+00:00\" \/>\n<meta property=\"og:image\" content=\"https:\/\/sandzakpress.net\/arhiva\/wp-content\/uploads\/2018\/06\/Saffet-Sancakli-696x469.jpg\" \/>\n\t<meta property=\"og:image:width\" content=\"696\" \/>\n\t<meta property=\"og:image:height\" content=\"469\" \/>\n\t<meta property=\"og:image:type\" content=\"image\/jpeg\" \/>\n<meta name=\"author\" content=\"Agencija\" \/>\n<meta name=\"twitter:card\" content=\"summary_large_image\" \/>\n<meta name=\"twitter:label1\" content=\"Written by\" \/>\n\t<meta name=\"twitter:data1\" content=\"Agencija\" \/>\n\t<meta name=\"twitter:label2\" content=\"Est. reading time\" \/>\n\t<meta name=\"twitter:data2\" content=\"1 minuta\" \/>\n<script type=\"application\/ld+json\" class=\"yoast-schema-graph\">{\"@context\":\"https:\/\/schema.org\",\"@graph\":[{\"@type\":\"Article\",\"@id\":\"https:\/\/sandzakpress.net\/arhiva\/u-novi-saziv-turskog-parlamenta-uslo-i-nekoliko-politicara-bosnjaka\/#article\",\"isPartOf\":{\"@id\":\"https:\/\/sandzakpress.net\/arhiva\/u-novi-saziv-turskog-parlamenta-uslo-i-nekoliko-politicara-bosnjaka\/\"},\"author\":{\"name\":\"Agencija\",\"@id\":\"https:\/\/sandzakpress.net\/arhiva\/#\/schema\/person\/cb59d7e3ab91ab90dd680ad0305a6185\"},\"headline\":\"U novi saziv turskog parlamenta u\u0161lo i nekoliko politi\u010dara Bo\u0161njaka\",\"datePublished\":\"2018-06-26T09:33:27+00:00\",\"mainEntityOfPage\":{\"@id\":\"https:\/\/sandzakpress.net\/arhiva\/u-novi-saziv-turskog-parlamenta-uslo-i-nekoliko-politicara-bosnjaka\/\"},\"wordCount\":212,\"commentCount\":6,\"publisher\":{\"@id\":\"https:\/\/sandzakpress.net\/arhiva\/#\/schema\/person\/6e72b67d6e51910a1117b3b483ba20bd\"},\"image\":{\"@id\":\"https:\/\/sandzakpress.net\/arhiva\/u-novi-saziv-turskog-parlamenta-uslo-i-nekoliko-politicara-bosnjaka\/#primaryimage\"},\"thumbnailUrl\":\"https:\/\/sandzakpress.net\/arhiva\/wp-content\/uploads\/2018\/06\/Saffet-Sancakli-696x469.jpg\",\"articleSection\":[\"Politika\",\"VIJESTI DANA\",\"Turska\"],\"inLanguage\":\"bs-BA\",\"potentialAction\":[{\"@type\":\"CommentAction\",\"name\":\"Comment\",\"target\":[\"https:\/\/sandzakpress.net\/arhiva\/u-novi-saziv-turskog-parlamenta-uslo-i-nekoliko-politicara-bosnjaka\/#respond\"]}]},{\"@type\":\"WebPage\",\"@id\":\"https:\/\/sandzakpress.net\/arhiva\/u-novi-saziv-turskog-parlamenta-uslo-i-nekoliko-politicara-bosnjaka\/\",\"url\":\"https:\/\/sandzakpress.net\/arhiva\/u-novi-saziv-turskog-parlamenta-uslo-i-nekoliko-politicara-bosnjaka\/\",\"name\":\"U novi saziv turskog parlamenta u\u0161lo i nekoliko politi\u010dara Bo\u0161njaka\",\"isPartOf\":{\"@id\":\"https:\/\/sandzakpress.net\/arhiva\/#website\"},\"primaryImageOfPage\":{\"@id\":\"https:\/\/sandzakpress.net\/arhiva\/u-novi-saziv-turskog-parlamenta-uslo-i-nekoliko-politicara-bosnjaka\/#primaryimage\"},\"image\":{\"@id\":\"https:\/\/sandzakpress.net\/arhiva\/u-novi-saziv-turskog-parlamenta-uslo-i-nekoliko-politicara-bosnjaka\/#primaryimage\"},\"thumbnailUrl\":\"https:\/\/sandzakpress.net\/arhiva\/wp-content\/uploads\/2018\/06\/Saffet-Sancakli-696x469.jpg\",\"datePublished\":\"2018-06-26T09:33:27+00:00\",\"breadcrumb\":{\"@id\":\"https:\/\/sandzakpress.net\/arhiva\/u-novi-saziv-turskog-parlamenta-uslo-i-nekoliko-politicara-bosnjaka\/#breadcrumb\"},\"inLanguage\":\"bs-BA\",\"potentialAction\":[{\"@type\":\"ReadAction\",\"target\":[\"https:\/\/sandzakpress.net\/arhiva\/u-novi-saziv-turskog-parlamenta-uslo-i-nekoliko-politicara-bosnjaka\/\"]}]},{\"@type\":\"ImageObject\",\"inLanguage\":\"bs-BA\",\"@id\":\"https:\/\/sandzakpress.net\/arhiva\/u-novi-saziv-turskog-parlamenta-uslo-i-nekoliko-politicara-bosnjaka\/#primaryimage\",\"url\":\"https:\/\/sandzakpress.net\/arhiva\/wp-content\/uploads\/2018\/06\/Saffet-Sancakli-696x469.jpg\",\"contentUrl\":\"https:\/\/sandzakpress.net\/arhiva\/wp-content\/uploads\/2018\/06\/Saffet-Sancakli-696x469.jpg\",\"width\":696,\"height\":469},{\"@type\":\"BreadcrumbList\",\"@id\":\"https:\/\/sandzakpress.net\/arhiva\/u-novi-saziv-turskog-parlamenta-uslo-i-nekoliko-politicara-bosnjaka\/#breadcrumb\",\"itemListElement\":[{\"@type\":\"ListItem\",\"position\":1,\"name\":\"Home\",\"item\":\"https:\/\/sandzakpress.net\/arhiva\/\"},{\"@type\":\"ListItem\",\"position\":2,\"name\":\"U novi saziv turskog parlamenta u\u0161lo i nekoliko politi\u010dara Bo\u0161njaka\"}]},{\"@type\":\"WebSite\",\"@id\":\"https:\/\/sandzakpress.net\/arhiva\/#website\",\"url\":\"https:\/\/sandzakpress.net\/arhiva\/\",\"name\":\"Sand\u017eak PRESS\",\"description\":\"Prve elektronske novine u Sand\u017eaku\",\"publisher\":{\"@id\":\"https:\/\/sandzakpress.net\/arhiva\/#\/schema\/person\/6e72b67d6e51910a1117b3b483ba20bd\"},\"potentialAction\":[{\"@type\":\"SearchAction\",\"target\":{\"@type\":\"EntryPoint\",\"urlTemplate\":\"https:\/\/sandzakpress.net\/arhiva\/?s={search_term_string}\"},\"query-input\":{\"@type\":\"PropertyValueSpecification\",\"valueRequired\":true,\"valueName\":\"search_term_string\"}}],\"inLanguage\":\"bs-BA\"},{\"@type\":[\"Person\",\"Organization\"],\"@id\":\"https:\/\/sandzakpress.net\/arhiva\/#\/schema\/person\/6e72b67d6e51910a1117b3b483ba20bd\",\"name\":\"Kul\",\"image\":{\"@type\":\"ImageObject\",\"inLanguage\":\"bs-BA\",\"@id\":\"https:\/\/sandzakpress.net\/arhiva\/#\/schema\/person\/image\/\",\"url\":\"https:\/\/secure.gravatar.com\/avatar\/42263f39aa27ac04c43cab85c280eb2e?s=96&d=mm&r=pg\",\"contentUrl\":\"https:\/\/secure.gravatar.com\/avatar\/42263f39aa27ac04c43cab85c280eb2e?s=96&d=mm&r=pg\",\"caption\":\"Kul\"},\"logo\":{\"@id\":\"https:\/\/sandzakpress.net\/arhiva\/#\/schema\/person\/image\/\"}},{\"@type\":\"Person\",\"@id\":\"https:\/\/sandzakpress.net\/arhiva\/#\/schema\/person\/cb59d7e3ab91ab90dd680ad0305a6185\",\"name\":\"Agencija\",\"image\":{\"@type\":\"ImageObject\",\"inLanguage\":\"bs-BA\",\"@id\":\"https:\/\/sandzakpress.net\/arhiva\/#\/schema\/person\/image\/\",\"url\":\"https:\/\/secure.gravatar.com\/avatar\/4b7fafa80a22f0c2afe23966b3961fe0?s=96&d=mm&r=pg\",\"contentUrl\":\"https:\/\/secure.gravatar.com\/avatar\/4b7fafa80a22f0c2afe23966b3961fe0?s=96&d=mm&r=pg\",\"caption\":\"Agencija\"},\"url\":\"https:\/\/sandzakpress.net\/arhiva\/author\/agencija\/\"}]}<\/script>\n<!-- \/ Yoast SEO Premium plugin. -->","yoast_head_json":{"title":"U novi saziv turskog parlamenta u\u0161lo i nekoliko politi\u010dara Bo\u0161njaka","robots":{"index":"index","follow":"follow","max-snippet":"max-snippet:-1","max-image-preview":"max-image-preview:large","max-video-preview":"max-video-preview:-1"},"canonical":"https:\/\/sandzakpress.net\/arhiva\/u-novi-saziv-turskog-parlamenta-uslo-i-nekoliko-politicara-bosnjaka\/","og_locale":"bs_BA","og_type":"article","og_title":"U novi saziv turskog parlamenta u\u0161lo i nekoliko politi\u010dara Bo\u0161njaka","og_description":"Prvi rezultati parlamentarnih izbora u Turskoj pokazuju da \u0107e vlast i dalje \u010diniti AKP u koaliciji s nacionalisti\u010dkom strankom MHP. Opoziciju \u0107e predvoditi CHP, a zanimljivo je da je u novi saziv turskog parlamenta u\u0161lo i nekoliko politi\u010dara bo\u0161nja\u010dkog porijekla. Ono \u0161to je zanimljivo jeste da su politi\u010dari koji su porijeklom Bo\u0161njaci zastupljeni u razli\u010ditim [&hellip;]","og_url":"https:\/\/sandzakpress.net\/arhiva\/u-novi-saziv-turskog-parlamenta-uslo-i-nekoliko-politicara-bosnjaka\/","og_site_name":"Sand\u017eak PRESS","article_published_time":"2018-06-26T09:33:27+00:00","og_image":[{"width":696,"height":469,"url":"https:\/\/sandzakpress.net\/arhiva\/wp-content\/uploads\/2018\/06\/Saffet-Sancakli-696x469.jpg","type":"image\/jpeg"}],"author":"Agencija","twitter_card":"summary_large_image","twitter_misc":{"Written by":"Agencija","Est. reading time":"1 minuta"},"schema":{"@context":"https:\/\/schema.org","@graph":[{"@type":"Article","@id":"https:\/\/sandzakpress.net\/arhiva\/u-novi-saziv-turskog-parlamenta-uslo-i-nekoliko-politicara-bosnjaka\/#article","isPartOf":{"@id":"https:\/\/sandzakpress.net\/arhiva\/u-novi-saziv-turskog-parlamenta-uslo-i-nekoliko-politicara-bosnjaka\/"},"author":{"name":"Agencija","@id":"https:\/\/sandzakpress.net\/arhiva\/#\/schema\/person\/cb59d7e3ab91ab90dd680ad0305a6185"},"headline":"U novi saziv turskog parlamenta u\u0161lo i nekoliko politi\u010dara Bo\u0161njaka","datePublished":"2018-06-26T09:33:27+00:00","mainEntityOfPage":{"@id":"https:\/\/sandzakpress.net\/arhiva\/u-novi-saziv-turskog-parlamenta-uslo-i-nekoliko-politicara-bosnjaka\/"},"wordCount":212,"commentCount":6,"publisher":{"@id":"https:\/\/sandzakpress.net\/arhiva\/#\/schema\/person\/6e72b67d6e51910a1117b3b483ba20bd"},"image":{"@id":"https:\/\/sandzakpress.net\/arhiva\/u-novi-saziv-turskog-parlamenta-uslo-i-nekoliko-politicara-bosnjaka\/#primaryimage"},"thumbnailUrl":"https:\/\/sandzakpress.net\/arhiva\/wp-content\/uploads\/2018\/06\/Saffet-Sancakli-696x469.jpg","articleSection":["Politika","VIJESTI DANA","Turska"],"inLanguage":"bs-BA","potentialAction":[{"@type":"CommentAction","name":"Comment","target":["https:\/\/sandzakpress.net\/arhiva\/u-novi-saziv-turskog-parlamenta-uslo-i-nekoliko-politicara-bosnjaka\/#respond"]}]},{"@type":"WebPage","@id":"https:\/\/sandzakpress.net\/arhiva\/u-novi-saziv-turskog-parlamenta-uslo-i-nekoliko-politicara-bosnjaka\/","url":"https:\/\/sandzakpress.net\/arhiva\/u-novi-saziv-turskog-parlamenta-uslo-i-nekoliko-politicara-bosnjaka\/","name":"U novi saziv turskog parlamenta u\u0161lo i nekoliko politi\u010dara Bo\u0161njaka","isPartOf":{"@id":"https:\/\/sandzakpress.net\/arhiva\/#website"},"primaryImageOfPage":{"@id":"https:\/\/sandzakpress.net\/arhiva\/u-novi-saziv-turskog-parlamenta-uslo-i-nekoliko-politicara-bosnjaka\/#primaryimage"},"image":{"@id":"https:\/\/sandzakpress.net\/arhiva\/u-novi-saziv-turskog-parlamenta-uslo-i-nekoliko-politicara-bosnjaka\/#primaryimage"},"thumbnailUrl":"https:\/\/sandzakpress.net\/arhiva\/wp-content\/uploads\/2018\/06\/Saffet-Sancakli-696x469.jpg","datePublished":"2018-06-26T09:33:27+00:00","breadcrumb":{"@id":"https:\/\/sandzakpress.net\/arhiva\/u-novi-saziv-turskog-parlamenta-uslo-i-nekoliko-politicara-bosnjaka\/#breadcrumb"},"inLanguage":"bs-BA","potentialAction":[{"@type":"ReadAction","target":["https:\/\/sandzakpress.net\/arhiva\/u-novi-saziv-turskog-parlamenta-uslo-i-nekoliko-politicara-bosnjaka\/"]}]},{"@type":"ImageObject","inLanguage":"bs-BA","@id":"https:\/\/sandzakpress.net\/arhiva\/u-novi-saziv-turskog-parlamenta-uslo-i-nekoliko-politicara-bosnjaka\/#primaryimage","url":"https:\/\/sandzakpress.net\/arhiva\/wp-content\/uploads\/2018\/06\/Saffet-Sancakli-696x469.jpg","contentUrl":"https:\/\/sandzakpress.net\/arhiva\/wp-content\/uploads\/2018\/06\/Saffet-Sancakli-696x469.jpg","width":696,"height":469},{"@type":"BreadcrumbList","@id":"https:\/\/sandzakpress.net\/arhiva\/u-novi-saziv-turskog-parlamenta-uslo-i-nekoliko-politicara-bosnjaka\/#breadcrumb","itemListElement":[{"@type":"ListItem","position":1,"name":"Home","item":"https:\/\/sandzakpress.net\/arhiva\/"},{"@type":"ListItem","position":2,"name":"U novi saziv turskog parlamenta u\u0161lo i nekoliko politi\u010dara Bo\u0161njaka"}]},{"@type":"WebSite","@id":"https:\/\/sandzakpress.net\/arhiva\/#website","url":"https:\/\/sandzakpress.net\/arhiva\/","name":"Sand\u017eak PRESS","description":"Prve elektronske novine u Sand\u017eaku","publisher":{"@id":"https:\/\/sandzakpress.net\/arhiva\/#\/schema\/person\/6e72b67d6e51910a1117b3b483ba20bd"},"potentialAction":[{"@type":"SearchAction","target":{"@type":"EntryPoint","urlTemplate":"https:\/\/sandzakpress.net\/arhiva\/?s={search_term_string}"},"query-input":{"@type":"PropertyValueSpecification","valueRequired":true,"valueName":"search_term_string"}}],"inLanguage":"bs-BA"},{"@type":["Person","Organization"],"@id":"https:\/\/sandzakpress.net\/arhiva\/#\/schema\/person\/6e72b67d6e51910a1117b3b483ba20bd","name":"Kul","image":{"@type":"ImageObject","inLanguage":"bs-BA","@id":"https:\/\/sandzakpress.net\/arhiva\/#\/schema\/person\/image\/","url":"https:\/\/secure.gravatar.com\/avatar\/42263f39aa27ac04c43cab85c280eb2e?s=96&d=mm&r=pg","contentUrl":"https:\/\/secure.gravatar.com\/avatar\/42263f39aa27ac04c43cab85c280eb2e?s=96&d=mm&r=pg","caption":"Kul"},"logo":{"@id":"https:\/\/sandzakpress.net\/arhiva\/#\/schema\/person\/image\/"}},{"@type":"Person","@id":"https:\/\/sandzakpress.net\/arhiva\/#\/schema\/person\/cb59d7e3ab91ab90dd680ad0305a6185","name":"Agencija","image":{"@type":"ImageObject","inLanguage":"bs-BA","@id":"https:\/\/sandzakpress.net\/arhiva\/#\/schema\/person\/image\/","url":"https:\/\/secure.gravatar.com\/avatar\/4b7fafa80a22f0c2afe23966b3961fe0?s=96&d=mm&r=pg","contentUrl":"https:\/\/secure.gravatar.com\/avatar\/4b7fafa80a22f0c2afe23966b3961fe0?s=96&d=mm&r=pg","caption":"Agencija"},"url":"https:\/\/sandzakpress.net\/arhiva\/author\/agencija\/"}]}},"_links":{"self":[{"href":"https:\/\/sandzakpress.net\/arhiva\/wp-json\/wp\/v2\/posts\/208634"}],"collection":[{"href":"https:\/\/sandzakpress.net\/arhiva\/wp-json\/wp\/v2\/posts"}],"about":[{"href":"https:\/\/sandzakpress.net\/arhiva\/wp-json\/wp\/v2\/types\/post"}],"author":[{"embeddable":true,"href":"https:\/\/sandzakpress.net\/arhiva\/wp-json\/wp\/v2\/users\/509"}],"replies":[{"embeddable":true,"href":"https:\/\/sandzakpress.net\/arhiva\/wp-json\/wp\/v2\/comments?post=208634"}],"version-history":[{"count":0,"href":"https:\/\/sandzakpress.net\/arhiva\/wp-json\/wp\/v2\/posts\/208634\/revisions"}],"wp:featuredmedia":[{"embeddable":true,"href":"https:\/\/sandzakpress.net\/arhiva\/wp-json\/wp\/v2\/media\/208635"}],"wp:attachment":[{"href":"https:\/\/sandzakpress.net\/arhiva\/wp-json\/wp\/v2\/media?parent=208634"}],"wp:term":[{"taxonomy":"category","embeddable":true,"href":"https:\/\/sandzakpress.net\/arhiva\/wp-json\/wp\/v2\/categories?post=208634"},{"taxonomy":"post_tag","embeddable":true,"href":"https:\/\/sandzakpress.net\/arhiva\/wp-json\/wp\/v2\/tags?post=208634"}],"curies":[{"name":"wp","href":"https:\/\/api.w.org\/{rel}","templated":true}]}}