{"id":2085,"date":"2010-02-10T13:59:15","date_gmt":"2010-02-10T12:59:15","guid":{"rendered":"https:\/\/sandzakpress.net\/arhiva\/?p=2085"},"modified":"2010-02-10T13:59:15","modified_gmt":"2010-02-10T12:59:15","slug":"u-lavinama-u-avganistanu-157-mrtvih","status":"publish","type":"post","link":"https:\/\/sandzakpress.net\/arhiva\/u-lavinama-u-avganistanu-157-mrtvih\/","title":{"rendered":"U lavinama u Avganistanu 157 mrtvih"},"content":{"rendered":"<p><strong><a href=\"https:\/\/sandzakpress.net\/arhiva\/wp-content\/uploads\/2010\/02\/lavina_130x55.jpg\"><img loading=\"lazy\" decoding=\"async\" class=\"alignleft size-full wp-image-2086\" title=\"lavina_130x55\" src=\"https:\/\/sandzakpress.net\/arhiva\/wp-content\/uploads\/2010\/02\/lavina_130x55.jpg\" alt=\"\" width=\"130\" height=\"55\" \/><\/a>Avganistan &#8211; U vi\u0161e snje\u017enih lavina koje su ove nedjelje pogodile Avganistan poginulo je 157 ljudi, saop\u0161tilo je Ministarstvo unutra\u0161njih poslova.<\/strong><\/p>\n<p>Portparol tog ministarstva Zemeri Ba\u0161ari rekao je da su spasioci izvukli tijela 157 ljudi iz lavine koja je blokirala planinski prijelaz Salang, koji povezuje avganistansku prestonicu Kabul sa severom zemlje.<\/p>\n<p>Ba\u0161ari je dodao da su specijalne slu\u017ebe ra\u0161\u010distile 2,5 kilometra puta za prolaz kola hitne pomo\u0107i, buldo\u017eera i druge opreme, kao i da je do sada spa\u0161eno 2.600 ljudi.<\/p>\n<p>Serija lavina, koje su po\u010dele u ponedjeljak, na planinskom prelazu na visini od 3.800 metara, blokirale su puteve, a hiljade ljudi je ostalo zarobljeno u svojim vozilima.<\/p>\n<p>Izvor:<strong> RTV.rs<\/strong><\/p>\n","protected":false},"excerpt":{"rendered":"<p>Avganistan &#8211; U vi\u0161e snje\u017enih lavina koje su ove nedjelje pogodile Avganistan poginulo je 157 ljudi, saop\u0161tilo je Ministarstvo unutra\u0161njih poslova. Portparol tog ministarstva Zemeri Ba\u0161ari rekao je da su spasioci izvukli tijela 157 ljudi iz lavine koja je blokirala planinski prijelaz Salang, koji povezuje avganistansku prestonicu Kabul sa severom zemlje. Ba\u0161ari je dodao da [&hellip;]<\/p>\n","protected":false},"author":83,"featured_media":2086,"comment_status":"open","ping_status":"open","sticky":false,"template":"","format":"standard","meta":{"footnotes":""},"categories":[9],"tags":[],"class_list":{"0":"post-2085","1":"post","2":"type-post","3":"status-publish","4":"format-standard","5":"has-post-thumbnail","7":"category-svijet"},"yoast_head":"<!-- This site is optimized with the Yoast SEO Premium plugin v23.1 (Yoast SEO v24.9) - https:\/\/yoast.com\/wordpress\/plugins\/seo\/ -->\n<title>U lavinama u Avganistanu 157 mrtvih<\/title>\n<meta name=\"robots\" content=\"index, follow, max-snippet:-1, max-image-preview:large, max-video-preview:-1\" \/>\n<link rel=\"canonical\" href=\"https:\/\/sandzakpress.net\/arhiva\/u-lavinama-u-avganistanu-157-mrtvih\/\" \/>\n<meta property=\"og:locale\" content=\"bs_BA\" \/>\n<meta property=\"og:type\" content=\"article\" \/>\n<meta property=\"og:title\" content=\"U lavinama u Avganistanu 157 mrtvih\" \/>\n<meta property=\"og:description\" content=\"Avganistan &#8211; U vi\u0161e snje\u017enih lavina koje su ove nedjelje pogodile Avganistan poginulo je 157 ljudi, saop\u0161tilo je Ministarstvo unutra\u0161njih poslova. Portparol tog ministarstva Zemeri Ba\u0161ari rekao je da su spasioci izvukli tijela 157 ljudi iz lavine koja je blokirala planinski prijelaz Salang, koji povezuje avganistansku prestonicu Kabul sa severom zemlje. Ba\u0161ari je dodao da [&hellip;]\" \/>\n<meta property=\"og:url\" content=\"https:\/\/sandzakpress.net\/arhiva\/u-lavinama-u-avganistanu-157-mrtvih\/\" \/>\n<meta property=\"og:site_name\" content=\"Sand\u017eak PRESS\" \/>\n<meta property=\"article:published_time\" content=\"2010-02-10T12:59:15+00:00\" \/>\n<meta property=\"og:image\" content=\"https:\/\/sandzakpress.net\/arhiva\/wp-content\/uploads\/2010\/02\/lavina_130x55.jpg\" \/>\n\t<meta property=\"og:image:width\" content=\"130\" \/>\n\t<meta property=\"og:image:height\" content=\"55\" \/>\n\t<meta property=\"og:image:type\" content=\"image\/jpeg\" \/>\n<meta name=\"author\" content=\"bosniak\" \/>\n<meta name=\"twitter:card\" content=\"summary_large_image\" \/>\n<meta name=\"twitter:label1\" content=\"Written by\" \/>\n\t<meta name=\"twitter:data1\" content=\"bosniak\" \/>\n\t<meta name=\"twitter:label2\" content=\"Est. reading time\" \/>\n\t<meta name=\"twitter:data2\" content=\"1 minuta\" \/>\n<script type=\"application\/ld+json\" class=\"yoast-schema-graph\">{\"@context\":\"https:\/\/schema.org\",\"@graph\":[{\"@type\":\"Article\",\"@id\":\"https:\/\/sandzakpress.net\/arhiva\/u-lavinama-u-avganistanu-157-mrtvih\/#article\",\"isPartOf\":{\"@id\":\"https:\/\/sandzakpress.net\/arhiva\/u-lavinama-u-avganistanu-157-mrtvih\/\"},\"author\":{\"name\":\"bosniak\",\"@id\":\"https:\/\/sandzakpress.net\/arhiva\/#\/schema\/person\/c8baee722073534b583ea7bdb2e36c02\"},\"headline\":\"U lavinama u Avganistanu 157 mrtvih\",\"datePublished\":\"2010-02-10T12:59:15+00:00\",\"mainEntityOfPage\":{\"@id\":\"https:\/\/sandzakpress.net\/arhiva\/u-lavinama-u-avganistanu-157-mrtvih\/\"},\"wordCount\":122,\"commentCount\":0,\"publisher\":{\"@id\":\"https:\/\/sandzakpress.net\/arhiva\/#\/schema\/person\/6e72b67d6e51910a1117b3b483ba20bd\"},\"image\":{\"@id\":\"https:\/\/sandzakpress.net\/arhiva\/u-lavinama-u-avganistanu-157-mrtvih\/#primaryimage\"},\"thumbnailUrl\":\"https:\/\/sandzakpress.net\/arhiva\/wp-content\/uploads\/2010\/02\/lavina_130x55.jpg\",\"articleSection\":[\"Svijet\"],\"inLanguage\":\"bs-BA\",\"potentialAction\":[{\"@type\":\"CommentAction\",\"name\":\"Comment\",\"target\":[\"https:\/\/sandzakpress.net\/arhiva\/u-lavinama-u-avganistanu-157-mrtvih\/#respond\"]}]},{\"@type\":\"WebPage\",\"@id\":\"https:\/\/sandzakpress.net\/arhiva\/u-lavinama-u-avganistanu-157-mrtvih\/\",\"url\":\"https:\/\/sandzakpress.net\/arhiva\/u-lavinama-u-avganistanu-157-mrtvih\/\",\"name\":\"U lavinama u Avganistanu 157 mrtvih\",\"isPartOf\":{\"@id\":\"https:\/\/sandzakpress.net\/arhiva\/#website\"},\"primaryImageOfPage\":{\"@id\":\"https:\/\/sandzakpress.net\/arhiva\/u-lavinama-u-avganistanu-157-mrtvih\/#primaryimage\"},\"image\":{\"@id\":\"https:\/\/sandzakpress.net\/arhiva\/u-lavinama-u-avganistanu-157-mrtvih\/#primaryimage\"},\"thumbnailUrl\":\"https:\/\/sandzakpress.net\/arhiva\/wp-content\/uploads\/2010\/02\/lavina_130x55.jpg\",\"datePublished\":\"2010-02-10T12:59:15+00:00\",\"breadcrumb\":{\"@id\":\"https:\/\/sandzakpress.net\/arhiva\/u-lavinama-u-avganistanu-157-mrtvih\/#breadcrumb\"},\"inLanguage\":\"bs-BA\",\"potentialAction\":[{\"@type\":\"ReadAction\",\"target\":[\"https:\/\/sandzakpress.net\/arhiva\/u-lavinama-u-avganistanu-157-mrtvih\/\"]}]},{\"@type\":\"ImageObject\",\"inLanguage\":\"bs-BA\",\"@id\":\"https:\/\/sandzakpress.net\/arhiva\/u-lavinama-u-avganistanu-157-mrtvih\/#primaryimage\",\"url\":\"https:\/\/sandzakpress.net\/arhiva\/wp-content\/uploads\/2010\/02\/lavina_130x55.jpg\",\"contentUrl\":\"https:\/\/sandzakpress.net\/arhiva\/wp-content\/uploads\/2010\/02\/lavina_130x55.jpg\",\"width\":130,\"height\":55},{\"@type\":\"BreadcrumbList\",\"@id\":\"https:\/\/sandzakpress.net\/arhiva\/u-lavinama-u-avganistanu-157-mrtvih\/#breadcrumb\",\"itemListElement\":[{\"@type\":\"ListItem\",\"position\":1,\"name\":\"Home\",\"item\":\"https:\/\/sandzakpress.net\/arhiva\/\"},{\"@type\":\"ListItem\",\"position\":2,\"name\":\"U lavinama u Avganistanu 157 mrtvih\"}]},{\"@type\":\"WebSite\",\"@id\":\"https:\/\/sandzakpress.net\/arhiva\/#website\",\"url\":\"https:\/\/sandzakpress.net\/arhiva\/\",\"name\":\"Sand\u017eak PRESS\",\"description\":\"Prve elektronske novine u Sand\u017eaku\",\"publisher\":{\"@id\":\"https:\/\/sandzakpress.net\/arhiva\/#\/schema\/person\/6e72b67d6e51910a1117b3b483ba20bd\"},\"potentialAction\":[{\"@type\":\"SearchAction\",\"target\":{\"@type\":\"EntryPoint\",\"urlTemplate\":\"https:\/\/sandzakpress.net\/arhiva\/?s={search_term_string}\"},\"query-input\":{\"@type\":\"PropertyValueSpecification\",\"valueRequired\":true,\"valueName\":\"search_term_string\"}}],\"inLanguage\":\"bs-BA\"},{\"@type\":[\"Person\",\"Organization\"],\"@id\":\"https:\/\/sandzakpress.net\/arhiva\/#\/schema\/person\/6e72b67d6e51910a1117b3b483ba20bd\",\"name\":\"Kul\",\"image\":{\"@type\":\"ImageObject\",\"inLanguage\":\"bs-BA\",\"@id\":\"https:\/\/sandzakpress.net\/arhiva\/#\/schema\/person\/image\/\",\"url\":\"https:\/\/secure.gravatar.com\/avatar\/42263f39aa27ac04c43cab85c280eb2e?s=96&d=mm&r=pg\",\"contentUrl\":\"https:\/\/secure.gravatar.com\/avatar\/42263f39aa27ac04c43cab85c280eb2e?s=96&d=mm&r=pg\",\"caption\":\"Kul\"},\"logo\":{\"@id\":\"https:\/\/sandzakpress.net\/arhiva\/#\/schema\/person\/image\/\"}},{\"@type\":\"Person\",\"@id\":\"https:\/\/sandzakpress.net\/arhiva\/#\/schema\/person\/c8baee722073534b583ea7bdb2e36c02\",\"name\":\"bosniak\",\"image\":{\"@type\":\"ImageObject\",\"inLanguage\":\"bs-BA\",\"@id\":\"https:\/\/sandzakpress.net\/arhiva\/#\/schema\/person\/image\/\",\"url\":\"https:\/\/secure.gravatar.com\/avatar\/a04fd330bfe3a36a72a0ad4a6d89fca7?s=96&d=mm&r=pg\",\"contentUrl\":\"https:\/\/secure.gravatar.com\/avatar\/a04fd330bfe3a36a72a0ad4a6d89fca7?s=96&d=mm&r=pg\",\"caption\":\"bosniak\"},\"url\":\"https:\/\/sandzakpress.net\/arhiva\/author\/bosniak\/\"}]}<\/script>\n<!-- \/ Yoast SEO Premium plugin. -->","yoast_head_json":{"title":"U lavinama u Avganistanu 157 mrtvih","robots":{"index":"index","follow":"follow","max-snippet":"max-snippet:-1","max-image-preview":"max-image-preview:large","max-video-preview":"max-video-preview:-1"},"canonical":"https:\/\/sandzakpress.net\/arhiva\/u-lavinama-u-avganistanu-157-mrtvih\/","og_locale":"bs_BA","og_type":"article","og_title":"U lavinama u Avganistanu 157 mrtvih","og_description":"Avganistan &#8211; U vi\u0161e snje\u017enih lavina koje su ove nedjelje pogodile Avganistan poginulo je 157 ljudi, saop\u0161tilo je Ministarstvo unutra\u0161njih poslova. Portparol tog ministarstva Zemeri Ba\u0161ari rekao je da su spasioci izvukli tijela 157 ljudi iz lavine koja je blokirala planinski prijelaz Salang, koji povezuje avganistansku prestonicu Kabul sa severom zemlje. Ba\u0161ari je dodao da [&hellip;]","og_url":"https:\/\/sandzakpress.net\/arhiva\/u-lavinama-u-avganistanu-157-mrtvih\/","og_site_name":"Sand\u017eak PRESS","article_published_time":"2010-02-10T12:59:15+00:00","og_image":[{"width":130,"height":55,"url":"https:\/\/sandzakpress.net\/arhiva\/wp-content\/uploads\/2010\/02\/lavina_130x55.jpg","type":"image\/jpeg"}],"author":"bosniak","twitter_card":"summary_large_image","twitter_misc":{"Written by":"bosniak","Est. reading time":"1 minuta"},"schema":{"@context":"https:\/\/schema.org","@graph":[{"@type":"Article","@id":"https:\/\/sandzakpress.net\/arhiva\/u-lavinama-u-avganistanu-157-mrtvih\/#article","isPartOf":{"@id":"https:\/\/sandzakpress.net\/arhiva\/u-lavinama-u-avganistanu-157-mrtvih\/"},"author":{"name":"bosniak","@id":"https:\/\/sandzakpress.net\/arhiva\/#\/schema\/person\/c8baee722073534b583ea7bdb2e36c02"},"headline":"U lavinama u Avganistanu 157 mrtvih","datePublished":"2010-02-10T12:59:15+00:00","mainEntityOfPage":{"@id":"https:\/\/sandzakpress.net\/arhiva\/u-lavinama-u-avganistanu-157-mrtvih\/"},"wordCount":122,"commentCount":0,"publisher":{"@id":"https:\/\/sandzakpress.net\/arhiva\/#\/schema\/person\/6e72b67d6e51910a1117b3b483ba20bd"},"image":{"@id":"https:\/\/sandzakpress.net\/arhiva\/u-lavinama-u-avganistanu-157-mrtvih\/#primaryimage"},"thumbnailUrl":"https:\/\/sandzakpress.net\/arhiva\/wp-content\/uploads\/2010\/02\/lavina_130x55.jpg","articleSection":["Svijet"],"inLanguage":"bs-BA","potentialAction":[{"@type":"CommentAction","name":"Comment","target":["https:\/\/sandzakpress.net\/arhiva\/u-lavinama-u-avganistanu-157-mrtvih\/#respond"]}]},{"@type":"WebPage","@id":"https:\/\/sandzakpress.net\/arhiva\/u-lavinama-u-avganistanu-157-mrtvih\/","url":"https:\/\/sandzakpress.net\/arhiva\/u-lavinama-u-avganistanu-157-mrtvih\/","name":"U lavinama u Avganistanu 157 mrtvih","isPartOf":{"@id":"https:\/\/sandzakpress.net\/arhiva\/#website"},"primaryImageOfPage":{"@id":"https:\/\/sandzakpress.net\/arhiva\/u-lavinama-u-avganistanu-157-mrtvih\/#primaryimage"},"image":{"@id":"https:\/\/sandzakpress.net\/arhiva\/u-lavinama-u-avganistanu-157-mrtvih\/#primaryimage"},"thumbnailUrl":"https:\/\/sandzakpress.net\/arhiva\/wp-content\/uploads\/2010\/02\/lavina_130x55.jpg","datePublished":"2010-02-10T12:59:15+00:00","breadcrumb":{"@id":"https:\/\/sandzakpress.net\/arhiva\/u-lavinama-u-avganistanu-157-mrtvih\/#breadcrumb"},"inLanguage":"bs-BA","potentialAction":[{"@type":"ReadAction","target":["https:\/\/sandzakpress.net\/arhiva\/u-lavinama-u-avganistanu-157-mrtvih\/"]}]},{"@type":"ImageObject","inLanguage":"bs-BA","@id":"https:\/\/sandzakpress.net\/arhiva\/u-lavinama-u-avganistanu-157-mrtvih\/#primaryimage","url":"https:\/\/sandzakpress.net\/arhiva\/wp-content\/uploads\/2010\/02\/lavina_130x55.jpg","contentUrl":"https:\/\/sandzakpress.net\/arhiva\/wp-content\/uploads\/2010\/02\/lavina_130x55.jpg","width":130,"height":55},{"@type":"BreadcrumbList","@id":"https:\/\/sandzakpress.net\/arhiva\/u-lavinama-u-avganistanu-157-mrtvih\/#breadcrumb","itemListElement":[{"@type":"ListItem","position":1,"name":"Home","item":"https:\/\/sandzakpress.net\/arhiva\/"},{"@type":"ListItem","position":2,"name":"U lavinama u Avganistanu 157 mrtvih"}]},{"@type":"WebSite","@id":"https:\/\/sandzakpress.net\/arhiva\/#website","url":"https:\/\/sandzakpress.net\/arhiva\/","name":"Sand\u017eak PRESS","description":"Prve elektronske novine u Sand\u017eaku","publisher":{"@id":"https:\/\/sandzakpress.net\/arhiva\/#\/schema\/person\/6e72b67d6e51910a1117b3b483ba20bd"},"potentialAction":[{"@type":"SearchAction","target":{"@type":"EntryPoint","urlTemplate":"https:\/\/sandzakpress.net\/arhiva\/?s={search_term_string}"},"query-input":{"@type":"PropertyValueSpecification","valueRequired":true,"valueName":"search_term_string"}}],"inLanguage":"bs-BA"},{"@type":["Person","Organization"],"@id":"https:\/\/sandzakpress.net\/arhiva\/#\/schema\/person\/6e72b67d6e51910a1117b3b483ba20bd","name":"Kul","image":{"@type":"ImageObject","inLanguage":"bs-BA","@id":"https:\/\/sandzakpress.net\/arhiva\/#\/schema\/person\/image\/","url":"https:\/\/secure.gravatar.com\/avatar\/42263f39aa27ac04c43cab85c280eb2e?s=96&d=mm&r=pg","contentUrl":"https:\/\/secure.gravatar.com\/avatar\/42263f39aa27ac04c43cab85c280eb2e?s=96&d=mm&r=pg","caption":"Kul"},"logo":{"@id":"https:\/\/sandzakpress.net\/arhiva\/#\/schema\/person\/image\/"}},{"@type":"Person","@id":"https:\/\/sandzakpress.net\/arhiva\/#\/schema\/person\/c8baee722073534b583ea7bdb2e36c02","name":"bosniak","image":{"@type":"ImageObject","inLanguage":"bs-BA","@id":"https:\/\/sandzakpress.net\/arhiva\/#\/schema\/person\/image\/","url":"https:\/\/secure.gravatar.com\/avatar\/a04fd330bfe3a36a72a0ad4a6d89fca7?s=96&d=mm&r=pg","contentUrl":"https:\/\/secure.gravatar.com\/avatar\/a04fd330bfe3a36a72a0ad4a6d89fca7?s=96&d=mm&r=pg","caption":"bosniak"},"url":"https:\/\/sandzakpress.net\/arhiva\/author\/bosniak\/"}]}},"_links":{"self":[{"href":"https:\/\/sandzakpress.net\/arhiva\/wp-json\/wp\/v2\/posts\/2085"}],"collection":[{"href":"https:\/\/sandzakpress.net\/arhiva\/wp-json\/wp\/v2\/posts"}],"about":[{"href":"https:\/\/sandzakpress.net\/arhiva\/wp-json\/wp\/v2\/types\/post"}],"author":[{"embeddable":true,"href":"https:\/\/sandzakpress.net\/arhiva\/wp-json\/wp\/v2\/users\/83"}],"replies":[{"embeddable":true,"href":"https:\/\/sandzakpress.net\/arhiva\/wp-json\/wp\/v2\/comments?post=2085"}],"version-history":[{"count":0,"href":"https:\/\/sandzakpress.net\/arhiva\/wp-json\/wp\/v2\/posts\/2085\/revisions"}],"wp:featuredmedia":[{"embeddable":true,"href":"https:\/\/sandzakpress.net\/arhiva\/wp-json\/wp\/v2\/media\/2086"}],"wp:attachment":[{"href":"https:\/\/sandzakpress.net\/arhiva\/wp-json\/wp\/v2\/media?parent=2085"}],"wp:term":[{"taxonomy":"category","embeddable":true,"href":"https:\/\/sandzakpress.net\/arhiva\/wp-json\/wp\/v2\/categories?post=2085"},{"taxonomy":"post_tag","embeddable":true,"href":"https:\/\/sandzakpress.net\/arhiva\/wp-json\/wp\/v2\/tags?post=2085"}],"curies":[{"name":"wp","href":"https:\/\/api.w.org\/{rel}","templated":true}]}}